{"id":3510,"date":"2026-01-27T20:22:22","date_gmt":"2026-01-27T23:22:22","guid":{"rendered":"https:\/\/radioportoseguro.com.br\/site\/2026\/01\/27\/homem-e-esfaqueado-em-washington-apos-dizer-que-e-cristao\/"},"modified":"2026-01-27T20:22:22","modified_gmt":"2026-01-27T23:22:22","slug":"homem-e-esfaqueado-em-washington-apos-dizer-que-e-cristao","status":"publish","type":"post","link":"https:\/\/radioportoseguro.com.br\/site\/2026\/01\/27\/homem-e-esfaqueado-em-washington-apos-dizer-que-e-cristao\/","title":{"rendered":"Homem \u00e9 esfaqueado em Washington ap\u00f3s dizer que \u00e9 crist\u00e3o"},"content":{"rendered":"<p><br \/>\n<\/p>\n<div>\n<p><span style=\"font-weight: 400;\">Um crist\u00e3o foi esfaqueado no estacionamento de uma loja de conveni\u00eancia ap\u00f3s declarar ser seguidor de Jesus, no estado de <\/span><span style=\"color: #993300;\"><strong>Washington<\/strong><\/span><span style=\"font-weight: 400;\">, Estados Unidos.<\/span><\/p>\n<p><span style=\"font-weight: 400;\">O ataque ocorreu no \u00faltimo domingo (25), em Parkland, no condado de Pierce. Eddie Nitschke, de 54 anos, estava com a namorada e o cachorro quando foi abordado por um homem que perguntou qual era sua religi\u00e3o.<\/span><\/p>\n<p><span style=\"font-weight: 400;\">Em um comunicado no Facebook, o Gabinete do Xerife do Condado de Pierce, em Washington, afirmou:\u00a0<\/span><\/p>\n<p><span style=\"font-weight: 400;\">\u201cQuando os policiais chegaram, a v\u00edtima estava em estado grave e relatou que um homem desconhecido se aproximou e perguntou qual era sua religi\u00e3o. A v\u00edtima respondeu ao homem, dizendo algo sobre ser crist\u00e3, e o homem ent\u00e3o a <\/span><span style=\"color: #993300;\"><strong>atacou e esfaqueou<\/strong><\/span><span style=\"font-weight: 400;\">, assim como seu cachorro\u201d.<\/span><\/p>\n<p><span style=\"font-weight: 400;\">Segundo as autoridades, a v\u00edtima conseguiu descrever o agressor antes de ser socorrida e levada a um hospital local.\u00a0<\/span><\/p>\n<p><strong>A pol\u00edcia segue investigando o ataque<\/strong><\/p>\n<p><span style=\"font-weight: 400;\">O ataque foi registrado por uma c\u00e2mera de seguran\u00e7a. Mesmo ferido, Eddie conseguiu ligar para a pol\u00edcia e relatar o ocorrido. Quando os agentes chegaram ao local, tanto ele quanto o cachorro estavam em estado grave.<\/span><\/p>\n<p><span style=\"font-weight: 400;\">O suspeito, que tentou escapar das autoridades, foi localizado durante uma &#8220;verifica\u00e7\u00e3o de \u00e1rea&#8221; mais de duas horas depois e encontrado escondido atr\u00e1s de uma casa pr\u00f3xima.\u00a0<\/span><\/p>\n<p style=\"text-align: center;\"><br \/><sup><span style=\"font-weight: 400; color: #808080;\">O cachorro de Eddie. (Foto: Reprodu\u00e7\u00e3o\/YouTube\/KING 5 Seattle)<\/span><\/sup><\/p>\n<p><span style=\"font-weight: 400;\">A emissora americana KOMO News informou que o suspeito foi encontrado com \u201cv\u00e1rias facas\u201d e resistiu \u00e0 pris\u00e3o. Ap\u00f3s avan\u00e7ar contra os policiais, ele foi baleado e levado a um hospital da regi\u00e3o para tratar os ferimentos. Posteriormente, a morte foi confirmada.<\/span><\/p>\n<p><span style=\"font-weight: 400;\">Os moradores da regi\u00e3o relataram ouvir os tiros e informaram que a viol\u00eancia na \u00e1rea tem aumentado. A pol\u00edcia continua investigando o caso.<\/span><\/p>\n<p><span style=\"font-weight: 400;\">\u201cFazer algo assim por causa da religi\u00e3o \u00e9 loucura\u201d, disse uma moradora do bairro.<\/span><\/p>\n<p><span style=\"font-weight: 400;\">O cachorro de Eddie precisou passar por uma cirurgia de emerg\u00eancia ap\u00f3s o ataque, mas j\u00e1 recebeu alta e segue est\u00e1vel. No entanto, durante o tratamento no hospital, Eddie descobriu a presen\u00e7a de um co\u00e1gulo sangu\u00edneo e acabou sendo diagnosticado com c\u00e2ncer de pulm\u00e3o.<\/span><\/p>\n<\/div>\n<p><br \/>\n<br \/>Fonte: Guiame <\/p>\n","protected":false},"excerpt":{"rendered":"<p>Um crist\u00e3o foi esfaqueado no estacionamento de uma loja de conveni\u00eancia ap\u00f3s declarar ser seguidor de Jesus, no estado de Washington, Estados Unidos. O ataque ocorreu no \u00faltimo domingo (25), em Parkland, no condado de Pierce. Eddie Nitschke, de 54 anos, estava com a namorada e o cachorro quando foi abordado por um homem que [&hellip;]<\/p>\n","protected":false},"author":1,"featured_media":3511,"comment_status":"","ping_status":"open","sticky":false,"template":"","format":"standard","meta":{"footnotes":""},"categories":[43],"tags":[],"class_list":["post-3510","post","type-post","status-publish","format-standard","has-post-thumbnail","hentry","category-destaques"],"yoast_head":"<!-- This site is optimized with the Yoast SEO plugin v26.8 - https:\/\/yoast.com\/product\/yoast-seo-wordpress\/ -->\n<title>Homem \u00e9 esfaqueado em Washington ap\u00f3s dizer que \u00e9 crist\u00e3o - R\u00e1dio Porto Seguro<\/title>\n<meta name=\"robots\" content=\"index, follow, max-snippet:-1, max-image-preview:large, max-video-preview:-1\" \/>\n<link rel=\"canonical\" href=\"https:\/\/radioportoseguro.com.br\/site\/2026\/01\/27\/homem-e-esfaqueado-em-washington-apos-dizer-que-e-cristao\/\" \/>\n<meta property=\"og:locale\" content=\"pt_BR\" \/>\n<meta property=\"og:type\" content=\"article\" \/>\n<meta property=\"og:title\" content=\"Homem \u00e9 esfaqueado em Washington ap\u00f3s dizer que \u00e9 crist\u00e3o - R\u00e1dio Porto Seguro\" \/>\n<meta property=\"og:description\" content=\"Um crist\u00e3o foi esfaqueado no estacionamento de uma loja de conveni\u00eancia ap\u00f3s declarar ser seguidor de Jesus, no estado de Washington, Estados Unidos. O ataque ocorreu no \u00faltimo domingo (25), em Parkland, no condado de Pierce. Eddie Nitschke, de 54 anos, estava com a namorada e o cachorro quando foi abordado por um homem que [&hellip;]\" \/>\n<meta property=\"og:url\" content=\"https:\/\/radioportoseguro.com.br\/site\/2026\/01\/27\/homem-e-esfaqueado-em-washington-apos-dizer-que-e-cristao\/\" \/>\n<meta property=\"og:site_name\" content=\"R\u00e1dio Porto Seguro\" \/>\n<meta property=\"article:published_time\" content=\"2026-01-27T23:22:22+00:00\" \/>\n<meta property=\"og:image\" content=\"https:\/\/thumbor.guiame.com.br\/unsafe\/smart\/https:\/\/media.guiame.com.br\/archives\/2026\/01\/27\/1634480037-.png\" \/>\n<meta name=\"author\" content=\"admin\" \/>\n<meta name=\"twitter:card\" content=\"summary_large_image\" \/>\n<meta name=\"twitter:label1\" content=\"Escrito por\" \/>\n\t<meta name=\"twitter:data1\" content=\"admin\" \/>\n\t<meta name=\"twitter:label2\" content=\"Est. tempo de leitura\" \/>\n\t<meta name=\"twitter:data2\" content=\"2 minutos\" \/>\n<script type=\"application\/ld+json\" class=\"yoast-schema-graph\">{\"@context\":\"https:\/\/schema.org\",\"@graph\":[{\"@type\":\"Article\",\"@id\":\"https:\/\/radioportoseguro.com.br\/site\/2026\/01\/27\/homem-e-esfaqueado-em-washington-apos-dizer-que-e-cristao\/#article\",\"isPartOf\":{\"@id\":\"https:\/\/radioportoseguro.com.br\/site\/2026\/01\/27\/homem-e-esfaqueado-em-washington-apos-dizer-que-e-cristao\/\"},\"author\":{\"name\":\"admin\",\"@id\":\"https:\/\/radioportoseguro.com.br\/site\/#\/schema\/person\/7630acdc320186f13639d3c067ec089b\"},\"headline\":\"Homem \u00e9 esfaqueado em Washington ap\u00f3s dizer que \u00e9 crist\u00e3o\",\"datePublished\":\"2026-01-27T23:22:22+00:00\",\"mainEntityOfPage\":{\"@id\":\"https:\/\/radioportoseguro.com.br\/site\/2026\/01\/27\/homem-e-esfaqueado-em-washington-apos-dizer-que-e-cristao\/\"},\"wordCount\":386,\"image\":{\"@id\":\"https:\/\/radioportoseguro.com.br\/site\/2026\/01\/27\/homem-e-esfaqueado-em-washington-apos-dizer-que-e-cristao\/#primaryimage\"},\"thumbnailUrl\":\"https:\/\/radioportoseguro.com.br\/site\/wp-content\/uploads\/2026\/01\/1731821971-eddie-nitschke-e-namorada.png\",\"articleSection\":[\"Destaques\"],\"inLanguage\":\"pt-BR\"},{\"@type\":\"WebPage\",\"@id\":\"https:\/\/radioportoseguro.com.br\/site\/2026\/01\/27\/homem-e-esfaqueado-em-washington-apos-dizer-que-e-cristao\/\",\"url\":\"https:\/\/radioportoseguro.com.br\/site\/2026\/01\/27\/homem-e-esfaqueado-em-washington-apos-dizer-que-e-cristao\/\",\"name\":\"Homem \u00e9 esfaqueado em Washington ap\u00f3s dizer que \u00e9 crist\u00e3o - R\u00e1dio Porto Seguro\",\"isPartOf\":{\"@id\":\"https:\/\/radioportoseguro.com.br\/site\/#website\"},\"primaryImageOfPage\":{\"@id\":\"https:\/\/radioportoseguro.com.br\/site\/2026\/01\/27\/homem-e-esfaqueado-em-washington-apos-dizer-que-e-cristao\/#primaryimage\"},\"image\":{\"@id\":\"https:\/\/radioportoseguro.com.br\/site\/2026\/01\/27\/homem-e-esfaqueado-em-washington-apos-dizer-que-e-cristao\/#primaryimage\"},\"thumbnailUrl\":\"https:\/\/radioportoseguro.com.br\/site\/wp-content\/uploads\/2026\/01\/1731821971-eddie-nitschke-e-namorada.png\",\"datePublished\":\"2026-01-27T23:22:22+00:00\",\"author\":{\"@id\":\"https:\/\/radioportoseguro.com.br\/site\/#\/schema\/person\/7630acdc320186f13639d3c067ec089b\"},\"breadcrumb\":{\"@id\":\"https:\/\/radioportoseguro.com.br\/site\/2026\/01\/27\/homem-e-esfaqueado-em-washington-apos-dizer-que-e-cristao\/#breadcrumb\"},\"inLanguage\":\"pt-BR\",\"potentialAction\":[{\"@type\":\"ReadAction\",\"target\":[\"https:\/\/radioportoseguro.com.br\/site\/2026\/01\/27\/homem-e-esfaqueado-em-washington-apos-dizer-que-e-cristao\/\"]}]},{\"@type\":\"ImageObject\",\"inLanguage\":\"pt-BR\",\"@id\":\"https:\/\/radioportoseguro.com.br\/site\/2026\/01\/27\/homem-e-esfaqueado-em-washington-apos-dizer-que-e-cristao\/#primaryimage\",\"url\":\"https:\/\/radioportoseguro.com.br\/site\/wp-content\/uploads\/2026\/01\/1731821971-eddie-nitschke-e-namorada.png\",\"contentUrl\":\"https:\/\/radioportoseguro.com.br\/site\/wp-content\/uploads\/2026\/01\/1731821971-eddie-nitschke-e-namorada.png\",\"width\":1200,\"height\":600},{\"@type\":\"BreadcrumbList\",\"@id\":\"https:\/\/radioportoseguro.com.br\/site\/2026\/01\/27\/homem-e-esfaqueado-em-washington-apos-dizer-que-e-cristao\/#breadcrumb\",\"itemListElement\":[{\"@type\":\"ListItem\",\"position\":1,\"name\":\"In\u00edcio\",\"item\":\"https:\/\/radioportoseguro.com.br\/site\/\"},{\"@type\":\"ListItem\",\"position\":2,\"name\":\"Homem \u00e9 esfaqueado em Washington ap\u00f3s dizer que \u00e9 crist\u00e3o\"}]},{\"@type\":\"WebSite\",\"@id\":\"https:\/\/radioportoseguro.com.br\/site\/#website\",\"url\":\"https:\/\/radioportoseguro.com.br\/site\/\",\"name\":\"R\u00e1dio Porto Seguro\",\"description\":\"\",\"potentialAction\":[{\"@type\":\"SearchAction\",\"target\":{\"@type\":\"EntryPoint\",\"urlTemplate\":\"https:\/\/radioportoseguro.com.br\/site\/?s={search_term_string}\"},\"query-input\":{\"@type\":\"PropertyValueSpecification\",\"valueRequired\":true,\"valueName\":\"search_term_string\"}}],\"inLanguage\":\"pt-BR\"},{\"@type\":\"Person\",\"@id\":\"https:\/\/radioportoseguro.com.br\/site\/#\/schema\/person\/7630acdc320186f13639d3c067ec089b\",\"name\":\"admin\",\"image\":{\"@type\":\"ImageObject\",\"inLanguage\":\"pt-BR\",\"@id\":\"https:\/\/radioportoseguro.com.br\/site\/#\/schema\/person\/image\/\",\"url\":\"https:\/\/secure.gravatar.com\/avatar\/caacf4dc1eedb68fab0df8e1ed46c448e578b2466351bbcb61e47d2ac0caaef0?s=96&d=mm&r=g\",\"contentUrl\":\"https:\/\/secure.gravatar.com\/avatar\/caacf4dc1eedb68fab0df8e1ed46c448e578b2466351bbcb61e47d2ac0caaef0?s=96&d=mm&r=g\",\"caption\":\"admin\"},\"sameAs\":[\"https:\/\/radioportoseguro.com.br\/site\"],\"url\":\"https:\/\/radioportoseguro.com.br\/site\/author\/hezio\/\"}]}<\/script>\n<!-- \/ Yoast SEO plugin. -->","yoast_head_json":{"title":"Homem \u00e9 esfaqueado em Washington ap\u00f3s dizer que \u00e9 crist\u00e3o - R\u00e1dio Porto Seguro","robots":{"index":"index","follow":"follow","max-snippet":"max-snippet:-1","max-image-preview":"max-image-preview:large","max-video-preview":"max-video-preview:-1"},"canonical":"https:\/\/radioportoseguro.com.br\/site\/2026\/01\/27\/homem-e-esfaqueado-em-washington-apos-dizer-que-e-cristao\/","og_locale":"pt_BR","og_type":"article","og_title":"Homem \u00e9 esfaqueado em Washington ap\u00f3s dizer que \u00e9 crist\u00e3o - R\u00e1dio Porto Seguro","og_description":"Um crist\u00e3o foi esfaqueado no estacionamento de uma loja de conveni\u00eancia ap\u00f3s declarar ser seguidor de Jesus, no estado de Washington, Estados Unidos. O ataque ocorreu no \u00faltimo domingo (25), em Parkland, no condado de Pierce. Eddie Nitschke, de 54 anos, estava com a namorada e o cachorro quando foi abordado por um homem que [&hellip;]","og_url":"https:\/\/radioportoseguro.com.br\/site\/2026\/01\/27\/homem-e-esfaqueado-em-washington-apos-dizer-que-e-cristao\/","og_site_name":"R\u00e1dio Porto Seguro","article_published_time":"2026-01-27T23:22:22+00:00","og_image":[{"url":"https:\/\/thumbor.guiame.com.br\/unsafe\/smart\/https:\/\/media.guiame.com.br\/archives\/2026\/01\/27\/1634480037-.png","type":"","width":"","height":""}],"author":"admin","twitter_card":"summary_large_image","twitter_misc":{"Escrito por":"admin","Est. tempo de leitura":"2 minutos"},"schema":{"@context":"https:\/\/schema.org","@graph":[{"@type":"Article","@id":"https:\/\/radioportoseguro.com.br\/site\/2026\/01\/27\/homem-e-esfaqueado-em-washington-apos-dizer-que-e-cristao\/#article","isPartOf":{"@id":"https:\/\/radioportoseguro.com.br\/site\/2026\/01\/27\/homem-e-esfaqueado-em-washington-apos-dizer-que-e-cristao\/"},"author":{"name":"admin","@id":"https:\/\/radioportoseguro.com.br\/site\/#\/schema\/person\/7630acdc320186f13639d3c067ec089b"},"headline":"Homem \u00e9 esfaqueado em Washington ap\u00f3s dizer que \u00e9 crist\u00e3o","datePublished":"2026-01-27T23:22:22+00:00","mainEntityOfPage":{"@id":"https:\/\/radioportoseguro.com.br\/site\/2026\/01\/27\/homem-e-esfaqueado-em-washington-apos-dizer-que-e-cristao\/"},"wordCount":386,"image":{"@id":"https:\/\/radioportoseguro.com.br\/site\/2026\/01\/27\/homem-e-esfaqueado-em-washington-apos-dizer-que-e-cristao\/#primaryimage"},"thumbnailUrl":"https:\/\/radioportoseguro.com.br\/site\/wp-content\/uploads\/2026\/01\/1731821971-eddie-nitschke-e-namorada.png","articleSection":["Destaques"],"inLanguage":"pt-BR"},{"@type":"WebPage","@id":"https:\/\/radioportoseguro.com.br\/site\/2026\/01\/27\/homem-e-esfaqueado-em-washington-apos-dizer-que-e-cristao\/","url":"https:\/\/radioportoseguro.com.br\/site\/2026\/01\/27\/homem-e-esfaqueado-em-washington-apos-dizer-que-e-cristao\/","name":"Homem \u00e9 esfaqueado em Washington ap\u00f3s dizer que \u00e9 crist\u00e3o - R\u00e1dio Porto Seguro","isPartOf":{"@id":"https:\/\/radioportoseguro.com.br\/site\/#website"},"primaryImageOfPage":{"@id":"https:\/\/radioportoseguro.com.br\/site\/2026\/01\/27\/homem-e-esfaqueado-em-washington-apos-dizer-que-e-cristao\/#primaryimage"},"image":{"@id":"https:\/\/radioportoseguro.com.br\/site\/2026\/01\/27\/homem-e-esfaqueado-em-washington-apos-dizer-que-e-cristao\/#primaryimage"},"thumbnailUrl":"https:\/\/radioportoseguro.com.br\/site\/wp-content\/uploads\/2026\/01\/1731821971-eddie-nitschke-e-namorada.png","datePublished":"2026-01-27T23:22:22+00:00","author":{"@id":"https:\/\/radioportoseguro.com.br\/site\/#\/schema\/person\/7630acdc320186f13639d3c067ec089b"},"breadcrumb":{"@id":"https:\/\/radioportoseguro.com.br\/site\/2026\/01\/27\/homem-e-esfaqueado-em-washington-apos-dizer-que-e-cristao\/#breadcrumb"},"inLanguage":"pt-BR","potentialAction":[{"@type":"ReadAction","target":["https:\/\/radioportoseguro.com.br\/site\/2026\/01\/27\/homem-e-esfaqueado-em-washington-apos-dizer-que-e-cristao\/"]}]},{"@type":"ImageObject","inLanguage":"pt-BR","@id":"https:\/\/radioportoseguro.com.br\/site\/2026\/01\/27\/homem-e-esfaqueado-em-washington-apos-dizer-que-e-cristao\/#primaryimage","url":"https:\/\/radioportoseguro.com.br\/site\/wp-content\/uploads\/2026\/01\/1731821971-eddie-nitschke-e-namorada.png","contentUrl":"https:\/\/radioportoseguro.com.br\/site\/wp-content\/uploads\/2026\/01\/1731821971-eddie-nitschke-e-namorada.png","width":1200,"height":600},{"@type":"BreadcrumbList","@id":"https:\/\/radioportoseguro.com.br\/site\/2026\/01\/27\/homem-e-esfaqueado-em-washington-apos-dizer-que-e-cristao\/#breadcrumb","itemListElement":[{"@type":"ListItem","position":1,"name":"In\u00edcio","item":"https:\/\/radioportoseguro.com.br\/site\/"},{"@type":"ListItem","position":2,"name":"Homem \u00e9 esfaqueado em Washington ap\u00f3s dizer que \u00e9 crist\u00e3o"}]},{"@type":"WebSite","@id":"https:\/\/radioportoseguro.com.br\/site\/#website","url":"https:\/\/radioportoseguro.com.br\/site\/","name":"R\u00e1dio Porto Seguro","description":"","potentialAction":[{"@type":"SearchAction","target":{"@type":"EntryPoint","urlTemplate":"https:\/\/radioportoseguro.com.br\/site\/?s={search_term_string}"},"query-input":{"@type":"PropertyValueSpecification","valueRequired":true,"valueName":"search_term_string"}}],"inLanguage":"pt-BR"},{"@type":"Person","@id":"https:\/\/radioportoseguro.com.br\/site\/#\/schema\/person\/7630acdc320186f13639d3c067ec089b","name":"admin","image":{"@type":"ImageObject","inLanguage":"pt-BR","@id":"https:\/\/radioportoseguro.com.br\/site\/#\/schema\/person\/image\/","url":"https:\/\/secure.gravatar.com\/avatar\/caacf4dc1eedb68fab0df8e1ed46c448e578b2466351bbcb61e47d2ac0caaef0?s=96&d=mm&r=g","contentUrl":"https:\/\/secure.gravatar.com\/avatar\/caacf4dc1eedb68fab0df8e1ed46c448e578b2466351bbcb61e47d2ac0caaef0?s=96&d=mm&r=g","caption":"admin"},"sameAs":["https:\/\/radioportoseguro.com.br\/site"],"url":"https:\/\/radioportoseguro.com.br\/site\/author\/hezio\/"}]}},"_links":{"self":[{"href":"https:\/\/radioportoseguro.com.br\/site\/wp-json\/wp\/v2\/posts\/3510","targetHints":{"allow":["GET"]}}],"collection":[{"href":"https:\/\/radioportoseguro.com.br\/site\/wp-json\/wp\/v2\/posts"}],"about":[{"href":"https:\/\/radioportoseguro.com.br\/site\/wp-json\/wp\/v2\/types\/post"}],"author":[{"embeddable":true,"href":"https:\/\/radioportoseguro.com.br\/site\/wp-json\/wp\/v2\/users\/1"}],"replies":[{"embeddable":true,"href":"https:\/\/radioportoseguro.com.br\/site\/wp-json\/wp\/v2\/comments?post=3510"}],"version-history":[{"count":0,"href":"https:\/\/radioportoseguro.com.br\/site\/wp-json\/wp\/v2\/posts\/3510\/revisions"}],"wp:featuredmedia":[{"embeddable":true,"href":"https:\/\/radioportoseguro.com.br\/site\/wp-json\/wp\/v2\/media\/3511"}],"wp:attachment":[{"href":"https:\/\/radioportoseguro.com.br\/site\/wp-json\/wp\/v2\/media?parent=3510"}],"wp:term":[{"taxonomy":"category","embeddable":true,"href":"https:\/\/radioportoseguro.com.br\/site\/wp-json\/wp\/v2\/categories?post=3510"},{"taxonomy":"post_tag","embeddable":true,"href":"https:\/\/radioportoseguro.com.br\/site\/wp-json\/wp\/v2\/tags?post=3510"}],"curies":[{"name":"wp","href":"https:\/\/api.w.org\/{rel}","templated":true}]}}