{"id":3512,"date":"2026-01-27T22:23:05","date_gmt":"2026-01-28T01:23:05","guid":{"rendered":"https:\/\/radioportoseguro.com.br\/site\/2026\/01\/27\/1-em-cada-5-brasileiros-nunca-ouviu-falar-do-holocausto-aponta-pesquisa\/"},"modified":"2026-01-27T22:23:05","modified_gmt":"2026-01-28T01:23:05","slug":"1-em-cada-5-brasileiros-nunca-ouviu-falar-do-holocausto-aponta-pesquisa","status":"publish","type":"post","link":"https:\/\/radioportoseguro.com.br\/site\/2026\/01\/27\/1-em-cada-5-brasileiros-nunca-ouviu-falar-do-holocausto-aponta-pesquisa\/","title":{"rendered":"1 em cada 5 brasileiros nunca ouviu falar do Holocausto, aponta pesquisa"},"content":{"rendered":"<p><br \/>\n<\/p>\n<div>\n<p>A pesquisa \u201cConhecimento sobre o Holocausto no Brasil \u2013 2025\u201d, encomendada pela Confedera\u00e7\u00e3o Israelita do Brasil, pelo Memorial do Holocausto de S\u00e3o Paulo, pelo Museu do Holocausto de Curitiba e pela StandWithUs, e conduzida pelo Grupo ISPO, apresenta seus resultados.\u00a0<\/p>\n<p>Inserida em um contexto global marcado pelo crescimento do antissemitismo, da desinforma\u00e7\u00e3o hist\u00f3rica e da banaliza\u00e7\u00e3o da viol\u00eancia, a iniciativa busca compreender como a sociedade brasileira conhece \u2014 ou desconhece \u2014 o Holocausto.<\/p>\n<p style=\"text-align: left;\">O estudo se prop\u00f5e a mapear as principais fontes de informa\u00e7\u00e3o utilizadas pela popula\u00e7\u00e3o, analisando tamb\u00e9m fatores como escolaridade, renda, regi\u00e3o e perfil sociodemogr\u00e1fico.<\/p>\n<p><\/p>\n<p style=\"text-align: center;\"><span style=\"color: #808080;\"><sup>Lan\u00e7amento da pesquisa \u2018Conhecimento sobre o Holocausto no Brasil \u2013 2025\u2019. (Foto: Conib \/ Memorial do Holocausto de S\u00e3o Paulo \/ StandWithUs)<\/sup><\/span><\/p>\n<p>Foram um total de 7.762 entrevistas, com uma margem de erro de 4,7% e intervalo de confian\u00e7a de 95%.<\/p>\n<p>A abrang\u00eancia foi de 11 regi\u00f5es metropolitanas brasileiras. Perfil predominante foi de 54,2% mulheres; 31,4% jovens de 18 a 29 anos; 51,8% com ensino m\u00e9dio; 54,4% com renda familiar de at\u00e9 dois sal\u00e1rios-m\u00ednimos.<\/p>\n<p>As entrevistas foram presenciais, realizadas em pontos de fluxo (esta\u00e7\u00f5es de transporte, centros comerciais), com controle por cota sociodemogr\u00e1fica.<\/p>\n<p>Embora 59,3% dos entrevistados afirmam ter algum conhecimento sobre o Holocausto, apenas 53,2% conseguiram defini-lo corretamente como o exterm\u00ednio sistem\u00e1tico de seis milh\u00f5es de judeus pelo regime nazista. O conhecimento se mostra ainda mais fr\u00e1gil quando s\u00e3o avaliados elementos espec\u00edficos do tema.<\/p>\n<p>Apenas 38,5% identificaram corretamente Auschwitz-Birkenau como um campo de exterm\u00ednio, enquanto 51,6% declararam n\u00e3o saber responder.<\/p>\n<p><em>(Pergunta aplicada apenas na Etapa 2 \u2013 Nacional (Regi\u00f5es Metropolitanas).<\/em><\/p>\n<p>\u00a0<\/p>\n<p><strong>A pesquisa foi estruturada em duas etapas:<\/strong><\/p>\n<p style=\"padding-left: 30px;\">&#8211; <strong>Primeira etapa \u2013 Piloto (Regi\u00e3o Sul):<\/strong> realizada em abril de 2025, com abrang\u00eancia nas regi\u00f5es metropolitanas de Porto Alegre, Curitiba e Florian\u00f3polis.<\/p>\n<p style=\"padding-left: 30px;\">&#8211; <strong>Segunda etapa \u2013 Nacional (Regi\u00f5es Metropolitanas):<\/strong> realizada entre setembro e outubro de 2025, contemplando oito regi\u00f5es metropolitanas adicionais, incluindo S\u00e3o Paulo, Rio de Janeiro, Belo Horizonte, Salvador e Recife.<\/p>\n<p>\u00a0<\/p>\n<p><strong>Pesquisa:<\/strong><\/p>\n<p>\u201c<strong>J\u00e1 ouviu falar do Holocausto?<\/strong>\u201d<\/p>\n<ul>&#13;<\/p>\n<li>Sim, tenho pleno conhecimento \u2014<strong> 30,6%<\/strong><\/li>\n<p>&#13;<\/p>\n<li>Sim, meu conhecimento \u00e9 superficial \u2014 <strong>28,70%<\/strong><\/li>\n<p>&#13;<\/p>\n<li>Nunca ouvi falar \u2014 <strong>21,60%<\/strong><\/li>\n<p>&#13;<\/p>\n<li>N\u00e3o tenho certeza se ouvi falar \u2014<strong> 9,10%<\/strong><\/li>\n<p>&#13;\n<\/ul>\n<p>\u00a0<\/p>\n<p>\u201c<strong>Qual \u00e9 a defini\u00e7\u00e3o de Holocausto?<\/strong>\u201d<\/p>\n<ul>&#13;<\/p>\n<li>Exterm\u00ednio de 6 milh\u00f5es de judeus \u2014<strong> 53,20%<\/strong><\/li>\n<p>&#13;<\/p>\n<li>N\u00e3o sei dizer \u2014 <strong>31,10%<\/strong><\/li>\n<p>&#13;<\/p>\n<li>Conflito militar com 50 milh\u00f5es de v\u00edtimas \u2014 <strong>9,00%<\/strong><\/li>\n<p>&#13;<\/p>\n<li>Movimento cultural \u2014<strong> 3,80%<\/strong><\/li>\n<p>&#13;<\/p>\n<li>Epis\u00f3dio isolado de viol\u00eancia n\u00e3o comprovada \u2014<strong> 2,90%<\/strong><\/li>\n<p>&#13;\n<\/ul>\n<p>\u00a0<\/p>\n<p>\u201c<strong>Qual dos locais foi um campo de exterm\u00ednio nazista?<\/strong>\u201d (Etapa 2)<\/p>\n<ul>&#13;<\/p>\n<li>N\u00e3o sei dizer \u2014<strong> 51,60%<\/strong><\/li>\n<p>&#13;<\/p>\n<li>Auschwitz-Birkeanau \u2014 <strong>38,50%<\/strong><\/li>\n<p>&#13;<\/p>\n<li>Todos \u2014 <strong>3,50%<\/strong><\/li>\n<p>&#13;<\/p>\n<li>Normandia \u2014<strong> 3,10%<\/strong><\/li>\n<p>&#13;<\/p>\n<li>Dunquerque \u2014<strong> 1,70%<\/strong><\/li>\n<p>&#13;<\/p>\n<li>Verdun \u2014<strong> 1,70%<\/strong><\/li>\n<p>&#13;\n<\/ul>\n<p>\u00a0<\/p>\n<p>\u201c<strong>Onde obteve conhecimento sobre o Holocausto?<\/strong>\u201d<\/p>\n<ul>&#13;<\/p>\n<li>Na escola \u2014<strong> 30,90%<\/strong><\/li>\n<p>&#13;<\/p>\n<li>Em filmes ou livros \u2014 <strong>18,60%<\/strong><\/li>\n<p>&#13;<\/p>\n<li>N\u00e3o respondeu \u2014 <strong>18,00%<\/strong><\/li>\n<p>&#13;<\/p>\n<li>N\u00e3o sei dizer \/ N\u00e3o lembro \u2014<strong> 14,30%<\/strong><\/li>\n<p>&#13;<\/p>\n<li>Na internet \/ Redes Sociais \u2014<strong> 12,50%<\/strong><\/li>\n<p>&#13;<\/p>\n<li>Familiares e,ou, amigos \u2014<strong> 3,90%<\/strong><\/li>\n<p>&#13;<\/p>\n<li>Museus ou afins \u2014<strong> 1,70%<\/strong><\/li>\n<p>&#13;\n<\/ul>\n<p>\u00a0<\/p>\n<p>\u201c<strong>Qual m\u00eddia social voc\u00ea mais consome?<\/strong>\u201d (Etapa 2)<\/p>\n<ul>&#13;<\/p>\n<li>Instagram \u2014<strong> 44,20%<\/strong><\/li>\n<p>&#13;<\/p>\n<li>Whatsapp \u2014 <strong>30,80%<\/strong><\/li>\n<p>&#13;<\/p>\n<li>Facebook \u2014 <strong>6,30%<\/strong><\/li>\n<p>&#13;<\/p>\n<li>TikTok \u2014<strong> 5,90%<\/strong><\/li>\n<p>&#13;<\/p>\n<li>Youtube \u2014<strong> 5,40%<\/strong><\/li>\n<p>&#13;<\/p>\n<li>Nenhuma \/ N\u00e3o sei dizer \u2014<strong> 4,90%<\/strong><\/li>\n<p>&#13;<\/p>\n<li>Outras \u2014<strong> 2,50%<\/strong><\/li>\n<p>&#13;\n<\/ul>\n<p><strong>\u00a0<\/strong><\/p>\n<p><strong>Silas Anast\u00e1cio<\/strong> \u00e9 fundador do Minist\u00e9rio Davar, evangelista e expositor b\u00edblico com s\u00f3lida atua\u00e7\u00e3o h\u00e1 mais de uma d\u00e9cada em temas relacionados ao Estado de Israel e \u00e0 comunidade judaica. Tamb\u00e9m desempenha papel estrat\u00e9gico nos bastidores da m\u00eddia evang\u00e9lica, contribuindo para a articula\u00e7\u00e3o e divulga\u00e7\u00e3o de conte\u00fados que fortalecem os valores\u00a0da\u00a0f\u00e9\u00a0crist\u00e3.<\/p>\n<p><em>* O conte\u00fado do texto acima \u00e9 de colabora\u00e7\u00e3o volunt\u00e1ria, seu teor \u00e9 de total responsabilidade do autor e n\u00e3o reflete necessariamente a opini\u00e3o do Portal Guiame.<\/em><\/p>\n<p>Leia o artigo anterior:<span style=\"color: #800000;\"> <strong>Instituto Weizmann de Ci\u00eancias oferece bolsas de pesquisa para estudantes de gradua\u00e7\u00e3o<\/strong><\/span><\/p>\n<p><strong>\u00a0<\/strong><\/p>\n<\/div>\n<p><br \/>\n<br \/>Fonte: Guiame <\/p>\n","protected":false},"excerpt":{"rendered":"<p>A pesquisa \u201cConhecimento sobre o Holocausto no Brasil \u2013 2025\u201d, encomendada pela Confedera\u00e7\u00e3o Israelita do Brasil, pelo Memorial do Holocausto de S\u00e3o Paulo, pelo Museu do Holocausto de Curitiba e pela StandWithUs, e conduzida pelo Grupo ISPO, apresenta seus resultados.\u00a0 Inserida em um contexto global marcado pelo crescimento do antissemitismo, da desinforma\u00e7\u00e3o hist\u00f3rica e da [&hellip;]<\/p>\n","protected":false},"author":1,"featured_media":3513,"comment_status":"","ping_status":"open","sticky":false,"template":"","format":"standard","meta":{"footnotes":""},"categories":[43],"tags":[],"class_list":["post-3512","post","type-post","status-publish","format-standard","has-post-thumbnail","hentry","category-destaques"],"yoast_head":"<!-- This site is optimized with the Yoast SEO plugin v26.8 - https:\/\/yoast.com\/product\/yoast-seo-wordpress\/ -->\n<title>1 em cada 5 brasileiros nunca ouviu falar do Holocausto, aponta pesquisa - R\u00e1dio Porto Seguro<\/title>\n<meta name=\"robots\" content=\"index, follow, max-snippet:-1, max-image-preview:large, max-video-preview:-1\" \/>\n<link rel=\"canonical\" href=\"https:\/\/radioportoseguro.com.br\/site\/2026\/01\/27\/1-em-cada-5-brasileiros-nunca-ouviu-falar-do-holocausto-aponta-pesquisa\/\" \/>\n<meta property=\"og:locale\" content=\"pt_BR\" \/>\n<meta property=\"og:type\" content=\"article\" \/>\n<meta property=\"og:title\" content=\"1 em cada 5 brasileiros nunca ouviu falar do Holocausto, aponta pesquisa - R\u00e1dio Porto Seguro\" \/>\n<meta property=\"og:description\" content=\"A pesquisa \u201cConhecimento sobre o Holocausto no Brasil \u2013 2025\u201d, encomendada pela Confedera\u00e7\u00e3o Israelita do Brasil, pelo Memorial do Holocausto de S\u00e3o Paulo, pelo Museu do Holocausto de Curitiba e pela StandWithUs, e conduzida pelo Grupo ISPO, apresenta seus resultados.\u00a0 Inserida em um contexto global marcado pelo crescimento do antissemitismo, da desinforma\u00e7\u00e3o hist\u00f3rica e da [&hellip;]\" \/>\n<meta property=\"og:url\" content=\"https:\/\/radioportoseguro.com.br\/site\/2026\/01\/27\/1-em-cada-5-brasileiros-nunca-ouviu-falar-do-holocausto-aponta-pesquisa\/\" \/>\n<meta property=\"og:site_name\" content=\"R\u00e1dio Porto Seguro\" \/>\n<meta property=\"article:published_time\" content=\"2026-01-28T01:23:05+00:00\" \/>\n<meta property=\"og:image\" content=\"https:\/\/thumbor.guiame.com.br\/unsafe\/smart\/https:\/\/media.guiame.com.br\/archives\/2026\/01\/27\/2002202539-memorial-holocausto.jpeg\" \/>\n<meta name=\"author\" content=\"admin\" \/>\n<meta name=\"twitter:card\" content=\"summary_large_image\" \/>\n<meta name=\"twitter:label1\" content=\"Escrito por\" \/>\n\t<meta name=\"twitter:data1\" content=\"admin\" \/>\n\t<meta name=\"twitter:label2\" content=\"Est. tempo de leitura\" \/>\n\t<meta name=\"twitter:data2\" content=\"3 minutos\" \/>\n<script type=\"application\/ld+json\" class=\"yoast-schema-graph\">{\"@context\":\"https:\/\/schema.org\",\"@graph\":[{\"@type\":\"Article\",\"@id\":\"https:\/\/radioportoseguro.com.br\/site\/2026\/01\/27\/1-em-cada-5-brasileiros-nunca-ouviu-falar-do-holocausto-aponta-pesquisa\/#article\",\"isPartOf\":{\"@id\":\"https:\/\/radioportoseguro.com.br\/site\/2026\/01\/27\/1-em-cada-5-brasileiros-nunca-ouviu-falar-do-holocausto-aponta-pesquisa\/\"},\"author\":{\"name\":\"admin\",\"@id\":\"https:\/\/radioportoseguro.com.br\/site\/#\/schema\/person\/7630acdc320186f13639d3c067ec089b\"},\"headline\":\"1 em cada 5 brasileiros nunca ouviu falar do Holocausto, aponta pesquisa\",\"datePublished\":\"2026-01-28T01:23:05+00:00\",\"mainEntityOfPage\":{\"@id\":\"https:\/\/radioportoseguro.com.br\/site\/2026\/01\/27\/1-em-cada-5-brasileiros-nunca-ouviu-falar-do-holocausto-aponta-pesquisa\/\"},\"wordCount\":586,\"image\":{\"@id\":\"https:\/\/radioportoseguro.com.br\/site\/2026\/01\/27\/1-em-cada-5-brasileiros-nunca-ouviu-falar-do-holocausto-aponta-pesquisa\/#primaryimage\"},\"thumbnailUrl\":\"https:\/\/radioportoseguro.com.br\/site\/wp-content\/uploads\/2026\/01\/185903860-holocausto.jpg\",\"articleSection\":[\"Destaques\"],\"inLanguage\":\"pt-BR\"},{\"@type\":\"WebPage\",\"@id\":\"https:\/\/radioportoseguro.com.br\/site\/2026\/01\/27\/1-em-cada-5-brasileiros-nunca-ouviu-falar-do-holocausto-aponta-pesquisa\/\",\"url\":\"https:\/\/radioportoseguro.com.br\/site\/2026\/01\/27\/1-em-cada-5-brasileiros-nunca-ouviu-falar-do-holocausto-aponta-pesquisa\/\",\"name\":\"1 em cada 5 brasileiros nunca ouviu falar do Holocausto, aponta pesquisa - R\u00e1dio Porto Seguro\",\"isPartOf\":{\"@id\":\"https:\/\/radioportoseguro.com.br\/site\/#website\"},\"primaryImageOfPage\":{\"@id\":\"https:\/\/radioportoseguro.com.br\/site\/2026\/01\/27\/1-em-cada-5-brasileiros-nunca-ouviu-falar-do-holocausto-aponta-pesquisa\/#primaryimage\"},\"image\":{\"@id\":\"https:\/\/radioportoseguro.com.br\/site\/2026\/01\/27\/1-em-cada-5-brasileiros-nunca-ouviu-falar-do-holocausto-aponta-pesquisa\/#primaryimage\"},\"thumbnailUrl\":\"https:\/\/radioportoseguro.com.br\/site\/wp-content\/uploads\/2026\/01\/185903860-holocausto.jpg\",\"datePublished\":\"2026-01-28T01:23:05+00:00\",\"author\":{\"@id\":\"https:\/\/radioportoseguro.com.br\/site\/#\/schema\/person\/7630acdc320186f13639d3c067ec089b\"},\"breadcrumb\":{\"@id\":\"https:\/\/radioportoseguro.com.br\/site\/2026\/01\/27\/1-em-cada-5-brasileiros-nunca-ouviu-falar-do-holocausto-aponta-pesquisa\/#breadcrumb\"},\"inLanguage\":\"pt-BR\",\"potentialAction\":[{\"@type\":\"ReadAction\",\"target\":[\"https:\/\/radioportoseguro.com.br\/site\/2026\/01\/27\/1-em-cada-5-brasileiros-nunca-ouviu-falar-do-holocausto-aponta-pesquisa\/\"]}]},{\"@type\":\"ImageObject\",\"inLanguage\":\"pt-BR\",\"@id\":\"https:\/\/radioportoseguro.com.br\/site\/2026\/01\/27\/1-em-cada-5-brasileiros-nunca-ouviu-falar-do-holocausto-aponta-pesquisa\/#primaryimage\",\"url\":\"https:\/\/radioportoseguro.com.br\/site\/wp-content\/uploads\/2026\/01\/185903860-holocausto.jpg\",\"contentUrl\":\"https:\/\/radioportoseguro.com.br\/site\/wp-content\/uploads\/2026\/01\/185903860-holocausto.jpg\",\"width\":1200,\"height\":600},{\"@type\":\"BreadcrumbList\",\"@id\":\"https:\/\/radioportoseguro.com.br\/site\/2026\/01\/27\/1-em-cada-5-brasileiros-nunca-ouviu-falar-do-holocausto-aponta-pesquisa\/#breadcrumb\",\"itemListElement\":[{\"@type\":\"ListItem\",\"position\":1,\"name\":\"In\u00edcio\",\"item\":\"https:\/\/radioportoseguro.com.br\/site\/\"},{\"@type\":\"ListItem\",\"position\":2,\"name\":\"1 em cada 5 brasileiros nunca ouviu falar do Holocausto, aponta pesquisa\"}]},{\"@type\":\"WebSite\",\"@id\":\"https:\/\/radioportoseguro.com.br\/site\/#website\",\"url\":\"https:\/\/radioportoseguro.com.br\/site\/\",\"name\":\"R\u00e1dio Porto Seguro\",\"description\":\"\",\"potentialAction\":[{\"@type\":\"SearchAction\",\"target\":{\"@type\":\"EntryPoint\",\"urlTemplate\":\"https:\/\/radioportoseguro.com.br\/site\/?s={search_term_string}\"},\"query-input\":{\"@type\":\"PropertyValueSpecification\",\"valueRequired\":true,\"valueName\":\"search_term_string\"}}],\"inLanguage\":\"pt-BR\"},{\"@type\":\"Person\",\"@id\":\"https:\/\/radioportoseguro.com.br\/site\/#\/schema\/person\/7630acdc320186f13639d3c067ec089b\",\"name\":\"admin\",\"image\":{\"@type\":\"ImageObject\",\"inLanguage\":\"pt-BR\",\"@id\":\"https:\/\/radioportoseguro.com.br\/site\/#\/schema\/person\/image\/\",\"url\":\"https:\/\/secure.gravatar.com\/avatar\/caacf4dc1eedb68fab0df8e1ed46c448e578b2466351bbcb61e47d2ac0caaef0?s=96&d=mm&r=g\",\"contentUrl\":\"https:\/\/secure.gravatar.com\/avatar\/caacf4dc1eedb68fab0df8e1ed46c448e578b2466351bbcb61e47d2ac0caaef0?s=96&d=mm&r=g\",\"caption\":\"admin\"},\"sameAs\":[\"https:\/\/radioportoseguro.com.br\/site\"],\"url\":\"https:\/\/radioportoseguro.com.br\/site\/author\/hezio\/\"}]}<\/script>\n<!-- \/ Yoast SEO plugin. -->","yoast_head_json":{"title":"1 em cada 5 brasileiros nunca ouviu falar do Holocausto, aponta pesquisa - R\u00e1dio Porto Seguro","robots":{"index":"index","follow":"follow","max-snippet":"max-snippet:-1","max-image-preview":"max-image-preview:large","max-video-preview":"max-video-preview:-1"},"canonical":"https:\/\/radioportoseguro.com.br\/site\/2026\/01\/27\/1-em-cada-5-brasileiros-nunca-ouviu-falar-do-holocausto-aponta-pesquisa\/","og_locale":"pt_BR","og_type":"article","og_title":"1 em cada 5 brasileiros nunca ouviu falar do Holocausto, aponta pesquisa - R\u00e1dio Porto Seguro","og_description":"A pesquisa \u201cConhecimento sobre o Holocausto no Brasil \u2013 2025\u201d, encomendada pela Confedera\u00e7\u00e3o Israelita do Brasil, pelo Memorial do Holocausto de S\u00e3o Paulo, pelo Museu do Holocausto de Curitiba e pela StandWithUs, e conduzida pelo Grupo ISPO, apresenta seus resultados.\u00a0 Inserida em um contexto global marcado pelo crescimento do antissemitismo, da desinforma\u00e7\u00e3o hist\u00f3rica e da [&hellip;]","og_url":"https:\/\/radioportoseguro.com.br\/site\/2026\/01\/27\/1-em-cada-5-brasileiros-nunca-ouviu-falar-do-holocausto-aponta-pesquisa\/","og_site_name":"R\u00e1dio Porto Seguro","article_published_time":"2026-01-28T01:23:05+00:00","og_image":[{"url":"https:\/\/thumbor.guiame.com.br\/unsafe\/smart\/https:\/\/media.guiame.com.br\/archives\/2026\/01\/27\/2002202539-memorial-holocausto.jpeg","type":"","width":"","height":""}],"author":"admin","twitter_card":"summary_large_image","twitter_misc":{"Escrito por":"admin","Est. tempo de leitura":"3 minutos"},"schema":{"@context":"https:\/\/schema.org","@graph":[{"@type":"Article","@id":"https:\/\/radioportoseguro.com.br\/site\/2026\/01\/27\/1-em-cada-5-brasileiros-nunca-ouviu-falar-do-holocausto-aponta-pesquisa\/#article","isPartOf":{"@id":"https:\/\/radioportoseguro.com.br\/site\/2026\/01\/27\/1-em-cada-5-brasileiros-nunca-ouviu-falar-do-holocausto-aponta-pesquisa\/"},"author":{"name":"admin","@id":"https:\/\/radioportoseguro.com.br\/site\/#\/schema\/person\/7630acdc320186f13639d3c067ec089b"},"headline":"1 em cada 5 brasileiros nunca ouviu falar do Holocausto, aponta pesquisa","datePublished":"2026-01-28T01:23:05+00:00","mainEntityOfPage":{"@id":"https:\/\/radioportoseguro.com.br\/site\/2026\/01\/27\/1-em-cada-5-brasileiros-nunca-ouviu-falar-do-holocausto-aponta-pesquisa\/"},"wordCount":586,"image":{"@id":"https:\/\/radioportoseguro.com.br\/site\/2026\/01\/27\/1-em-cada-5-brasileiros-nunca-ouviu-falar-do-holocausto-aponta-pesquisa\/#primaryimage"},"thumbnailUrl":"https:\/\/radioportoseguro.com.br\/site\/wp-content\/uploads\/2026\/01\/185903860-holocausto.jpg","articleSection":["Destaques"],"inLanguage":"pt-BR"},{"@type":"WebPage","@id":"https:\/\/radioportoseguro.com.br\/site\/2026\/01\/27\/1-em-cada-5-brasileiros-nunca-ouviu-falar-do-holocausto-aponta-pesquisa\/","url":"https:\/\/radioportoseguro.com.br\/site\/2026\/01\/27\/1-em-cada-5-brasileiros-nunca-ouviu-falar-do-holocausto-aponta-pesquisa\/","name":"1 em cada 5 brasileiros nunca ouviu falar do Holocausto, aponta pesquisa - R\u00e1dio Porto Seguro","isPartOf":{"@id":"https:\/\/radioportoseguro.com.br\/site\/#website"},"primaryImageOfPage":{"@id":"https:\/\/radioportoseguro.com.br\/site\/2026\/01\/27\/1-em-cada-5-brasileiros-nunca-ouviu-falar-do-holocausto-aponta-pesquisa\/#primaryimage"},"image":{"@id":"https:\/\/radioportoseguro.com.br\/site\/2026\/01\/27\/1-em-cada-5-brasileiros-nunca-ouviu-falar-do-holocausto-aponta-pesquisa\/#primaryimage"},"thumbnailUrl":"https:\/\/radioportoseguro.com.br\/site\/wp-content\/uploads\/2026\/01\/185903860-holocausto.jpg","datePublished":"2026-01-28T01:23:05+00:00","author":{"@id":"https:\/\/radioportoseguro.com.br\/site\/#\/schema\/person\/7630acdc320186f13639d3c067ec089b"},"breadcrumb":{"@id":"https:\/\/radioportoseguro.com.br\/site\/2026\/01\/27\/1-em-cada-5-brasileiros-nunca-ouviu-falar-do-holocausto-aponta-pesquisa\/#breadcrumb"},"inLanguage":"pt-BR","potentialAction":[{"@type":"ReadAction","target":["https:\/\/radioportoseguro.com.br\/site\/2026\/01\/27\/1-em-cada-5-brasileiros-nunca-ouviu-falar-do-holocausto-aponta-pesquisa\/"]}]},{"@type":"ImageObject","inLanguage":"pt-BR","@id":"https:\/\/radioportoseguro.com.br\/site\/2026\/01\/27\/1-em-cada-5-brasileiros-nunca-ouviu-falar-do-holocausto-aponta-pesquisa\/#primaryimage","url":"https:\/\/radioportoseguro.com.br\/site\/wp-content\/uploads\/2026\/01\/185903860-holocausto.jpg","contentUrl":"https:\/\/radioportoseguro.com.br\/site\/wp-content\/uploads\/2026\/01\/185903860-holocausto.jpg","width":1200,"height":600},{"@type":"BreadcrumbList","@id":"https:\/\/radioportoseguro.com.br\/site\/2026\/01\/27\/1-em-cada-5-brasileiros-nunca-ouviu-falar-do-holocausto-aponta-pesquisa\/#breadcrumb","itemListElement":[{"@type":"ListItem","position":1,"name":"In\u00edcio","item":"https:\/\/radioportoseguro.com.br\/site\/"},{"@type":"ListItem","position":2,"name":"1 em cada 5 brasileiros nunca ouviu falar do Holocausto, aponta pesquisa"}]},{"@type":"WebSite","@id":"https:\/\/radioportoseguro.com.br\/site\/#website","url":"https:\/\/radioportoseguro.com.br\/site\/","name":"R\u00e1dio Porto Seguro","description":"","potentialAction":[{"@type":"SearchAction","target":{"@type":"EntryPoint","urlTemplate":"https:\/\/radioportoseguro.com.br\/site\/?s={search_term_string}"},"query-input":{"@type":"PropertyValueSpecification","valueRequired":true,"valueName":"search_term_string"}}],"inLanguage":"pt-BR"},{"@type":"Person","@id":"https:\/\/radioportoseguro.com.br\/site\/#\/schema\/person\/7630acdc320186f13639d3c067ec089b","name":"admin","image":{"@type":"ImageObject","inLanguage":"pt-BR","@id":"https:\/\/radioportoseguro.com.br\/site\/#\/schema\/person\/image\/","url":"https:\/\/secure.gravatar.com\/avatar\/caacf4dc1eedb68fab0df8e1ed46c448e578b2466351bbcb61e47d2ac0caaef0?s=96&d=mm&r=g","contentUrl":"https:\/\/secure.gravatar.com\/avatar\/caacf4dc1eedb68fab0df8e1ed46c448e578b2466351bbcb61e47d2ac0caaef0?s=96&d=mm&r=g","caption":"admin"},"sameAs":["https:\/\/radioportoseguro.com.br\/site"],"url":"https:\/\/radioportoseguro.com.br\/site\/author\/hezio\/"}]}},"_links":{"self":[{"href":"https:\/\/radioportoseguro.com.br\/site\/wp-json\/wp\/v2\/posts\/3512","targetHints":{"allow":["GET"]}}],"collection":[{"href":"https:\/\/radioportoseguro.com.br\/site\/wp-json\/wp\/v2\/posts"}],"about":[{"href":"https:\/\/radioportoseguro.com.br\/site\/wp-json\/wp\/v2\/types\/post"}],"author":[{"embeddable":true,"href":"https:\/\/radioportoseguro.com.br\/site\/wp-json\/wp\/v2\/users\/1"}],"replies":[{"embeddable":true,"href":"https:\/\/radioportoseguro.com.br\/site\/wp-json\/wp\/v2\/comments?post=3512"}],"version-history":[{"count":0,"href":"https:\/\/radioportoseguro.com.br\/site\/wp-json\/wp\/v2\/posts\/3512\/revisions"}],"wp:featuredmedia":[{"embeddable":true,"href":"https:\/\/radioportoseguro.com.br\/site\/wp-json\/wp\/v2\/media\/3513"}],"wp:attachment":[{"href":"https:\/\/radioportoseguro.com.br\/site\/wp-json\/wp\/v2\/media?parent=3512"}],"wp:term":[{"taxonomy":"category","embeddable":true,"href":"https:\/\/radioportoseguro.com.br\/site\/wp-json\/wp\/v2\/categories?post=3512"},{"taxonomy":"post_tag","embeddable":true,"href":"https:\/\/radioportoseguro.com.br\/site\/wp-json\/wp\/v2\/tags?post=3512"}],"curies":[{"name":"wp","href":"https:\/\/api.w.org\/{rel}","templated":true}]}}