{"id":3516,"date":"2026-01-28T00:24:35","date_gmt":"2026-01-28T03:24:35","guid":{"rendered":"https:\/\/radioportoseguro.com.br\/site\/2026\/01\/28\/teologo-e-intimado-pela-pf-apos-declarar-visao-biblica-sobre-casamento\/"},"modified":"2026-01-28T00:24:35","modified_gmt":"2026-01-28T03:24:35","slug":"teologo-e-intimado-pela-pf-apos-declarar-visao-biblica-sobre-casamento","status":"publish","type":"post","link":"https:\/\/radioportoseguro.com.br\/site\/2026\/01\/28\/teologo-e-intimado-pela-pf-apos-declarar-visao-biblica-sobre-casamento\/","title":{"rendered":"Te\u00f3logo \u00e9 intimado pela PF ap\u00f3s declarar vis\u00e3o b\u00edblica sobre casamento"},"content":{"rendered":"<p><br \/>\n<br \/><\/p>\n<div>\n<p><span style=\"font-weight: 400;\">O te\u00f3logo presbiteriano Caio Modesto foi intimado pela Pol\u00edcia Federal por supostos crimes de homofobia e racismo. A notifica\u00e7\u00e3o tem como base um v\u00eddeo publicado em suas redes sociais no qual Caio exp\u00f5e sua vis\u00e3o b\u00edblica sobre o <\/span><span style=\"color: #993300;\"><strong>casamento<\/strong><\/span><span style=\"font-weight: 400;\">.<\/span><\/p>\n<p><span style=\"font-weight: 400;\">A PF intimou Caio para prestar depoimento presencial em raz\u00e3o de uma den\u00fancia ap\u00f3s uma fala feita em contexto religioso e teol\u00f3gico, onde ele expressou \u201cuma convic\u00e7\u00e3o de natureza religiosa, derivada da f\u00e9 crist\u00e3 hist\u00f3rica e do ensino das Escrituras Sagradas\u201d.\u00a0<\/span><\/p>\n<p><span style=\"font-weight: 400;\">No v\u00eddeo, Caio afirmou: \u201cO <\/span><strong><span style=\"color: #993300;\">matrim\u00f4nio<\/span> <\/strong><span style=\"font-weight: 400;\">b\u00edblico \u00e9 somente entre um homem e uma mulher, o que passar disso \u00e9 obra do inimigo\u201d.<\/span><\/p>\n<p><span style=\"font-weight: 400;\">\u201cTal declara\u00e7\u00e3o n\u00e3o decorre de \u00f3dio, hostilidade ou inten\u00e7\u00e3o de discriminar qualquer pessoa ou grupo, mas da exposi\u00e7\u00e3o de um entendimento doutrin\u00e1rio, pr\u00f3prio da tradi\u00e7\u00e3o crist\u00e3, exercido no \u00e2mbito da liberdade religiosa e da liberdade de express\u00e3o\u201d, explicou ele.\u00a0<\/span><\/p>\n<p><span style=\"font-weight: 400;\">E continuou: \u201cEm nenhum momento houve incita\u00e7\u00e3o \u00e0 viol\u00eancia, \u00e0 exclus\u00e3o social ou \u00e0 nega\u00e7\u00e3o da dignidade humana, a qual reconhe\u00e7o e respeito em todas as pessoas, independentemente de suas escolhas pessoais\u201d.<\/span><\/p>\n<blockquote class=\"instagram-media\" style=\"background: #FFF; border: 0; border-radius: 3px; box-shadow: 0 0 1px 0 rgba(0,0,0,0.5),0 1px 10px 0 rgba(0,0,0,0.15); margin: 1px; max-width: 540px; min-width: 326px; padding: 0; width: calc(100% - 2px);\" data-instgrm-permalink=\"https:\/\/www.instagram.com\/p\/DT2w-OMER7m\/?utm_source=ig_embed&amp;utm_campaign=loading\" data-instgrm-version=\"14\"><p>&#13;<br \/>\n&#13;\n<\/p><\/blockquote>\n<p><span style=\"font-weight: 400;\">Caio ainda destacou que sua vis\u00e3o tem como base a passagem b\u00edblica de Romanos 1: \u201cO ap\u00f3stolo Paulo ensina que a rejei\u00e7\u00e3o da ordem criada por Deus \u00e9 fruto do afastamento da verdade revelada, e n\u00e3o uma redefini\u00e7\u00e3o leg\u00edtima daquilo que Deus instituiu (Rm 1.24\u201327). Trata-se, portanto, de um ensino teol\u00f3gico interno \u00e0 f\u00e9 crist\u00e3, expresso em contexto religioso, e n\u00e3o de um discurso de \u00f3dio ou de natureza discriminat\u00f3ria\u201d.<\/span><\/p>\n<p><span style=\"font-weight: 400;\">\u201cHoje em dia, expressar a f\u00e9 nas redes sociais \u00e9 como entrar no coliseu entre os le\u00f5es. Aquilo que sempre foi convic\u00e7\u00e3o crist\u00e3 agora \u00e9 vigiado, criticado e at\u00e9 tratado como crime. Nossos valores est\u00e3o sendo distorcidos, e ir contra o pensamento dominante virou motivo de ataque, como se crer e falar a B\u00edblia fosse algo errado\u201d, denunciou Caio.<\/span><\/p>\n<p><strong>\u2018Nossos valores est\u00e3o sendo distorcidos\u2019<\/strong><\/p>\n<p><span style=\"font-weight: 400;\">Ap\u00f3s tornar p\u00fablica a intima\u00e7\u00e3o, Caio contou com o apoio de milhares de crist\u00e3os que se mobilizaram em ora\u00e7\u00e3o.<\/span><\/p>\n<p><span style=\"font-weight: 400;\">\u201cVim aqui apenas para agradecer a todos pelas ora\u00e7\u00f5es e pelas contribui\u00e7\u00f5es. Meu cora\u00e7\u00e3o est\u00e1 mais tranquilo depois das mensagens que recebi, \u00e0s quais respondi dentro do poss\u00edvel.<\/span><\/p>\n<p><span style=\"font-weight: 400;\">Voc\u00eas se tornaram mais do que irm\u00e3os na f\u00e9; tornaram-se companheiros nos nossos sofrimentos em Cristo\u201d, disse ele.\u00a0<\/span><\/p>\n<p><span style=\"font-weight: 400;\">E continuou: \u201cLouvo a Deus pela comunh\u00e3o que temos, pois, como diz a Escritura, \u201cse um membro sofre, todos sofrem com ele\u201d (1Co 12:26). Que o Senhor retribua a cada um segundo as riquezas da sua gra\u00e7a, \u201csuprindo todas as vossas necessidades em gl\u00f3ria, por Cristo Jesus\u201d (Fp 4:19), e derrame sobre voc\u00eas toda sorte de b\u00ean\u00e7\u00e3os espirituais nas regi\u00f5es celestiais em Cristo (Ef 1:3)\u201d.<\/span><\/p>\n<p><span style=\"font-weight: 400;\">Diante da repercuss\u00e3o do caso, o advogado crist\u00e3o Benoni Mendes, alertou: \u201cA persegui\u00e7\u00e3o j\u00e1 come\u00e7ou. Para quem pensava que era no futuro, j\u00e1 \u00e9 agora. Ent\u00e3o, voc\u00ea crist\u00e3o, seja cat\u00f3lico ou portestante, saiba que a pol\u00edcia federal pode bater \u00e0 porta do seu pastor, do seu padre, \u00e0 sua porta, simplesmente por voc\u00ea explicar, defender a sua f\u00e9, o que est\u00e1 escrito no seu Livro Sagrado\u201d.\u00a0<\/span><\/p>\n<p><span style=\"font-weight: 400;\">E concluiu pedindo apoio ao te\u00f3logo: \u201cCaio precisa do nosso apoio porque esse inqu\u00e9rito pode terminar at\u00e9 mesmo na pris\u00e3o e \u00e9 um absurdo um l\u00edder religioso n\u00e3o poder explicar aos fi\u00e9is o que dizem os textos sagrados que eles acreditam\u201d.<\/span><\/p>\n<p><span style=\"font-weight: 400;\">Confira o depoimento de Caio sobre a intima\u00e7\u00e3o:\u00a0<\/span><\/p>\n<p><span style=\"font-weight: 400;\"><div class=\"ose-youtube ose-uid-18bc51c3f11d90fa917a4fb5a0c3b567 ose-embedpress-responsive\" style=\"width:600px; height:600px; max-height:600px; max-width:100%; display:inline-block;\" data-embed-type=\"Youtube\"><iframe allowFullScreen=\"true\" title=\"FUI INTIMADO PELA POL\u00cdCIA FEDERAL PRA DEPOR SOBRE UM CRIME.\" width=\"600\" height=\"600\" src=\"https:\/\/www.youtube.com\/embed\/Bi59IXtbZNo?feature=oembed&color=red&rel=0&controls=1&start=&end=&fs=0&iv_load_policy=0&autoplay=0&mute=0&modestbranding=0&cc_load_policy=1&playsinline=1\" frameborder=\"0\" allow=\"accelerometer; encrypted-media;accelerometer;autoplay;clipboard-write;gyroscope;picture-in-picture clipboard-write; encrypted-media; gyroscope; picture-in-picture; web-share\" referrerpolicy=\"strict-origin-when-cross-origin\" allowfullscreen><\/iframe><\/div><\/span><\/p>\n<\/div>\n<p><script async src=\"\/\/www.instagram.com\/embed.js\"><\/script><br \/>\n<br \/><br \/>\n<br \/>Fonte: Guiame <\/p>\n","protected":false},"excerpt":{"rendered":"<p>O te\u00f3logo presbiteriano Caio Modesto foi intimado pela Pol\u00edcia Federal por supostos crimes de homofobia e racismo. A notifica\u00e7\u00e3o tem como base um v\u00eddeo publicado em suas redes sociais no qual Caio exp\u00f5e sua vis\u00e3o b\u00edblica sobre o casamento. A PF intimou Caio para prestar depoimento presencial em raz\u00e3o de uma den\u00fancia ap\u00f3s uma fala [&hellip;]<\/p>\n","protected":false},"author":1,"featured_media":3517,"comment_status":"","ping_status":"open","sticky":false,"template":"","format":"standard","meta":{"footnotes":""},"categories":[43],"tags":[],"class_list":["post-3516","post","type-post","status-publish","format-standard","has-post-thumbnail","hentry","category-destaques"],"yoast_head":"<!-- This site is optimized with the Yoast SEO plugin v26.8 - https:\/\/yoast.com\/product\/yoast-seo-wordpress\/ -->\n<title>Te\u00f3logo \u00e9 intimado pela PF ap\u00f3s declarar vis\u00e3o b\u00edblica sobre casamento - R\u00e1dio Porto Seguro<\/title>\n<meta name=\"robots\" content=\"index, follow, max-snippet:-1, max-image-preview:large, max-video-preview:-1\" \/>\n<link rel=\"canonical\" href=\"https:\/\/radioportoseguro.com.br\/site\/2026\/01\/28\/teologo-e-intimado-pela-pf-apos-declarar-visao-biblica-sobre-casamento\/\" \/>\n<meta property=\"og:locale\" content=\"pt_BR\" \/>\n<meta property=\"og:type\" content=\"article\" \/>\n<meta property=\"og:title\" content=\"Te\u00f3logo \u00e9 intimado pela PF ap\u00f3s declarar vis\u00e3o b\u00edblica sobre casamento - R\u00e1dio Porto Seguro\" \/>\n<meta property=\"og:description\" content=\"O te\u00f3logo presbiteriano Caio Modesto foi intimado pela Pol\u00edcia Federal por supostos crimes de homofobia e racismo. A notifica\u00e7\u00e3o tem como base um v\u00eddeo publicado em suas redes sociais no qual Caio exp\u00f5e sua vis\u00e3o b\u00edblica sobre o casamento. A PF intimou Caio para prestar depoimento presencial em raz\u00e3o de uma den\u00fancia ap\u00f3s uma fala [&hellip;]\" \/>\n<meta property=\"og:url\" content=\"https:\/\/radioportoseguro.com.br\/site\/2026\/01\/28\/teologo-e-intimado-pela-pf-apos-declarar-visao-biblica-sobre-casamento\/\" \/>\n<meta property=\"og:site_name\" content=\"R\u00e1dio Porto Seguro\" \/>\n<meta property=\"article:published_time\" content=\"2026-01-28T03:24:35+00:00\" \/>\n<meta property=\"og:image\" content=\"https:\/\/media.guiame.com.br\/archives\/2026\/01\/26\/733323370-caio-modesto.png\" \/>\n<meta name=\"author\" content=\"admin\" \/>\n<meta name=\"twitter:card\" content=\"summary_large_image\" \/>\n<meta name=\"twitter:label1\" content=\"Escrito por\" \/>\n\t<meta name=\"twitter:data1\" content=\"admin\" \/>\n\t<meta name=\"twitter:label2\" content=\"Est. tempo de leitura\" \/>\n\t<meta name=\"twitter:data2\" content=\"3 minutos\" \/>\n<script type=\"application\/ld+json\" class=\"yoast-schema-graph\">{\"@context\":\"https:\/\/schema.org\",\"@graph\":[{\"@type\":\"Article\",\"@id\":\"https:\/\/radioportoseguro.com.br\/site\/2026\/01\/28\/teologo-e-intimado-pela-pf-apos-declarar-visao-biblica-sobre-casamento\/#article\",\"isPartOf\":{\"@id\":\"https:\/\/radioportoseguro.com.br\/site\/2026\/01\/28\/teologo-e-intimado-pela-pf-apos-declarar-visao-biblica-sobre-casamento\/\"},\"author\":{\"name\":\"admin\",\"@id\":\"https:\/\/radioportoseguro.com.br\/site\/#\/schema\/person\/7630acdc320186f13639d3c067ec089b\"},\"headline\":\"Te\u00f3logo \u00e9 intimado pela PF ap\u00f3s declarar vis\u00e3o b\u00edblica sobre casamento\",\"datePublished\":\"2026-01-28T03:24:35+00:00\",\"mainEntityOfPage\":{\"@id\":\"https:\/\/radioportoseguro.com.br\/site\/2026\/01\/28\/teologo-e-intimado-pela-pf-apos-declarar-visao-biblica-sobre-casamento\/\"},\"wordCount\":640,\"image\":{\"@id\":\"https:\/\/radioportoseguro.com.br\/site\/2026\/01\/28\/teologo-e-intimado-pela-pf-apos-declarar-visao-biblica-sobre-casamento\/#primaryimage\"},\"thumbnailUrl\":\"https:\/\/radioportoseguro.com.br\/site\/wp-content\/uploads\/2026\/01\/733323370-caio-modesto.png\",\"articleSection\":[\"Destaques\"],\"inLanguage\":\"pt-BR\"},{\"@type\":\"WebPage\",\"@id\":\"https:\/\/radioportoseguro.com.br\/site\/2026\/01\/28\/teologo-e-intimado-pela-pf-apos-declarar-visao-biblica-sobre-casamento\/\",\"url\":\"https:\/\/radioportoseguro.com.br\/site\/2026\/01\/28\/teologo-e-intimado-pela-pf-apos-declarar-visao-biblica-sobre-casamento\/\",\"name\":\"Te\u00f3logo \u00e9 intimado pela PF ap\u00f3s declarar vis\u00e3o b\u00edblica sobre casamento - R\u00e1dio Porto Seguro\",\"isPartOf\":{\"@id\":\"https:\/\/radioportoseguro.com.br\/site\/#website\"},\"primaryImageOfPage\":{\"@id\":\"https:\/\/radioportoseguro.com.br\/site\/2026\/01\/28\/teologo-e-intimado-pela-pf-apos-declarar-visao-biblica-sobre-casamento\/#primaryimage\"},\"image\":{\"@id\":\"https:\/\/radioportoseguro.com.br\/site\/2026\/01\/28\/teologo-e-intimado-pela-pf-apos-declarar-visao-biblica-sobre-casamento\/#primaryimage\"},\"thumbnailUrl\":\"https:\/\/radioportoseguro.com.br\/site\/wp-content\/uploads\/2026\/01\/733323370-caio-modesto.png\",\"datePublished\":\"2026-01-28T03:24:35+00:00\",\"author\":{\"@id\":\"https:\/\/radioportoseguro.com.br\/site\/#\/schema\/person\/7630acdc320186f13639d3c067ec089b\"},\"breadcrumb\":{\"@id\":\"https:\/\/radioportoseguro.com.br\/site\/2026\/01\/28\/teologo-e-intimado-pela-pf-apos-declarar-visao-biblica-sobre-casamento\/#breadcrumb\"},\"inLanguage\":\"pt-BR\",\"potentialAction\":[{\"@type\":\"ReadAction\",\"target\":[\"https:\/\/radioportoseguro.com.br\/site\/2026\/01\/28\/teologo-e-intimado-pela-pf-apos-declarar-visao-biblica-sobre-casamento\/\"]}]},{\"@type\":\"ImageObject\",\"inLanguage\":\"pt-BR\",\"@id\":\"https:\/\/radioportoseguro.com.br\/site\/2026\/01\/28\/teologo-e-intimado-pela-pf-apos-declarar-visao-biblica-sobre-casamento\/#primaryimage\",\"url\":\"https:\/\/radioportoseguro.com.br\/site\/wp-content\/uploads\/2026\/01\/733323370-caio-modesto.png\",\"contentUrl\":\"https:\/\/radioportoseguro.com.br\/site\/wp-content\/uploads\/2026\/01\/733323370-caio-modesto.png\",\"width\":1200,\"height\":600},{\"@type\":\"BreadcrumbList\",\"@id\":\"https:\/\/radioportoseguro.com.br\/site\/2026\/01\/28\/teologo-e-intimado-pela-pf-apos-declarar-visao-biblica-sobre-casamento\/#breadcrumb\",\"itemListElement\":[{\"@type\":\"ListItem\",\"position\":1,\"name\":\"In\u00edcio\",\"item\":\"https:\/\/radioportoseguro.com.br\/site\/\"},{\"@type\":\"ListItem\",\"position\":2,\"name\":\"Te\u00f3logo \u00e9 intimado pela PF ap\u00f3s declarar vis\u00e3o b\u00edblica sobre casamento\"}]},{\"@type\":\"WebSite\",\"@id\":\"https:\/\/radioportoseguro.com.br\/site\/#website\",\"url\":\"https:\/\/radioportoseguro.com.br\/site\/\",\"name\":\"R\u00e1dio Porto Seguro\",\"description\":\"\",\"potentialAction\":[{\"@type\":\"SearchAction\",\"target\":{\"@type\":\"EntryPoint\",\"urlTemplate\":\"https:\/\/radioportoseguro.com.br\/site\/?s={search_term_string}\"},\"query-input\":{\"@type\":\"PropertyValueSpecification\",\"valueRequired\":true,\"valueName\":\"search_term_string\"}}],\"inLanguage\":\"pt-BR\"},{\"@type\":\"Person\",\"@id\":\"https:\/\/radioportoseguro.com.br\/site\/#\/schema\/person\/7630acdc320186f13639d3c067ec089b\",\"name\":\"admin\",\"image\":{\"@type\":\"ImageObject\",\"inLanguage\":\"pt-BR\",\"@id\":\"https:\/\/radioportoseguro.com.br\/site\/#\/schema\/person\/image\/\",\"url\":\"https:\/\/secure.gravatar.com\/avatar\/caacf4dc1eedb68fab0df8e1ed46c448e578b2466351bbcb61e47d2ac0caaef0?s=96&d=mm&r=g\",\"contentUrl\":\"https:\/\/secure.gravatar.com\/avatar\/caacf4dc1eedb68fab0df8e1ed46c448e578b2466351bbcb61e47d2ac0caaef0?s=96&d=mm&r=g\",\"caption\":\"admin\"},\"sameAs\":[\"https:\/\/radioportoseguro.com.br\/site\"],\"url\":\"https:\/\/radioportoseguro.com.br\/site\/author\/hezio\/\"}]}<\/script>\n<!-- \/ Yoast SEO plugin. -->","yoast_head_json":{"title":"Te\u00f3logo \u00e9 intimado pela PF ap\u00f3s declarar vis\u00e3o b\u00edblica sobre casamento - R\u00e1dio Porto Seguro","robots":{"index":"index","follow":"follow","max-snippet":"max-snippet:-1","max-image-preview":"max-image-preview:large","max-video-preview":"max-video-preview:-1"},"canonical":"https:\/\/radioportoseguro.com.br\/site\/2026\/01\/28\/teologo-e-intimado-pela-pf-apos-declarar-visao-biblica-sobre-casamento\/","og_locale":"pt_BR","og_type":"article","og_title":"Te\u00f3logo \u00e9 intimado pela PF ap\u00f3s declarar vis\u00e3o b\u00edblica sobre casamento - R\u00e1dio Porto Seguro","og_description":"O te\u00f3logo presbiteriano Caio Modesto foi intimado pela Pol\u00edcia Federal por supostos crimes de homofobia e racismo. A notifica\u00e7\u00e3o tem como base um v\u00eddeo publicado em suas redes sociais no qual Caio exp\u00f5e sua vis\u00e3o b\u00edblica sobre o casamento. A PF intimou Caio para prestar depoimento presencial em raz\u00e3o de uma den\u00fancia ap\u00f3s uma fala [&hellip;]","og_url":"https:\/\/radioportoseguro.com.br\/site\/2026\/01\/28\/teologo-e-intimado-pela-pf-apos-declarar-visao-biblica-sobre-casamento\/","og_site_name":"R\u00e1dio Porto Seguro","article_published_time":"2026-01-28T03:24:35+00:00","og_image":[{"url":"https:\/\/media.guiame.com.br\/archives\/2026\/01\/26\/733323370-caio-modesto.png","type":"","width":"","height":""}],"author":"admin","twitter_card":"summary_large_image","twitter_misc":{"Escrito por":"admin","Est. tempo de leitura":"3 minutos"},"schema":{"@context":"https:\/\/schema.org","@graph":[{"@type":"Article","@id":"https:\/\/radioportoseguro.com.br\/site\/2026\/01\/28\/teologo-e-intimado-pela-pf-apos-declarar-visao-biblica-sobre-casamento\/#article","isPartOf":{"@id":"https:\/\/radioportoseguro.com.br\/site\/2026\/01\/28\/teologo-e-intimado-pela-pf-apos-declarar-visao-biblica-sobre-casamento\/"},"author":{"name":"admin","@id":"https:\/\/radioportoseguro.com.br\/site\/#\/schema\/person\/7630acdc320186f13639d3c067ec089b"},"headline":"Te\u00f3logo \u00e9 intimado pela PF ap\u00f3s declarar vis\u00e3o b\u00edblica sobre casamento","datePublished":"2026-01-28T03:24:35+00:00","mainEntityOfPage":{"@id":"https:\/\/radioportoseguro.com.br\/site\/2026\/01\/28\/teologo-e-intimado-pela-pf-apos-declarar-visao-biblica-sobre-casamento\/"},"wordCount":640,"image":{"@id":"https:\/\/radioportoseguro.com.br\/site\/2026\/01\/28\/teologo-e-intimado-pela-pf-apos-declarar-visao-biblica-sobre-casamento\/#primaryimage"},"thumbnailUrl":"https:\/\/radioportoseguro.com.br\/site\/wp-content\/uploads\/2026\/01\/733323370-caio-modesto.png","articleSection":["Destaques"],"inLanguage":"pt-BR"},{"@type":"WebPage","@id":"https:\/\/radioportoseguro.com.br\/site\/2026\/01\/28\/teologo-e-intimado-pela-pf-apos-declarar-visao-biblica-sobre-casamento\/","url":"https:\/\/radioportoseguro.com.br\/site\/2026\/01\/28\/teologo-e-intimado-pela-pf-apos-declarar-visao-biblica-sobre-casamento\/","name":"Te\u00f3logo \u00e9 intimado pela PF ap\u00f3s declarar vis\u00e3o b\u00edblica sobre casamento - R\u00e1dio Porto Seguro","isPartOf":{"@id":"https:\/\/radioportoseguro.com.br\/site\/#website"},"primaryImageOfPage":{"@id":"https:\/\/radioportoseguro.com.br\/site\/2026\/01\/28\/teologo-e-intimado-pela-pf-apos-declarar-visao-biblica-sobre-casamento\/#primaryimage"},"image":{"@id":"https:\/\/radioportoseguro.com.br\/site\/2026\/01\/28\/teologo-e-intimado-pela-pf-apos-declarar-visao-biblica-sobre-casamento\/#primaryimage"},"thumbnailUrl":"https:\/\/radioportoseguro.com.br\/site\/wp-content\/uploads\/2026\/01\/733323370-caio-modesto.png","datePublished":"2026-01-28T03:24:35+00:00","author":{"@id":"https:\/\/radioportoseguro.com.br\/site\/#\/schema\/person\/7630acdc320186f13639d3c067ec089b"},"breadcrumb":{"@id":"https:\/\/radioportoseguro.com.br\/site\/2026\/01\/28\/teologo-e-intimado-pela-pf-apos-declarar-visao-biblica-sobre-casamento\/#breadcrumb"},"inLanguage":"pt-BR","potentialAction":[{"@type":"ReadAction","target":["https:\/\/radioportoseguro.com.br\/site\/2026\/01\/28\/teologo-e-intimado-pela-pf-apos-declarar-visao-biblica-sobre-casamento\/"]}]},{"@type":"ImageObject","inLanguage":"pt-BR","@id":"https:\/\/radioportoseguro.com.br\/site\/2026\/01\/28\/teologo-e-intimado-pela-pf-apos-declarar-visao-biblica-sobre-casamento\/#primaryimage","url":"https:\/\/radioportoseguro.com.br\/site\/wp-content\/uploads\/2026\/01\/733323370-caio-modesto.png","contentUrl":"https:\/\/radioportoseguro.com.br\/site\/wp-content\/uploads\/2026\/01\/733323370-caio-modesto.png","width":1200,"height":600},{"@type":"BreadcrumbList","@id":"https:\/\/radioportoseguro.com.br\/site\/2026\/01\/28\/teologo-e-intimado-pela-pf-apos-declarar-visao-biblica-sobre-casamento\/#breadcrumb","itemListElement":[{"@type":"ListItem","position":1,"name":"In\u00edcio","item":"https:\/\/radioportoseguro.com.br\/site\/"},{"@type":"ListItem","position":2,"name":"Te\u00f3logo \u00e9 intimado pela PF ap\u00f3s declarar vis\u00e3o b\u00edblica sobre casamento"}]},{"@type":"WebSite","@id":"https:\/\/radioportoseguro.com.br\/site\/#website","url":"https:\/\/radioportoseguro.com.br\/site\/","name":"R\u00e1dio Porto Seguro","description":"","potentialAction":[{"@type":"SearchAction","target":{"@type":"EntryPoint","urlTemplate":"https:\/\/radioportoseguro.com.br\/site\/?s={search_term_string}"},"query-input":{"@type":"PropertyValueSpecification","valueRequired":true,"valueName":"search_term_string"}}],"inLanguage":"pt-BR"},{"@type":"Person","@id":"https:\/\/radioportoseguro.com.br\/site\/#\/schema\/person\/7630acdc320186f13639d3c067ec089b","name":"admin","image":{"@type":"ImageObject","inLanguage":"pt-BR","@id":"https:\/\/radioportoseguro.com.br\/site\/#\/schema\/person\/image\/","url":"https:\/\/secure.gravatar.com\/avatar\/caacf4dc1eedb68fab0df8e1ed46c448e578b2466351bbcb61e47d2ac0caaef0?s=96&d=mm&r=g","contentUrl":"https:\/\/secure.gravatar.com\/avatar\/caacf4dc1eedb68fab0df8e1ed46c448e578b2466351bbcb61e47d2ac0caaef0?s=96&d=mm&r=g","caption":"admin"},"sameAs":["https:\/\/radioportoseguro.com.br\/site"],"url":"https:\/\/radioportoseguro.com.br\/site\/author\/hezio\/"}]}},"_links":{"self":[{"href":"https:\/\/radioportoseguro.com.br\/site\/wp-json\/wp\/v2\/posts\/3516","targetHints":{"allow":["GET"]}}],"collection":[{"href":"https:\/\/radioportoseguro.com.br\/site\/wp-json\/wp\/v2\/posts"}],"about":[{"href":"https:\/\/radioportoseguro.com.br\/site\/wp-json\/wp\/v2\/types\/post"}],"author":[{"embeddable":true,"href":"https:\/\/radioportoseguro.com.br\/site\/wp-json\/wp\/v2\/users\/1"}],"replies":[{"embeddable":true,"href":"https:\/\/radioportoseguro.com.br\/site\/wp-json\/wp\/v2\/comments?post=3516"}],"version-history":[{"count":0,"href":"https:\/\/radioportoseguro.com.br\/site\/wp-json\/wp\/v2\/posts\/3516\/revisions"}],"wp:featuredmedia":[{"embeddable":true,"href":"https:\/\/radioportoseguro.com.br\/site\/wp-json\/wp\/v2\/media\/3517"}],"wp:attachment":[{"href":"https:\/\/radioportoseguro.com.br\/site\/wp-json\/wp\/v2\/media?parent=3516"}],"wp:term":[{"taxonomy":"category","embeddable":true,"href":"https:\/\/radioportoseguro.com.br\/site\/wp-json\/wp\/v2\/categories?post=3516"},{"taxonomy":"post_tag","embeddable":true,"href":"https:\/\/radioportoseguro.com.br\/site\/wp-json\/wp\/v2\/tags?post=3516"}],"curies":[{"name":"wp","href":"https:\/\/api.w.org\/{rel}","templated":true}]}}