{"id":3518,"date":"2026-01-28T02:41:01","date_gmt":"2026-01-28T05:41:01","guid":{"rendered":"https:\/\/radioportoseguro.com.br\/site\/2026\/01\/28\/nao-vamos-permitir-o-antissemitismo-diz-tarcisio-em-memoria-do-holocausto\/"},"modified":"2026-01-28T02:41:01","modified_gmt":"2026-01-28T05:41:01","slug":"nao-vamos-permitir-o-antissemitismo-diz-tarcisio-em-memoria-do-holocausto","status":"publish","type":"post","link":"https:\/\/radioportoseguro.com.br\/site\/2026\/01\/28\/nao-vamos-permitir-o-antissemitismo-diz-tarcisio-em-memoria-do-holocausto\/","title":{"rendered":"&#8220;N\u00e3o vamos permitir o antissemitismo\u201d, diz Tarc\u00edsio em mem\u00f3ria do Holocausto"},"content":{"rendered":"<p><br \/>\n<br \/><\/p>\n<div>\n<p><span style=\"font-weight: 400;\">O governador de S\u00e3o Paulo, <\/span><span style=\"color: #993300;\"><strong>Tarc\u00edsio de Freitas<\/strong><\/span><span style=\"font-weight: 400;\">, participou de uma cerim\u00f4nia em mem\u00f3ria das v\u00edtimas do Holocausto no \u00faltimo domingo (25), e afirmou que o estado tem adotado medidas de combate ao antissemitismo.<\/span><\/p>\n<p><span style=\"font-weight: 400;\">Desde que foi eleito, Tarc\u00edsio j\u00e1 compareceu tr\u00eas vezes \u00e0 cerim\u00f4nia, considerada um marco simb\u00f3lico no calend\u00e1rio da comunidade judaica. O evento ocorreu em uma sinagoga no bairro da Consola\u00e7\u00e3o, regi\u00e3o central de S\u00e3o Paulo.<\/span><\/p>\n<p><span style=\"font-weight: 400;\">Tamb\u00e9m estiveram presentes autoridades como o ex-prefeito da capital Gilberto Kassab, o ex-ministro das Rela\u00e7\u00f5es Exteriores Celso Lafer e o secret\u00e1rio municipal da Justi\u00e7a, Andr\u00e9 Lemos, representando o prefeito Ricardo Nunes (MDB).<\/span><\/p>\n<p><span style=\"font-weight: 400;\">\u201cAinda tem gente que, nos dias de hoje, insiste em negar o <\/span><span style=\"color: #993300;\"><strong>Holocausto<\/strong><\/span><span style=\"font-weight: 400;\">. A gente n\u00e3o pode permitir isso\u201d, disse Tarc\u00edsio no evento.<\/span><\/p>\n<p><strong>SP contra o antissemitismo<\/strong><\/p>\n<p><span style=\"font-weight: 400;\">Falando sobre o <\/span><span style=\"color: #993300;\"><strong>antissemitismo<\/strong><\/span><span style=\"font-weight: 400;\">, o governador destacou a\u00e7\u00f5es do estado no combate ao antissemitismo, como a oferta de seguran\u00e7a \u00e0 comunidade judaica.<\/span><\/p>\n<p><span style=\"font-weight: 400;\">\u201cA primeira delas foi a ades\u00e3o de S\u00e3o Paulo \u00e0 defini\u00e7\u00e3o de antissemitismo pela IHRA. A gente vai professar isso, transformar isso em realidade, em a\u00e7\u00f5es concretas\u201d, relatou ele.\u00a0<\/span><\/p>\n<p><span style=\"font-weight: 400;\">E continuou: \u201cDepois do 7 de outubro de 2023 [ataque do Hamas a Israel], a gente se reuniu com a comunidade judaica para oferecer suporte, para oferecer seguran\u00e7a em todas as ocasi\u00f5es, em todas as instala\u00e7\u00f5es judaicas, nas sinagogas, nas escolas. Inclusive, estendendo isso ao c\u00f4nsul de Israel aqui em S\u00e3o Paulo\u201d.\u00a0<\/span><\/p>\n<p><span style=\"font-weight: 400;\">\u201cA gente repudia o antissemitismo. A comunidade judaica \u00e9 muito bem-vinda. Somos um pa\u00eds que abra\u00e7a, que agrega\u201d, acrescentou.<\/span><\/p>\n<p><span style=\"font-weight: 400;\">A defini\u00e7\u00e3o de antissemitismo adotada pelo estado de S\u00e3o Paulo segue a Alian\u00e7a Internacional para a Recorda\u00e7\u00e3o do Holocausto (IHRA):<\/span><\/p>\n<p><span style=\"font-weight: 400;\">\u201cO antissemitismo \u00e9 uma determinada percep\u00e7\u00e3o dos judeus, que se pode exprimir como \u00f3dio em rela\u00e7\u00e3o aos judeus. Manifesta\u00e7\u00f5es ret\u00f3ricas e f\u00edsicas de antissemitismo s\u00e3o orientados contra indiv\u00edduos judeus e n\u00e3o judeus e\/ou contra os seus bens, contra as institui\u00e7\u00f5es comunit\u00e1rias e as instala\u00e7\u00f5es religiosas judaicas\u201d.<\/span><\/p>\n<p><strong>Homenagem \u00e0s vitimas do Holocausto<\/strong><\/p>\n<p><span style=\"font-weight: 400;\">Em refer\u00eancia ao Dia Internacional em Mem\u00f3ria das V\u00edtimas do Holocausto, a cerim\u00f4nia foi organizada pela Confedera\u00e7\u00e3o Israelita do Brasil (Conib), pela Federa\u00e7\u00e3o Israelita do Estado de S\u00e3o Paulo (Fisesp), pela Congrega\u00e7\u00e3o Israelita Paulista (CIP) e pela ONG StandWithUs Brasil.<\/span><\/p>\n<p><span style=\"font-weight: 400;\">A cerim\u00f4nia homenageou os seis milh\u00f5es de judeus assassinados pelo regime nazista durante a Segunda Guerra Mundial, al\u00e9m de todas as demais v\u00edtimas do genoc\u00eddio liderado por Adolf Hitler.<\/span><\/p>\n<p><span style=\"font-weight: 400;\">Durante o ato, seis velas foram acesas por sobreviventes, autoridades pol\u00edticas, l\u00edderes religiosos, representantes institucionais e jovens. Tamb\u00e9m foram exibidas gravuras da artista e sobrevivente do Holocausto Ruth Tarasantchi.<\/span><\/p>\n<p><span style=\"font-weight: 400;\">A programa\u00e7\u00e3o incluiu ainda a exibi\u00e7\u00e3o de um teaser do document\u00e1rio \u201cSoul on Fire\u201d, sobre a vida do judeu Elie Wiesel (1928\u20132016), sobrevivente do Holocausto e ganhador do Pr\u00eamio Nobel da Paz na d\u00e9cada de 1980.<\/span><\/p>\n<p><span style=\"font-weight: 400;\">Na ocasi\u00e3o, a presidente da Fisesp, C\u00e9lia Parnes, alertou para os riscos da banaliza\u00e7\u00e3o do discurso de \u00f3dio.<\/span><\/p>\n<p><span style=\"font-weight: 400;\">\u201cO Holocausto n\u00e3o come\u00e7ou quando as sinagogas foram incendiadas, come\u00e7ou quando as ideias mais extremas come\u00e7aram a circular com apar\u00eancia de normalidade. A viol\u00eancia come\u00e7a sempre simb\u00f3lica e testa os limites da rea\u00e7\u00e3o social. Negar a hist\u00f3ria \u00e9 preparar o terreno para que ela se repita. O povo judeu sabe como poucos que a hist\u00f3ria cobra um pre\u00e7o alto quando o mundo se cala\u201d, disse ela.<\/span><\/p>\n<p><span style=\"font-weight: 400;\">J\u00e1 para Ben Wohlauer, c\u00f4nsul-geral adjunto dos Estados Unidos, declarou que \u201co antissionismo \u00e9 uma forma de antissemitismo. Israel \u00e9 como uma ap\u00f3lice de seguro ao povo judeu\u201d.<\/span><\/p>\n<p><span style=\"font-weight: 400;\">Por fim, Cl\u00e1udio Lottenberg, representante da Conib, falou sobre o cen\u00e1rio global atual:<\/span><\/p>\n<p><span style=\"font-weight: 400;\">\u201cO extremismo contempor\u00e2neo n\u00e3o \u00e9 movido pelos valores. Infelizmente, \u00e9 movido pelo poder econ\u00f4mico; pelo dinheiro, de forma objetiva. Israel legitimamente se defende de organiza\u00e7\u00f5es terroristas\u201d.<\/span><\/p>\n<\/div>\n<p><br \/>\n<br \/>Fonte: Guiame <\/p>\n","protected":false},"excerpt":{"rendered":"<p>O governador de S\u00e3o Paulo, Tarc\u00edsio de Freitas, participou de uma cerim\u00f4nia em mem\u00f3ria das v\u00edtimas do Holocausto no \u00faltimo domingo (25), e afirmou que o estado tem adotado medidas de combate ao antissemitismo. Desde que foi eleito, Tarc\u00edsio j\u00e1 compareceu tr\u00eas vezes \u00e0 cerim\u00f4nia, considerada um marco simb\u00f3lico no calend\u00e1rio da comunidade judaica. O [&hellip;]<\/p>\n","protected":false},"author":1,"featured_media":3519,"comment_status":"","ping_status":"open","sticky":false,"template":"","format":"standard","meta":{"footnotes":""},"categories":[43],"tags":[],"class_list":["post-3518","post","type-post","status-publish","format-standard","has-post-thumbnail","hentry","category-destaques"],"yoast_head":"<!-- This site is optimized with the Yoast SEO plugin v26.8 - https:\/\/yoast.com\/product\/yoast-seo-wordpress\/ -->\n<title>&quot;N\u00e3o vamos permitir o antissemitismo\u201d, diz Tarc\u00edsio em mem\u00f3ria do Holocausto - R\u00e1dio Porto Seguro<\/title>\n<meta name=\"robots\" content=\"index, follow, max-snippet:-1, max-image-preview:large, max-video-preview:-1\" \/>\n<link rel=\"canonical\" href=\"https:\/\/radioportoseguro.com.br\/site\/2026\/01\/28\/nao-vamos-permitir-o-antissemitismo-diz-tarcisio-em-memoria-do-holocausto\/\" \/>\n<meta property=\"og:locale\" content=\"pt_BR\" \/>\n<meta property=\"og:type\" content=\"article\" \/>\n<meta property=\"og:title\" content=\"&quot;N\u00e3o vamos permitir o antissemitismo\u201d, diz Tarc\u00edsio em mem\u00f3ria do Holocausto - R\u00e1dio Porto Seguro\" \/>\n<meta property=\"og:description\" content=\"O governador de S\u00e3o Paulo, Tarc\u00edsio de Freitas, participou de uma cerim\u00f4nia em mem\u00f3ria das v\u00edtimas do Holocausto no \u00faltimo domingo (25), e afirmou que o estado tem adotado medidas de combate ao antissemitismo. Desde que foi eleito, Tarc\u00edsio j\u00e1 compareceu tr\u00eas vezes \u00e0 cerim\u00f4nia, considerada um marco simb\u00f3lico no calend\u00e1rio da comunidade judaica. O [&hellip;]\" \/>\n<meta property=\"og:url\" content=\"https:\/\/radioportoseguro.com.br\/site\/2026\/01\/28\/nao-vamos-permitir-o-antissemitismo-diz-tarcisio-em-memoria-do-holocausto\/\" \/>\n<meta property=\"og:site_name\" content=\"R\u00e1dio Porto Seguro\" \/>\n<meta property=\"article:published_time\" content=\"2026-01-28T05:41:01+00:00\" \/>\n<meta property=\"og:image\" content=\"https:\/\/media.guiame.com.br\/archives\/2026\/01\/26\/1703985060-tarcisio-de-freitas-na-cerimonia.jpeg\" \/>\n<meta name=\"author\" content=\"admin\" \/>\n<meta name=\"twitter:card\" content=\"summary_large_image\" \/>\n<meta name=\"twitter:label1\" content=\"Escrito por\" \/>\n\t<meta name=\"twitter:data1\" content=\"admin\" \/>\n\t<meta name=\"twitter:label2\" content=\"Est. tempo de leitura\" \/>\n\t<meta name=\"twitter:data2\" content=\"3 minutos\" \/>\n<script type=\"application\/ld+json\" class=\"yoast-schema-graph\">{\"@context\":\"https:\/\/schema.org\",\"@graph\":[{\"@type\":\"Article\",\"@id\":\"https:\/\/radioportoseguro.com.br\/site\/2026\/01\/28\/nao-vamos-permitir-o-antissemitismo-diz-tarcisio-em-memoria-do-holocausto\/#article\",\"isPartOf\":{\"@id\":\"https:\/\/radioportoseguro.com.br\/site\/2026\/01\/28\/nao-vamos-permitir-o-antissemitismo-diz-tarcisio-em-memoria-do-holocausto\/\"},\"author\":{\"name\":\"admin\",\"@id\":\"https:\/\/radioportoseguro.com.br\/site\/#\/schema\/person\/7630acdc320186f13639d3c067ec089b\"},\"headline\":\"&#8220;N\u00e3o vamos permitir o antissemitismo\u201d, diz Tarc\u00edsio em mem\u00f3ria do Holocausto\",\"datePublished\":\"2026-01-28T05:41:01+00:00\",\"mainEntityOfPage\":{\"@id\":\"https:\/\/radioportoseguro.com.br\/site\/2026\/01\/28\/nao-vamos-permitir-o-antissemitismo-diz-tarcisio-em-memoria-do-holocausto\/\"},\"wordCount\":701,\"image\":{\"@id\":\"https:\/\/radioportoseguro.com.br\/site\/2026\/01\/28\/nao-vamos-permitir-o-antissemitismo-diz-tarcisio-em-memoria-do-holocausto\/#primaryimage\"},\"thumbnailUrl\":\"https:\/\/radioportoseguro.com.br\/site\/wp-content\/uploads\/2026\/01\/1703985060-tarcisio-de-freitas-na-cerimonia.jpeg\",\"articleSection\":[\"Destaques\"],\"inLanguage\":\"pt-BR\"},{\"@type\":\"WebPage\",\"@id\":\"https:\/\/radioportoseguro.com.br\/site\/2026\/01\/28\/nao-vamos-permitir-o-antissemitismo-diz-tarcisio-em-memoria-do-holocausto\/\",\"url\":\"https:\/\/radioportoseguro.com.br\/site\/2026\/01\/28\/nao-vamos-permitir-o-antissemitismo-diz-tarcisio-em-memoria-do-holocausto\/\",\"name\":\"\\\"N\u00e3o vamos permitir o antissemitismo\u201d, diz Tarc\u00edsio em mem\u00f3ria do Holocausto - R\u00e1dio Porto Seguro\",\"isPartOf\":{\"@id\":\"https:\/\/radioportoseguro.com.br\/site\/#website\"},\"primaryImageOfPage\":{\"@id\":\"https:\/\/radioportoseguro.com.br\/site\/2026\/01\/28\/nao-vamos-permitir-o-antissemitismo-diz-tarcisio-em-memoria-do-holocausto\/#primaryimage\"},\"image\":{\"@id\":\"https:\/\/radioportoseguro.com.br\/site\/2026\/01\/28\/nao-vamos-permitir-o-antissemitismo-diz-tarcisio-em-memoria-do-holocausto\/#primaryimage\"},\"thumbnailUrl\":\"https:\/\/radioportoseguro.com.br\/site\/wp-content\/uploads\/2026\/01\/1703985060-tarcisio-de-freitas-na-cerimonia.jpeg\",\"datePublished\":\"2026-01-28T05:41:01+00:00\",\"author\":{\"@id\":\"https:\/\/radioportoseguro.com.br\/site\/#\/schema\/person\/7630acdc320186f13639d3c067ec089b\"},\"breadcrumb\":{\"@id\":\"https:\/\/radioportoseguro.com.br\/site\/2026\/01\/28\/nao-vamos-permitir-o-antissemitismo-diz-tarcisio-em-memoria-do-holocausto\/#breadcrumb\"},\"inLanguage\":\"pt-BR\",\"potentialAction\":[{\"@type\":\"ReadAction\",\"target\":[\"https:\/\/radioportoseguro.com.br\/site\/2026\/01\/28\/nao-vamos-permitir-o-antissemitismo-diz-tarcisio-em-memoria-do-holocausto\/\"]}]},{\"@type\":\"ImageObject\",\"inLanguage\":\"pt-BR\",\"@id\":\"https:\/\/radioportoseguro.com.br\/site\/2026\/01\/28\/nao-vamos-permitir-o-antissemitismo-diz-tarcisio-em-memoria-do-holocausto\/#primaryimage\",\"url\":\"https:\/\/radioportoseguro.com.br\/site\/wp-content\/uploads\/2026\/01\/1703985060-tarcisio-de-freitas-na-cerimonia.jpeg\",\"contentUrl\":\"https:\/\/radioportoseguro.com.br\/site\/wp-content\/uploads\/2026\/01\/1703985060-tarcisio-de-freitas-na-cerimonia.jpeg\",\"width\":1200,\"height\":600},{\"@type\":\"BreadcrumbList\",\"@id\":\"https:\/\/radioportoseguro.com.br\/site\/2026\/01\/28\/nao-vamos-permitir-o-antissemitismo-diz-tarcisio-em-memoria-do-holocausto\/#breadcrumb\",\"itemListElement\":[{\"@type\":\"ListItem\",\"position\":1,\"name\":\"In\u00edcio\",\"item\":\"https:\/\/radioportoseguro.com.br\/site\/\"},{\"@type\":\"ListItem\",\"position\":2,\"name\":\"&#8220;N\u00e3o vamos permitir o antissemitismo\u201d, diz Tarc\u00edsio em mem\u00f3ria do Holocausto\"}]},{\"@type\":\"WebSite\",\"@id\":\"https:\/\/radioportoseguro.com.br\/site\/#website\",\"url\":\"https:\/\/radioportoseguro.com.br\/site\/\",\"name\":\"R\u00e1dio Porto Seguro\",\"description\":\"\",\"potentialAction\":[{\"@type\":\"SearchAction\",\"target\":{\"@type\":\"EntryPoint\",\"urlTemplate\":\"https:\/\/radioportoseguro.com.br\/site\/?s={search_term_string}\"},\"query-input\":{\"@type\":\"PropertyValueSpecification\",\"valueRequired\":true,\"valueName\":\"search_term_string\"}}],\"inLanguage\":\"pt-BR\"},{\"@type\":\"Person\",\"@id\":\"https:\/\/radioportoseguro.com.br\/site\/#\/schema\/person\/7630acdc320186f13639d3c067ec089b\",\"name\":\"admin\",\"image\":{\"@type\":\"ImageObject\",\"inLanguage\":\"pt-BR\",\"@id\":\"https:\/\/radioportoseguro.com.br\/site\/#\/schema\/person\/image\/\",\"url\":\"https:\/\/secure.gravatar.com\/avatar\/caacf4dc1eedb68fab0df8e1ed46c448e578b2466351bbcb61e47d2ac0caaef0?s=96&d=mm&r=g\",\"contentUrl\":\"https:\/\/secure.gravatar.com\/avatar\/caacf4dc1eedb68fab0df8e1ed46c448e578b2466351bbcb61e47d2ac0caaef0?s=96&d=mm&r=g\",\"caption\":\"admin\"},\"sameAs\":[\"https:\/\/radioportoseguro.com.br\/site\"],\"url\":\"https:\/\/radioportoseguro.com.br\/site\/author\/hezio\/\"}]}<\/script>\n<!-- \/ Yoast SEO plugin. -->","yoast_head_json":{"title":"\"N\u00e3o vamos permitir o antissemitismo\u201d, diz Tarc\u00edsio em mem\u00f3ria do Holocausto - R\u00e1dio Porto Seguro","robots":{"index":"index","follow":"follow","max-snippet":"max-snippet:-1","max-image-preview":"max-image-preview:large","max-video-preview":"max-video-preview:-1"},"canonical":"https:\/\/radioportoseguro.com.br\/site\/2026\/01\/28\/nao-vamos-permitir-o-antissemitismo-diz-tarcisio-em-memoria-do-holocausto\/","og_locale":"pt_BR","og_type":"article","og_title":"\"N\u00e3o vamos permitir o antissemitismo\u201d, diz Tarc\u00edsio em mem\u00f3ria do Holocausto - R\u00e1dio Porto Seguro","og_description":"O governador de S\u00e3o Paulo, Tarc\u00edsio de Freitas, participou de uma cerim\u00f4nia em mem\u00f3ria das v\u00edtimas do Holocausto no \u00faltimo domingo (25), e afirmou que o estado tem adotado medidas de combate ao antissemitismo. Desde que foi eleito, Tarc\u00edsio j\u00e1 compareceu tr\u00eas vezes \u00e0 cerim\u00f4nia, considerada um marco simb\u00f3lico no calend\u00e1rio da comunidade judaica. O [&hellip;]","og_url":"https:\/\/radioportoseguro.com.br\/site\/2026\/01\/28\/nao-vamos-permitir-o-antissemitismo-diz-tarcisio-em-memoria-do-holocausto\/","og_site_name":"R\u00e1dio Porto Seguro","article_published_time":"2026-01-28T05:41:01+00:00","og_image":[{"url":"https:\/\/media.guiame.com.br\/archives\/2026\/01\/26\/1703985060-tarcisio-de-freitas-na-cerimonia.jpeg","type":"","width":"","height":""}],"author":"admin","twitter_card":"summary_large_image","twitter_misc":{"Escrito por":"admin","Est. tempo de leitura":"3 minutos"},"schema":{"@context":"https:\/\/schema.org","@graph":[{"@type":"Article","@id":"https:\/\/radioportoseguro.com.br\/site\/2026\/01\/28\/nao-vamos-permitir-o-antissemitismo-diz-tarcisio-em-memoria-do-holocausto\/#article","isPartOf":{"@id":"https:\/\/radioportoseguro.com.br\/site\/2026\/01\/28\/nao-vamos-permitir-o-antissemitismo-diz-tarcisio-em-memoria-do-holocausto\/"},"author":{"name":"admin","@id":"https:\/\/radioportoseguro.com.br\/site\/#\/schema\/person\/7630acdc320186f13639d3c067ec089b"},"headline":"&#8220;N\u00e3o vamos permitir o antissemitismo\u201d, diz Tarc\u00edsio em mem\u00f3ria do Holocausto","datePublished":"2026-01-28T05:41:01+00:00","mainEntityOfPage":{"@id":"https:\/\/radioportoseguro.com.br\/site\/2026\/01\/28\/nao-vamos-permitir-o-antissemitismo-diz-tarcisio-em-memoria-do-holocausto\/"},"wordCount":701,"image":{"@id":"https:\/\/radioportoseguro.com.br\/site\/2026\/01\/28\/nao-vamos-permitir-o-antissemitismo-diz-tarcisio-em-memoria-do-holocausto\/#primaryimage"},"thumbnailUrl":"https:\/\/radioportoseguro.com.br\/site\/wp-content\/uploads\/2026\/01\/1703985060-tarcisio-de-freitas-na-cerimonia.jpeg","articleSection":["Destaques"],"inLanguage":"pt-BR"},{"@type":"WebPage","@id":"https:\/\/radioportoseguro.com.br\/site\/2026\/01\/28\/nao-vamos-permitir-o-antissemitismo-diz-tarcisio-em-memoria-do-holocausto\/","url":"https:\/\/radioportoseguro.com.br\/site\/2026\/01\/28\/nao-vamos-permitir-o-antissemitismo-diz-tarcisio-em-memoria-do-holocausto\/","name":"\"N\u00e3o vamos permitir o antissemitismo\u201d, diz Tarc\u00edsio em mem\u00f3ria do Holocausto - R\u00e1dio Porto Seguro","isPartOf":{"@id":"https:\/\/radioportoseguro.com.br\/site\/#website"},"primaryImageOfPage":{"@id":"https:\/\/radioportoseguro.com.br\/site\/2026\/01\/28\/nao-vamos-permitir-o-antissemitismo-diz-tarcisio-em-memoria-do-holocausto\/#primaryimage"},"image":{"@id":"https:\/\/radioportoseguro.com.br\/site\/2026\/01\/28\/nao-vamos-permitir-o-antissemitismo-diz-tarcisio-em-memoria-do-holocausto\/#primaryimage"},"thumbnailUrl":"https:\/\/radioportoseguro.com.br\/site\/wp-content\/uploads\/2026\/01\/1703985060-tarcisio-de-freitas-na-cerimonia.jpeg","datePublished":"2026-01-28T05:41:01+00:00","author":{"@id":"https:\/\/radioportoseguro.com.br\/site\/#\/schema\/person\/7630acdc320186f13639d3c067ec089b"},"breadcrumb":{"@id":"https:\/\/radioportoseguro.com.br\/site\/2026\/01\/28\/nao-vamos-permitir-o-antissemitismo-diz-tarcisio-em-memoria-do-holocausto\/#breadcrumb"},"inLanguage":"pt-BR","potentialAction":[{"@type":"ReadAction","target":["https:\/\/radioportoseguro.com.br\/site\/2026\/01\/28\/nao-vamos-permitir-o-antissemitismo-diz-tarcisio-em-memoria-do-holocausto\/"]}]},{"@type":"ImageObject","inLanguage":"pt-BR","@id":"https:\/\/radioportoseguro.com.br\/site\/2026\/01\/28\/nao-vamos-permitir-o-antissemitismo-diz-tarcisio-em-memoria-do-holocausto\/#primaryimage","url":"https:\/\/radioportoseguro.com.br\/site\/wp-content\/uploads\/2026\/01\/1703985060-tarcisio-de-freitas-na-cerimonia.jpeg","contentUrl":"https:\/\/radioportoseguro.com.br\/site\/wp-content\/uploads\/2026\/01\/1703985060-tarcisio-de-freitas-na-cerimonia.jpeg","width":1200,"height":600},{"@type":"BreadcrumbList","@id":"https:\/\/radioportoseguro.com.br\/site\/2026\/01\/28\/nao-vamos-permitir-o-antissemitismo-diz-tarcisio-em-memoria-do-holocausto\/#breadcrumb","itemListElement":[{"@type":"ListItem","position":1,"name":"In\u00edcio","item":"https:\/\/radioportoseguro.com.br\/site\/"},{"@type":"ListItem","position":2,"name":"&#8220;N\u00e3o vamos permitir o antissemitismo\u201d, diz Tarc\u00edsio em mem\u00f3ria do Holocausto"}]},{"@type":"WebSite","@id":"https:\/\/radioportoseguro.com.br\/site\/#website","url":"https:\/\/radioportoseguro.com.br\/site\/","name":"R\u00e1dio Porto Seguro","description":"","potentialAction":[{"@type":"SearchAction","target":{"@type":"EntryPoint","urlTemplate":"https:\/\/radioportoseguro.com.br\/site\/?s={search_term_string}"},"query-input":{"@type":"PropertyValueSpecification","valueRequired":true,"valueName":"search_term_string"}}],"inLanguage":"pt-BR"},{"@type":"Person","@id":"https:\/\/radioportoseguro.com.br\/site\/#\/schema\/person\/7630acdc320186f13639d3c067ec089b","name":"admin","image":{"@type":"ImageObject","inLanguage":"pt-BR","@id":"https:\/\/radioportoseguro.com.br\/site\/#\/schema\/person\/image\/","url":"https:\/\/secure.gravatar.com\/avatar\/caacf4dc1eedb68fab0df8e1ed46c448e578b2466351bbcb61e47d2ac0caaef0?s=96&d=mm&r=g","contentUrl":"https:\/\/secure.gravatar.com\/avatar\/caacf4dc1eedb68fab0df8e1ed46c448e578b2466351bbcb61e47d2ac0caaef0?s=96&d=mm&r=g","caption":"admin"},"sameAs":["https:\/\/radioportoseguro.com.br\/site"],"url":"https:\/\/radioportoseguro.com.br\/site\/author\/hezio\/"}]}},"_links":{"self":[{"href":"https:\/\/radioportoseguro.com.br\/site\/wp-json\/wp\/v2\/posts\/3518","targetHints":{"allow":["GET"]}}],"collection":[{"href":"https:\/\/radioportoseguro.com.br\/site\/wp-json\/wp\/v2\/posts"}],"about":[{"href":"https:\/\/radioportoseguro.com.br\/site\/wp-json\/wp\/v2\/types\/post"}],"author":[{"embeddable":true,"href":"https:\/\/radioportoseguro.com.br\/site\/wp-json\/wp\/v2\/users\/1"}],"replies":[{"embeddable":true,"href":"https:\/\/radioportoseguro.com.br\/site\/wp-json\/wp\/v2\/comments?post=3518"}],"version-history":[{"count":0,"href":"https:\/\/radioportoseguro.com.br\/site\/wp-json\/wp\/v2\/posts\/3518\/revisions"}],"wp:featuredmedia":[{"embeddable":true,"href":"https:\/\/radioportoseguro.com.br\/site\/wp-json\/wp\/v2\/media\/3519"}],"wp:attachment":[{"href":"https:\/\/radioportoseguro.com.br\/site\/wp-json\/wp\/v2\/media?parent=3518"}],"wp:term":[{"taxonomy":"category","embeddable":true,"href":"https:\/\/radioportoseguro.com.br\/site\/wp-json\/wp\/v2\/categories?post=3518"},{"taxonomy":"post_tag","embeddable":true,"href":"https:\/\/radioportoseguro.com.br\/site\/wp-json\/wp\/v2\/tags?post=3518"}],"curies":[{"name":"wp","href":"https:\/\/api.w.org\/{rel}","templated":true}]}}