{"id":3528,"date":"2026-01-28T09:20:22","date_gmt":"2026-01-28T12:20:22","guid":{"rendered":"https:\/\/radioportoseguro.com.br\/site\/2026\/01\/28\/pastor-iraniano-chora-mortes-por-repressao-violenta-no-ira-regime-cruel-e-maligno\/"},"modified":"2026-01-28T09:20:22","modified_gmt":"2026-01-28T12:20:22","slug":"pastor-iraniano-chora-mortes-por-repressao-violenta-no-ira-regime-cruel-e-maligno","status":"publish","type":"post","link":"https:\/\/radioportoseguro.com.br\/site\/2026\/01\/28\/pastor-iraniano-chora-mortes-por-repressao-violenta-no-ira-regime-cruel-e-maligno\/","title":{"rendered":"Pastor iraniano chora mortes por repress\u00e3o violenta no Ir\u00e3: \u2018Regime cruel e maligno\u2019"},"content":{"rendered":"<p><br \/>\n<br \/><\/p>\n<div>\n<p>Durante uma entrevista comovente \u00e0 CBN News, o pastor iraniano Ara Torosian revelou os horrores enfrentados pela<span style=\"color: #800000;\"> <strong>igreja subterr\u00e2nea<\/strong><\/span> no Ir\u00e3 em meio \u00e0 onda de assassinatos pelos protestos que querem liberdade e fim do regime.<\/p>\n<p>Emocionado, Torosian chorou ao vivo ao relatar as informa\u00e7\u00f5es que recebe diretamente do pa\u00eds, enquanto igrejas s\u00e3o fechadas e a comunica\u00e7\u00e3o com familiares e <span style=\"color: #800000;\"><strong>membros da f\u00e9 crist\u00e3 s\u00e3o mortos<\/strong><\/span> e desaparecem.<\/p>\n<p>\u201cAlguns dos nossos membros no Ir\u00e3 e tamb\u00e9m algumas de nossas igrejas dom\u00e9sticas \u2013 eu n\u00e3o consigo mais entrar em contato com eles, porque tudo foi desligado. Pessoas que tinham Starlink\u2026 estou tentando saber. Ouvi que alguns dos nossos amigos pr\u00f3ximos, inclusive crist\u00e3os, morreram. Ent\u00e3o \u00e9 uma loucura, \u00e9 uma loucura.\u201d<\/p>\n<p>O momento mais impactante da entrevista ocorreu quando o pastor recebeu, em tempo real, o relato sobre o caso de Arash Behfar, um iraniano cuja fam\u00edlia descreveu epis\u00f3dios de extrema viol\u00eancia.<\/p>\n<blockquote class=\"instagram-media\" style=\"background: #FFF; border: 0; border-radius: 3px; box-shadow: 0 0 1px 0 rgba(0,0,0,0.5),0 1px 10px 0 rgba(0,0,0,0.15); margin: 1px; max-width: 540px; min-width: 326px; padding: 0; width: calc(100% - 2px);\" data-instgrm-captioned=\"\" data-instgrm-permalink=\"https:\/\/www.instagram.com\/reel\/DTgLbBZjXK1\/?utm_source=ig_embed&amp;utm_campaign=loading\" data-instgrm-version=\"14\"><p>&#13;<br \/>\n&#13;\n<\/p><\/blockquote>\n<p>Ao traduzir a mensagem, passada por uma conhecida do pastor, Torosian interrompeu a entrevista diversas vezes, visivelmente abalado. O apresentador da CBN, Raj Nair, tamb\u00e9m se emocionou ao ouvir o depoimento.<\/p>\n<p>Segundo o relato traduzido pelo pastor, Arash estava entre pessoas que tentavam protestar e ajudar feridos quando foi atingido por disparos de espingarda.<\/p>\n<p>\u201cEles n\u00e3o conseguiram socorr\u00ea-lo por tr\u00eas horas. N\u00e3o permitiram que o levassem ao hospital. Ele morreu nos bra\u00e7os do pr\u00f3prio pai\u201d, contou Torosian, com a voz embargada.<\/p>\n<p>A fam\u00edlia afirma ainda que as autoridades impediram o sepultamento do corpo. \u201cEles pedem: \u2018Por favor, sejam a voz de Arash. N\u00e3o estamos bem. Nos ajudem\u2019\u201d, acrescentou.<\/p>\n<p><strong>Massacre<\/strong><\/p>\n<p>Ao longo da entrevista, o pastor fez acusa\u00e7\u00f5es diretas ao regime iraniano. \u201cUm <span style=\"color: #800000;\"><strong>massacre est\u00e1 acontecendo<\/strong> <\/span>no Ir\u00e3. H\u00e1 assassinatos em massa nas ruas. Este regime \u00e9 cruel, este regime \u00e9 maligno\u201d, declarou.<\/p>\n<p>Em outro momento, alertou a comunidade internacional: \u201cN\u00e3o deportem iranianos de volta. Eles est\u00e3o matando pessoas\u201d.<\/p>\n<p>Torosian afirmou que perdeu contato com membros de igrejas dom\u00e9sticas e l\u00edderes crist\u00e3os devido ao bloqueio das comunica\u00e7\u00f5es no pa\u00eds.<\/p>\n<p>\u201cTudo foi desligado. Nem mesmo pessoas que tinham acesso \u00e0 internet por sat\u00e9lite conseguem se comunicar. Ouvi que alguns crist\u00e3os pr\u00f3ximos a n\u00f3s morreram\u201d, disse.<\/p>\n<p>O pastor relatou ainda n\u00fameros alarmantes: \u201cEstou ouvindo que cerca de 20 mil pessoas foram massacradas em dois dias\u201d.<\/p>\n<p>Diante do sofrimento, o pastor fez um apelo direto ao Ocidente. \u201cAgir. Agir agora. Isso \u00e9 uma emerg\u00eancia. O povo do Ir\u00e3 n\u00e3o tem armas. H\u00e1 um massacre acontecendo, e somos respons\u00e1veis por fazer algo\u201d, afirmou.<\/p>\n<p>Ao encerrar a entrevista, Raj Nair afirmou que a audi\u00eancia crist\u00e3 internacional estava unida em ora\u00e7\u00e3o pelo pastor, pelo povo iraniano e pela igreja subterr\u00e2nea.<\/p>\n<p style=\"text-align: left;\">Assista \u00e0 entrevista original em ingl\u00eas:<\/p>\n<div class=\"ose-youtube ose-uid-118a2aaa6804d79da217238d8cfac6c4 ose-embedpress-responsive\" style=\"width:600px; height:600px; max-height:600px; max-width:100%; display:inline-block;\" data-embed-type=\"Youtube\"><iframe allowFullScreen=\"true\" title=\"Iranian Pastor Cries Out to Free Iran\" width=\"600\" height=\"600\" src=\"https:\/\/www.youtube.com\/embed\/zJC_eEE28CE?feature=oembed&color=red&rel=0&controls=1&start=&end=&fs=0&iv_load_policy=0&autoplay=0&mute=0&modestbranding=0&cc_load_policy=1&playsinline=1\" frameborder=\"0\" allow=\"accelerometer; encrypted-media;accelerometer;autoplay;clipboard-write;gyroscope;picture-in-picture clipboard-write; encrypted-media; gyroscope; picture-in-picture; web-share\" referrerpolicy=\"strict-origin-when-cross-origin\" allowfullscreen><\/iframe><\/div>\n<p>\u00a0<\/p>\n<\/div>\n<p><script async src=\"\/\/www.instagram.com\/embed.js\"><\/script><br \/>\n<br \/><br \/>\n<br \/>Fonte: Guiame <\/p>\n","protected":false},"excerpt":{"rendered":"<p>Durante uma entrevista comovente \u00e0 CBN News, o pastor iraniano Ara Torosian revelou os horrores enfrentados pela igreja subterr\u00e2nea no Ir\u00e3 em meio \u00e0 onda de assassinatos pelos protestos que querem liberdade e fim do regime. Emocionado, Torosian chorou ao vivo ao relatar as informa\u00e7\u00f5es que recebe diretamente do pa\u00eds, enquanto igrejas s\u00e3o fechadas e [&hellip;]<\/p>\n","protected":false},"author":1,"featured_media":3529,"comment_status":"","ping_status":"open","sticky":false,"template":"","format":"standard","meta":{"footnotes":""},"categories":[43],"tags":[],"class_list":["post-3528","post","type-post","status-publish","format-standard","has-post-thumbnail","hentry","category-destaques"],"yoast_head":"<!-- This site is optimized with the Yoast SEO plugin v26.8 - https:\/\/yoast.com\/product\/yoast-seo-wordpress\/ -->\n<title>Pastor iraniano chora mortes por repress\u00e3o violenta no Ir\u00e3: \u2018Regime cruel e maligno\u2019 - R\u00e1dio Porto Seguro<\/title>\n<meta name=\"robots\" content=\"index, follow, max-snippet:-1, max-image-preview:large, max-video-preview:-1\" \/>\n<link rel=\"canonical\" href=\"https:\/\/radioportoseguro.com.br\/site\/2026\/01\/28\/pastor-iraniano-chora-mortes-por-repressao-violenta-no-ira-regime-cruel-e-maligno\/\" \/>\n<meta property=\"og:locale\" content=\"pt_BR\" \/>\n<meta property=\"og:type\" content=\"article\" \/>\n<meta property=\"og:title\" content=\"Pastor iraniano chora mortes por repress\u00e3o violenta no Ir\u00e3: \u2018Regime cruel e maligno\u2019 - R\u00e1dio Porto Seguro\" \/>\n<meta property=\"og:description\" content=\"Durante uma entrevista comovente \u00e0 CBN News, o pastor iraniano Ara Torosian revelou os horrores enfrentados pela igreja subterr\u00e2nea no Ir\u00e3 em meio \u00e0 onda de assassinatos pelos protestos que querem liberdade e fim do regime. Emocionado, Torosian chorou ao vivo ao relatar as informa\u00e7\u00f5es que recebe diretamente do pa\u00eds, enquanto igrejas s\u00e3o fechadas e [&hellip;]\" \/>\n<meta property=\"og:url\" content=\"https:\/\/radioportoseguro.com.br\/site\/2026\/01\/28\/pastor-iraniano-chora-mortes-por-repressao-violenta-no-ira-regime-cruel-e-maligno\/\" \/>\n<meta property=\"og:site_name\" content=\"R\u00e1dio Porto Seguro\" \/>\n<meta property=\"article:published_time\" content=\"2026-01-28T12:20:22+00:00\" \/>\n<meta property=\"og:image\" content=\"https:\/\/media.guiame.com.br\/archives\/2026\/01\/26\/3024364769-pastor-ara-torosian.png\" \/>\n<meta name=\"author\" content=\"admin\" \/>\n<meta name=\"twitter:card\" content=\"summary_large_image\" \/>\n<meta name=\"twitter:label1\" content=\"Escrito por\" \/>\n\t<meta name=\"twitter:data1\" content=\"admin\" \/>\n\t<meta name=\"twitter:label2\" content=\"Est. tempo de leitura\" \/>\n\t<meta name=\"twitter:data2\" content=\"2 minutos\" \/>\n<script type=\"application\/ld+json\" class=\"yoast-schema-graph\">{\"@context\":\"https:\/\/schema.org\",\"@graph\":[{\"@type\":\"Article\",\"@id\":\"https:\/\/radioportoseguro.com.br\/site\/2026\/01\/28\/pastor-iraniano-chora-mortes-por-repressao-violenta-no-ira-regime-cruel-e-maligno\/#article\",\"isPartOf\":{\"@id\":\"https:\/\/radioportoseguro.com.br\/site\/2026\/01\/28\/pastor-iraniano-chora-mortes-por-repressao-violenta-no-ira-regime-cruel-e-maligno\/\"},\"author\":{\"name\":\"admin\",\"@id\":\"https:\/\/radioportoseguro.com.br\/site\/#\/schema\/person\/7630acdc320186f13639d3c067ec089b\"},\"headline\":\"Pastor iraniano chora mortes por repress\u00e3o violenta no Ir\u00e3: \u2018Regime cruel e maligno\u2019\",\"datePublished\":\"2026-01-28T12:20:22+00:00\",\"mainEntityOfPage\":{\"@id\":\"https:\/\/radioportoseguro.com.br\/site\/2026\/01\/28\/pastor-iraniano-chora-mortes-por-repressao-violenta-no-ira-regime-cruel-e-maligno\/\"},\"wordCount\":501,\"image\":{\"@id\":\"https:\/\/radioportoseguro.com.br\/site\/2026\/01\/28\/pastor-iraniano-chora-mortes-por-repressao-violenta-no-ira-regime-cruel-e-maligno\/#primaryimage\"},\"thumbnailUrl\":\"https:\/\/radioportoseguro.com.br\/site\/wp-content\/uploads\/2026\/01\/3024364769-pastor-ara-torosian.png\",\"articleSection\":[\"Destaques\"],\"inLanguage\":\"pt-BR\"},{\"@type\":\"WebPage\",\"@id\":\"https:\/\/radioportoseguro.com.br\/site\/2026\/01\/28\/pastor-iraniano-chora-mortes-por-repressao-violenta-no-ira-regime-cruel-e-maligno\/\",\"url\":\"https:\/\/radioportoseguro.com.br\/site\/2026\/01\/28\/pastor-iraniano-chora-mortes-por-repressao-violenta-no-ira-regime-cruel-e-maligno\/\",\"name\":\"Pastor iraniano chora mortes por repress\u00e3o violenta no Ir\u00e3: \u2018Regime cruel e maligno\u2019 - R\u00e1dio Porto Seguro\",\"isPartOf\":{\"@id\":\"https:\/\/radioportoseguro.com.br\/site\/#website\"},\"primaryImageOfPage\":{\"@id\":\"https:\/\/radioportoseguro.com.br\/site\/2026\/01\/28\/pastor-iraniano-chora-mortes-por-repressao-violenta-no-ira-regime-cruel-e-maligno\/#primaryimage\"},\"image\":{\"@id\":\"https:\/\/radioportoseguro.com.br\/site\/2026\/01\/28\/pastor-iraniano-chora-mortes-por-repressao-violenta-no-ira-regime-cruel-e-maligno\/#primaryimage\"},\"thumbnailUrl\":\"https:\/\/radioportoseguro.com.br\/site\/wp-content\/uploads\/2026\/01\/3024364769-pastor-ara-torosian.png\",\"datePublished\":\"2026-01-28T12:20:22+00:00\",\"author\":{\"@id\":\"https:\/\/radioportoseguro.com.br\/site\/#\/schema\/person\/7630acdc320186f13639d3c067ec089b\"},\"breadcrumb\":{\"@id\":\"https:\/\/radioportoseguro.com.br\/site\/2026\/01\/28\/pastor-iraniano-chora-mortes-por-repressao-violenta-no-ira-regime-cruel-e-maligno\/#breadcrumb\"},\"inLanguage\":\"pt-BR\",\"potentialAction\":[{\"@type\":\"ReadAction\",\"target\":[\"https:\/\/radioportoseguro.com.br\/site\/2026\/01\/28\/pastor-iraniano-chora-mortes-por-repressao-violenta-no-ira-regime-cruel-e-maligno\/\"]}]},{\"@type\":\"ImageObject\",\"inLanguage\":\"pt-BR\",\"@id\":\"https:\/\/radioportoseguro.com.br\/site\/2026\/01\/28\/pastor-iraniano-chora-mortes-por-repressao-violenta-no-ira-regime-cruel-e-maligno\/#primaryimage\",\"url\":\"https:\/\/radioportoseguro.com.br\/site\/wp-content\/uploads\/2026\/01\/3024364769-pastor-ara-torosian.png\",\"contentUrl\":\"https:\/\/radioportoseguro.com.br\/site\/wp-content\/uploads\/2026\/01\/3024364769-pastor-ara-torosian.png\",\"width\":1200,\"height\":600},{\"@type\":\"BreadcrumbList\",\"@id\":\"https:\/\/radioportoseguro.com.br\/site\/2026\/01\/28\/pastor-iraniano-chora-mortes-por-repressao-violenta-no-ira-regime-cruel-e-maligno\/#breadcrumb\",\"itemListElement\":[{\"@type\":\"ListItem\",\"position\":1,\"name\":\"In\u00edcio\",\"item\":\"https:\/\/radioportoseguro.com.br\/site\/\"},{\"@type\":\"ListItem\",\"position\":2,\"name\":\"Pastor iraniano chora mortes por repress\u00e3o violenta no Ir\u00e3: \u2018Regime cruel e maligno\u2019\"}]},{\"@type\":\"WebSite\",\"@id\":\"https:\/\/radioportoseguro.com.br\/site\/#website\",\"url\":\"https:\/\/radioportoseguro.com.br\/site\/\",\"name\":\"R\u00e1dio Porto Seguro\",\"description\":\"\",\"potentialAction\":[{\"@type\":\"SearchAction\",\"target\":{\"@type\":\"EntryPoint\",\"urlTemplate\":\"https:\/\/radioportoseguro.com.br\/site\/?s={search_term_string}\"},\"query-input\":{\"@type\":\"PropertyValueSpecification\",\"valueRequired\":true,\"valueName\":\"search_term_string\"}}],\"inLanguage\":\"pt-BR\"},{\"@type\":\"Person\",\"@id\":\"https:\/\/radioportoseguro.com.br\/site\/#\/schema\/person\/7630acdc320186f13639d3c067ec089b\",\"name\":\"admin\",\"image\":{\"@type\":\"ImageObject\",\"inLanguage\":\"pt-BR\",\"@id\":\"https:\/\/radioportoseguro.com.br\/site\/#\/schema\/person\/image\/\",\"url\":\"https:\/\/secure.gravatar.com\/avatar\/caacf4dc1eedb68fab0df8e1ed46c448e578b2466351bbcb61e47d2ac0caaef0?s=96&d=mm&r=g\",\"contentUrl\":\"https:\/\/secure.gravatar.com\/avatar\/caacf4dc1eedb68fab0df8e1ed46c448e578b2466351bbcb61e47d2ac0caaef0?s=96&d=mm&r=g\",\"caption\":\"admin\"},\"sameAs\":[\"https:\/\/radioportoseguro.com.br\/site\"],\"url\":\"https:\/\/radioportoseguro.com.br\/site\/author\/hezio\/\"}]}<\/script>\n<!-- \/ Yoast SEO plugin. -->","yoast_head_json":{"title":"Pastor iraniano chora mortes por repress\u00e3o violenta no Ir\u00e3: \u2018Regime cruel e maligno\u2019 - R\u00e1dio Porto Seguro","robots":{"index":"index","follow":"follow","max-snippet":"max-snippet:-1","max-image-preview":"max-image-preview:large","max-video-preview":"max-video-preview:-1"},"canonical":"https:\/\/radioportoseguro.com.br\/site\/2026\/01\/28\/pastor-iraniano-chora-mortes-por-repressao-violenta-no-ira-regime-cruel-e-maligno\/","og_locale":"pt_BR","og_type":"article","og_title":"Pastor iraniano chora mortes por repress\u00e3o violenta no Ir\u00e3: \u2018Regime cruel e maligno\u2019 - R\u00e1dio Porto Seguro","og_description":"Durante uma entrevista comovente \u00e0 CBN News, o pastor iraniano Ara Torosian revelou os horrores enfrentados pela igreja subterr\u00e2nea no Ir\u00e3 em meio \u00e0 onda de assassinatos pelos protestos que querem liberdade e fim do regime. Emocionado, Torosian chorou ao vivo ao relatar as informa\u00e7\u00f5es que recebe diretamente do pa\u00eds, enquanto igrejas s\u00e3o fechadas e [&hellip;]","og_url":"https:\/\/radioportoseguro.com.br\/site\/2026\/01\/28\/pastor-iraniano-chora-mortes-por-repressao-violenta-no-ira-regime-cruel-e-maligno\/","og_site_name":"R\u00e1dio Porto Seguro","article_published_time":"2026-01-28T12:20:22+00:00","og_image":[{"url":"https:\/\/media.guiame.com.br\/archives\/2026\/01\/26\/3024364769-pastor-ara-torosian.png","type":"","width":"","height":""}],"author":"admin","twitter_card":"summary_large_image","twitter_misc":{"Escrito por":"admin","Est. tempo de leitura":"2 minutos"},"schema":{"@context":"https:\/\/schema.org","@graph":[{"@type":"Article","@id":"https:\/\/radioportoseguro.com.br\/site\/2026\/01\/28\/pastor-iraniano-chora-mortes-por-repressao-violenta-no-ira-regime-cruel-e-maligno\/#article","isPartOf":{"@id":"https:\/\/radioportoseguro.com.br\/site\/2026\/01\/28\/pastor-iraniano-chora-mortes-por-repressao-violenta-no-ira-regime-cruel-e-maligno\/"},"author":{"name":"admin","@id":"https:\/\/radioportoseguro.com.br\/site\/#\/schema\/person\/7630acdc320186f13639d3c067ec089b"},"headline":"Pastor iraniano chora mortes por repress\u00e3o violenta no Ir\u00e3: \u2018Regime cruel e maligno\u2019","datePublished":"2026-01-28T12:20:22+00:00","mainEntityOfPage":{"@id":"https:\/\/radioportoseguro.com.br\/site\/2026\/01\/28\/pastor-iraniano-chora-mortes-por-repressao-violenta-no-ira-regime-cruel-e-maligno\/"},"wordCount":501,"image":{"@id":"https:\/\/radioportoseguro.com.br\/site\/2026\/01\/28\/pastor-iraniano-chora-mortes-por-repressao-violenta-no-ira-regime-cruel-e-maligno\/#primaryimage"},"thumbnailUrl":"https:\/\/radioportoseguro.com.br\/site\/wp-content\/uploads\/2026\/01\/3024364769-pastor-ara-torosian.png","articleSection":["Destaques"],"inLanguage":"pt-BR"},{"@type":"WebPage","@id":"https:\/\/radioportoseguro.com.br\/site\/2026\/01\/28\/pastor-iraniano-chora-mortes-por-repressao-violenta-no-ira-regime-cruel-e-maligno\/","url":"https:\/\/radioportoseguro.com.br\/site\/2026\/01\/28\/pastor-iraniano-chora-mortes-por-repressao-violenta-no-ira-regime-cruel-e-maligno\/","name":"Pastor iraniano chora mortes por repress\u00e3o violenta no Ir\u00e3: \u2018Regime cruel e maligno\u2019 - R\u00e1dio Porto Seguro","isPartOf":{"@id":"https:\/\/radioportoseguro.com.br\/site\/#website"},"primaryImageOfPage":{"@id":"https:\/\/radioportoseguro.com.br\/site\/2026\/01\/28\/pastor-iraniano-chora-mortes-por-repressao-violenta-no-ira-regime-cruel-e-maligno\/#primaryimage"},"image":{"@id":"https:\/\/radioportoseguro.com.br\/site\/2026\/01\/28\/pastor-iraniano-chora-mortes-por-repressao-violenta-no-ira-regime-cruel-e-maligno\/#primaryimage"},"thumbnailUrl":"https:\/\/radioportoseguro.com.br\/site\/wp-content\/uploads\/2026\/01\/3024364769-pastor-ara-torosian.png","datePublished":"2026-01-28T12:20:22+00:00","author":{"@id":"https:\/\/radioportoseguro.com.br\/site\/#\/schema\/person\/7630acdc320186f13639d3c067ec089b"},"breadcrumb":{"@id":"https:\/\/radioportoseguro.com.br\/site\/2026\/01\/28\/pastor-iraniano-chora-mortes-por-repressao-violenta-no-ira-regime-cruel-e-maligno\/#breadcrumb"},"inLanguage":"pt-BR","potentialAction":[{"@type":"ReadAction","target":["https:\/\/radioportoseguro.com.br\/site\/2026\/01\/28\/pastor-iraniano-chora-mortes-por-repressao-violenta-no-ira-regime-cruel-e-maligno\/"]}]},{"@type":"ImageObject","inLanguage":"pt-BR","@id":"https:\/\/radioportoseguro.com.br\/site\/2026\/01\/28\/pastor-iraniano-chora-mortes-por-repressao-violenta-no-ira-regime-cruel-e-maligno\/#primaryimage","url":"https:\/\/radioportoseguro.com.br\/site\/wp-content\/uploads\/2026\/01\/3024364769-pastor-ara-torosian.png","contentUrl":"https:\/\/radioportoseguro.com.br\/site\/wp-content\/uploads\/2026\/01\/3024364769-pastor-ara-torosian.png","width":1200,"height":600},{"@type":"BreadcrumbList","@id":"https:\/\/radioportoseguro.com.br\/site\/2026\/01\/28\/pastor-iraniano-chora-mortes-por-repressao-violenta-no-ira-regime-cruel-e-maligno\/#breadcrumb","itemListElement":[{"@type":"ListItem","position":1,"name":"In\u00edcio","item":"https:\/\/radioportoseguro.com.br\/site\/"},{"@type":"ListItem","position":2,"name":"Pastor iraniano chora mortes por repress\u00e3o violenta no Ir\u00e3: \u2018Regime cruel e maligno\u2019"}]},{"@type":"WebSite","@id":"https:\/\/radioportoseguro.com.br\/site\/#website","url":"https:\/\/radioportoseguro.com.br\/site\/","name":"R\u00e1dio Porto Seguro","description":"","potentialAction":[{"@type":"SearchAction","target":{"@type":"EntryPoint","urlTemplate":"https:\/\/radioportoseguro.com.br\/site\/?s={search_term_string}"},"query-input":{"@type":"PropertyValueSpecification","valueRequired":true,"valueName":"search_term_string"}}],"inLanguage":"pt-BR"},{"@type":"Person","@id":"https:\/\/radioportoseguro.com.br\/site\/#\/schema\/person\/7630acdc320186f13639d3c067ec089b","name":"admin","image":{"@type":"ImageObject","inLanguage":"pt-BR","@id":"https:\/\/radioportoseguro.com.br\/site\/#\/schema\/person\/image\/","url":"https:\/\/secure.gravatar.com\/avatar\/caacf4dc1eedb68fab0df8e1ed46c448e578b2466351bbcb61e47d2ac0caaef0?s=96&d=mm&r=g","contentUrl":"https:\/\/secure.gravatar.com\/avatar\/caacf4dc1eedb68fab0df8e1ed46c448e578b2466351bbcb61e47d2ac0caaef0?s=96&d=mm&r=g","caption":"admin"},"sameAs":["https:\/\/radioportoseguro.com.br\/site"],"url":"https:\/\/radioportoseguro.com.br\/site\/author\/hezio\/"}]}},"_links":{"self":[{"href":"https:\/\/radioportoseguro.com.br\/site\/wp-json\/wp\/v2\/posts\/3528","targetHints":{"allow":["GET"]}}],"collection":[{"href":"https:\/\/radioportoseguro.com.br\/site\/wp-json\/wp\/v2\/posts"}],"about":[{"href":"https:\/\/radioportoseguro.com.br\/site\/wp-json\/wp\/v2\/types\/post"}],"author":[{"embeddable":true,"href":"https:\/\/radioportoseguro.com.br\/site\/wp-json\/wp\/v2\/users\/1"}],"replies":[{"embeddable":true,"href":"https:\/\/radioportoseguro.com.br\/site\/wp-json\/wp\/v2\/comments?post=3528"}],"version-history":[{"count":0,"href":"https:\/\/radioportoseguro.com.br\/site\/wp-json\/wp\/v2\/posts\/3528\/revisions"}],"wp:featuredmedia":[{"embeddable":true,"href":"https:\/\/radioportoseguro.com.br\/site\/wp-json\/wp\/v2\/media\/3529"}],"wp:attachment":[{"href":"https:\/\/radioportoseguro.com.br\/site\/wp-json\/wp\/v2\/media?parent=3528"}],"wp:term":[{"taxonomy":"category","embeddable":true,"href":"https:\/\/radioportoseguro.com.br\/site\/wp-json\/wp\/v2\/categories?post=3528"},{"taxonomy":"post_tag","embeddable":true,"href":"https:\/\/radioportoseguro.com.br\/site\/wp-json\/wp\/v2\/tags?post=3528"}],"curies":[{"name":"wp","href":"https:\/\/api.w.org\/{rel}","templated":true}]}}