{"id":3536,"date":"2026-01-28T13:33:24","date_gmt":"2026-01-28T16:33:24","guid":{"rendered":"https:\/\/radioportoseguro.com.br\/site\/2026\/01\/28\/policia-de-londres-proibe-marcha-para-jesus-temendo-provocar-reacao-de-muculmanos\/"},"modified":"2026-01-28T13:33:24","modified_gmt":"2026-01-28T16:33:24","slug":"policia-de-londres-proibe-marcha-para-jesus-temendo-provocar-reacao-de-muculmanos","status":"publish","type":"post","link":"https:\/\/radioportoseguro.com.br\/site\/2026\/01\/28\/policia-de-londres-proibe-marcha-para-jesus-temendo-provocar-reacao-de-muculmanos\/","title":{"rendered":"Pol\u00edcia de Londres pro\u00edbe marcha para Jesus temendo provocar rea\u00e7\u00e3o de mu\u00e7ulmanos"},"content":{"rendered":"<p><br \/>\n<br \/><\/p>\n<div>\n<p><span style=\"font-weight: 400;\">Autoridades de <\/span><strong><span style=\"color: #993300;\">Londres<\/span> <\/strong><span style=\"font-weight: 400;\">proibiram uma marcha para Jesus em uma \u00e1rea predominantemente mu\u00e7ulmana, alegando risco de \u201cviol\u00eancia e dist\u00farbios graves\u201d. O evento estava previsto para o dia 31 de janeiro em Whitechapel, no bairro de Tower Hamlets.<\/span><\/p>\n<p><span style=\"font-weight: 400;\">An\u00fancios publicados nas redes sociais descrevem o evento como uma \u201cmarcha crist\u00e3\u201d, convidando a comunidade: \u201cJunte-se \u00e0 nossa marcha em Whitechapel, adorando Jesus Cristo em 31 de janeiro, o m\u00eas dedicado ao santo nome de Jesus\u201d.<\/span><\/p>\n<p><span style=\"font-weight: 400;\">A decis\u00e3o ocorreu ap\u00f3s epis\u00f3dios anteriores de tens\u00e3o na regi\u00e3o. Em outubro de 2025, uma marcha tamb\u00e9m planejada pelo partido pol\u00edtico brit\u00e2nico UKIP \u2014 Partido da Independ\u00eancia do Reino Unido \u2014 foi for\u00e7ada a ser transferida para o centro de Londres ap\u00f3s interven\u00e7\u00e3o policial.<\/span><\/p>\n<p><span style=\"font-weight: 400;\">Segundo o The Telegraph, a Pol\u00edcia Metropolitana afirmou que, embora a marcha pudesse ocorrer em outro local, seria \u201cimprudente\u201d permitir que acontecesse em Whitechapel, devido ao risco de viol\u00eancia e desordem.<\/span><\/p>\n<p><span style=\"font-weight: 400;\">A mobiliza\u00e7\u00e3o de outubro gerou rea\u00e7\u00e3o de grupos contr\u00e1rios, formados em sua maioria por homens, muitos mascarados e vestidos de preto, que organizaram uma contra-manifesta\u00e7\u00e3o alegando que iriam \u201cdefender sua comunidade\u201d.<\/span><\/p>\n<p><span style=\"font-weight: 400;\">A m\u00eddia internacional informou que os homens declararam frases como \u201cHonraremos todos os nossos m\u00e1rtires\u201d e \u201cAllahu Akbar\u201d, al\u00e9m de gritar contra judeus: &#8220;Esc\u00f3ria sionista fora de nossas ruas&#8221;. A a\u00e7\u00e3o provocou preocupa\u00e7\u00e3o na comunidade judaica local.<\/span><\/p>\n<p><span style=\"font-weight: 400;\">Para Nigel Farage, membro fundador do UKIP, a contra-manifesta\u00e7\u00e3o foi \u201cuma das coisas mais aterrorizantes&#8221; que j\u00e1 viu. Al\u00e9m disso, o l\u00edder acusou a pol\u00edcia de &#8220;ceder aos islamitas&#8221; e &#8220;violar seu direito democr\u00e1tico de reuni\u00e3o&#8221;.\u00a0<\/span><\/p>\n<p><strong>Autoridades defendem a proibi\u00e7\u00e3o<\/strong><\/p>\n<p><span style=\"font-weight: 400;\">A <\/span><strong><span style=\"color: #993300;\">Pol\u00edcia<\/span> <\/strong><span style=\"font-weight: 400;\">Metropolitana proibiu a segunda marcha planejada pelo UKIP, usando poderes previstos na Lei de Ordem P\u00fablica, afirmando que ela representaria &#8220;um risco de viol\u00eancia grave para membros da comunidade e para nossos policiais&#8221;.\u00a0<\/span><\/p>\n<p><span style=\"font-weight: 400;\">Ao comentar a decis\u00e3o das autoridades, o Comiss\u00e1rio Adjunto James Harman disse que havia uma &#8220;probabilidade muito real&#8221; de que a presen\u00e7a do UKIP em Whitechapel &#8220;pudesse levar a s\u00e9rios dist\u00farbios ou desordem&#8221;.\u00a0<\/span><\/p>\n<p><span style=\"font-weight: 400;\">&#8220;N\u00e3o estamos dizendo que o protesto do UKIP, isoladamente, ser\u00e1 desordeiro. Mas sabemos que muitos o achar\u00e3o provocativo e isso levar\u00e1 a uma rea\u00e7\u00e3o local adversa&#8221;, declarou ele.\u00a0<\/span><\/p>\n<p><span style=\"font-weight: 400;\">E continuou: &#8220;Com base nas informa\u00e7\u00f5es dispon\u00edveis e em incidentes semelhantes anteriores, acreditamos razoavelmente que a uni\u00e3o do protesto do UKIP com grupos opositores hostis \u00e0 sua presen\u00e7a provavelmente levar\u00e1 \u00e0 viol\u00eancia e a graves dist\u00farbios. Seria imprudente permitir que um evento acontecesse quando entendemos que existe o risco de viol\u00eancia grave contra membros da comunidade e contra nossos policiais&#8221;.<\/span><\/p>\n<p><span style=\"font-weight: 400;\">A Rede de Solidariedade \u00e0 Palestina de Tower Hamlets apoiou a decis\u00e3o da pol\u00edcia e afirmou que o bairro possui uma \u201clonga e orgulhosa hist\u00f3ria de luta contra o fascismo\u201d e agradeceu aos l\u00edderes locais por pressionarem a pol\u00edcia.<\/span><\/p>\n<p><span style=\"font-weight: 400;\">&#8220;Agradecemos ao prefeito, ao Conselho e aos nossos l\u00edderes religiosos e comunit\u00e1rios por pressionarem a pol\u00edcia para proteger nosso bairro&#8221;, compartilharam nas redes sociais.<\/span><\/p>\n<p><span style=\"font-weight: 400;\">O prefeito de Tower Hamlets, Lutfur Rahman, declarou ter se reunido com l\u00edderes religiosos, incluindo crist\u00e3os de diversas denomina\u00e7\u00f5es, para discutir o ocorrido.<\/span><\/p>\n<\/div>\n<p><br \/>\n<br \/>Fonte: Guiame <\/p>\n","protected":false},"excerpt":{"rendered":"<p>Autoridades de Londres proibiram uma marcha para Jesus em uma \u00e1rea predominantemente mu\u00e7ulmana, alegando risco de \u201cviol\u00eancia e dist\u00farbios graves\u201d. O evento estava previsto para o dia 31 de janeiro em Whitechapel, no bairro de Tower Hamlets. An\u00fancios publicados nas redes sociais descrevem o evento como uma \u201cmarcha crist\u00e3\u201d, convidando a comunidade: \u201cJunte-se \u00e0 nossa [&hellip;]<\/p>\n","protected":false},"author":1,"featured_media":3537,"comment_status":"","ping_status":"open","sticky":false,"template":"","format":"standard","meta":{"footnotes":""},"categories":[43],"tags":[],"class_list":["post-3536","post","type-post","status-publish","format-standard","has-post-thumbnail","hentry","category-destaques"],"yoast_head":"<!-- This site is optimized with the Yoast SEO plugin v26.8 - https:\/\/yoast.com\/product\/yoast-seo-wordpress\/ -->\n<title>Pol\u00edcia de Londres pro\u00edbe marcha para Jesus temendo provocar rea\u00e7\u00e3o de mu\u00e7ulmanos - R\u00e1dio Porto Seguro<\/title>\n<meta name=\"robots\" content=\"index, follow, max-snippet:-1, max-image-preview:large, max-video-preview:-1\" \/>\n<link rel=\"canonical\" href=\"https:\/\/radioportoseguro.com.br\/site\/2026\/01\/28\/policia-de-londres-proibe-marcha-para-jesus-temendo-provocar-reacao-de-muculmanos\/\" \/>\n<meta property=\"og:locale\" content=\"pt_BR\" \/>\n<meta property=\"og:type\" content=\"article\" \/>\n<meta property=\"og:title\" content=\"Pol\u00edcia de Londres pro\u00edbe marcha para Jesus temendo provocar rea\u00e7\u00e3o de mu\u00e7ulmanos - R\u00e1dio Porto Seguro\" \/>\n<meta property=\"og:description\" content=\"Autoridades de Londres proibiram uma marcha para Jesus em uma \u00e1rea predominantemente mu\u00e7ulmana, alegando risco de \u201cviol\u00eancia e dist\u00farbios graves\u201d. O evento estava previsto para o dia 31 de janeiro em Whitechapel, no bairro de Tower Hamlets. An\u00fancios publicados nas redes sociais descrevem o evento como uma \u201cmarcha crist\u00e3\u201d, convidando a comunidade: \u201cJunte-se \u00e0 nossa [&hellip;]\" \/>\n<meta property=\"og:url\" content=\"https:\/\/radioportoseguro.com.br\/site\/2026\/01\/28\/policia-de-londres-proibe-marcha-para-jesus-temendo-provocar-reacao-de-muculmanos\/\" \/>\n<meta property=\"og:site_name\" content=\"R\u00e1dio Porto Seguro\" \/>\n<meta property=\"article:published_time\" content=\"2026-01-28T16:33:24+00:00\" \/>\n<meta property=\"og:image\" content=\"https:\/\/media.guiame.com.br\/archives\/2026\/01\/26\/1664302026-imagem-ilustrativa.jpeg\" \/>\n<meta name=\"author\" content=\"admin\" \/>\n<meta name=\"twitter:card\" content=\"summary_large_image\" \/>\n<meta name=\"twitter:label1\" content=\"Escrito por\" \/>\n\t<meta name=\"twitter:data1\" content=\"admin\" \/>\n\t<meta name=\"twitter:label2\" content=\"Est. tempo de leitura\" \/>\n\t<meta name=\"twitter:data2\" content=\"3 minutos\" \/>\n<script type=\"application\/ld+json\" class=\"yoast-schema-graph\">{\"@context\":\"https:\/\/schema.org\",\"@graph\":[{\"@type\":\"Article\",\"@id\":\"https:\/\/radioportoseguro.com.br\/site\/2026\/01\/28\/policia-de-londres-proibe-marcha-para-jesus-temendo-provocar-reacao-de-muculmanos\/#article\",\"isPartOf\":{\"@id\":\"https:\/\/radioportoseguro.com.br\/site\/2026\/01\/28\/policia-de-londres-proibe-marcha-para-jesus-temendo-provocar-reacao-de-muculmanos\/\"},\"author\":{\"name\":\"admin\",\"@id\":\"https:\/\/radioportoseguro.com.br\/site\/#\/schema\/person\/7630acdc320186f13639d3c067ec089b\"},\"headline\":\"Pol\u00edcia de Londres pro\u00edbe marcha para Jesus temendo provocar rea\u00e7\u00e3o de mu\u00e7ulmanos\",\"datePublished\":\"2026-01-28T16:33:24+00:00\",\"mainEntityOfPage\":{\"@id\":\"https:\/\/radioportoseguro.com.br\/site\/2026\/01\/28\/policia-de-londres-proibe-marcha-para-jesus-temendo-provocar-reacao-de-muculmanos\/\"},\"wordCount\":574,\"image\":{\"@id\":\"https:\/\/radioportoseguro.com.br\/site\/2026\/01\/28\/policia-de-londres-proibe-marcha-para-jesus-temendo-provocar-reacao-de-muculmanos\/#primaryimage\"},\"thumbnailUrl\":\"https:\/\/radioportoseguro.com.br\/site\/wp-content\/uploads\/2026\/01\/1664302026-imagem-ilustrativa.jpeg\",\"articleSection\":[\"Destaques\"],\"inLanguage\":\"pt-BR\"},{\"@type\":\"WebPage\",\"@id\":\"https:\/\/radioportoseguro.com.br\/site\/2026\/01\/28\/policia-de-londres-proibe-marcha-para-jesus-temendo-provocar-reacao-de-muculmanos\/\",\"url\":\"https:\/\/radioportoseguro.com.br\/site\/2026\/01\/28\/policia-de-londres-proibe-marcha-para-jesus-temendo-provocar-reacao-de-muculmanos\/\",\"name\":\"Pol\u00edcia de Londres pro\u00edbe marcha para Jesus temendo provocar rea\u00e7\u00e3o de mu\u00e7ulmanos - R\u00e1dio Porto Seguro\",\"isPartOf\":{\"@id\":\"https:\/\/radioportoseguro.com.br\/site\/#website\"},\"primaryImageOfPage\":{\"@id\":\"https:\/\/radioportoseguro.com.br\/site\/2026\/01\/28\/policia-de-londres-proibe-marcha-para-jesus-temendo-provocar-reacao-de-muculmanos\/#primaryimage\"},\"image\":{\"@id\":\"https:\/\/radioportoseguro.com.br\/site\/2026\/01\/28\/policia-de-londres-proibe-marcha-para-jesus-temendo-provocar-reacao-de-muculmanos\/#primaryimage\"},\"thumbnailUrl\":\"https:\/\/radioportoseguro.com.br\/site\/wp-content\/uploads\/2026\/01\/1664302026-imagem-ilustrativa.jpeg\",\"datePublished\":\"2026-01-28T16:33:24+00:00\",\"author\":{\"@id\":\"https:\/\/radioportoseguro.com.br\/site\/#\/schema\/person\/7630acdc320186f13639d3c067ec089b\"},\"breadcrumb\":{\"@id\":\"https:\/\/radioportoseguro.com.br\/site\/2026\/01\/28\/policia-de-londres-proibe-marcha-para-jesus-temendo-provocar-reacao-de-muculmanos\/#breadcrumb\"},\"inLanguage\":\"pt-BR\",\"potentialAction\":[{\"@type\":\"ReadAction\",\"target\":[\"https:\/\/radioportoseguro.com.br\/site\/2026\/01\/28\/policia-de-londres-proibe-marcha-para-jesus-temendo-provocar-reacao-de-muculmanos\/\"]}]},{\"@type\":\"ImageObject\",\"inLanguage\":\"pt-BR\",\"@id\":\"https:\/\/radioportoseguro.com.br\/site\/2026\/01\/28\/policia-de-londres-proibe-marcha-para-jesus-temendo-provocar-reacao-de-muculmanos\/#primaryimage\",\"url\":\"https:\/\/radioportoseguro.com.br\/site\/wp-content\/uploads\/2026\/01\/1664302026-imagem-ilustrativa.jpeg\",\"contentUrl\":\"https:\/\/radioportoseguro.com.br\/site\/wp-content\/uploads\/2026\/01\/1664302026-imagem-ilustrativa.jpeg\",\"width\":1200,\"height\":600},{\"@type\":\"BreadcrumbList\",\"@id\":\"https:\/\/radioportoseguro.com.br\/site\/2026\/01\/28\/policia-de-londres-proibe-marcha-para-jesus-temendo-provocar-reacao-de-muculmanos\/#breadcrumb\",\"itemListElement\":[{\"@type\":\"ListItem\",\"position\":1,\"name\":\"In\u00edcio\",\"item\":\"https:\/\/radioportoseguro.com.br\/site\/\"},{\"@type\":\"ListItem\",\"position\":2,\"name\":\"Pol\u00edcia de Londres pro\u00edbe marcha para Jesus temendo provocar rea\u00e7\u00e3o de mu\u00e7ulmanos\"}]},{\"@type\":\"WebSite\",\"@id\":\"https:\/\/radioportoseguro.com.br\/site\/#website\",\"url\":\"https:\/\/radioportoseguro.com.br\/site\/\",\"name\":\"R\u00e1dio Porto Seguro\",\"description\":\"\",\"potentialAction\":[{\"@type\":\"SearchAction\",\"target\":{\"@type\":\"EntryPoint\",\"urlTemplate\":\"https:\/\/radioportoseguro.com.br\/site\/?s={search_term_string}\"},\"query-input\":{\"@type\":\"PropertyValueSpecification\",\"valueRequired\":true,\"valueName\":\"search_term_string\"}}],\"inLanguage\":\"pt-BR\"},{\"@type\":\"Person\",\"@id\":\"https:\/\/radioportoseguro.com.br\/site\/#\/schema\/person\/7630acdc320186f13639d3c067ec089b\",\"name\":\"admin\",\"image\":{\"@type\":\"ImageObject\",\"inLanguage\":\"pt-BR\",\"@id\":\"https:\/\/radioportoseguro.com.br\/site\/#\/schema\/person\/image\/\",\"url\":\"https:\/\/secure.gravatar.com\/avatar\/caacf4dc1eedb68fab0df8e1ed46c448e578b2466351bbcb61e47d2ac0caaef0?s=96&d=mm&r=g\",\"contentUrl\":\"https:\/\/secure.gravatar.com\/avatar\/caacf4dc1eedb68fab0df8e1ed46c448e578b2466351bbcb61e47d2ac0caaef0?s=96&d=mm&r=g\",\"caption\":\"admin\"},\"sameAs\":[\"https:\/\/radioportoseguro.com.br\/site\"],\"url\":\"https:\/\/radioportoseguro.com.br\/site\/author\/hezio\/\"}]}<\/script>\n<!-- \/ Yoast SEO plugin. -->","yoast_head_json":{"title":"Pol\u00edcia de Londres pro\u00edbe marcha para Jesus temendo provocar rea\u00e7\u00e3o de mu\u00e7ulmanos - R\u00e1dio Porto Seguro","robots":{"index":"index","follow":"follow","max-snippet":"max-snippet:-1","max-image-preview":"max-image-preview:large","max-video-preview":"max-video-preview:-1"},"canonical":"https:\/\/radioportoseguro.com.br\/site\/2026\/01\/28\/policia-de-londres-proibe-marcha-para-jesus-temendo-provocar-reacao-de-muculmanos\/","og_locale":"pt_BR","og_type":"article","og_title":"Pol\u00edcia de Londres pro\u00edbe marcha para Jesus temendo provocar rea\u00e7\u00e3o de mu\u00e7ulmanos - R\u00e1dio Porto Seguro","og_description":"Autoridades de Londres proibiram uma marcha para Jesus em uma \u00e1rea predominantemente mu\u00e7ulmana, alegando risco de \u201cviol\u00eancia e dist\u00farbios graves\u201d. O evento estava previsto para o dia 31 de janeiro em Whitechapel, no bairro de Tower Hamlets. An\u00fancios publicados nas redes sociais descrevem o evento como uma \u201cmarcha crist\u00e3\u201d, convidando a comunidade: \u201cJunte-se \u00e0 nossa [&hellip;]","og_url":"https:\/\/radioportoseguro.com.br\/site\/2026\/01\/28\/policia-de-londres-proibe-marcha-para-jesus-temendo-provocar-reacao-de-muculmanos\/","og_site_name":"R\u00e1dio Porto Seguro","article_published_time":"2026-01-28T16:33:24+00:00","og_image":[{"url":"https:\/\/media.guiame.com.br\/archives\/2026\/01\/26\/1664302026-imagem-ilustrativa.jpeg","type":"","width":"","height":""}],"author":"admin","twitter_card":"summary_large_image","twitter_misc":{"Escrito por":"admin","Est. tempo de leitura":"3 minutos"},"schema":{"@context":"https:\/\/schema.org","@graph":[{"@type":"Article","@id":"https:\/\/radioportoseguro.com.br\/site\/2026\/01\/28\/policia-de-londres-proibe-marcha-para-jesus-temendo-provocar-reacao-de-muculmanos\/#article","isPartOf":{"@id":"https:\/\/radioportoseguro.com.br\/site\/2026\/01\/28\/policia-de-londres-proibe-marcha-para-jesus-temendo-provocar-reacao-de-muculmanos\/"},"author":{"name":"admin","@id":"https:\/\/radioportoseguro.com.br\/site\/#\/schema\/person\/7630acdc320186f13639d3c067ec089b"},"headline":"Pol\u00edcia de Londres pro\u00edbe marcha para Jesus temendo provocar rea\u00e7\u00e3o de mu\u00e7ulmanos","datePublished":"2026-01-28T16:33:24+00:00","mainEntityOfPage":{"@id":"https:\/\/radioportoseguro.com.br\/site\/2026\/01\/28\/policia-de-londres-proibe-marcha-para-jesus-temendo-provocar-reacao-de-muculmanos\/"},"wordCount":574,"image":{"@id":"https:\/\/radioportoseguro.com.br\/site\/2026\/01\/28\/policia-de-londres-proibe-marcha-para-jesus-temendo-provocar-reacao-de-muculmanos\/#primaryimage"},"thumbnailUrl":"https:\/\/radioportoseguro.com.br\/site\/wp-content\/uploads\/2026\/01\/1664302026-imagem-ilustrativa.jpeg","articleSection":["Destaques"],"inLanguage":"pt-BR"},{"@type":"WebPage","@id":"https:\/\/radioportoseguro.com.br\/site\/2026\/01\/28\/policia-de-londres-proibe-marcha-para-jesus-temendo-provocar-reacao-de-muculmanos\/","url":"https:\/\/radioportoseguro.com.br\/site\/2026\/01\/28\/policia-de-londres-proibe-marcha-para-jesus-temendo-provocar-reacao-de-muculmanos\/","name":"Pol\u00edcia de Londres pro\u00edbe marcha para Jesus temendo provocar rea\u00e7\u00e3o de mu\u00e7ulmanos - R\u00e1dio Porto Seguro","isPartOf":{"@id":"https:\/\/radioportoseguro.com.br\/site\/#website"},"primaryImageOfPage":{"@id":"https:\/\/radioportoseguro.com.br\/site\/2026\/01\/28\/policia-de-londres-proibe-marcha-para-jesus-temendo-provocar-reacao-de-muculmanos\/#primaryimage"},"image":{"@id":"https:\/\/radioportoseguro.com.br\/site\/2026\/01\/28\/policia-de-londres-proibe-marcha-para-jesus-temendo-provocar-reacao-de-muculmanos\/#primaryimage"},"thumbnailUrl":"https:\/\/radioportoseguro.com.br\/site\/wp-content\/uploads\/2026\/01\/1664302026-imagem-ilustrativa.jpeg","datePublished":"2026-01-28T16:33:24+00:00","author":{"@id":"https:\/\/radioportoseguro.com.br\/site\/#\/schema\/person\/7630acdc320186f13639d3c067ec089b"},"breadcrumb":{"@id":"https:\/\/radioportoseguro.com.br\/site\/2026\/01\/28\/policia-de-londres-proibe-marcha-para-jesus-temendo-provocar-reacao-de-muculmanos\/#breadcrumb"},"inLanguage":"pt-BR","potentialAction":[{"@type":"ReadAction","target":["https:\/\/radioportoseguro.com.br\/site\/2026\/01\/28\/policia-de-londres-proibe-marcha-para-jesus-temendo-provocar-reacao-de-muculmanos\/"]}]},{"@type":"ImageObject","inLanguage":"pt-BR","@id":"https:\/\/radioportoseguro.com.br\/site\/2026\/01\/28\/policia-de-londres-proibe-marcha-para-jesus-temendo-provocar-reacao-de-muculmanos\/#primaryimage","url":"https:\/\/radioportoseguro.com.br\/site\/wp-content\/uploads\/2026\/01\/1664302026-imagem-ilustrativa.jpeg","contentUrl":"https:\/\/radioportoseguro.com.br\/site\/wp-content\/uploads\/2026\/01\/1664302026-imagem-ilustrativa.jpeg","width":1200,"height":600},{"@type":"BreadcrumbList","@id":"https:\/\/radioportoseguro.com.br\/site\/2026\/01\/28\/policia-de-londres-proibe-marcha-para-jesus-temendo-provocar-reacao-de-muculmanos\/#breadcrumb","itemListElement":[{"@type":"ListItem","position":1,"name":"In\u00edcio","item":"https:\/\/radioportoseguro.com.br\/site\/"},{"@type":"ListItem","position":2,"name":"Pol\u00edcia de Londres pro\u00edbe marcha para Jesus temendo provocar rea\u00e7\u00e3o de mu\u00e7ulmanos"}]},{"@type":"WebSite","@id":"https:\/\/radioportoseguro.com.br\/site\/#website","url":"https:\/\/radioportoseguro.com.br\/site\/","name":"R\u00e1dio Porto Seguro","description":"","potentialAction":[{"@type":"SearchAction","target":{"@type":"EntryPoint","urlTemplate":"https:\/\/radioportoseguro.com.br\/site\/?s={search_term_string}"},"query-input":{"@type":"PropertyValueSpecification","valueRequired":true,"valueName":"search_term_string"}}],"inLanguage":"pt-BR"},{"@type":"Person","@id":"https:\/\/radioportoseguro.com.br\/site\/#\/schema\/person\/7630acdc320186f13639d3c067ec089b","name":"admin","image":{"@type":"ImageObject","inLanguage":"pt-BR","@id":"https:\/\/radioportoseguro.com.br\/site\/#\/schema\/person\/image\/","url":"https:\/\/secure.gravatar.com\/avatar\/caacf4dc1eedb68fab0df8e1ed46c448e578b2466351bbcb61e47d2ac0caaef0?s=96&d=mm&r=g","contentUrl":"https:\/\/secure.gravatar.com\/avatar\/caacf4dc1eedb68fab0df8e1ed46c448e578b2466351bbcb61e47d2ac0caaef0?s=96&d=mm&r=g","caption":"admin"},"sameAs":["https:\/\/radioportoseguro.com.br\/site"],"url":"https:\/\/radioportoseguro.com.br\/site\/author\/hezio\/"}]}},"_links":{"self":[{"href":"https:\/\/radioportoseguro.com.br\/site\/wp-json\/wp\/v2\/posts\/3536","targetHints":{"allow":["GET"]}}],"collection":[{"href":"https:\/\/radioportoseguro.com.br\/site\/wp-json\/wp\/v2\/posts"}],"about":[{"href":"https:\/\/radioportoseguro.com.br\/site\/wp-json\/wp\/v2\/types\/post"}],"author":[{"embeddable":true,"href":"https:\/\/radioportoseguro.com.br\/site\/wp-json\/wp\/v2\/users\/1"}],"replies":[{"embeddable":true,"href":"https:\/\/radioportoseguro.com.br\/site\/wp-json\/wp\/v2\/comments?post=3536"}],"version-history":[{"count":0,"href":"https:\/\/radioportoseguro.com.br\/site\/wp-json\/wp\/v2\/posts\/3536\/revisions"}],"wp:featuredmedia":[{"embeddable":true,"href":"https:\/\/radioportoseguro.com.br\/site\/wp-json\/wp\/v2\/media\/3537"}],"wp:attachment":[{"href":"https:\/\/radioportoseguro.com.br\/site\/wp-json\/wp\/v2\/media?parent=3536"}],"wp:term":[{"taxonomy":"category","embeddable":true,"href":"https:\/\/radioportoseguro.com.br\/site\/wp-json\/wp\/v2\/categories?post=3536"},{"taxonomy":"post_tag","embeddable":true,"href":"https:\/\/radioportoseguro.com.br\/site\/wp-json\/wp\/v2\/tags?post=3536"}],"curies":[{"name":"wp","href":"https:\/\/api.w.org\/{rel}","templated":true}]}}