{"id":3538,"date":"2026-01-28T15:34:58","date_gmt":"2026-01-28T18:34:58","guid":{"rendered":"https:\/\/radioportoseguro.com.br\/site\/2026\/01\/28\/cristaos-repudiam-silencio-sobre-massacre-no-ira-com-mais-de-36-000-mortos-monstruoso\/"},"modified":"2026-01-28T15:34:58","modified_gmt":"2026-01-28T18:34:58","slug":"cristaos-repudiam-silencio-sobre-massacre-no-ira-com-mais-de-36-000-mortos-monstruoso","status":"publish","type":"post","link":"https:\/\/radioportoseguro.com.br\/site\/2026\/01\/28\/cristaos-repudiam-silencio-sobre-massacre-no-ira-com-mais-de-36-000-mortos-monstruoso\/","title":{"rendered":"Crist\u00e3os repudiam sil\u00eancio sobre massacre no Ir\u00e3 com mais de 36.000 mortos: \u2018Monstruoso\u2019"},"content":{"rendered":"<p><br \/>\n<br \/><\/p>\n<div>\n<p>O portal iraniano Iran International, ligado \u00e0 oposi\u00e7\u00e3o, informou no domingo (25) que mais de 36 mil pessoas foram mortas pelo <span style=\"color: #800000;\"><strong>regime aiatol\u00e1<\/strong><\/span> durante o auge dos protestos no in\u00edcio deste m\u00eas, n\u00fameros semelhantes aos divulgados pela revista Time.<\/p>\n<p>Segundo o ve\u00edculo, a estimativa de mortos na violenta repress\u00e3o ocorrida em 8 e 9 de janeiro foi baseada em dados extensos obtidos a partir de \u201cdocumentos confidenciais, relat\u00f3rios de campo e relatos de profissionais de sa\u00fade, testemunhas e familiares das v\u00edtimas\u201d.<\/p>\n<p>A publica\u00e7\u00e3o afirmou que os n\u00fameros tornam esses assassinatos \u201co massacre mais sangrento de civis durante protestos de rua, em um intervalo de dois dias, na hist\u00f3ria\u201d.<\/p>\n<p>De acordo com o relat\u00f3rio, a maioria dos assassinatos foi cometida pelo Corpo da Guarda Revolucion\u00e1ria Isl\u00e2mica (IRGC) e pela mil\u00edcia aliada Basij, embora tamb\u00e9m tenham sido utilizados combatentes proxies vindos do Iraque e da S\u00edria.<\/p>\n<p><strong>Rep\u00fadio ao sil\u00eancio global<\/strong><\/p>\n<p>L\u00edderes crist\u00e3os t\u00eam recorrido \u00e0s pr\u00f3prias redes sociais para repercutir o massacre de civis \u2013 incluindo crian\u00e7as \u2013 durante os protestos nas ruas de dezenas de cidades iranianas.<\/p>\n<p>O te\u00f3logo <span style=\"color: #800000;\"><strong>Franklin Ferreira<\/strong><\/span> publicou em sua p\u00e1gina no Instagram, ele escreveu:<\/p>\n<p>\u201cO ESC\u00c2NDALO DO SIL\u00caNCI0 GLOBAL<\/p>\n<p>Em apenas 150 horas, o n\u00famero de manifestantes corajosos do Ir\u00e3 massacrados pelo seu pr\u00f3prio regime monstruoso j\u00e1 ultrapassa o n\u00famero de judeus mortos por mu\u00e7ulmanos ao longo de 150 anos.\u201d<\/p>\n<blockquote class=\"instagram-media\" style=\"background: #FFF; border: 0; border-radius: 3px; box-shadow: 0 0 1px 0 rgba(0,0,0,0.5),0 1px 10px 0 rgba(0,0,0,0.15); margin: 1px; max-width: 540px; min-width: 326px; padding: 0; width: calc(100% - 2px);\" data-instgrm-captioned=\"\" data-instgrm-permalink=\"https:\/\/www.instagram.com\/p\/DT8Le-Ake2T\/?utm_source=ig_embed&amp;utm_campaign=loading\" data-instgrm-version=\"14\"><p>&#13;<br \/>\n&#13;\n<\/p><\/blockquote>\n<p>\u201cPensar que o n\u00famero de 43.000 v\u00edtimas do terror iraniano hoje j\u00e1 \u00e9 considerado abaixo da realidade \u00e9 simplesmente inconceb\u00edvel.<\/p>\n<p>E, ainda assim, o mundo permanece em sil\u00eancio.\u201d<\/p>\n<p>O cantor e mission\u00e1rio <span style=\"color: #800000;\"><strong>Sean Feucht<\/strong><\/span>, l\u00edder do movimento Let us Worship, tamb\u00e9m se manifestou publicamente em seu perfil no X:<\/p>\n<p>\u201cPOR QUE N\u00c3O H\u00c1 MAIS PESSOAS? Estamos falando sobre isso? O n\u00famero de mortos no Ir\u00e3 j\u00e1 ultrapassa 40.000\u201d.<\/p>\n<blockquote class=\"twitter-tweet\"><p>&#13;<\/p>\n<p dir=\"ltr\" lang=\"en\">WHY AREN\u2019T MORE PEOPLE<br \/>TALKING ABOUT THIS? <\/p>\n<p>The numbers are now over 40,000 dead in Iran. \ud83d\ude4f\ud83c\udffd <a href=\"https:\/\/t.co\/7c8yanITfg\">pic.twitter.com\/7c8yanITfg<\/a><\/p>\n<p>&#13;<br \/>\n\u2014 Sean Feucht (@seanfeucht) <a href=\"https:\/\/twitter.com\/seanfeucht\/status\/2015665192894664897?ref_src=twsrc%5Etfw\">January 26, 2026<\/a><\/p><\/blockquote>\n<p><strong>\u2018Repress\u00e3o brutal\u2019<\/strong><\/p>\n<p>Fontes do Minist\u00e9rio do Interior, sob condi\u00e7\u00e3o de anonimato, informaram ao ve\u00edculo que dados apresentados pelos conselhos provinciais de seguran\u00e7a em 20 de janeiro indicam que o n\u00famero de mortos ultrapassa 30 mil.<\/p>\n<p>A Iran International afirmou ainda ter tido acesso a um relat\u00f3rio apresentado em 21 de janeiro ao Comit\u00ea de Seguran\u00e7a Nacional e Pol\u00edtica Externa do parlamento iraniano, que estimava o n\u00famero de mortos em mais de 27,5 mil.<\/p>\n<p>Al\u00e9m disso, duas fontes do Conselho Supremo de Seguran\u00e7a Nacional informaram ao ve\u00edculo que o IRGC compilou, na semana passada, dois relat\u00f3rios: um estimando mais de 33 mil mortos e outro apontando mais de 36,5 mil.<\/p>\n<p>O ve\u00edculo tamb\u00e9m afirmou ter recebido provas \u2013 incluindo fotografias \u2013 de que algumas pessoas foram executadas pelas for\u00e7as de seguran\u00e7a enquanto recebiam tratamento para ferimentos em hospitais.<\/p>\n<p>\u201cOs assassinatos organizados em todo o Ir\u00e3 indicam que a repress\u00e3o brutal foi realizada com a concord\u00e2ncia e coopera\u00e7\u00e3o das institui\u00e7\u00f5es estatais e sob ordens das mais altas autoridades da Rep\u00fablica Isl\u00e2mica\u201d, afirmou.<\/p>\n<p>Em reportagem publicada no domingo, a revista Time afirmou que o n\u00famero de mortos pode ultrapassar 30 mil, citando dois altos funcion\u00e1rios n\u00e3o identificados do Minist\u00e9rio da Sa\u00fade iraniano.<\/p>\n<p>A publica\u00e7\u00e3o destacou que n\u00e3o conseguiu verificar os dados de forma independente, mas ressaltou que a estimativa est\u00e1 alinhada com relatos de m\u00e9dicos e outros socorristas que atuaram nos protestos.<\/p>\n<p><strong>Sem sacos para cad\u00e1veres<\/strong><\/p>\n<p>O relat\u00f3rio indicou que, segundo autoridades de sa\u00fade, cerca de 30 mil pessoas foram mortas apenas entre os dias 8 e 9 de janeiro, durante o auge dos protestos anti-regime que se prolongaram por semanas e se espalharam pelo pa\u00eds.<\/p>\n<p>A Time acrescentou que, conforme essas autoridades, o governo chegou a utilizar caminh\u00f5es de 18 rodas em vez de ambul\u00e2ncias e ficou sem sacos para cad\u00e1veres.<\/p>\n<p>O porta-voz do Minist\u00e9rio das Rela\u00e7\u00f5es Exteriores do Ir\u00e3, Esmaeil Baqaei, classificou a reportagem da Time como uma \u201cgrande mentira ao estilo Hitler\u201d.<\/p>\n<p>Em uma postagem na rede social X, Baqaei escreveu: \u201cN\u00e3o era esse o n\u00famero que eles planejavam matar nas ruas do Ir\u00e3?! Mas falharam, e agora tentam fingir isso na m\u00eddia. Realmente cruel!\u201d<\/p>\n<p>As estimativas surgem enquanto o The New York Times noticiava que o L\u00edder Supremo do Ir\u00e3, Ali Khamenei, teria instru\u00eddo as for\u00e7as de seguran\u00e7a, em 9 de janeiro, a \u201cesmagar\u201d as manifesta\u00e7\u00f5es em massa no pa\u00eds \u201cpor quaisquer meios necess\u00e1rios\u201d.<\/p>\n<p><strong>Bloqueio \u00e0 internet<\/strong><\/p>\n<p>Mencionando dois oficiais iranianos n\u00e3o identificados, com conhecimento das ordens do l\u00edder, o jornal afirmou que as for\u00e7as foram instru\u00eddas a \u201catirar para matar e n\u00e3o demonstrar miseric\u00f3rdia\u201d.<\/p>\n<p>Relat\u00f3rios anteriores tamb\u00e9m apontaram os dias 8 e 9 de janeiro como marcados por massacres em massa de manifestantes, quando for\u00e7as de seguran\u00e7a dispararam muni\u00e7\u00e3o real contra multid\u00f5es.<\/p>\n<p>Em 8 de janeiro, o Ir\u00e3 imp\u00f4s um bloqueio \u00e0 internet, cujo servi\u00e7o completo ainda n\u00e3o foi restaurado, e tamb\u00e9m bloqueou chamadas internacionais.<\/p>\n<p>Mesmo assim, algumas informa\u00e7\u00f5es foram surgindo aos poucos, incluindo supostos v\u00eddeos de execu\u00e7\u00f5es e v\u00edtimas em massa, al\u00e9m de depoimentos de m\u00e9dicos.<\/p>\n<p>Embora n\u00e3o ocorram manifesta\u00e7\u00f5es no Ir\u00e3 h\u00e1 v\u00e1rios dias, o n\u00famero de mortos relatado por ativistas continua a crescer.<\/p>\n<p>At\u00e9 o momento, o governo iraniano reconheceu oficialmente 3.117 mortes, incluindo alguns integrantes das for\u00e7as de seguran\u00e7a.<\/p>\n<p><strong>Queda do regime aiatol\u00e1<\/strong><\/p>\n<p>Os <span style=\"color: #800000;\"><strong>protestos no Ir\u00e3<\/strong><\/span> come\u00e7aram em 28 de dezembro, desencadeados pelo colapso da moeda nacional, o rial, e se espalharam pelo pa\u00eds por cerca de duas semanas.<\/p>\n<p>Em resposta, o governo lan\u00e7ou uma repress\u00e3o brutal, resultando na morte de milhares e na pris\u00e3o de dezenas de milhares.<\/p>\n<p>Segundo relatos, o Ir\u00e3 restringiu a atua\u00e7\u00e3o de jornalistas locais na cobertura das consequ\u00eancias, enquanto a televis\u00e3o estatal exibiu repetidamente alega\u00e7\u00f5es que descrevem os manifestantes como agentes motivados pelos EUA e Israel, sem apresentar evid\u00eancias que sustentem essas afirma\u00e7\u00f5es.<\/p>\n<p>A atualiza\u00e7\u00e3o ocorre enquanto as tens\u00f5es permanecem elevadas ap\u00f3s o presidente dos EUA, Donald Trump, ter estabelecido duas linhas vermelhas em rela\u00e7\u00e3o aos protestos \u2013 a morte de manifestantes pac\u00edficos e a realiza\u00e7\u00e3o de execu\u00e7\u00f5es em massa por Teer\u00e3.<\/p>\n<p>Refor\u00e7ando a amea\u00e7a, o Ex\u00e9rcito dos EUA deslocou mais recursos militares para o Oriente M\u00e9dio, incluindo o porta-avi\u00f5es USS Abraham Lincoln e navios de guerra que o acompanham, vindos do Mar do Sul da China.<\/p>\n<\/div>\n<p><script async src=\"\/\/platform.twitter.com\/widgets.js\" charset=\"utf-8\"><\/script><script async src=\"\/\/www.instagram.com\/embed.js\"><\/script><br \/>\n<br \/><br \/>\n<br \/>Fonte: Guiame <\/p>\n","protected":false},"excerpt":{"rendered":"<p>O portal iraniano Iran International, ligado \u00e0 oposi\u00e7\u00e3o, informou no domingo (25) que mais de 36 mil pessoas foram mortas pelo regime aiatol\u00e1 durante o auge dos protestos no in\u00edcio deste m\u00eas, n\u00fameros semelhantes aos divulgados pela revista Time. Segundo o ve\u00edculo, a estimativa de mortos na violenta repress\u00e3o ocorrida em 8 e 9 de [&hellip;]<\/p>\n","protected":false},"author":1,"featured_media":3539,"comment_status":"","ping_status":"open","sticky":false,"template":"","format":"standard","meta":{"footnotes":""},"categories":[43],"tags":[],"class_list":["post-3538","post","type-post","status-publish","format-standard","has-post-thumbnail","hentry","category-destaques"],"yoast_head":"<!-- This site is optimized with the Yoast SEO plugin v26.8 - https:\/\/yoast.com\/product\/yoast-seo-wordpress\/ -->\n<title>Crist\u00e3os repudiam sil\u00eancio sobre massacre no Ir\u00e3 com mais de 36.000 mortos: \u2018Monstruoso\u2019 - R\u00e1dio Porto Seguro<\/title>\n<meta name=\"robots\" content=\"index, follow, max-snippet:-1, max-image-preview:large, max-video-preview:-1\" \/>\n<link rel=\"canonical\" href=\"https:\/\/radioportoseguro.com.br\/site\/2026\/01\/28\/cristaos-repudiam-silencio-sobre-massacre-no-ira-com-mais-de-36-000-mortos-monstruoso\/\" \/>\n<meta property=\"og:locale\" content=\"pt_BR\" \/>\n<meta property=\"og:type\" content=\"article\" \/>\n<meta property=\"og:title\" content=\"Crist\u00e3os repudiam sil\u00eancio sobre massacre no Ir\u00e3 com mais de 36.000 mortos: \u2018Monstruoso\u2019 - R\u00e1dio Porto Seguro\" \/>\n<meta property=\"og:description\" content=\"O portal iraniano Iran International, ligado \u00e0 oposi\u00e7\u00e3o, informou no domingo (25) que mais de 36 mil pessoas foram mortas pelo regime aiatol\u00e1 durante o auge dos protestos no in\u00edcio deste m\u00eas, n\u00fameros semelhantes aos divulgados pela revista Time. Segundo o ve\u00edculo, a estimativa de mortos na violenta repress\u00e3o ocorrida em 8 e 9 de [&hellip;]\" \/>\n<meta property=\"og:url\" content=\"https:\/\/radioportoseguro.com.br\/site\/2026\/01\/28\/cristaos-repudiam-silencio-sobre-massacre-no-ira-com-mais-de-36-000-mortos-monstruoso\/\" \/>\n<meta property=\"og:site_name\" content=\"R\u00e1dio Porto Seguro\" \/>\n<meta property=\"article:published_time\" content=\"2026-01-28T18:34:58+00:00\" \/>\n<meta property=\"og:image\" content=\"https:\/\/media.guiame.com.br\/archives\/2026\/01\/26\/2443704319-mortos-ira.jpeg\" \/>\n<meta name=\"author\" content=\"admin\" \/>\n<meta name=\"twitter:card\" content=\"summary_large_image\" \/>\n<meta name=\"twitter:label1\" content=\"Escrito por\" \/>\n\t<meta name=\"twitter:data1\" content=\"admin\" \/>\n\t<meta name=\"twitter:label2\" content=\"Est. tempo de leitura\" \/>\n\t<meta name=\"twitter:data2\" content=\"6 minutos\" \/>\n<script type=\"application\/ld+json\" class=\"yoast-schema-graph\">{\"@context\":\"https:\/\/schema.org\",\"@graph\":[{\"@type\":\"Article\",\"@id\":\"https:\/\/radioportoseguro.com.br\/site\/2026\/01\/28\/cristaos-repudiam-silencio-sobre-massacre-no-ira-com-mais-de-36-000-mortos-monstruoso\/#article\",\"isPartOf\":{\"@id\":\"https:\/\/radioportoseguro.com.br\/site\/2026\/01\/28\/cristaos-repudiam-silencio-sobre-massacre-no-ira-com-mais-de-36-000-mortos-monstruoso\/\"},\"author\":{\"name\":\"admin\",\"@id\":\"https:\/\/radioportoseguro.com.br\/site\/#\/schema\/person\/7630acdc320186f13639d3c067ec089b\"},\"headline\":\"Crist\u00e3os repudiam sil\u00eancio sobre massacre no Ir\u00e3 com mais de 36.000 mortos: \u2018Monstruoso\u2019\",\"datePublished\":\"2026-01-28T18:34:58+00:00\",\"mainEntityOfPage\":{\"@id\":\"https:\/\/radioportoseguro.com.br\/site\/2026\/01\/28\/cristaos-repudiam-silencio-sobre-massacre-no-ira-com-mais-de-36-000-mortos-monstruoso\/\"},\"wordCount\":1142,\"image\":{\"@id\":\"https:\/\/radioportoseguro.com.br\/site\/2026\/01\/28\/cristaos-repudiam-silencio-sobre-massacre-no-ira-com-mais-de-36-000-mortos-monstruoso\/#primaryimage\"},\"thumbnailUrl\":\"https:\/\/radioportoseguro.com.br\/site\/wp-content\/uploads\/2026\/01\/2443704319-mortos-ira.jpeg\",\"articleSection\":[\"Destaques\"],\"inLanguage\":\"pt-BR\"},{\"@type\":\"WebPage\",\"@id\":\"https:\/\/radioportoseguro.com.br\/site\/2026\/01\/28\/cristaos-repudiam-silencio-sobre-massacre-no-ira-com-mais-de-36-000-mortos-monstruoso\/\",\"url\":\"https:\/\/radioportoseguro.com.br\/site\/2026\/01\/28\/cristaos-repudiam-silencio-sobre-massacre-no-ira-com-mais-de-36-000-mortos-monstruoso\/\",\"name\":\"Crist\u00e3os repudiam sil\u00eancio sobre massacre no Ir\u00e3 com mais de 36.000 mortos: \u2018Monstruoso\u2019 - R\u00e1dio Porto Seguro\",\"isPartOf\":{\"@id\":\"https:\/\/radioportoseguro.com.br\/site\/#website\"},\"primaryImageOfPage\":{\"@id\":\"https:\/\/radioportoseguro.com.br\/site\/2026\/01\/28\/cristaos-repudiam-silencio-sobre-massacre-no-ira-com-mais-de-36-000-mortos-monstruoso\/#primaryimage\"},\"image\":{\"@id\":\"https:\/\/radioportoseguro.com.br\/site\/2026\/01\/28\/cristaos-repudiam-silencio-sobre-massacre-no-ira-com-mais-de-36-000-mortos-monstruoso\/#primaryimage\"},\"thumbnailUrl\":\"https:\/\/radioportoseguro.com.br\/site\/wp-content\/uploads\/2026\/01\/2443704319-mortos-ira.jpeg\",\"datePublished\":\"2026-01-28T18:34:58+00:00\",\"author\":{\"@id\":\"https:\/\/radioportoseguro.com.br\/site\/#\/schema\/person\/7630acdc320186f13639d3c067ec089b\"},\"breadcrumb\":{\"@id\":\"https:\/\/radioportoseguro.com.br\/site\/2026\/01\/28\/cristaos-repudiam-silencio-sobre-massacre-no-ira-com-mais-de-36-000-mortos-monstruoso\/#breadcrumb\"},\"inLanguage\":\"pt-BR\",\"potentialAction\":[{\"@type\":\"ReadAction\",\"target\":[\"https:\/\/radioportoseguro.com.br\/site\/2026\/01\/28\/cristaos-repudiam-silencio-sobre-massacre-no-ira-com-mais-de-36-000-mortos-monstruoso\/\"]}]},{\"@type\":\"ImageObject\",\"inLanguage\":\"pt-BR\",\"@id\":\"https:\/\/radioportoseguro.com.br\/site\/2026\/01\/28\/cristaos-repudiam-silencio-sobre-massacre-no-ira-com-mais-de-36-000-mortos-monstruoso\/#primaryimage\",\"url\":\"https:\/\/radioportoseguro.com.br\/site\/wp-content\/uploads\/2026\/01\/2443704319-mortos-ira.jpeg\",\"contentUrl\":\"https:\/\/radioportoseguro.com.br\/site\/wp-content\/uploads\/2026\/01\/2443704319-mortos-ira.jpeg\",\"width\":1200,\"height\":600},{\"@type\":\"BreadcrumbList\",\"@id\":\"https:\/\/radioportoseguro.com.br\/site\/2026\/01\/28\/cristaos-repudiam-silencio-sobre-massacre-no-ira-com-mais-de-36-000-mortos-monstruoso\/#breadcrumb\",\"itemListElement\":[{\"@type\":\"ListItem\",\"position\":1,\"name\":\"In\u00edcio\",\"item\":\"https:\/\/radioportoseguro.com.br\/site\/\"},{\"@type\":\"ListItem\",\"position\":2,\"name\":\"Crist\u00e3os repudiam sil\u00eancio sobre massacre no Ir\u00e3 com mais de 36.000 mortos: \u2018Monstruoso\u2019\"}]},{\"@type\":\"WebSite\",\"@id\":\"https:\/\/radioportoseguro.com.br\/site\/#website\",\"url\":\"https:\/\/radioportoseguro.com.br\/site\/\",\"name\":\"R\u00e1dio Porto Seguro\",\"description\":\"\",\"potentialAction\":[{\"@type\":\"SearchAction\",\"target\":{\"@type\":\"EntryPoint\",\"urlTemplate\":\"https:\/\/radioportoseguro.com.br\/site\/?s={search_term_string}\"},\"query-input\":{\"@type\":\"PropertyValueSpecification\",\"valueRequired\":true,\"valueName\":\"search_term_string\"}}],\"inLanguage\":\"pt-BR\"},{\"@type\":\"Person\",\"@id\":\"https:\/\/radioportoseguro.com.br\/site\/#\/schema\/person\/7630acdc320186f13639d3c067ec089b\",\"name\":\"admin\",\"image\":{\"@type\":\"ImageObject\",\"inLanguage\":\"pt-BR\",\"@id\":\"https:\/\/radioportoseguro.com.br\/site\/#\/schema\/person\/image\/\",\"url\":\"https:\/\/secure.gravatar.com\/avatar\/caacf4dc1eedb68fab0df8e1ed46c448e578b2466351bbcb61e47d2ac0caaef0?s=96&d=mm&r=g\",\"contentUrl\":\"https:\/\/secure.gravatar.com\/avatar\/caacf4dc1eedb68fab0df8e1ed46c448e578b2466351bbcb61e47d2ac0caaef0?s=96&d=mm&r=g\",\"caption\":\"admin\"},\"sameAs\":[\"https:\/\/radioportoseguro.com.br\/site\"],\"url\":\"https:\/\/radioportoseguro.com.br\/site\/author\/hezio\/\"}]}<\/script>\n<!-- \/ Yoast SEO plugin. -->","yoast_head_json":{"title":"Crist\u00e3os repudiam sil\u00eancio sobre massacre no Ir\u00e3 com mais de 36.000 mortos: \u2018Monstruoso\u2019 - R\u00e1dio Porto Seguro","robots":{"index":"index","follow":"follow","max-snippet":"max-snippet:-1","max-image-preview":"max-image-preview:large","max-video-preview":"max-video-preview:-1"},"canonical":"https:\/\/radioportoseguro.com.br\/site\/2026\/01\/28\/cristaos-repudiam-silencio-sobre-massacre-no-ira-com-mais-de-36-000-mortos-monstruoso\/","og_locale":"pt_BR","og_type":"article","og_title":"Crist\u00e3os repudiam sil\u00eancio sobre massacre no Ir\u00e3 com mais de 36.000 mortos: \u2018Monstruoso\u2019 - R\u00e1dio Porto Seguro","og_description":"O portal iraniano Iran International, ligado \u00e0 oposi\u00e7\u00e3o, informou no domingo (25) que mais de 36 mil pessoas foram mortas pelo regime aiatol\u00e1 durante o auge dos protestos no in\u00edcio deste m\u00eas, n\u00fameros semelhantes aos divulgados pela revista Time. Segundo o ve\u00edculo, a estimativa de mortos na violenta repress\u00e3o ocorrida em 8 e 9 de [&hellip;]","og_url":"https:\/\/radioportoseguro.com.br\/site\/2026\/01\/28\/cristaos-repudiam-silencio-sobre-massacre-no-ira-com-mais-de-36-000-mortos-monstruoso\/","og_site_name":"R\u00e1dio Porto Seguro","article_published_time":"2026-01-28T18:34:58+00:00","og_image":[{"url":"https:\/\/media.guiame.com.br\/archives\/2026\/01\/26\/2443704319-mortos-ira.jpeg","type":"","width":"","height":""}],"author":"admin","twitter_card":"summary_large_image","twitter_misc":{"Escrito por":"admin","Est. tempo de leitura":"6 minutos"},"schema":{"@context":"https:\/\/schema.org","@graph":[{"@type":"Article","@id":"https:\/\/radioportoseguro.com.br\/site\/2026\/01\/28\/cristaos-repudiam-silencio-sobre-massacre-no-ira-com-mais-de-36-000-mortos-monstruoso\/#article","isPartOf":{"@id":"https:\/\/radioportoseguro.com.br\/site\/2026\/01\/28\/cristaos-repudiam-silencio-sobre-massacre-no-ira-com-mais-de-36-000-mortos-monstruoso\/"},"author":{"name":"admin","@id":"https:\/\/radioportoseguro.com.br\/site\/#\/schema\/person\/7630acdc320186f13639d3c067ec089b"},"headline":"Crist\u00e3os repudiam sil\u00eancio sobre massacre no Ir\u00e3 com mais de 36.000 mortos: \u2018Monstruoso\u2019","datePublished":"2026-01-28T18:34:58+00:00","mainEntityOfPage":{"@id":"https:\/\/radioportoseguro.com.br\/site\/2026\/01\/28\/cristaos-repudiam-silencio-sobre-massacre-no-ira-com-mais-de-36-000-mortos-monstruoso\/"},"wordCount":1142,"image":{"@id":"https:\/\/radioportoseguro.com.br\/site\/2026\/01\/28\/cristaos-repudiam-silencio-sobre-massacre-no-ira-com-mais-de-36-000-mortos-monstruoso\/#primaryimage"},"thumbnailUrl":"https:\/\/radioportoseguro.com.br\/site\/wp-content\/uploads\/2026\/01\/2443704319-mortos-ira.jpeg","articleSection":["Destaques"],"inLanguage":"pt-BR"},{"@type":"WebPage","@id":"https:\/\/radioportoseguro.com.br\/site\/2026\/01\/28\/cristaos-repudiam-silencio-sobre-massacre-no-ira-com-mais-de-36-000-mortos-monstruoso\/","url":"https:\/\/radioportoseguro.com.br\/site\/2026\/01\/28\/cristaos-repudiam-silencio-sobre-massacre-no-ira-com-mais-de-36-000-mortos-monstruoso\/","name":"Crist\u00e3os repudiam sil\u00eancio sobre massacre no Ir\u00e3 com mais de 36.000 mortos: \u2018Monstruoso\u2019 - R\u00e1dio Porto Seguro","isPartOf":{"@id":"https:\/\/radioportoseguro.com.br\/site\/#website"},"primaryImageOfPage":{"@id":"https:\/\/radioportoseguro.com.br\/site\/2026\/01\/28\/cristaos-repudiam-silencio-sobre-massacre-no-ira-com-mais-de-36-000-mortos-monstruoso\/#primaryimage"},"image":{"@id":"https:\/\/radioportoseguro.com.br\/site\/2026\/01\/28\/cristaos-repudiam-silencio-sobre-massacre-no-ira-com-mais-de-36-000-mortos-monstruoso\/#primaryimage"},"thumbnailUrl":"https:\/\/radioportoseguro.com.br\/site\/wp-content\/uploads\/2026\/01\/2443704319-mortos-ira.jpeg","datePublished":"2026-01-28T18:34:58+00:00","author":{"@id":"https:\/\/radioportoseguro.com.br\/site\/#\/schema\/person\/7630acdc320186f13639d3c067ec089b"},"breadcrumb":{"@id":"https:\/\/radioportoseguro.com.br\/site\/2026\/01\/28\/cristaos-repudiam-silencio-sobre-massacre-no-ira-com-mais-de-36-000-mortos-monstruoso\/#breadcrumb"},"inLanguage":"pt-BR","potentialAction":[{"@type":"ReadAction","target":["https:\/\/radioportoseguro.com.br\/site\/2026\/01\/28\/cristaos-repudiam-silencio-sobre-massacre-no-ira-com-mais-de-36-000-mortos-monstruoso\/"]}]},{"@type":"ImageObject","inLanguage":"pt-BR","@id":"https:\/\/radioportoseguro.com.br\/site\/2026\/01\/28\/cristaos-repudiam-silencio-sobre-massacre-no-ira-com-mais-de-36-000-mortos-monstruoso\/#primaryimage","url":"https:\/\/radioportoseguro.com.br\/site\/wp-content\/uploads\/2026\/01\/2443704319-mortos-ira.jpeg","contentUrl":"https:\/\/radioportoseguro.com.br\/site\/wp-content\/uploads\/2026\/01\/2443704319-mortos-ira.jpeg","width":1200,"height":600},{"@type":"BreadcrumbList","@id":"https:\/\/radioportoseguro.com.br\/site\/2026\/01\/28\/cristaos-repudiam-silencio-sobre-massacre-no-ira-com-mais-de-36-000-mortos-monstruoso\/#breadcrumb","itemListElement":[{"@type":"ListItem","position":1,"name":"In\u00edcio","item":"https:\/\/radioportoseguro.com.br\/site\/"},{"@type":"ListItem","position":2,"name":"Crist\u00e3os repudiam sil\u00eancio sobre massacre no Ir\u00e3 com mais de 36.000 mortos: \u2018Monstruoso\u2019"}]},{"@type":"WebSite","@id":"https:\/\/radioportoseguro.com.br\/site\/#website","url":"https:\/\/radioportoseguro.com.br\/site\/","name":"R\u00e1dio Porto Seguro","description":"","potentialAction":[{"@type":"SearchAction","target":{"@type":"EntryPoint","urlTemplate":"https:\/\/radioportoseguro.com.br\/site\/?s={search_term_string}"},"query-input":{"@type":"PropertyValueSpecification","valueRequired":true,"valueName":"search_term_string"}}],"inLanguage":"pt-BR"},{"@type":"Person","@id":"https:\/\/radioportoseguro.com.br\/site\/#\/schema\/person\/7630acdc320186f13639d3c067ec089b","name":"admin","image":{"@type":"ImageObject","inLanguage":"pt-BR","@id":"https:\/\/radioportoseguro.com.br\/site\/#\/schema\/person\/image\/","url":"https:\/\/secure.gravatar.com\/avatar\/caacf4dc1eedb68fab0df8e1ed46c448e578b2466351bbcb61e47d2ac0caaef0?s=96&d=mm&r=g","contentUrl":"https:\/\/secure.gravatar.com\/avatar\/caacf4dc1eedb68fab0df8e1ed46c448e578b2466351bbcb61e47d2ac0caaef0?s=96&d=mm&r=g","caption":"admin"},"sameAs":["https:\/\/radioportoseguro.com.br\/site"],"url":"https:\/\/radioportoseguro.com.br\/site\/author\/hezio\/"}]}},"_links":{"self":[{"href":"https:\/\/radioportoseguro.com.br\/site\/wp-json\/wp\/v2\/posts\/3538","targetHints":{"allow":["GET"]}}],"collection":[{"href":"https:\/\/radioportoseguro.com.br\/site\/wp-json\/wp\/v2\/posts"}],"about":[{"href":"https:\/\/radioportoseguro.com.br\/site\/wp-json\/wp\/v2\/types\/post"}],"author":[{"embeddable":true,"href":"https:\/\/radioportoseguro.com.br\/site\/wp-json\/wp\/v2\/users\/1"}],"replies":[{"embeddable":true,"href":"https:\/\/radioportoseguro.com.br\/site\/wp-json\/wp\/v2\/comments?post=3538"}],"version-history":[{"count":0,"href":"https:\/\/radioportoseguro.com.br\/site\/wp-json\/wp\/v2\/posts\/3538\/revisions"}],"wp:featuredmedia":[{"embeddable":true,"href":"https:\/\/radioportoseguro.com.br\/site\/wp-json\/wp\/v2\/media\/3539"}],"wp:attachment":[{"href":"https:\/\/radioportoseguro.com.br\/site\/wp-json\/wp\/v2\/media?parent=3538"}],"wp:term":[{"taxonomy":"category","embeddable":true,"href":"https:\/\/radioportoseguro.com.br\/site\/wp-json\/wp\/v2\/categories?post=3538"},{"taxonomy":"post_tag","embeddable":true,"href":"https:\/\/radioportoseguro.com.br\/site\/wp-json\/wp\/v2\/tags?post=3538"}],"curies":[{"name":"wp","href":"https:\/\/api.w.org\/{rel}","templated":true}]}}