{"id":3544,"date":"2026-01-28T17:44:10","date_gmt":"2026-01-28T20:44:10","guid":{"rendered":"https:\/\/radioportoseguro.com.br\/site\/2026\/01\/28\/nikolas-ferreira-conclui-caminhada-orando-pelo-brasil-tu-es-o-deus-dessa-nacao\/"},"modified":"2026-01-28T17:44:10","modified_gmt":"2026-01-28T20:44:10","slug":"nikolas-ferreira-conclui-caminhada-orando-pelo-brasil-tu-es-o-deus-dessa-nacao","status":"publish","type":"post","link":"https:\/\/radioportoseguro.com.br\/site\/2026\/01\/28\/nikolas-ferreira-conclui-caminhada-orando-pelo-brasil-tu-es-o-deus-dessa-nacao\/","title":{"rendered":"Nikolas Ferreira conclui caminhada orando pelo Brasil: \u201cTu \u00e9s o Deus dessa na\u00e7\u00e3o\u201d"},"content":{"rendered":"<p><br \/>\n<br \/><\/p>\n<div>\n<p><span style=\"font-weight: 400;\">No \u00faltimo domingo (25), ao finalizar a \u201cCaminhada pela Liberdade\u201d em Bras\u00edlia, o deputado <\/span><span style=\"color: #993300;\"><strong>Nikolas Ferreira<\/strong><\/span> <span style=\"font-weight: 400;\">(PL-MG) levou milhares de brasileiros a orar pela na\u00e7\u00e3o e declarar que o governo do pa\u00eds est\u00e1 nas m\u00e3os do Senhor.<\/span><\/p>\n<p><span style=\"font-weight: 400;\">O ato reuniu 18 mil pessoas em Bras\u00edlia, segundo levantamento do Monitor do Debate Pol\u00edtico da Universidade de S\u00e3o Paulo (USP) e da ONG More in Common.<\/span><\/p>\n<p><span style=\"font-weight: 400;\">Nikolas se uniu a apoiadores que andaram de Paracatu, Minas Gerais, at\u00e9 a capital federal durante o movimento, iniciado na \u00faltima segunda-feira (19).<\/span><\/p>\n<p><span style=\"font-weight: 400;\">O deputado percorreu 255 quil\u00f4metros a p\u00e9, durante sete dias, at\u00e9 a Pra\u00e7a do Cruzeiro, em Bras\u00edlia, onde chegou acompanhado por uma multid\u00e3o que busca justi\u00e7a e esperan\u00e7a para o Brasil.<\/span><\/p>\n<blockquote class=\"instagram-media\" style=\"background: #FFF; border: 0; border-radius: 3px; box-shadow: 0 0 1px 0 rgba(0,0,0,0.5),0 1px 10px 0 rgba(0,0,0,0.15); margin: 1px; max-width: 540px; min-width: 326px; padding: 0; width: calc(100% - 2px);\" data-instgrm-permalink=\"https:\/\/www.instagram.com\/reel\/DT8fOooDXsf\/?utm_source=ig_embed&amp;utm_campaign=loading\" data-instgrm-version=\"14\"><p>&#13;<br \/>\n&#13;\n<\/p><\/blockquote>\n<p><span style=\"font-weight: 400;\">Diante dos brasileiros, Nikolas liderou um <\/span><span style=\"color: #993300;\"><strong>momento de ora\u00e7\u00e3o<\/strong><\/span><span style=\"font-weight: 400;\"><span style=\"color: #993300;\">\u00a0<\/span>de joelhos e levou milhares a clamar pelo pa\u00eds:<\/span><\/p>\n<p><span style=\"font-weight: 400;\">\u201cSenhor, Tu \u00e9s o Deus dessa na\u00e7\u00e3o e n\u00f3s pedimos ajuda para o nosso pa\u00eds. N\u00f3s n\u00e3o aguentamos tanta corrup\u00e7\u00e3o, maldade aqui no Brasil. Por favor, perdoe os nossos pecados, as nossas falhas e tenha miseric\u00f3rdia dessa na\u00e7\u00e3o. Perdoe os nossos inimigos, mas nos d\u00ea for\u00e7a para enfrentar todo aquele que se levanta contra o bem\u201d.\u00a0<\/span><\/p>\n<p><span style=\"font-weight: 400;\">E continuou: \u201cN\u00f3s te pedimos, acorde os cora\u00e7\u00f5es que est\u00e3o dormindo. N\u00f3s pedimos, n\u00e3o feche os olhos para o Brasil. Acorde essa na\u00e7\u00e3o para a tua gl\u00f3ria, porque s\u00f3 \u00e9 teu o reino, a gl\u00f3ria e o poder para todo sempre! Am\u00e9m!\u201d.<\/span><\/p>\n<p><strong>\u2018O poder \u00e9 de Deus\u2019<\/strong><\/p>\n<p><span style=\"font-weight: 400;\">Segundo Nikolas, a <\/span><span style=\"color: #993300;\"><strong>caminhada foi uma forma de protesto<\/strong><\/span><span style=\"font-weight: 400;\"> contra a pris\u00e3o do ex-presidente Jair Bolsonaro e as condena\u00e7\u00f5es relacionadas aos atos de 8 de janeiro de 2023.<\/span><\/p>\n<p><span style=\"font-weight: 400;\">Durante o percurso, a cada 10 quil\u00f4metros, o deputado compartilhou relatos de casos que considera \u201cabsurdos\u201d no pa\u00eds. Al\u00e9m disso, tamb\u00e9m falou sobre a esperan\u00e7a em Cristo em momentos de louvor e ora\u00e7\u00e3o ao longo do caminho.<\/span><\/p>\n<p><span style=\"font-weight: 400;\">No \u00faltimo s\u00e1bado (24), em entrevista \u00e0 Jovem Pan, ao passar por Valpara\u00edso de Goi\u00e1s, Nikolas destacou que o objetivo da mobiliza\u00e7\u00e3o havia sido atingido ao promover um \u201cdespertar\u201d pol\u00edtico na popula\u00e7\u00e3o.<\/span><\/p>\n<p><span style=\"font-weight: 400;\">No \u00faltimo dia, um raio atingiu a multid\u00e3o, e mais de 30 pessoas foram levadas a hospitais, onde receberam a visita do deputado.<\/span><\/p>\n<blockquote class=\"instagram-media\" style=\"background: #FFF; border: 0; border-radius: 3px; box-shadow: 0 0 1px 0 rgba(0,0,0,0.5),0 1px 10px 0 rgba(0,0,0,0.15); margin: 1px; max-width: 540px; min-width: 326px; padding: 0; width: calc(100% - 2px);\" data-instgrm-permalink=\"https:\/\/www.instagram.com\/reel\/DT88hLkjHWM\/?utm_source=ig_embed&amp;utm_campaign=loading\" data-instgrm-version=\"14\"><p>&#13;<br \/>\n&#13;\n<\/p><\/blockquote>\n<p><span style=\"font-weight: 400;\">Ap\u00f3s concluir a caminhada, Nikolas compartilhou um v\u00eddeo no Instagram e agradeceu o apoio recebido:<\/span><\/p>\n<p><span style=\"font-weight: 400;\">\u201c255 quil\u00f4metros, sete dias a p\u00e9 at\u00e9 hoje. O ato final, que n\u00e3o \u00e9 bem um ato final, \u00e9 o come\u00e7o de algo. De algo que tocou os cora\u00e7\u00f5es, que tocou a nossa alma. Eu n\u00e3o tenho d\u00favidas que \u00e9 s\u00f3 Deus mesmo para poder colocar quase 100 mil pessoas embaixo de uma chuva que eu nunca vi igual aqui em Bras\u00edlia, debaixo de trov\u00f5es, debaixo de frio e ainda assim ter uma multid\u00e3o sedenta por algo\u201d.\u00a0<\/span><\/p>\n<p><span style=\"font-weight: 400;\">Nikolas, que falou sobre o sentimento de impot\u00eancia de muitos brasileiros diante do cen\u00e1rio pol\u00edtico do pa\u00eds e contou que pediu a Deus orienta\u00e7\u00e3o sobre o que poderia fazer pela na\u00e7\u00e3o, concluiu a a\u00e7\u00e3o aliviado com o resultado.<\/span><\/p>\n<p><span style=\"font-weight: 400;\">\u201cIsso s\u00f3 pode ser um sinal de que a ang\u00fastia que estava no meu cora\u00e7\u00e3o de n\u00e3o conseguir fazer nada e precisar fazer algo, essa ang\u00fastia hoje foi diminu\u00edda ou reduzida a zero. Porque n\u00e3o eram somente as pessoas que estavam ali na manifesta\u00e7\u00e3o. Eram todas as pessoas que estavam acompanhando nas suas casas pelo Brasil inteiro e que tamb\u00e9m se sentiram representadas. De que pessoas abriram seus olhos, acordaram desse pesadelo e agora a miss\u00e3o \u00e9 acordar os outros, que est\u00e3o num sono profundo, com os olhos fechados, enquanto o pa\u00eds \u00e9 roubado, enquanto o pa\u00eds \u00e9 saqueado e destru\u00eddo\u201d, afirmou ele.\u00a0<\/span><\/p>\n<p><span style=\"font-weight: 400;\">\u201cMas acredito eu que isso vai mudar daqui pra frente. E eu quero deixar aqui uma frase final do porqu\u00ea realmente eu quis fazer isso. N\u00e3o para poder tomar o poder, mas para poder declarar de quem \u00e9 o poder. E esse poder \u00e9 de Deus\u201d, concluiu.\u00a0<\/span><\/p>\n<p><strong>\u2018Instrumento de Deus para a na\u00e7\u00e3o\u2019<\/strong><\/p>\n<p><span style=\"font-weight: 400;\">A ex-primeira dama Michelle Bolsonaro tamb\u00e9m participou do movimento liderado por Nikolas. No local, ela tamb\u00e9m orou pelo pa\u00eds e encorajou o deputado com palavras de ben\u00e7\u00e3os.<\/span><\/p>\n<blockquote class=\"instagram-media\" style=\"background: #FFF; border: 0; border-radius: 3px; box-shadow: 0 0 1px 0 rgba(0,0,0,0.5),0 1px 10px 0 rgba(0,0,0,0.15); margin: 1px; max-width: 540px; min-width: 326px; padding: 0; width: calc(100% - 2px);\" data-instgrm-permalink=\"https:\/\/www.instagram.com\/p\/DT9QSyyDiqR\/?utm_source=ig_embed&amp;utm_campaign=loading\" data-instgrm-version=\"14\"><p>&#13;<br \/>\n&#13;\n<\/p><\/blockquote>\n<p><span style=\"font-weight: 400;\">\u201cNikolas, voc\u00ea \u00e9 separado por Deus para este tempo. A luz do Senhor resplandece em seu rosto, e a un\u00e7\u00e3o que h\u00e1 sobre sua vida quebra jugos e abre caminhos. Voc\u00ea carrega a Palavra com verdade, ousadia e temor, e por onde passa o sobrenatural de Deus se manifesta. Deus tem algo grande, governamental e transformador para a nossa na\u00e7\u00e3o atrav\u00e9s da sua vida. Ele te conduz com sabedoria, discernimento, coragem e justi\u00e7a para impactar gera\u00e7\u00f5es\u201d.<\/span><\/p>\n<p><span style=\"font-weight: 400;\">Afirmando que o Brasil acordou, ela acrescentou: \u201cDeclaro Zacarias 2:5 sobre a sua vida: \u2018Eu lhe serei um muro de fogo ao redor, diz o Senhor, e serei a sua gl\u00f3ria no meio dela\u2019. Que Deus guarde tudo o que leva o seu nome: sua casa, sua fam\u00edlia, seu minist\u00e9rio e seu chamado. Que o Senhor restaure plenamente a sua sa\u00fade e renove as suas for\u00e7as. Declaro que nenhum mal prosperar\u00e1 contra voc\u00ea, que seus passos s\u00e3o guardados pelos anjos do Senhor e que voc\u00ea \u00e9 instrumento vivo de Deus para esta gera\u00e7\u00e3o. O povo de bem te ama, te honra e intercede pela sua vida. Voc\u00ea \u00e9 gigante! Obrigada\u201d.<\/span><\/p>\n<\/div>\n<p><script async src=\"\/\/www.instagram.com\/embed.js\"><\/script><br \/>\n<br \/><br \/>\n<br \/>Fonte: Guiame <\/p>\n","protected":false},"excerpt":{"rendered":"<p>No \u00faltimo domingo (25), ao finalizar a \u201cCaminhada pela Liberdade\u201d em Bras\u00edlia, o deputado Nikolas Ferreira (PL-MG) levou milhares de brasileiros a orar pela na\u00e7\u00e3o e declarar que o governo do pa\u00eds est\u00e1 nas m\u00e3os do Senhor. O ato reuniu 18 mil pessoas em Bras\u00edlia, segundo levantamento do Monitor do Debate Pol\u00edtico da Universidade de [&hellip;]<\/p>\n","protected":false},"author":1,"featured_media":3545,"comment_status":"","ping_status":"open","sticky":false,"template":"","format":"standard","meta":{"footnotes":""},"categories":[43],"tags":[],"class_list":["post-3544","post","type-post","status-publish","format-standard","has-post-thumbnail","hentry","category-destaques"],"yoast_head":"<!-- This site is optimized with the Yoast SEO plugin v26.8 - https:\/\/yoast.com\/product\/yoast-seo-wordpress\/ -->\n<title>Nikolas Ferreira conclui caminhada orando pelo Brasil: \u201cTu \u00e9s o Deus dessa na\u00e7\u00e3o\u201d - R\u00e1dio Porto Seguro<\/title>\n<meta name=\"robots\" content=\"index, follow, max-snippet:-1, max-image-preview:large, max-video-preview:-1\" \/>\n<link rel=\"canonical\" href=\"https:\/\/radioportoseguro.com.br\/site\/2026\/01\/28\/nikolas-ferreira-conclui-caminhada-orando-pelo-brasil-tu-es-o-deus-dessa-nacao\/\" \/>\n<meta property=\"og:locale\" content=\"pt_BR\" \/>\n<meta property=\"og:type\" content=\"article\" \/>\n<meta property=\"og:title\" content=\"Nikolas Ferreira conclui caminhada orando pelo Brasil: \u201cTu \u00e9s o Deus dessa na\u00e7\u00e3o\u201d - R\u00e1dio Porto Seguro\" \/>\n<meta property=\"og:description\" content=\"No \u00faltimo domingo (25), ao finalizar a \u201cCaminhada pela Liberdade\u201d em Bras\u00edlia, o deputado Nikolas Ferreira (PL-MG) levou milhares de brasileiros a orar pela na\u00e7\u00e3o e declarar que o governo do pa\u00eds est\u00e1 nas m\u00e3os do Senhor. O ato reuniu 18 mil pessoas em Bras\u00edlia, segundo levantamento do Monitor do Debate Pol\u00edtico da Universidade de [&hellip;]\" \/>\n<meta property=\"og:url\" content=\"https:\/\/radioportoseguro.com.br\/site\/2026\/01\/28\/nikolas-ferreira-conclui-caminhada-orando-pelo-brasil-tu-es-o-deus-dessa-nacao\/\" \/>\n<meta property=\"og:site_name\" content=\"R\u00e1dio Porto Seguro\" \/>\n<meta property=\"article:published_time\" content=\"2026-01-28T20:44:10+00:00\" \/>\n<meta property=\"og:image\" content=\"https:\/\/media.guiame.com.br\/archives\/2026\/01\/26\/2017300464-nikolas-ferreira-orando-pela-nacao.jpeg\" \/>\n<meta name=\"author\" content=\"admin\" \/>\n<meta name=\"twitter:card\" content=\"summary_large_image\" \/>\n<meta name=\"twitter:label1\" content=\"Escrito por\" \/>\n\t<meta name=\"twitter:data1\" content=\"admin\" \/>\n\t<meta name=\"twitter:label2\" content=\"Est. tempo de leitura\" \/>\n\t<meta name=\"twitter:data2\" content=\"5 minutos\" \/>\n<script type=\"application\/ld+json\" class=\"yoast-schema-graph\">{\"@context\":\"https:\/\/schema.org\",\"@graph\":[{\"@type\":\"Article\",\"@id\":\"https:\/\/radioportoseguro.com.br\/site\/2026\/01\/28\/nikolas-ferreira-conclui-caminhada-orando-pelo-brasil-tu-es-o-deus-dessa-nacao\/#article\",\"isPartOf\":{\"@id\":\"https:\/\/radioportoseguro.com.br\/site\/2026\/01\/28\/nikolas-ferreira-conclui-caminhada-orando-pelo-brasil-tu-es-o-deus-dessa-nacao\/\"},\"author\":{\"name\":\"admin\",\"@id\":\"https:\/\/radioportoseguro.com.br\/site\/#\/schema\/person\/7630acdc320186f13639d3c067ec089b\"},\"headline\":\"Nikolas Ferreira conclui caminhada orando pelo Brasil: \u201cTu \u00e9s o Deus dessa na\u00e7\u00e3o\u201d\",\"datePublished\":\"2026-01-28T20:44:10+00:00\",\"mainEntityOfPage\":{\"@id\":\"https:\/\/radioportoseguro.com.br\/site\/2026\/01\/28\/nikolas-ferreira-conclui-caminhada-orando-pelo-brasil-tu-es-o-deus-dessa-nacao\/\"},\"wordCount\":947,\"image\":{\"@id\":\"https:\/\/radioportoseguro.com.br\/site\/2026\/01\/28\/nikolas-ferreira-conclui-caminhada-orando-pelo-brasil-tu-es-o-deus-dessa-nacao\/#primaryimage\"},\"thumbnailUrl\":\"https:\/\/radioportoseguro.com.br\/site\/wp-content\/uploads\/2026\/01\/2017300464-nikolas-ferreira-orando-pela-nacao.jpeg\",\"articleSection\":[\"Destaques\"],\"inLanguage\":\"pt-BR\"},{\"@type\":\"WebPage\",\"@id\":\"https:\/\/radioportoseguro.com.br\/site\/2026\/01\/28\/nikolas-ferreira-conclui-caminhada-orando-pelo-brasil-tu-es-o-deus-dessa-nacao\/\",\"url\":\"https:\/\/radioportoseguro.com.br\/site\/2026\/01\/28\/nikolas-ferreira-conclui-caminhada-orando-pelo-brasil-tu-es-o-deus-dessa-nacao\/\",\"name\":\"Nikolas Ferreira conclui caminhada orando pelo Brasil: \u201cTu \u00e9s o Deus dessa na\u00e7\u00e3o\u201d - R\u00e1dio Porto Seguro\",\"isPartOf\":{\"@id\":\"https:\/\/radioportoseguro.com.br\/site\/#website\"},\"primaryImageOfPage\":{\"@id\":\"https:\/\/radioportoseguro.com.br\/site\/2026\/01\/28\/nikolas-ferreira-conclui-caminhada-orando-pelo-brasil-tu-es-o-deus-dessa-nacao\/#primaryimage\"},\"image\":{\"@id\":\"https:\/\/radioportoseguro.com.br\/site\/2026\/01\/28\/nikolas-ferreira-conclui-caminhada-orando-pelo-brasil-tu-es-o-deus-dessa-nacao\/#primaryimage\"},\"thumbnailUrl\":\"https:\/\/radioportoseguro.com.br\/site\/wp-content\/uploads\/2026\/01\/2017300464-nikolas-ferreira-orando-pela-nacao.jpeg\",\"datePublished\":\"2026-01-28T20:44:10+00:00\",\"author\":{\"@id\":\"https:\/\/radioportoseguro.com.br\/site\/#\/schema\/person\/7630acdc320186f13639d3c067ec089b\"},\"breadcrumb\":{\"@id\":\"https:\/\/radioportoseguro.com.br\/site\/2026\/01\/28\/nikolas-ferreira-conclui-caminhada-orando-pelo-brasil-tu-es-o-deus-dessa-nacao\/#breadcrumb\"},\"inLanguage\":\"pt-BR\",\"potentialAction\":[{\"@type\":\"ReadAction\",\"target\":[\"https:\/\/radioportoseguro.com.br\/site\/2026\/01\/28\/nikolas-ferreira-conclui-caminhada-orando-pelo-brasil-tu-es-o-deus-dessa-nacao\/\"]}]},{\"@type\":\"ImageObject\",\"inLanguage\":\"pt-BR\",\"@id\":\"https:\/\/radioportoseguro.com.br\/site\/2026\/01\/28\/nikolas-ferreira-conclui-caminhada-orando-pelo-brasil-tu-es-o-deus-dessa-nacao\/#primaryimage\",\"url\":\"https:\/\/radioportoseguro.com.br\/site\/wp-content\/uploads\/2026\/01\/2017300464-nikolas-ferreira-orando-pela-nacao.jpeg\",\"contentUrl\":\"https:\/\/radioportoseguro.com.br\/site\/wp-content\/uploads\/2026\/01\/2017300464-nikolas-ferreira-orando-pela-nacao.jpeg\",\"width\":1200,\"height\":600},{\"@type\":\"BreadcrumbList\",\"@id\":\"https:\/\/radioportoseguro.com.br\/site\/2026\/01\/28\/nikolas-ferreira-conclui-caminhada-orando-pelo-brasil-tu-es-o-deus-dessa-nacao\/#breadcrumb\",\"itemListElement\":[{\"@type\":\"ListItem\",\"position\":1,\"name\":\"In\u00edcio\",\"item\":\"https:\/\/radioportoseguro.com.br\/site\/\"},{\"@type\":\"ListItem\",\"position\":2,\"name\":\"Nikolas Ferreira conclui caminhada orando pelo Brasil: \u201cTu \u00e9s o Deus dessa na\u00e7\u00e3o\u201d\"}]},{\"@type\":\"WebSite\",\"@id\":\"https:\/\/radioportoseguro.com.br\/site\/#website\",\"url\":\"https:\/\/radioportoseguro.com.br\/site\/\",\"name\":\"R\u00e1dio Porto Seguro\",\"description\":\"\",\"potentialAction\":[{\"@type\":\"SearchAction\",\"target\":{\"@type\":\"EntryPoint\",\"urlTemplate\":\"https:\/\/radioportoseguro.com.br\/site\/?s={search_term_string}\"},\"query-input\":{\"@type\":\"PropertyValueSpecification\",\"valueRequired\":true,\"valueName\":\"search_term_string\"}}],\"inLanguage\":\"pt-BR\"},{\"@type\":\"Person\",\"@id\":\"https:\/\/radioportoseguro.com.br\/site\/#\/schema\/person\/7630acdc320186f13639d3c067ec089b\",\"name\":\"admin\",\"image\":{\"@type\":\"ImageObject\",\"inLanguage\":\"pt-BR\",\"@id\":\"https:\/\/radioportoseguro.com.br\/site\/#\/schema\/person\/image\/\",\"url\":\"https:\/\/secure.gravatar.com\/avatar\/caacf4dc1eedb68fab0df8e1ed46c448e578b2466351bbcb61e47d2ac0caaef0?s=96&d=mm&r=g\",\"contentUrl\":\"https:\/\/secure.gravatar.com\/avatar\/caacf4dc1eedb68fab0df8e1ed46c448e578b2466351bbcb61e47d2ac0caaef0?s=96&d=mm&r=g\",\"caption\":\"admin\"},\"sameAs\":[\"https:\/\/radioportoseguro.com.br\/site\"],\"url\":\"https:\/\/radioportoseguro.com.br\/site\/author\/hezio\/\"}]}<\/script>\n<!-- \/ Yoast SEO plugin. -->","yoast_head_json":{"title":"Nikolas Ferreira conclui caminhada orando pelo Brasil: \u201cTu \u00e9s o Deus dessa na\u00e7\u00e3o\u201d - R\u00e1dio Porto Seguro","robots":{"index":"index","follow":"follow","max-snippet":"max-snippet:-1","max-image-preview":"max-image-preview:large","max-video-preview":"max-video-preview:-1"},"canonical":"https:\/\/radioportoseguro.com.br\/site\/2026\/01\/28\/nikolas-ferreira-conclui-caminhada-orando-pelo-brasil-tu-es-o-deus-dessa-nacao\/","og_locale":"pt_BR","og_type":"article","og_title":"Nikolas Ferreira conclui caminhada orando pelo Brasil: \u201cTu \u00e9s o Deus dessa na\u00e7\u00e3o\u201d - R\u00e1dio Porto Seguro","og_description":"No \u00faltimo domingo (25), ao finalizar a \u201cCaminhada pela Liberdade\u201d em Bras\u00edlia, o deputado Nikolas Ferreira (PL-MG) levou milhares de brasileiros a orar pela na\u00e7\u00e3o e declarar que o governo do pa\u00eds est\u00e1 nas m\u00e3os do Senhor. O ato reuniu 18 mil pessoas em Bras\u00edlia, segundo levantamento do Monitor do Debate Pol\u00edtico da Universidade de [&hellip;]","og_url":"https:\/\/radioportoseguro.com.br\/site\/2026\/01\/28\/nikolas-ferreira-conclui-caminhada-orando-pelo-brasil-tu-es-o-deus-dessa-nacao\/","og_site_name":"R\u00e1dio Porto Seguro","article_published_time":"2026-01-28T20:44:10+00:00","og_image":[{"url":"https:\/\/media.guiame.com.br\/archives\/2026\/01\/26\/2017300464-nikolas-ferreira-orando-pela-nacao.jpeg","type":"","width":"","height":""}],"author":"admin","twitter_card":"summary_large_image","twitter_misc":{"Escrito por":"admin","Est. tempo de leitura":"5 minutos"},"schema":{"@context":"https:\/\/schema.org","@graph":[{"@type":"Article","@id":"https:\/\/radioportoseguro.com.br\/site\/2026\/01\/28\/nikolas-ferreira-conclui-caminhada-orando-pelo-brasil-tu-es-o-deus-dessa-nacao\/#article","isPartOf":{"@id":"https:\/\/radioportoseguro.com.br\/site\/2026\/01\/28\/nikolas-ferreira-conclui-caminhada-orando-pelo-brasil-tu-es-o-deus-dessa-nacao\/"},"author":{"name":"admin","@id":"https:\/\/radioportoseguro.com.br\/site\/#\/schema\/person\/7630acdc320186f13639d3c067ec089b"},"headline":"Nikolas Ferreira conclui caminhada orando pelo Brasil: \u201cTu \u00e9s o Deus dessa na\u00e7\u00e3o\u201d","datePublished":"2026-01-28T20:44:10+00:00","mainEntityOfPage":{"@id":"https:\/\/radioportoseguro.com.br\/site\/2026\/01\/28\/nikolas-ferreira-conclui-caminhada-orando-pelo-brasil-tu-es-o-deus-dessa-nacao\/"},"wordCount":947,"image":{"@id":"https:\/\/radioportoseguro.com.br\/site\/2026\/01\/28\/nikolas-ferreira-conclui-caminhada-orando-pelo-brasil-tu-es-o-deus-dessa-nacao\/#primaryimage"},"thumbnailUrl":"https:\/\/radioportoseguro.com.br\/site\/wp-content\/uploads\/2026\/01\/2017300464-nikolas-ferreira-orando-pela-nacao.jpeg","articleSection":["Destaques"],"inLanguage":"pt-BR"},{"@type":"WebPage","@id":"https:\/\/radioportoseguro.com.br\/site\/2026\/01\/28\/nikolas-ferreira-conclui-caminhada-orando-pelo-brasil-tu-es-o-deus-dessa-nacao\/","url":"https:\/\/radioportoseguro.com.br\/site\/2026\/01\/28\/nikolas-ferreira-conclui-caminhada-orando-pelo-brasil-tu-es-o-deus-dessa-nacao\/","name":"Nikolas Ferreira conclui caminhada orando pelo Brasil: \u201cTu \u00e9s o Deus dessa na\u00e7\u00e3o\u201d - R\u00e1dio Porto Seguro","isPartOf":{"@id":"https:\/\/radioportoseguro.com.br\/site\/#website"},"primaryImageOfPage":{"@id":"https:\/\/radioportoseguro.com.br\/site\/2026\/01\/28\/nikolas-ferreira-conclui-caminhada-orando-pelo-brasil-tu-es-o-deus-dessa-nacao\/#primaryimage"},"image":{"@id":"https:\/\/radioportoseguro.com.br\/site\/2026\/01\/28\/nikolas-ferreira-conclui-caminhada-orando-pelo-brasil-tu-es-o-deus-dessa-nacao\/#primaryimage"},"thumbnailUrl":"https:\/\/radioportoseguro.com.br\/site\/wp-content\/uploads\/2026\/01\/2017300464-nikolas-ferreira-orando-pela-nacao.jpeg","datePublished":"2026-01-28T20:44:10+00:00","author":{"@id":"https:\/\/radioportoseguro.com.br\/site\/#\/schema\/person\/7630acdc320186f13639d3c067ec089b"},"breadcrumb":{"@id":"https:\/\/radioportoseguro.com.br\/site\/2026\/01\/28\/nikolas-ferreira-conclui-caminhada-orando-pelo-brasil-tu-es-o-deus-dessa-nacao\/#breadcrumb"},"inLanguage":"pt-BR","potentialAction":[{"@type":"ReadAction","target":["https:\/\/radioportoseguro.com.br\/site\/2026\/01\/28\/nikolas-ferreira-conclui-caminhada-orando-pelo-brasil-tu-es-o-deus-dessa-nacao\/"]}]},{"@type":"ImageObject","inLanguage":"pt-BR","@id":"https:\/\/radioportoseguro.com.br\/site\/2026\/01\/28\/nikolas-ferreira-conclui-caminhada-orando-pelo-brasil-tu-es-o-deus-dessa-nacao\/#primaryimage","url":"https:\/\/radioportoseguro.com.br\/site\/wp-content\/uploads\/2026\/01\/2017300464-nikolas-ferreira-orando-pela-nacao.jpeg","contentUrl":"https:\/\/radioportoseguro.com.br\/site\/wp-content\/uploads\/2026\/01\/2017300464-nikolas-ferreira-orando-pela-nacao.jpeg","width":1200,"height":600},{"@type":"BreadcrumbList","@id":"https:\/\/radioportoseguro.com.br\/site\/2026\/01\/28\/nikolas-ferreira-conclui-caminhada-orando-pelo-brasil-tu-es-o-deus-dessa-nacao\/#breadcrumb","itemListElement":[{"@type":"ListItem","position":1,"name":"In\u00edcio","item":"https:\/\/radioportoseguro.com.br\/site\/"},{"@type":"ListItem","position":2,"name":"Nikolas Ferreira conclui caminhada orando pelo Brasil: \u201cTu \u00e9s o Deus dessa na\u00e7\u00e3o\u201d"}]},{"@type":"WebSite","@id":"https:\/\/radioportoseguro.com.br\/site\/#website","url":"https:\/\/radioportoseguro.com.br\/site\/","name":"R\u00e1dio Porto Seguro","description":"","potentialAction":[{"@type":"SearchAction","target":{"@type":"EntryPoint","urlTemplate":"https:\/\/radioportoseguro.com.br\/site\/?s={search_term_string}"},"query-input":{"@type":"PropertyValueSpecification","valueRequired":true,"valueName":"search_term_string"}}],"inLanguage":"pt-BR"},{"@type":"Person","@id":"https:\/\/radioportoseguro.com.br\/site\/#\/schema\/person\/7630acdc320186f13639d3c067ec089b","name":"admin","image":{"@type":"ImageObject","inLanguage":"pt-BR","@id":"https:\/\/radioportoseguro.com.br\/site\/#\/schema\/person\/image\/","url":"https:\/\/secure.gravatar.com\/avatar\/caacf4dc1eedb68fab0df8e1ed46c448e578b2466351bbcb61e47d2ac0caaef0?s=96&d=mm&r=g","contentUrl":"https:\/\/secure.gravatar.com\/avatar\/caacf4dc1eedb68fab0df8e1ed46c448e578b2466351bbcb61e47d2ac0caaef0?s=96&d=mm&r=g","caption":"admin"},"sameAs":["https:\/\/radioportoseguro.com.br\/site"],"url":"https:\/\/radioportoseguro.com.br\/site\/author\/hezio\/"}]}},"_links":{"self":[{"href":"https:\/\/radioportoseguro.com.br\/site\/wp-json\/wp\/v2\/posts\/3544","targetHints":{"allow":["GET"]}}],"collection":[{"href":"https:\/\/radioportoseguro.com.br\/site\/wp-json\/wp\/v2\/posts"}],"about":[{"href":"https:\/\/radioportoseguro.com.br\/site\/wp-json\/wp\/v2\/types\/post"}],"author":[{"embeddable":true,"href":"https:\/\/radioportoseguro.com.br\/site\/wp-json\/wp\/v2\/users\/1"}],"replies":[{"embeddable":true,"href":"https:\/\/radioportoseguro.com.br\/site\/wp-json\/wp\/v2\/comments?post=3544"}],"version-history":[{"count":0,"href":"https:\/\/radioportoseguro.com.br\/site\/wp-json\/wp\/v2\/posts\/3544\/revisions"}],"wp:featuredmedia":[{"embeddable":true,"href":"https:\/\/radioportoseguro.com.br\/site\/wp-json\/wp\/v2\/media\/3545"}],"wp:attachment":[{"href":"https:\/\/radioportoseguro.com.br\/site\/wp-json\/wp\/v2\/media?parent=3544"}],"wp:term":[{"taxonomy":"category","embeddable":true,"href":"https:\/\/radioportoseguro.com.br\/site\/wp-json\/wp\/v2\/categories?post=3544"},{"taxonomy":"post_tag","embeddable":true,"href":"https:\/\/radioportoseguro.com.br\/site\/wp-json\/wp\/v2\/tags?post=3544"}],"curies":[{"name":"wp","href":"https:\/\/api.w.org\/{rel}","templated":true}]}}