{"id":3562,"date":"2026-01-29T13:14:15","date_gmt":"2026-01-29T16:14:15","guid":{"rendered":"https:\/\/radioportoseguro.com.br\/site\/2026\/01\/29\/enfermeira-e-curada-de-arritmia-cardiaca-apos-oracao-deus-viu-meu-coracao\/"},"modified":"2026-01-29T13:14:15","modified_gmt":"2026-01-29T16:14:15","slug":"enfermeira-e-curada-de-arritmia-cardiaca-apos-oracao-deus-viu-meu-coracao","status":"publish","type":"post","link":"https:\/\/radioportoseguro.com.br\/site\/2026\/01\/29\/enfermeira-e-curada-de-arritmia-cardiaca-apos-oracao-deus-viu-meu-coracao\/","title":{"rendered":"Enfermeira \u00e9 curada de arritmia card\u00edaca ap\u00f3s ora\u00e7\u00e3o: \u201cDeus viu meu cora\u00e7\u00e3o\u201d"},"content":{"rendered":"<p><br \/>\n<\/p>\n<div>\n<p><span style=\"font-weight: 400;\">Uma enfermeira americana foi curada de arritmia card\u00edaca ap\u00f3s uma ora\u00e7\u00e3o e surpreendeu os m\u00e9dicos com o resultados dos novos exames nos Estados Unidos.<\/span><\/p>\n<p><span style=\"font-weight: 400;\">Rebecca Kosko, de 62 anos, come\u00e7ou a sentir um desconforto no cora\u00e7\u00e3o em janeiro de 2023. Com experi\u00eancia na \u00e1rea da sa\u00fade, ela ficou preocupada com a possibilidade de estar desenvolvendo um <\/span><span style=\"color: #993300;\"><strong>problema card\u00edaco<\/strong><\/span><span style=\"font-weight: 400;\"> grave.<\/span><\/p>\n<p><span style=\"font-weight: 400;\">\u201cEu estava preocupada, mas tamb\u00e9m muito fervorosa em ora\u00e7\u00e3o\u201d, disse ela \u00e0 CBN News.<\/span><\/p>\n<p><span style=\"font-weight: 400;\">Nesse per\u00edodo, seu marido, Jerry, havia sido diagnosticado com c\u00e2ncer de pr\u00f3stata, e Rebecca precisou lidar com os desafios da fam\u00edlia. \u201cEu precisava ser forte por ele\u201d.<\/span><\/p>\n<p><span style=\"font-weight: 400;\">Ap\u00f3s duas semanas sem melhora, Rebecca procurou um hospital, onde realizou um eletrocardiograma que indicou contra\u00e7\u00f5es ventriculares prematuras (CVP), que podem causar arritmia card\u00edaca.\u00a0<\/span><\/p>\n<p><span style=\"font-weight: 400;\">\u201cSe isso continuar, pode causar um ataque card\u00edaco. Pode causar m\u00e1 irriga\u00e7\u00e3o sangu\u00ednea em todos os \u00f3rg\u00e3os. Pode causar um ac\u00famulo de sangue. Pode fazer com que o cora\u00e7\u00e3o tenha fluxo insuficiente de volta para os pulm\u00f5es, causando problemas de oxigena\u00e7\u00e3o\u201d, explicou Rebecca.<\/span><\/p>\n<p><span style=\"font-weight: 400;\">Tempos depois, um cardiologista confirmou o diagn\u00f3stico e agendou um teste de esfor\u00e7o para o dia 2 de mar\u00e7o, para determinar o melhor tratamento.\u00a0<\/span><\/p>\n<p><span style=\"font-weight: 400;\">\u201cPoderia ser um choque para tentar regularizar o ritmo card\u00edaco,\u00a0 medicamentos ou cirurgia se houvesse algum bloqueio\u201d, disse ela.<\/span><\/p>\n<p><strong>\u2018Recebi a cura\u2019<\/strong><\/p>\n<p><span style=\"font-weight: 400;\">Enquanto aguardava o exame, Rebecca intensificou suas ora\u00e7\u00f5es, pedindo a Deus cura e for\u00e7as para enfrentar esse per\u00edodo dif\u00edcil.<\/span><\/p>\n<p><span style=\"font-weight: 400;\">\u201cNunca tive medo, mas eu pensava: &#8216;Senhor, eu n\u00e3o entendo isso&#8217;\u201d, relembrou ela. Diariamente, ela costumava assistir ao programa crist\u00e3o &#8220;The 700 Club&#8221;.\u00a0<\/span><\/p>\n<p><span style=\"font-weight: 400;\">Segundo ela, os testemunhos de cura e as <\/span><span style=\"color: #993300;\"><strong>ora\u00e7\u00f5es dos apresentadores<\/strong><\/span><span style=\"font-weight: 400;\"> fortaleceram sua f\u00e9. No dia 1 de mar\u00e7o, um dia antes de seu teste de esfor\u00e7o, ela estava assistindo ao programa quando a apresentadora, Ashley Key, declarou:\u00a0<\/span><\/p>\n<p><span style=\"font-weight: 400;\">&#8220;Eu acredito que tem algu\u00e9m assistindo que est\u00e1 com um problema card\u00edaco grave est\u00e1 sendo curado desse problema card\u00edaco agora mesmo, em nome de Jesus. Eu acredito que h\u00e1 muitas palpita\u00e7\u00f5es por causa disso, e isso chega a tirar o f\u00f4lego, e eu acredito que Deus est\u00e1 te tocando agora mesmo, enquanto voc\u00ea coloca a m\u00e3o sobre o peito, sobre o cora\u00e7\u00e3o. Deus est\u00e1 curando seu cora\u00e7\u00e3o agora mesmo, em nome de Jesus&#8221;.\u00a0\u00a0<\/span><\/p>\n<p style=\"text-align: center;\"><br \/><sup><span style=\"font-weight: 400; color: #808080;\">Rebecca e o esposo lendo a B\u00edblia. (Foto: Reprodu\u00e7\u00e3o\/CBN News)<\/span><\/sup><\/p>\n<p><span style=\"font-weight: 400;\">Naquele momento, Rebecca levantou as m\u00e3os para o c\u00e9u e orou: \u201c\u2018Eu recebo agora, em nome de Jesus\u2019. Continuei verificando se n\u00e3o havia mais nenhuma irregularidade. Tudo se acalmou completamente e n\u00e3o aconteceu mais nada depois disso\u201d.\u00a0<\/span><\/p>\n<p><span style=\"font-weight: 400;\">No dia seguinte, quando foi ao m\u00e9dico realizar o teste de esfor\u00e7o, Rebecca contou: \u201cEu estava animada para fazer o teste na esteira s\u00f3 para provar ao m\u00e9dico e a todos que eu estava curada\u201d.<\/span><\/p>\n<p><span style=\"font-weight: 400;\">Durante o teste, ela n\u00e3o teve irregularidades. Quando o cardiologista avaliou o resultado, ficou surpreso.\u00a0<\/span><\/p>\n<p><span style=\"font-weight: 400;\">\u201cEle olhou para os resultados, para a esteira e para mim, e disse: \u2018Voc\u00ea tem um excelente progn\u00f3stico card\u00edaco. N\u00e3o h\u00e1 nada de errado com voc\u00ea&#8217;\u201d, relembrou ela.<\/span><\/p>\n<p><span style=\"font-weight: 400;\">Desde ent\u00e3o, Rebecca n\u00e3o teve mais problemas card\u00edacos e p\u00f4de acompanhar o marido durante a cirurgia e a recupera\u00e7\u00e3o do c\u00e2ncer de pr\u00f3stata. O casal afirma que a experi\u00eancia fortaleceu a f\u00e9 de ambos.<\/span><\/p>\n<p><span style=\"font-weight: 400;\">\u201cDeus me viu, Deus viu meu cora\u00e7\u00e3o e minha necessidade de cura. E em meio a todas as grandes coisas do mundo, Ele ainda me viu. E \u00e9 por isso que fiquei t\u00e3o animada. Ele se importa com as pequenas coisas, Ele se importa com tudo o que acontece em sua vida\u201d, afirmou Rebecca.\u00a0<\/span><\/p>\n<p><span style=\"font-weight: 400;\">\u201cEm meio aos dramas da vida, \u00e0s m\u00e1goas, \u00e0s dores, \u00e0s coisas que todos n\u00f3s sofremos. Ele est\u00e1 l\u00e1. Tudo o que voc\u00ea precisa fazer \u00e9 pedir por cura\u201d, concluiu.<\/span><\/p>\n<\/div>\n<p><br \/>\n<br \/>Fonte: Guiame <\/p>\n","protected":false},"excerpt":{"rendered":"<p>Uma enfermeira americana foi curada de arritmia card\u00edaca ap\u00f3s uma ora\u00e7\u00e3o e surpreendeu os m\u00e9dicos com o resultados dos novos exames nos Estados Unidos. Rebecca Kosko, de 62 anos, come\u00e7ou a sentir um desconforto no cora\u00e7\u00e3o em janeiro de 2023. Com experi\u00eancia na \u00e1rea da sa\u00fade, ela ficou preocupada com a possibilidade de estar desenvolvendo [&hellip;]<\/p>\n","protected":false},"author":1,"featured_media":3563,"comment_status":"","ping_status":"open","sticky":false,"template":"","format":"standard","meta":{"footnotes":""},"categories":[43],"tags":[],"class_list":["post-3562","post","type-post","status-publish","format-standard","has-post-thumbnail","hentry","category-destaques"],"yoast_head":"<!-- This site is optimized with the Yoast SEO plugin v26.8 - https:\/\/yoast.com\/product\/yoast-seo-wordpress\/ -->\n<title>Enfermeira \u00e9 curada de arritmia card\u00edaca ap\u00f3s ora\u00e7\u00e3o: \u201cDeus viu meu cora\u00e7\u00e3o\u201d - R\u00e1dio Porto Seguro<\/title>\n<meta name=\"robots\" content=\"index, follow, max-snippet:-1, max-image-preview:large, max-video-preview:-1\" \/>\n<link rel=\"canonical\" href=\"https:\/\/radioportoseguro.com.br\/site\/2026\/01\/29\/enfermeira-e-curada-de-arritmia-cardiaca-apos-oracao-deus-viu-meu-coracao\/\" \/>\n<meta property=\"og:locale\" content=\"pt_BR\" \/>\n<meta property=\"og:type\" content=\"article\" \/>\n<meta property=\"og:title\" content=\"Enfermeira \u00e9 curada de arritmia card\u00edaca ap\u00f3s ora\u00e7\u00e3o: \u201cDeus viu meu cora\u00e7\u00e3o\u201d - R\u00e1dio Porto Seguro\" \/>\n<meta property=\"og:description\" content=\"Uma enfermeira americana foi curada de arritmia card\u00edaca ap\u00f3s uma ora\u00e7\u00e3o e surpreendeu os m\u00e9dicos com o resultados dos novos exames nos Estados Unidos. Rebecca Kosko, de 62 anos, come\u00e7ou a sentir um desconforto no cora\u00e7\u00e3o em janeiro de 2023. Com experi\u00eancia na \u00e1rea da sa\u00fade, ela ficou preocupada com a possibilidade de estar desenvolvendo [&hellip;]\" \/>\n<meta property=\"og:url\" content=\"https:\/\/radioportoseguro.com.br\/site\/2026\/01\/29\/enfermeira-e-curada-de-arritmia-cardiaca-apos-oracao-deus-viu-meu-coracao\/\" \/>\n<meta property=\"og:site_name\" content=\"R\u00e1dio Porto Seguro\" \/>\n<meta property=\"article:published_time\" content=\"2026-01-29T16:14:15+00:00\" \/>\n<meta property=\"og:image\" content=\"https:\/\/thumbor.guiame.com.br\/unsafe\/smart\/https:\/\/media.guiame.com.br\/archives\/2026\/01\/28\/4289100771-.png\" \/>\n<meta name=\"author\" content=\"admin\" \/>\n<meta name=\"twitter:card\" content=\"summary_large_image\" \/>\n<meta name=\"twitter:label1\" content=\"Escrito por\" \/>\n\t<meta name=\"twitter:data1\" content=\"admin\" \/>\n\t<meta name=\"twitter:label2\" content=\"Est. tempo de leitura\" \/>\n\t<meta name=\"twitter:data2\" content=\"3 minutos\" \/>\n<script type=\"application\/ld+json\" class=\"yoast-schema-graph\">{\"@context\":\"https:\/\/schema.org\",\"@graph\":[{\"@type\":\"Article\",\"@id\":\"https:\/\/radioportoseguro.com.br\/site\/2026\/01\/29\/enfermeira-e-curada-de-arritmia-cardiaca-apos-oracao-deus-viu-meu-coracao\/#article\",\"isPartOf\":{\"@id\":\"https:\/\/radioportoseguro.com.br\/site\/2026\/01\/29\/enfermeira-e-curada-de-arritmia-cardiaca-apos-oracao-deus-viu-meu-coracao\/\"},\"author\":{\"name\":\"admin\",\"@id\":\"https:\/\/radioportoseguro.com.br\/site\/#\/schema\/person\/7630acdc320186f13639d3c067ec089b\"},\"headline\":\"Enfermeira \u00e9 curada de arritmia card\u00edaca ap\u00f3s ora\u00e7\u00e3o: \u201cDeus viu meu cora\u00e7\u00e3o\u201d\",\"datePublished\":\"2026-01-29T16:14:15+00:00\",\"mainEntityOfPage\":{\"@id\":\"https:\/\/radioportoseguro.com.br\/site\/2026\/01\/29\/enfermeira-e-curada-de-arritmia-cardiaca-apos-oracao-deus-viu-meu-coracao\/\"},\"wordCount\":693,\"image\":{\"@id\":\"https:\/\/radioportoseguro.com.br\/site\/2026\/01\/29\/enfermeira-e-curada-de-arritmia-cardiaca-apos-oracao-deus-viu-meu-coracao\/#primaryimage\"},\"thumbnailUrl\":\"https:\/\/radioportoseguro.com.br\/site\/wp-content\/uploads\/2026\/01\/1447901161-rebecca-kosko.png\",\"articleSection\":[\"Destaques\"],\"inLanguage\":\"pt-BR\"},{\"@type\":\"WebPage\",\"@id\":\"https:\/\/radioportoseguro.com.br\/site\/2026\/01\/29\/enfermeira-e-curada-de-arritmia-cardiaca-apos-oracao-deus-viu-meu-coracao\/\",\"url\":\"https:\/\/radioportoseguro.com.br\/site\/2026\/01\/29\/enfermeira-e-curada-de-arritmia-cardiaca-apos-oracao-deus-viu-meu-coracao\/\",\"name\":\"Enfermeira \u00e9 curada de arritmia card\u00edaca ap\u00f3s ora\u00e7\u00e3o: \u201cDeus viu meu cora\u00e7\u00e3o\u201d - R\u00e1dio Porto Seguro\",\"isPartOf\":{\"@id\":\"https:\/\/radioportoseguro.com.br\/site\/#website\"},\"primaryImageOfPage\":{\"@id\":\"https:\/\/radioportoseguro.com.br\/site\/2026\/01\/29\/enfermeira-e-curada-de-arritmia-cardiaca-apos-oracao-deus-viu-meu-coracao\/#primaryimage\"},\"image\":{\"@id\":\"https:\/\/radioportoseguro.com.br\/site\/2026\/01\/29\/enfermeira-e-curada-de-arritmia-cardiaca-apos-oracao-deus-viu-meu-coracao\/#primaryimage\"},\"thumbnailUrl\":\"https:\/\/radioportoseguro.com.br\/site\/wp-content\/uploads\/2026\/01\/1447901161-rebecca-kosko.png\",\"datePublished\":\"2026-01-29T16:14:15+00:00\",\"author\":{\"@id\":\"https:\/\/radioportoseguro.com.br\/site\/#\/schema\/person\/7630acdc320186f13639d3c067ec089b\"},\"breadcrumb\":{\"@id\":\"https:\/\/radioportoseguro.com.br\/site\/2026\/01\/29\/enfermeira-e-curada-de-arritmia-cardiaca-apos-oracao-deus-viu-meu-coracao\/#breadcrumb\"},\"inLanguage\":\"pt-BR\",\"potentialAction\":[{\"@type\":\"ReadAction\",\"target\":[\"https:\/\/radioportoseguro.com.br\/site\/2026\/01\/29\/enfermeira-e-curada-de-arritmia-cardiaca-apos-oracao-deus-viu-meu-coracao\/\"]}]},{\"@type\":\"ImageObject\",\"inLanguage\":\"pt-BR\",\"@id\":\"https:\/\/radioportoseguro.com.br\/site\/2026\/01\/29\/enfermeira-e-curada-de-arritmia-cardiaca-apos-oracao-deus-viu-meu-coracao\/#primaryimage\",\"url\":\"https:\/\/radioportoseguro.com.br\/site\/wp-content\/uploads\/2026\/01\/1447901161-rebecca-kosko.png\",\"contentUrl\":\"https:\/\/radioportoseguro.com.br\/site\/wp-content\/uploads\/2026\/01\/1447901161-rebecca-kosko.png\",\"width\":1200,\"height\":600},{\"@type\":\"BreadcrumbList\",\"@id\":\"https:\/\/radioportoseguro.com.br\/site\/2026\/01\/29\/enfermeira-e-curada-de-arritmia-cardiaca-apos-oracao-deus-viu-meu-coracao\/#breadcrumb\",\"itemListElement\":[{\"@type\":\"ListItem\",\"position\":1,\"name\":\"In\u00edcio\",\"item\":\"https:\/\/radioportoseguro.com.br\/site\/\"},{\"@type\":\"ListItem\",\"position\":2,\"name\":\"Enfermeira \u00e9 curada de arritmia card\u00edaca ap\u00f3s ora\u00e7\u00e3o: \u201cDeus viu meu cora\u00e7\u00e3o\u201d\"}]},{\"@type\":\"WebSite\",\"@id\":\"https:\/\/radioportoseguro.com.br\/site\/#website\",\"url\":\"https:\/\/radioportoseguro.com.br\/site\/\",\"name\":\"R\u00e1dio Porto Seguro\",\"description\":\"\",\"potentialAction\":[{\"@type\":\"SearchAction\",\"target\":{\"@type\":\"EntryPoint\",\"urlTemplate\":\"https:\/\/radioportoseguro.com.br\/site\/?s={search_term_string}\"},\"query-input\":{\"@type\":\"PropertyValueSpecification\",\"valueRequired\":true,\"valueName\":\"search_term_string\"}}],\"inLanguage\":\"pt-BR\"},{\"@type\":\"Person\",\"@id\":\"https:\/\/radioportoseguro.com.br\/site\/#\/schema\/person\/7630acdc320186f13639d3c067ec089b\",\"name\":\"admin\",\"image\":{\"@type\":\"ImageObject\",\"inLanguage\":\"pt-BR\",\"@id\":\"https:\/\/radioportoseguro.com.br\/site\/#\/schema\/person\/image\/\",\"url\":\"https:\/\/secure.gravatar.com\/avatar\/caacf4dc1eedb68fab0df8e1ed46c448e578b2466351bbcb61e47d2ac0caaef0?s=96&d=mm&r=g\",\"contentUrl\":\"https:\/\/secure.gravatar.com\/avatar\/caacf4dc1eedb68fab0df8e1ed46c448e578b2466351bbcb61e47d2ac0caaef0?s=96&d=mm&r=g\",\"caption\":\"admin\"},\"sameAs\":[\"https:\/\/radioportoseguro.com.br\/site\"],\"url\":\"https:\/\/radioportoseguro.com.br\/site\/author\/hezio\/\"}]}<\/script>\n<!-- \/ Yoast SEO plugin. -->","yoast_head_json":{"title":"Enfermeira \u00e9 curada de arritmia card\u00edaca ap\u00f3s ora\u00e7\u00e3o: \u201cDeus viu meu cora\u00e7\u00e3o\u201d - R\u00e1dio Porto Seguro","robots":{"index":"index","follow":"follow","max-snippet":"max-snippet:-1","max-image-preview":"max-image-preview:large","max-video-preview":"max-video-preview:-1"},"canonical":"https:\/\/radioportoseguro.com.br\/site\/2026\/01\/29\/enfermeira-e-curada-de-arritmia-cardiaca-apos-oracao-deus-viu-meu-coracao\/","og_locale":"pt_BR","og_type":"article","og_title":"Enfermeira \u00e9 curada de arritmia card\u00edaca ap\u00f3s ora\u00e7\u00e3o: \u201cDeus viu meu cora\u00e7\u00e3o\u201d - R\u00e1dio Porto Seguro","og_description":"Uma enfermeira americana foi curada de arritmia card\u00edaca ap\u00f3s uma ora\u00e7\u00e3o e surpreendeu os m\u00e9dicos com o resultados dos novos exames nos Estados Unidos. Rebecca Kosko, de 62 anos, come\u00e7ou a sentir um desconforto no cora\u00e7\u00e3o em janeiro de 2023. Com experi\u00eancia na \u00e1rea da sa\u00fade, ela ficou preocupada com a possibilidade de estar desenvolvendo [&hellip;]","og_url":"https:\/\/radioportoseguro.com.br\/site\/2026\/01\/29\/enfermeira-e-curada-de-arritmia-cardiaca-apos-oracao-deus-viu-meu-coracao\/","og_site_name":"R\u00e1dio Porto Seguro","article_published_time":"2026-01-29T16:14:15+00:00","og_image":[{"url":"https:\/\/thumbor.guiame.com.br\/unsafe\/smart\/https:\/\/media.guiame.com.br\/archives\/2026\/01\/28\/4289100771-.png","type":"","width":"","height":""}],"author":"admin","twitter_card":"summary_large_image","twitter_misc":{"Escrito por":"admin","Est. tempo de leitura":"3 minutos"},"schema":{"@context":"https:\/\/schema.org","@graph":[{"@type":"Article","@id":"https:\/\/radioportoseguro.com.br\/site\/2026\/01\/29\/enfermeira-e-curada-de-arritmia-cardiaca-apos-oracao-deus-viu-meu-coracao\/#article","isPartOf":{"@id":"https:\/\/radioportoseguro.com.br\/site\/2026\/01\/29\/enfermeira-e-curada-de-arritmia-cardiaca-apos-oracao-deus-viu-meu-coracao\/"},"author":{"name":"admin","@id":"https:\/\/radioportoseguro.com.br\/site\/#\/schema\/person\/7630acdc320186f13639d3c067ec089b"},"headline":"Enfermeira \u00e9 curada de arritmia card\u00edaca ap\u00f3s ora\u00e7\u00e3o: \u201cDeus viu meu cora\u00e7\u00e3o\u201d","datePublished":"2026-01-29T16:14:15+00:00","mainEntityOfPage":{"@id":"https:\/\/radioportoseguro.com.br\/site\/2026\/01\/29\/enfermeira-e-curada-de-arritmia-cardiaca-apos-oracao-deus-viu-meu-coracao\/"},"wordCount":693,"image":{"@id":"https:\/\/radioportoseguro.com.br\/site\/2026\/01\/29\/enfermeira-e-curada-de-arritmia-cardiaca-apos-oracao-deus-viu-meu-coracao\/#primaryimage"},"thumbnailUrl":"https:\/\/radioportoseguro.com.br\/site\/wp-content\/uploads\/2026\/01\/1447901161-rebecca-kosko.png","articleSection":["Destaques"],"inLanguage":"pt-BR"},{"@type":"WebPage","@id":"https:\/\/radioportoseguro.com.br\/site\/2026\/01\/29\/enfermeira-e-curada-de-arritmia-cardiaca-apos-oracao-deus-viu-meu-coracao\/","url":"https:\/\/radioportoseguro.com.br\/site\/2026\/01\/29\/enfermeira-e-curada-de-arritmia-cardiaca-apos-oracao-deus-viu-meu-coracao\/","name":"Enfermeira \u00e9 curada de arritmia card\u00edaca ap\u00f3s ora\u00e7\u00e3o: \u201cDeus viu meu cora\u00e7\u00e3o\u201d - R\u00e1dio Porto Seguro","isPartOf":{"@id":"https:\/\/radioportoseguro.com.br\/site\/#website"},"primaryImageOfPage":{"@id":"https:\/\/radioportoseguro.com.br\/site\/2026\/01\/29\/enfermeira-e-curada-de-arritmia-cardiaca-apos-oracao-deus-viu-meu-coracao\/#primaryimage"},"image":{"@id":"https:\/\/radioportoseguro.com.br\/site\/2026\/01\/29\/enfermeira-e-curada-de-arritmia-cardiaca-apos-oracao-deus-viu-meu-coracao\/#primaryimage"},"thumbnailUrl":"https:\/\/radioportoseguro.com.br\/site\/wp-content\/uploads\/2026\/01\/1447901161-rebecca-kosko.png","datePublished":"2026-01-29T16:14:15+00:00","author":{"@id":"https:\/\/radioportoseguro.com.br\/site\/#\/schema\/person\/7630acdc320186f13639d3c067ec089b"},"breadcrumb":{"@id":"https:\/\/radioportoseguro.com.br\/site\/2026\/01\/29\/enfermeira-e-curada-de-arritmia-cardiaca-apos-oracao-deus-viu-meu-coracao\/#breadcrumb"},"inLanguage":"pt-BR","potentialAction":[{"@type":"ReadAction","target":["https:\/\/radioportoseguro.com.br\/site\/2026\/01\/29\/enfermeira-e-curada-de-arritmia-cardiaca-apos-oracao-deus-viu-meu-coracao\/"]}]},{"@type":"ImageObject","inLanguage":"pt-BR","@id":"https:\/\/radioportoseguro.com.br\/site\/2026\/01\/29\/enfermeira-e-curada-de-arritmia-cardiaca-apos-oracao-deus-viu-meu-coracao\/#primaryimage","url":"https:\/\/radioportoseguro.com.br\/site\/wp-content\/uploads\/2026\/01\/1447901161-rebecca-kosko.png","contentUrl":"https:\/\/radioportoseguro.com.br\/site\/wp-content\/uploads\/2026\/01\/1447901161-rebecca-kosko.png","width":1200,"height":600},{"@type":"BreadcrumbList","@id":"https:\/\/radioportoseguro.com.br\/site\/2026\/01\/29\/enfermeira-e-curada-de-arritmia-cardiaca-apos-oracao-deus-viu-meu-coracao\/#breadcrumb","itemListElement":[{"@type":"ListItem","position":1,"name":"In\u00edcio","item":"https:\/\/radioportoseguro.com.br\/site\/"},{"@type":"ListItem","position":2,"name":"Enfermeira \u00e9 curada de arritmia card\u00edaca ap\u00f3s ora\u00e7\u00e3o: \u201cDeus viu meu cora\u00e7\u00e3o\u201d"}]},{"@type":"WebSite","@id":"https:\/\/radioportoseguro.com.br\/site\/#website","url":"https:\/\/radioportoseguro.com.br\/site\/","name":"R\u00e1dio Porto Seguro","description":"","potentialAction":[{"@type":"SearchAction","target":{"@type":"EntryPoint","urlTemplate":"https:\/\/radioportoseguro.com.br\/site\/?s={search_term_string}"},"query-input":{"@type":"PropertyValueSpecification","valueRequired":true,"valueName":"search_term_string"}}],"inLanguage":"pt-BR"},{"@type":"Person","@id":"https:\/\/radioportoseguro.com.br\/site\/#\/schema\/person\/7630acdc320186f13639d3c067ec089b","name":"admin","image":{"@type":"ImageObject","inLanguage":"pt-BR","@id":"https:\/\/radioportoseguro.com.br\/site\/#\/schema\/person\/image\/","url":"https:\/\/secure.gravatar.com\/avatar\/caacf4dc1eedb68fab0df8e1ed46c448e578b2466351bbcb61e47d2ac0caaef0?s=96&d=mm&r=g","contentUrl":"https:\/\/secure.gravatar.com\/avatar\/caacf4dc1eedb68fab0df8e1ed46c448e578b2466351bbcb61e47d2ac0caaef0?s=96&d=mm&r=g","caption":"admin"},"sameAs":["https:\/\/radioportoseguro.com.br\/site"],"url":"https:\/\/radioportoseguro.com.br\/site\/author\/hezio\/"}]}},"_links":{"self":[{"href":"https:\/\/radioportoseguro.com.br\/site\/wp-json\/wp\/v2\/posts\/3562","targetHints":{"allow":["GET"]}}],"collection":[{"href":"https:\/\/radioportoseguro.com.br\/site\/wp-json\/wp\/v2\/posts"}],"about":[{"href":"https:\/\/radioportoseguro.com.br\/site\/wp-json\/wp\/v2\/types\/post"}],"author":[{"embeddable":true,"href":"https:\/\/radioportoseguro.com.br\/site\/wp-json\/wp\/v2\/users\/1"}],"replies":[{"embeddable":true,"href":"https:\/\/radioportoseguro.com.br\/site\/wp-json\/wp\/v2\/comments?post=3562"}],"version-history":[{"count":0,"href":"https:\/\/radioportoseguro.com.br\/site\/wp-json\/wp\/v2\/posts\/3562\/revisions"}],"wp:featuredmedia":[{"embeddable":true,"href":"https:\/\/radioportoseguro.com.br\/site\/wp-json\/wp\/v2\/media\/3563"}],"wp:attachment":[{"href":"https:\/\/radioportoseguro.com.br\/site\/wp-json\/wp\/v2\/media?parent=3562"}],"wp:term":[{"taxonomy":"category","embeddable":true,"href":"https:\/\/radioportoseguro.com.br\/site\/wp-json\/wp\/v2\/categories?post=3562"},{"taxonomy":"post_tag","embeddable":true,"href":"https:\/\/radioportoseguro.com.br\/site\/wp-json\/wp\/v2\/tags?post=3562"}],"curies":[{"name":"wp","href":"https:\/\/api.w.org\/{rel}","templated":true}]}}