{"id":3564,"date":"2026-01-29T15:17:07","date_gmt":"2026-01-29T18:17:07","guid":{"rendered":"https:\/\/radioportoseguro.com.br\/site\/2026\/01\/29\/usar-um-relogio-de-r-300-mil-e-incompativel-com-a-funcao-pastoral-alerta-carlito-paes\/"},"modified":"2026-01-29T15:17:07","modified_gmt":"2026-01-29T18:17:07","slug":"usar-um-relogio-de-r-300-mil-e-incompativel-com-a-funcao-pastoral-alerta-carlito-paes","status":"publish","type":"post","link":"https:\/\/radioportoseguro.com.br\/site\/2026\/01\/29\/usar-um-relogio-de-r-300-mil-e-incompativel-com-a-funcao-pastoral-alerta-carlito-paes\/","title":{"rendered":"\u201cUsar um rel\u00f3gio de R$ 300 mil \u00e9 incompat\u00edvel com a fun\u00e7\u00e3o pastoral\u201d, alerta Carlito Paes"},"content":{"rendered":"<p><br \/>\n<br \/><\/p>\n<div>\n<p><span style=\"color: #993300;\"><strong>Carlito Paes<\/strong><\/span><span style=\"font-weight: 400;\"> exortou l\u00edderes crist\u00e3os a n\u00e3o se guiarem apenas pelo que \u00e9 \u201ccerto ou errado\u201d, mas pelo que \u00e9 \u201cs\u00e1bio\u201d. Em uma ministra\u00e7\u00e3o, o pastor da Igreja da Cidade, em S\u00e3o Jos\u00e9 dos Campos, S\u00e3o Paulo, destacou que o lugar mais seguro para o crist\u00e3o \u00e9 o centro da vontade de Deus.<\/span><\/p>\n<p><span style=\"font-weight: 400;\">Durante um treinamento para pastores e l\u00edderes chamado 1lpdh, Carlito ministrou sobre o tema \u201cConselhos para a lideran\u00e7a dos dias de hoje\u201d e destacou que a maturidade na lideran\u00e7a crist\u00e3 ultrapassa uma simples an\u00e1lise moral.<\/span><\/p>\n<p><span style=\"font-weight: 400;\">Usando o exemplo da ostenta\u00e7\u00e3o, o pastor explicou: \u201cN\u00e3o \u00e9 que \u00e9 certo ou errado o Carlito usar um rel\u00f3gio de 100 mil, 200 mil ou 300 mil. \u00c9 incompat\u00edvel com a minha fun\u00e7\u00e3o e <\/span><span style=\"color: #993300;\"><strong>chamado pastoral<\/strong><\/span><span style=\"font-weight: 400;\">\u201d.\u00a0<\/span><\/p>\n<blockquote class=\"instagram-media\" style=\"background: #FFF; border: 0; border-radius: 3px; box-shadow: 0 0 1px 0 rgba(0,0,0,0.5),0 1px 10px 0 rgba(0,0,0,0.15); margin: 1px; max-width: 540px; min-width: 326px; padding: 0; width: calc(100% - 2px);\" data-instgrm-permalink=\"https:\/\/www.instagram.com\/reel\/DTdCYbOjuvX\/?utm_source=ig_embed&amp;utm_campaign=loading\" data-instgrm-version=\"14\"><p>&#13;<br \/>\n&#13;\n<\/p><\/blockquote>\n<p><span style=\"font-weight: 400;\">Segundo ele, limitar-se ao \u201ccerto ou errado\u201d revela um n\u00edvel raso de maturidade espiritual: \u201cQuerido, se voc\u00ea est\u00e1 liderando uma igreja em cima do que \u00e9 certo ou errado, voc\u00ea est\u00e1 num n\u00edvel muito baixo de lideran\u00e7a\u201d, afirmou Carlito.\u00a0<\/span><\/p>\n<p><span style=\"font-weight: 400;\">E continuou: \u201cUm l\u00edder para os dias de hoje tem que fazer a primeira pergunta: Isso \u00e9 s\u00e1bio ou n\u00e3o \u00e9 s\u00e1bio?\u201d.<\/span><\/p>\n<p><strong>\u2018Centro da vontade de Deus\u2019<\/strong><\/p>\n<p><span style=\"font-weight: 400;\">Ainda refletindo sobre bens materiais, Carlito mencionou a ostenta\u00e7\u00e3o de carros luxuosos entre os l\u00edderes crist\u00e3os.<\/span><\/p>\n<p><span style=\"font-weight: 400;\">\u201cN\u00e3o \u00e9 todo tipo de carro que serve para n\u00f3s. Isso pode ser uma \u2018desprega\u00e7\u00e3o\u2019, um desest\u00edmulo\u201d, relatou ele.<\/span><\/p>\n<p><span style=\"font-weight: 400;\">Carlito explicou que l\u00edderes espirituais precisam considerar o impacto de suas escolhas sobre o testemunho do Evangelho.<\/span><\/p>\n<p><span style=\"font-weight: 400;\">\u201cA quest\u00e3o n\u00e3o \u00e9 se voc\u00ea pode ou n\u00e3o pode comprar, se voc\u00ea merece ou n\u00e3o, n\u00e3o \u00e9 isso. A quest\u00e3o \u00e9: isso \u00e9 para voc\u00ea?\u201d, disse ele.<\/span><\/p>\n<p><span style=\"font-weight: 400;\">Nesse momento, o pastor tamb\u00e9m encorajou os l\u00edderes a viverem de acordo com a vontade de Deus, independentemente do contexto geogr\u00e1fico.<\/span><\/p>\n<p><span style=\"font-weight: 400;\">\u201cO lugar mais seguro da terra para se viver, n\u00e3o \u00e9 no Brasil, nos Estados Unidos, na Noruega, \u00e9 no centro da <\/span><span style=\"color: #993300;\"><strong>vontade de Deus<\/strong><\/span><span style=\"font-weight: 400;\">\u201d.\u00a0<\/span><\/p>\n<p><span style=\"font-weight: 400;\">\u201cE nem tudo que \u00e9 para um jogador de futebol, para um influencer, para um empres\u00e1rio, \u00e9 para voc\u00ea, pastor\u201d, concluiu.<\/span><\/p>\n<p><em><span style=\"font-weight: 400;\">Assista a prega\u00e7\u00e3o completa:\u00a0<\/span><\/em><\/p>\n<p><em><span style=\"font-weight: 400;\"><div class=\"ose-youtube ose-uid-f77935fafe20e7e448bc7cdd042035cb ose-embedpress-responsive\" style=\"width:600px; height:600px; max-height:600px; max-width:100%; display:inline-block;\" data-embed-type=\"Youtube\"><iframe allowFullScreen=\"true\" title=\"CONSELHOS PARA A LIDERAN\u00c7A DOS DIAS DE HOJE - CARLITO PAES - 1LPDH&#039;25\" width=\"600\" height=\"600\" src=\"https:\/\/www.youtube.com\/embed\/9XoIiJNSbG0?feature=oembed&color=red&rel=0&controls=1&start=&end=&fs=0&iv_load_policy=0&autoplay=0&mute=0&modestbranding=0&cc_load_policy=1&playsinline=1\" frameborder=\"0\" allow=\"accelerometer; encrypted-media;accelerometer;autoplay;clipboard-write;gyroscope;picture-in-picture clipboard-write; encrypted-media; gyroscope; picture-in-picture; web-share\" referrerpolicy=\"strict-origin-when-cross-origin\" allowfullscreen><\/iframe><\/div><\/span><\/em><\/p>\n<\/div>\n<p><script async src=\"\/\/www.instagram.com\/embed.js\"><\/script><br \/>\n<br \/><br \/>\n<br \/>Fonte: Guiame <\/p>\n","protected":false},"excerpt":{"rendered":"<p>Carlito Paes exortou l\u00edderes crist\u00e3os a n\u00e3o se guiarem apenas pelo que \u00e9 \u201ccerto ou errado\u201d, mas pelo que \u00e9 \u201cs\u00e1bio\u201d. Em uma ministra\u00e7\u00e3o, o pastor da Igreja da Cidade, em S\u00e3o Jos\u00e9 dos Campos, S\u00e3o Paulo, destacou que o lugar mais seguro para o crist\u00e3o \u00e9 o centro da vontade de Deus. Durante um [&hellip;]<\/p>\n","protected":false},"author":1,"featured_media":3565,"comment_status":"","ping_status":"open","sticky":false,"template":"","format":"standard","meta":{"footnotes":""},"categories":[43],"tags":[],"class_list":["post-3564","post","type-post","status-publish","format-standard","has-post-thumbnail","hentry","category-destaques"],"yoast_head":"<!-- This site is optimized with the Yoast SEO plugin v26.8 - https:\/\/yoast.com\/product\/yoast-seo-wordpress\/ -->\n<title>\u201cUsar um rel\u00f3gio de R$ 300 mil \u00e9 incompat\u00edvel com a fun\u00e7\u00e3o pastoral\u201d, alerta Carlito Paes - R\u00e1dio Porto Seguro<\/title>\n<meta name=\"robots\" content=\"index, follow, max-snippet:-1, max-image-preview:large, max-video-preview:-1\" \/>\n<link rel=\"canonical\" href=\"https:\/\/radioportoseguro.com.br\/site\/2026\/01\/29\/usar-um-relogio-de-r-300-mil-e-incompativel-com-a-funcao-pastoral-alerta-carlito-paes\/\" \/>\n<meta property=\"og:locale\" content=\"pt_BR\" \/>\n<meta property=\"og:type\" content=\"article\" \/>\n<meta property=\"og:title\" content=\"\u201cUsar um rel\u00f3gio de R$ 300 mil \u00e9 incompat\u00edvel com a fun\u00e7\u00e3o pastoral\u201d, alerta Carlito Paes - R\u00e1dio Porto Seguro\" \/>\n<meta property=\"og:description\" content=\"Carlito Paes exortou l\u00edderes crist\u00e3os a n\u00e3o se guiarem apenas pelo que \u00e9 \u201ccerto ou errado\u201d, mas pelo que \u00e9 \u201cs\u00e1bio\u201d. Em uma ministra\u00e7\u00e3o, o pastor da Igreja da Cidade, em S\u00e3o Jos\u00e9 dos Campos, S\u00e3o Paulo, destacou que o lugar mais seguro para o crist\u00e3o \u00e9 o centro da vontade de Deus. Durante um [&hellip;]\" \/>\n<meta property=\"og:url\" content=\"https:\/\/radioportoseguro.com.br\/site\/2026\/01\/29\/usar-um-relogio-de-r-300-mil-e-incompativel-com-a-funcao-pastoral-alerta-carlito-paes\/\" \/>\n<meta property=\"og:site_name\" content=\"R\u00e1dio Porto Seguro\" \/>\n<meta property=\"article:published_time\" content=\"2026-01-29T18:17:07+00:00\" \/>\n<meta property=\"og:image\" content=\"https:\/\/media.guiame.com.br\/archives\/2026\/01\/28\/3425020563-carlito-paes.jpeg\" \/>\n<meta name=\"author\" content=\"admin\" \/>\n<meta name=\"twitter:card\" content=\"summary_large_image\" \/>\n<meta name=\"twitter:label1\" content=\"Escrito por\" \/>\n\t<meta name=\"twitter:data1\" content=\"admin\" \/>\n\t<meta name=\"twitter:label2\" content=\"Est. tempo de leitura\" \/>\n\t<meta name=\"twitter:data2\" content=\"2 minutos\" \/>\n<script type=\"application\/ld+json\" class=\"yoast-schema-graph\">{\"@context\":\"https:\/\/schema.org\",\"@graph\":[{\"@type\":\"Article\",\"@id\":\"https:\/\/radioportoseguro.com.br\/site\/2026\/01\/29\/usar-um-relogio-de-r-300-mil-e-incompativel-com-a-funcao-pastoral-alerta-carlito-paes\/#article\",\"isPartOf\":{\"@id\":\"https:\/\/radioportoseguro.com.br\/site\/2026\/01\/29\/usar-um-relogio-de-r-300-mil-e-incompativel-com-a-funcao-pastoral-alerta-carlito-paes\/\"},\"author\":{\"name\":\"admin\",\"@id\":\"https:\/\/radioportoseguro.com.br\/site\/#\/schema\/person\/7630acdc320186f13639d3c067ec089b\"},\"headline\":\"\u201cUsar um rel\u00f3gio de R$ 300 mil \u00e9 incompat\u00edvel com a fun\u00e7\u00e3o pastoral\u201d, alerta Carlito Paes\",\"datePublished\":\"2026-01-29T18:17:07+00:00\",\"mainEntityOfPage\":{\"@id\":\"https:\/\/radioportoseguro.com.br\/site\/2026\/01\/29\/usar-um-relogio-de-r-300-mil-e-incompativel-com-a-funcao-pastoral-alerta-carlito-paes\/\"},\"wordCount\":395,\"image\":{\"@id\":\"https:\/\/radioportoseguro.com.br\/site\/2026\/01\/29\/usar-um-relogio-de-r-300-mil-e-incompativel-com-a-funcao-pastoral-alerta-carlito-paes\/#primaryimage\"},\"thumbnailUrl\":\"https:\/\/radioportoseguro.com.br\/site\/wp-content\/uploads\/2026\/01\/3425020563-carlito-paes.jpeg\",\"articleSection\":[\"Destaques\"],\"inLanguage\":\"pt-BR\"},{\"@type\":\"WebPage\",\"@id\":\"https:\/\/radioportoseguro.com.br\/site\/2026\/01\/29\/usar-um-relogio-de-r-300-mil-e-incompativel-com-a-funcao-pastoral-alerta-carlito-paes\/\",\"url\":\"https:\/\/radioportoseguro.com.br\/site\/2026\/01\/29\/usar-um-relogio-de-r-300-mil-e-incompativel-com-a-funcao-pastoral-alerta-carlito-paes\/\",\"name\":\"\u201cUsar um rel\u00f3gio de R$ 300 mil \u00e9 incompat\u00edvel com a fun\u00e7\u00e3o pastoral\u201d, alerta Carlito Paes - R\u00e1dio Porto Seguro\",\"isPartOf\":{\"@id\":\"https:\/\/radioportoseguro.com.br\/site\/#website\"},\"primaryImageOfPage\":{\"@id\":\"https:\/\/radioportoseguro.com.br\/site\/2026\/01\/29\/usar-um-relogio-de-r-300-mil-e-incompativel-com-a-funcao-pastoral-alerta-carlito-paes\/#primaryimage\"},\"image\":{\"@id\":\"https:\/\/radioportoseguro.com.br\/site\/2026\/01\/29\/usar-um-relogio-de-r-300-mil-e-incompativel-com-a-funcao-pastoral-alerta-carlito-paes\/#primaryimage\"},\"thumbnailUrl\":\"https:\/\/radioportoseguro.com.br\/site\/wp-content\/uploads\/2026\/01\/3425020563-carlito-paes.jpeg\",\"datePublished\":\"2026-01-29T18:17:07+00:00\",\"author\":{\"@id\":\"https:\/\/radioportoseguro.com.br\/site\/#\/schema\/person\/7630acdc320186f13639d3c067ec089b\"},\"breadcrumb\":{\"@id\":\"https:\/\/radioportoseguro.com.br\/site\/2026\/01\/29\/usar-um-relogio-de-r-300-mil-e-incompativel-com-a-funcao-pastoral-alerta-carlito-paes\/#breadcrumb\"},\"inLanguage\":\"pt-BR\",\"potentialAction\":[{\"@type\":\"ReadAction\",\"target\":[\"https:\/\/radioportoseguro.com.br\/site\/2026\/01\/29\/usar-um-relogio-de-r-300-mil-e-incompativel-com-a-funcao-pastoral-alerta-carlito-paes\/\"]}]},{\"@type\":\"ImageObject\",\"inLanguage\":\"pt-BR\",\"@id\":\"https:\/\/radioportoseguro.com.br\/site\/2026\/01\/29\/usar-um-relogio-de-r-300-mil-e-incompativel-com-a-funcao-pastoral-alerta-carlito-paes\/#primaryimage\",\"url\":\"https:\/\/radioportoseguro.com.br\/site\/wp-content\/uploads\/2026\/01\/3425020563-carlito-paes.jpeg\",\"contentUrl\":\"https:\/\/radioportoseguro.com.br\/site\/wp-content\/uploads\/2026\/01\/3425020563-carlito-paes.jpeg\",\"width\":1200,\"height\":600},{\"@type\":\"BreadcrumbList\",\"@id\":\"https:\/\/radioportoseguro.com.br\/site\/2026\/01\/29\/usar-um-relogio-de-r-300-mil-e-incompativel-com-a-funcao-pastoral-alerta-carlito-paes\/#breadcrumb\",\"itemListElement\":[{\"@type\":\"ListItem\",\"position\":1,\"name\":\"In\u00edcio\",\"item\":\"https:\/\/radioportoseguro.com.br\/site\/\"},{\"@type\":\"ListItem\",\"position\":2,\"name\":\"\u201cUsar um rel\u00f3gio de R$ 300 mil \u00e9 incompat\u00edvel com a fun\u00e7\u00e3o pastoral\u201d, alerta Carlito Paes\"}]},{\"@type\":\"WebSite\",\"@id\":\"https:\/\/radioportoseguro.com.br\/site\/#website\",\"url\":\"https:\/\/radioportoseguro.com.br\/site\/\",\"name\":\"R\u00e1dio Porto Seguro\",\"description\":\"\",\"potentialAction\":[{\"@type\":\"SearchAction\",\"target\":{\"@type\":\"EntryPoint\",\"urlTemplate\":\"https:\/\/radioportoseguro.com.br\/site\/?s={search_term_string}\"},\"query-input\":{\"@type\":\"PropertyValueSpecification\",\"valueRequired\":true,\"valueName\":\"search_term_string\"}}],\"inLanguage\":\"pt-BR\"},{\"@type\":\"Person\",\"@id\":\"https:\/\/radioportoseguro.com.br\/site\/#\/schema\/person\/7630acdc320186f13639d3c067ec089b\",\"name\":\"admin\",\"image\":{\"@type\":\"ImageObject\",\"inLanguage\":\"pt-BR\",\"@id\":\"https:\/\/radioportoseguro.com.br\/site\/#\/schema\/person\/image\/\",\"url\":\"https:\/\/secure.gravatar.com\/avatar\/caacf4dc1eedb68fab0df8e1ed46c448e578b2466351bbcb61e47d2ac0caaef0?s=96&d=mm&r=g\",\"contentUrl\":\"https:\/\/secure.gravatar.com\/avatar\/caacf4dc1eedb68fab0df8e1ed46c448e578b2466351bbcb61e47d2ac0caaef0?s=96&d=mm&r=g\",\"caption\":\"admin\"},\"sameAs\":[\"https:\/\/radioportoseguro.com.br\/site\"],\"url\":\"https:\/\/radioportoseguro.com.br\/site\/author\/hezio\/\"}]}<\/script>\n<!-- \/ Yoast SEO plugin. -->","yoast_head_json":{"title":"\u201cUsar um rel\u00f3gio de R$ 300 mil \u00e9 incompat\u00edvel com a fun\u00e7\u00e3o pastoral\u201d, alerta Carlito Paes - R\u00e1dio Porto Seguro","robots":{"index":"index","follow":"follow","max-snippet":"max-snippet:-1","max-image-preview":"max-image-preview:large","max-video-preview":"max-video-preview:-1"},"canonical":"https:\/\/radioportoseguro.com.br\/site\/2026\/01\/29\/usar-um-relogio-de-r-300-mil-e-incompativel-com-a-funcao-pastoral-alerta-carlito-paes\/","og_locale":"pt_BR","og_type":"article","og_title":"\u201cUsar um rel\u00f3gio de R$ 300 mil \u00e9 incompat\u00edvel com a fun\u00e7\u00e3o pastoral\u201d, alerta Carlito Paes - R\u00e1dio Porto Seguro","og_description":"Carlito Paes exortou l\u00edderes crist\u00e3os a n\u00e3o se guiarem apenas pelo que \u00e9 \u201ccerto ou errado\u201d, mas pelo que \u00e9 \u201cs\u00e1bio\u201d. Em uma ministra\u00e7\u00e3o, o pastor da Igreja da Cidade, em S\u00e3o Jos\u00e9 dos Campos, S\u00e3o Paulo, destacou que o lugar mais seguro para o crist\u00e3o \u00e9 o centro da vontade de Deus. Durante um [&hellip;]","og_url":"https:\/\/radioportoseguro.com.br\/site\/2026\/01\/29\/usar-um-relogio-de-r-300-mil-e-incompativel-com-a-funcao-pastoral-alerta-carlito-paes\/","og_site_name":"R\u00e1dio Porto Seguro","article_published_time":"2026-01-29T18:17:07+00:00","og_image":[{"url":"https:\/\/media.guiame.com.br\/archives\/2026\/01\/28\/3425020563-carlito-paes.jpeg","type":"","width":"","height":""}],"author":"admin","twitter_card":"summary_large_image","twitter_misc":{"Escrito por":"admin","Est. tempo de leitura":"2 minutos"},"schema":{"@context":"https:\/\/schema.org","@graph":[{"@type":"Article","@id":"https:\/\/radioportoseguro.com.br\/site\/2026\/01\/29\/usar-um-relogio-de-r-300-mil-e-incompativel-com-a-funcao-pastoral-alerta-carlito-paes\/#article","isPartOf":{"@id":"https:\/\/radioportoseguro.com.br\/site\/2026\/01\/29\/usar-um-relogio-de-r-300-mil-e-incompativel-com-a-funcao-pastoral-alerta-carlito-paes\/"},"author":{"name":"admin","@id":"https:\/\/radioportoseguro.com.br\/site\/#\/schema\/person\/7630acdc320186f13639d3c067ec089b"},"headline":"\u201cUsar um rel\u00f3gio de R$ 300 mil \u00e9 incompat\u00edvel com a fun\u00e7\u00e3o pastoral\u201d, alerta Carlito Paes","datePublished":"2026-01-29T18:17:07+00:00","mainEntityOfPage":{"@id":"https:\/\/radioportoseguro.com.br\/site\/2026\/01\/29\/usar-um-relogio-de-r-300-mil-e-incompativel-com-a-funcao-pastoral-alerta-carlito-paes\/"},"wordCount":395,"image":{"@id":"https:\/\/radioportoseguro.com.br\/site\/2026\/01\/29\/usar-um-relogio-de-r-300-mil-e-incompativel-com-a-funcao-pastoral-alerta-carlito-paes\/#primaryimage"},"thumbnailUrl":"https:\/\/radioportoseguro.com.br\/site\/wp-content\/uploads\/2026\/01\/3425020563-carlito-paes.jpeg","articleSection":["Destaques"],"inLanguage":"pt-BR"},{"@type":"WebPage","@id":"https:\/\/radioportoseguro.com.br\/site\/2026\/01\/29\/usar-um-relogio-de-r-300-mil-e-incompativel-com-a-funcao-pastoral-alerta-carlito-paes\/","url":"https:\/\/radioportoseguro.com.br\/site\/2026\/01\/29\/usar-um-relogio-de-r-300-mil-e-incompativel-com-a-funcao-pastoral-alerta-carlito-paes\/","name":"\u201cUsar um rel\u00f3gio de R$ 300 mil \u00e9 incompat\u00edvel com a fun\u00e7\u00e3o pastoral\u201d, alerta Carlito Paes - R\u00e1dio Porto Seguro","isPartOf":{"@id":"https:\/\/radioportoseguro.com.br\/site\/#website"},"primaryImageOfPage":{"@id":"https:\/\/radioportoseguro.com.br\/site\/2026\/01\/29\/usar-um-relogio-de-r-300-mil-e-incompativel-com-a-funcao-pastoral-alerta-carlito-paes\/#primaryimage"},"image":{"@id":"https:\/\/radioportoseguro.com.br\/site\/2026\/01\/29\/usar-um-relogio-de-r-300-mil-e-incompativel-com-a-funcao-pastoral-alerta-carlito-paes\/#primaryimage"},"thumbnailUrl":"https:\/\/radioportoseguro.com.br\/site\/wp-content\/uploads\/2026\/01\/3425020563-carlito-paes.jpeg","datePublished":"2026-01-29T18:17:07+00:00","author":{"@id":"https:\/\/radioportoseguro.com.br\/site\/#\/schema\/person\/7630acdc320186f13639d3c067ec089b"},"breadcrumb":{"@id":"https:\/\/radioportoseguro.com.br\/site\/2026\/01\/29\/usar-um-relogio-de-r-300-mil-e-incompativel-com-a-funcao-pastoral-alerta-carlito-paes\/#breadcrumb"},"inLanguage":"pt-BR","potentialAction":[{"@type":"ReadAction","target":["https:\/\/radioportoseguro.com.br\/site\/2026\/01\/29\/usar-um-relogio-de-r-300-mil-e-incompativel-com-a-funcao-pastoral-alerta-carlito-paes\/"]}]},{"@type":"ImageObject","inLanguage":"pt-BR","@id":"https:\/\/radioportoseguro.com.br\/site\/2026\/01\/29\/usar-um-relogio-de-r-300-mil-e-incompativel-com-a-funcao-pastoral-alerta-carlito-paes\/#primaryimage","url":"https:\/\/radioportoseguro.com.br\/site\/wp-content\/uploads\/2026\/01\/3425020563-carlito-paes.jpeg","contentUrl":"https:\/\/radioportoseguro.com.br\/site\/wp-content\/uploads\/2026\/01\/3425020563-carlito-paes.jpeg","width":1200,"height":600},{"@type":"BreadcrumbList","@id":"https:\/\/radioportoseguro.com.br\/site\/2026\/01\/29\/usar-um-relogio-de-r-300-mil-e-incompativel-com-a-funcao-pastoral-alerta-carlito-paes\/#breadcrumb","itemListElement":[{"@type":"ListItem","position":1,"name":"In\u00edcio","item":"https:\/\/radioportoseguro.com.br\/site\/"},{"@type":"ListItem","position":2,"name":"\u201cUsar um rel\u00f3gio de R$ 300 mil \u00e9 incompat\u00edvel com a fun\u00e7\u00e3o pastoral\u201d, alerta Carlito Paes"}]},{"@type":"WebSite","@id":"https:\/\/radioportoseguro.com.br\/site\/#website","url":"https:\/\/radioportoseguro.com.br\/site\/","name":"R\u00e1dio Porto Seguro","description":"","potentialAction":[{"@type":"SearchAction","target":{"@type":"EntryPoint","urlTemplate":"https:\/\/radioportoseguro.com.br\/site\/?s={search_term_string}"},"query-input":{"@type":"PropertyValueSpecification","valueRequired":true,"valueName":"search_term_string"}}],"inLanguage":"pt-BR"},{"@type":"Person","@id":"https:\/\/radioportoseguro.com.br\/site\/#\/schema\/person\/7630acdc320186f13639d3c067ec089b","name":"admin","image":{"@type":"ImageObject","inLanguage":"pt-BR","@id":"https:\/\/radioportoseguro.com.br\/site\/#\/schema\/person\/image\/","url":"https:\/\/secure.gravatar.com\/avatar\/caacf4dc1eedb68fab0df8e1ed46c448e578b2466351bbcb61e47d2ac0caaef0?s=96&d=mm&r=g","contentUrl":"https:\/\/secure.gravatar.com\/avatar\/caacf4dc1eedb68fab0df8e1ed46c448e578b2466351bbcb61e47d2ac0caaef0?s=96&d=mm&r=g","caption":"admin"},"sameAs":["https:\/\/radioportoseguro.com.br\/site"],"url":"https:\/\/radioportoseguro.com.br\/site\/author\/hezio\/"}]}},"_links":{"self":[{"href":"https:\/\/radioportoseguro.com.br\/site\/wp-json\/wp\/v2\/posts\/3564","targetHints":{"allow":["GET"]}}],"collection":[{"href":"https:\/\/radioportoseguro.com.br\/site\/wp-json\/wp\/v2\/posts"}],"about":[{"href":"https:\/\/radioportoseguro.com.br\/site\/wp-json\/wp\/v2\/types\/post"}],"author":[{"embeddable":true,"href":"https:\/\/radioportoseguro.com.br\/site\/wp-json\/wp\/v2\/users\/1"}],"replies":[{"embeddable":true,"href":"https:\/\/radioportoseguro.com.br\/site\/wp-json\/wp\/v2\/comments?post=3564"}],"version-history":[{"count":0,"href":"https:\/\/radioportoseguro.com.br\/site\/wp-json\/wp\/v2\/posts\/3564\/revisions"}],"wp:featuredmedia":[{"embeddable":true,"href":"https:\/\/radioportoseguro.com.br\/site\/wp-json\/wp\/v2\/media\/3565"}],"wp:attachment":[{"href":"https:\/\/radioportoseguro.com.br\/site\/wp-json\/wp\/v2\/media?parent=3564"}],"wp:term":[{"taxonomy":"category","embeddable":true,"href":"https:\/\/radioportoseguro.com.br\/site\/wp-json\/wp\/v2\/categories?post=3564"},{"taxonomy":"post_tag","embeddable":true,"href":"https:\/\/radioportoseguro.com.br\/site\/wp-json\/wp\/v2\/tags?post=3564"}],"curies":[{"name":"wp","href":"https:\/\/api.w.org\/{rel}","templated":true}]}}