{"id":3568,"date":"2026-01-29T17:21:20","date_gmt":"2026-01-29T20:21:20","guid":{"rendered":"https:\/\/radioportoseguro.com.br\/site\/2026\/01\/29\/a-familia-dos-patriarcas-guiame\/"},"modified":"2026-01-29T17:21:20","modified_gmt":"2026-01-29T20:21:20","slug":"a-familia-dos-patriarcas-guiame","status":"publish","type":"post","link":"https:\/\/radioportoseguro.com.br\/site\/2026\/01\/29\/a-familia-dos-patriarcas-guiame\/","title":{"rendered":"A fam\u00edlia dos patriarcas &#8211; Guiame"},"content":{"rendered":"<p><br \/>\n<br \/><\/p>\n<div>\n<p>Em primeiro lugar, a <strong>fam\u00edlia de Abra\u00e3o<\/strong>.<\/p>\n<p>Abra\u00e3o \u00e9 o pai da f\u00e9, o tronco principal da na\u00e7\u00e3o de Israel. Seus ancestrais viviam mergulhados na idolatria, em Ur dos caldeus, no sul da Mesopot\u00e2mia. Deus o chamou para sair de sua terra e de sua parentela e ir para um lugar que Deus lhe mostraria.<\/p>\n<p>Abra\u00e3o creu, obedeceu e peregrinou pela terra da promessa.<\/p>\n<p>Deus lhe prometeu uma descend\u00eancia numerosa como as estrelas dos c\u00e9us, por\u00e9m, Sara, sua mulher, era est\u00e9ril. Abra\u00e3o era um homem de f\u00e9, mas n\u00e3o um homem perfeito.<\/p>\n<p>Ele saiu para Cana\u00e3 aos setenta e cinco anos e aos oitenta e seis, a promessa do herdeiro ainda n\u00e3o tinha se cumprido. Ent\u00e3o, por sugest\u00e3o de Sara, ele coabitou com a serva Agar e nasceu-lhe Ismael. Este, por\u00e9m, n\u00e3o era o filho da promessa. Deus nunca se atrasa. Seus planos s\u00e3o perfeitos e n\u00e3o precisam de revis\u00e3o. Seus planos s\u00e3o eternos e n\u00e3o podem ser frustrados.<\/p>\n<p>Quando Abra\u00e3o completou cem anos, o Senhor fez o milagre e Isaque, o filho da promessa, nasceu. Para Deus n\u00e3o h\u00e1 imposs\u00edveis em todas as suas promessas. Deus \u00e9 o avalista de sua pr\u00f3pria palavra.<\/p>\n<p>O que ele promete, ele cumpre; o que ele faz, ningu\u00e9m pode impedir sua m\u00e3o de faz\u00ea-lo. De Isaque procederam Esa\u00fa e Jac\u00f3 e de Jac\u00f3 as doze tribos de Israel. Da tribo de Jud\u00e1 procedeu o Messias, o Salvador do mundo.<\/p>\n<p>\u00a0<\/p>\n<p>Em segundo lugar, a <strong>fam\u00edlia de Isaque<\/strong>.<\/p>\n<p>Isaque, filho de Abra\u00e3o, casou-se aos quarenta anos de idade. Rebeca, sua mulher, era est\u00e9ril. Ele orou por ela vinte anos e ent\u00e3o, ela concebeu. Estava em seu ventre n\u00e3o apenas dois filhos, mas, tamb\u00e9m, duas na\u00e7\u00f5es rivais.<\/p>\n<p>Deus escolheu Jac\u00f3, o mais novo e n\u00e3o Esa\u00fa, o mais velho. Deus \u00e9 livre e soberano em sua elei\u00e7\u00e3o. Ele escolhe a quem quer, por sua livre gra\u00e7a, para o louvor de sua gl\u00f3ria.<\/p>\n<p>Isaque e Rebeca n\u00e3o tiveram sabedoria para criar os filhos. Isaque tinha prefer\u00eancia por Esa\u00fa enquanto Rebeca tinha predile\u00e7\u00e3o por Jac\u00f3. Essa postura insensata dos pais provocou disputa entre os filhos. Isaque mesmo sabendo que o plano de Deus passava por Jac\u00f3 e n\u00e3o por Esa\u00fa, quis alterar o plano de Deus e aben\u00e7oar o mais velho em vez do mais novo.<\/p>\n<p>Rebeca, por sua vez, n\u00e3o crendo que Deus era suficientemente poderoso para cumprir seu prop\u00f3sito, incitou Jac\u00f3 a trair o irm\u00e3o e a enganar o pai para receber a b\u00ean\u00e7\u00e3o. Esses expedientes abriram um abismo de m\u00e1goa na rela\u00e7\u00e3o entre os irm\u00e3os.<\/p>\n<p>Esa\u00fa prometeu matar Jac\u00f3 e Jac\u00f3 precisou fugir \u00e0s pressas de casa. Os erros humanos, entretanto, n\u00e3o podem anular o prop\u00f3sito de Deus. Jac\u00f3 constituiu fam\u00edlia em Pad\u00e3-Ar\u00e3 e tornou-se o pai das doze tribos, a base da na\u00e7\u00e3o de Israel.<\/p>\n<p>A fam\u00edlia de Isaque nos ensina que os pais n\u00e3o devem ter prefer\u00eancia por um filho em detrimento de outro.<\/p>\n<p>\u00a0<\/p>\n<p>Em terceiro lugar, a <strong>fam\u00edlia de Jac\u00f3<\/strong>.<\/p>\n<p>Jac\u00f3, depois de trair o irm\u00e3o e enganar o pai, precisou sair de casa, \u00e0s pressas, jurado de morte. Ele tinha setenta e sete anos quando saiu de casa.<\/p>\n<p>Viveu vinte anos servindo ao sogro e sendo enganado por ele. Jac\u00f3 colheu o que plantou. Mas, porque Deus tinha um prop\u00f3sito em sua vida, o Senhor o aben\u00e7oou. Ele constituiu fam\u00edlia e se enriqueceu. Depois de vinte anos, ele retorna \u00e0 casa de seu pai.<\/p>\n<p>Sua m\u00e3e j\u00e1 estava morta e seu pai em adiantada velhice. No caminho, no vau de Jaboque, ele teve uma profunda experi\u00eancia com Deus, e ali sua vida foi salva. Ele viu a Deus face a face e batizou o lugar de Peniel.<\/p>\n<p>Na travessia desse rio, Deus mudou a vida dele, o nome dele e a partir dali, Jac\u00f3 conheceu o Deus de seu av\u00f4 e de seu pai, como o seu Deus.<\/p>\n<p>Jac\u00f3 n\u00e3o aprendeu com os erros de seus pais, e passou a amar a Jos\u00e9 mais do que seus outros filhos. Esse gesto provocou \u00f3dio e inveja dos irm\u00e3os de Jos\u00e9 a ponto de eles venderem Jos\u00e9 como escravo para o Egito. Para acobertar o crime horrendo, enviaram a t\u00fanica de Jos\u00e9, ensopada de sangue a Jac\u00f3, sugerindo que o filho preferido do papai tinha sido devorado por uma fera.<\/p>\n<p>No Egito Jos\u00e9 deixou de ser escravo para ser mordomo, deixou de ser mordomo para ser prisioneiro, deixou de ser prisioneiro para ser governador do Egito. Ent\u00e3o, depois de vinte e dois anos, Jos\u00e9 levou toda a sua fam\u00edlia para o Egito.<\/p>\n<p>A fam\u00edlia de Jac\u00f3 nos ensina que Deus cumpre seus prop\u00f3sitos soberanos mesmo quando falhamos em agir com sabedoria.<\/p>\n<p>\u00a0<\/p>\n<p><strong>Hernandes Dias Lopes<\/strong> (@hernandesdiaslopes) \u00e9 pastor da Igreja Presbiteriana do Brasil, escritor, membro da Academia Evang\u00e9lica de Letras do Brasil e diretor executivo da Editora Luz para o Caminho.<\/p>\n<p><em>* O conte\u00fado do texto acima \u00e9 uma colabora\u00e7\u00e3o volunt\u00e1ria, de total responsabilidade do autor e n\u00e3o reflete necessariamente a opini\u00e3o do Portal Guiame<\/em>.<\/p>\n<p>Leia a coluna anterior: <span style=\"color: #800000;\"><strong>Um povo debaixo de opress\u00e3o pol\u00edtica<\/strong><\/span><\/p>\n<\/div>\n<p><br \/>\n<br \/>Fonte: Guiame <\/p>\n","protected":false},"excerpt":{"rendered":"<p>Em primeiro lugar, a fam\u00edlia de Abra\u00e3o. Abra\u00e3o \u00e9 o pai da f\u00e9, o tronco principal da na\u00e7\u00e3o de Israel. Seus ancestrais viviam mergulhados na idolatria, em Ur dos caldeus, no sul da Mesopot\u00e2mia. Deus o chamou para sair de sua terra e de sua parentela e ir para um lugar que Deus lhe mostraria. [&hellip;]<\/p>\n","protected":false},"author":1,"featured_media":3569,"comment_status":"","ping_status":"open","sticky":false,"template":"","format":"standard","meta":{"footnotes":""},"categories":[43],"tags":[],"class_list":["post-3568","post","type-post","status-publish","format-standard","has-post-thumbnail","hentry","category-destaques"],"yoast_head":"<!-- This site is optimized with the Yoast SEO plugin v26.8 - https:\/\/yoast.com\/product\/yoast-seo-wordpress\/ -->\n<title>A fam\u00edlia dos patriarcas - Guiame - R\u00e1dio Porto Seguro<\/title>\n<meta name=\"robots\" content=\"index, follow, max-snippet:-1, max-image-preview:large, max-video-preview:-1\" \/>\n<link rel=\"canonical\" href=\"https:\/\/radioportoseguro.com.br\/site\/2026\/01\/29\/a-familia-dos-patriarcas-guiame\/\" \/>\n<meta property=\"og:locale\" content=\"pt_BR\" \/>\n<meta property=\"og:type\" content=\"article\" \/>\n<meta property=\"og:title\" content=\"A fam\u00edlia dos patriarcas - Guiame - R\u00e1dio Porto Seguro\" \/>\n<meta property=\"og:description\" content=\"Em primeiro lugar, a fam\u00edlia de Abra\u00e3o. Abra\u00e3o \u00e9 o pai da f\u00e9, o tronco principal da na\u00e7\u00e3o de Israel. Seus ancestrais viviam mergulhados na idolatria, em Ur dos caldeus, no sul da Mesopot\u00e2mia. Deus o chamou para sair de sua terra e de sua parentela e ir para um lugar que Deus lhe mostraria. [&hellip;]\" \/>\n<meta property=\"og:url\" content=\"https:\/\/radioportoseguro.com.br\/site\/2026\/01\/29\/a-familia-dos-patriarcas-guiame\/\" \/>\n<meta property=\"og:site_name\" content=\"R\u00e1dio Porto Seguro\" \/>\n<meta property=\"article:published_time\" content=\"2026-01-29T20:21:20+00:00\" \/>\n<meta property=\"og:image\" content=\"https:\/\/media.guiame.com.br\/archives\/2026\/01\/28\/102525184-abraao.jpg\" \/>\n<meta name=\"author\" content=\"admin\" \/>\n<meta name=\"twitter:card\" content=\"summary_large_image\" \/>\n<meta name=\"twitter:label1\" content=\"Escrito por\" \/>\n\t<meta name=\"twitter:data1\" content=\"admin\" \/>\n\t<meta name=\"twitter:label2\" content=\"Est. tempo de leitura\" \/>\n\t<meta name=\"twitter:data2\" content=\"5 minutos\" \/>\n<script type=\"application\/ld+json\" class=\"yoast-schema-graph\">{\"@context\":\"https:\/\/schema.org\",\"@graph\":[{\"@type\":\"Article\",\"@id\":\"https:\/\/radioportoseguro.com.br\/site\/2026\/01\/29\/a-familia-dos-patriarcas-guiame\/#article\",\"isPartOf\":{\"@id\":\"https:\/\/radioportoseguro.com.br\/site\/2026\/01\/29\/a-familia-dos-patriarcas-guiame\/\"},\"author\":{\"name\":\"admin\",\"@id\":\"https:\/\/radioportoseguro.com.br\/site\/#\/schema\/person\/7630acdc320186f13639d3c067ec089b\"},\"headline\":\"A fam\u00edlia dos patriarcas &#8211; Guiame\",\"datePublished\":\"2026-01-29T20:21:20+00:00\",\"mainEntityOfPage\":{\"@id\":\"https:\/\/radioportoseguro.com.br\/site\/2026\/01\/29\/a-familia-dos-patriarcas-guiame\/\"},\"wordCount\":918,\"image\":{\"@id\":\"https:\/\/radioportoseguro.com.br\/site\/2026\/01\/29\/a-familia-dos-patriarcas-guiame\/#primaryimage\"},\"thumbnailUrl\":\"https:\/\/radioportoseguro.com.br\/site\/wp-content\/uploads\/2026\/01\/102525184-abraao.jpg\",\"articleSection\":[\"Destaques\"],\"inLanguage\":\"pt-BR\"},{\"@type\":\"WebPage\",\"@id\":\"https:\/\/radioportoseguro.com.br\/site\/2026\/01\/29\/a-familia-dos-patriarcas-guiame\/\",\"url\":\"https:\/\/radioportoseguro.com.br\/site\/2026\/01\/29\/a-familia-dos-patriarcas-guiame\/\",\"name\":\"A fam\u00edlia dos patriarcas - Guiame - R\u00e1dio Porto Seguro\",\"isPartOf\":{\"@id\":\"https:\/\/radioportoseguro.com.br\/site\/#website\"},\"primaryImageOfPage\":{\"@id\":\"https:\/\/radioportoseguro.com.br\/site\/2026\/01\/29\/a-familia-dos-patriarcas-guiame\/#primaryimage\"},\"image\":{\"@id\":\"https:\/\/radioportoseguro.com.br\/site\/2026\/01\/29\/a-familia-dos-patriarcas-guiame\/#primaryimage\"},\"thumbnailUrl\":\"https:\/\/radioportoseguro.com.br\/site\/wp-content\/uploads\/2026\/01\/102525184-abraao.jpg\",\"datePublished\":\"2026-01-29T20:21:20+00:00\",\"author\":{\"@id\":\"https:\/\/radioportoseguro.com.br\/site\/#\/schema\/person\/7630acdc320186f13639d3c067ec089b\"},\"breadcrumb\":{\"@id\":\"https:\/\/radioportoseguro.com.br\/site\/2026\/01\/29\/a-familia-dos-patriarcas-guiame\/#breadcrumb\"},\"inLanguage\":\"pt-BR\",\"potentialAction\":[{\"@type\":\"ReadAction\",\"target\":[\"https:\/\/radioportoseguro.com.br\/site\/2026\/01\/29\/a-familia-dos-patriarcas-guiame\/\"]}]},{\"@type\":\"ImageObject\",\"inLanguage\":\"pt-BR\",\"@id\":\"https:\/\/radioportoseguro.com.br\/site\/2026\/01\/29\/a-familia-dos-patriarcas-guiame\/#primaryimage\",\"url\":\"https:\/\/radioportoseguro.com.br\/site\/wp-content\/uploads\/2026\/01\/102525184-abraao.jpg\",\"contentUrl\":\"https:\/\/radioportoseguro.com.br\/site\/wp-content\/uploads\/2026\/01\/102525184-abraao.jpg\",\"width\":1200,\"height\":600},{\"@type\":\"BreadcrumbList\",\"@id\":\"https:\/\/radioportoseguro.com.br\/site\/2026\/01\/29\/a-familia-dos-patriarcas-guiame\/#breadcrumb\",\"itemListElement\":[{\"@type\":\"ListItem\",\"position\":1,\"name\":\"In\u00edcio\",\"item\":\"https:\/\/radioportoseguro.com.br\/site\/\"},{\"@type\":\"ListItem\",\"position\":2,\"name\":\"A fam\u00edlia dos patriarcas &#8211; Guiame\"}]},{\"@type\":\"WebSite\",\"@id\":\"https:\/\/radioportoseguro.com.br\/site\/#website\",\"url\":\"https:\/\/radioportoseguro.com.br\/site\/\",\"name\":\"R\u00e1dio Porto Seguro\",\"description\":\"\",\"potentialAction\":[{\"@type\":\"SearchAction\",\"target\":{\"@type\":\"EntryPoint\",\"urlTemplate\":\"https:\/\/radioportoseguro.com.br\/site\/?s={search_term_string}\"},\"query-input\":{\"@type\":\"PropertyValueSpecification\",\"valueRequired\":true,\"valueName\":\"search_term_string\"}}],\"inLanguage\":\"pt-BR\"},{\"@type\":\"Person\",\"@id\":\"https:\/\/radioportoseguro.com.br\/site\/#\/schema\/person\/7630acdc320186f13639d3c067ec089b\",\"name\":\"admin\",\"image\":{\"@type\":\"ImageObject\",\"inLanguage\":\"pt-BR\",\"@id\":\"https:\/\/radioportoseguro.com.br\/site\/#\/schema\/person\/image\/\",\"url\":\"https:\/\/secure.gravatar.com\/avatar\/caacf4dc1eedb68fab0df8e1ed46c448e578b2466351bbcb61e47d2ac0caaef0?s=96&d=mm&r=g\",\"contentUrl\":\"https:\/\/secure.gravatar.com\/avatar\/caacf4dc1eedb68fab0df8e1ed46c448e578b2466351bbcb61e47d2ac0caaef0?s=96&d=mm&r=g\",\"caption\":\"admin\"},\"sameAs\":[\"https:\/\/radioportoseguro.com.br\/site\"],\"url\":\"https:\/\/radioportoseguro.com.br\/site\/author\/hezio\/\"}]}<\/script>\n<!-- \/ Yoast SEO plugin. -->","yoast_head_json":{"title":"A fam\u00edlia dos patriarcas - Guiame - R\u00e1dio Porto Seguro","robots":{"index":"index","follow":"follow","max-snippet":"max-snippet:-1","max-image-preview":"max-image-preview:large","max-video-preview":"max-video-preview:-1"},"canonical":"https:\/\/radioportoseguro.com.br\/site\/2026\/01\/29\/a-familia-dos-patriarcas-guiame\/","og_locale":"pt_BR","og_type":"article","og_title":"A fam\u00edlia dos patriarcas - Guiame - R\u00e1dio Porto Seguro","og_description":"Em primeiro lugar, a fam\u00edlia de Abra\u00e3o. Abra\u00e3o \u00e9 o pai da f\u00e9, o tronco principal da na\u00e7\u00e3o de Israel. Seus ancestrais viviam mergulhados na idolatria, em Ur dos caldeus, no sul da Mesopot\u00e2mia. Deus o chamou para sair de sua terra e de sua parentela e ir para um lugar que Deus lhe mostraria. [&hellip;]","og_url":"https:\/\/radioportoseguro.com.br\/site\/2026\/01\/29\/a-familia-dos-patriarcas-guiame\/","og_site_name":"R\u00e1dio Porto Seguro","article_published_time":"2026-01-29T20:21:20+00:00","og_image":[{"url":"https:\/\/media.guiame.com.br\/archives\/2026\/01\/28\/102525184-abraao.jpg","type":"","width":"","height":""}],"author":"admin","twitter_card":"summary_large_image","twitter_misc":{"Escrito por":"admin","Est. tempo de leitura":"5 minutos"},"schema":{"@context":"https:\/\/schema.org","@graph":[{"@type":"Article","@id":"https:\/\/radioportoseguro.com.br\/site\/2026\/01\/29\/a-familia-dos-patriarcas-guiame\/#article","isPartOf":{"@id":"https:\/\/radioportoseguro.com.br\/site\/2026\/01\/29\/a-familia-dos-patriarcas-guiame\/"},"author":{"name":"admin","@id":"https:\/\/radioportoseguro.com.br\/site\/#\/schema\/person\/7630acdc320186f13639d3c067ec089b"},"headline":"A fam\u00edlia dos patriarcas &#8211; Guiame","datePublished":"2026-01-29T20:21:20+00:00","mainEntityOfPage":{"@id":"https:\/\/radioportoseguro.com.br\/site\/2026\/01\/29\/a-familia-dos-patriarcas-guiame\/"},"wordCount":918,"image":{"@id":"https:\/\/radioportoseguro.com.br\/site\/2026\/01\/29\/a-familia-dos-patriarcas-guiame\/#primaryimage"},"thumbnailUrl":"https:\/\/radioportoseguro.com.br\/site\/wp-content\/uploads\/2026\/01\/102525184-abraao.jpg","articleSection":["Destaques"],"inLanguage":"pt-BR"},{"@type":"WebPage","@id":"https:\/\/radioportoseguro.com.br\/site\/2026\/01\/29\/a-familia-dos-patriarcas-guiame\/","url":"https:\/\/radioportoseguro.com.br\/site\/2026\/01\/29\/a-familia-dos-patriarcas-guiame\/","name":"A fam\u00edlia dos patriarcas - Guiame - R\u00e1dio Porto Seguro","isPartOf":{"@id":"https:\/\/radioportoseguro.com.br\/site\/#website"},"primaryImageOfPage":{"@id":"https:\/\/radioportoseguro.com.br\/site\/2026\/01\/29\/a-familia-dos-patriarcas-guiame\/#primaryimage"},"image":{"@id":"https:\/\/radioportoseguro.com.br\/site\/2026\/01\/29\/a-familia-dos-patriarcas-guiame\/#primaryimage"},"thumbnailUrl":"https:\/\/radioportoseguro.com.br\/site\/wp-content\/uploads\/2026\/01\/102525184-abraao.jpg","datePublished":"2026-01-29T20:21:20+00:00","author":{"@id":"https:\/\/radioportoseguro.com.br\/site\/#\/schema\/person\/7630acdc320186f13639d3c067ec089b"},"breadcrumb":{"@id":"https:\/\/radioportoseguro.com.br\/site\/2026\/01\/29\/a-familia-dos-patriarcas-guiame\/#breadcrumb"},"inLanguage":"pt-BR","potentialAction":[{"@type":"ReadAction","target":["https:\/\/radioportoseguro.com.br\/site\/2026\/01\/29\/a-familia-dos-patriarcas-guiame\/"]}]},{"@type":"ImageObject","inLanguage":"pt-BR","@id":"https:\/\/radioportoseguro.com.br\/site\/2026\/01\/29\/a-familia-dos-patriarcas-guiame\/#primaryimage","url":"https:\/\/radioportoseguro.com.br\/site\/wp-content\/uploads\/2026\/01\/102525184-abraao.jpg","contentUrl":"https:\/\/radioportoseguro.com.br\/site\/wp-content\/uploads\/2026\/01\/102525184-abraao.jpg","width":1200,"height":600},{"@type":"BreadcrumbList","@id":"https:\/\/radioportoseguro.com.br\/site\/2026\/01\/29\/a-familia-dos-patriarcas-guiame\/#breadcrumb","itemListElement":[{"@type":"ListItem","position":1,"name":"In\u00edcio","item":"https:\/\/radioportoseguro.com.br\/site\/"},{"@type":"ListItem","position":2,"name":"A fam\u00edlia dos patriarcas &#8211; Guiame"}]},{"@type":"WebSite","@id":"https:\/\/radioportoseguro.com.br\/site\/#website","url":"https:\/\/radioportoseguro.com.br\/site\/","name":"R\u00e1dio Porto Seguro","description":"","potentialAction":[{"@type":"SearchAction","target":{"@type":"EntryPoint","urlTemplate":"https:\/\/radioportoseguro.com.br\/site\/?s={search_term_string}"},"query-input":{"@type":"PropertyValueSpecification","valueRequired":true,"valueName":"search_term_string"}}],"inLanguage":"pt-BR"},{"@type":"Person","@id":"https:\/\/radioportoseguro.com.br\/site\/#\/schema\/person\/7630acdc320186f13639d3c067ec089b","name":"admin","image":{"@type":"ImageObject","inLanguage":"pt-BR","@id":"https:\/\/radioportoseguro.com.br\/site\/#\/schema\/person\/image\/","url":"https:\/\/secure.gravatar.com\/avatar\/caacf4dc1eedb68fab0df8e1ed46c448e578b2466351bbcb61e47d2ac0caaef0?s=96&d=mm&r=g","contentUrl":"https:\/\/secure.gravatar.com\/avatar\/caacf4dc1eedb68fab0df8e1ed46c448e578b2466351bbcb61e47d2ac0caaef0?s=96&d=mm&r=g","caption":"admin"},"sameAs":["https:\/\/radioportoseguro.com.br\/site"],"url":"https:\/\/radioportoseguro.com.br\/site\/author\/hezio\/"}]}},"_links":{"self":[{"href":"https:\/\/radioportoseguro.com.br\/site\/wp-json\/wp\/v2\/posts\/3568","targetHints":{"allow":["GET"]}}],"collection":[{"href":"https:\/\/radioportoseguro.com.br\/site\/wp-json\/wp\/v2\/posts"}],"about":[{"href":"https:\/\/radioportoseguro.com.br\/site\/wp-json\/wp\/v2\/types\/post"}],"author":[{"embeddable":true,"href":"https:\/\/radioportoseguro.com.br\/site\/wp-json\/wp\/v2\/users\/1"}],"replies":[{"embeddable":true,"href":"https:\/\/radioportoseguro.com.br\/site\/wp-json\/wp\/v2\/comments?post=3568"}],"version-history":[{"count":0,"href":"https:\/\/radioportoseguro.com.br\/site\/wp-json\/wp\/v2\/posts\/3568\/revisions"}],"wp:featuredmedia":[{"embeddable":true,"href":"https:\/\/radioportoseguro.com.br\/site\/wp-json\/wp\/v2\/media\/3569"}],"wp:attachment":[{"href":"https:\/\/radioportoseguro.com.br\/site\/wp-json\/wp\/v2\/media?parent=3568"}],"wp:term":[{"taxonomy":"category","embeddable":true,"href":"https:\/\/radioportoseguro.com.br\/site\/wp-json\/wp\/v2\/categories?post=3568"},{"taxonomy":"post_tag","embeddable":true,"href":"https:\/\/radioportoseguro.com.br\/site\/wp-json\/wp\/v2\/tags?post=3568"}],"curies":[{"name":"wp","href":"https:\/\/api.w.org\/{rel}","templated":true}]}}