{"id":3575,"date":"2026-01-30T00:11:13","date_gmt":"2026-01-30T03:11:13","guid":{"rendered":"https:\/\/radioportoseguro.com.br\/site\/2026\/01\/30\/e-tempo-de-arrependimento-antes-do-envio-diz-teo-hayashi-sobre-o-the-send-brasil\/"},"modified":"2026-01-30T00:11:13","modified_gmt":"2026-01-30T03:11:13","slug":"e-tempo-de-arrependimento-antes-do-envio-diz-teo-hayashi-sobre-o-the-send-brasil","status":"publish","type":"post","link":"https:\/\/radioportoseguro.com.br\/site\/2026\/01\/30\/e-tempo-de-arrependimento-antes-do-envio-diz-teo-hayashi-sobre-o-the-send-brasil\/","title":{"rendered":"\u201c\u00c9 tempo de arrependimento antes do envio\u201d, diz Teo Hayashi sobre o The Send Brasil"},"content":{"rendered":"<p><br \/>\n<br \/><\/p>\n<div>\n<p><span style=\"font-weight: 400;\">\u00c0 medida que o <\/span><span style=\"color: #993300;\"><strong>The Send<\/strong><\/span><span style=\"font-weight: 400;\"> se aproxima, cresce a expectativa em torno do movimento que tem convocado uma gera\u00e7\u00e3o a viver o Evangelho de forma pr\u00e1tica. Para <\/span><span style=\"color: #993300;\"><strong>Te\u00f3filo Hayashi<\/strong><\/span><span style=\"font-weight: 400;\">, pastor da Zion Church e l\u00edder da mobiliza\u00e7\u00e3o no Brasil, o momento traz uma \u00eanfase ainda mais urgente no arrependimento e no compromisso mission\u00e1rio.<\/span><\/p>\n<p><span style=\"font-weight: 400;\">Segundo o pastor, o movimento, que existe desde 2019, tem despertado uma gera\u00e7\u00e3o n\u00e3o s\u00f3 no Brasil e nos Estados Unidos, mas tamb\u00e9m em outras na\u00e7\u00f5es, para viver o chamado mission\u00e1rio, diante da realidade de que cerca de 3,2 bilh\u00f5es de pessoas no mundo ainda n\u00e3o ouviram falar de Jesus.<\/span><\/p>\n<p><span style=\"font-weight: 400;\">\u201cO The Send de fato \u00e9 um movimento. Ele vem para impulsionar os jovens evang\u00e9licos a viverem de maneira missional. N\u00f3s estamos nas cinco regi\u00f5es porque o Senhor nos deu essa dire\u00e7\u00e3o de cobrir o Brasil com um clamor\u201d, disse Teo em entrevista ao <\/span><strong>Guiame<\/strong><span style=\"font-weight: 400;\">.\u00a0<\/span><\/p>\n<p><span style=\"font-weight: 400;\">Teo explicou que, diferente de 2020, a atual fase do The Send carrega uma \u00eanfase mais evidente no arrependimento. Ainda assim, o foco no envio e na forma\u00e7\u00e3o de disc\u00edpulos permanece como parte da ess\u00eancia do movimento:<\/span><\/p>\n<p><span style=\"font-weight: 400;\">\u201cDiferentemente de 2020, essa \u00eanfase do arrependimento est\u00e1 mais latente. Em 2020, a gente teve muita \u00eanfase no envio e em fazer disc\u00edpulos \u2014 o que a gente permanece fazendo, porque somos The Send\u201d.<\/span><\/p>\n<p><strong>\u2018Alinhamento antes do envio\u2019<\/strong><\/p>\n<p><span style=\"font-weight: 400;\">Falando sobre o momento atual da Igreja brasileira, Teo afirmou que este \u00e9 um tempo em que os crist\u00e3os precisam de alinhamento antes do envio.\u00a0<\/span><\/p>\n<p><span style=\"font-weight: 400;\">\u201cNa conjuntura atual, entendemos que precisamos pedir para que Deus nos aben\u00e7oe: \u2018Senhor, venha nos alinhar antes de nos enviar\u2019. A Igreja est\u00e1 passando por uma situa\u00e7\u00e3o em que a gente carece de arrependimento\u201d, declarou ele.\u00a0<\/span><\/p>\n<p><span style=\"font-weight: 400;\">Diante de tantas crises, Teo destacou que a Igreja precisa se humilhar e se apegar na passagem b\u00edblica de 2 Cr\u00f4nicas 7:14, que diz: \u2018Se o meu povo, que se chama pelo meu nome, me buscar, se humilhar, eu ouvirei seu clamor dos c\u00e9us e sararei a terra\u2019.<\/span><\/p>\n<p><span style=\"font-weight: 400;\">Teo explicou que esse alinhamento espiritual precede o derramar do Esp\u00edrito Santo e, consequentemente, o envio: \u201cUma vez que vem o derramar do Esp\u00edrito Santo, \u00e9 natural que haja um envio. \u00c9 natural que o m\u00fasculo missional seja ativado. A gente come\u00e7a a ver esses padr\u00f5es na Igreja primitiva, l\u00e1 em Atos\u201d.<\/span><\/p>\n<blockquote class=\"instagram-media\" style=\"background: #FFF; border: 0; border-radius: 3px; box-shadow: 0 0 1px 0 rgba(0,0,0,0.5),0 1px 10px 0 rgba(0,0,0,0.15); margin: 1px; max-width: 540px; min-width: 326px; padding: 0; width: calc(100% - 2px);\" data-instgrm-permalink=\"https:\/\/www.instagram.com\/reel\/DT0aL9RDkCo\/?utm_source=ig_embed&amp;utm_campaign=loading\" data-instgrm-version=\"14\"><p>&#13;<br \/>\n&#13;\n<\/p><\/blockquote>\n<p><span style=\"font-weight: 400;\">Nesse contexto, Teo tem expectativa de que a expans\u00e3o do Reino de Deus aconte\u00e7a por meio de uma Igreja que vive a Palavra de forma genu\u00edna.<\/span><\/p>\n<p><span style=\"font-weight: 400;\">\u201cEu creio que o que Deus est\u00e1 pedindo para a Igreja brasileira \u00e9 arrependimento, \u00e9 voltar \u00e0 raiz do Evangelho, \u00e0s bases da nossa f\u00e9: um Evangelho simples, um Evangelho poderoso, um Evangelho b\u00edblico\u201d, disse ele.\u00a0<\/span><\/p>\n<p><span style=\"font-weight: 400;\">E continuou: \u201cA gente n\u00e3o consegue melhorar a B\u00edblia. \u00c9 s\u00f3 viver a Palavra, vivermos de maneira cada vez mais engajada na Palavra. E a consequ\u00eancia vai ser o Reino de Deus se expandir atrav\u00e9s da Igreja\u201d.<\/span><\/p>\n<p><strong>Como se envolver com o The Send na pr\u00e1tica?<\/strong><\/p>\n<p><span style=\"font-weight: 400;\">Para aqueles que n\u00e3o poder\u00e3o estar nos est\u00e1dios, Teo refor\u00e7ou que ser\u00e1 poss\u00edvel participar por meio da transmiss\u00e3o ao vivo. Ele lembrou que, na edi\u00e7\u00e3o de 2020, o evento registrou cerca de 2,2 milh\u00f5es de pessoas conectadas, o que pode indicar um p\u00fablico ainda maior, j\u00e1 que muitos assistiram em grupo.<\/span><\/p>\n<p><span style=\"font-weight: 400;\">Al\u00e9m de acompanhar online, o pastor incentivou: \u201cConecte-se, ore e clame. Tome sua decis\u00e3o e seu compromisso de se engajar biblicamente\u201d.\u00a0<\/span><\/p>\n<blockquote class=\"instagram-media\" style=\"background: #FFF; border: 0; border-radius: 3px; box-shadow: 0 0 1px 0 rgba(0,0,0,0.5),0 1px 10px 0 rgba(0,0,0,0.15); margin: 1px; max-width: 540px; min-width: 326px; padding: 0; width: calc(100% - 2px);\" data-instgrm-permalink=\"https:\/\/www.instagram.com\/p\/DT9J19JkVKd\/?utm_source=ig_embed&amp;utm_campaign=loading\" data-instgrm-version=\"14\"><p>&#13;<br \/>\n&#13;\n<\/p><\/blockquote>\n<p><span style=\"font-weight: 400;\">Teo tamb\u00e9m destacou que o The Send est\u00e1 levantando causas espec\u00edficas de engajamento, como o cuidado com \u00f3rf\u00e3os, crian\u00e7as e adolescentes vulner\u00e1veis, seja por meio da ado\u00e7\u00e3o, apadrinhamento ou conscientiza\u00e7\u00e3o.<\/span><\/p>\n<p><span style=\"font-weight: 400;\">Outro foco \u00e9 o compromisso com a B\u00edblia, com o objetivo de formar uma gera\u00e7\u00e3o n\u00e3o apenas numerosa, mas fundamentada na Palavra de Deus:<\/span><\/p>\n<p><span style=\"font-weight: 400;\">\u201cA gente quer ver uma gera\u00e7\u00e3o engajada em planos b\u00edblicos de leitura da Palavra. A gente quer que essa venha a ser a gera\u00e7\u00e3o evang\u00e9lica n\u00e3o apenas a mais numerosa que o Brasil j\u00e1 viu, mas a gera\u00e7\u00e3o evang\u00e9lica, mais b\u00edblica que o Brasil j\u00e1 teve. Ent\u00e3o, isso tem a ver com engajamento na B\u00edblia, na Palavra\u201d.<\/span><\/p>\n<p><span style=\"font-weight: 400;\">Incentivando \u00e0s miss\u00f5es estudantis, Teo falou sobre a forma\u00e7\u00e3o de grupos de estudos b\u00edblicos em escolas do ensino m\u00e9dio e universidades.\u00a0<\/span><\/p>\n<p><span style=\"font-weight: 400;\">Por fim, Teo refor\u00e7ou o foco mission\u00e1rio na chamada Janela 10\/40 \u2014 regi\u00e3o que concentra povos n\u00e3o alcan\u00e7ados, especialmente em contextos isl\u00e2micos, budistas e hindus.<\/span><\/p>\n<p><span style=\"font-weight: 400;\">\u201cEu creio que a gente pode ver uma onda de mission\u00e1rios brasileiros inundando esses lugares da Janela 10\/40, que n\u00e3o escutaram o Evangelho. Eu tenho orado e conversado at\u00e9 com outros l\u00edderes do The Send que n\u00e3o s\u00e3o brasileiros, e acredito que \u00e9 un\u00e2nime, a gente cr\u00ea que pode fazer uma diferen\u00e7a enorme no que diz respeito ao envio de jovens mission\u00e1rios brasileiros transculturais\u201d, concluiu.<\/span><\/p>\n<p><span style=\"font-weight: 400;\">O The Send acontecer\u00e1 simultaneamente nas cinco regi\u00f5es do Brasil no dia 31 de janeiro de 2026, com programa\u00e7\u00f5es no Est\u00e1dio do Mangueir\u00e3o (Bel\u00e9m \u2013 Norte), Arena de Pernambuco (Recife \u2013 Nordeste), Est\u00e1dio Serra Dourada (Goi\u00e2nia \u2013 Centro-Oeste), Arena MRV (Belo Horizonte \u2013 Sudeste) e Arena da Baixada (Curitiba \u2013 Sul).<\/span><\/p>\n<p><span style=\"font-weight: 400;\">A programa\u00e7\u00e3o contar\u00e1 com 12 horas de louvor, adora\u00e7\u00e3o, evangelismo e prega\u00e7\u00e3o da Palavra, com a participa\u00e7\u00e3o de mais de 180 cantores e preletores que se revezar\u00e3o entre os est\u00e1dios.<\/span><\/p>\n<blockquote class=\"instagram-media\" style=\"background: #FFF; border: 0; border-radius: 3px; box-shadow: 0 0 1px 0 rgba(0,0,0,0.5),0 1px 10px 0 rgba(0,0,0,0.15); margin: 1px; max-width: 540px; min-width: 326px; padding: 0; width: calc(100% - 2px);\" data-instgrm-permalink=\"https:\/\/www.instagram.com\/p\/DUAp0CRDqMt\/?utm_source=ig_embed&amp;utm_campaign=loading\" data-instgrm-version=\"14\"><p>&#13;<br \/>\n&#13;\n<\/p><\/blockquote>\n<\/div>\n<p><script async src=\"\/\/www.instagram.com\/embed.js\"><\/script><br \/>\n<br \/><br \/>\n<br \/>Fonte: Guiame <\/p>\n","protected":false},"excerpt":{"rendered":"<p>\u00c0 medida que o The Send se aproxima, cresce a expectativa em torno do movimento que tem convocado uma gera\u00e7\u00e3o a viver o Evangelho de forma pr\u00e1tica. Para Te\u00f3filo Hayashi, pastor da Zion Church e l\u00edder da mobiliza\u00e7\u00e3o no Brasil, o momento traz uma \u00eanfase ainda mais urgente no arrependimento e no compromisso mission\u00e1rio. Segundo [&hellip;]<\/p>\n","protected":false},"author":1,"featured_media":3576,"comment_status":"","ping_status":"open","sticky":false,"template":"","format":"standard","meta":{"footnotes":""},"categories":[43],"tags":[],"class_list":["post-3575","post","type-post","status-publish","format-standard","has-post-thumbnail","hentry","category-destaques"],"yoast_head":"<!-- This site is optimized with the Yoast SEO plugin v26.8 - https:\/\/yoast.com\/product\/yoast-seo-wordpress\/ -->\n<title>\u201c\u00c9 tempo de arrependimento antes do envio\u201d, diz Teo Hayashi sobre o The Send Brasil - R\u00e1dio Porto Seguro<\/title>\n<meta name=\"robots\" content=\"index, follow, max-snippet:-1, max-image-preview:large, max-video-preview:-1\" \/>\n<link rel=\"canonical\" href=\"https:\/\/radioportoseguro.com.br\/site\/2026\/01\/30\/e-tempo-de-arrependimento-antes-do-envio-diz-teo-hayashi-sobre-o-the-send-brasil\/\" \/>\n<meta property=\"og:locale\" content=\"pt_BR\" \/>\n<meta property=\"og:type\" content=\"article\" \/>\n<meta property=\"og:title\" content=\"\u201c\u00c9 tempo de arrependimento antes do envio\u201d, diz Teo Hayashi sobre o The Send Brasil - R\u00e1dio Porto Seguro\" \/>\n<meta property=\"og:description\" content=\"\u00c0 medida que o The Send se aproxima, cresce a expectativa em torno do movimento que tem convocado uma gera\u00e7\u00e3o a viver o Evangelho de forma pr\u00e1tica. Para Te\u00f3filo Hayashi, pastor da Zion Church e l\u00edder da mobiliza\u00e7\u00e3o no Brasil, o momento traz uma \u00eanfase ainda mais urgente no arrependimento e no compromisso mission\u00e1rio. Segundo [&hellip;]\" \/>\n<meta property=\"og:url\" content=\"https:\/\/radioportoseguro.com.br\/site\/2026\/01\/30\/e-tempo-de-arrependimento-antes-do-envio-diz-teo-hayashi-sobre-o-the-send-brasil\/\" \/>\n<meta property=\"og:site_name\" content=\"R\u00e1dio Porto Seguro\" \/>\n<meta property=\"article:published_time\" content=\"2026-01-30T03:11:13+00:00\" \/>\n<meta property=\"og:image\" content=\"https:\/\/media.guiame.com.br\/archives\/2026\/01\/28\/4141328058-teo-hayashi-pregando-no-send-em-oslo-noruega.jpg\" \/>\n<meta name=\"author\" content=\"admin\" \/>\n<meta name=\"twitter:card\" content=\"summary_large_image\" \/>\n<meta name=\"twitter:label1\" content=\"Escrito por\" \/>\n\t<meta name=\"twitter:data1\" content=\"admin\" \/>\n\t<meta name=\"twitter:label2\" content=\"Est. tempo de leitura\" \/>\n\t<meta name=\"twitter:data2\" content=\"5 minutos\" \/>\n<script type=\"application\/ld+json\" class=\"yoast-schema-graph\">{\"@context\":\"https:\/\/schema.org\",\"@graph\":[{\"@type\":\"Article\",\"@id\":\"https:\/\/radioportoseguro.com.br\/site\/2026\/01\/30\/e-tempo-de-arrependimento-antes-do-envio-diz-teo-hayashi-sobre-o-the-send-brasil\/#article\",\"isPartOf\":{\"@id\":\"https:\/\/radioportoseguro.com.br\/site\/2026\/01\/30\/e-tempo-de-arrependimento-antes-do-envio-diz-teo-hayashi-sobre-o-the-send-brasil\/\"},\"author\":{\"name\":\"admin\",\"@id\":\"https:\/\/radioportoseguro.com.br\/site\/#\/schema\/person\/7630acdc320186f13639d3c067ec089b\"},\"headline\":\"\u201c\u00c9 tempo de arrependimento antes do envio\u201d, diz Teo Hayashi sobre o The Send Brasil\",\"datePublished\":\"2026-01-30T03:11:13+00:00\",\"mainEntityOfPage\":{\"@id\":\"https:\/\/radioportoseguro.com.br\/site\/2026\/01\/30\/e-tempo-de-arrependimento-antes-do-envio-diz-teo-hayashi-sobre-o-the-send-brasil\/\"},\"wordCount\":956,\"image\":{\"@id\":\"https:\/\/radioportoseguro.com.br\/site\/2026\/01\/30\/e-tempo-de-arrependimento-antes-do-envio-diz-teo-hayashi-sobre-o-the-send-brasil\/#primaryimage\"},\"thumbnailUrl\":\"https:\/\/radioportoseguro.com.br\/site\/wp-content\/uploads\/2026\/01\/4141328058-teo-hayashi-pregando-no-send-em-oslo-noruega.jpg\",\"articleSection\":[\"Destaques\"],\"inLanguage\":\"pt-BR\"},{\"@type\":\"WebPage\",\"@id\":\"https:\/\/radioportoseguro.com.br\/site\/2026\/01\/30\/e-tempo-de-arrependimento-antes-do-envio-diz-teo-hayashi-sobre-o-the-send-brasil\/\",\"url\":\"https:\/\/radioportoseguro.com.br\/site\/2026\/01\/30\/e-tempo-de-arrependimento-antes-do-envio-diz-teo-hayashi-sobre-o-the-send-brasil\/\",\"name\":\"\u201c\u00c9 tempo de arrependimento antes do envio\u201d, diz Teo Hayashi sobre o The Send Brasil - R\u00e1dio Porto Seguro\",\"isPartOf\":{\"@id\":\"https:\/\/radioportoseguro.com.br\/site\/#website\"},\"primaryImageOfPage\":{\"@id\":\"https:\/\/radioportoseguro.com.br\/site\/2026\/01\/30\/e-tempo-de-arrependimento-antes-do-envio-diz-teo-hayashi-sobre-o-the-send-brasil\/#primaryimage\"},\"image\":{\"@id\":\"https:\/\/radioportoseguro.com.br\/site\/2026\/01\/30\/e-tempo-de-arrependimento-antes-do-envio-diz-teo-hayashi-sobre-o-the-send-brasil\/#primaryimage\"},\"thumbnailUrl\":\"https:\/\/radioportoseguro.com.br\/site\/wp-content\/uploads\/2026\/01\/4141328058-teo-hayashi-pregando-no-send-em-oslo-noruega.jpg\",\"datePublished\":\"2026-01-30T03:11:13+00:00\",\"author\":{\"@id\":\"https:\/\/radioportoseguro.com.br\/site\/#\/schema\/person\/7630acdc320186f13639d3c067ec089b\"},\"breadcrumb\":{\"@id\":\"https:\/\/radioportoseguro.com.br\/site\/2026\/01\/30\/e-tempo-de-arrependimento-antes-do-envio-diz-teo-hayashi-sobre-o-the-send-brasil\/#breadcrumb\"},\"inLanguage\":\"pt-BR\",\"potentialAction\":[{\"@type\":\"ReadAction\",\"target\":[\"https:\/\/radioportoseguro.com.br\/site\/2026\/01\/30\/e-tempo-de-arrependimento-antes-do-envio-diz-teo-hayashi-sobre-o-the-send-brasil\/\"]}]},{\"@type\":\"ImageObject\",\"inLanguage\":\"pt-BR\",\"@id\":\"https:\/\/radioportoseguro.com.br\/site\/2026\/01\/30\/e-tempo-de-arrependimento-antes-do-envio-diz-teo-hayashi-sobre-o-the-send-brasil\/#primaryimage\",\"url\":\"https:\/\/radioportoseguro.com.br\/site\/wp-content\/uploads\/2026\/01\/4141328058-teo-hayashi-pregando-no-send-em-oslo-noruega.jpg\",\"contentUrl\":\"https:\/\/radioportoseguro.com.br\/site\/wp-content\/uploads\/2026\/01\/4141328058-teo-hayashi-pregando-no-send-em-oslo-noruega.jpg\",\"width\":1200,\"height\":600},{\"@type\":\"BreadcrumbList\",\"@id\":\"https:\/\/radioportoseguro.com.br\/site\/2026\/01\/30\/e-tempo-de-arrependimento-antes-do-envio-diz-teo-hayashi-sobre-o-the-send-brasil\/#breadcrumb\",\"itemListElement\":[{\"@type\":\"ListItem\",\"position\":1,\"name\":\"In\u00edcio\",\"item\":\"https:\/\/radioportoseguro.com.br\/site\/\"},{\"@type\":\"ListItem\",\"position\":2,\"name\":\"\u201c\u00c9 tempo de arrependimento antes do envio\u201d, diz Teo Hayashi sobre o The Send Brasil\"}]},{\"@type\":\"WebSite\",\"@id\":\"https:\/\/radioportoseguro.com.br\/site\/#website\",\"url\":\"https:\/\/radioportoseguro.com.br\/site\/\",\"name\":\"R\u00e1dio Porto Seguro\",\"description\":\"\",\"potentialAction\":[{\"@type\":\"SearchAction\",\"target\":{\"@type\":\"EntryPoint\",\"urlTemplate\":\"https:\/\/radioportoseguro.com.br\/site\/?s={search_term_string}\"},\"query-input\":{\"@type\":\"PropertyValueSpecification\",\"valueRequired\":true,\"valueName\":\"search_term_string\"}}],\"inLanguage\":\"pt-BR\"},{\"@type\":\"Person\",\"@id\":\"https:\/\/radioportoseguro.com.br\/site\/#\/schema\/person\/7630acdc320186f13639d3c067ec089b\",\"name\":\"admin\",\"image\":{\"@type\":\"ImageObject\",\"inLanguage\":\"pt-BR\",\"@id\":\"https:\/\/radioportoseguro.com.br\/site\/#\/schema\/person\/image\/\",\"url\":\"https:\/\/secure.gravatar.com\/avatar\/caacf4dc1eedb68fab0df8e1ed46c448e578b2466351bbcb61e47d2ac0caaef0?s=96&d=mm&r=g\",\"contentUrl\":\"https:\/\/secure.gravatar.com\/avatar\/caacf4dc1eedb68fab0df8e1ed46c448e578b2466351bbcb61e47d2ac0caaef0?s=96&d=mm&r=g\",\"caption\":\"admin\"},\"sameAs\":[\"https:\/\/radioportoseguro.com.br\/site\"],\"url\":\"https:\/\/radioportoseguro.com.br\/site\/author\/hezio\/\"}]}<\/script>\n<!-- \/ Yoast SEO plugin. -->","yoast_head_json":{"title":"\u201c\u00c9 tempo de arrependimento antes do envio\u201d, diz Teo Hayashi sobre o The Send Brasil - R\u00e1dio Porto Seguro","robots":{"index":"index","follow":"follow","max-snippet":"max-snippet:-1","max-image-preview":"max-image-preview:large","max-video-preview":"max-video-preview:-1"},"canonical":"https:\/\/radioportoseguro.com.br\/site\/2026\/01\/30\/e-tempo-de-arrependimento-antes-do-envio-diz-teo-hayashi-sobre-o-the-send-brasil\/","og_locale":"pt_BR","og_type":"article","og_title":"\u201c\u00c9 tempo de arrependimento antes do envio\u201d, diz Teo Hayashi sobre o The Send Brasil - R\u00e1dio Porto Seguro","og_description":"\u00c0 medida que o The Send se aproxima, cresce a expectativa em torno do movimento que tem convocado uma gera\u00e7\u00e3o a viver o Evangelho de forma pr\u00e1tica. Para Te\u00f3filo Hayashi, pastor da Zion Church e l\u00edder da mobiliza\u00e7\u00e3o no Brasil, o momento traz uma \u00eanfase ainda mais urgente no arrependimento e no compromisso mission\u00e1rio. Segundo [&hellip;]","og_url":"https:\/\/radioportoseguro.com.br\/site\/2026\/01\/30\/e-tempo-de-arrependimento-antes-do-envio-diz-teo-hayashi-sobre-o-the-send-brasil\/","og_site_name":"R\u00e1dio Porto Seguro","article_published_time":"2026-01-30T03:11:13+00:00","og_image":[{"url":"https:\/\/media.guiame.com.br\/archives\/2026\/01\/28\/4141328058-teo-hayashi-pregando-no-send-em-oslo-noruega.jpg","type":"","width":"","height":""}],"author":"admin","twitter_card":"summary_large_image","twitter_misc":{"Escrito por":"admin","Est. tempo de leitura":"5 minutos"},"schema":{"@context":"https:\/\/schema.org","@graph":[{"@type":"Article","@id":"https:\/\/radioportoseguro.com.br\/site\/2026\/01\/30\/e-tempo-de-arrependimento-antes-do-envio-diz-teo-hayashi-sobre-o-the-send-brasil\/#article","isPartOf":{"@id":"https:\/\/radioportoseguro.com.br\/site\/2026\/01\/30\/e-tempo-de-arrependimento-antes-do-envio-diz-teo-hayashi-sobre-o-the-send-brasil\/"},"author":{"name":"admin","@id":"https:\/\/radioportoseguro.com.br\/site\/#\/schema\/person\/7630acdc320186f13639d3c067ec089b"},"headline":"\u201c\u00c9 tempo de arrependimento antes do envio\u201d, diz Teo Hayashi sobre o The Send Brasil","datePublished":"2026-01-30T03:11:13+00:00","mainEntityOfPage":{"@id":"https:\/\/radioportoseguro.com.br\/site\/2026\/01\/30\/e-tempo-de-arrependimento-antes-do-envio-diz-teo-hayashi-sobre-o-the-send-brasil\/"},"wordCount":956,"image":{"@id":"https:\/\/radioportoseguro.com.br\/site\/2026\/01\/30\/e-tempo-de-arrependimento-antes-do-envio-diz-teo-hayashi-sobre-o-the-send-brasil\/#primaryimage"},"thumbnailUrl":"https:\/\/radioportoseguro.com.br\/site\/wp-content\/uploads\/2026\/01\/4141328058-teo-hayashi-pregando-no-send-em-oslo-noruega.jpg","articleSection":["Destaques"],"inLanguage":"pt-BR"},{"@type":"WebPage","@id":"https:\/\/radioportoseguro.com.br\/site\/2026\/01\/30\/e-tempo-de-arrependimento-antes-do-envio-diz-teo-hayashi-sobre-o-the-send-brasil\/","url":"https:\/\/radioportoseguro.com.br\/site\/2026\/01\/30\/e-tempo-de-arrependimento-antes-do-envio-diz-teo-hayashi-sobre-o-the-send-brasil\/","name":"\u201c\u00c9 tempo de arrependimento antes do envio\u201d, diz Teo Hayashi sobre o The Send Brasil - R\u00e1dio Porto Seguro","isPartOf":{"@id":"https:\/\/radioportoseguro.com.br\/site\/#website"},"primaryImageOfPage":{"@id":"https:\/\/radioportoseguro.com.br\/site\/2026\/01\/30\/e-tempo-de-arrependimento-antes-do-envio-diz-teo-hayashi-sobre-o-the-send-brasil\/#primaryimage"},"image":{"@id":"https:\/\/radioportoseguro.com.br\/site\/2026\/01\/30\/e-tempo-de-arrependimento-antes-do-envio-diz-teo-hayashi-sobre-o-the-send-brasil\/#primaryimage"},"thumbnailUrl":"https:\/\/radioportoseguro.com.br\/site\/wp-content\/uploads\/2026\/01\/4141328058-teo-hayashi-pregando-no-send-em-oslo-noruega.jpg","datePublished":"2026-01-30T03:11:13+00:00","author":{"@id":"https:\/\/radioportoseguro.com.br\/site\/#\/schema\/person\/7630acdc320186f13639d3c067ec089b"},"breadcrumb":{"@id":"https:\/\/radioportoseguro.com.br\/site\/2026\/01\/30\/e-tempo-de-arrependimento-antes-do-envio-diz-teo-hayashi-sobre-o-the-send-brasil\/#breadcrumb"},"inLanguage":"pt-BR","potentialAction":[{"@type":"ReadAction","target":["https:\/\/radioportoseguro.com.br\/site\/2026\/01\/30\/e-tempo-de-arrependimento-antes-do-envio-diz-teo-hayashi-sobre-o-the-send-brasil\/"]}]},{"@type":"ImageObject","inLanguage":"pt-BR","@id":"https:\/\/radioportoseguro.com.br\/site\/2026\/01\/30\/e-tempo-de-arrependimento-antes-do-envio-diz-teo-hayashi-sobre-o-the-send-brasil\/#primaryimage","url":"https:\/\/radioportoseguro.com.br\/site\/wp-content\/uploads\/2026\/01\/4141328058-teo-hayashi-pregando-no-send-em-oslo-noruega.jpg","contentUrl":"https:\/\/radioportoseguro.com.br\/site\/wp-content\/uploads\/2026\/01\/4141328058-teo-hayashi-pregando-no-send-em-oslo-noruega.jpg","width":1200,"height":600},{"@type":"BreadcrumbList","@id":"https:\/\/radioportoseguro.com.br\/site\/2026\/01\/30\/e-tempo-de-arrependimento-antes-do-envio-diz-teo-hayashi-sobre-o-the-send-brasil\/#breadcrumb","itemListElement":[{"@type":"ListItem","position":1,"name":"In\u00edcio","item":"https:\/\/radioportoseguro.com.br\/site\/"},{"@type":"ListItem","position":2,"name":"\u201c\u00c9 tempo de arrependimento antes do envio\u201d, diz Teo Hayashi sobre o The Send Brasil"}]},{"@type":"WebSite","@id":"https:\/\/radioportoseguro.com.br\/site\/#website","url":"https:\/\/radioportoseguro.com.br\/site\/","name":"R\u00e1dio Porto Seguro","description":"","potentialAction":[{"@type":"SearchAction","target":{"@type":"EntryPoint","urlTemplate":"https:\/\/radioportoseguro.com.br\/site\/?s={search_term_string}"},"query-input":{"@type":"PropertyValueSpecification","valueRequired":true,"valueName":"search_term_string"}}],"inLanguage":"pt-BR"},{"@type":"Person","@id":"https:\/\/radioportoseguro.com.br\/site\/#\/schema\/person\/7630acdc320186f13639d3c067ec089b","name":"admin","image":{"@type":"ImageObject","inLanguage":"pt-BR","@id":"https:\/\/radioportoseguro.com.br\/site\/#\/schema\/person\/image\/","url":"https:\/\/secure.gravatar.com\/avatar\/caacf4dc1eedb68fab0df8e1ed46c448e578b2466351bbcb61e47d2ac0caaef0?s=96&d=mm&r=g","contentUrl":"https:\/\/secure.gravatar.com\/avatar\/caacf4dc1eedb68fab0df8e1ed46c448e578b2466351bbcb61e47d2ac0caaef0?s=96&d=mm&r=g","caption":"admin"},"sameAs":["https:\/\/radioportoseguro.com.br\/site"],"url":"https:\/\/radioportoseguro.com.br\/site\/author\/hezio\/"}]}},"_links":{"self":[{"href":"https:\/\/radioportoseguro.com.br\/site\/wp-json\/wp\/v2\/posts\/3575","targetHints":{"allow":["GET"]}}],"collection":[{"href":"https:\/\/radioportoseguro.com.br\/site\/wp-json\/wp\/v2\/posts"}],"about":[{"href":"https:\/\/radioportoseguro.com.br\/site\/wp-json\/wp\/v2\/types\/post"}],"author":[{"embeddable":true,"href":"https:\/\/radioportoseguro.com.br\/site\/wp-json\/wp\/v2\/users\/1"}],"replies":[{"embeddable":true,"href":"https:\/\/radioportoseguro.com.br\/site\/wp-json\/wp\/v2\/comments?post=3575"}],"version-history":[{"count":0,"href":"https:\/\/radioportoseguro.com.br\/site\/wp-json\/wp\/v2\/posts\/3575\/revisions"}],"wp:featuredmedia":[{"embeddable":true,"href":"https:\/\/radioportoseguro.com.br\/site\/wp-json\/wp\/v2\/media\/3576"}],"wp:attachment":[{"href":"https:\/\/radioportoseguro.com.br\/site\/wp-json\/wp\/v2\/media?parent=3575"}],"wp:term":[{"taxonomy":"category","embeddable":true,"href":"https:\/\/radioportoseguro.com.br\/site\/wp-json\/wp\/v2\/categories?post=3575"},{"taxonomy":"post_tag","embeddable":true,"href":"https:\/\/radioportoseguro.com.br\/site\/wp-json\/wp\/v2\/tags?post=3575"}],"curies":[{"name":"wp","href":"https:\/\/api.w.org\/{rel}","templated":true}]}}