{"id":3581,"date":"2026-01-30T05:06:30","date_gmt":"2026-01-30T08:06:30","guid":{"rendered":"https:\/\/radioportoseguro.com.br\/site\/2026\/01\/30\/relogio-do-juizo-final-chega-ao-ponto-mais-critico-com-ia-entre-os-novos-riscos\/"},"modified":"2026-01-30T05:06:30","modified_gmt":"2026-01-30T08:06:30","slug":"relogio-do-juizo-final-chega-ao-ponto-mais-critico-com-ia-entre-os-novos-riscos","status":"publish","type":"post","link":"https:\/\/radioportoseguro.com.br\/site\/2026\/01\/30\/relogio-do-juizo-final-chega-ao-ponto-mais-critico-com-ia-entre-os-novos-riscos\/","title":{"rendered":"Rel\u00f3gio do Ju\u00edzo Final chega ao ponto mais cr\u00edtico, com IA entre os novos riscos"},"content":{"rendered":"<p><br \/>\n<br \/><\/p>\n<div>\n<p>Como acontece todo in\u00edcio de ano, o Boletim do Conselho de Ci\u00eancia e Seguran\u00e7a dos Cientistas At\u00f4micos (SASB), marcador que mede a probabilidade de uma cat\u00e1strofe global, foi divulgado.<\/p>\n<p>Segundo os cientistas at\u00f4micos, o <span style=\"color: #800000;\"><strong>Rel\u00f3gio do Ju\u00edzo Final<\/strong><\/span> (Doomsday Clock, em ingl\u00eas) marca 85 segundos para a meia-noite, o ponto mais pr\u00f3ximo da \u201chora zero\u201d j\u00e1 registrado na hist\u00f3ria da sua cria\u00e7\u00e3o em 1947.<\/p>\n<p>\u201cCada segundo conta, e estamos ficando sem tempo. \u00c9 uma verdade dif\u00edcil, mas esta \u00e9 a nossa realidade\u201d, disse Alexandra Bell, presidente e CEO do Boletim da Cientista At\u00f4mica, \u00e0 Time.<\/p>\n<p>Riscos j\u00e1 conhecidos \u00e0 exist\u00eancia humana, como armas nucleares e mudan\u00e7as clim\u00e1ticas, foram destacados pelos cientistas.<\/p>\n<p>Esta \u00e9 a terceira vez, em cinco anos, que o Rel\u00f3gio do Ju\u00edzo Final \u00e9 ajustado para mais perto da meia-noite.<\/p>\n<p>Desde o in\u00edcio, o s\u00edmbolo tem servido como um term\u00f4metro das amea\u00e7as existenciais feitas pela pr\u00f3pria humanidade, com o \u201cmeia-noite\u201d representando um evento catastr\u00f3fico capaz de destruir grande parte \u2013 ou toda \u2013 a vida no planeta.<\/p>\n<p><strong>IA tamb\u00e9m \u00e9 risco<\/strong><\/p>\n<p>Segundo o Boletim, uma s\u00e9rie de fatores combinados elevou as preocupa\u00e7\u00f5es dos cientistas ao ponto mais alto desde que o rel\u00f3gio foi criado.<\/p>\n<p>Os cientistas destacaram o impacto da <span style=\"color: #800000;\"><strong>intelig\u00eancia artificial<\/strong> <\/span>e o modo como essa tecnologia tem sido utilizada para amplificar a desinforma\u00e7\u00e3o.<\/p>\n<p>Durante o an\u00fancio, a jornalista e vencedora do Pr\u00eamio Nobel da Paz, Maria Ressa, afirmou que o mundo vive um \u201carmagedom informativo\u201d, impulsionado pelo avan\u00e7o das <span style=\"color: #800000;\"><strong>redes sociais<\/strong><\/span> e da IA generativa, tecnologias que, segundo ela, n\u00e3o est\u00e3o \u201cancoradas em fatos\u201d.<\/p>\n<p>\u201cOs seres humanos foram mercantilizados por uma ind\u00fastria predat\u00f3ria e extrativista\u201d, disse ela.<\/p>\n<p>Fatores de risco considerados:<\/p>\n<p><strong>Tens\u00f5es nucleares globais<\/strong>: a possibilidade de conflito entre pot\u00eancias com arsenais nucleares e a incerteza sobre tratados de controle de armas alarmam os especialistas.<\/p>\n<p><strong>Mudan\u00e7as clim\u00e1ticas<\/strong>: eventos clim\u00e1ticos extremos e a falta de avan\u00e7o significativo no combate \u00e0s emiss\u00f5es continuam sendo um dos principais riscos.<\/p>\n<p><strong>Tecnologias disruptivas<\/strong>: o avan\u00e7o desregulado da intelig\u00eancia artificial, preocupa\u00e7\u00f5es com biotecnologia e outras tecnologias emergentes fazem parte da avalia\u00e7\u00e3o de risco, segundo o rel\u00f3gio.<\/p>\n<p>A organiza\u00e7\u00e3o destacou ainda a fragiliza\u00e7\u00e3o das coopera\u00e7\u00f5es internacionais como um fator que exacerba essas amea\u00e7as e dificulta solu\u00e7\u00f5es multilaterais.<\/p>\n<p><strong>Hist\u00f3rico do Rel\u00f3gio<\/strong><\/p>\n<p>Quando foi lan\u00e7ado em 1947, o Rel\u00f3gio estava 7 minutos antes da meia-noite \u2013 um reflexo direto das tens\u00f5es da Guerra Fria e da amea\u00e7a nuclear entre EUA e Uni\u00e3o Sovi\u00e9tica.<\/p>\n<p>Ao longo das d\u00e9cadas, seu ponteiro foi movido v\u00e1rias vezes, tanto para mais perto quanto para mais longe da meia-noite, de acordo com o contexto global.<\/p>\n<p>Nos \u00faltimos anos, por\u00e9m, o rel\u00f3gio tem marcado um movimento cont\u00ednuo em dire\u00e7\u00e3o \u00e0 \u201czona de perigo\u201d:<\/p>\n<p>&#8211; 2020: 100 segundos antes da meia-noite<\/p>\n<p>&#8211; 2023: 90 segundos<\/p>\n<p>&#8211; 2025: 89 segundos<\/p>\n<p>&#8211; 2026: 85 segundos \u2013 o mais cr\u00edtico at\u00e9 hoje<\/p>\n<p>Os cientistas que definem o Rel\u00f3gio deixam claro que ele n\u00e3o \u00e9 uma previs\u00e3o cient\u00edfica literal, mas uma chamada de alerta simb\u00f3lica para l\u00edderes, formuladores de pol\u00edticas e sociedade civil sobre os riscos que enfrentamos coletivamente e a necessidade urgente de a\u00e7\u00e3o coordenada.<\/p>\n<p>Embora os problemas que o mundo enfrenta possam parecer esmagadores, Alexandra Bell disse que eles s\u00e3o feitos pelo homem e ainda s\u00e3o solucion\u00e1veis.<\/p>\n<p>\u201cN\u00e3o h\u00e1 uma \u00fanica solu\u00e7\u00e3o elegante para qualquer um dos problemas que estamos enfrentando, mas esses problemas s\u00e3o solucion\u00e1veis\u201d, disse ela.<\/p>\n<p>\u201cToda vez que conseguimos voltar atr\u00e1s nas m\u00e3os do rel\u00f3gio, tem sido porque temos cientistas e especialistas trabalhando para encontrar solu\u00e7\u00f5es, e o p\u00fablico estava exigindo a\u00e7\u00e3o.\u201d<\/p>\n<\/div>\n<p><br \/>\n<br \/>Fonte: Guiame <\/p>\n","protected":false},"excerpt":{"rendered":"<p>Como acontece todo in\u00edcio de ano, o Boletim do Conselho de Ci\u00eancia e Seguran\u00e7a dos Cientistas At\u00f4micos (SASB), marcador que mede a probabilidade de uma cat\u00e1strofe global, foi divulgado. Segundo os cientistas at\u00f4micos, o Rel\u00f3gio do Ju\u00edzo Final (Doomsday Clock, em ingl\u00eas) marca 85 segundos para a meia-noite, o ponto mais pr\u00f3ximo da \u201chora zero\u201d [&hellip;]<\/p>\n","protected":false},"author":1,"featured_media":3582,"comment_status":"","ping_status":"open","sticky":false,"template":"","format":"standard","meta":{"footnotes":""},"categories":[43],"tags":[],"class_list":["post-3581","post","type-post","status-publish","format-standard","has-post-thumbnail","hentry","category-destaques"],"yoast_head":"<!-- This site is optimized with the Yoast SEO plugin v26.8 - https:\/\/yoast.com\/product\/yoast-seo-wordpress\/ -->\n<title>Rel\u00f3gio do Ju\u00edzo Final chega ao ponto mais cr\u00edtico, com IA entre os novos riscos - R\u00e1dio Porto Seguro<\/title>\n<meta name=\"robots\" content=\"index, follow, max-snippet:-1, max-image-preview:large, max-video-preview:-1\" \/>\n<link rel=\"canonical\" href=\"https:\/\/radioportoseguro.com.br\/site\/2026\/01\/30\/relogio-do-juizo-final-chega-ao-ponto-mais-critico-com-ia-entre-os-novos-riscos\/\" \/>\n<meta property=\"og:locale\" content=\"pt_BR\" \/>\n<meta property=\"og:type\" content=\"article\" \/>\n<meta property=\"og:title\" content=\"Rel\u00f3gio do Ju\u00edzo Final chega ao ponto mais cr\u00edtico, com IA entre os novos riscos - R\u00e1dio Porto Seguro\" \/>\n<meta property=\"og:description\" content=\"Como acontece todo in\u00edcio de ano, o Boletim do Conselho de Ci\u00eancia e Seguran\u00e7a dos Cientistas At\u00f4micos (SASB), marcador que mede a probabilidade de uma cat\u00e1strofe global, foi divulgado. Segundo os cientistas at\u00f4micos, o Rel\u00f3gio do Ju\u00edzo Final (Doomsday Clock, em ingl\u00eas) marca 85 segundos para a meia-noite, o ponto mais pr\u00f3ximo da \u201chora zero\u201d [&hellip;]\" \/>\n<meta property=\"og:url\" content=\"https:\/\/radioportoseguro.com.br\/site\/2026\/01\/30\/relogio-do-juizo-final-chega-ao-ponto-mais-critico-com-ia-entre-os-novos-riscos\/\" \/>\n<meta property=\"og:site_name\" content=\"R\u00e1dio Porto Seguro\" \/>\n<meta property=\"article:published_time\" content=\"2026-01-30T08:06:30+00:00\" \/>\n<meta property=\"og:image\" content=\"https:\/\/media.guiame.com.br\/archives\/2026\/01\/28\/546137964-relogio-do-fim-do-mundo.jpg\" \/>\n<meta name=\"author\" content=\"admin\" \/>\n<meta name=\"twitter:card\" content=\"summary_large_image\" \/>\n<meta name=\"twitter:label1\" content=\"Escrito por\" \/>\n\t<meta name=\"twitter:data1\" content=\"admin\" \/>\n\t<meta name=\"twitter:label2\" content=\"Est. tempo de leitura\" \/>\n\t<meta name=\"twitter:data2\" content=\"3 minutos\" \/>\n<script type=\"application\/ld+json\" class=\"yoast-schema-graph\">{\"@context\":\"https:\/\/schema.org\",\"@graph\":[{\"@type\":\"Article\",\"@id\":\"https:\/\/radioportoseguro.com.br\/site\/2026\/01\/30\/relogio-do-juizo-final-chega-ao-ponto-mais-critico-com-ia-entre-os-novos-riscos\/#article\",\"isPartOf\":{\"@id\":\"https:\/\/radioportoseguro.com.br\/site\/2026\/01\/30\/relogio-do-juizo-final-chega-ao-ponto-mais-critico-com-ia-entre-os-novos-riscos\/\"},\"author\":{\"name\":\"admin\",\"@id\":\"https:\/\/radioportoseguro.com.br\/site\/#\/schema\/person\/7630acdc320186f13639d3c067ec089b\"},\"headline\":\"Rel\u00f3gio do Ju\u00edzo Final chega ao ponto mais cr\u00edtico, com IA entre os novos riscos\",\"datePublished\":\"2026-01-30T08:06:30+00:00\",\"mainEntityOfPage\":{\"@id\":\"https:\/\/radioportoseguro.com.br\/site\/2026\/01\/30\/relogio-do-juizo-final-chega-ao-ponto-mais-critico-com-ia-entre-os-novos-riscos\/\"},\"wordCount\":668,\"image\":{\"@id\":\"https:\/\/radioportoseguro.com.br\/site\/2026\/01\/30\/relogio-do-juizo-final-chega-ao-ponto-mais-critico-com-ia-entre-os-novos-riscos\/#primaryimage\"},\"thumbnailUrl\":\"https:\/\/radioportoseguro.com.br\/site\/wp-content\/uploads\/2026\/01\/546137964-relogio-do-fim-do-mundo.jpg\",\"articleSection\":[\"Destaques\"],\"inLanguage\":\"pt-BR\"},{\"@type\":\"WebPage\",\"@id\":\"https:\/\/radioportoseguro.com.br\/site\/2026\/01\/30\/relogio-do-juizo-final-chega-ao-ponto-mais-critico-com-ia-entre-os-novos-riscos\/\",\"url\":\"https:\/\/radioportoseguro.com.br\/site\/2026\/01\/30\/relogio-do-juizo-final-chega-ao-ponto-mais-critico-com-ia-entre-os-novos-riscos\/\",\"name\":\"Rel\u00f3gio do Ju\u00edzo Final chega ao ponto mais cr\u00edtico, com IA entre os novos riscos - R\u00e1dio Porto Seguro\",\"isPartOf\":{\"@id\":\"https:\/\/radioportoseguro.com.br\/site\/#website\"},\"primaryImageOfPage\":{\"@id\":\"https:\/\/radioportoseguro.com.br\/site\/2026\/01\/30\/relogio-do-juizo-final-chega-ao-ponto-mais-critico-com-ia-entre-os-novos-riscos\/#primaryimage\"},\"image\":{\"@id\":\"https:\/\/radioportoseguro.com.br\/site\/2026\/01\/30\/relogio-do-juizo-final-chega-ao-ponto-mais-critico-com-ia-entre-os-novos-riscos\/#primaryimage\"},\"thumbnailUrl\":\"https:\/\/radioportoseguro.com.br\/site\/wp-content\/uploads\/2026\/01\/546137964-relogio-do-fim-do-mundo.jpg\",\"datePublished\":\"2026-01-30T08:06:30+00:00\",\"author\":{\"@id\":\"https:\/\/radioportoseguro.com.br\/site\/#\/schema\/person\/7630acdc320186f13639d3c067ec089b\"},\"breadcrumb\":{\"@id\":\"https:\/\/radioportoseguro.com.br\/site\/2026\/01\/30\/relogio-do-juizo-final-chega-ao-ponto-mais-critico-com-ia-entre-os-novos-riscos\/#breadcrumb\"},\"inLanguage\":\"pt-BR\",\"potentialAction\":[{\"@type\":\"ReadAction\",\"target\":[\"https:\/\/radioportoseguro.com.br\/site\/2026\/01\/30\/relogio-do-juizo-final-chega-ao-ponto-mais-critico-com-ia-entre-os-novos-riscos\/\"]}]},{\"@type\":\"ImageObject\",\"inLanguage\":\"pt-BR\",\"@id\":\"https:\/\/radioportoseguro.com.br\/site\/2026\/01\/30\/relogio-do-juizo-final-chega-ao-ponto-mais-critico-com-ia-entre-os-novos-riscos\/#primaryimage\",\"url\":\"https:\/\/radioportoseguro.com.br\/site\/wp-content\/uploads\/2026\/01\/546137964-relogio-do-fim-do-mundo.jpg\",\"contentUrl\":\"https:\/\/radioportoseguro.com.br\/site\/wp-content\/uploads\/2026\/01\/546137964-relogio-do-fim-do-mundo.jpg\",\"width\":1200,\"height\":600},{\"@type\":\"BreadcrumbList\",\"@id\":\"https:\/\/radioportoseguro.com.br\/site\/2026\/01\/30\/relogio-do-juizo-final-chega-ao-ponto-mais-critico-com-ia-entre-os-novos-riscos\/#breadcrumb\",\"itemListElement\":[{\"@type\":\"ListItem\",\"position\":1,\"name\":\"In\u00edcio\",\"item\":\"https:\/\/radioportoseguro.com.br\/site\/\"},{\"@type\":\"ListItem\",\"position\":2,\"name\":\"Rel\u00f3gio do Ju\u00edzo Final chega ao ponto mais cr\u00edtico, com IA entre os novos riscos\"}]},{\"@type\":\"WebSite\",\"@id\":\"https:\/\/radioportoseguro.com.br\/site\/#website\",\"url\":\"https:\/\/radioportoseguro.com.br\/site\/\",\"name\":\"R\u00e1dio Porto Seguro\",\"description\":\"\",\"potentialAction\":[{\"@type\":\"SearchAction\",\"target\":{\"@type\":\"EntryPoint\",\"urlTemplate\":\"https:\/\/radioportoseguro.com.br\/site\/?s={search_term_string}\"},\"query-input\":{\"@type\":\"PropertyValueSpecification\",\"valueRequired\":true,\"valueName\":\"search_term_string\"}}],\"inLanguage\":\"pt-BR\"},{\"@type\":\"Person\",\"@id\":\"https:\/\/radioportoseguro.com.br\/site\/#\/schema\/person\/7630acdc320186f13639d3c067ec089b\",\"name\":\"admin\",\"image\":{\"@type\":\"ImageObject\",\"inLanguage\":\"pt-BR\",\"@id\":\"https:\/\/radioportoseguro.com.br\/site\/#\/schema\/person\/image\/\",\"url\":\"https:\/\/secure.gravatar.com\/avatar\/caacf4dc1eedb68fab0df8e1ed46c448e578b2466351bbcb61e47d2ac0caaef0?s=96&d=mm&r=g\",\"contentUrl\":\"https:\/\/secure.gravatar.com\/avatar\/caacf4dc1eedb68fab0df8e1ed46c448e578b2466351bbcb61e47d2ac0caaef0?s=96&d=mm&r=g\",\"caption\":\"admin\"},\"sameAs\":[\"https:\/\/radioportoseguro.com.br\/site\"],\"url\":\"https:\/\/radioportoseguro.com.br\/site\/author\/hezio\/\"}]}<\/script>\n<!-- \/ Yoast SEO plugin. -->","yoast_head_json":{"title":"Rel\u00f3gio do Ju\u00edzo Final chega ao ponto mais cr\u00edtico, com IA entre os novos riscos - R\u00e1dio Porto Seguro","robots":{"index":"index","follow":"follow","max-snippet":"max-snippet:-1","max-image-preview":"max-image-preview:large","max-video-preview":"max-video-preview:-1"},"canonical":"https:\/\/radioportoseguro.com.br\/site\/2026\/01\/30\/relogio-do-juizo-final-chega-ao-ponto-mais-critico-com-ia-entre-os-novos-riscos\/","og_locale":"pt_BR","og_type":"article","og_title":"Rel\u00f3gio do Ju\u00edzo Final chega ao ponto mais cr\u00edtico, com IA entre os novos riscos - R\u00e1dio Porto Seguro","og_description":"Como acontece todo in\u00edcio de ano, o Boletim do Conselho de Ci\u00eancia e Seguran\u00e7a dos Cientistas At\u00f4micos (SASB), marcador que mede a probabilidade de uma cat\u00e1strofe global, foi divulgado. Segundo os cientistas at\u00f4micos, o Rel\u00f3gio do Ju\u00edzo Final (Doomsday Clock, em ingl\u00eas) marca 85 segundos para a meia-noite, o ponto mais pr\u00f3ximo da \u201chora zero\u201d [&hellip;]","og_url":"https:\/\/radioportoseguro.com.br\/site\/2026\/01\/30\/relogio-do-juizo-final-chega-ao-ponto-mais-critico-com-ia-entre-os-novos-riscos\/","og_site_name":"R\u00e1dio Porto Seguro","article_published_time":"2026-01-30T08:06:30+00:00","og_image":[{"url":"https:\/\/media.guiame.com.br\/archives\/2026\/01\/28\/546137964-relogio-do-fim-do-mundo.jpg","type":"","width":"","height":""}],"author":"admin","twitter_card":"summary_large_image","twitter_misc":{"Escrito por":"admin","Est. tempo de leitura":"3 minutos"},"schema":{"@context":"https:\/\/schema.org","@graph":[{"@type":"Article","@id":"https:\/\/radioportoseguro.com.br\/site\/2026\/01\/30\/relogio-do-juizo-final-chega-ao-ponto-mais-critico-com-ia-entre-os-novos-riscos\/#article","isPartOf":{"@id":"https:\/\/radioportoseguro.com.br\/site\/2026\/01\/30\/relogio-do-juizo-final-chega-ao-ponto-mais-critico-com-ia-entre-os-novos-riscos\/"},"author":{"name":"admin","@id":"https:\/\/radioportoseguro.com.br\/site\/#\/schema\/person\/7630acdc320186f13639d3c067ec089b"},"headline":"Rel\u00f3gio do Ju\u00edzo Final chega ao ponto mais cr\u00edtico, com IA entre os novos riscos","datePublished":"2026-01-30T08:06:30+00:00","mainEntityOfPage":{"@id":"https:\/\/radioportoseguro.com.br\/site\/2026\/01\/30\/relogio-do-juizo-final-chega-ao-ponto-mais-critico-com-ia-entre-os-novos-riscos\/"},"wordCount":668,"image":{"@id":"https:\/\/radioportoseguro.com.br\/site\/2026\/01\/30\/relogio-do-juizo-final-chega-ao-ponto-mais-critico-com-ia-entre-os-novos-riscos\/#primaryimage"},"thumbnailUrl":"https:\/\/radioportoseguro.com.br\/site\/wp-content\/uploads\/2026\/01\/546137964-relogio-do-fim-do-mundo.jpg","articleSection":["Destaques"],"inLanguage":"pt-BR"},{"@type":"WebPage","@id":"https:\/\/radioportoseguro.com.br\/site\/2026\/01\/30\/relogio-do-juizo-final-chega-ao-ponto-mais-critico-com-ia-entre-os-novos-riscos\/","url":"https:\/\/radioportoseguro.com.br\/site\/2026\/01\/30\/relogio-do-juizo-final-chega-ao-ponto-mais-critico-com-ia-entre-os-novos-riscos\/","name":"Rel\u00f3gio do Ju\u00edzo Final chega ao ponto mais cr\u00edtico, com IA entre os novos riscos - R\u00e1dio Porto Seguro","isPartOf":{"@id":"https:\/\/radioportoseguro.com.br\/site\/#website"},"primaryImageOfPage":{"@id":"https:\/\/radioportoseguro.com.br\/site\/2026\/01\/30\/relogio-do-juizo-final-chega-ao-ponto-mais-critico-com-ia-entre-os-novos-riscos\/#primaryimage"},"image":{"@id":"https:\/\/radioportoseguro.com.br\/site\/2026\/01\/30\/relogio-do-juizo-final-chega-ao-ponto-mais-critico-com-ia-entre-os-novos-riscos\/#primaryimage"},"thumbnailUrl":"https:\/\/radioportoseguro.com.br\/site\/wp-content\/uploads\/2026\/01\/546137964-relogio-do-fim-do-mundo.jpg","datePublished":"2026-01-30T08:06:30+00:00","author":{"@id":"https:\/\/radioportoseguro.com.br\/site\/#\/schema\/person\/7630acdc320186f13639d3c067ec089b"},"breadcrumb":{"@id":"https:\/\/radioportoseguro.com.br\/site\/2026\/01\/30\/relogio-do-juizo-final-chega-ao-ponto-mais-critico-com-ia-entre-os-novos-riscos\/#breadcrumb"},"inLanguage":"pt-BR","potentialAction":[{"@type":"ReadAction","target":["https:\/\/radioportoseguro.com.br\/site\/2026\/01\/30\/relogio-do-juizo-final-chega-ao-ponto-mais-critico-com-ia-entre-os-novos-riscos\/"]}]},{"@type":"ImageObject","inLanguage":"pt-BR","@id":"https:\/\/radioportoseguro.com.br\/site\/2026\/01\/30\/relogio-do-juizo-final-chega-ao-ponto-mais-critico-com-ia-entre-os-novos-riscos\/#primaryimage","url":"https:\/\/radioportoseguro.com.br\/site\/wp-content\/uploads\/2026\/01\/546137964-relogio-do-fim-do-mundo.jpg","contentUrl":"https:\/\/radioportoseguro.com.br\/site\/wp-content\/uploads\/2026\/01\/546137964-relogio-do-fim-do-mundo.jpg","width":1200,"height":600},{"@type":"BreadcrumbList","@id":"https:\/\/radioportoseguro.com.br\/site\/2026\/01\/30\/relogio-do-juizo-final-chega-ao-ponto-mais-critico-com-ia-entre-os-novos-riscos\/#breadcrumb","itemListElement":[{"@type":"ListItem","position":1,"name":"In\u00edcio","item":"https:\/\/radioportoseguro.com.br\/site\/"},{"@type":"ListItem","position":2,"name":"Rel\u00f3gio do Ju\u00edzo Final chega ao ponto mais cr\u00edtico, com IA entre os novos riscos"}]},{"@type":"WebSite","@id":"https:\/\/radioportoseguro.com.br\/site\/#website","url":"https:\/\/radioportoseguro.com.br\/site\/","name":"R\u00e1dio Porto Seguro","description":"","potentialAction":[{"@type":"SearchAction","target":{"@type":"EntryPoint","urlTemplate":"https:\/\/radioportoseguro.com.br\/site\/?s={search_term_string}"},"query-input":{"@type":"PropertyValueSpecification","valueRequired":true,"valueName":"search_term_string"}}],"inLanguage":"pt-BR"},{"@type":"Person","@id":"https:\/\/radioportoseguro.com.br\/site\/#\/schema\/person\/7630acdc320186f13639d3c067ec089b","name":"admin","image":{"@type":"ImageObject","inLanguage":"pt-BR","@id":"https:\/\/radioportoseguro.com.br\/site\/#\/schema\/person\/image\/","url":"https:\/\/secure.gravatar.com\/avatar\/caacf4dc1eedb68fab0df8e1ed46c448e578b2466351bbcb61e47d2ac0caaef0?s=96&d=mm&r=g","contentUrl":"https:\/\/secure.gravatar.com\/avatar\/caacf4dc1eedb68fab0df8e1ed46c448e578b2466351bbcb61e47d2ac0caaef0?s=96&d=mm&r=g","caption":"admin"},"sameAs":["https:\/\/radioportoseguro.com.br\/site"],"url":"https:\/\/radioportoseguro.com.br\/site\/author\/hezio\/"}]}},"_links":{"self":[{"href":"https:\/\/radioportoseguro.com.br\/site\/wp-json\/wp\/v2\/posts\/3581","targetHints":{"allow":["GET"]}}],"collection":[{"href":"https:\/\/radioportoseguro.com.br\/site\/wp-json\/wp\/v2\/posts"}],"about":[{"href":"https:\/\/radioportoseguro.com.br\/site\/wp-json\/wp\/v2\/types\/post"}],"author":[{"embeddable":true,"href":"https:\/\/radioportoseguro.com.br\/site\/wp-json\/wp\/v2\/users\/1"}],"replies":[{"embeddable":true,"href":"https:\/\/radioportoseguro.com.br\/site\/wp-json\/wp\/v2\/comments?post=3581"}],"version-history":[{"count":0,"href":"https:\/\/radioportoseguro.com.br\/site\/wp-json\/wp\/v2\/posts\/3581\/revisions"}],"wp:featuredmedia":[{"embeddable":true,"href":"https:\/\/radioportoseguro.com.br\/site\/wp-json\/wp\/v2\/media\/3582"}],"wp:attachment":[{"href":"https:\/\/radioportoseguro.com.br\/site\/wp-json\/wp\/v2\/media?parent=3581"}],"wp:term":[{"taxonomy":"category","embeddable":true,"href":"https:\/\/radioportoseguro.com.br\/site\/wp-json\/wp\/v2\/categories?post=3581"},{"taxonomy":"post_tag","embeddable":true,"href":"https:\/\/radioportoseguro.com.br\/site\/wp-json\/wp\/v2\/tags?post=3581"}],"curies":[{"name":"wp","href":"https:\/\/api.w.org\/{rel}","templated":true}]}}