{"id":3587,"date":"2026-01-30T09:16:15","date_gmt":"2026-01-30T12:16:15","guid":{"rendered":"https:\/\/radioportoseguro.com.br\/site\/2026\/01\/30\/norte-coreana-se-rende-a-jesus-apos-ve-lo-em-sonho-ele-me-chamou-pelo-nome\/"},"modified":"2026-01-30T09:16:15","modified_gmt":"2026-01-30T12:16:15","slug":"norte-coreana-se-rende-a-jesus-apos-ve-lo-em-sonho-ele-me-chamou-pelo-nome","status":"publish","type":"post","link":"https:\/\/radioportoseguro.com.br\/site\/2026\/01\/30\/norte-coreana-se-rende-a-jesus-apos-ve-lo-em-sonho-ele-me-chamou-pelo-nome\/","title":{"rendered":"Norte-coreana se rende a Jesus ap\u00f3s v\u00ea-lo em sonho: \u201cEle me chamou pelo nome\u201d"},"content":{"rendered":"<p><br \/>\n<br \/><\/p>\n<div>\n<p><span style=\"font-weight: 400;\">Enquanto fugia da <\/span><span style=\"color: #993300;\"><strong>Coreia do Norte<\/strong><\/span><span style=\"font-weight: 400;\"> escondida em uma floresta na China, uma jovem norte-coreana afirmou que se rendeu a Jesus ap\u00f3s ouvi-lo chamar seu nome em um sonho.\u00a0<\/span><\/p>\n<p><span style=\"font-weight: 400;\">O testemunho de Eun-Yeong* foi compartilhado pelo evangelista Cho*, parceiro da miss\u00e3o Portas Abertas que procura fugitivos norte-coreanos escondidos em \u00e1reas de mata na China para oferecer ajuda e apoio espiritual.<\/span><\/p>\n<p><span style=\"font-weight: 400;\">Em uma dessas buscas, ele encontrou Eun-Yeong e seu marido Cheol-Ho*, escondidos em uma colina. Pela apar\u00eancia e pelas roupas, ele percebeu que eram refugiados da Coreia do Norte.\u00a0<\/span><\/p>\n<p><span style=\"font-weight: 400;\">Apesar da abordagem amig\u00e1vel, Eun-Yeong gritou: \u201cFique longe de n\u00f3s. Nos deixe em paz\u201d.\u00a0<\/span><\/p>\n<p><span style=\"font-weight: 400;\">\u201cN\u00e3o estou aqui para machucar. Quero ajudar voc\u00ea. Por favor, n\u00e3o grite. N\u00e3o sabemos quem pode estar ouvindo!\u201d, respondeu Cho.<\/span><\/p>\n<p><span style=\"font-weight: 400;\">E Cheol-Ho acrescentou: \u201cN\u00e3o precisamos de sua ajuda\u201d.\u00a0<\/span><\/p>\n<p><span style=\"font-weight: 400;\">Cho, tentou tranquiliz\u00e1-los oferecendo comida, \u00e1gua e materiais para que montassem um abrigo improvisado. Ele deixou os suprimentos no ch\u00e3o e se afastou, ent\u00e3o o casal se aproximou para comer.<\/span><\/p>\n<p><strong>Apresentando Jesus<\/strong><\/p>\n<p><span style=\"font-weight: 400;\">Mais tarde, o evangelista voltou com mais suprimentos e teve oportunidade de conhecer o casal.<\/span><\/p>\n<p><span style=\"font-weight: 400;\">Durante a conversa, Eun-Yeong perguntou a Cho: \u201cPor que voc\u00ea carrega comida pelas montanhas toda semana? Deve haver algum motivo por tr\u00e1s disso\u201d.<\/span><\/p>\n<p><span style=\"font-weight: 400;\">E ele respondeu: \u201c\u00c9 por causa de um homem chamado Jesus. Ele \u00e9 o Filho de Deus e a ama muito. Ali\u00e1s, eu trouxe para voc\u00ea um livro sobre ele\u201d.\u00a0<\/span><\/p>\n<p><span style=\"font-weight: 400;\">Nesse momento, Cho entregou uma B\u00edblia \u00e0 norte-coreana. Mas, ela recusou o presente dizendo que n\u00e3o acreditava em Deus.\u00a0<\/span><\/p>\n<p><span style=\"font-weight: 400;\">\u201cEste livro \u00e9 seu. Leia ou n\u00e3o, a decis\u00e3o \u00e9 sua\u201d, insistiu o evangelista.<\/span><\/p>\n<p><strong>\u2018Ele me chamou pelo nome\u2019<\/strong><\/p>\n<p><span style=\"font-weight: 400;\">Dias depois, quando o evangelista retornou \u00e0 floresta, Eun-Yeong havia mudado e afirmou:<\/span><\/p>\n<p><span style=\"font-weight: 400;\">\u201cOntem, enquanto eu dormia, tive um sonho. Havia uma pessoa no meu sonho e Ele me chamou pelo meu nome, era esse Jesus de quem o Livro fala\u201d.\u00a0<\/span><\/p>\n<p><span style=\"font-weight: 400;\">\u201cN\u00e3o sei o que isso significa, nem por que Jesus me chamou pelo nome. Mas quero descobrir mais sobre Ele. O que voc\u00ea pode me contar?\u201d, acrescentou.\u00a0<\/span><\/p>\n<p><span style=\"font-weight: 400;\">Ent\u00e3o, Cho lhe explicou o Evangelho e convidou o casal para ficar em um local seguro e aprender mais sobre a B\u00edblia.\u00a0<\/span><\/p>\n<p><span style=\"font-weight: 400;\">O casal aceitou: \u201cEu estava orando para que dissessem isso\u201d, disse Cho.\u00a0<\/span><\/p>\n<p><span style=\"font-weight: 400;\">No local, Cheol-Ho e Eun-Yeong tiveram contato com outros crist\u00e3os norte-coreanos, participaram de estudos b\u00edblicos e decidiram seguir a Jesus.\u00a0<\/span><\/p>\n<p><strong>Frutos do Evangelho\u00a0<\/strong><\/p>\n<p><span style=\"font-weight: 400;\">Segundo a Portas Abertas, mais tarde eles decidiram retornar \u00e0 Coreia do Norte com o prop\u00f3sito de compartilhar o amor de Deus com seu povo.\u00a0<\/span><\/p>\n<p><span style=\"font-weight: 400;\">Nesse per\u00edodo, Cho continuou seu minist\u00e9rio na floresta e orava por Eun-Yeong e Cheol-Ho.\u00a0<\/span><\/p>\n<p><span style=\"font-weight: 400;\">Um ano depois, ele recebeu uma mensagem do casal: \u201cNossa fam\u00edlia aumentou para cinco\u201d, informando que mais tr\u00eas norte-coreanos haviam aceitado a Jesus.\u00a0<\/span><\/p>\n<p><span style=\"font-weight: 400;\">A Coreia do Norte ficou em 1\u00ba lugar na <\/span><span style=\"color: #993300;\"><strong>Lista Mundial da Persegui\u00e7\u00e3o da Miss\u00e3o Portas Abertas<\/strong><\/span><span style=\"font-weight: 400;\"> de 2026 dos lugares mais dif\u00edceis para ser crist\u00e3o.<\/span><\/p>\n<p><em><span style=\"font-weight: 400;\">*Nomes alterados por seguran\u00e7a.<\/span><\/em><\/p>\n<\/div>\n<p><br \/>\n<br \/>Fonte: Guiame <\/p>\n","protected":false},"excerpt":{"rendered":"<p>Enquanto fugia da Coreia do Norte escondida em uma floresta na China, uma jovem norte-coreana afirmou que se rendeu a Jesus ap\u00f3s ouvi-lo chamar seu nome em um sonho.\u00a0 O testemunho de Eun-Yeong* foi compartilhado pelo evangelista Cho*, parceiro da miss\u00e3o Portas Abertas que procura fugitivos norte-coreanos escondidos em \u00e1reas de mata na China para [&hellip;]<\/p>\n","protected":false},"author":1,"featured_media":3588,"comment_status":"","ping_status":"open","sticky":false,"template":"","format":"standard","meta":{"footnotes":""},"categories":[43],"tags":[],"class_list":["post-3587","post","type-post","status-publish","format-standard","has-post-thumbnail","hentry","category-destaques"],"yoast_head":"<!-- This site is optimized with the Yoast SEO plugin v26.8 - https:\/\/yoast.com\/product\/yoast-seo-wordpress\/ -->\n<title>Norte-coreana se rende a Jesus ap\u00f3s v\u00ea-lo em sonho: \u201cEle me chamou pelo nome\u201d - R\u00e1dio Porto Seguro<\/title>\n<meta name=\"robots\" content=\"index, follow, max-snippet:-1, max-image-preview:large, max-video-preview:-1\" \/>\n<link rel=\"canonical\" href=\"https:\/\/radioportoseguro.com.br\/site\/2026\/01\/30\/norte-coreana-se-rende-a-jesus-apos-ve-lo-em-sonho-ele-me-chamou-pelo-nome\/\" \/>\n<meta property=\"og:locale\" content=\"pt_BR\" \/>\n<meta property=\"og:type\" content=\"article\" \/>\n<meta property=\"og:title\" content=\"Norte-coreana se rende a Jesus ap\u00f3s v\u00ea-lo em sonho: \u201cEle me chamou pelo nome\u201d - R\u00e1dio Porto Seguro\" \/>\n<meta property=\"og:description\" content=\"Enquanto fugia da Coreia do Norte escondida em uma floresta na China, uma jovem norte-coreana afirmou que se rendeu a Jesus ap\u00f3s ouvi-lo chamar seu nome em um sonho.\u00a0 O testemunho de Eun-Yeong* foi compartilhado pelo evangelista Cho*, parceiro da miss\u00e3o Portas Abertas que procura fugitivos norte-coreanos escondidos em \u00e1reas de mata na China para [&hellip;]\" \/>\n<meta property=\"og:url\" content=\"https:\/\/radioportoseguro.com.br\/site\/2026\/01\/30\/norte-coreana-se-rende-a-jesus-apos-ve-lo-em-sonho-ele-me-chamou-pelo-nome\/\" \/>\n<meta property=\"og:site_name\" content=\"R\u00e1dio Porto Seguro\" \/>\n<meta property=\"article:published_time\" content=\"2026-01-30T12:16:15+00:00\" \/>\n<meta property=\"og:image\" content=\"https:\/\/media.guiame.com.br\/archives\/2026\/01\/27\/3333384912-imagem-ilustrativa.jpeg\" \/>\n<meta name=\"author\" content=\"admin\" \/>\n<meta name=\"twitter:card\" content=\"summary_large_image\" \/>\n<meta name=\"twitter:label1\" content=\"Escrito por\" \/>\n\t<meta name=\"twitter:data1\" content=\"admin\" \/>\n\t<meta name=\"twitter:label2\" content=\"Est. tempo de leitura\" \/>\n\t<meta name=\"twitter:data2\" content=\"3 minutos\" \/>\n<script type=\"application\/ld+json\" class=\"yoast-schema-graph\">{\"@context\":\"https:\/\/schema.org\",\"@graph\":[{\"@type\":\"Article\",\"@id\":\"https:\/\/radioportoseguro.com.br\/site\/2026\/01\/30\/norte-coreana-se-rende-a-jesus-apos-ve-lo-em-sonho-ele-me-chamou-pelo-nome\/#article\",\"isPartOf\":{\"@id\":\"https:\/\/radioportoseguro.com.br\/site\/2026\/01\/30\/norte-coreana-se-rende-a-jesus-apos-ve-lo-em-sonho-ele-me-chamou-pelo-nome\/\"},\"author\":{\"name\":\"admin\",\"@id\":\"https:\/\/radioportoseguro.com.br\/site\/#\/schema\/person\/7630acdc320186f13639d3c067ec089b\"},\"headline\":\"Norte-coreana se rende a Jesus ap\u00f3s v\u00ea-lo em sonho: \u201cEle me chamou pelo nome\u201d\",\"datePublished\":\"2026-01-30T12:16:15+00:00\",\"mainEntityOfPage\":{\"@id\":\"https:\/\/radioportoseguro.com.br\/site\/2026\/01\/30\/norte-coreana-se-rende-a-jesus-apos-ve-lo-em-sonho-ele-me-chamou-pelo-nome\/\"},\"wordCount\":530,\"image\":{\"@id\":\"https:\/\/radioportoseguro.com.br\/site\/2026\/01\/30\/norte-coreana-se-rende-a-jesus-apos-ve-lo-em-sonho-ele-me-chamou-pelo-nome\/#primaryimage\"},\"thumbnailUrl\":\"https:\/\/radioportoseguro.com.br\/site\/wp-content\/uploads\/2026\/01\/3333384912-imagem-ilustrativa.jpeg\",\"articleSection\":[\"Destaques\"],\"inLanguage\":\"pt-BR\"},{\"@type\":\"WebPage\",\"@id\":\"https:\/\/radioportoseguro.com.br\/site\/2026\/01\/30\/norte-coreana-se-rende-a-jesus-apos-ve-lo-em-sonho-ele-me-chamou-pelo-nome\/\",\"url\":\"https:\/\/radioportoseguro.com.br\/site\/2026\/01\/30\/norte-coreana-se-rende-a-jesus-apos-ve-lo-em-sonho-ele-me-chamou-pelo-nome\/\",\"name\":\"Norte-coreana se rende a Jesus ap\u00f3s v\u00ea-lo em sonho: \u201cEle me chamou pelo nome\u201d - R\u00e1dio Porto Seguro\",\"isPartOf\":{\"@id\":\"https:\/\/radioportoseguro.com.br\/site\/#website\"},\"primaryImageOfPage\":{\"@id\":\"https:\/\/radioportoseguro.com.br\/site\/2026\/01\/30\/norte-coreana-se-rende-a-jesus-apos-ve-lo-em-sonho-ele-me-chamou-pelo-nome\/#primaryimage\"},\"image\":{\"@id\":\"https:\/\/radioportoseguro.com.br\/site\/2026\/01\/30\/norte-coreana-se-rende-a-jesus-apos-ve-lo-em-sonho-ele-me-chamou-pelo-nome\/#primaryimage\"},\"thumbnailUrl\":\"https:\/\/radioportoseguro.com.br\/site\/wp-content\/uploads\/2026\/01\/3333384912-imagem-ilustrativa.jpeg\",\"datePublished\":\"2026-01-30T12:16:15+00:00\",\"author\":{\"@id\":\"https:\/\/radioportoseguro.com.br\/site\/#\/schema\/person\/7630acdc320186f13639d3c067ec089b\"},\"breadcrumb\":{\"@id\":\"https:\/\/radioportoseguro.com.br\/site\/2026\/01\/30\/norte-coreana-se-rende-a-jesus-apos-ve-lo-em-sonho-ele-me-chamou-pelo-nome\/#breadcrumb\"},\"inLanguage\":\"pt-BR\",\"potentialAction\":[{\"@type\":\"ReadAction\",\"target\":[\"https:\/\/radioportoseguro.com.br\/site\/2026\/01\/30\/norte-coreana-se-rende-a-jesus-apos-ve-lo-em-sonho-ele-me-chamou-pelo-nome\/\"]}]},{\"@type\":\"ImageObject\",\"inLanguage\":\"pt-BR\",\"@id\":\"https:\/\/radioportoseguro.com.br\/site\/2026\/01\/30\/norte-coreana-se-rende-a-jesus-apos-ve-lo-em-sonho-ele-me-chamou-pelo-nome\/#primaryimage\",\"url\":\"https:\/\/radioportoseguro.com.br\/site\/wp-content\/uploads\/2026\/01\/3333384912-imagem-ilustrativa.jpeg\",\"contentUrl\":\"https:\/\/radioportoseguro.com.br\/site\/wp-content\/uploads\/2026\/01\/3333384912-imagem-ilustrativa.jpeg\",\"width\":1200,\"height\":600},{\"@type\":\"BreadcrumbList\",\"@id\":\"https:\/\/radioportoseguro.com.br\/site\/2026\/01\/30\/norte-coreana-se-rende-a-jesus-apos-ve-lo-em-sonho-ele-me-chamou-pelo-nome\/#breadcrumb\",\"itemListElement\":[{\"@type\":\"ListItem\",\"position\":1,\"name\":\"In\u00edcio\",\"item\":\"https:\/\/radioportoseguro.com.br\/site\/\"},{\"@type\":\"ListItem\",\"position\":2,\"name\":\"Norte-coreana se rende a Jesus ap\u00f3s v\u00ea-lo em sonho: \u201cEle me chamou pelo nome\u201d\"}]},{\"@type\":\"WebSite\",\"@id\":\"https:\/\/radioportoseguro.com.br\/site\/#website\",\"url\":\"https:\/\/radioportoseguro.com.br\/site\/\",\"name\":\"R\u00e1dio Porto Seguro\",\"description\":\"\",\"potentialAction\":[{\"@type\":\"SearchAction\",\"target\":{\"@type\":\"EntryPoint\",\"urlTemplate\":\"https:\/\/radioportoseguro.com.br\/site\/?s={search_term_string}\"},\"query-input\":{\"@type\":\"PropertyValueSpecification\",\"valueRequired\":true,\"valueName\":\"search_term_string\"}}],\"inLanguage\":\"pt-BR\"},{\"@type\":\"Person\",\"@id\":\"https:\/\/radioportoseguro.com.br\/site\/#\/schema\/person\/7630acdc320186f13639d3c067ec089b\",\"name\":\"admin\",\"image\":{\"@type\":\"ImageObject\",\"inLanguage\":\"pt-BR\",\"@id\":\"https:\/\/radioportoseguro.com.br\/site\/#\/schema\/person\/image\/\",\"url\":\"https:\/\/secure.gravatar.com\/avatar\/caacf4dc1eedb68fab0df8e1ed46c448e578b2466351bbcb61e47d2ac0caaef0?s=96&d=mm&r=g\",\"contentUrl\":\"https:\/\/secure.gravatar.com\/avatar\/caacf4dc1eedb68fab0df8e1ed46c448e578b2466351bbcb61e47d2ac0caaef0?s=96&d=mm&r=g\",\"caption\":\"admin\"},\"sameAs\":[\"https:\/\/radioportoseguro.com.br\/site\"],\"url\":\"https:\/\/radioportoseguro.com.br\/site\/author\/hezio\/\"}]}<\/script>\n<!-- \/ Yoast SEO plugin. -->","yoast_head_json":{"title":"Norte-coreana se rende a Jesus ap\u00f3s v\u00ea-lo em sonho: \u201cEle me chamou pelo nome\u201d - R\u00e1dio Porto Seguro","robots":{"index":"index","follow":"follow","max-snippet":"max-snippet:-1","max-image-preview":"max-image-preview:large","max-video-preview":"max-video-preview:-1"},"canonical":"https:\/\/radioportoseguro.com.br\/site\/2026\/01\/30\/norte-coreana-se-rende-a-jesus-apos-ve-lo-em-sonho-ele-me-chamou-pelo-nome\/","og_locale":"pt_BR","og_type":"article","og_title":"Norte-coreana se rende a Jesus ap\u00f3s v\u00ea-lo em sonho: \u201cEle me chamou pelo nome\u201d - R\u00e1dio Porto Seguro","og_description":"Enquanto fugia da Coreia do Norte escondida em uma floresta na China, uma jovem norte-coreana afirmou que se rendeu a Jesus ap\u00f3s ouvi-lo chamar seu nome em um sonho.\u00a0 O testemunho de Eun-Yeong* foi compartilhado pelo evangelista Cho*, parceiro da miss\u00e3o Portas Abertas que procura fugitivos norte-coreanos escondidos em \u00e1reas de mata na China para [&hellip;]","og_url":"https:\/\/radioportoseguro.com.br\/site\/2026\/01\/30\/norte-coreana-se-rende-a-jesus-apos-ve-lo-em-sonho-ele-me-chamou-pelo-nome\/","og_site_name":"R\u00e1dio Porto Seguro","article_published_time":"2026-01-30T12:16:15+00:00","og_image":[{"url":"https:\/\/media.guiame.com.br\/archives\/2026\/01\/27\/3333384912-imagem-ilustrativa.jpeg","type":"","width":"","height":""}],"author":"admin","twitter_card":"summary_large_image","twitter_misc":{"Escrito por":"admin","Est. tempo de leitura":"3 minutos"},"schema":{"@context":"https:\/\/schema.org","@graph":[{"@type":"Article","@id":"https:\/\/radioportoseguro.com.br\/site\/2026\/01\/30\/norte-coreana-se-rende-a-jesus-apos-ve-lo-em-sonho-ele-me-chamou-pelo-nome\/#article","isPartOf":{"@id":"https:\/\/radioportoseguro.com.br\/site\/2026\/01\/30\/norte-coreana-se-rende-a-jesus-apos-ve-lo-em-sonho-ele-me-chamou-pelo-nome\/"},"author":{"name":"admin","@id":"https:\/\/radioportoseguro.com.br\/site\/#\/schema\/person\/7630acdc320186f13639d3c067ec089b"},"headline":"Norte-coreana se rende a Jesus ap\u00f3s v\u00ea-lo em sonho: \u201cEle me chamou pelo nome\u201d","datePublished":"2026-01-30T12:16:15+00:00","mainEntityOfPage":{"@id":"https:\/\/radioportoseguro.com.br\/site\/2026\/01\/30\/norte-coreana-se-rende-a-jesus-apos-ve-lo-em-sonho-ele-me-chamou-pelo-nome\/"},"wordCount":530,"image":{"@id":"https:\/\/radioportoseguro.com.br\/site\/2026\/01\/30\/norte-coreana-se-rende-a-jesus-apos-ve-lo-em-sonho-ele-me-chamou-pelo-nome\/#primaryimage"},"thumbnailUrl":"https:\/\/radioportoseguro.com.br\/site\/wp-content\/uploads\/2026\/01\/3333384912-imagem-ilustrativa.jpeg","articleSection":["Destaques"],"inLanguage":"pt-BR"},{"@type":"WebPage","@id":"https:\/\/radioportoseguro.com.br\/site\/2026\/01\/30\/norte-coreana-se-rende-a-jesus-apos-ve-lo-em-sonho-ele-me-chamou-pelo-nome\/","url":"https:\/\/radioportoseguro.com.br\/site\/2026\/01\/30\/norte-coreana-se-rende-a-jesus-apos-ve-lo-em-sonho-ele-me-chamou-pelo-nome\/","name":"Norte-coreana se rende a Jesus ap\u00f3s v\u00ea-lo em sonho: \u201cEle me chamou pelo nome\u201d - R\u00e1dio Porto Seguro","isPartOf":{"@id":"https:\/\/radioportoseguro.com.br\/site\/#website"},"primaryImageOfPage":{"@id":"https:\/\/radioportoseguro.com.br\/site\/2026\/01\/30\/norte-coreana-se-rende-a-jesus-apos-ve-lo-em-sonho-ele-me-chamou-pelo-nome\/#primaryimage"},"image":{"@id":"https:\/\/radioportoseguro.com.br\/site\/2026\/01\/30\/norte-coreana-se-rende-a-jesus-apos-ve-lo-em-sonho-ele-me-chamou-pelo-nome\/#primaryimage"},"thumbnailUrl":"https:\/\/radioportoseguro.com.br\/site\/wp-content\/uploads\/2026\/01\/3333384912-imagem-ilustrativa.jpeg","datePublished":"2026-01-30T12:16:15+00:00","author":{"@id":"https:\/\/radioportoseguro.com.br\/site\/#\/schema\/person\/7630acdc320186f13639d3c067ec089b"},"breadcrumb":{"@id":"https:\/\/radioportoseguro.com.br\/site\/2026\/01\/30\/norte-coreana-se-rende-a-jesus-apos-ve-lo-em-sonho-ele-me-chamou-pelo-nome\/#breadcrumb"},"inLanguage":"pt-BR","potentialAction":[{"@type":"ReadAction","target":["https:\/\/radioportoseguro.com.br\/site\/2026\/01\/30\/norte-coreana-se-rende-a-jesus-apos-ve-lo-em-sonho-ele-me-chamou-pelo-nome\/"]}]},{"@type":"ImageObject","inLanguage":"pt-BR","@id":"https:\/\/radioportoseguro.com.br\/site\/2026\/01\/30\/norte-coreana-se-rende-a-jesus-apos-ve-lo-em-sonho-ele-me-chamou-pelo-nome\/#primaryimage","url":"https:\/\/radioportoseguro.com.br\/site\/wp-content\/uploads\/2026\/01\/3333384912-imagem-ilustrativa.jpeg","contentUrl":"https:\/\/radioportoseguro.com.br\/site\/wp-content\/uploads\/2026\/01\/3333384912-imagem-ilustrativa.jpeg","width":1200,"height":600},{"@type":"BreadcrumbList","@id":"https:\/\/radioportoseguro.com.br\/site\/2026\/01\/30\/norte-coreana-se-rende-a-jesus-apos-ve-lo-em-sonho-ele-me-chamou-pelo-nome\/#breadcrumb","itemListElement":[{"@type":"ListItem","position":1,"name":"In\u00edcio","item":"https:\/\/radioportoseguro.com.br\/site\/"},{"@type":"ListItem","position":2,"name":"Norte-coreana se rende a Jesus ap\u00f3s v\u00ea-lo em sonho: \u201cEle me chamou pelo nome\u201d"}]},{"@type":"WebSite","@id":"https:\/\/radioportoseguro.com.br\/site\/#website","url":"https:\/\/radioportoseguro.com.br\/site\/","name":"R\u00e1dio Porto Seguro","description":"","potentialAction":[{"@type":"SearchAction","target":{"@type":"EntryPoint","urlTemplate":"https:\/\/radioportoseguro.com.br\/site\/?s={search_term_string}"},"query-input":{"@type":"PropertyValueSpecification","valueRequired":true,"valueName":"search_term_string"}}],"inLanguage":"pt-BR"},{"@type":"Person","@id":"https:\/\/radioportoseguro.com.br\/site\/#\/schema\/person\/7630acdc320186f13639d3c067ec089b","name":"admin","image":{"@type":"ImageObject","inLanguage":"pt-BR","@id":"https:\/\/radioportoseguro.com.br\/site\/#\/schema\/person\/image\/","url":"https:\/\/secure.gravatar.com\/avatar\/caacf4dc1eedb68fab0df8e1ed46c448e578b2466351bbcb61e47d2ac0caaef0?s=96&d=mm&r=g","contentUrl":"https:\/\/secure.gravatar.com\/avatar\/caacf4dc1eedb68fab0df8e1ed46c448e578b2466351bbcb61e47d2ac0caaef0?s=96&d=mm&r=g","caption":"admin"},"sameAs":["https:\/\/radioportoseguro.com.br\/site"],"url":"https:\/\/radioportoseguro.com.br\/site\/author\/hezio\/"}]}},"_links":{"self":[{"href":"https:\/\/radioportoseguro.com.br\/site\/wp-json\/wp\/v2\/posts\/3587","targetHints":{"allow":["GET"]}}],"collection":[{"href":"https:\/\/radioportoseguro.com.br\/site\/wp-json\/wp\/v2\/posts"}],"about":[{"href":"https:\/\/radioportoseguro.com.br\/site\/wp-json\/wp\/v2\/types\/post"}],"author":[{"embeddable":true,"href":"https:\/\/radioportoseguro.com.br\/site\/wp-json\/wp\/v2\/users\/1"}],"replies":[{"embeddable":true,"href":"https:\/\/radioportoseguro.com.br\/site\/wp-json\/wp\/v2\/comments?post=3587"}],"version-history":[{"count":0,"href":"https:\/\/radioportoseguro.com.br\/site\/wp-json\/wp\/v2\/posts\/3587\/revisions"}],"wp:featuredmedia":[{"embeddable":true,"href":"https:\/\/radioportoseguro.com.br\/site\/wp-json\/wp\/v2\/media\/3588"}],"wp:attachment":[{"href":"https:\/\/radioportoseguro.com.br\/site\/wp-json\/wp\/v2\/media?parent=3587"}],"wp:term":[{"taxonomy":"category","embeddable":true,"href":"https:\/\/radioportoseguro.com.br\/site\/wp-json\/wp\/v2\/categories?post=3587"},{"taxonomy":"post_tag","embeddable":true,"href":"https:\/\/radioportoseguro.com.br\/site\/wp-json\/wp\/v2\/tags?post=3587"}],"curies":[{"name":"wp","href":"https:\/\/api.w.org\/{rel}","templated":true}]}}