{"id":3599,"date":"2026-01-30T15:59:33","date_gmt":"2026-01-30T18:59:33","guid":{"rendered":"https:\/\/radioportoseguro.com.br\/site\/2026\/01\/30\/cristao-tem-braco-e-costela-quebrados-por-distribuir-biblias-no-afeganistao\/"},"modified":"2026-01-30T15:59:33","modified_gmt":"2026-01-30T18:59:33","slug":"cristao-tem-braco-e-costela-quebrados-por-distribuir-biblias-no-afeganistao","status":"publish","type":"post","link":"https:\/\/radioportoseguro.com.br\/site\/2026\/01\/30\/cristao-tem-braco-e-costela-quebrados-por-distribuir-biblias-no-afeganistao\/","title":{"rendered":"Crist\u00e3o tem bra\u00e7o e costela quebrados por distribuir B\u00edblias no Afeganist\u00e3o"},"content":{"rendered":"<p><br \/>\n<br \/><\/p>\n<div>\n<p><span style=\"font-weight: 400;\">Um crist\u00e3o de origem mu\u00e7ulmana teve o bra\u00e7o e uma costela quebrados ap\u00f3s ser perseguido por sua f\u00e9 e por distribuir B\u00edblias no <\/span><span style=\"color: #993300;\"><strong>Afeganist\u00e3o<\/strong><\/span><span style=\"font-weight: 400;\">.<\/span><\/p>\n<p><span style=\"font-weight: 400;\">Mesmo diante das amea\u00e7as, os afeg\u00e3os que se rendem a Cristo n\u00e3o t\u00eam negado a f\u00e9. Pelo contr\u00e1rio, continuam cumprindo a Grande Comiss\u00e3o, ainda que isso custe sua seguran\u00e7a e a pr\u00f3pria sa\u00fade.<\/span><\/p>\n<p><span style=\"font-weight: 400;\">\u201cO Evangelho n\u00e3o tem fronteiras e n\u00e3o tem limites, podendo alcan\u00e7ar qualquer pa\u00eds. E os testemunhos vindos do Afeganist\u00e3o mostram que Deus est\u00e1 agindo. Contudo, a obra do Evangelho muitas vezes tem um pre\u00e7o\u201d, contou Neemias, um l\u00edder da organiza\u00e7\u00e3o crist\u00e3 FMI.<\/span><\/p>\n<p><span style=\"font-weight: 400;\">Segundo o l\u00edder, Lala Zeeshan, um crente de origem mu\u00e7ulmana que foi batizado h\u00e1 dois anos, \u00e9 um testemunho vivo da <\/span><span style=\"color: #993300;\"><strong>perseveran\u00e7a dos crist\u00e3os<\/strong><\/span><span style=\"font-weight: 400;\"> em meio a persegui\u00e7\u00e3o no pa\u00eds.<\/span><\/p>\n<p><span style=\"font-weight: 400;\">Desde que aceitou Jesus, ele tem servido ao lado da equipe da FMI, ajudando a distribuir B\u00edblias em \u00e1udio por todo o Afeganist\u00e3o permitindo que pessoas tenham acesso \u00e0s Escrituras em um formato adaptado \u00e0 realidade de restri\u00e7\u00f5es e press\u00e3o constante.<\/span><\/p>\n<p><strong>Agredido por sua f\u00e9<\/strong><\/p>\n<p><span style=\"font-weight: 400;\">A decis\u00e3o de seguir a Cristo trouxe consequ\u00eancias. Ap\u00f3s a convers\u00e3o de Lala, membros de sua antiga comunidade isl\u00e2mica o atacaram violentamente.<\/span><\/p>\n<p><span style=\"font-weight: 400;\">\u201cSeu bra\u00e7o e uma de suas costelas foram <\/span><span style=\"color: #993300;\"><strong>quebrados<\/strong><\/span><span style=\"font-weight: 400;\"> devido \u00e0 persegui\u00e7\u00e3o por membros de uma antiga comunidade religiosa, o Isl\u00e3, e havia um extremista mu\u00e7ulmano que queria mat\u00e1-lo. Mesmo assim, ele escolheu declarar publicamente sua f\u00e9 em Jesus\u201d, contou Neemias.<\/span><\/p>\n<p><span style=\"font-weight: 400;\">Ainda sob amea\u00e7as, Lala continuou servindo \u2014 at\u00e9 ser alvo de um novo ataque: \u201cDurante a atual campanha de distribui\u00e7\u00e3o da B\u00edblia em \u00e1udio no Afeganist\u00e3o, Lala foi brutalmente atacado por extremistas por causa de seu envolvimento na distribui\u00e7\u00e3o da Palavra de Deus\u201d.<\/span><\/p>\n<p><span style=\"font-weight: 400;\">Conforme a FMI, a agress\u00e3o o deixou gravemente ferido com cortes de faca na parte inferior do abd\u00f4men e outras les\u00f5es.\u00a0<\/span><\/p>\n<p><span style=\"font-weight: 400;\">Com recursos m\u00e9dicos limitados dispon\u00edveis no local, ele recebeu os primeiros socorros e precisou ser levado para fora do pa\u00eds, onde p\u00f4de receber tratamento adequado.<\/span><\/p>\n<p><span style=\"font-weight: 400;\">\u201cPela gra\u00e7a de Deus, ele sobreviveu ao ataque e chegou a um local onde p\u00f4de receber ajuda completa\u201d, relatou Neemias.<\/span><\/p>\n<p><span style=\"font-weight: 400;\">E continuou: \u201cEste ataque \u00e9 um lembrete impactante do pre\u00e7o muito real que muitos crentes pagam por seguir Jesus Cristo e divulgar a sua Palavra\u201d.<\/span><\/p>\n<p><span style=\"font-weight: 400;\">Diante da situa\u00e7\u00e3o, a miss\u00e3o pede ora\u00e7\u00e3o da Igreja ao redor do mundo \u2014 tanto pela recupera\u00e7\u00e3o f\u00edsica de Lala, mas tamb\u00e9m pela prote\u00e7\u00e3o e perseveran\u00e7a dos crist\u00e3os que servem sob amea\u00e7a constante.\u00a0<\/span><\/p>\n<p><span style=\"font-weight: 400;\">\u201c\u00c9 um pedido urgente de ora\u00e7\u00e3o: por favor, orem pela completa cura de Lala e por sua prote\u00e7\u00e3o contra infec\u00e7\u00f5es ou complica\u00e7\u00f5es\u201d.<\/span><\/p>\n<p><span style=\"font-weight: 400;\">\u201cOrem pela perseveran\u00e7a dos crist\u00e3os afeg\u00e3os enquanto compartilham o amor de Deus com suas comunidades, e por cora\u00e7\u00f5es abertos \u00e0 medida que as Escrituras alcan\u00e7am novas \u00e1reas por meio da distribui\u00e7\u00e3o da B\u00edblia em \u00e1udio\u201d, concluiu.<\/span><\/p>\n<\/div>\n<p><br \/>\n<br \/>Fonte: Guiame <\/p>\n","protected":false},"excerpt":{"rendered":"<p>Um crist\u00e3o de origem mu\u00e7ulmana teve o bra\u00e7o e uma costela quebrados ap\u00f3s ser perseguido por sua f\u00e9 e por distribuir B\u00edblias no Afeganist\u00e3o. Mesmo diante das amea\u00e7as, os afeg\u00e3os que se rendem a Cristo n\u00e3o t\u00eam negado a f\u00e9. Pelo contr\u00e1rio, continuam cumprindo a Grande Comiss\u00e3o, ainda que isso custe sua seguran\u00e7a e a [&hellip;]<\/p>\n","protected":false},"author":1,"featured_media":3600,"comment_status":"","ping_status":"open","sticky":false,"template":"","format":"standard","meta":{"footnotes":""},"categories":[43],"tags":[],"class_list":["post-3599","post","type-post","status-publish","format-standard","has-post-thumbnail","hentry","category-destaques"],"yoast_head":"<!-- This site is optimized with the Yoast SEO plugin v26.8 - https:\/\/yoast.com\/product\/yoast-seo-wordpress\/ -->\n<title>Crist\u00e3o tem bra\u00e7o e costela quebrados por distribuir B\u00edblias no Afeganist\u00e3o - R\u00e1dio Porto Seguro<\/title>\n<meta name=\"robots\" content=\"index, follow, max-snippet:-1, max-image-preview:large, max-video-preview:-1\" \/>\n<link rel=\"canonical\" href=\"https:\/\/radioportoseguro.com.br\/site\/2026\/01\/30\/cristao-tem-braco-e-costela-quebrados-por-distribuir-biblias-no-afeganistao\/\" \/>\n<meta property=\"og:locale\" content=\"pt_BR\" \/>\n<meta property=\"og:type\" content=\"article\" \/>\n<meta property=\"og:title\" content=\"Crist\u00e3o tem bra\u00e7o e costela quebrados por distribuir B\u00edblias no Afeganist\u00e3o - R\u00e1dio Porto Seguro\" \/>\n<meta property=\"og:description\" content=\"Um crist\u00e3o de origem mu\u00e7ulmana teve o bra\u00e7o e uma costela quebrados ap\u00f3s ser perseguido por sua f\u00e9 e por distribuir B\u00edblias no Afeganist\u00e3o. Mesmo diante das amea\u00e7as, os afeg\u00e3os que se rendem a Cristo n\u00e3o t\u00eam negado a f\u00e9. Pelo contr\u00e1rio, continuam cumprindo a Grande Comiss\u00e3o, ainda que isso custe sua seguran\u00e7a e a [&hellip;]\" \/>\n<meta property=\"og:url\" content=\"https:\/\/radioportoseguro.com.br\/site\/2026\/01\/30\/cristao-tem-braco-e-costela-quebrados-por-distribuir-biblias-no-afeganistao\/\" \/>\n<meta property=\"og:site_name\" content=\"R\u00e1dio Porto Seguro\" \/>\n<meta property=\"article:published_time\" content=\"2026-01-30T18:59:33+00:00\" \/>\n<meta property=\"og:image\" content=\"https:\/\/media.guiame.com.br\/archives\/2026\/01\/27\/3212125109-imagem-ilustrativa.jpeg\" \/>\n<meta name=\"author\" content=\"admin\" \/>\n<meta name=\"twitter:card\" content=\"summary_large_image\" \/>\n<meta name=\"twitter:label1\" content=\"Escrito por\" \/>\n\t<meta name=\"twitter:data1\" content=\"admin\" \/>\n\t<meta name=\"twitter:label2\" content=\"Est. tempo de leitura\" \/>\n\t<meta name=\"twitter:data2\" content=\"3 minutos\" \/>\n<script type=\"application\/ld+json\" class=\"yoast-schema-graph\">{\"@context\":\"https:\/\/schema.org\",\"@graph\":[{\"@type\":\"Article\",\"@id\":\"https:\/\/radioportoseguro.com.br\/site\/2026\/01\/30\/cristao-tem-braco-e-costela-quebrados-por-distribuir-biblias-no-afeganistao\/#article\",\"isPartOf\":{\"@id\":\"https:\/\/radioportoseguro.com.br\/site\/2026\/01\/30\/cristao-tem-braco-e-costela-quebrados-por-distribuir-biblias-no-afeganistao\/\"},\"author\":{\"name\":\"admin\",\"@id\":\"https:\/\/radioportoseguro.com.br\/site\/#\/schema\/person\/7630acdc320186f13639d3c067ec089b\"},\"headline\":\"Crist\u00e3o tem bra\u00e7o e costela quebrados por distribuir B\u00edblias no Afeganist\u00e3o\",\"datePublished\":\"2026-01-30T18:59:33+00:00\",\"mainEntityOfPage\":{\"@id\":\"https:\/\/radioportoseguro.com.br\/site\/2026\/01\/30\/cristao-tem-braco-e-costela-quebrados-por-distribuir-biblias-no-afeganistao\/\"},\"wordCount\":551,\"image\":{\"@id\":\"https:\/\/radioportoseguro.com.br\/site\/2026\/01\/30\/cristao-tem-braco-e-costela-quebrados-por-distribuir-biblias-no-afeganistao\/#primaryimage\"},\"thumbnailUrl\":\"https:\/\/radioportoseguro.com.br\/site\/wp-content\/uploads\/2026\/01\/3212125109-imagem-ilustrativa.jpeg\",\"articleSection\":[\"Destaques\"],\"inLanguage\":\"pt-BR\"},{\"@type\":\"WebPage\",\"@id\":\"https:\/\/radioportoseguro.com.br\/site\/2026\/01\/30\/cristao-tem-braco-e-costela-quebrados-por-distribuir-biblias-no-afeganistao\/\",\"url\":\"https:\/\/radioportoseguro.com.br\/site\/2026\/01\/30\/cristao-tem-braco-e-costela-quebrados-por-distribuir-biblias-no-afeganistao\/\",\"name\":\"Crist\u00e3o tem bra\u00e7o e costela quebrados por distribuir B\u00edblias no Afeganist\u00e3o - R\u00e1dio Porto Seguro\",\"isPartOf\":{\"@id\":\"https:\/\/radioportoseguro.com.br\/site\/#website\"},\"primaryImageOfPage\":{\"@id\":\"https:\/\/radioportoseguro.com.br\/site\/2026\/01\/30\/cristao-tem-braco-e-costela-quebrados-por-distribuir-biblias-no-afeganistao\/#primaryimage\"},\"image\":{\"@id\":\"https:\/\/radioportoseguro.com.br\/site\/2026\/01\/30\/cristao-tem-braco-e-costela-quebrados-por-distribuir-biblias-no-afeganistao\/#primaryimage\"},\"thumbnailUrl\":\"https:\/\/radioportoseguro.com.br\/site\/wp-content\/uploads\/2026\/01\/3212125109-imagem-ilustrativa.jpeg\",\"datePublished\":\"2026-01-30T18:59:33+00:00\",\"author\":{\"@id\":\"https:\/\/radioportoseguro.com.br\/site\/#\/schema\/person\/7630acdc320186f13639d3c067ec089b\"},\"breadcrumb\":{\"@id\":\"https:\/\/radioportoseguro.com.br\/site\/2026\/01\/30\/cristao-tem-braco-e-costela-quebrados-por-distribuir-biblias-no-afeganistao\/#breadcrumb\"},\"inLanguage\":\"pt-BR\",\"potentialAction\":[{\"@type\":\"ReadAction\",\"target\":[\"https:\/\/radioportoseguro.com.br\/site\/2026\/01\/30\/cristao-tem-braco-e-costela-quebrados-por-distribuir-biblias-no-afeganistao\/\"]}]},{\"@type\":\"ImageObject\",\"inLanguage\":\"pt-BR\",\"@id\":\"https:\/\/radioportoseguro.com.br\/site\/2026\/01\/30\/cristao-tem-braco-e-costela-quebrados-por-distribuir-biblias-no-afeganistao\/#primaryimage\",\"url\":\"https:\/\/radioportoseguro.com.br\/site\/wp-content\/uploads\/2026\/01\/3212125109-imagem-ilustrativa.jpeg\",\"contentUrl\":\"https:\/\/radioportoseguro.com.br\/site\/wp-content\/uploads\/2026\/01\/3212125109-imagem-ilustrativa.jpeg\",\"width\":1200,\"height\":600},{\"@type\":\"BreadcrumbList\",\"@id\":\"https:\/\/radioportoseguro.com.br\/site\/2026\/01\/30\/cristao-tem-braco-e-costela-quebrados-por-distribuir-biblias-no-afeganistao\/#breadcrumb\",\"itemListElement\":[{\"@type\":\"ListItem\",\"position\":1,\"name\":\"In\u00edcio\",\"item\":\"https:\/\/radioportoseguro.com.br\/site\/\"},{\"@type\":\"ListItem\",\"position\":2,\"name\":\"Crist\u00e3o tem bra\u00e7o e costela quebrados por distribuir B\u00edblias no Afeganist\u00e3o\"}]},{\"@type\":\"WebSite\",\"@id\":\"https:\/\/radioportoseguro.com.br\/site\/#website\",\"url\":\"https:\/\/radioportoseguro.com.br\/site\/\",\"name\":\"R\u00e1dio Porto Seguro\",\"description\":\"\",\"potentialAction\":[{\"@type\":\"SearchAction\",\"target\":{\"@type\":\"EntryPoint\",\"urlTemplate\":\"https:\/\/radioportoseguro.com.br\/site\/?s={search_term_string}\"},\"query-input\":{\"@type\":\"PropertyValueSpecification\",\"valueRequired\":true,\"valueName\":\"search_term_string\"}}],\"inLanguage\":\"pt-BR\"},{\"@type\":\"Person\",\"@id\":\"https:\/\/radioportoseguro.com.br\/site\/#\/schema\/person\/7630acdc320186f13639d3c067ec089b\",\"name\":\"admin\",\"image\":{\"@type\":\"ImageObject\",\"inLanguage\":\"pt-BR\",\"@id\":\"https:\/\/radioportoseguro.com.br\/site\/#\/schema\/person\/image\/\",\"url\":\"https:\/\/secure.gravatar.com\/avatar\/caacf4dc1eedb68fab0df8e1ed46c448e578b2466351bbcb61e47d2ac0caaef0?s=96&d=mm&r=g\",\"contentUrl\":\"https:\/\/secure.gravatar.com\/avatar\/caacf4dc1eedb68fab0df8e1ed46c448e578b2466351bbcb61e47d2ac0caaef0?s=96&d=mm&r=g\",\"caption\":\"admin\"},\"sameAs\":[\"https:\/\/radioportoseguro.com.br\/site\"],\"url\":\"https:\/\/radioportoseguro.com.br\/site\/author\/hezio\/\"}]}<\/script>\n<!-- \/ Yoast SEO plugin. -->","yoast_head_json":{"title":"Crist\u00e3o tem bra\u00e7o e costela quebrados por distribuir B\u00edblias no Afeganist\u00e3o - R\u00e1dio Porto Seguro","robots":{"index":"index","follow":"follow","max-snippet":"max-snippet:-1","max-image-preview":"max-image-preview:large","max-video-preview":"max-video-preview:-1"},"canonical":"https:\/\/radioportoseguro.com.br\/site\/2026\/01\/30\/cristao-tem-braco-e-costela-quebrados-por-distribuir-biblias-no-afeganistao\/","og_locale":"pt_BR","og_type":"article","og_title":"Crist\u00e3o tem bra\u00e7o e costela quebrados por distribuir B\u00edblias no Afeganist\u00e3o - R\u00e1dio Porto Seguro","og_description":"Um crist\u00e3o de origem mu\u00e7ulmana teve o bra\u00e7o e uma costela quebrados ap\u00f3s ser perseguido por sua f\u00e9 e por distribuir B\u00edblias no Afeganist\u00e3o. Mesmo diante das amea\u00e7as, os afeg\u00e3os que se rendem a Cristo n\u00e3o t\u00eam negado a f\u00e9. Pelo contr\u00e1rio, continuam cumprindo a Grande Comiss\u00e3o, ainda que isso custe sua seguran\u00e7a e a [&hellip;]","og_url":"https:\/\/radioportoseguro.com.br\/site\/2026\/01\/30\/cristao-tem-braco-e-costela-quebrados-por-distribuir-biblias-no-afeganistao\/","og_site_name":"R\u00e1dio Porto Seguro","article_published_time":"2026-01-30T18:59:33+00:00","og_image":[{"url":"https:\/\/media.guiame.com.br\/archives\/2026\/01\/27\/3212125109-imagem-ilustrativa.jpeg","type":"","width":"","height":""}],"author":"admin","twitter_card":"summary_large_image","twitter_misc":{"Escrito por":"admin","Est. tempo de leitura":"3 minutos"},"schema":{"@context":"https:\/\/schema.org","@graph":[{"@type":"Article","@id":"https:\/\/radioportoseguro.com.br\/site\/2026\/01\/30\/cristao-tem-braco-e-costela-quebrados-por-distribuir-biblias-no-afeganistao\/#article","isPartOf":{"@id":"https:\/\/radioportoseguro.com.br\/site\/2026\/01\/30\/cristao-tem-braco-e-costela-quebrados-por-distribuir-biblias-no-afeganistao\/"},"author":{"name":"admin","@id":"https:\/\/radioportoseguro.com.br\/site\/#\/schema\/person\/7630acdc320186f13639d3c067ec089b"},"headline":"Crist\u00e3o tem bra\u00e7o e costela quebrados por distribuir B\u00edblias no Afeganist\u00e3o","datePublished":"2026-01-30T18:59:33+00:00","mainEntityOfPage":{"@id":"https:\/\/radioportoseguro.com.br\/site\/2026\/01\/30\/cristao-tem-braco-e-costela-quebrados-por-distribuir-biblias-no-afeganistao\/"},"wordCount":551,"image":{"@id":"https:\/\/radioportoseguro.com.br\/site\/2026\/01\/30\/cristao-tem-braco-e-costela-quebrados-por-distribuir-biblias-no-afeganistao\/#primaryimage"},"thumbnailUrl":"https:\/\/radioportoseguro.com.br\/site\/wp-content\/uploads\/2026\/01\/3212125109-imagem-ilustrativa.jpeg","articleSection":["Destaques"],"inLanguage":"pt-BR"},{"@type":"WebPage","@id":"https:\/\/radioportoseguro.com.br\/site\/2026\/01\/30\/cristao-tem-braco-e-costela-quebrados-por-distribuir-biblias-no-afeganistao\/","url":"https:\/\/radioportoseguro.com.br\/site\/2026\/01\/30\/cristao-tem-braco-e-costela-quebrados-por-distribuir-biblias-no-afeganistao\/","name":"Crist\u00e3o tem bra\u00e7o e costela quebrados por distribuir B\u00edblias no Afeganist\u00e3o - R\u00e1dio Porto Seguro","isPartOf":{"@id":"https:\/\/radioportoseguro.com.br\/site\/#website"},"primaryImageOfPage":{"@id":"https:\/\/radioportoseguro.com.br\/site\/2026\/01\/30\/cristao-tem-braco-e-costela-quebrados-por-distribuir-biblias-no-afeganistao\/#primaryimage"},"image":{"@id":"https:\/\/radioportoseguro.com.br\/site\/2026\/01\/30\/cristao-tem-braco-e-costela-quebrados-por-distribuir-biblias-no-afeganistao\/#primaryimage"},"thumbnailUrl":"https:\/\/radioportoseguro.com.br\/site\/wp-content\/uploads\/2026\/01\/3212125109-imagem-ilustrativa.jpeg","datePublished":"2026-01-30T18:59:33+00:00","author":{"@id":"https:\/\/radioportoseguro.com.br\/site\/#\/schema\/person\/7630acdc320186f13639d3c067ec089b"},"breadcrumb":{"@id":"https:\/\/radioportoseguro.com.br\/site\/2026\/01\/30\/cristao-tem-braco-e-costela-quebrados-por-distribuir-biblias-no-afeganistao\/#breadcrumb"},"inLanguage":"pt-BR","potentialAction":[{"@type":"ReadAction","target":["https:\/\/radioportoseguro.com.br\/site\/2026\/01\/30\/cristao-tem-braco-e-costela-quebrados-por-distribuir-biblias-no-afeganistao\/"]}]},{"@type":"ImageObject","inLanguage":"pt-BR","@id":"https:\/\/radioportoseguro.com.br\/site\/2026\/01\/30\/cristao-tem-braco-e-costela-quebrados-por-distribuir-biblias-no-afeganistao\/#primaryimage","url":"https:\/\/radioportoseguro.com.br\/site\/wp-content\/uploads\/2026\/01\/3212125109-imagem-ilustrativa.jpeg","contentUrl":"https:\/\/radioportoseguro.com.br\/site\/wp-content\/uploads\/2026\/01\/3212125109-imagem-ilustrativa.jpeg","width":1200,"height":600},{"@type":"BreadcrumbList","@id":"https:\/\/radioportoseguro.com.br\/site\/2026\/01\/30\/cristao-tem-braco-e-costela-quebrados-por-distribuir-biblias-no-afeganistao\/#breadcrumb","itemListElement":[{"@type":"ListItem","position":1,"name":"In\u00edcio","item":"https:\/\/radioportoseguro.com.br\/site\/"},{"@type":"ListItem","position":2,"name":"Crist\u00e3o tem bra\u00e7o e costela quebrados por distribuir B\u00edblias no Afeganist\u00e3o"}]},{"@type":"WebSite","@id":"https:\/\/radioportoseguro.com.br\/site\/#website","url":"https:\/\/radioportoseguro.com.br\/site\/","name":"R\u00e1dio Porto Seguro","description":"","potentialAction":[{"@type":"SearchAction","target":{"@type":"EntryPoint","urlTemplate":"https:\/\/radioportoseguro.com.br\/site\/?s={search_term_string}"},"query-input":{"@type":"PropertyValueSpecification","valueRequired":true,"valueName":"search_term_string"}}],"inLanguage":"pt-BR"},{"@type":"Person","@id":"https:\/\/radioportoseguro.com.br\/site\/#\/schema\/person\/7630acdc320186f13639d3c067ec089b","name":"admin","image":{"@type":"ImageObject","inLanguage":"pt-BR","@id":"https:\/\/radioportoseguro.com.br\/site\/#\/schema\/person\/image\/","url":"https:\/\/secure.gravatar.com\/avatar\/caacf4dc1eedb68fab0df8e1ed46c448e578b2466351bbcb61e47d2ac0caaef0?s=96&d=mm&r=g","contentUrl":"https:\/\/secure.gravatar.com\/avatar\/caacf4dc1eedb68fab0df8e1ed46c448e578b2466351bbcb61e47d2ac0caaef0?s=96&d=mm&r=g","caption":"admin"},"sameAs":["https:\/\/radioportoseguro.com.br\/site"],"url":"https:\/\/radioportoseguro.com.br\/site\/author\/hezio\/"}]}},"_links":{"self":[{"href":"https:\/\/radioportoseguro.com.br\/site\/wp-json\/wp\/v2\/posts\/3599","targetHints":{"allow":["GET"]}}],"collection":[{"href":"https:\/\/radioportoseguro.com.br\/site\/wp-json\/wp\/v2\/posts"}],"about":[{"href":"https:\/\/radioportoseguro.com.br\/site\/wp-json\/wp\/v2\/types\/post"}],"author":[{"embeddable":true,"href":"https:\/\/radioportoseguro.com.br\/site\/wp-json\/wp\/v2\/users\/1"}],"replies":[{"embeddable":true,"href":"https:\/\/radioportoseguro.com.br\/site\/wp-json\/wp\/v2\/comments?post=3599"}],"version-history":[{"count":0,"href":"https:\/\/radioportoseguro.com.br\/site\/wp-json\/wp\/v2\/posts\/3599\/revisions"}],"wp:featuredmedia":[{"embeddable":true,"href":"https:\/\/radioportoseguro.com.br\/site\/wp-json\/wp\/v2\/media\/3600"}],"wp:attachment":[{"href":"https:\/\/radioportoseguro.com.br\/site\/wp-json\/wp\/v2\/media?parent=3599"}],"wp:term":[{"taxonomy":"category","embeddable":true,"href":"https:\/\/radioportoseguro.com.br\/site\/wp-json\/wp\/v2\/categories?post=3599"},{"taxonomy":"post_tag","embeddable":true,"href":"https:\/\/radioportoseguro.com.br\/site\/wp-json\/wp\/v2\/tags?post=3599"}],"curies":[{"name":"wp","href":"https:\/\/api.w.org\/{rel}","templated":true}]}}