{"id":3611,"date":"2026-01-31T02:26:38","date_gmt":"2026-01-31T05:26:38","guid":{"rendered":"https:\/\/radioportoseguro.com.br\/site\/2026\/01\/31\/esta-geracao-esta-vivendo-um-despertar-espiritual-diz-lider-sobre-jovens-no-egito\/"},"modified":"2026-01-31T02:26:38","modified_gmt":"2026-01-31T05:26:38","slug":"esta-geracao-esta-vivendo-um-despertar-espiritual-diz-lider-sobre-jovens-no-egito","status":"publish","type":"post","link":"https:\/\/radioportoseguro.com.br\/site\/2026\/01\/31\/esta-geracao-esta-vivendo-um-despertar-espiritual-diz-lider-sobre-jovens-no-egito\/","title":{"rendered":"\u201cEsta gera\u00e7\u00e3o est\u00e1 vivendo um despertar espiritual\u201d, diz l\u00edder sobre jovens no Egito"},"content":{"rendered":"<p><br \/>\n<br \/><\/p>\n<div>\n<p><span style=\"font-weight: 400;\">No <\/span><span style=\"color: #993300;\"><strong>Egito<\/strong><\/span><span style=\"font-weight: 400;\">, muitos jovens est\u00e3o experimentando um despertar espiritual ap\u00f3s um Jesus. \u00c0 medida que crescem em seu relacionamento com Deus, eles s\u00e3o atra\u00eddos a evangelizar povos n\u00e3o alcan\u00e7ados.<\/span><\/p>\n<p><span style=\"font-weight: 400;\">Nader Maurice, da Igreja Evang\u00e9lica Kasr El Dobara (KDEC), afirmou que Deus est\u00e1 agindo na vida dos jovens eg\u00edpcios e os despertando para cumprir o ide.<\/span><\/p>\n<p><span style=\"font-weight: 400;\">\u201cEsta gera\u00e7\u00e3o, que agora est\u00e1 no ensino m\u00e9dio e na universidade, est\u00e1 passando por um despertar espiritual\u201d, disse ela ao Mission Network News.<\/span><\/p>\n<p><span style=\"font-weight: 400;\">\u201cEles n\u00e3o querem mudar o pa\u00eds e a pol\u00edtica, eles querem levar o Evangelho. Eles querem ir para a \u00c1frica. Querem ir para lugares no Oriente M\u00e9dio que ainda n\u00e3o receberam as Boas Novas\u201d, acrescentou.<\/span><\/p>\n<p><span style=\"font-weight: 400;\">Segundo Nader, movimentos semelhantes j\u00e1 ocorreram na igreja eg\u00edpcia nas d\u00e9cadas de 1970, 1990 e tamb\u00e9m em 2014.<\/span><\/p>\n<p><span style=\"font-weight: 400;\">Nessas ocasi\u00f5es, a participa\u00e7\u00e3o ativa dos jovens influenciou o estilo das atividades da igreja, como o louvor e a prega\u00e7\u00e3o, al\u00e9m de ampliar o alcance evangel\u00edstico:<\/span><\/p>\n<p><span style=\"font-weight: 400;\">\u201cEles come\u00e7aram a convidar seus amigos para o culto, reuni\u00f5es e para o minist\u00e9rio deles. O louvor se tornou diferente, a prega\u00e7\u00e3o se tornou diferente, e Deus encontrou uma maneira de avivar seus cora\u00e7\u00f5es e suas vidas\u201d.<\/span><\/p>\n<p><strong>Engajamento da juventude<\/strong><\/p>\n<p><span style=\"font-weight: 400;\">Nader destacou que, na fase atual, os <\/span><strong><span style=\"color: #993300;\">jovens<\/span> <\/strong><span style=\"font-weight: 400;\">tamb\u00e9m trouxeram diversas mudan\u00e7as: \u201dSe voc\u00ea olhar ao redor da igreja, ver\u00e1 sinais claros de que Deus est\u00e1 agindo. Os jovens trazem seus amigos. As pessoas come\u00e7am a ouvir falar do que est\u00e1 acontecendo e come\u00e7am a visitar. Ent\u00e3o, este \u00e9 um sinal: novos convertidos e rec\u00e9m-chegados\u201d, contou o l\u00edder.\u00a0<\/span><\/p>\n<p><span style=\"font-weight: 400;\">Para ele, outro sinal do impacto desse <\/span><span style=\"color: #993300;\"><strong>avivamento <\/strong><\/span><span style=\"font-weight: 400;\">\u00e9 a qualidade da adora\u00e7\u00e3o: \u201cN\u00e3o se trata do som. N\u00e3o se trata da energia, dos gestos com as m\u00e3os ou do aspecto f\u00edsico, mas voc\u00ea sente que h\u00e1 uma profundidade na adora\u00e7\u00e3o. Eles n\u00e3o querem cantar tr\u00eas m\u00fasicas. Eles querem adorar por uma hora\u201d, afirmou ele.<\/span><\/p>\n<p><span style=\"font-weight: 400;\">Al\u00e9m disso, Nader informou que o interesse em pregar o Evangelho tem avan\u00e7ado para al\u00e9m dos muros da igreja.\u00a0<\/span><\/p>\n<p><span style=\"font-weight: 400;\">\u201cNo ano passado, 500 jovens da igreja se inscreveram em nosso Programa de Miss\u00f5es, que \u00e9 um curso de nove meses com duas viagens de curta dura\u00e7\u00e3o e uma para o exterior. \u00c9 caro. Exige tempo e esfor\u00e7o deles, mas eles querem ir. Sentem que t\u00eam algo a oferecer e que foram enviados aos perdidos\u201d, destacou Nader.<\/span><\/p>\n<p><strong>\u2018Jesus \u00e9 o centro\u2019<\/strong><\/p>\n<p><span style=\"font-weight: 400;\">Ao comentar a atua\u00e7\u00e3o da juventude na igreja, Nader reconheceu que a transi\u00e7\u00e3o geracional pode gerar preocupa\u00e7\u00f5es entre membros mais velhos, especialmente em rela\u00e7\u00e3o \u00e0 maturidade dos jovens.\u00a0<\/span><\/p>\n<p><span style=\"font-weight: 400;\">No entanto, ele destacou que a pr\u00e1tica ministerial faz parte do processo de amadurecimento:<\/span><\/p>\n<p><span style=\"font-weight: 400;\">\u201cAcreditamos que Jesus usa vasos simples e que Ele n\u00e3o exige que sejamos extraordin\u00e1rios, porque, de qualquer forma, tudo gira em torno Dele\u201d.\u00a0<\/span><\/p>\n<p><span style=\"font-weight: 400;\">\u201cAcredito que, quando esperamos que as pessoas amadure\u00e7am, \u00e0s vezes esperamos demais. Elas n\u00e3o amadurecem. Porque muito do treinamento, muito da forma\u00e7\u00e3o, muito do discipulado acontece, na pr\u00e1tica, no trabalho, enquanto voc\u00ea \u00e9 um disc\u00edpulo, enquanto voc\u00ea vai e compartilha\u201d, acrescentou.<\/span><\/p>\n<p><span style=\"font-weight: 400;\">Enquanto a KDEC e a igreja em geral no Egito buscam capacitar os jovens a compartilhar sua f\u00e9, Nader pede ora\u00e7\u00f5es para que todo \u00e1rabe tenha a oportunidade de ouvir o Evangelho e ser discipulado.<\/span><\/p>\n<p><span style=\"font-weight: 400;\">\u201cAcreditamos na ora\u00e7\u00e3o e na uni\u00e3o, porque aquilo que desejamos s\u00f3 acontecer\u00e1 por meio da vontade de Deus. Ao nos unirmos, abrimos espa\u00e7o para Ele. Ao orarmos, Ele libera o Seu poder\u201d, afirmou Nader.<\/span><\/p>\n<p><span style=\"font-weight: 400;\">\u201cPortanto, n\u00e3o queremos apenas ser conhecidos por algo. Queremos que Ele seja conhecido. E acreditamos que quando os jovens s\u00e3o enviados, isso faz com que tudo aconte\u00e7a mais r\u00e1pido, melhor e de forma mais grandiosa\u201d, concluiu.<\/span><\/p>\n<\/div>\n<p><br \/>\n<br \/>Fonte: Guiame <\/p>\n","protected":false},"excerpt":{"rendered":"<p>No Egito, muitos jovens est\u00e3o experimentando um despertar espiritual ap\u00f3s um Jesus. \u00c0 medida que crescem em seu relacionamento com Deus, eles s\u00e3o atra\u00eddos a evangelizar povos n\u00e3o alcan\u00e7ados. Nader Maurice, da Igreja Evang\u00e9lica Kasr El Dobara (KDEC), afirmou que Deus est\u00e1 agindo na vida dos jovens eg\u00edpcios e os despertando para cumprir o ide. [&hellip;]<\/p>\n","protected":false},"author":1,"featured_media":3612,"comment_status":"","ping_status":"open","sticky":false,"template":"","format":"standard","meta":{"footnotes":""},"categories":[43],"tags":[],"class_list":["post-3611","post","type-post","status-publish","format-standard","has-post-thumbnail","hentry","category-destaques"],"yoast_head":"<!-- This site is optimized with the Yoast SEO plugin v26.8 - https:\/\/yoast.com\/product\/yoast-seo-wordpress\/ -->\n<title>\u201cEsta gera\u00e7\u00e3o est\u00e1 vivendo um despertar espiritual\u201d, diz l\u00edder sobre jovens no Egito - R\u00e1dio Porto Seguro<\/title>\n<meta name=\"robots\" content=\"index, follow, max-snippet:-1, max-image-preview:large, max-video-preview:-1\" \/>\n<link rel=\"canonical\" href=\"https:\/\/radioportoseguro.com.br\/site\/2026\/01\/31\/esta-geracao-esta-vivendo-um-despertar-espiritual-diz-lider-sobre-jovens-no-egito\/\" \/>\n<meta property=\"og:locale\" content=\"pt_BR\" \/>\n<meta property=\"og:type\" content=\"article\" \/>\n<meta property=\"og:title\" content=\"\u201cEsta gera\u00e7\u00e3o est\u00e1 vivendo um despertar espiritual\u201d, diz l\u00edder sobre jovens no Egito - R\u00e1dio Porto Seguro\" \/>\n<meta property=\"og:description\" content=\"No Egito, muitos jovens est\u00e3o experimentando um despertar espiritual ap\u00f3s um Jesus. \u00c0 medida que crescem em seu relacionamento com Deus, eles s\u00e3o atra\u00eddos a evangelizar povos n\u00e3o alcan\u00e7ados. Nader Maurice, da Igreja Evang\u00e9lica Kasr El Dobara (KDEC), afirmou que Deus est\u00e1 agindo na vida dos jovens eg\u00edpcios e os despertando para cumprir o ide. [&hellip;]\" \/>\n<meta property=\"og:url\" content=\"https:\/\/radioportoseguro.com.br\/site\/2026\/01\/31\/esta-geracao-esta-vivendo-um-despertar-espiritual-diz-lider-sobre-jovens-no-egito\/\" \/>\n<meta property=\"og:site_name\" content=\"R\u00e1dio Porto Seguro\" \/>\n<meta property=\"article:published_time\" content=\"2026-01-31T05:26:38+00:00\" \/>\n<meta property=\"og:image\" content=\"https:\/\/media.guiame.com.br\/archives\/2026\/01\/30\/3001296136-os-jovens-estao-cada-vez-mais-engajados-em-pregar-o-evangelho-dentro-e-fora-do-pais.jpeg\" \/>\n<meta name=\"author\" content=\"admin\" \/>\n<meta name=\"twitter:card\" content=\"summary_large_image\" \/>\n<meta name=\"twitter:label1\" content=\"Escrito por\" \/>\n\t<meta name=\"twitter:data1\" content=\"admin\" \/>\n\t<meta name=\"twitter:label2\" content=\"Est. tempo de leitura\" \/>\n\t<meta name=\"twitter:data2\" content=\"3 minutos\" \/>\n<script type=\"application\/ld+json\" class=\"yoast-schema-graph\">{\"@context\":\"https:\/\/schema.org\",\"@graph\":[{\"@type\":\"Article\",\"@id\":\"https:\/\/radioportoseguro.com.br\/site\/2026\/01\/31\/esta-geracao-esta-vivendo-um-despertar-espiritual-diz-lider-sobre-jovens-no-egito\/#article\",\"isPartOf\":{\"@id\":\"https:\/\/radioportoseguro.com.br\/site\/2026\/01\/31\/esta-geracao-esta-vivendo-um-despertar-espiritual-diz-lider-sobre-jovens-no-egito\/\"},\"author\":{\"name\":\"admin\",\"@id\":\"https:\/\/radioportoseguro.com.br\/site\/#\/schema\/person\/7630acdc320186f13639d3c067ec089b\"},\"headline\":\"\u201cEsta gera\u00e7\u00e3o est\u00e1 vivendo um despertar espiritual\u201d, diz l\u00edder sobre jovens no Egito\",\"datePublished\":\"2026-01-31T05:26:38+00:00\",\"mainEntityOfPage\":{\"@id\":\"https:\/\/radioportoseguro.com.br\/site\/2026\/01\/31\/esta-geracao-esta-vivendo-um-despertar-espiritual-diz-lider-sobre-jovens-no-egito\/\"},\"wordCount\":679,\"image\":{\"@id\":\"https:\/\/radioportoseguro.com.br\/site\/2026\/01\/31\/esta-geracao-esta-vivendo-um-despertar-espiritual-diz-lider-sobre-jovens-no-egito\/#primaryimage\"},\"thumbnailUrl\":\"https:\/\/radioportoseguro.com.br\/site\/wp-content\/uploads\/2026\/01\/3001296136-os-jovens-estao-cada-vez-mais-engajados-em-pregar-o-evangelho-dentro-e-fora-do-pais.jpeg\",\"articleSection\":[\"Destaques\"],\"inLanguage\":\"pt-BR\"},{\"@type\":\"WebPage\",\"@id\":\"https:\/\/radioportoseguro.com.br\/site\/2026\/01\/31\/esta-geracao-esta-vivendo-um-despertar-espiritual-diz-lider-sobre-jovens-no-egito\/\",\"url\":\"https:\/\/radioportoseguro.com.br\/site\/2026\/01\/31\/esta-geracao-esta-vivendo-um-despertar-espiritual-diz-lider-sobre-jovens-no-egito\/\",\"name\":\"\u201cEsta gera\u00e7\u00e3o est\u00e1 vivendo um despertar espiritual\u201d, diz l\u00edder sobre jovens no Egito - R\u00e1dio Porto Seguro\",\"isPartOf\":{\"@id\":\"https:\/\/radioportoseguro.com.br\/site\/#website\"},\"primaryImageOfPage\":{\"@id\":\"https:\/\/radioportoseguro.com.br\/site\/2026\/01\/31\/esta-geracao-esta-vivendo-um-despertar-espiritual-diz-lider-sobre-jovens-no-egito\/#primaryimage\"},\"image\":{\"@id\":\"https:\/\/radioportoseguro.com.br\/site\/2026\/01\/31\/esta-geracao-esta-vivendo-um-despertar-espiritual-diz-lider-sobre-jovens-no-egito\/#primaryimage\"},\"thumbnailUrl\":\"https:\/\/radioportoseguro.com.br\/site\/wp-content\/uploads\/2026\/01\/3001296136-os-jovens-estao-cada-vez-mais-engajados-em-pregar-o-evangelho-dentro-e-fora-do-pais.jpeg\",\"datePublished\":\"2026-01-31T05:26:38+00:00\",\"author\":{\"@id\":\"https:\/\/radioportoseguro.com.br\/site\/#\/schema\/person\/7630acdc320186f13639d3c067ec089b\"},\"breadcrumb\":{\"@id\":\"https:\/\/radioportoseguro.com.br\/site\/2026\/01\/31\/esta-geracao-esta-vivendo-um-despertar-espiritual-diz-lider-sobre-jovens-no-egito\/#breadcrumb\"},\"inLanguage\":\"pt-BR\",\"potentialAction\":[{\"@type\":\"ReadAction\",\"target\":[\"https:\/\/radioportoseguro.com.br\/site\/2026\/01\/31\/esta-geracao-esta-vivendo-um-despertar-espiritual-diz-lider-sobre-jovens-no-egito\/\"]}]},{\"@type\":\"ImageObject\",\"inLanguage\":\"pt-BR\",\"@id\":\"https:\/\/radioportoseguro.com.br\/site\/2026\/01\/31\/esta-geracao-esta-vivendo-um-despertar-espiritual-diz-lider-sobre-jovens-no-egito\/#primaryimage\",\"url\":\"https:\/\/radioportoseguro.com.br\/site\/wp-content\/uploads\/2026\/01\/3001296136-os-jovens-estao-cada-vez-mais-engajados-em-pregar-o-evangelho-dentro-e-fora-do-pais.jpeg\",\"contentUrl\":\"https:\/\/radioportoseguro.com.br\/site\/wp-content\/uploads\/2026\/01\/3001296136-os-jovens-estao-cada-vez-mais-engajados-em-pregar-o-evangelho-dentro-e-fora-do-pais.jpeg\",\"width\":1200,\"height\":600},{\"@type\":\"BreadcrumbList\",\"@id\":\"https:\/\/radioportoseguro.com.br\/site\/2026\/01\/31\/esta-geracao-esta-vivendo-um-despertar-espiritual-diz-lider-sobre-jovens-no-egito\/#breadcrumb\",\"itemListElement\":[{\"@type\":\"ListItem\",\"position\":1,\"name\":\"In\u00edcio\",\"item\":\"https:\/\/radioportoseguro.com.br\/site\/\"},{\"@type\":\"ListItem\",\"position\":2,\"name\":\"\u201cEsta gera\u00e7\u00e3o est\u00e1 vivendo um despertar espiritual\u201d, diz l\u00edder sobre jovens no Egito\"}]},{\"@type\":\"WebSite\",\"@id\":\"https:\/\/radioportoseguro.com.br\/site\/#website\",\"url\":\"https:\/\/radioportoseguro.com.br\/site\/\",\"name\":\"R\u00e1dio Porto Seguro\",\"description\":\"\",\"potentialAction\":[{\"@type\":\"SearchAction\",\"target\":{\"@type\":\"EntryPoint\",\"urlTemplate\":\"https:\/\/radioportoseguro.com.br\/site\/?s={search_term_string}\"},\"query-input\":{\"@type\":\"PropertyValueSpecification\",\"valueRequired\":true,\"valueName\":\"search_term_string\"}}],\"inLanguage\":\"pt-BR\"},{\"@type\":\"Person\",\"@id\":\"https:\/\/radioportoseguro.com.br\/site\/#\/schema\/person\/7630acdc320186f13639d3c067ec089b\",\"name\":\"admin\",\"image\":{\"@type\":\"ImageObject\",\"inLanguage\":\"pt-BR\",\"@id\":\"https:\/\/radioportoseguro.com.br\/site\/#\/schema\/person\/image\/\",\"url\":\"https:\/\/secure.gravatar.com\/avatar\/caacf4dc1eedb68fab0df8e1ed46c448e578b2466351bbcb61e47d2ac0caaef0?s=96&d=mm&r=g\",\"contentUrl\":\"https:\/\/secure.gravatar.com\/avatar\/caacf4dc1eedb68fab0df8e1ed46c448e578b2466351bbcb61e47d2ac0caaef0?s=96&d=mm&r=g\",\"caption\":\"admin\"},\"sameAs\":[\"https:\/\/radioportoseguro.com.br\/site\"],\"url\":\"https:\/\/radioportoseguro.com.br\/site\/author\/hezio\/\"}]}<\/script>\n<!-- \/ Yoast SEO plugin. -->","yoast_head_json":{"title":"\u201cEsta gera\u00e7\u00e3o est\u00e1 vivendo um despertar espiritual\u201d, diz l\u00edder sobre jovens no Egito - R\u00e1dio Porto Seguro","robots":{"index":"index","follow":"follow","max-snippet":"max-snippet:-1","max-image-preview":"max-image-preview:large","max-video-preview":"max-video-preview:-1"},"canonical":"https:\/\/radioportoseguro.com.br\/site\/2026\/01\/31\/esta-geracao-esta-vivendo-um-despertar-espiritual-diz-lider-sobre-jovens-no-egito\/","og_locale":"pt_BR","og_type":"article","og_title":"\u201cEsta gera\u00e7\u00e3o est\u00e1 vivendo um despertar espiritual\u201d, diz l\u00edder sobre jovens no Egito - R\u00e1dio Porto Seguro","og_description":"No Egito, muitos jovens est\u00e3o experimentando um despertar espiritual ap\u00f3s um Jesus. \u00c0 medida que crescem em seu relacionamento com Deus, eles s\u00e3o atra\u00eddos a evangelizar povos n\u00e3o alcan\u00e7ados. Nader Maurice, da Igreja Evang\u00e9lica Kasr El Dobara (KDEC), afirmou que Deus est\u00e1 agindo na vida dos jovens eg\u00edpcios e os despertando para cumprir o ide. [&hellip;]","og_url":"https:\/\/radioportoseguro.com.br\/site\/2026\/01\/31\/esta-geracao-esta-vivendo-um-despertar-espiritual-diz-lider-sobre-jovens-no-egito\/","og_site_name":"R\u00e1dio Porto Seguro","article_published_time":"2026-01-31T05:26:38+00:00","og_image":[{"url":"https:\/\/media.guiame.com.br\/archives\/2026\/01\/30\/3001296136-os-jovens-estao-cada-vez-mais-engajados-em-pregar-o-evangelho-dentro-e-fora-do-pais.jpeg","type":"","width":"","height":""}],"author":"admin","twitter_card":"summary_large_image","twitter_misc":{"Escrito por":"admin","Est. tempo de leitura":"3 minutos"},"schema":{"@context":"https:\/\/schema.org","@graph":[{"@type":"Article","@id":"https:\/\/radioportoseguro.com.br\/site\/2026\/01\/31\/esta-geracao-esta-vivendo-um-despertar-espiritual-diz-lider-sobre-jovens-no-egito\/#article","isPartOf":{"@id":"https:\/\/radioportoseguro.com.br\/site\/2026\/01\/31\/esta-geracao-esta-vivendo-um-despertar-espiritual-diz-lider-sobre-jovens-no-egito\/"},"author":{"name":"admin","@id":"https:\/\/radioportoseguro.com.br\/site\/#\/schema\/person\/7630acdc320186f13639d3c067ec089b"},"headline":"\u201cEsta gera\u00e7\u00e3o est\u00e1 vivendo um despertar espiritual\u201d, diz l\u00edder sobre jovens no Egito","datePublished":"2026-01-31T05:26:38+00:00","mainEntityOfPage":{"@id":"https:\/\/radioportoseguro.com.br\/site\/2026\/01\/31\/esta-geracao-esta-vivendo-um-despertar-espiritual-diz-lider-sobre-jovens-no-egito\/"},"wordCount":679,"image":{"@id":"https:\/\/radioportoseguro.com.br\/site\/2026\/01\/31\/esta-geracao-esta-vivendo-um-despertar-espiritual-diz-lider-sobre-jovens-no-egito\/#primaryimage"},"thumbnailUrl":"https:\/\/radioportoseguro.com.br\/site\/wp-content\/uploads\/2026\/01\/3001296136-os-jovens-estao-cada-vez-mais-engajados-em-pregar-o-evangelho-dentro-e-fora-do-pais.jpeg","articleSection":["Destaques"],"inLanguage":"pt-BR"},{"@type":"WebPage","@id":"https:\/\/radioportoseguro.com.br\/site\/2026\/01\/31\/esta-geracao-esta-vivendo-um-despertar-espiritual-diz-lider-sobre-jovens-no-egito\/","url":"https:\/\/radioportoseguro.com.br\/site\/2026\/01\/31\/esta-geracao-esta-vivendo-um-despertar-espiritual-diz-lider-sobre-jovens-no-egito\/","name":"\u201cEsta gera\u00e7\u00e3o est\u00e1 vivendo um despertar espiritual\u201d, diz l\u00edder sobre jovens no Egito - R\u00e1dio Porto Seguro","isPartOf":{"@id":"https:\/\/radioportoseguro.com.br\/site\/#website"},"primaryImageOfPage":{"@id":"https:\/\/radioportoseguro.com.br\/site\/2026\/01\/31\/esta-geracao-esta-vivendo-um-despertar-espiritual-diz-lider-sobre-jovens-no-egito\/#primaryimage"},"image":{"@id":"https:\/\/radioportoseguro.com.br\/site\/2026\/01\/31\/esta-geracao-esta-vivendo-um-despertar-espiritual-diz-lider-sobre-jovens-no-egito\/#primaryimage"},"thumbnailUrl":"https:\/\/radioportoseguro.com.br\/site\/wp-content\/uploads\/2026\/01\/3001296136-os-jovens-estao-cada-vez-mais-engajados-em-pregar-o-evangelho-dentro-e-fora-do-pais.jpeg","datePublished":"2026-01-31T05:26:38+00:00","author":{"@id":"https:\/\/radioportoseguro.com.br\/site\/#\/schema\/person\/7630acdc320186f13639d3c067ec089b"},"breadcrumb":{"@id":"https:\/\/radioportoseguro.com.br\/site\/2026\/01\/31\/esta-geracao-esta-vivendo-um-despertar-espiritual-diz-lider-sobre-jovens-no-egito\/#breadcrumb"},"inLanguage":"pt-BR","potentialAction":[{"@type":"ReadAction","target":["https:\/\/radioportoseguro.com.br\/site\/2026\/01\/31\/esta-geracao-esta-vivendo-um-despertar-espiritual-diz-lider-sobre-jovens-no-egito\/"]}]},{"@type":"ImageObject","inLanguage":"pt-BR","@id":"https:\/\/radioportoseguro.com.br\/site\/2026\/01\/31\/esta-geracao-esta-vivendo-um-despertar-espiritual-diz-lider-sobre-jovens-no-egito\/#primaryimage","url":"https:\/\/radioportoseguro.com.br\/site\/wp-content\/uploads\/2026\/01\/3001296136-os-jovens-estao-cada-vez-mais-engajados-em-pregar-o-evangelho-dentro-e-fora-do-pais.jpeg","contentUrl":"https:\/\/radioportoseguro.com.br\/site\/wp-content\/uploads\/2026\/01\/3001296136-os-jovens-estao-cada-vez-mais-engajados-em-pregar-o-evangelho-dentro-e-fora-do-pais.jpeg","width":1200,"height":600},{"@type":"BreadcrumbList","@id":"https:\/\/radioportoseguro.com.br\/site\/2026\/01\/31\/esta-geracao-esta-vivendo-um-despertar-espiritual-diz-lider-sobre-jovens-no-egito\/#breadcrumb","itemListElement":[{"@type":"ListItem","position":1,"name":"In\u00edcio","item":"https:\/\/radioportoseguro.com.br\/site\/"},{"@type":"ListItem","position":2,"name":"\u201cEsta gera\u00e7\u00e3o est\u00e1 vivendo um despertar espiritual\u201d, diz l\u00edder sobre jovens no Egito"}]},{"@type":"WebSite","@id":"https:\/\/radioportoseguro.com.br\/site\/#website","url":"https:\/\/radioportoseguro.com.br\/site\/","name":"R\u00e1dio Porto Seguro","description":"","potentialAction":[{"@type":"SearchAction","target":{"@type":"EntryPoint","urlTemplate":"https:\/\/radioportoseguro.com.br\/site\/?s={search_term_string}"},"query-input":{"@type":"PropertyValueSpecification","valueRequired":true,"valueName":"search_term_string"}}],"inLanguage":"pt-BR"},{"@type":"Person","@id":"https:\/\/radioportoseguro.com.br\/site\/#\/schema\/person\/7630acdc320186f13639d3c067ec089b","name":"admin","image":{"@type":"ImageObject","inLanguage":"pt-BR","@id":"https:\/\/radioportoseguro.com.br\/site\/#\/schema\/person\/image\/","url":"https:\/\/secure.gravatar.com\/avatar\/caacf4dc1eedb68fab0df8e1ed46c448e578b2466351bbcb61e47d2ac0caaef0?s=96&d=mm&r=g","contentUrl":"https:\/\/secure.gravatar.com\/avatar\/caacf4dc1eedb68fab0df8e1ed46c448e578b2466351bbcb61e47d2ac0caaef0?s=96&d=mm&r=g","caption":"admin"},"sameAs":["https:\/\/radioportoseguro.com.br\/site"],"url":"https:\/\/radioportoseguro.com.br\/site\/author\/hezio\/"}]}},"_links":{"self":[{"href":"https:\/\/radioportoseguro.com.br\/site\/wp-json\/wp\/v2\/posts\/3611","targetHints":{"allow":["GET"]}}],"collection":[{"href":"https:\/\/radioportoseguro.com.br\/site\/wp-json\/wp\/v2\/posts"}],"about":[{"href":"https:\/\/radioportoseguro.com.br\/site\/wp-json\/wp\/v2\/types\/post"}],"author":[{"embeddable":true,"href":"https:\/\/radioportoseguro.com.br\/site\/wp-json\/wp\/v2\/users\/1"}],"replies":[{"embeddable":true,"href":"https:\/\/radioportoseguro.com.br\/site\/wp-json\/wp\/v2\/comments?post=3611"}],"version-history":[{"count":0,"href":"https:\/\/radioportoseguro.com.br\/site\/wp-json\/wp\/v2\/posts\/3611\/revisions"}],"wp:featuredmedia":[{"embeddable":true,"href":"https:\/\/radioportoseguro.com.br\/site\/wp-json\/wp\/v2\/media\/3612"}],"wp:attachment":[{"href":"https:\/\/radioportoseguro.com.br\/site\/wp-json\/wp\/v2\/media?parent=3611"}],"wp:term":[{"taxonomy":"category","embeddable":true,"href":"https:\/\/radioportoseguro.com.br\/site\/wp-json\/wp\/v2\/categories?post=3611"},{"taxonomy":"post_tag","embeddable":true,"href":"https:\/\/radioportoseguro.com.br\/site\/wp-json\/wp\/v2\/tags?post=3611"}],"curies":[{"name":"wp","href":"https:\/\/api.w.org\/{rel}","templated":true}]}}