{"id":3613,"date":"2026-01-31T04:28:04","date_gmt":"2026-01-31T07:28:04","guid":{"rendered":"https:\/\/radioportoseguro.com.br\/site\/2026\/01\/31\/apos-oracao-do-pai-menina-e-curada-de-fratura-grave-em-acidente-de-ski-a-dor-sumiu\/"},"modified":"2026-01-31T04:28:04","modified_gmt":"2026-01-31T07:28:04","slug":"apos-oracao-do-pai-menina-e-curada-de-fratura-grave-em-acidente-de-ski-a-dor-sumiu","status":"publish","type":"post","link":"https:\/\/radioportoseguro.com.br\/site\/2026\/01\/31\/apos-oracao-do-pai-menina-e-curada-de-fratura-grave-em-acidente-de-ski-a-dor-sumiu\/","title":{"rendered":"Ap\u00f3s ora\u00e7\u00e3o do pai, menina \u00e9 curada de fratura grave em acidente de ski: \u201cA dor sumiu\u201d"},"content":{"rendered":"<p><br \/>\n<br \/><\/p>\n<div>\n<p><span style=\"font-weight: 400;\">Um casal de m\u00e9dicos testemunhou ter vivido um milagre ap\u00f3s a filha de 8 anos sofrer um grave acidente de ski durante uma viagem \u00e0 <\/span><span style=\"color: #993300;\"><strong>Europa<\/strong><\/span><span style=\"font-weight: 400;\">.<\/span><\/p>\n<p><span style=\"font-weight: 400;\">Na \u00faltima semana, Erica e Domingos Mantelli relataram que a filha, Isabella, fraturou a perna direita em uma queda enquanto esquiava nos Alpes Franceses, regi\u00e3o que faz fronteira com a Su\u00ed\u00e7a e a It\u00e1lia.<\/span><\/p>\n<p><span style=\"font-weight: 400;\">\u201cEnquanto ela gritava com dor, a gente viu a perna torta e, por sermos m\u00e9dicos, imaginamos que tinha realmente fraturado\u201d, contou a m\u00e3e no Instagram.<\/span><\/p>\n<p><span style=\"font-weight: 400;\">O casal acionou os socorristas, que examinaram a menina no local e informaram que ela havia sofrido uma fratura grave.<\/span><\/p>\n<blockquote class=\"instagram-media\" style=\"background: #FFF; border: 0; border-radius: 3px; box-shadow: 0 0 1px 0 rgba(0,0,0,0.5),0 1px 10px 0 rgba(0,0,0,0.15); margin: 1px; max-width: 540px; min-width: 326px; padding: 0; width: calc(100% - 2px);\" data-instgrm-permalink=\"https:\/\/www.instagram.com\/reel\/DUFzyYLjmai\/?utm_source=ig_embed&amp;utm_campaign=loading\" data-instgrm-version=\"14\"><p>&#13;<br \/>\n&#13;\n<\/p><\/blockquote>\n<p><span style=\"font-weight: 400;\">De acordo com os pais, a equipe explicou que seria necess\u00e1rio um resgate a\u00e9reo para um hospital com estrutura cir\u00fargica, cogitando uma transfer\u00eancia para St. Moritz, na Su\u00ed\u00e7a, devido \u00e0 gravidade do caso.<\/span><\/p>\n<p><span style=\"font-weight: 400;\">\u201cEnquanto ela estava no ch\u00e3o, morrendo de frio, gritando de dor e chorando, ela estava com muito medo. A gente tamb\u00e9m estava muito assustado\u201d, contou Erica.<\/span><\/p>\n<p><strong>\u2018Imediatamente ela foi curada\u2019<\/strong><\/p>\n<p><span style=\"font-weight: 400;\">Nesse momento, ela afirmou que come\u00e7ou a <\/span><span style=\"color: #993300;\"><strong>orar pela filha<\/strong><\/span><span style=\"font-weight: 400;\">: \u201cA \u00fanica op\u00e7\u00e3o que a gente tinha, e a melhor com certeza, foi entrar em ora\u00e7\u00e3o\u201d.\u00a0<\/span><\/p>\n<p><span style=\"font-weight: 400;\">E Domingos acrescentou: \u201cEu me vi de m\u00e3os atadas. Eu ajoelhei na frente da Isabella, coloquei o meu rosto no rosto dela e eu orei de uma forma como eu nunca orei na minha vida. Eu declarava: \u2018Pai, o Senhor \u00e9 um Deus de milagres. Se o Senhor tem poder de ressuscitar os mortos, o que \u00e9 para o Senhor restaurar uma perna? E eu creio nesse milagre na vida da minha filha. Eu creio, eu declaro cura na vida da minha filha\u2019\u201d.<\/span><\/p>\n<p><span style=\"font-weight: 400;\">Ap\u00f3s essa ora\u00e7\u00e3o, ele afirmou que sentiu a presen\u00e7a de Deus e tinha certeza de que a filha seria curada.<\/span><\/p>\n<p><span style=\"font-weight: 400;\">\u201cE logo que terminei a ora\u00e7\u00e3o, que eu falei o \u2018am\u00e9m\u2019, imediatamente a Isabella abriu os olhos, abriu um sorriso maravilhoso e falou: \u2018Papai, a minha dor sumiu. Papai, eu estou mexendo a minha perna\u2019\u201d, testemunhou ele.<\/span><\/p>\n<p><span style=\"font-weight: 400;\">No v\u00eddeo compartilhado pelos pais, a <\/span><strong><span style=\"color: #993300;\">menina<\/span> <\/strong><span style=\"font-weight: 400;\">aparece sorrindo, sentando e movimentando a perna sem sentir dor.<\/span><\/p>\n<p><span style=\"font-weight: 400;\">\u201cA gente falou: \u2018Meu Deus, estamos vivendo um milagre\u2019\u201d, relembrou Erica. Enquanto isso, o helic\u00f3ptero chegou para levar Isabella ao hospital.\u00a0<\/span><\/p>\n<p><span style=\"font-weight: 400;\">Erica aproveitou a oportunidade e pediu que a m\u00e9dica respons\u00e1vel pelo resgate examinasse a menina novamente. Ao tocar a perna de Isabela, ela foi surpreendida pelo poder de Deus.<\/span><\/p>\n<p><span style=\"font-weight: 400;\">\u201cPara surpresa dela e de todos n\u00f3s, a Isabella falava: \u2018Eu n\u00e3o tenho mais dor\u2019. A m\u00e9dica apalpava a perna dela, olhava para os param\u00e9dicos e ficou sem entender nada\u201d, contou o pai.<\/span><\/p>\n<p><strong>\u2018Deus continua fazendo milagres\u2019<\/strong><\/p>\n<p><span style=\"font-weight: 400;\">Ainda assim, Isabella foi levada para uma avalia\u00e7\u00e3o hospitalar. No pronto-socorro, o exame m\u00e9dico n\u00e3o identificou fratura, hematomas ou qualquer outra les\u00e3o.\u00a0<\/span><\/p>\n<p><span style=\"font-weight: 400;\">\u201cDeus, mais uma vez, fez um milagre na vida da Isabella\u201d, disse Domingos. E continuou: \u201cO primeiro, foi quando eu operei ela dentro da barriga, com 16 semanas. O segundo, a cirurgia da cabe\u00e7a. E agora, essa fratura\u201d.\u00a0<\/span><\/p>\n<p><span style=\"font-weight: 400;\">\u201cEstamos aqui para testemunhar e dizer que, independente do problema que voc\u00ea esteja passando, tem um Deus l\u00e1 em cima, que era um Deus de milagres l\u00e1 tr\u00e1s e continua operando milagres no dia de hoje\u201d, concluiu.<\/span><\/p>\n<p><span style=\"font-weight: 400;\">Por fim, Isabella declarou: \u201cEu ca\u00ed de ski e quebrei a perna. O meu pai orou e Jesus curou. Foi um milagre\u201d.<\/span><\/p>\n<\/div>\n<p><script async src=\"\/\/www.instagram.com\/embed.js\"><\/script><br \/>\n<br \/><br \/>\n<br \/>Fonte: Guiame <\/p>\n","protected":false},"excerpt":{"rendered":"<p>Um casal de m\u00e9dicos testemunhou ter vivido um milagre ap\u00f3s a filha de 8 anos sofrer um grave acidente de ski durante uma viagem \u00e0 Europa. Na \u00faltima semana, Erica e Domingos Mantelli relataram que a filha, Isabella, fraturou a perna direita em uma queda enquanto esquiava nos Alpes Franceses, regi\u00e3o que faz fronteira com [&hellip;]<\/p>\n","protected":false},"author":1,"featured_media":3614,"comment_status":"","ping_status":"open","sticky":false,"template":"","format":"standard","meta":{"footnotes":""},"categories":[43],"tags":[],"class_list":["post-3613","post","type-post","status-publish","format-standard","has-post-thumbnail","hentry","category-destaques"],"yoast_head":"<!-- This site is optimized with the Yoast SEO plugin v26.8 - https:\/\/yoast.com\/product\/yoast-seo-wordpress\/ -->\n<title>Ap\u00f3s ora\u00e7\u00e3o do pai, menina \u00e9 curada de fratura grave em acidente de ski: \u201cA dor sumiu\u201d - R\u00e1dio Porto Seguro<\/title>\n<meta name=\"robots\" content=\"index, follow, max-snippet:-1, max-image-preview:large, max-video-preview:-1\" \/>\n<link rel=\"canonical\" href=\"https:\/\/radioportoseguro.com.br\/site\/2026\/01\/31\/apos-oracao-do-pai-menina-e-curada-de-fratura-grave-em-acidente-de-ski-a-dor-sumiu\/\" \/>\n<meta property=\"og:locale\" content=\"pt_BR\" \/>\n<meta property=\"og:type\" content=\"article\" \/>\n<meta property=\"og:title\" content=\"Ap\u00f3s ora\u00e7\u00e3o do pai, menina \u00e9 curada de fratura grave em acidente de ski: \u201cA dor sumiu\u201d - R\u00e1dio Porto Seguro\" \/>\n<meta property=\"og:description\" content=\"Um casal de m\u00e9dicos testemunhou ter vivido um milagre ap\u00f3s a filha de 8 anos sofrer um grave acidente de ski durante uma viagem \u00e0 Europa. Na \u00faltima semana, Erica e Domingos Mantelli relataram que a filha, Isabella, fraturou a perna direita em uma queda enquanto esquiava nos Alpes Franceses, regi\u00e3o que faz fronteira com [&hellip;]\" \/>\n<meta property=\"og:url\" content=\"https:\/\/radioportoseguro.com.br\/site\/2026\/01\/31\/apos-oracao-do-pai-menina-e-curada-de-fratura-grave-em-acidente-de-ski-a-dor-sumiu\/\" \/>\n<meta property=\"og:site_name\" content=\"R\u00e1dio Porto Seguro\" \/>\n<meta property=\"article:published_time\" content=\"2026-01-31T07:28:04+00:00\" \/>\n<meta property=\"og:image\" content=\"https:\/\/media.guiame.com.br\/archives\/2026\/01\/30\/443600055-isabella-foi-curada-instantaneamente-apos-oracao.jpeg\" \/>\n<meta name=\"author\" content=\"admin\" \/>\n<meta name=\"twitter:card\" content=\"summary_large_image\" \/>\n<meta name=\"twitter:label1\" content=\"Escrito por\" \/>\n\t<meta name=\"twitter:data1\" content=\"admin\" \/>\n\t<meta name=\"twitter:label2\" content=\"Est. tempo de leitura\" \/>\n\t<meta name=\"twitter:data2\" content=\"3 minutos\" \/>\n<script type=\"application\/ld+json\" class=\"yoast-schema-graph\">{\"@context\":\"https:\/\/schema.org\",\"@graph\":[{\"@type\":\"Article\",\"@id\":\"https:\/\/radioportoseguro.com.br\/site\/2026\/01\/31\/apos-oracao-do-pai-menina-e-curada-de-fratura-grave-em-acidente-de-ski-a-dor-sumiu\/#article\",\"isPartOf\":{\"@id\":\"https:\/\/radioportoseguro.com.br\/site\/2026\/01\/31\/apos-oracao-do-pai-menina-e-curada-de-fratura-grave-em-acidente-de-ski-a-dor-sumiu\/\"},\"author\":{\"name\":\"admin\",\"@id\":\"https:\/\/radioportoseguro.com.br\/site\/#\/schema\/person\/7630acdc320186f13639d3c067ec089b\"},\"headline\":\"Ap\u00f3s ora\u00e7\u00e3o do pai, menina \u00e9 curada de fratura grave em acidente de ski: \u201cA dor sumiu\u201d\",\"datePublished\":\"2026-01-31T07:28:04+00:00\",\"mainEntityOfPage\":{\"@id\":\"https:\/\/radioportoseguro.com.br\/site\/2026\/01\/31\/apos-oracao-do-pai-menina-e-curada-de-fratura-grave-em-acidente-de-ski-a-dor-sumiu\/\"},\"wordCount\":610,\"image\":{\"@id\":\"https:\/\/radioportoseguro.com.br\/site\/2026\/01\/31\/apos-oracao-do-pai-menina-e-curada-de-fratura-grave-em-acidente-de-ski-a-dor-sumiu\/#primaryimage\"},\"thumbnailUrl\":\"https:\/\/radioportoseguro.com.br\/site\/wp-content\/uploads\/2026\/01\/443600055-isabella-foi-curada-instantaneamente-apos-oracao.jpeg\",\"articleSection\":[\"Destaques\"],\"inLanguage\":\"pt-BR\"},{\"@type\":\"WebPage\",\"@id\":\"https:\/\/radioportoseguro.com.br\/site\/2026\/01\/31\/apos-oracao-do-pai-menina-e-curada-de-fratura-grave-em-acidente-de-ski-a-dor-sumiu\/\",\"url\":\"https:\/\/radioportoseguro.com.br\/site\/2026\/01\/31\/apos-oracao-do-pai-menina-e-curada-de-fratura-grave-em-acidente-de-ski-a-dor-sumiu\/\",\"name\":\"Ap\u00f3s ora\u00e7\u00e3o do pai, menina \u00e9 curada de fratura grave em acidente de ski: \u201cA dor sumiu\u201d - R\u00e1dio Porto Seguro\",\"isPartOf\":{\"@id\":\"https:\/\/radioportoseguro.com.br\/site\/#website\"},\"primaryImageOfPage\":{\"@id\":\"https:\/\/radioportoseguro.com.br\/site\/2026\/01\/31\/apos-oracao-do-pai-menina-e-curada-de-fratura-grave-em-acidente-de-ski-a-dor-sumiu\/#primaryimage\"},\"image\":{\"@id\":\"https:\/\/radioportoseguro.com.br\/site\/2026\/01\/31\/apos-oracao-do-pai-menina-e-curada-de-fratura-grave-em-acidente-de-ski-a-dor-sumiu\/#primaryimage\"},\"thumbnailUrl\":\"https:\/\/radioportoseguro.com.br\/site\/wp-content\/uploads\/2026\/01\/443600055-isabella-foi-curada-instantaneamente-apos-oracao.jpeg\",\"datePublished\":\"2026-01-31T07:28:04+00:00\",\"author\":{\"@id\":\"https:\/\/radioportoseguro.com.br\/site\/#\/schema\/person\/7630acdc320186f13639d3c067ec089b\"},\"breadcrumb\":{\"@id\":\"https:\/\/radioportoseguro.com.br\/site\/2026\/01\/31\/apos-oracao-do-pai-menina-e-curada-de-fratura-grave-em-acidente-de-ski-a-dor-sumiu\/#breadcrumb\"},\"inLanguage\":\"pt-BR\",\"potentialAction\":[{\"@type\":\"ReadAction\",\"target\":[\"https:\/\/radioportoseguro.com.br\/site\/2026\/01\/31\/apos-oracao-do-pai-menina-e-curada-de-fratura-grave-em-acidente-de-ski-a-dor-sumiu\/\"]}]},{\"@type\":\"ImageObject\",\"inLanguage\":\"pt-BR\",\"@id\":\"https:\/\/radioportoseguro.com.br\/site\/2026\/01\/31\/apos-oracao-do-pai-menina-e-curada-de-fratura-grave-em-acidente-de-ski-a-dor-sumiu\/#primaryimage\",\"url\":\"https:\/\/radioportoseguro.com.br\/site\/wp-content\/uploads\/2026\/01\/443600055-isabella-foi-curada-instantaneamente-apos-oracao.jpeg\",\"contentUrl\":\"https:\/\/radioportoseguro.com.br\/site\/wp-content\/uploads\/2026\/01\/443600055-isabella-foi-curada-instantaneamente-apos-oracao.jpeg\",\"width\":1200,\"height\":600},{\"@type\":\"BreadcrumbList\",\"@id\":\"https:\/\/radioportoseguro.com.br\/site\/2026\/01\/31\/apos-oracao-do-pai-menina-e-curada-de-fratura-grave-em-acidente-de-ski-a-dor-sumiu\/#breadcrumb\",\"itemListElement\":[{\"@type\":\"ListItem\",\"position\":1,\"name\":\"In\u00edcio\",\"item\":\"https:\/\/radioportoseguro.com.br\/site\/\"},{\"@type\":\"ListItem\",\"position\":2,\"name\":\"Ap\u00f3s ora\u00e7\u00e3o do pai, menina \u00e9 curada de fratura grave em acidente de ski: \u201cA dor sumiu\u201d\"}]},{\"@type\":\"WebSite\",\"@id\":\"https:\/\/radioportoseguro.com.br\/site\/#website\",\"url\":\"https:\/\/radioportoseguro.com.br\/site\/\",\"name\":\"R\u00e1dio Porto Seguro\",\"description\":\"\",\"potentialAction\":[{\"@type\":\"SearchAction\",\"target\":{\"@type\":\"EntryPoint\",\"urlTemplate\":\"https:\/\/radioportoseguro.com.br\/site\/?s={search_term_string}\"},\"query-input\":{\"@type\":\"PropertyValueSpecification\",\"valueRequired\":true,\"valueName\":\"search_term_string\"}}],\"inLanguage\":\"pt-BR\"},{\"@type\":\"Person\",\"@id\":\"https:\/\/radioportoseguro.com.br\/site\/#\/schema\/person\/7630acdc320186f13639d3c067ec089b\",\"name\":\"admin\",\"image\":{\"@type\":\"ImageObject\",\"inLanguage\":\"pt-BR\",\"@id\":\"https:\/\/radioportoseguro.com.br\/site\/#\/schema\/person\/image\/\",\"url\":\"https:\/\/secure.gravatar.com\/avatar\/caacf4dc1eedb68fab0df8e1ed46c448e578b2466351bbcb61e47d2ac0caaef0?s=96&d=mm&r=g\",\"contentUrl\":\"https:\/\/secure.gravatar.com\/avatar\/caacf4dc1eedb68fab0df8e1ed46c448e578b2466351bbcb61e47d2ac0caaef0?s=96&d=mm&r=g\",\"caption\":\"admin\"},\"sameAs\":[\"https:\/\/radioportoseguro.com.br\/site\"],\"url\":\"https:\/\/radioportoseguro.com.br\/site\/author\/hezio\/\"}]}<\/script>\n<!-- \/ Yoast SEO plugin. -->","yoast_head_json":{"title":"Ap\u00f3s ora\u00e7\u00e3o do pai, menina \u00e9 curada de fratura grave em acidente de ski: \u201cA dor sumiu\u201d - R\u00e1dio Porto Seguro","robots":{"index":"index","follow":"follow","max-snippet":"max-snippet:-1","max-image-preview":"max-image-preview:large","max-video-preview":"max-video-preview:-1"},"canonical":"https:\/\/radioportoseguro.com.br\/site\/2026\/01\/31\/apos-oracao-do-pai-menina-e-curada-de-fratura-grave-em-acidente-de-ski-a-dor-sumiu\/","og_locale":"pt_BR","og_type":"article","og_title":"Ap\u00f3s ora\u00e7\u00e3o do pai, menina \u00e9 curada de fratura grave em acidente de ski: \u201cA dor sumiu\u201d - R\u00e1dio Porto Seguro","og_description":"Um casal de m\u00e9dicos testemunhou ter vivido um milagre ap\u00f3s a filha de 8 anos sofrer um grave acidente de ski durante uma viagem \u00e0 Europa. Na \u00faltima semana, Erica e Domingos Mantelli relataram que a filha, Isabella, fraturou a perna direita em uma queda enquanto esquiava nos Alpes Franceses, regi\u00e3o que faz fronteira com [&hellip;]","og_url":"https:\/\/radioportoseguro.com.br\/site\/2026\/01\/31\/apos-oracao-do-pai-menina-e-curada-de-fratura-grave-em-acidente-de-ski-a-dor-sumiu\/","og_site_name":"R\u00e1dio Porto Seguro","article_published_time":"2026-01-31T07:28:04+00:00","og_image":[{"url":"https:\/\/media.guiame.com.br\/archives\/2026\/01\/30\/443600055-isabella-foi-curada-instantaneamente-apos-oracao.jpeg","type":"","width":"","height":""}],"author":"admin","twitter_card":"summary_large_image","twitter_misc":{"Escrito por":"admin","Est. tempo de leitura":"3 minutos"},"schema":{"@context":"https:\/\/schema.org","@graph":[{"@type":"Article","@id":"https:\/\/radioportoseguro.com.br\/site\/2026\/01\/31\/apos-oracao-do-pai-menina-e-curada-de-fratura-grave-em-acidente-de-ski-a-dor-sumiu\/#article","isPartOf":{"@id":"https:\/\/radioportoseguro.com.br\/site\/2026\/01\/31\/apos-oracao-do-pai-menina-e-curada-de-fratura-grave-em-acidente-de-ski-a-dor-sumiu\/"},"author":{"name":"admin","@id":"https:\/\/radioportoseguro.com.br\/site\/#\/schema\/person\/7630acdc320186f13639d3c067ec089b"},"headline":"Ap\u00f3s ora\u00e7\u00e3o do pai, menina \u00e9 curada de fratura grave em acidente de ski: \u201cA dor sumiu\u201d","datePublished":"2026-01-31T07:28:04+00:00","mainEntityOfPage":{"@id":"https:\/\/radioportoseguro.com.br\/site\/2026\/01\/31\/apos-oracao-do-pai-menina-e-curada-de-fratura-grave-em-acidente-de-ski-a-dor-sumiu\/"},"wordCount":610,"image":{"@id":"https:\/\/radioportoseguro.com.br\/site\/2026\/01\/31\/apos-oracao-do-pai-menina-e-curada-de-fratura-grave-em-acidente-de-ski-a-dor-sumiu\/#primaryimage"},"thumbnailUrl":"https:\/\/radioportoseguro.com.br\/site\/wp-content\/uploads\/2026\/01\/443600055-isabella-foi-curada-instantaneamente-apos-oracao.jpeg","articleSection":["Destaques"],"inLanguage":"pt-BR"},{"@type":"WebPage","@id":"https:\/\/radioportoseguro.com.br\/site\/2026\/01\/31\/apos-oracao-do-pai-menina-e-curada-de-fratura-grave-em-acidente-de-ski-a-dor-sumiu\/","url":"https:\/\/radioportoseguro.com.br\/site\/2026\/01\/31\/apos-oracao-do-pai-menina-e-curada-de-fratura-grave-em-acidente-de-ski-a-dor-sumiu\/","name":"Ap\u00f3s ora\u00e7\u00e3o do pai, menina \u00e9 curada de fratura grave em acidente de ski: \u201cA dor sumiu\u201d - R\u00e1dio Porto Seguro","isPartOf":{"@id":"https:\/\/radioportoseguro.com.br\/site\/#website"},"primaryImageOfPage":{"@id":"https:\/\/radioportoseguro.com.br\/site\/2026\/01\/31\/apos-oracao-do-pai-menina-e-curada-de-fratura-grave-em-acidente-de-ski-a-dor-sumiu\/#primaryimage"},"image":{"@id":"https:\/\/radioportoseguro.com.br\/site\/2026\/01\/31\/apos-oracao-do-pai-menina-e-curada-de-fratura-grave-em-acidente-de-ski-a-dor-sumiu\/#primaryimage"},"thumbnailUrl":"https:\/\/radioportoseguro.com.br\/site\/wp-content\/uploads\/2026\/01\/443600055-isabella-foi-curada-instantaneamente-apos-oracao.jpeg","datePublished":"2026-01-31T07:28:04+00:00","author":{"@id":"https:\/\/radioportoseguro.com.br\/site\/#\/schema\/person\/7630acdc320186f13639d3c067ec089b"},"breadcrumb":{"@id":"https:\/\/radioportoseguro.com.br\/site\/2026\/01\/31\/apos-oracao-do-pai-menina-e-curada-de-fratura-grave-em-acidente-de-ski-a-dor-sumiu\/#breadcrumb"},"inLanguage":"pt-BR","potentialAction":[{"@type":"ReadAction","target":["https:\/\/radioportoseguro.com.br\/site\/2026\/01\/31\/apos-oracao-do-pai-menina-e-curada-de-fratura-grave-em-acidente-de-ski-a-dor-sumiu\/"]}]},{"@type":"ImageObject","inLanguage":"pt-BR","@id":"https:\/\/radioportoseguro.com.br\/site\/2026\/01\/31\/apos-oracao-do-pai-menina-e-curada-de-fratura-grave-em-acidente-de-ski-a-dor-sumiu\/#primaryimage","url":"https:\/\/radioportoseguro.com.br\/site\/wp-content\/uploads\/2026\/01\/443600055-isabella-foi-curada-instantaneamente-apos-oracao.jpeg","contentUrl":"https:\/\/radioportoseguro.com.br\/site\/wp-content\/uploads\/2026\/01\/443600055-isabella-foi-curada-instantaneamente-apos-oracao.jpeg","width":1200,"height":600},{"@type":"BreadcrumbList","@id":"https:\/\/radioportoseguro.com.br\/site\/2026\/01\/31\/apos-oracao-do-pai-menina-e-curada-de-fratura-grave-em-acidente-de-ski-a-dor-sumiu\/#breadcrumb","itemListElement":[{"@type":"ListItem","position":1,"name":"In\u00edcio","item":"https:\/\/radioportoseguro.com.br\/site\/"},{"@type":"ListItem","position":2,"name":"Ap\u00f3s ora\u00e7\u00e3o do pai, menina \u00e9 curada de fratura grave em acidente de ski: \u201cA dor sumiu\u201d"}]},{"@type":"WebSite","@id":"https:\/\/radioportoseguro.com.br\/site\/#website","url":"https:\/\/radioportoseguro.com.br\/site\/","name":"R\u00e1dio Porto Seguro","description":"","potentialAction":[{"@type":"SearchAction","target":{"@type":"EntryPoint","urlTemplate":"https:\/\/radioportoseguro.com.br\/site\/?s={search_term_string}"},"query-input":{"@type":"PropertyValueSpecification","valueRequired":true,"valueName":"search_term_string"}}],"inLanguage":"pt-BR"},{"@type":"Person","@id":"https:\/\/radioportoseguro.com.br\/site\/#\/schema\/person\/7630acdc320186f13639d3c067ec089b","name":"admin","image":{"@type":"ImageObject","inLanguage":"pt-BR","@id":"https:\/\/radioportoseguro.com.br\/site\/#\/schema\/person\/image\/","url":"https:\/\/secure.gravatar.com\/avatar\/caacf4dc1eedb68fab0df8e1ed46c448e578b2466351bbcb61e47d2ac0caaef0?s=96&d=mm&r=g","contentUrl":"https:\/\/secure.gravatar.com\/avatar\/caacf4dc1eedb68fab0df8e1ed46c448e578b2466351bbcb61e47d2ac0caaef0?s=96&d=mm&r=g","caption":"admin"},"sameAs":["https:\/\/radioportoseguro.com.br\/site"],"url":"https:\/\/radioportoseguro.com.br\/site\/author\/hezio\/"}]}},"_links":{"self":[{"href":"https:\/\/radioportoseguro.com.br\/site\/wp-json\/wp\/v2\/posts\/3613","targetHints":{"allow":["GET"]}}],"collection":[{"href":"https:\/\/radioportoseguro.com.br\/site\/wp-json\/wp\/v2\/posts"}],"about":[{"href":"https:\/\/radioportoseguro.com.br\/site\/wp-json\/wp\/v2\/types\/post"}],"author":[{"embeddable":true,"href":"https:\/\/radioportoseguro.com.br\/site\/wp-json\/wp\/v2\/users\/1"}],"replies":[{"embeddable":true,"href":"https:\/\/radioportoseguro.com.br\/site\/wp-json\/wp\/v2\/comments?post=3613"}],"version-history":[{"count":0,"href":"https:\/\/radioportoseguro.com.br\/site\/wp-json\/wp\/v2\/posts\/3613\/revisions"}],"wp:featuredmedia":[{"embeddable":true,"href":"https:\/\/radioportoseguro.com.br\/site\/wp-json\/wp\/v2\/media\/3614"}],"wp:attachment":[{"href":"https:\/\/radioportoseguro.com.br\/site\/wp-json\/wp\/v2\/media?parent=3613"}],"wp:term":[{"taxonomy":"category","embeddable":true,"href":"https:\/\/radioportoseguro.com.br\/site\/wp-json\/wp\/v2\/categories?post=3613"},{"taxonomy":"post_tag","embeddable":true,"href":"https:\/\/radioportoseguro.com.br\/site\/wp-json\/wp\/v2\/tags?post=3613"}],"curies":[{"name":"wp","href":"https:\/\/api.w.org\/{rel}","templated":true}]}}