{"id":3619,"date":"2026-01-31T08:42:54","date_gmt":"2026-01-31T11:42:54","guid":{"rendered":"https:\/\/radioportoseguro.com.br\/site\/2026\/01\/31\/mp-da-holanda-admite-que-prisao-de-evangelista-durante-culto-foi-injusta\/"},"modified":"2026-01-31T08:42:54","modified_gmt":"2026-01-31T11:42:54","slug":"mp-da-holanda-admite-que-prisao-de-evangelista-durante-culto-foi-injusta","status":"publish","type":"post","link":"https:\/\/radioportoseguro.com.br\/site\/2026\/01\/31\/mp-da-holanda-admite-que-prisao-de-evangelista-durante-culto-foi-injusta\/","title":{"rendered":"MP da Holanda admite que pris\u00e3o de evangelista durante culto foi injusta"},"content":{"rendered":"<p><br \/>\n<br \/><\/p>\n<div>\n<p><span style=\"font-weight: 400;\">O Minist\u00e9rio P\u00fablico da Holanda decidiu arquivar o processo criminal contra o evangelista Tom de Wal, reconhecendo que o <\/span><span style=\"color: #993300;\"><strong>culto interrompido pela pol\u00edcia no in\u00edcio do m\u00eas<\/strong><\/span><span style=\"font-weight: 400;\">, na cidade de Tilburg, n\u00e3o configurava um evento p\u00fablico, mas sim uma reuni\u00e3o religiosa protegida pela liberdade de culto.\u00a0<\/span><\/p>\n<p><span style=\"font-weight: 400;\">A decis\u00e3o, divulgada nesta quinta-feira (29), encerra oficialmente a a\u00e7\u00e3o criminal contra o l\u00edder da Frontrunners Ministries e confirma que sua pris\u00e3o foi indevida.<\/span><\/p>\n<p><span style=\"font-weight: 400;\">De acordo com o documento oficial, ap\u00f3s an\u00e1lise em conjunto com o Minist\u00e9rio P\u00fablico, foi conclu\u00eddo que o culto \u201cn\u00e3o pode ser classificado como evento\u201d nos termos do artigo 26 do regulamento municipal (APV). Com isso, o caso foi arquivado e nenhuma multa foi aplicada ao evangelista.<\/span><\/p>\n<p><span style=\"font-weight: 400;\">Ap\u00f3s a divulga\u00e7\u00e3o da decis\u00e3o, Tom de Wal se manifestou em suas redes sociais celebrando o arquivamento do processo e classificando a pris\u00e3o como injusta.<\/span>\u00a0<\/p>\n<blockquote class=\"instagram-media\" style=\"background: #FFF; border: 0; border-radius: 3px; box-shadow: 0 0 1px 0 rgba(0,0,0,0.5),0 1px 10px 0 rgba(0,0,0,0.15); margin: 1px; max-width: 540px; min-width: 326px; padding: 0; width: calc(100% - 2px);\" data-instgrm-permalink=\"https:\/\/www.instagram.com\/p\/DUGhaOvCDT2\/?utm_source=ig_embed&amp;utm_campaign=loading\" data-instgrm-version=\"14\"><p>&#13;<br \/>\n&#13;\n<\/p><\/blockquote>\n<p><span style=\"font-weight: 400;\">\u201cVit\u00f3ria! O Minist\u00e9rio P\u00fablico concluiu que o culto em Tilburg n\u00e3o foi um evento e que fui preso injustamente. Ou seja, tratava-se de uma reuni\u00e3o religiosa, um culto no qual a pol\u00edcia nunca deveria ter entrado nem interrompido, muito menos me prender\u201d, escreveu o evangelista em seu Instagram.<\/span><\/p>\n<p><span style=\"font-weight: 400;\">\u201cIsso significa que o processo criminal contra mim foi encerrado e que fui absolvido\u201d.<\/span><\/p>\n<p><strong>\u201cA verdade veio \u00e0 tona\u201d<\/strong><\/p>\n<p><span style=\"font-weight: 400;\">Embora o processo criminal esteja encerrado, ainda segue em andamento uma a\u00e7\u00e3o administrativa contra a prefeitura de Tilburg. No entanto, a avalia\u00e7\u00e3o do pr\u00f3prio Minist\u00e9rio P\u00fablico torna extremamente dif\u00edcil para o munic\u00edpio sustentar que o encontro religioso deveria ser tratado como evento p\u00fablico.<\/span><\/p>\n<p><span style=\"font-weight: 400;\">Com isso, o evangelista criticou a postura da administra\u00e7\u00e3o municipal. \u201cAli\u00e1s, at\u00e9 hoje n\u00e3o ouvimos nada da prefeitura de Tilburg, nem sequer recebemos a ordem por escrito que disseram que seria enviada na segunda-feira ap\u00f3s a pris\u00e3o\u201d, relatou.<\/span><\/p>\n<p><span style=\"font-weight: 400;\">Ao concluir, Tom de Wal declarou: \u201cSeguimos em frente rumo \u00e0 vit\u00f3ria completa\u201d.<\/span><\/p>\n<p><strong>Relembre o caso<\/strong><\/p>\n<p><span style=\"font-weight: 400;\">Tom de Wal foi preso na sexta-feira, 9 de janeiro, ap\u00f3s policiais interromperem um culto que acontecia em uma igreja local, em Tilburg. O evangelista promovia uma <\/span><span style=\"color: #993300;\"><strong>campanha de cura<\/strong><\/span><span style=\"font-weight: 400;\"> quando agentes entraram no templo, encerraram a reuni\u00e3o e obrigaram os participantes a deixarem o local, conforme noticiado pelo portal holand\u00eas AD.<\/span><\/p>\n<p><span style=\"font-weight: 400;\">A a\u00e7\u00e3o policial ocorreu por ordem do prefeito de Tilburg, que alegava que o culto n\u00e3o possu\u00eda autoriza\u00e7\u00e3o para ocorrer como evento p\u00fablico.\u00a0<\/span><\/p>\n<p><span style=\"font-weight: 400;\">Tom foi escoltado para fora da igreja, enquanto os fi\u00e9is continuaram louvando e orando do lado de fora.\u00a0 Pessoas que haviam viajado de outras cidades em busca de ora\u00e7\u00e3o receberam ministra\u00e7\u00e3o na rua.<\/span><\/p>\n<p><span style=\"font-weight: 400;\">Segundo o evangelista Jean-Luc Trachsel, l\u00edder de um minist\u00e9rio evangel\u00edstico com base na Su\u00ed\u00e7a, a situa\u00e7\u00e3o se agravou quando Tom passou a orar pelos doentes na via p\u00fablica.\u00a0<\/span><\/p>\n<p><span style=\"font-weight: 400;\">\u201cA pol\u00edcia disse que isso n\u00e3o era permitido\u201d, relatou. Em seguida, o evangelista foi detido e passou algumas horas na cadeia antes de ser liberado.<\/span><\/p>\n<p><strong>Protestos e cancelamento da campanha<\/strong><\/p>\n<p><span style=\"font-weight: 400;\">Tom de Wal, de 35 anos, lidera a Frontrunners Ministries, que havia planejado realizar tr\u00eas cultos da campanha \u201cSemana do Avivamento\u201d em um hotel na cidade de Eindhoven. No entanto, ativistas LGBT protestaram contra o evento, e o hotel cancelou a reserva.<\/span><\/p>\n<p><span style=\"font-weight: 400;\">Ap\u00f3s o cancelamento, os cultos foram transferidos para uma igreja em Tilburg. De acordo com Stephan van der Wouden, diretor de opera\u00e7\u00f5es da Frontrunners, os mesmos manifestantes de Eindhoven viajaram at\u00e9 Tilburg para continuar os protestos.<\/span><\/p>\n<p><span style=\"font-weight: 400;\">As manifesta\u00e7\u00f5es come\u00e7aram ap\u00f3s reportagens acusarem Tom de Wal de promover \u201ccura gay\u201d. Stephan negou a acusa\u00e7\u00e3o e afirmou que a cobertura da m\u00eddia distorceu os fatos. \u201cEssa imagem \u00e9 imprecisa. Tom de Wal nunca fala sobre esse assunto. Essa narrativa inflamou a situa\u00e7\u00e3o desnecessariamente\u201d, disse em entrevista ao Revive.<\/span><\/p>\n<p><span style=\"font-weight: 400;\">Ele tamb\u00e9m afirmou que n\u00e3o houve comunica\u00e7\u00e3o clara por parte da prefeitura e refor\u00e7ou que a campanha era uma reuni\u00e3o religiosa, n\u00e3o um evento p\u00fablico.<\/span><\/p>\n<p><strong>Especialistas apontaram viola\u00e7\u00e3o da liberdade religiosa<\/strong><\/p>\n<p><span style=\"font-weight: 400;\">A pris\u00e3o do evangelista gerou forte repercuss\u00e3o nas redes sociais e indigna\u00e7\u00e3o entre crist\u00e3os na Holanda. Jean-Luc Trachsel classificou o epis\u00f3dio como ilegal e alertou para o aumento da persegui\u00e7\u00e3o religiosa na Europa.<\/span><\/p>\n<p><span style=\"font-weight: 400;\">A professora Sophie van Bijsterveld, especialista em religi\u00e3o, direito e sociedade da Universidade Radboud de Nijmegen, afirmou que a interven\u00e7\u00e3o do governo foi equivocada.<\/span><\/p>\n<p><span style=\"font-weight: 400;\">\u201cUm evento \u00e9 definido como uma atividade de entretenimento acess\u00edvel ao p\u00fablico. \u00c9 dif\u00edcil sustentar que um culto se encaixe nisso. Independentemente da opini\u00e3o sobre Tom de Wal, tratava-se de uma express\u00e3o de f\u00e9, protegida pela liberdade religiosa\u201d, explicou em entrevista ao AD.<\/span><\/p>\n<\/div>\n<p><script async src=\"\/\/www.instagram.com\/embed.js\"><\/script><br \/>\n<br \/><br \/>\n<br \/>Fonte: Guiame <\/p>\n","protected":false},"excerpt":{"rendered":"<p>O Minist\u00e9rio P\u00fablico da Holanda decidiu arquivar o processo criminal contra o evangelista Tom de Wal, reconhecendo que o culto interrompido pela pol\u00edcia no in\u00edcio do m\u00eas, na cidade de Tilburg, n\u00e3o configurava um evento p\u00fablico, mas sim uma reuni\u00e3o religiosa protegida pela liberdade de culto.\u00a0 A decis\u00e3o, divulgada nesta quinta-feira (29), encerra oficialmente a [&hellip;]<\/p>\n","protected":false},"author":1,"featured_media":3620,"comment_status":"","ping_status":"open","sticky":false,"template":"","format":"standard","meta":{"footnotes":""},"categories":[43],"tags":[],"class_list":["post-3619","post","type-post","status-publish","format-standard","has-post-thumbnail","hentry","category-destaques"],"yoast_head":"<!-- This site is optimized with the Yoast SEO plugin v26.8 - https:\/\/yoast.com\/product\/yoast-seo-wordpress\/ -->\n<title>MP da Holanda admite que pris\u00e3o de evangelista durante culto foi injusta - R\u00e1dio Porto Seguro<\/title>\n<meta name=\"robots\" content=\"index, follow, max-snippet:-1, max-image-preview:large, max-video-preview:-1\" \/>\n<link rel=\"canonical\" href=\"https:\/\/radioportoseguro.com.br\/site\/2026\/01\/31\/mp-da-holanda-admite-que-prisao-de-evangelista-durante-culto-foi-injusta\/\" \/>\n<meta property=\"og:locale\" content=\"pt_BR\" \/>\n<meta property=\"og:type\" content=\"article\" \/>\n<meta property=\"og:title\" content=\"MP da Holanda admite que pris\u00e3o de evangelista durante culto foi injusta - R\u00e1dio Porto Seguro\" \/>\n<meta property=\"og:description\" content=\"O Minist\u00e9rio P\u00fablico da Holanda decidiu arquivar o processo criminal contra o evangelista Tom de Wal, reconhecendo que o culto interrompido pela pol\u00edcia no in\u00edcio do m\u00eas, na cidade de Tilburg, n\u00e3o configurava um evento p\u00fablico, mas sim uma reuni\u00e3o religiosa protegida pela liberdade de culto.\u00a0 A decis\u00e3o, divulgada nesta quinta-feira (29), encerra oficialmente a [&hellip;]\" \/>\n<meta property=\"og:url\" content=\"https:\/\/radioportoseguro.com.br\/site\/2026\/01\/31\/mp-da-holanda-admite-que-prisao-de-evangelista-durante-culto-foi-injusta\/\" \/>\n<meta property=\"og:site_name\" content=\"R\u00e1dio Porto Seguro\" \/>\n<meta property=\"article:published_time\" content=\"2026-01-31T11:42:54+00:00\" \/>\n<meta property=\"og:image\" content=\"https:\/\/media.guiame.com.br\/archives\/2026\/01\/30\/4176130721-tom-de-wal.jpg\" \/>\n<meta name=\"author\" content=\"admin\" \/>\n<meta name=\"twitter:card\" content=\"summary_large_image\" \/>\n<meta name=\"twitter:label1\" content=\"Escrito por\" \/>\n\t<meta name=\"twitter:data1\" content=\"admin\" \/>\n\t<meta name=\"twitter:label2\" content=\"Est. tempo de leitura\" \/>\n\t<meta name=\"twitter:data2\" content=\"4 minutos\" \/>\n<script type=\"application\/ld+json\" class=\"yoast-schema-graph\">{\"@context\":\"https:\/\/schema.org\",\"@graph\":[{\"@type\":\"Article\",\"@id\":\"https:\/\/radioportoseguro.com.br\/site\/2026\/01\/31\/mp-da-holanda-admite-que-prisao-de-evangelista-durante-culto-foi-injusta\/#article\",\"isPartOf\":{\"@id\":\"https:\/\/radioportoseguro.com.br\/site\/2026\/01\/31\/mp-da-holanda-admite-que-prisao-de-evangelista-durante-culto-foi-injusta\/\"},\"author\":{\"name\":\"admin\",\"@id\":\"https:\/\/radioportoseguro.com.br\/site\/#\/schema\/person\/7630acdc320186f13639d3c067ec089b\"},\"headline\":\"MP da Holanda admite que pris\u00e3o de evangelista durante culto foi injusta\",\"datePublished\":\"2026-01-31T11:42:54+00:00\",\"mainEntityOfPage\":{\"@id\":\"https:\/\/radioportoseguro.com.br\/site\/2026\/01\/31\/mp-da-holanda-admite-que-prisao-de-evangelista-durante-culto-foi-injusta\/\"},\"wordCount\":830,\"image\":{\"@id\":\"https:\/\/radioportoseguro.com.br\/site\/2026\/01\/31\/mp-da-holanda-admite-que-prisao-de-evangelista-durante-culto-foi-injusta\/#primaryimage\"},\"thumbnailUrl\":\"https:\/\/radioportoseguro.com.br\/site\/wp-content\/uploads\/2026\/01\/4176130721-tom-de-wal.jpg\",\"articleSection\":[\"Destaques\"],\"inLanguage\":\"pt-BR\"},{\"@type\":\"WebPage\",\"@id\":\"https:\/\/radioportoseguro.com.br\/site\/2026\/01\/31\/mp-da-holanda-admite-que-prisao-de-evangelista-durante-culto-foi-injusta\/\",\"url\":\"https:\/\/radioportoseguro.com.br\/site\/2026\/01\/31\/mp-da-holanda-admite-que-prisao-de-evangelista-durante-culto-foi-injusta\/\",\"name\":\"MP da Holanda admite que pris\u00e3o de evangelista durante culto foi injusta - R\u00e1dio Porto Seguro\",\"isPartOf\":{\"@id\":\"https:\/\/radioportoseguro.com.br\/site\/#website\"},\"primaryImageOfPage\":{\"@id\":\"https:\/\/radioportoseguro.com.br\/site\/2026\/01\/31\/mp-da-holanda-admite-que-prisao-de-evangelista-durante-culto-foi-injusta\/#primaryimage\"},\"image\":{\"@id\":\"https:\/\/radioportoseguro.com.br\/site\/2026\/01\/31\/mp-da-holanda-admite-que-prisao-de-evangelista-durante-culto-foi-injusta\/#primaryimage\"},\"thumbnailUrl\":\"https:\/\/radioportoseguro.com.br\/site\/wp-content\/uploads\/2026\/01\/4176130721-tom-de-wal.jpg\",\"datePublished\":\"2026-01-31T11:42:54+00:00\",\"author\":{\"@id\":\"https:\/\/radioportoseguro.com.br\/site\/#\/schema\/person\/7630acdc320186f13639d3c067ec089b\"},\"breadcrumb\":{\"@id\":\"https:\/\/radioportoseguro.com.br\/site\/2026\/01\/31\/mp-da-holanda-admite-que-prisao-de-evangelista-durante-culto-foi-injusta\/#breadcrumb\"},\"inLanguage\":\"pt-BR\",\"potentialAction\":[{\"@type\":\"ReadAction\",\"target\":[\"https:\/\/radioportoseguro.com.br\/site\/2026\/01\/31\/mp-da-holanda-admite-que-prisao-de-evangelista-durante-culto-foi-injusta\/\"]}]},{\"@type\":\"ImageObject\",\"inLanguage\":\"pt-BR\",\"@id\":\"https:\/\/radioportoseguro.com.br\/site\/2026\/01\/31\/mp-da-holanda-admite-que-prisao-de-evangelista-durante-culto-foi-injusta\/#primaryimage\",\"url\":\"https:\/\/radioportoseguro.com.br\/site\/wp-content\/uploads\/2026\/01\/4176130721-tom-de-wal.jpg\",\"contentUrl\":\"https:\/\/radioportoseguro.com.br\/site\/wp-content\/uploads\/2026\/01\/4176130721-tom-de-wal.jpg\",\"width\":1200,\"height\":600},{\"@type\":\"BreadcrumbList\",\"@id\":\"https:\/\/radioportoseguro.com.br\/site\/2026\/01\/31\/mp-da-holanda-admite-que-prisao-de-evangelista-durante-culto-foi-injusta\/#breadcrumb\",\"itemListElement\":[{\"@type\":\"ListItem\",\"position\":1,\"name\":\"In\u00edcio\",\"item\":\"https:\/\/radioportoseguro.com.br\/site\/\"},{\"@type\":\"ListItem\",\"position\":2,\"name\":\"MP da Holanda admite que pris\u00e3o de evangelista durante culto foi injusta\"}]},{\"@type\":\"WebSite\",\"@id\":\"https:\/\/radioportoseguro.com.br\/site\/#website\",\"url\":\"https:\/\/radioportoseguro.com.br\/site\/\",\"name\":\"R\u00e1dio Porto Seguro\",\"description\":\"\",\"potentialAction\":[{\"@type\":\"SearchAction\",\"target\":{\"@type\":\"EntryPoint\",\"urlTemplate\":\"https:\/\/radioportoseguro.com.br\/site\/?s={search_term_string}\"},\"query-input\":{\"@type\":\"PropertyValueSpecification\",\"valueRequired\":true,\"valueName\":\"search_term_string\"}}],\"inLanguage\":\"pt-BR\"},{\"@type\":\"Person\",\"@id\":\"https:\/\/radioportoseguro.com.br\/site\/#\/schema\/person\/7630acdc320186f13639d3c067ec089b\",\"name\":\"admin\",\"image\":{\"@type\":\"ImageObject\",\"inLanguage\":\"pt-BR\",\"@id\":\"https:\/\/radioportoseguro.com.br\/site\/#\/schema\/person\/image\/\",\"url\":\"https:\/\/secure.gravatar.com\/avatar\/caacf4dc1eedb68fab0df8e1ed46c448e578b2466351bbcb61e47d2ac0caaef0?s=96&d=mm&r=g\",\"contentUrl\":\"https:\/\/secure.gravatar.com\/avatar\/caacf4dc1eedb68fab0df8e1ed46c448e578b2466351bbcb61e47d2ac0caaef0?s=96&d=mm&r=g\",\"caption\":\"admin\"},\"sameAs\":[\"https:\/\/radioportoseguro.com.br\/site\"],\"url\":\"https:\/\/radioportoseguro.com.br\/site\/author\/hezio\/\"}]}<\/script>\n<!-- \/ Yoast SEO plugin. -->","yoast_head_json":{"title":"MP da Holanda admite que pris\u00e3o de evangelista durante culto foi injusta - R\u00e1dio Porto Seguro","robots":{"index":"index","follow":"follow","max-snippet":"max-snippet:-1","max-image-preview":"max-image-preview:large","max-video-preview":"max-video-preview:-1"},"canonical":"https:\/\/radioportoseguro.com.br\/site\/2026\/01\/31\/mp-da-holanda-admite-que-prisao-de-evangelista-durante-culto-foi-injusta\/","og_locale":"pt_BR","og_type":"article","og_title":"MP da Holanda admite que pris\u00e3o de evangelista durante culto foi injusta - R\u00e1dio Porto Seguro","og_description":"O Minist\u00e9rio P\u00fablico da Holanda decidiu arquivar o processo criminal contra o evangelista Tom de Wal, reconhecendo que o culto interrompido pela pol\u00edcia no in\u00edcio do m\u00eas, na cidade de Tilburg, n\u00e3o configurava um evento p\u00fablico, mas sim uma reuni\u00e3o religiosa protegida pela liberdade de culto.\u00a0 A decis\u00e3o, divulgada nesta quinta-feira (29), encerra oficialmente a [&hellip;]","og_url":"https:\/\/radioportoseguro.com.br\/site\/2026\/01\/31\/mp-da-holanda-admite-que-prisao-de-evangelista-durante-culto-foi-injusta\/","og_site_name":"R\u00e1dio Porto Seguro","article_published_time":"2026-01-31T11:42:54+00:00","og_image":[{"url":"https:\/\/media.guiame.com.br\/archives\/2026\/01\/30\/4176130721-tom-de-wal.jpg","type":"","width":"","height":""}],"author":"admin","twitter_card":"summary_large_image","twitter_misc":{"Escrito por":"admin","Est. tempo de leitura":"4 minutos"},"schema":{"@context":"https:\/\/schema.org","@graph":[{"@type":"Article","@id":"https:\/\/radioportoseguro.com.br\/site\/2026\/01\/31\/mp-da-holanda-admite-que-prisao-de-evangelista-durante-culto-foi-injusta\/#article","isPartOf":{"@id":"https:\/\/radioportoseguro.com.br\/site\/2026\/01\/31\/mp-da-holanda-admite-que-prisao-de-evangelista-durante-culto-foi-injusta\/"},"author":{"name":"admin","@id":"https:\/\/radioportoseguro.com.br\/site\/#\/schema\/person\/7630acdc320186f13639d3c067ec089b"},"headline":"MP da Holanda admite que pris\u00e3o de evangelista durante culto foi injusta","datePublished":"2026-01-31T11:42:54+00:00","mainEntityOfPage":{"@id":"https:\/\/radioportoseguro.com.br\/site\/2026\/01\/31\/mp-da-holanda-admite-que-prisao-de-evangelista-durante-culto-foi-injusta\/"},"wordCount":830,"image":{"@id":"https:\/\/radioportoseguro.com.br\/site\/2026\/01\/31\/mp-da-holanda-admite-que-prisao-de-evangelista-durante-culto-foi-injusta\/#primaryimage"},"thumbnailUrl":"https:\/\/radioportoseguro.com.br\/site\/wp-content\/uploads\/2026\/01\/4176130721-tom-de-wal.jpg","articleSection":["Destaques"],"inLanguage":"pt-BR"},{"@type":"WebPage","@id":"https:\/\/radioportoseguro.com.br\/site\/2026\/01\/31\/mp-da-holanda-admite-que-prisao-de-evangelista-durante-culto-foi-injusta\/","url":"https:\/\/radioportoseguro.com.br\/site\/2026\/01\/31\/mp-da-holanda-admite-que-prisao-de-evangelista-durante-culto-foi-injusta\/","name":"MP da Holanda admite que pris\u00e3o de evangelista durante culto foi injusta - R\u00e1dio Porto Seguro","isPartOf":{"@id":"https:\/\/radioportoseguro.com.br\/site\/#website"},"primaryImageOfPage":{"@id":"https:\/\/radioportoseguro.com.br\/site\/2026\/01\/31\/mp-da-holanda-admite-que-prisao-de-evangelista-durante-culto-foi-injusta\/#primaryimage"},"image":{"@id":"https:\/\/radioportoseguro.com.br\/site\/2026\/01\/31\/mp-da-holanda-admite-que-prisao-de-evangelista-durante-culto-foi-injusta\/#primaryimage"},"thumbnailUrl":"https:\/\/radioportoseguro.com.br\/site\/wp-content\/uploads\/2026\/01\/4176130721-tom-de-wal.jpg","datePublished":"2026-01-31T11:42:54+00:00","author":{"@id":"https:\/\/radioportoseguro.com.br\/site\/#\/schema\/person\/7630acdc320186f13639d3c067ec089b"},"breadcrumb":{"@id":"https:\/\/radioportoseguro.com.br\/site\/2026\/01\/31\/mp-da-holanda-admite-que-prisao-de-evangelista-durante-culto-foi-injusta\/#breadcrumb"},"inLanguage":"pt-BR","potentialAction":[{"@type":"ReadAction","target":["https:\/\/radioportoseguro.com.br\/site\/2026\/01\/31\/mp-da-holanda-admite-que-prisao-de-evangelista-durante-culto-foi-injusta\/"]}]},{"@type":"ImageObject","inLanguage":"pt-BR","@id":"https:\/\/radioportoseguro.com.br\/site\/2026\/01\/31\/mp-da-holanda-admite-que-prisao-de-evangelista-durante-culto-foi-injusta\/#primaryimage","url":"https:\/\/radioportoseguro.com.br\/site\/wp-content\/uploads\/2026\/01\/4176130721-tom-de-wal.jpg","contentUrl":"https:\/\/radioportoseguro.com.br\/site\/wp-content\/uploads\/2026\/01\/4176130721-tom-de-wal.jpg","width":1200,"height":600},{"@type":"BreadcrumbList","@id":"https:\/\/radioportoseguro.com.br\/site\/2026\/01\/31\/mp-da-holanda-admite-que-prisao-de-evangelista-durante-culto-foi-injusta\/#breadcrumb","itemListElement":[{"@type":"ListItem","position":1,"name":"In\u00edcio","item":"https:\/\/radioportoseguro.com.br\/site\/"},{"@type":"ListItem","position":2,"name":"MP da Holanda admite que pris\u00e3o de evangelista durante culto foi injusta"}]},{"@type":"WebSite","@id":"https:\/\/radioportoseguro.com.br\/site\/#website","url":"https:\/\/radioportoseguro.com.br\/site\/","name":"R\u00e1dio Porto Seguro","description":"","potentialAction":[{"@type":"SearchAction","target":{"@type":"EntryPoint","urlTemplate":"https:\/\/radioportoseguro.com.br\/site\/?s={search_term_string}"},"query-input":{"@type":"PropertyValueSpecification","valueRequired":true,"valueName":"search_term_string"}}],"inLanguage":"pt-BR"},{"@type":"Person","@id":"https:\/\/radioportoseguro.com.br\/site\/#\/schema\/person\/7630acdc320186f13639d3c067ec089b","name":"admin","image":{"@type":"ImageObject","inLanguage":"pt-BR","@id":"https:\/\/radioportoseguro.com.br\/site\/#\/schema\/person\/image\/","url":"https:\/\/secure.gravatar.com\/avatar\/caacf4dc1eedb68fab0df8e1ed46c448e578b2466351bbcb61e47d2ac0caaef0?s=96&d=mm&r=g","contentUrl":"https:\/\/secure.gravatar.com\/avatar\/caacf4dc1eedb68fab0df8e1ed46c448e578b2466351bbcb61e47d2ac0caaef0?s=96&d=mm&r=g","caption":"admin"},"sameAs":["https:\/\/radioportoseguro.com.br\/site"],"url":"https:\/\/radioportoseguro.com.br\/site\/author\/hezio\/"}]}},"_links":{"self":[{"href":"https:\/\/radioportoseguro.com.br\/site\/wp-json\/wp\/v2\/posts\/3619","targetHints":{"allow":["GET"]}}],"collection":[{"href":"https:\/\/radioportoseguro.com.br\/site\/wp-json\/wp\/v2\/posts"}],"about":[{"href":"https:\/\/radioportoseguro.com.br\/site\/wp-json\/wp\/v2\/types\/post"}],"author":[{"embeddable":true,"href":"https:\/\/radioportoseguro.com.br\/site\/wp-json\/wp\/v2\/users\/1"}],"replies":[{"embeddable":true,"href":"https:\/\/radioportoseguro.com.br\/site\/wp-json\/wp\/v2\/comments?post=3619"}],"version-history":[{"count":0,"href":"https:\/\/radioportoseguro.com.br\/site\/wp-json\/wp\/v2\/posts\/3619\/revisions"}],"wp:featuredmedia":[{"embeddable":true,"href":"https:\/\/radioportoseguro.com.br\/site\/wp-json\/wp\/v2\/media\/3620"}],"wp:attachment":[{"href":"https:\/\/radioportoseguro.com.br\/site\/wp-json\/wp\/v2\/media?parent=3619"}],"wp:term":[{"taxonomy":"category","embeddable":true,"href":"https:\/\/radioportoseguro.com.br\/site\/wp-json\/wp\/v2\/categories?post=3619"},{"taxonomy":"post_tag","embeddable":true,"href":"https:\/\/radioportoseguro.com.br\/site\/wp-json\/wp\/v2\/tags?post=3619"}],"curies":[{"name":"wp","href":"https:\/\/api.w.org\/{rel}","templated":true}]}}