{"id":3625,"date":"2026-01-31T12:49:56","date_gmt":"2026-01-31T15:49:56","guid":{"rendered":"https:\/\/radioportoseguro.com.br\/site\/2026\/01\/31\/culto-em-casa-impacta-favela-em-bh-deus-tem-tocado-esse-lugar\/"},"modified":"2026-01-31T12:49:56","modified_gmt":"2026-01-31T15:49:56","slug":"culto-em-casa-impacta-favela-em-bh-deus-tem-tocado-esse-lugar","status":"publish","type":"post","link":"https:\/\/radioportoseguro.com.br\/site\/2026\/01\/31\/culto-em-casa-impacta-favela-em-bh-deus-tem-tocado-esse-lugar\/","title":{"rendered":"Culto em casa impacta favela em BH: \u201cDeus tem tocado esse lugar\u201d"},"content":{"rendered":"<p><br \/>\n<br \/><\/p>\n<div>\n<p><span style=\"font-weight: 400;\">Em uma favela de Belo Horizonte, moradores e traficantes est\u00e3o sendo alcan\u00e7ados pelo Evangelho. O evangelista de rua <\/span><span style=\"color: #993300;\"><strong>Jo\u00e3o Basques<\/strong><\/span><span style=\"font-weight: 400;\">, que faz parte do movimento crist\u00e3o Parousia, compartilhou que Jesus est\u00e1 atraindo a popula\u00e7\u00e3o atrav\u00e9s de cultos nos lares.<\/span><\/p>\n<p><span style=\"font-weight: 400;\">Recentemente, Jo\u00e3o liderou um culto em uma casa na comunidade conhecida como \u2018Cabana do Pai Tom\u00e1s\u2019, em Minas Gerais.<\/span><\/p>\n<p><span style=\"font-weight: 400;\">Na ocasi\u00e3o, muitos jovens se reuniram para louvar e ouvir a Palavra de Deus: \u201cEsse \u00e9 o som de um culto caseiro na favela\u201d, disse Jo\u00e3o no Instagram.<\/span><\/p>\n<p><span style=\"font-weight: 400;\">Em meio aos louvores, o grupo glorificou ao Senhor pelos frutos do trabalho evangel\u00edstico no local.<\/span><\/p>\n<p><span style=\"font-weight: 400;\">\u201cJesus tem tocado esse lugar de forma profunda e real. Um culto no beco, que at\u00e9 os traficantes sentam para ouvir e ver o que Jesus est\u00e1 fazendo\u201d, testemunhou Jo\u00e3o.\u00a0<\/span><\/p>\n<blockquote class=\"instagram-media\" style=\"background: #FFF; border: 0; border-radius: 3px; box-shadow: 0 0 1px 0 rgba(0,0,0,0.5),0 1px 10px 0 rgba(0,0,0,0.15); margin: 1px; max-width: 540px; min-width: 326px; padding: 0; width: calc(100% - 2px);\" data-instgrm-permalink=\"https:\/\/www.instagram.com\/reel\/DUG_BJ5D4eP\/?utm_source=ig_embed&amp;utm_campaign=loading\" data-instgrm-version=\"14\"><p>&#13;<br \/>\n&#13;\n<\/p><\/blockquote>\n<p><span style=\"font-weight: 400;\">Em um v\u00eddeo, o grupo aparece louvando e muitos est\u00e3o sentindo a presen\u00e7a de Deus no local.<\/span><\/p>\n<p><span style=\"font-weight: 400;\">\u201cEnquanto muitos procuram estrutura, Jesus escolheu uma sala no cora\u00e7\u00e3o da favela\u201d, afirmou Jo\u00e3o.<\/span><\/p>\n<p><strong>\u2018O Cabana tem um Deus\u2019<\/strong><\/p>\n<p><span style=\"font-weight: 400;\">Jo\u00e3o \u00e9 l\u00edder e fundador do <\/span><span style=\"color: #993300;\"><strong>movimento Parousia<\/strong><\/span><span style=\"font-weight: 400;\">, que nasceu na favela do Cabana \u2014 o mesmo bairro onde ele cresceu. Hoje, ele dedica a vida a pregar o Evangelho a jovens, crian\u00e7as, vi\u00favas e at\u00e9 traficantes da comunidade.<\/span><\/p>\n<p><span style=\"font-weight: 400;\">Durante anos, ele orou ao lado da fam\u00edlia e dos amigos pedindo a Deus que levantasse mais crist\u00e3os dispostos a pregar Jesus na regi\u00e3o.<\/span><\/p>\n<blockquote class=\"instagram-media\" style=\"background: #FFF; border: 0; border-radius: 3px; box-shadow: 0 0 1px 0 rgba(0,0,0,0.5),0 1px 10px 0 rgba(0,0,0,0.15); margin: 1px; max-width: 540px; min-width: 326px; padding: 0; width: calc(100% - 2px);\" data-instgrm-permalink=\"https:\/\/www.instagram.com\/reel\/C9dwkkZJaRU\/?utm_source=ig_embed&amp;utm_campaign=loading\" data-instgrm-version=\"14\"><p>&#13;<br \/>\n&#13;\n<\/p><\/blockquote>\n<p><span style=\"font-weight: 400;\">\u201cEu sou um mission\u00e1rio que n\u00e3o foi para a \u00c1frica, mas um dia saiu de casa e encontrou seu campo de miss\u00e3o na quebrada onde nasceu\u201d, afirmou ele em um v\u00eddeo no Instagram.<\/span><\/p>\n<p><span style=\"font-weight: 400;\">\u201cEu acredito muito no poder de Deus. Acredito que o Cabana n\u00e3o ser\u00e1 mais lembrado por causa do tr\u00e1fico de drogas, n\u00e3o ser\u00e1 lembrado por causa do p\u00f3 daqui. O Cabana ser\u00e1 lembrado como um lugar que tem um Deus, e o Deus do Cabana caminha pelos becos, junto a n\u00f3s\u201d, acrescentou.<\/span><\/p>\n<p><span style=\"font-weight: 400;\">Por meio de vig\u00edlias, evangelismos e cultos nas pra\u00e7as, o movimento busca fortalecer espiritualmente a sociedade, treinando l\u00edderes para pregar o Evangelho.<\/span><\/p>\n<\/div>\n<p><script async src=\"\/\/www.instagram.com\/embed.js\"><\/script><br \/>\n<br \/><br \/>\n<br \/>Fonte: Guiame <\/p>\n","protected":false},"excerpt":{"rendered":"<p>Em uma favela de Belo Horizonte, moradores e traficantes est\u00e3o sendo alcan\u00e7ados pelo Evangelho. O evangelista de rua Jo\u00e3o Basques, que faz parte do movimento crist\u00e3o Parousia, compartilhou que Jesus est\u00e1 atraindo a popula\u00e7\u00e3o atrav\u00e9s de cultos nos lares. Recentemente, Jo\u00e3o liderou um culto em uma casa na comunidade conhecida como \u2018Cabana do Pai Tom\u00e1s\u2019, [&hellip;]<\/p>\n","protected":false},"author":1,"featured_media":3626,"comment_status":"","ping_status":"open","sticky":false,"template":"","format":"standard","meta":{"footnotes":""},"categories":[43],"tags":[],"class_list":["post-3625","post","type-post","status-publish","format-standard","has-post-thumbnail","hentry","category-destaques"],"yoast_head":"<!-- This site is optimized with the Yoast SEO plugin v26.8 - https:\/\/yoast.com\/product\/yoast-seo-wordpress\/ -->\n<title>Culto em casa impacta favela em BH: \u201cDeus tem tocado esse lugar\u201d - R\u00e1dio Porto Seguro<\/title>\n<meta name=\"robots\" content=\"index, follow, max-snippet:-1, max-image-preview:large, max-video-preview:-1\" \/>\n<link rel=\"canonical\" href=\"https:\/\/radioportoseguro.com.br\/site\/2026\/01\/31\/culto-em-casa-impacta-favela-em-bh-deus-tem-tocado-esse-lugar\/\" \/>\n<meta property=\"og:locale\" content=\"pt_BR\" \/>\n<meta property=\"og:type\" content=\"article\" \/>\n<meta property=\"og:title\" content=\"Culto em casa impacta favela em BH: \u201cDeus tem tocado esse lugar\u201d - R\u00e1dio Porto Seguro\" \/>\n<meta property=\"og:description\" content=\"Em uma favela de Belo Horizonte, moradores e traficantes est\u00e3o sendo alcan\u00e7ados pelo Evangelho. O evangelista de rua Jo\u00e3o Basques, que faz parte do movimento crist\u00e3o Parousia, compartilhou que Jesus est\u00e1 atraindo a popula\u00e7\u00e3o atrav\u00e9s de cultos nos lares. Recentemente, Jo\u00e3o liderou um culto em uma casa na comunidade conhecida como \u2018Cabana do Pai Tom\u00e1s\u2019, [&hellip;]\" \/>\n<meta property=\"og:url\" content=\"https:\/\/radioportoseguro.com.br\/site\/2026\/01\/31\/culto-em-casa-impacta-favela-em-bh-deus-tem-tocado-esse-lugar\/\" \/>\n<meta property=\"og:site_name\" content=\"R\u00e1dio Porto Seguro\" \/>\n<meta property=\"article:published_time\" content=\"2026-01-31T15:49:56+00:00\" \/>\n<meta property=\"og:image\" content=\"https:\/\/media.guiame.com.br\/archives\/2026\/01\/30\/2825103599-os-cristaos-durante-o-culto.jpeg\" \/>\n<meta name=\"author\" content=\"admin\" \/>\n<meta name=\"twitter:card\" content=\"summary_large_image\" \/>\n<meta name=\"twitter:label1\" content=\"Escrito por\" \/>\n\t<meta name=\"twitter:data1\" content=\"admin\" \/>\n\t<meta name=\"twitter:label2\" content=\"Est. tempo de leitura\" \/>\n\t<meta name=\"twitter:data2\" content=\"2 minutos\" \/>\n<script type=\"application\/ld+json\" class=\"yoast-schema-graph\">{\"@context\":\"https:\/\/schema.org\",\"@graph\":[{\"@type\":\"Article\",\"@id\":\"https:\/\/radioportoseguro.com.br\/site\/2026\/01\/31\/culto-em-casa-impacta-favela-em-bh-deus-tem-tocado-esse-lugar\/#article\",\"isPartOf\":{\"@id\":\"https:\/\/radioportoseguro.com.br\/site\/2026\/01\/31\/culto-em-casa-impacta-favela-em-bh-deus-tem-tocado-esse-lugar\/\"},\"author\":{\"name\":\"admin\",\"@id\":\"https:\/\/radioportoseguro.com.br\/site\/#\/schema\/person\/7630acdc320186f13639d3c067ec089b\"},\"headline\":\"Culto em casa impacta favela em BH: \u201cDeus tem tocado esse lugar\u201d\",\"datePublished\":\"2026-01-31T15:49:56+00:00\",\"mainEntityOfPage\":{\"@id\":\"https:\/\/radioportoseguro.com.br\/site\/2026\/01\/31\/culto-em-casa-impacta-favela-em-bh-deus-tem-tocado-esse-lugar\/\"},\"wordCount\":386,\"image\":{\"@id\":\"https:\/\/radioportoseguro.com.br\/site\/2026\/01\/31\/culto-em-casa-impacta-favela-em-bh-deus-tem-tocado-esse-lugar\/#primaryimage\"},\"thumbnailUrl\":\"https:\/\/radioportoseguro.com.br\/site\/wp-content\/uploads\/2026\/01\/2825103599-os-cristaos-durante-o-culto.jpeg\",\"articleSection\":[\"Destaques\"],\"inLanguage\":\"pt-BR\"},{\"@type\":\"WebPage\",\"@id\":\"https:\/\/radioportoseguro.com.br\/site\/2026\/01\/31\/culto-em-casa-impacta-favela-em-bh-deus-tem-tocado-esse-lugar\/\",\"url\":\"https:\/\/radioportoseguro.com.br\/site\/2026\/01\/31\/culto-em-casa-impacta-favela-em-bh-deus-tem-tocado-esse-lugar\/\",\"name\":\"Culto em casa impacta favela em BH: \u201cDeus tem tocado esse lugar\u201d - R\u00e1dio Porto Seguro\",\"isPartOf\":{\"@id\":\"https:\/\/radioportoseguro.com.br\/site\/#website\"},\"primaryImageOfPage\":{\"@id\":\"https:\/\/radioportoseguro.com.br\/site\/2026\/01\/31\/culto-em-casa-impacta-favela-em-bh-deus-tem-tocado-esse-lugar\/#primaryimage\"},\"image\":{\"@id\":\"https:\/\/radioportoseguro.com.br\/site\/2026\/01\/31\/culto-em-casa-impacta-favela-em-bh-deus-tem-tocado-esse-lugar\/#primaryimage\"},\"thumbnailUrl\":\"https:\/\/radioportoseguro.com.br\/site\/wp-content\/uploads\/2026\/01\/2825103599-os-cristaos-durante-o-culto.jpeg\",\"datePublished\":\"2026-01-31T15:49:56+00:00\",\"author\":{\"@id\":\"https:\/\/radioportoseguro.com.br\/site\/#\/schema\/person\/7630acdc320186f13639d3c067ec089b\"},\"breadcrumb\":{\"@id\":\"https:\/\/radioportoseguro.com.br\/site\/2026\/01\/31\/culto-em-casa-impacta-favela-em-bh-deus-tem-tocado-esse-lugar\/#breadcrumb\"},\"inLanguage\":\"pt-BR\",\"potentialAction\":[{\"@type\":\"ReadAction\",\"target\":[\"https:\/\/radioportoseguro.com.br\/site\/2026\/01\/31\/culto-em-casa-impacta-favela-em-bh-deus-tem-tocado-esse-lugar\/\"]}]},{\"@type\":\"ImageObject\",\"inLanguage\":\"pt-BR\",\"@id\":\"https:\/\/radioportoseguro.com.br\/site\/2026\/01\/31\/culto-em-casa-impacta-favela-em-bh-deus-tem-tocado-esse-lugar\/#primaryimage\",\"url\":\"https:\/\/radioportoseguro.com.br\/site\/wp-content\/uploads\/2026\/01\/2825103599-os-cristaos-durante-o-culto.jpeg\",\"contentUrl\":\"https:\/\/radioportoseguro.com.br\/site\/wp-content\/uploads\/2026\/01\/2825103599-os-cristaos-durante-o-culto.jpeg\",\"width\":1200,\"height\":600},{\"@type\":\"BreadcrumbList\",\"@id\":\"https:\/\/radioportoseguro.com.br\/site\/2026\/01\/31\/culto-em-casa-impacta-favela-em-bh-deus-tem-tocado-esse-lugar\/#breadcrumb\",\"itemListElement\":[{\"@type\":\"ListItem\",\"position\":1,\"name\":\"In\u00edcio\",\"item\":\"https:\/\/radioportoseguro.com.br\/site\/\"},{\"@type\":\"ListItem\",\"position\":2,\"name\":\"Culto em casa impacta favela em BH: \u201cDeus tem tocado esse lugar\u201d\"}]},{\"@type\":\"WebSite\",\"@id\":\"https:\/\/radioportoseguro.com.br\/site\/#website\",\"url\":\"https:\/\/radioportoseguro.com.br\/site\/\",\"name\":\"R\u00e1dio Porto Seguro\",\"description\":\"\",\"potentialAction\":[{\"@type\":\"SearchAction\",\"target\":{\"@type\":\"EntryPoint\",\"urlTemplate\":\"https:\/\/radioportoseguro.com.br\/site\/?s={search_term_string}\"},\"query-input\":{\"@type\":\"PropertyValueSpecification\",\"valueRequired\":true,\"valueName\":\"search_term_string\"}}],\"inLanguage\":\"pt-BR\"},{\"@type\":\"Person\",\"@id\":\"https:\/\/radioportoseguro.com.br\/site\/#\/schema\/person\/7630acdc320186f13639d3c067ec089b\",\"name\":\"admin\",\"image\":{\"@type\":\"ImageObject\",\"inLanguage\":\"pt-BR\",\"@id\":\"https:\/\/radioportoseguro.com.br\/site\/#\/schema\/person\/image\/\",\"url\":\"https:\/\/secure.gravatar.com\/avatar\/caacf4dc1eedb68fab0df8e1ed46c448e578b2466351bbcb61e47d2ac0caaef0?s=96&d=mm&r=g\",\"contentUrl\":\"https:\/\/secure.gravatar.com\/avatar\/caacf4dc1eedb68fab0df8e1ed46c448e578b2466351bbcb61e47d2ac0caaef0?s=96&d=mm&r=g\",\"caption\":\"admin\"},\"sameAs\":[\"https:\/\/radioportoseguro.com.br\/site\"],\"url\":\"https:\/\/radioportoseguro.com.br\/site\/author\/hezio\/\"}]}<\/script>\n<!-- \/ Yoast SEO plugin. -->","yoast_head_json":{"title":"Culto em casa impacta favela em BH: \u201cDeus tem tocado esse lugar\u201d - R\u00e1dio Porto Seguro","robots":{"index":"index","follow":"follow","max-snippet":"max-snippet:-1","max-image-preview":"max-image-preview:large","max-video-preview":"max-video-preview:-1"},"canonical":"https:\/\/radioportoseguro.com.br\/site\/2026\/01\/31\/culto-em-casa-impacta-favela-em-bh-deus-tem-tocado-esse-lugar\/","og_locale":"pt_BR","og_type":"article","og_title":"Culto em casa impacta favela em BH: \u201cDeus tem tocado esse lugar\u201d - R\u00e1dio Porto Seguro","og_description":"Em uma favela de Belo Horizonte, moradores e traficantes est\u00e3o sendo alcan\u00e7ados pelo Evangelho. O evangelista de rua Jo\u00e3o Basques, que faz parte do movimento crist\u00e3o Parousia, compartilhou que Jesus est\u00e1 atraindo a popula\u00e7\u00e3o atrav\u00e9s de cultos nos lares. Recentemente, Jo\u00e3o liderou um culto em uma casa na comunidade conhecida como \u2018Cabana do Pai Tom\u00e1s\u2019, [&hellip;]","og_url":"https:\/\/radioportoseguro.com.br\/site\/2026\/01\/31\/culto-em-casa-impacta-favela-em-bh-deus-tem-tocado-esse-lugar\/","og_site_name":"R\u00e1dio Porto Seguro","article_published_time":"2026-01-31T15:49:56+00:00","og_image":[{"url":"https:\/\/media.guiame.com.br\/archives\/2026\/01\/30\/2825103599-os-cristaos-durante-o-culto.jpeg","type":"","width":"","height":""}],"author":"admin","twitter_card":"summary_large_image","twitter_misc":{"Escrito por":"admin","Est. tempo de leitura":"2 minutos"},"schema":{"@context":"https:\/\/schema.org","@graph":[{"@type":"Article","@id":"https:\/\/radioportoseguro.com.br\/site\/2026\/01\/31\/culto-em-casa-impacta-favela-em-bh-deus-tem-tocado-esse-lugar\/#article","isPartOf":{"@id":"https:\/\/radioportoseguro.com.br\/site\/2026\/01\/31\/culto-em-casa-impacta-favela-em-bh-deus-tem-tocado-esse-lugar\/"},"author":{"name":"admin","@id":"https:\/\/radioportoseguro.com.br\/site\/#\/schema\/person\/7630acdc320186f13639d3c067ec089b"},"headline":"Culto em casa impacta favela em BH: \u201cDeus tem tocado esse lugar\u201d","datePublished":"2026-01-31T15:49:56+00:00","mainEntityOfPage":{"@id":"https:\/\/radioportoseguro.com.br\/site\/2026\/01\/31\/culto-em-casa-impacta-favela-em-bh-deus-tem-tocado-esse-lugar\/"},"wordCount":386,"image":{"@id":"https:\/\/radioportoseguro.com.br\/site\/2026\/01\/31\/culto-em-casa-impacta-favela-em-bh-deus-tem-tocado-esse-lugar\/#primaryimage"},"thumbnailUrl":"https:\/\/radioportoseguro.com.br\/site\/wp-content\/uploads\/2026\/01\/2825103599-os-cristaos-durante-o-culto.jpeg","articleSection":["Destaques"],"inLanguage":"pt-BR"},{"@type":"WebPage","@id":"https:\/\/radioportoseguro.com.br\/site\/2026\/01\/31\/culto-em-casa-impacta-favela-em-bh-deus-tem-tocado-esse-lugar\/","url":"https:\/\/radioportoseguro.com.br\/site\/2026\/01\/31\/culto-em-casa-impacta-favela-em-bh-deus-tem-tocado-esse-lugar\/","name":"Culto em casa impacta favela em BH: \u201cDeus tem tocado esse lugar\u201d - R\u00e1dio Porto Seguro","isPartOf":{"@id":"https:\/\/radioportoseguro.com.br\/site\/#website"},"primaryImageOfPage":{"@id":"https:\/\/radioportoseguro.com.br\/site\/2026\/01\/31\/culto-em-casa-impacta-favela-em-bh-deus-tem-tocado-esse-lugar\/#primaryimage"},"image":{"@id":"https:\/\/radioportoseguro.com.br\/site\/2026\/01\/31\/culto-em-casa-impacta-favela-em-bh-deus-tem-tocado-esse-lugar\/#primaryimage"},"thumbnailUrl":"https:\/\/radioportoseguro.com.br\/site\/wp-content\/uploads\/2026\/01\/2825103599-os-cristaos-durante-o-culto.jpeg","datePublished":"2026-01-31T15:49:56+00:00","author":{"@id":"https:\/\/radioportoseguro.com.br\/site\/#\/schema\/person\/7630acdc320186f13639d3c067ec089b"},"breadcrumb":{"@id":"https:\/\/radioportoseguro.com.br\/site\/2026\/01\/31\/culto-em-casa-impacta-favela-em-bh-deus-tem-tocado-esse-lugar\/#breadcrumb"},"inLanguage":"pt-BR","potentialAction":[{"@type":"ReadAction","target":["https:\/\/radioportoseguro.com.br\/site\/2026\/01\/31\/culto-em-casa-impacta-favela-em-bh-deus-tem-tocado-esse-lugar\/"]}]},{"@type":"ImageObject","inLanguage":"pt-BR","@id":"https:\/\/radioportoseguro.com.br\/site\/2026\/01\/31\/culto-em-casa-impacta-favela-em-bh-deus-tem-tocado-esse-lugar\/#primaryimage","url":"https:\/\/radioportoseguro.com.br\/site\/wp-content\/uploads\/2026\/01\/2825103599-os-cristaos-durante-o-culto.jpeg","contentUrl":"https:\/\/radioportoseguro.com.br\/site\/wp-content\/uploads\/2026\/01\/2825103599-os-cristaos-durante-o-culto.jpeg","width":1200,"height":600},{"@type":"BreadcrumbList","@id":"https:\/\/radioportoseguro.com.br\/site\/2026\/01\/31\/culto-em-casa-impacta-favela-em-bh-deus-tem-tocado-esse-lugar\/#breadcrumb","itemListElement":[{"@type":"ListItem","position":1,"name":"In\u00edcio","item":"https:\/\/radioportoseguro.com.br\/site\/"},{"@type":"ListItem","position":2,"name":"Culto em casa impacta favela em BH: \u201cDeus tem tocado esse lugar\u201d"}]},{"@type":"WebSite","@id":"https:\/\/radioportoseguro.com.br\/site\/#website","url":"https:\/\/radioportoseguro.com.br\/site\/","name":"R\u00e1dio Porto Seguro","description":"","potentialAction":[{"@type":"SearchAction","target":{"@type":"EntryPoint","urlTemplate":"https:\/\/radioportoseguro.com.br\/site\/?s={search_term_string}"},"query-input":{"@type":"PropertyValueSpecification","valueRequired":true,"valueName":"search_term_string"}}],"inLanguage":"pt-BR"},{"@type":"Person","@id":"https:\/\/radioportoseguro.com.br\/site\/#\/schema\/person\/7630acdc320186f13639d3c067ec089b","name":"admin","image":{"@type":"ImageObject","inLanguage":"pt-BR","@id":"https:\/\/radioportoseguro.com.br\/site\/#\/schema\/person\/image\/","url":"https:\/\/secure.gravatar.com\/avatar\/caacf4dc1eedb68fab0df8e1ed46c448e578b2466351bbcb61e47d2ac0caaef0?s=96&d=mm&r=g","contentUrl":"https:\/\/secure.gravatar.com\/avatar\/caacf4dc1eedb68fab0df8e1ed46c448e578b2466351bbcb61e47d2ac0caaef0?s=96&d=mm&r=g","caption":"admin"},"sameAs":["https:\/\/radioportoseguro.com.br\/site"],"url":"https:\/\/radioportoseguro.com.br\/site\/author\/hezio\/"}]}},"_links":{"self":[{"href":"https:\/\/radioportoseguro.com.br\/site\/wp-json\/wp\/v2\/posts\/3625","targetHints":{"allow":["GET"]}}],"collection":[{"href":"https:\/\/radioportoseguro.com.br\/site\/wp-json\/wp\/v2\/posts"}],"about":[{"href":"https:\/\/radioportoseguro.com.br\/site\/wp-json\/wp\/v2\/types\/post"}],"author":[{"embeddable":true,"href":"https:\/\/radioportoseguro.com.br\/site\/wp-json\/wp\/v2\/users\/1"}],"replies":[{"embeddable":true,"href":"https:\/\/radioportoseguro.com.br\/site\/wp-json\/wp\/v2\/comments?post=3625"}],"version-history":[{"count":0,"href":"https:\/\/radioportoseguro.com.br\/site\/wp-json\/wp\/v2\/posts\/3625\/revisions"}],"wp:featuredmedia":[{"embeddable":true,"href":"https:\/\/radioportoseguro.com.br\/site\/wp-json\/wp\/v2\/media\/3626"}],"wp:attachment":[{"href":"https:\/\/radioportoseguro.com.br\/site\/wp-json\/wp\/v2\/media?parent=3625"}],"wp:term":[{"taxonomy":"category","embeddable":true,"href":"https:\/\/radioportoseguro.com.br\/site\/wp-json\/wp\/v2\/categories?post=3625"},{"taxonomy":"post_tag","embeddable":true,"href":"https:\/\/radioportoseguro.com.br\/site\/wp-json\/wp\/v2\/tags?post=3625"}],"curies":[{"name":"wp","href":"https:\/\/api.w.org\/{rel}","templated":true}]}}