{"id":3643,"date":"2026-02-01T01:04:36","date_gmt":"2026-02-01T04:04:36","guid":{"rendered":"https:\/\/radioportoseguro.com.br\/site\/2026\/02\/01\/cristaos-sofrem-perseguicao-da-guarda-revolucionaria-do-ira-designada-terrorista-pela-ue\/"},"modified":"2026-02-01T01:04:36","modified_gmt":"2026-02-01T04:04:36","slug":"cristaos-sofrem-perseguicao-da-guarda-revolucionaria-do-ira-designada-terrorista-pela-ue","status":"publish","type":"post","link":"https:\/\/radioportoseguro.com.br\/site\/2026\/02\/01\/cristaos-sofrem-perseguicao-da-guarda-revolucionaria-do-ira-designada-terrorista-pela-ue\/","title":{"rendered":"Crist\u00e3os sofrem persegui\u00e7\u00e3o da Guarda Revolucion\u00e1ria do Ir\u00e3, designada terrorista pela UE"},"content":{"rendered":"<p><br \/>\n<br \/><\/p>\n<div>\n<p>Em uma decis\u00e3o hist\u00f3rica anunciada nesta quinta-feira (29), os ministros das Rela\u00e7\u00f5es Exteriores da <span style=\"color: #800000;\"><strong>Uni\u00e3o Europeia<\/strong><\/span> (UE) concordaram em incluir a For\u00e7a Quds e a Guarda Revolucion\u00e1ria Isl\u00e2mica (IRGC) na lista de organiza\u00e7\u00f5es terroristas do bloco.<\/p>\n<p>A inclus\u00e3o da Guarda Revolucion\u00e1ria na lista europeia busca criminalizar suas atividades no continente, atingindo tanto a influ\u00eancia pol\u00edtica quanto econ\u00f4mica do grupo, que controla parcela significativa da economia iraniana.<\/p>\n<p>A chanceler da pol\u00edtica externa europeia, Kaja Kallas, afirmou que \u201cqualquer regime que mata milhares de seu pr\u00f3prio povo caminha rumo ao seu pr\u00f3prio fim\u201d.<\/p>\n<p>\u201cOs ministros das Rela\u00e7\u00f5es Exteriores da UE acabaram de dar o passo decisivo de designar a Guarda Revolucion\u00e1ria do Ir\u00e3 como uma organiza\u00e7\u00e3o terrorista. Qualquer regime que mata milhares de seus pr\u00f3prios cidad\u00e3os est\u00e1 caminhando para a sua pr\u00f3pria destrui\u00e7\u00e3o\u201d, disse Kallas.<\/p>\n<blockquote class=\"twitter-tweet\"><p>&#13;<\/p>\n<p dir=\"ltr\" lang=\"en\">Iran\u2019s security forces are responsible for mass killings.<\/p>\n<p>Today, we are imposing new sanctions on those directly responsible for the violent crackdown on protests that has killed thousands.<\/p>\n<p>I also expect that Foreign Ministers will take a political decision for the EU to\u2026 <a href=\"https:\/\/t.co\/P6Rj1bM3HR\">pic.twitter.com\/P6Rj1bM3HR<\/a><\/p>\n<p>&#13;<br \/>\n\u2014 Kaja Kallas (@kajakallas) <a href=\"https:\/\/twitter.com\/kajakallas\/status\/2016797144808563186?ref_src=twsrc%5Etfw\">January 29, 2026<\/a><\/p><\/blockquote>\n<p>O ministro das Rela\u00e7\u00f5es Exteriores, Gideon Sa&#8217;ar, elogiou a decis\u00e3o em uma postagem na X na quinta-feira, chamando-a de &#8220;importante e hist\u00f3rica&#8221;, observando que Israel trabalhou durante anos para &#8220;alcan\u00e7ar esse resultado&#8221;.<\/p>\n<p>&#8220;Designar a Guarda Revolucion\u00e1ria Isl\u00e2mica como uma organiza\u00e7\u00e3o terrorista ir\u00e1 frustrar e criminalizar suas atividades na Europa&#8221;, prosseguiu Sa&#8217;ar.<\/p>\n<p>&#8220;Isso representar\u00e1 um duro golpe econ\u00f4mico para uma organiza\u00e7\u00e3o que controla uma vasta parcela da economia do regime iraniano.&#8221;<\/p>\n<p>&#8220;Isso envia uma mensagem importante aos bravos homens e mulheres do Ir\u00e3 que lutam por sua liberdade.&#8221;<\/p>\n<blockquote class=\"twitter-tweet\"><p>&#13;<\/p>\n<p dir=\"ltr\" lang=\"en\">Israeli FM <a href=\"https:\/\/twitter.com\/gidonsaar?ref_src=twsrc%5Etfw\">@gidonsaar<\/a>: \u201cThe decision by EU foreign ministers to designate Iran\u2019s Revolutionary Guards as a terrorist organization is historic and significant.<br \/>It strikes at the heart of the regime that controls much of Iran\u2019s economy and leads the brutal repression of its people.\u2026 <a href=\"https:\/\/t.co\/yM1IfWXYSn\">pic.twitter.com\/yM1IfWXYSn<\/a><\/p>\n<p>&#13;<br \/>\n\u2014 Israel Foreign Ministry (@IsraelMFA) <a href=\"https:\/\/twitter.com\/IsraelMFA\/status\/2016922879372181714?ref_src=twsrc%5Etfw\">January 29, 2026<\/a><\/p><\/blockquote>\n<p>A decis\u00e3o da UE ocorre ap\u00f3s o an\u00fancio feito pela <span style=\"color: #800000;\"><strong>Fran\u00e7a<\/strong><\/span> na quarta-feira de que apoiaria a medida, depois de uma hesita\u00e7\u00e3o inicial.<\/p>\n<p>&#8220;A Fran\u00e7a apoiar\u00e1 a inclus\u00e3o da Guarda Revolucion\u00e1ria Isl\u00e2mica na lista de organiza\u00e7\u00f5es terroristas da Uni\u00e3o Europeia&#8221;, disse o ministro das Rela\u00e7\u00f5es Exteriores franc\u00eas, Jean-No\u00ebl Barrot, na quarta-feira, em entrevista \u00e0 emissora X.<\/p>\n<p>&#8220;A repress\u00e3o insuport\u00e1vel da revolta pac\u00edfica do povo iraniano n\u00e3o pode ficar sem resposta. A extraordin\u00e1ria coragem que demonstraram diante da viol\u00eancia cega desencadeada contra eles n\u00e3o pode ser em v\u00e3o.&#8221;<\/p>\n<p>A Guarda Revolucion\u00e1ria Isl\u00e2mica (IRGC) dever\u00e1 realizar exerc\u00edcios com muni\u00e7\u00e3o real no Estreito de Ormuz.<\/p>\n<p>As for\u00e7as navais da Guarda Revolucion\u00e1ria Isl\u00e2mica (IRGC) realizar\u00e3o exerc\u00edcios com muni\u00e7\u00e3o real no Estreito de Ormuz nos dias 1 e 2 de fevereiro, informou a Press TV nesta quinta-feira.<\/p>\n<p>O Estreito \u00e9 a rota de exporta\u00e7\u00e3o de petr\u00f3leo mais importante do mundo, conectando os maiores produtores de petr\u00f3leo do Golfo, como Ar\u00e1bia Saudita, Ir\u00e3, Iraque e Emirados \u00c1rabes Unidos, com o Golfo de Om\u00e3 e o Mar Ar\u00e1bico.<\/p>\n<p><strong>For\u00e7a repressora aos crist\u00e3os<\/strong><\/p>\n<p>A IRGC \u2013 For\u00e7a Quds e demais divis\u00f5es da Guarda Revolucion\u00e1ria \u2013 n\u00e3o atua apenas como uma for\u00e7a militar paralela no Ir\u00e3.<\/p>\n<p>Elas s\u00e3o reconhecidas como um dos principais instrumentos de sustenta\u00e7\u00e3o do regime teocr\u00e1tico estabelecido ap\u00f3s a Revolu\u00e7\u00e3o Isl\u00e2mica de 1979, com miss\u00e3o expl\u00edcita de defender a ordem religiosa-pol\u00edtica liderada pelo L\u00edder Supremo e de reprimir qualquer express\u00e3o vista como amea\u00e7a \u00e0 ideologia oficial do Estado.<\/p>\n<p>Essa repress\u00e3o se estende de forma particularmente aguda \u00e0s minorias religiosas, especialmente aos <span style=\"color: #800000;\"><strong>crist\u00e3os convertidos do islamismo<\/strong><\/span>, que se tornaram alvos frequentes de vigil\u00e2ncia estatal, monitoramento por servi\u00e7os de intelig\u00eancia e a\u00e7\u00f5es coordenadas das for\u00e7as de seguran\u00e7a do regime iraniano.<\/p>\n<p>Esses crist\u00e3os enfrentam pris\u00f5es arbitr\u00e1rias, acusa\u00e7\u00f5es gen\u00e9ricas de \u201camea\u00e7a \u00e0 seguran\u00e7a nacional\u201d, interrogat\u00f3rios coercitivos e o fechamento sistem\u00e1tico de igrejas dom\u00e9sticas.<\/p>\n<p>Essas pr\u00e1ticas que v\u00eam sendo denunciadas por organiza\u00e7\u00f5es internacionais de direitos humanos e de monitoramento da persegui\u00e7\u00e3o religiosa como viola\u00e7\u00f5es recorrentes e estruturais da liberdade de cren\u00e7a.<\/p>\n<p>Segundo o relat\u00f3rio mais recente da Portas Abertas, organiza\u00e7\u00e3o que anualmente publica a <span style=\"color: #800000;\"><strong>Lista Mundial de Persegui\u00e7\u00e3o<\/strong><\/span> \u2013 um ranking dos 50 pa\u00edses onde crist\u00e3os enfrentam os n\u00edveis mais extremos de viol\u00eancia e discrimina\u00e7\u00e3o por sua f\u00e9 \u2013 o Ir\u00e3 figura entre as na\u00e7\u00f5es com persegui\u00e7\u00e3o muito alta a crist\u00e3os, ocupando posi\u00e7\u00e3o de destaque nesse \u00edndice global.<\/p>\n<p>A Portas Abertas estima que o Ir\u00e3 tem uma popula\u00e7\u00e3o crist\u00e3 de cerca de 800 mil pessoas, incluindo crist\u00e3os de origem mu\u00e7ulmana que enfrentam press\u00e3o constante do Estado e de setores da sociedade.<\/p>\n<\/div>\n<p><script async src=\"\/\/platform.twitter.com\/widgets.js\" charset=\"utf-8\"><\/script><br \/>\n<br \/><br \/>\n<br \/>Fonte: Guiame <\/p>\n","protected":false},"excerpt":{"rendered":"<p>Em uma decis\u00e3o hist\u00f3rica anunciada nesta quinta-feira (29), os ministros das Rela\u00e7\u00f5es Exteriores da Uni\u00e3o Europeia (UE) concordaram em incluir a For\u00e7a Quds e a Guarda Revolucion\u00e1ria Isl\u00e2mica (IRGC) na lista de organiza\u00e7\u00f5es terroristas do bloco. A inclus\u00e3o da Guarda Revolucion\u00e1ria na lista europeia busca criminalizar suas atividades no continente, atingindo tanto a influ\u00eancia pol\u00edtica [&hellip;]<\/p>\n","protected":false},"author":1,"featured_media":3644,"comment_status":"","ping_status":"open","sticky":false,"template":"","format":"standard","meta":{"footnotes":""},"categories":[43],"tags":[],"class_list":["post-3643","post","type-post","status-publish","format-standard","has-post-thumbnail","hentry","category-destaques"],"yoast_head":"<!-- This site is optimized with the Yoast SEO plugin v26.8 - https:\/\/yoast.com\/product\/yoast-seo-wordpress\/ -->\n<title>Crist\u00e3os sofrem persegui\u00e7\u00e3o da Guarda Revolucion\u00e1ria do Ir\u00e3, designada terrorista pela UE - R\u00e1dio Porto Seguro<\/title>\n<meta name=\"robots\" content=\"index, follow, max-snippet:-1, max-image-preview:large, max-video-preview:-1\" \/>\n<link rel=\"canonical\" href=\"https:\/\/radioportoseguro.com.br\/site\/2026\/02\/01\/cristaos-sofrem-perseguicao-da-guarda-revolucionaria-do-ira-designada-terrorista-pela-ue\/\" \/>\n<meta property=\"og:locale\" content=\"pt_BR\" \/>\n<meta property=\"og:type\" content=\"article\" \/>\n<meta property=\"og:title\" content=\"Crist\u00e3os sofrem persegui\u00e7\u00e3o da Guarda Revolucion\u00e1ria do Ir\u00e3, designada terrorista pela UE - R\u00e1dio Porto Seguro\" \/>\n<meta property=\"og:description\" content=\"Em uma decis\u00e3o hist\u00f3rica anunciada nesta quinta-feira (29), os ministros das Rela\u00e7\u00f5es Exteriores da Uni\u00e3o Europeia (UE) concordaram em incluir a For\u00e7a Quds e a Guarda Revolucion\u00e1ria Isl\u00e2mica (IRGC) na lista de organiza\u00e7\u00f5es terroristas do bloco. A inclus\u00e3o da Guarda Revolucion\u00e1ria na lista europeia busca criminalizar suas atividades no continente, atingindo tanto a influ\u00eancia pol\u00edtica [&hellip;]\" \/>\n<meta property=\"og:url\" content=\"https:\/\/radioportoseguro.com.br\/site\/2026\/02\/01\/cristaos-sofrem-perseguicao-da-guarda-revolucionaria-do-ira-designada-terrorista-pela-ue\/\" \/>\n<meta property=\"og:site_name\" content=\"R\u00e1dio Porto Seguro\" \/>\n<meta property=\"article:published_time\" content=\"2026-02-01T04:04:36+00:00\" \/>\n<meta property=\"og:image\" content=\"https:\/\/media.guiame.com.br\/archives\/2026\/01\/29\/1902202329-guarda-revolucionaria-ira.jpeg\" \/>\n<meta name=\"author\" content=\"admin\" \/>\n<meta name=\"twitter:card\" content=\"summary_large_image\" \/>\n<meta name=\"twitter:label1\" content=\"Escrito por\" \/>\n\t<meta name=\"twitter:data1\" content=\"admin\" \/>\n\t<meta name=\"twitter:label2\" content=\"Est. tempo de leitura\" \/>\n\t<meta name=\"twitter:data2\" content=\"4 minutos\" \/>\n<script type=\"application\/ld+json\" class=\"yoast-schema-graph\">{\"@context\":\"https:\/\/schema.org\",\"@graph\":[{\"@type\":\"Article\",\"@id\":\"https:\/\/radioportoseguro.com.br\/site\/2026\/02\/01\/cristaos-sofrem-perseguicao-da-guarda-revolucionaria-do-ira-designada-terrorista-pela-ue\/#article\",\"isPartOf\":{\"@id\":\"https:\/\/radioportoseguro.com.br\/site\/2026\/02\/01\/cristaos-sofrem-perseguicao-da-guarda-revolucionaria-do-ira-designada-terrorista-pela-ue\/\"},\"author\":{\"name\":\"admin\",\"@id\":\"https:\/\/radioportoseguro.com.br\/site\/#\/schema\/person\/7630acdc320186f13639d3c067ec089b\"},\"headline\":\"Crist\u00e3os sofrem persegui\u00e7\u00e3o da Guarda Revolucion\u00e1ria do Ir\u00e3, designada terrorista pela UE\",\"datePublished\":\"2026-02-01T04:04:36+00:00\",\"mainEntityOfPage\":{\"@id\":\"https:\/\/radioportoseguro.com.br\/site\/2026\/02\/01\/cristaos-sofrem-perseguicao-da-guarda-revolucionaria-do-ira-designada-terrorista-pela-ue\/\"},\"wordCount\":886,\"image\":{\"@id\":\"https:\/\/radioportoseguro.com.br\/site\/2026\/02\/01\/cristaos-sofrem-perseguicao-da-guarda-revolucionaria-do-ira-designada-terrorista-pela-ue\/#primaryimage\"},\"thumbnailUrl\":\"https:\/\/radioportoseguro.com.br\/site\/wp-content\/uploads\/2026\/02\/1902202329-guarda-revolucionaria-ira.jpeg\",\"articleSection\":[\"Destaques\"],\"inLanguage\":\"pt-BR\"},{\"@type\":\"WebPage\",\"@id\":\"https:\/\/radioportoseguro.com.br\/site\/2026\/02\/01\/cristaos-sofrem-perseguicao-da-guarda-revolucionaria-do-ira-designada-terrorista-pela-ue\/\",\"url\":\"https:\/\/radioportoseguro.com.br\/site\/2026\/02\/01\/cristaos-sofrem-perseguicao-da-guarda-revolucionaria-do-ira-designada-terrorista-pela-ue\/\",\"name\":\"Crist\u00e3os sofrem persegui\u00e7\u00e3o da Guarda Revolucion\u00e1ria do Ir\u00e3, designada terrorista pela UE - R\u00e1dio Porto Seguro\",\"isPartOf\":{\"@id\":\"https:\/\/radioportoseguro.com.br\/site\/#website\"},\"primaryImageOfPage\":{\"@id\":\"https:\/\/radioportoseguro.com.br\/site\/2026\/02\/01\/cristaos-sofrem-perseguicao-da-guarda-revolucionaria-do-ira-designada-terrorista-pela-ue\/#primaryimage\"},\"image\":{\"@id\":\"https:\/\/radioportoseguro.com.br\/site\/2026\/02\/01\/cristaos-sofrem-perseguicao-da-guarda-revolucionaria-do-ira-designada-terrorista-pela-ue\/#primaryimage\"},\"thumbnailUrl\":\"https:\/\/radioportoseguro.com.br\/site\/wp-content\/uploads\/2026\/02\/1902202329-guarda-revolucionaria-ira.jpeg\",\"datePublished\":\"2026-02-01T04:04:36+00:00\",\"author\":{\"@id\":\"https:\/\/radioportoseguro.com.br\/site\/#\/schema\/person\/7630acdc320186f13639d3c067ec089b\"},\"breadcrumb\":{\"@id\":\"https:\/\/radioportoseguro.com.br\/site\/2026\/02\/01\/cristaos-sofrem-perseguicao-da-guarda-revolucionaria-do-ira-designada-terrorista-pela-ue\/#breadcrumb\"},\"inLanguage\":\"pt-BR\",\"potentialAction\":[{\"@type\":\"ReadAction\",\"target\":[\"https:\/\/radioportoseguro.com.br\/site\/2026\/02\/01\/cristaos-sofrem-perseguicao-da-guarda-revolucionaria-do-ira-designada-terrorista-pela-ue\/\"]}]},{\"@type\":\"ImageObject\",\"inLanguage\":\"pt-BR\",\"@id\":\"https:\/\/radioportoseguro.com.br\/site\/2026\/02\/01\/cristaos-sofrem-perseguicao-da-guarda-revolucionaria-do-ira-designada-terrorista-pela-ue\/#primaryimage\",\"url\":\"https:\/\/radioportoseguro.com.br\/site\/wp-content\/uploads\/2026\/02\/1902202329-guarda-revolucionaria-ira.jpeg\",\"contentUrl\":\"https:\/\/radioportoseguro.com.br\/site\/wp-content\/uploads\/2026\/02\/1902202329-guarda-revolucionaria-ira.jpeg\",\"width\":1200,\"height\":600},{\"@type\":\"BreadcrumbList\",\"@id\":\"https:\/\/radioportoseguro.com.br\/site\/2026\/02\/01\/cristaos-sofrem-perseguicao-da-guarda-revolucionaria-do-ira-designada-terrorista-pela-ue\/#breadcrumb\",\"itemListElement\":[{\"@type\":\"ListItem\",\"position\":1,\"name\":\"In\u00edcio\",\"item\":\"https:\/\/radioportoseguro.com.br\/site\/\"},{\"@type\":\"ListItem\",\"position\":2,\"name\":\"Crist\u00e3os sofrem persegui\u00e7\u00e3o da Guarda Revolucion\u00e1ria do Ir\u00e3, designada terrorista pela UE\"}]},{\"@type\":\"WebSite\",\"@id\":\"https:\/\/radioportoseguro.com.br\/site\/#website\",\"url\":\"https:\/\/radioportoseguro.com.br\/site\/\",\"name\":\"R\u00e1dio Porto Seguro\",\"description\":\"\",\"potentialAction\":[{\"@type\":\"SearchAction\",\"target\":{\"@type\":\"EntryPoint\",\"urlTemplate\":\"https:\/\/radioportoseguro.com.br\/site\/?s={search_term_string}\"},\"query-input\":{\"@type\":\"PropertyValueSpecification\",\"valueRequired\":true,\"valueName\":\"search_term_string\"}}],\"inLanguage\":\"pt-BR\"},{\"@type\":\"Person\",\"@id\":\"https:\/\/radioportoseguro.com.br\/site\/#\/schema\/person\/7630acdc320186f13639d3c067ec089b\",\"name\":\"admin\",\"image\":{\"@type\":\"ImageObject\",\"inLanguage\":\"pt-BR\",\"@id\":\"https:\/\/radioportoseguro.com.br\/site\/#\/schema\/person\/image\/\",\"url\":\"https:\/\/secure.gravatar.com\/avatar\/caacf4dc1eedb68fab0df8e1ed46c448e578b2466351bbcb61e47d2ac0caaef0?s=96&d=mm&r=g\",\"contentUrl\":\"https:\/\/secure.gravatar.com\/avatar\/caacf4dc1eedb68fab0df8e1ed46c448e578b2466351bbcb61e47d2ac0caaef0?s=96&d=mm&r=g\",\"caption\":\"admin\"},\"sameAs\":[\"https:\/\/radioportoseguro.com.br\/site\"],\"url\":\"https:\/\/radioportoseguro.com.br\/site\/author\/hezio\/\"}]}<\/script>\n<!-- \/ Yoast SEO plugin. -->","yoast_head_json":{"title":"Crist\u00e3os sofrem persegui\u00e7\u00e3o da Guarda Revolucion\u00e1ria do Ir\u00e3, designada terrorista pela UE - R\u00e1dio Porto Seguro","robots":{"index":"index","follow":"follow","max-snippet":"max-snippet:-1","max-image-preview":"max-image-preview:large","max-video-preview":"max-video-preview:-1"},"canonical":"https:\/\/radioportoseguro.com.br\/site\/2026\/02\/01\/cristaos-sofrem-perseguicao-da-guarda-revolucionaria-do-ira-designada-terrorista-pela-ue\/","og_locale":"pt_BR","og_type":"article","og_title":"Crist\u00e3os sofrem persegui\u00e7\u00e3o da Guarda Revolucion\u00e1ria do Ir\u00e3, designada terrorista pela UE - R\u00e1dio Porto Seguro","og_description":"Em uma decis\u00e3o hist\u00f3rica anunciada nesta quinta-feira (29), os ministros das Rela\u00e7\u00f5es Exteriores da Uni\u00e3o Europeia (UE) concordaram em incluir a For\u00e7a Quds e a Guarda Revolucion\u00e1ria Isl\u00e2mica (IRGC) na lista de organiza\u00e7\u00f5es terroristas do bloco. A inclus\u00e3o da Guarda Revolucion\u00e1ria na lista europeia busca criminalizar suas atividades no continente, atingindo tanto a influ\u00eancia pol\u00edtica [&hellip;]","og_url":"https:\/\/radioportoseguro.com.br\/site\/2026\/02\/01\/cristaos-sofrem-perseguicao-da-guarda-revolucionaria-do-ira-designada-terrorista-pela-ue\/","og_site_name":"R\u00e1dio Porto Seguro","article_published_time":"2026-02-01T04:04:36+00:00","og_image":[{"url":"https:\/\/media.guiame.com.br\/archives\/2026\/01\/29\/1902202329-guarda-revolucionaria-ira.jpeg","type":"","width":"","height":""}],"author":"admin","twitter_card":"summary_large_image","twitter_misc":{"Escrito por":"admin","Est. tempo de leitura":"4 minutos"},"schema":{"@context":"https:\/\/schema.org","@graph":[{"@type":"Article","@id":"https:\/\/radioportoseguro.com.br\/site\/2026\/02\/01\/cristaos-sofrem-perseguicao-da-guarda-revolucionaria-do-ira-designada-terrorista-pela-ue\/#article","isPartOf":{"@id":"https:\/\/radioportoseguro.com.br\/site\/2026\/02\/01\/cristaos-sofrem-perseguicao-da-guarda-revolucionaria-do-ira-designada-terrorista-pela-ue\/"},"author":{"name":"admin","@id":"https:\/\/radioportoseguro.com.br\/site\/#\/schema\/person\/7630acdc320186f13639d3c067ec089b"},"headline":"Crist\u00e3os sofrem persegui\u00e7\u00e3o da Guarda Revolucion\u00e1ria do Ir\u00e3, designada terrorista pela UE","datePublished":"2026-02-01T04:04:36+00:00","mainEntityOfPage":{"@id":"https:\/\/radioportoseguro.com.br\/site\/2026\/02\/01\/cristaos-sofrem-perseguicao-da-guarda-revolucionaria-do-ira-designada-terrorista-pela-ue\/"},"wordCount":886,"image":{"@id":"https:\/\/radioportoseguro.com.br\/site\/2026\/02\/01\/cristaos-sofrem-perseguicao-da-guarda-revolucionaria-do-ira-designada-terrorista-pela-ue\/#primaryimage"},"thumbnailUrl":"https:\/\/radioportoseguro.com.br\/site\/wp-content\/uploads\/2026\/02\/1902202329-guarda-revolucionaria-ira.jpeg","articleSection":["Destaques"],"inLanguage":"pt-BR"},{"@type":"WebPage","@id":"https:\/\/radioportoseguro.com.br\/site\/2026\/02\/01\/cristaos-sofrem-perseguicao-da-guarda-revolucionaria-do-ira-designada-terrorista-pela-ue\/","url":"https:\/\/radioportoseguro.com.br\/site\/2026\/02\/01\/cristaos-sofrem-perseguicao-da-guarda-revolucionaria-do-ira-designada-terrorista-pela-ue\/","name":"Crist\u00e3os sofrem persegui\u00e7\u00e3o da Guarda Revolucion\u00e1ria do Ir\u00e3, designada terrorista pela UE - R\u00e1dio Porto Seguro","isPartOf":{"@id":"https:\/\/radioportoseguro.com.br\/site\/#website"},"primaryImageOfPage":{"@id":"https:\/\/radioportoseguro.com.br\/site\/2026\/02\/01\/cristaos-sofrem-perseguicao-da-guarda-revolucionaria-do-ira-designada-terrorista-pela-ue\/#primaryimage"},"image":{"@id":"https:\/\/radioportoseguro.com.br\/site\/2026\/02\/01\/cristaos-sofrem-perseguicao-da-guarda-revolucionaria-do-ira-designada-terrorista-pela-ue\/#primaryimage"},"thumbnailUrl":"https:\/\/radioportoseguro.com.br\/site\/wp-content\/uploads\/2026\/02\/1902202329-guarda-revolucionaria-ira.jpeg","datePublished":"2026-02-01T04:04:36+00:00","author":{"@id":"https:\/\/radioportoseguro.com.br\/site\/#\/schema\/person\/7630acdc320186f13639d3c067ec089b"},"breadcrumb":{"@id":"https:\/\/radioportoseguro.com.br\/site\/2026\/02\/01\/cristaos-sofrem-perseguicao-da-guarda-revolucionaria-do-ira-designada-terrorista-pela-ue\/#breadcrumb"},"inLanguage":"pt-BR","potentialAction":[{"@type":"ReadAction","target":["https:\/\/radioportoseguro.com.br\/site\/2026\/02\/01\/cristaos-sofrem-perseguicao-da-guarda-revolucionaria-do-ira-designada-terrorista-pela-ue\/"]}]},{"@type":"ImageObject","inLanguage":"pt-BR","@id":"https:\/\/radioportoseguro.com.br\/site\/2026\/02\/01\/cristaos-sofrem-perseguicao-da-guarda-revolucionaria-do-ira-designada-terrorista-pela-ue\/#primaryimage","url":"https:\/\/radioportoseguro.com.br\/site\/wp-content\/uploads\/2026\/02\/1902202329-guarda-revolucionaria-ira.jpeg","contentUrl":"https:\/\/radioportoseguro.com.br\/site\/wp-content\/uploads\/2026\/02\/1902202329-guarda-revolucionaria-ira.jpeg","width":1200,"height":600},{"@type":"BreadcrumbList","@id":"https:\/\/radioportoseguro.com.br\/site\/2026\/02\/01\/cristaos-sofrem-perseguicao-da-guarda-revolucionaria-do-ira-designada-terrorista-pela-ue\/#breadcrumb","itemListElement":[{"@type":"ListItem","position":1,"name":"In\u00edcio","item":"https:\/\/radioportoseguro.com.br\/site\/"},{"@type":"ListItem","position":2,"name":"Crist\u00e3os sofrem persegui\u00e7\u00e3o da Guarda Revolucion\u00e1ria do Ir\u00e3, designada terrorista pela UE"}]},{"@type":"WebSite","@id":"https:\/\/radioportoseguro.com.br\/site\/#website","url":"https:\/\/radioportoseguro.com.br\/site\/","name":"R\u00e1dio Porto Seguro","description":"","potentialAction":[{"@type":"SearchAction","target":{"@type":"EntryPoint","urlTemplate":"https:\/\/radioportoseguro.com.br\/site\/?s={search_term_string}"},"query-input":{"@type":"PropertyValueSpecification","valueRequired":true,"valueName":"search_term_string"}}],"inLanguage":"pt-BR"},{"@type":"Person","@id":"https:\/\/radioportoseguro.com.br\/site\/#\/schema\/person\/7630acdc320186f13639d3c067ec089b","name":"admin","image":{"@type":"ImageObject","inLanguage":"pt-BR","@id":"https:\/\/radioportoseguro.com.br\/site\/#\/schema\/person\/image\/","url":"https:\/\/secure.gravatar.com\/avatar\/caacf4dc1eedb68fab0df8e1ed46c448e578b2466351bbcb61e47d2ac0caaef0?s=96&d=mm&r=g","contentUrl":"https:\/\/secure.gravatar.com\/avatar\/caacf4dc1eedb68fab0df8e1ed46c448e578b2466351bbcb61e47d2ac0caaef0?s=96&d=mm&r=g","caption":"admin"},"sameAs":["https:\/\/radioportoseguro.com.br\/site"],"url":"https:\/\/radioportoseguro.com.br\/site\/author\/hezio\/"}]}},"_links":{"self":[{"href":"https:\/\/radioportoseguro.com.br\/site\/wp-json\/wp\/v2\/posts\/3643","targetHints":{"allow":["GET"]}}],"collection":[{"href":"https:\/\/radioportoseguro.com.br\/site\/wp-json\/wp\/v2\/posts"}],"about":[{"href":"https:\/\/radioportoseguro.com.br\/site\/wp-json\/wp\/v2\/types\/post"}],"author":[{"embeddable":true,"href":"https:\/\/radioportoseguro.com.br\/site\/wp-json\/wp\/v2\/users\/1"}],"replies":[{"embeddable":true,"href":"https:\/\/radioportoseguro.com.br\/site\/wp-json\/wp\/v2\/comments?post=3643"}],"version-history":[{"count":0,"href":"https:\/\/radioportoseguro.com.br\/site\/wp-json\/wp\/v2\/posts\/3643\/revisions"}],"wp:featuredmedia":[{"embeddable":true,"href":"https:\/\/radioportoseguro.com.br\/site\/wp-json\/wp\/v2\/media\/3644"}],"wp:attachment":[{"href":"https:\/\/radioportoseguro.com.br\/site\/wp-json\/wp\/v2\/media?parent=3643"}],"wp:term":[{"taxonomy":"category","embeddable":true,"href":"https:\/\/radioportoseguro.com.br\/site\/wp-json\/wp\/v2\/categories?post=3643"},{"taxonomy":"post_tag","embeddable":true,"href":"https:\/\/radioportoseguro.com.br\/site\/wp-json\/wp\/v2\/tags?post=3643"}],"curies":[{"name":"wp","href":"https:\/\/api.w.org\/{rel}","templated":true}]}}