{"id":3649,"date":"2026-02-01T05:21:21","date_gmt":"2026-02-01T08:21:21","guid":{"rendered":"https:\/\/radioportoseguro.com.br\/site\/2026\/02\/01\/nos-tornamos-profissionais-do-culto-diz-nivea-soares-ao-chamar-igreja-ao-quebrantamento\/"},"modified":"2026-02-01T05:21:21","modified_gmt":"2026-02-01T08:21:21","slug":"nos-tornamos-profissionais-do-culto-diz-nivea-soares-ao-chamar-igreja-ao-quebrantamento","status":"publish","type":"post","link":"https:\/\/radioportoseguro.com.br\/site\/2026\/02\/01\/nos-tornamos-profissionais-do-culto-diz-nivea-soares-ao-chamar-igreja-ao-quebrantamento\/","title":{"rendered":"\u201cNos tornamos profissionais do culto\u201d, diz N\u00edvea Soares ao chamar Igreja ao quebrantamento"},"content":{"rendered":"<p><br \/>\n<br \/><\/p>\n<div>\n<p><span style=\"font-weight: 400;\">A cantora e ministra de louvor <\/span><span style=\"color: #993300;\"><strong>N\u00edvea Soares<\/strong><\/span><span style=\"font-weight: 400;\"> fez um apelo \u00e0 Igreja ao afirmar que, apesar da excel\u00eancia t\u00e9cnica e estrutural dos cultos atuais, nada substitui a presen\u00e7a de Deus.\u00a0<\/span><\/p>\n<p><span style=\"font-weight: 400;\">A declara\u00e7\u00e3o foi feita em novembro de 2025, durante a Confer\u00eancia Lugar Secreto, realizada na Igreja Batista Central Luxemburgo, em Belo Horizonte, onde N\u00edvea exortou os crist\u00e3os do Brasil sobre a necessidade de quebrantamento.<\/span><\/p>\n<p><span style=\"font-weight: 400;\">\u201c<\/span><span style=\"color: #993300;\"><strong>N\u00f3s nos tornamos profissionais do culto<\/strong><\/span><span style=\"font-weight: 400;\">. N\u00f3s sabemos o que fazer, a igreja brasileira aprendeu o que fazer para atrair pessoas, para atrair a aten\u00e7\u00e3o\u201d, disse N\u00edvea.<\/span><\/p>\n<p><span style=\"font-weight: 400;\">Segundo N\u00edvea, a igreja aprendeu a organizar cultos, atrair pessoas e oferecer programa\u00e7\u00f5es bem estruturadas. No entanto, ela alertou para o risco de transformar a adora\u00e7\u00e3o genu\u00edna em apenas apresenta\u00e7\u00f5es t\u00e9cnicas.<\/span><\/p>\n<p><span style=\"font-weight: 400;\">\u201cN\u00f3s temos uma estrutura muito bela, muito boa, temos bons cantores, bons m\u00fasicos, bons\u00a0<\/span><span style=\"font-weight: 400;\">pregadores, mas queridos, nada substitui a presen\u00e7a do Senhor. Nada substitui a presen\u00e7a de Jesus\u201d, declarou.<\/span><\/p>\n<blockquote class=\"instagram-media\" style=\"background: #FFF; border: 0; border-radius: 3px; box-shadow: 0 0 1px 0 rgba(0,0,0,0.5),0 1px 10px 0 rgba(0,0,0,0.15); margin: 1px; max-width: 540px; min-width: 326px; padding: 0; width: calc(100% - 2px);\" data-instgrm-permalink=\"https:\/\/www.instagram.com\/reel\/DUDwe6ukRF3\/?utm_source=ig_embed&amp;utm_campaign=loading\" data-instgrm-version=\"14\"><p>&#13;<br \/>\n&#13;\n<\/p><\/blockquote>\n<p><span style=\"font-weight: 400;\">N\u00edvea, que tem anos de carreira como ministra de louvor, enfatizou que <\/span><strong><span style=\"color: #993300;\">performances<\/span> <\/strong><span style=\"font-weight: 400;\">n\u00e3o podem ocupar o lugar da centralidade de Cristo na igreja.<\/span><\/p>\n<p><span style=\"font-weight: 400;\">\u201cO que n\u00f3s precisamos n\u00e3o s\u00e3o novas estrat\u00e9gias, o que n\u00f3s precisamos n\u00e3o s\u00e3o novos pregadores, novos cantores, novas m\u00fasicas, precisamos de quebrantamento, reconhecimento e retorno ao essencial: Jesus no centro\u201d, concluiu.<\/span><\/p>\n<p><strong>\u2018Precisamos retornar ao Senhor\u2019<\/strong><\/p>\n<p><span style=\"font-weight: 400;\">No Instagram, a cantora comentou sobre os grandes eventos crist\u00e3os que acontecer\u00e3o nesta semana no Brasil e, mais uma vez, alertou a Igreja sobre a necessidade de buscar o Senhor.<\/span><\/p>\n<p><span style=\"font-weight: 400;\">\u201cA minha ora\u00e7\u00e3o \u00e9 para qu\u00ea n\u00e3o sejam apenas eventos, mas para que a gente realmente busque o cora\u00e7\u00e3o de Deus para a igreja nesses tempos. Que a gente verdadeiramente se importe com o cora\u00e7\u00e3o do Senhor, em saber o que o Esp\u00edrito de Deus quer da Igreja\u201d, declarou N\u00edvea.\u00a0<\/span><\/p>\n<p><span style=\"font-weight: 400;\">E continuou: \u201cPrecisamos retornar a essa doutrina, retornar ao Senhor, a busca pelo Senhor, a busca pela sua Palavra, por aquilo que j\u00e1 est\u00e1 escrito. O verdadeiro prof\u00e9tico \u00e9 aquilo que Deus j\u00e1 falou e que aponta para a realidade eterna em Jesus\u201d.\u00a0<\/span><\/p>\n<p><span style=\"font-weight: 400;\">A cantora tamb\u00e9m expressou o desejo de que, nos encontros crist\u00e3os realizados nesses dias, haja sensibilidade \u00e0 voz de Deus:<\/span><\/p>\n<p><span style=\"font-weight: 400;\">\u201cOnde a Igreja do Senhor Jesus se reunir nesses dias que haja sensibilidade da voz do Senhor. Que a gente busque o cora\u00e7\u00e3o de Deus\u201d.\u00a0<\/span><\/p>\n<p><span style=\"font-weight: 400;\">Por fim, N\u00edvea encorajou: \u201cEu acredito que o Esp\u00edrito de Deus continua bradando <\/span><span style=\"color: #993300;\"><strong>arrependimento<\/strong> <\/span><span style=\"font-weight: 400;\">no cora\u00e7\u00e3o da Igreja. Ent\u00e3o, n\u00f3s precisamos retornar ao Senhor, precisamos rever nossos caminhos e retornar ao Senhor. Buscar ao Senhor com intensidade e nos arrependermos dos nossos maus caminhos. Deixar Deus mexer e nos endireitar nesses tempos, que esse seja o meu cora\u00e7\u00e3o e o seu tamb\u00e9m, em nome de Jesus\u201d.<\/span><\/p>\n<\/div>\n<p><script async src=\"\/\/www.instagram.com\/embed.js\"><\/script><br \/>\n<br \/><br \/>\n<br \/>Fonte: Guiame <\/p>\n","protected":false},"excerpt":{"rendered":"<p>A cantora e ministra de louvor N\u00edvea Soares fez um apelo \u00e0 Igreja ao afirmar que, apesar da excel\u00eancia t\u00e9cnica e estrutural dos cultos atuais, nada substitui a presen\u00e7a de Deus.\u00a0 A declara\u00e7\u00e3o foi feita em novembro de 2025, durante a Confer\u00eancia Lugar Secreto, realizada na Igreja Batista Central Luxemburgo, em Belo Horizonte, onde N\u00edvea [&hellip;]<\/p>\n","protected":false},"author":1,"featured_media":3650,"comment_status":"","ping_status":"open","sticky":false,"template":"","format":"standard","meta":{"footnotes":""},"categories":[43],"tags":[],"class_list":["post-3649","post","type-post","status-publish","format-standard","has-post-thumbnail","hentry","category-destaques"],"yoast_head":"<!-- This site is optimized with the Yoast SEO plugin v26.8 - https:\/\/yoast.com\/product\/yoast-seo-wordpress\/ -->\n<title>\u201cNos tornamos profissionais do culto\u201d, diz N\u00edvea Soares ao chamar Igreja ao quebrantamento - R\u00e1dio Porto Seguro<\/title>\n<meta name=\"robots\" content=\"index, follow, max-snippet:-1, max-image-preview:large, max-video-preview:-1\" \/>\n<link rel=\"canonical\" href=\"https:\/\/radioportoseguro.com.br\/site\/2026\/02\/01\/nos-tornamos-profissionais-do-culto-diz-nivea-soares-ao-chamar-igreja-ao-quebrantamento\/\" \/>\n<meta property=\"og:locale\" content=\"pt_BR\" \/>\n<meta property=\"og:type\" content=\"article\" \/>\n<meta property=\"og:title\" content=\"\u201cNos tornamos profissionais do culto\u201d, diz N\u00edvea Soares ao chamar Igreja ao quebrantamento - R\u00e1dio Porto Seguro\" \/>\n<meta property=\"og:description\" content=\"A cantora e ministra de louvor N\u00edvea Soares fez um apelo \u00e0 Igreja ao afirmar que, apesar da excel\u00eancia t\u00e9cnica e estrutural dos cultos atuais, nada substitui a presen\u00e7a de Deus.\u00a0 A declara\u00e7\u00e3o foi feita em novembro de 2025, durante a Confer\u00eancia Lugar Secreto, realizada na Igreja Batista Central Luxemburgo, em Belo Horizonte, onde N\u00edvea [&hellip;]\" \/>\n<meta property=\"og:url\" content=\"https:\/\/radioportoseguro.com.br\/site\/2026\/02\/01\/nos-tornamos-profissionais-do-culto-diz-nivea-soares-ao-chamar-igreja-ao-quebrantamento\/\" \/>\n<meta property=\"og:site_name\" content=\"R\u00e1dio Porto Seguro\" \/>\n<meta property=\"article:published_time\" content=\"2026-02-01T08:21:21+00:00\" \/>\n<meta property=\"og:image\" content=\"https:\/\/media.guiame.com.br\/archives\/2026\/01\/29\/3711770974-nivea-soares.png\" \/>\n<meta name=\"author\" content=\"admin\" \/>\n<meta name=\"twitter:card\" content=\"summary_large_image\" \/>\n<meta name=\"twitter:label1\" content=\"Escrito por\" \/>\n\t<meta name=\"twitter:data1\" content=\"admin\" \/>\n\t<meta name=\"twitter:label2\" content=\"Est. tempo de leitura\" \/>\n\t<meta name=\"twitter:data2\" content=\"2 minutos\" \/>\n<script type=\"application\/ld+json\" class=\"yoast-schema-graph\">{\"@context\":\"https:\/\/schema.org\",\"@graph\":[{\"@type\":\"Article\",\"@id\":\"https:\/\/radioportoseguro.com.br\/site\/2026\/02\/01\/nos-tornamos-profissionais-do-culto-diz-nivea-soares-ao-chamar-igreja-ao-quebrantamento\/#article\",\"isPartOf\":{\"@id\":\"https:\/\/radioportoseguro.com.br\/site\/2026\/02\/01\/nos-tornamos-profissionais-do-culto-diz-nivea-soares-ao-chamar-igreja-ao-quebrantamento\/\"},\"author\":{\"name\":\"admin\",\"@id\":\"https:\/\/radioportoseguro.com.br\/site\/#\/schema\/person\/7630acdc320186f13639d3c067ec089b\"},\"headline\":\"\u201cNos tornamos profissionais do culto\u201d, diz N\u00edvea Soares ao chamar Igreja ao quebrantamento\",\"datePublished\":\"2026-02-01T08:21:21+00:00\",\"mainEntityOfPage\":{\"@id\":\"https:\/\/radioportoseguro.com.br\/site\/2026\/02\/01\/nos-tornamos-profissionais-do-culto-diz-nivea-soares-ao-chamar-igreja-ao-quebrantamento\/\"},\"wordCount\":511,\"image\":{\"@id\":\"https:\/\/radioportoseguro.com.br\/site\/2026\/02\/01\/nos-tornamos-profissionais-do-culto-diz-nivea-soares-ao-chamar-igreja-ao-quebrantamento\/#primaryimage\"},\"thumbnailUrl\":\"https:\/\/radioportoseguro.com.br\/site\/wp-content\/uploads\/2026\/02\/3711770974-nivea-soares.png\",\"articleSection\":[\"Destaques\"],\"inLanguage\":\"pt-BR\"},{\"@type\":\"WebPage\",\"@id\":\"https:\/\/radioportoseguro.com.br\/site\/2026\/02\/01\/nos-tornamos-profissionais-do-culto-diz-nivea-soares-ao-chamar-igreja-ao-quebrantamento\/\",\"url\":\"https:\/\/radioportoseguro.com.br\/site\/2026\/02\/01\/nos-tornamos-profissionais-do-culto-diz-nivea-soares-ao-chamar-igreja-ao-quebrantamento\/\",\"name\":\"\u201cNos tornamos profissionais do culto\u201d, diz N\u00edvea Soares ao chamar Igreja ao quebrantamento - R\u00e1dio Porto Seguro\",\"isPartOf\":{\"@id\":\"https:\/\/radioportoseguro.com.br\/site\/#website\"},\"primaryImageOfPage\":{\"@id\":\"https:\/\/radioportoseguro.com.br\/site\/2026\/02\/01\/nos-tornamos-profissionais-do-culto-diz-nivea-soares-ao-chamar-igreja-ao-quebrantamento\/#primaryimage\"},\"image\":{\"@id\":\"https:\/\/radioportoseguro.com.br\/site\/2026\/02\/01\/nos-tornamos-profissionais-do-culto-diz-nivea-soares-ao-chamar-igreja-ao-quebrantamento\/#primaryimage\"},\"thumbnailUrl\":\"https:\/\/radioportoseguro.com.br\/site\/wp-content\/uploads\/2026\/02\/3711770974-nivea-soares.png\",\"datePublished\":\"2026-02-01T08:21:21+00:00\",\"author\":{\"@id\":\"https:\/\/radioportoseguro.com.br\/site\/#\/schema\/person\/7630acdc320186f13639d3c067ec089b\"},\"breadcrumb\":{\"@id\":\"https:\/\/radioportoseguro.com.br\/site\/2026\/02\/01\/nos-tornamos-profissionais-do-culto-diz-nivea-soares-ao-chamar-igreja-ao-quebrantamento\/#breadcrumb\"},\"inLanguage\":\"pt-BR\",\"potentialAction\":[{\"@type\":\"ReadAction\",\"target\":[\"https:\/\/radioportoseguro.com.br\/site\/2026\/02\/01\/nos-tornamos-profissionais-do-culto-diz-nivea-soares-ao-chamar-igreja-ao-quebrantamento\/\"]}]},{\"@type\":\"ImageObject\",\"inLanguage\":\"pt-BR\",\"@id\":\"https:\/\/radioportoseguro.com.br\/site\/2026\/02\/01\/nos-tornamos-profissionais-do-culto-diz-nivea-soares-ao-chamar-igreja-ao-quebrantamento\/#primaryimage\",\"url\":\"https:\/\/radioportoseguro.com.br\/site\/wp-content\/uploads\/2026\/02\/3711770974-nivea-soares.png\",\"contentUrl\":\"https:\/\/radioportoseguro.com.br\/site\/wp-content\/uploads\/2026\/02\/3711770974-nivea-soares.png\",\"width\":1200,\"height\":600},{\"@type\":\"BreadcrumbList\",\"@id\":\"https:\/\/radioportoseguro.com.br\/site\/2026\/02\/01\/nos-tornamos-profissionais-do-culto-diz-nivea-soares-ao-chamar-igreja-ao-quebrantamento\/#breadcrumb\",\"itemListElement\":[{\"@type\":\"ListItem\",\"position\":1,\"name\":\"In\u00edcio\",\"item\":\"https:\/\/radioportoseguro.com.br\/site\/\"},{\"@type\":\"ListItem\",\"position\":2,\"name\":\"\u201cNos tornamos profissionais do culto\u201d, diz N\u00edvea Soares ao chamar Igreja ao quebrantamento\"}]},{\"@type\":\"WebSite\",\"@id\":\"https:\/\/radioportoseguro.com.br\/site\/#website\",\"url\":\"https:\/\/radioportoseguro.com.br\/site\/\",\"name\":\"R\u00e1dio Porto Seguro\",\"description\":\"\",\"potentialAction\":[{\"@type\":\"SearchAction\",\"target\":{\"@type\":\"EntryPoint\",\"urlTemplate\":\"https:\/\/radioportoseguro.com.br\/site\/?s={search_term_string}\"},\"query-input\":{\"@type\":\"PropertyValueSpecification\",\"valueRequired\":true,\"valueName\":\"search_term_string\"}}],\"inLanguage\":\"pt-BR\"},{\"@type\":\"Person\",\"@id\":\"https:\/\/radioportoseguro.com.br\/site\/#\/schema\/person\/7630acdc320186f13639d3c067ec089b\",\"name\":\"admin\",\"image\":{\"@type\":\"ImageObject\",\"inLanguage\":\"pt-BR\",\"@id\":\"https:\/\/radioportoseguro.com.br\/site\/#\/schema\/person\/image\/\",\"url\":\"https:\/\/secure.gravatar.com\/avatar\/caacf4dc1eedb68fab0df8e1ed46c448e578b2466351bbcb61e47d2ac0caaef0?s=96&d=mm&r=g\",\"contentUrl\":\"https:\/\/secure.gravatar.com\/avatar\/caacf4dc1eedb68fab0df8e1ed46c448e578b2466351bbcb61e47d2ac0caaef0?s=96&d=mm&r=g\",\"caption\":\"admin\"},\"sameAs\":[\"https:\/\/radioportoseguro.com.br\/site\"],\"url\":\"https:\/\/radioportoseguro.com.br\/site\/author\/hezio\/\"}]}<\/script>\n<!-- \/ Yoast SEO plugin. -->","yoast_head_json":{"title":"\u201cNos tornamos profissionais do culto\u201d, diz N\u00edvea Soares ao chamar Igreja ao quebrantamento - R\u00e1dio Porto Seguro","robots":{"index":"index","follow":"follow","max-snippet":"max-snippet:-1","max-image-preview":"max-image-preview:large","max-video-preview":"max-video-preview:-1"},"canonical":"https:\/\/radioportoseguro.com.br\/site\/2026\/02\/01\/nos-tornamos-profissionais-do-culto-diz-nivea-soares-ao-chamar-igreja-ao-quebrantamento\/","og_locale":"pt_BR","og_type":"article","og_title":"\u201cNos tornamos profissionais do culto\u201d, diz N\u00edvea Soares ao chamar Igreja ao quebrantamento - R\u00e1dio Porto Seguro","og_description":"A cantora e ministra de louvor N\u00edvea Soares fez um apelo \u00e0 Igreja ao afirmar que, apesar da excel\u00eancia t\u00e9cnica e estrutural dos cultos atuais, nada substitui a presen\u00e7a de Deus.\u00a0 A declara\u00e7\u00e3o foi feita em novembro de 2025, durante a Confer\u00eancia Lugar Secreto, realizada na Igreja Batista Central Luxemburgo, em Belo Horizonte, onde N\u00edvea [&hellip;]","og_url":"https:\/\/radioportoseguro.com.br\/site\/2026\/02\/01\/nos-tornamos-profissionais-do-culto-diz-nivea-soares-ao-chamar-igreja-ao-quebrantamento\/","og_site_name":"R\u00e1dio Porto Seguro","article_published_time":"2026-02-01T08:21:21+00:00","og_image":[{"url":"https:\/\/media.guiame.com.br\/archives\/2026\/01\/29\/3711770974-nivea-soares.png","type":"","width":"","height":""}],"author":"admin","twitter_card":"summary_large_image","twitter_misc":{"Escrito por":"admin","Est. tempo de leitura":"2 minutos"},"schema":{"@context":"https:\/\/schema.org","@graph":[{"@type":"Article","@id":"https:\/\/radioportoseguro.com.br\/site\/2026\/02\/01\/nos-tornamos-profissionais-do-culto-diz-nivea-soares-ao-chamar-igreja-ao-quebrantamento\/#article","isPartOf":{"@id":"https:\/\/radioportoseguro.com.br\/site\/2026\/02\/01\/nos-tornamos-profissionais-do-culto-diz-nivea-soares-ao-chamar-igreja-ao-quebrantamento\/"},"author":{"name":"admin","@id":"https:\/\/radioportoseguro.com.br\/site\/#\/schema\/person\/7630acdc320186f13639d3c067ec089b"},"headline":"\u201cNos tornamos profissionais do culto\u201d, diz N\u00edvea Soares ao chamar Igreja ao quebrantamento","datePublished":"2026-02-01T08:21:21+00:00","mainEntityOfPage":{"@id":"https:\/\/radioportoseguro.com.br\/site\/2026\/02\/01\/nos-tornamos-profissionais-do-culto-diz-nivea-soares-ao-chamar-igreja-ao-quebrantamento\/"},"wordCount":511,"image":{"@id":"https:\/\/radioportoseguro.com.br\/site\/2026\/02\/01\/nos-tornamos-profissionais-do-culto-diz-nivea-soares-ao-chamar-igreja-ao-quebrantamento\/#primaryimage"},"thumbnailUrl":"https:\/\/radioportoseguro.com.br\/site\/wp-content\/uploads\/2026\/02\/3711770974-nivea-soares.png","articleSection":["Destaques"],"inLanguage":"pt-BR"},{"@type":"WebPage","@id":"https:\/\/radioportoseguro.com.br\/site\/2026\/02\/01\/nos-tornamos-profissionais-do-culto-diz-nivea-soares-ao-chamar-igreja-ao-quebrantamento\/","url":"https:\/\/radioportoseguro.com.br\/site\/2026\/02\/01\/nos-tornamos-profissionais-do-culto-diz-nivea-soares-ao-chamar-igreja-ao-quebrantamento\/","name":"\u201cNos tornamos profissionais do culto\u201d, diz N\u00edvea Soares ao chamar Igreja ao quebrantamento - R\u00e1dio Porto Seguro","isPartOf":{"@id":"https:\/\/radioportoseguro.com.br\/site\/#website"},"primaryImageOfPage":{"@id":"https:\/\/radioportoseguro.com.br\/site\/2026\/02\/01\/nos-tornamos-profissionais-do-culto-diz-nivea-soares-ao-chamar-igreja-ao-quebrantamento\/#primaryimage"},"image":{"@id":"https:\/\/radioportoseguro.com.br\/site\/2026\/02\/01\/nos-tornamos-profissionais-do-culto-diz-nivea-soares-ao-chamar-igreja-ao-quebrantamento\/#primaryimage"},"thumbnailUrl":"https:\/\/radioportoseguro.com.br\/site\/wp-content\/uploads\/2026\/02\/3711770974-nivea-soares.png","datePublished":"2026-02-01T08:21:21+00:00","author":{"@id":"https:\/\/radioportoseguro.com.br\/site\/#\/schema\/person\/7630acdc320186f13639d3c067ec089b"},"breadcrumb":{"@id":"https:\/\/radioportoseguro.com.br\/site\/2026\/02\/01\/nos-tornamos-profissionais-do-culto-diz-nivea-soares-ao-chamar-igreja-ao-quebrantamento\/#breadcrumb"},"inLanguage":"pt-BR","potentialAction":[{"@type":"ReadAction","target":["https:\/\/radioportoseguro.com.br\/site\/2026\/02\/01\/nos-tornamos-profissionais-do-culto-diz-nivea-soares-ao-chamar-igreja-ao-quebrantamento\/"]}]},{"@type":"ImageObject","inLanguage":"pt-BR","@id":"https:\/\/radioportoseguro.com.br\/site\/2026\/02\/01\/nos-tornamos-profissionais-do-culto-diz-nivea-soares-ao-chamar-igreja-ao-quebrantamento\/#primaryimage","url":"https:\/\/radioportoseguro.com.br\/site\/wp-content\/uploads\/2026\/02\/3711770974-nivea-soares.png","contentUrl":"https:\/\/radioportoseguro.com.br\/site\/wp-content\/uploads\/2026\/02\/3711770974-nivea-soares.png","width":1200,"height":600},{"@type":"BreadcrumbList","@id":"https:\/\/radioportoseguro.com.br\/site\/2026\/02\/01\/nos-tornamos-profissionais-do-culto-diz-nivea-soares-ao-chamar-igreja-ao-quebrantamento\/#breadcrumb","itemListElement":[{"@type":"ListItem","position":1,"name":"In\u00edcio","item":"https:\/\/radioportoseguro.com.br\/site\/"},{"@type":"ListItem","position":2,"name":"\u201cNos tornamos profissionais do culto\u201d, diz N\u00edvea Soares ao chamar Igreja ao quebrantamento"}]},{"@type":"WebSite","@id":"https:\/\/radioportoseguro.com.br\/site\/#website","url":"https:\/\/radioportoseguro.com.br\/site\/","name":"R\u00e1dio Porto Seguro","description":"","potentialAction":[{"@type":"SearchAction","target":{"@type":"EntryPoint","urlTemplate":"https:\/\/radioportoseguro.com.br\/site\/?s={search_term_string}"},"query-input":{"@type":"PropertyValueSpecification","valueRequired":true,"valueName":"search_term_string"}}],"inLanguage":"pt-BR"},{"@type":"Person","@id":"https:\/\/radioportoseguro.com.br\/site\/#\/schema\/person\/7630acdc320186f13639d3c067ec089b","name":"admin","image":{"@type":"ImageObject","inLanguage":"pt-BR","@id":"https:\/\/radioportoseguro.com.br\/site\/#\/schema\/person\/image\/","url":"https:\/\/secure.gravatar.com\/avatar\/caacf4dc1eedb68fab0df8e1ed46c448e578b2466351bbcb61e47d2ac0caaef0?s=96&d=mm&r=g","contentUrl":"https:\/\/secure.gravatar.com\/avatar\/caacf4dc1eedb68fab0df8e1ed46c448e578b2466351bbcb61e47d2ac0caaef0?s=96&d=mm&r=g","caption":"admin"},"sameAs":["https:\/\/radioportoseguro.com.br\/site"],"url":"https:\/\/radioportoseguro.com.br\/site\/author\/hezio\/"}]}},"_links":{"self":[{"href":"https:\/\/radioportoseguro.com.br\/site\/wp-json\/wp\/v2\/posts\/3649","targetHints":{"allow":["GET"]}}],"collection":[{"href":"https:\/\/radioportoseguro.com.br\/site\/wp-json\/wp\/v2\/posts"}],"about":[{"href":"https:\/\/radioportoseguro.com.br\/site\/wp-json\/wp\/v2\/types\/post"}],"author":[{"embeddable":true,"href":"https:\/\/radioportoseguro.com.br\/site\/wp-json\/wp\/v2\/users\/1"}],"replies":[{"embeddable":true,"href":"https:\/\/radioportoseguro.com.br\/site\/wp-json\/wp\/v2\/comments?post=3649"}],"version-history":[{"count":0,"href":"https:\/\/radioportoseguro.com.br\/site\/wp-json\/wp\/v2\/posts\/3649\/revisions"}],"wp:featuredmedia":[{"embeddable":true,"href":"https:\/\/radioportoseguro.com.br\/site\/wp-json\/wp\/v2\/media\/3650"}],"wp:attachment":[{"href":"https:\/\/radioportoseguro.com.br\/site\/wp-json\/wp\/v2\/media?parent=3649"}],"wp:term":[{"taxonomy":"category","embeddable":true,"href":"https:\/\/radioportoseguro.com.br\/site\/wp-json\/wp\/v2\/categories?post=3649"},{"taxonomy":"post_tag","embeddable":true,"href":"https:\/\/radioportoseguro.com.br\/site\/wp-json\/wp\/v2\/tags?post=3649"}],"curies":[{"name":"wp","href":"https:\/\/api.w.org\/{rel}","templated":true}]}}