{"id":3659,"date":"2026-02-01T14:25:15","date_gmt":"2026-02-01T17:25:15","guid":{"rendered":"https:\/\/radioportoseguro.com.br\/site\/2026\/02\/01\/terroristas-matam-25-cristaos-em-ataque-a-vila-na-republica-democratica-do-congo\/"},"modified":"2026-02-01T14:25:15","modified_gmt":"2026-02-01T17:25:15","slug":"terroristas-matam-25-cristaos-em-ataque-a-vila-na-republica-democratica-do-congo","status":"publish","type":"post","link":"https:\/\/radioportoseguro.com.br\/site\/2026\/02\/01\/terroristas-matam-25-cristaos-em-ataque-a-vila-na-republica-democratica-do-congo\/","title":{"rendered":"Terroristas matam 25 crist\u00e3os em ataque a vila na Rep\u00fablica Democr\u00e1tica do Congo"},"content":{"rendered":"<p><br \/>\n<br \/><\/p>\n<div>\n<p><span style=\"font-weight: 400;\">No \u00faltimo domingo (25), terroristas das For\u00e7as Democr\u00e1ticas Aliadas (ADF) assassinaram 25 pessoas em um ataque brutal em uma comunidade crist\u00e3 na <\/span><span style=\"color: #993300;\"><strong>Rep\u00fablica Democr\u00e1tica do Congo<\/strong><\/span><span style=\"font-weight: 400;\"> (RDC).<\/span><\/p>\n<p><span style=\"font-weight: 400;\">O ataque ocorreu na vila de Apakolu, localizada em Irumu, durante a madrugada. Enquanto os moradores dormiam, terroristas invadiram e devastaram a comunidade crist\u00e3.<\/span><\/p>\n<p><span style=\"font-weight: 400;\">\u201cEles iam de porta em porta, executando civis sem piedade e incendiando casas\u201d, disse um agricultor ao International Christian Concern (ICC).<\/span><\/p>\n<p><span style=\"font-weight: 400;\">Segundo Christophe Munyanderu, um ativista local, 25 pessoas foram mortas durante o ataque. Entre elas, 18 moradores teriam sido trancados dentro de uma casa e executados, enquanto outros sete foram mortos a tiros na estrada enquanto tentavam fugir.\u00a0<\/span><\/p>\n<p><span style=\"font-weight: 400;\">Com v\u00e1rias pessoas ainda desaparecidas, cresce o medo de que a trag\u00e9dia tenha feito mais v\u00edtimas do que o j\u00e1 confirmado.<\/span><\/p>\n<p><strong>\u2018Crist\u00e3os est\u00e3o morrendo enquanto dormem\u2019<\/strong><\/p>\n<p><span style=\"font-weight: 400;\">Uma m\u00e3e de quatro filhos que conseguiu escapar do ataque ao se esconder em uma planta\u00e7\u00e3o pr\u00f3xima, compartilhou:<\/span><\/p>\n<p><span style=\"font-weight: 400;\">\u201cOuvimos batidas na porta e depois gritos. Nos disseram para abrir a porta ou iriam queimar a casa. Ent\u00e3o, tapei a boca dos meus filhos para que n\u00e3o chorassem\u201d.\u00a0<\/span><\/p>\n<p><span style=\"font-weight: 400;\">\u201cQuando os tiros come\u00e7aram, pensei que meu cora\u00e7\u00e3o fosse parar. Quando amanheceu, encontrei os corpos dos meus vizinhos espalhados por toda parte. Nossa aldeia acabou\u201d, acrescentou.<\/span><\/p>\n<p><span style=\"font-weight: 400;\">L\u00edderes religiosos condenaram o ataque e o chamaram de \u201ccrime contra a humanidade\u201d, al\u00e9m de \u201cuma mancha na consci\u00eancia da na\u00e7\u00e3o\u201d. Durante uma reuni\u00e3o de ora\u00e7\u00e3o, um padre declarou:<\/span><\/p>\n<p><span style=\"font-weight: 400;\">\u201cCrist\u00e3os est\u00e3o morrendo enquanto dormem, em suas casas, onde deveriam se sentir seguros. Este sangue clama a Deus. At\u00e9 quando os inocentes sofrer\u00e3o enquanto o mundo assiste em sil\u00eancio?\u201d.\u00a0<\/span><\/p>\n<p><span style=\"font-weight: 400;\">Um pastor de uma igreja vizinha tamb\u00e9m falou sobre o ataque: \u201cEram agricultores, m\u00e3es, crian\u00e7as, pessoas sem armas, sem prote\u00e7\u00e3o. Hoje os enterramos com o cora\u00e7\u00e3o partido. Se n\u00e3o houver uma a\u00e7\u00e3o urgente para proteger os civis, amanh\u00e3 ser\u00e1 outra aldeia, outra igreja, outra sepultura\u201d.<\/span><\/p>\n<p><span style=\"font-weight: 400;\">Enquanto a comunidade crist\u00e3 lamenta o ataque, o medo e o trauma tomam conta das aldeias vizinhas. Os sobreviventes imploram pelo fim da viol\u00eancia e pelo reconhecimento de seu sofrimento.<\/span><\/p>\n<p><span style=\"font-weight: 400;\">A Rep\u00fablica Democr\u00e1tica do Congo ocupa a 29\u00aa posi\u00e7\u00e3o na <\/span><span style=\"color: #993300;\"><strong>Lista Mundial da Persegui\u00e7\u00e3o 2026<\/strong><\/span><span style=\"font-weight: 400;\"> da Miss\u00e3o Portas Abertas.<\/span><\/p>\n<\/div>\n<p><br \/>\n<br \/>Fonte: Guiame <\/p>\n","protected":false},"excerpt":{"rendered":"<p>No \u00faltimo domingo (25), terroristas das For\u00e7as Democr\u00e1ticas Aliadas (ADF) assassinaram 25 pessoas em um ataque brutal em uma comunidade crist\u00e3 na Rep\u00fablica Democr\u00e1tica do Congo (RDC). O ataque ocorreu na vila de Apakolu, localizada em Irumu, durante a madrugada. Enquanto os moradores dormiam, terroristas invadiram e devastaram a comunidade crist\u00e3. \u201cEles iam de porta [&hellip;]<\/p>\n","protected":false},"author":1,"featured_media":3660,"comment_status":"","ping_status":"open","sticky":false,"template":"","format":"standard","meta":{"footnotes":""},"categories":[43],"tags":[],"class_list":["post-3659","post","type-post","status-publish","format-standard","has-post-thumbnail","hentry","category-destaques"],"yoast_head":"<!-- This site is optimized with the Yoast SEO plugin v26.8 - https:\/\/yoast.com\/product\/yoast-seo-wordpress\/ -->\n<title>Terroristas matam 25 crist\u00e3os em ataque a vila na Rep\u00fablica Democr\u00e1tica do Congo - R\u00e1dio Porto Seguro<\/title>\n<meta name=\"robots\" content=\"index, follow, max-snippet:-1, max-image-preview:large, max-video-preview:-1\" \/>\n<link rel=\"canonical\" href=\"https:\/\/radioportoseguro.com.br\/site\/2026\/02\/01\/terroristas-matam-25-cristaos-em-ataque-a-vila-na-republica-democratica-do-congo\/\" \/>\n<meta property=\"og:locale\" content=\"pt_BR\" \/>\n<meta property=\"og:type\" content=\"article\" \/>\n<meta property=\"og:title\" content=\"Terroristas matam 25 crist\u00e3os em ataque a vila na Rep\u00fablica Democr\u00e1tica do Congo - R\u00e1dio Porto Seguro\" \/>\n<meta property=\"og:description\" content=\"No \u00faltimo domingo (25), terroristas das For\u00e7as Democr\u00e1ticas Aliadas (ADF) assassinaram 25 pessoas em um ataque brutal em uma comunidade crist\u00e3 na Rep\u00fablica Democr\u00e1tica do Congo (RDC). O ataque ocorreu na vila de Apakolu, localizada em Irumu, durante a madrugada. Enquanto os moradores dormiam, terroristas invadiram e devastaram a comunidade crist\u00e3. \u201cEles iam de porta [&hellip;]\" \/>\n<meta property=\"og:url\" content=\"https:\/\/radioportoseguro.com.br\/site\/2026\/02\/01\/terroristas-matam-25-cristaos-em-ataque-a-vila-na-republica-democratica-do-congo\/\" \/>\n<meta property=\"og:site_name\" content=\"R\u00e1dio Porto Seguro\" \/>\n<meta property=\"article:published_time\" content=\"2026-02-01T17:25:15+00:00\" \/>\n<meta property=\"og:image\" content=\"https:\/\/media.guiame.com.br\/archives\/2026\/01\/29\/3952669398-comunidade-crista-apos-o-ataque.jpeg\" \/>\n<meta name=\"author\" content=\"admin\" \/>\n<meta name=\"twitter:card\" content=\"summary_large_image\" \/>\n<meta name=\"twitter:label1\" content=\"Escrito por\" \/>\n\t<meta name=\"twitter:data1\" content=\"admin\" \/>\n\t<meta name=\"twitter:label2\" content=\"Est. tempo de leitura\" \/>\n\t<meta name=\"twitter:data2\" content=\"2 minutos\" \/>\n<script type=\"application\/ld+json\" class=\"yoast-schema-graph\">{\"@context\":\"https:\/\/schema.org\",\"@graph\":[{\"@type\":\"Article\",\"@id\":\"https:\/\/radioportoseguro.com.br\/site\/2026\/02\/01\/terroristas-matam-25-cristaos-em-ataque-a-vila-na-republica-democratica-do-congo\/#article\",\"isPartOf\":{\"@id\":\"https:\/\/radioportoseguro.com.br\/site\/2026\/02\/01\/terroristas-matam-25-cristaos-em-ataque-a-vila-na-republica-democratica-do-congo\/\"},\"author\":{\"name\":\"admin\",\"@id\":\"https:\/\/radioportoseguro.com.br\/site\/#\/schema\/person\/7630acdc320186f13639d3c067ec089b\"},\"headline\":\"Terroristas matam 25 crist\u00e3os em ataque a vila na Rep\u00fablica Democr\u00e1tica do Congo\",\"datePublished\":\"2026-02-01T17:25:15+00:00\",\"mainEntityOfPage\":{\"@id\":\"https:\/\/radioportoseguro.com.br\/site\/2026\/02\/01\/terroristas-matam-25-cristaos-em-ataque-a-vila-na-republica-democratica-do-congo\/\"},\"wordCount\":413,\"image\":{\"@id\":\"https:\/\/radioportoseguro.com.br\/site\/2026\/02\/01\/terroristas-matam-25-cristaos-em-ataque-a-vila-na-republica-democratica-do-congo\/#primaryimage\"},\"thumbnailUrl\":\"https:\/\/radioportoseguro.com.br\/site\/wp-content\/uploads\/2026\/02\/3952669398-comunidade-crista-apos-o-ataque.jpeg\",\"articleSection\":[\"Destaques\"],\"inLanguage\":\"pt-BR\"},{\"@type\":\"WebPage\",\"@id\":\"https:\/\/radioportoseguro.com.br\/site\/2026\/02\/01\/terroristas-matam-25-cristaos-em-ataque-a-vila-na-republica-democratica-do-congo\/\",\"url\":\"https:\/\/radioportoseguro.com.br\/site\/2026\/02\/01\/terroristas-matam-25-cristaos-em-ataque-a-vila-na-republica-democratica-do-congo\/\",\"name\":\"Terroristas matam 25 crist\u00e3os em ataque a vila na Rep\u00fablica Democr\u00e1tica do Congo - R\u00e1dio Porto Seguro\",\"isPartOf\":{\"@id\":\"https:\/\/radioportoseguro.com.br\/site\/#website\"},\"primaryImageOfPage\":{\"@id\":\"https:\/\/radioportoseguro.com.br\/site\/2026\/02\/01\/terroristas-matam-25-cristaos-em-ataque-a-vila-na-republica-democratica-do-congo\/#primaryimage\"},\"image\":{\"@id\":\"https:\/\/radioportoseguro.com.br\/site\/2026\/02\/01\/terroristas-matam-25-cristaos-em-ataque-a-vila-na-republica-democratica-do-congo\/#primaryimage\"},\"thumbnailUrl\":\"https:\/\/radioportoseguro.com.br\/site\/wp-content\/uploads\/2026\/02\/3952669398-comunidade-crista-apos-o-ataque.jpeg\",\"datePublished\":\"2026-02-01T17:25:15+00:00\",\"author\":{\"@id\":\"https:\/\/radioportoseguro.com.br\/site\/#\/schema\/person\/7630acdc320186f13639d3c067ec089b\"},\"breadcrumb\":{\"@id\":\"https:\/\/radioportoseguro.com.br\/site\/2026\/02\/01\/terroristas-matam-25-cristaos-em-ataque-a-vila-na-republica-democratica-do-congo\/#breadcrumb\"},\"inLanguage\":\"pt-BR\",\"potentialAction\":[{\"@type\":\"ReadAction\",\"target\":[\"https:\/\/radioportoseguro.com.br\/site\/2026\/02\/01\/terroristas-matam-25-cristaos-em-ataque-a-vila-na-republica-democratica-do-congo\/\"]}]},{\"@type\":\"ImageObject\",\"inLanguage\":\"pt-BR\",\"@id\":\"https:\/\/radioportoseguro.com.br\/site\/2026\/02\/01\/terroristas-matam-25-cristaos-em-ataque-a-vila-na-republica-democratica-do-congo\/#primaryimage\",\"url\":\"https:\/\/radioportoseguro.com.br\/site\/wp-content\/uploads\/2026\/02\/3952669398-comunidade-crista-apos-o-ataque.jpeg\",\"contentUrl\":\"https:\/\/radioportoseguro.com.br\/site\/wp-content\/uploads\/2026\/02\/3952669398-comunidade-crista-apos-o-ataque.jpeg\",\"width\":1200,\"height\":600},{\"@type\":\"BreadcrumbList\",\"@id\":\"https:\/\/radioportoseguro.com.br\/site\/2026\/02\/01\/terroristas-matam-25-cristaos-em-ataque-a-vila-na-republica-democratica-do-congo\/#breadcrumb\",\"itemListElement\":[{\"@type\":\"ListItem\",\"position\":1,\"name\":\"In\u00edcio\",\"item\":\"https:\/\/radioportoseguro.com.br\/site\/\"},{\"@type\":\"ListItem\",\"position\":2,\"name\":\"Terroristas matam 25 crist\u00e3os em ataque a vila na Rep\u00fablica Democr\u00e1tica do Congo\"}]},{\"@type\":\"WebSite\",\"@id\":\"https:\/\/radioportoseguro.com.br\/site\/#website\",\"url\":\"https:\/\/radioportoseguro.com.br\/site\/\",\"name\":\"R\u00e1dio Porto Seguro\",\"description\":\"\",\"potentialAction\":[{\"@type\":\"SearchAction\",\"target\":{\"@type\":\"EntryPoint\",\"urlTemplate\":\"https:\/\/radioportoseguro.com.br\/site\/?s={search_term_string}\"},\"query-input\":{\"@type\":\"PropertyValueSpecification\",\"valueRequired\":true,\"valueName\":\"search_term_string\"}}],\"inLanguage\":\"pt-BR\"},{\"@type\":\"Person\",\"@id\":\"https:\/\/radioportoseguro.com.br\/site\/#\/schema\/person\/7630acdc320186f13639d3c067ec089b\",\"name\":\"admin\",\"image\":{\"@type\":\"ImageObject\",\"inLanguage\":\"pt-BR\",\"@id\":\"https:\/\/radioportoseguro.com.br\/site\/#\/schema\/person\/image\/\",\"url\":\"https:\/\/secure.gravatar.com\/avatar\/caacf4dc1eedb68fab0df8e1ed46c448e578b2466351bbcb61e47d2ac0caaef0?s=96&d=mm&r=g\",\"contentUrl\":\"https:\/\/secure.gravatar.com\/avatar\/caacf4dc1eedb68fab0df8e1ed46c448e578b2466351bbcb61e47d2ac0caaef0?s=96&d=mm&r=g\",\"caption\":\"admin\"},\"sameAs\":[\"https:\/\/radioportoseguro.com.br\/site\"],\"url\":\"https:\/\/radioportoseguro.com.br\/site\/author\/hezio\/\"}]}<\/script>\n<!-- \/ Yoast SEO plugin. -->","yoast_head_json":{"title":"Terroristas matam 25 crist\u00e3os em ataque a vila na Rep\u00fablica Democr\u00e1tica do Congo - R\u00e1dio Porto Seguro","robots":{"index":"index","follow":"follow","max-snippet":"max-snippet:-1","max-image-preview":"max-image-preview:large","max-video-preview":"max-video-preview:-1"},"canonical":"https:\/\/radioportoseguro.com.br\/site\/2026\/02\/01\/terroristas-matam-25-cristaos-em-ataque-a-vila-na-republica-democratica-do-congo\/","og_locale":"pt_BR","og_type":"article","og_title":"Terroristas matam 25 crist\u00e3os em ataque a vila na Rep\u00fablica Democr\u00e1tica do Congo - R\u00e1dio Porto Seguro","og_description":"No \u00faltimo domingo (25), terroristas das For\u00e7as Democr\u00e1ticas Aliadas (ADF) assassinaram 25 pessoas em um ataque brutal em uma comunidade crist\u00e3 na Rep\u00fablica Democr\u00e1tica do Congo (RDC). O ataque ocorreu na vila de Apakolu, localizada em Irumu, durante a madrugada. Enquanto os moradores dormiam, terroristas invadiram e devastaram a comunidade crist\u00e3. \u201cEles iam de porta [&hellip;]","og_url":"https:\/\/radioportoseguro.com.br\/site\/2026\/02\/01\/terroristas-matam-25-cristaos-em-ataque-a-vila-na-republica-democratica-do-congo\/","og_site_name":"R\u00e1dio Porto Seguro","article_published_time":"2026-02-01T17:25:15+00:00","og_image":[{"url":"https:\/\/media.guiame.com.br\/archives\/2026\/01\/29\/3952669398-comunidade-crista-apos-o-ataque.jpeg","type":"","width":"","height":""}],"author":"admin","twitter_card":"summary_large_image","twitter_misc":{"Escrito por":"admin","Est. tempo de leitura":"2 minutos"},"schema":{"@context":"https:\/\/schema.org","@graph":[{"@type":"Article","@id":"https:\/\/radioportoseguro.com.br\/site\/2026\/02\/01\/terroristas-matam-25-cristaos-em-ataque-a-vila-na-republica-democratica-do-congo\/#article","isPartOf":{"@id":"https:\/\/radioportoseguro.com.br\/site\/2026\/02\/01\/terroristas-matam-25-cristaos-em-ataque-a-vila-na-republica-democratica-do-congo\/"},"author":{"name":"admin","@id":"https:\/\/radioportoseguro.com.br\/site\/#\/schema\/person\/7630acdc320186f13639d3c067ec089b"},"headline":"Terroristas matam 25 crist\u00e3os em ataque a vila na Rep\u00fablica Democr\u00e1tica do Congo","datePublished":"2026-02-01T17:25:15+00:00","mainEntityOfPage":{"@id":"https:\/\/radioportoseguro.com.br\/site\/2026\/02\/01\/terroristas-matam-25-cristaos-em-ataque-a-vila-na-republica-democratica-do-congo\/"},"wordCount":413,"image":{"@id":"https:\/\/radioportoseguro.com.br\/site\/2026\/02\/01\/terroristas-matam-25-cristaos-em-ataque-a-vila-na-republica-democratica-do-congo\/#primaryimage"},"thumbnailUrl":"https:\/\/radioportoseguro.com.br\/site\/wp-content\/uploads\/2026\/02\/3952669398-comunidade-crista-apos-o-ataque.jpeg","articleSection":["Destaques"],"inLanguage":"pt-BR"},{"@type":"WebPage","@id":"https:\/\/radioportoseguro.com.br\/site\/2026\/02\/01\/terroristas-matam-25-cristaos-em-ataque-a-vila-na-republica-democratica-do-congo\/","url":"https:\/\/radioportoseguro.com.br\/site\/2026\/02\/01\/terroristas-matam-25-cristaos-em-ataque-a-vila-na-republica-democratica-do-congo\/","name":"Terroristas matam 25 crist\u00e3os em ataque a vila na Rep\u00fablica Democr\u00e1tica do Congo - R\u00e1dio Porto Seguro","isPartOf":{"@id":"https:\/\/radioportoseguro.com.br\/site\/#website"},"primaryImageOfPage":{"@id":"https:\/\/radioportoseguro.com.br\/site\/2026\/02\/01\/terroristas-matam-25-cristaos-em-ataque-a-vila-na-republica-democratica-do-congo\/#primaryimage"},"image":{"@id":"https:\/\/radioportoseguro.com.br\/site\/2026\/02\/01\/terroristas-matam-25-cristaos-em-ataque-a-vila-na-republica-democratica-do-congo\/#primaryimage"},"thumbnailUrl":"https:\/\/radioportoseguro.com.br\/site\/wp-content\/uploads\/2026\/02\/3952669398-comunidade-crista-apos-o-ataque.jpeg","datePublished":"2026-02-01T17:25:15+00:00","author":{"@id":"https:\/\/radioportoseguro.com.br\/site\/#\/schema\/person\/7630acdc320186f13639d3c067ec089b"},"breadcrumb":{"@id":"https:\/\/radioportoseguro.com.br\/site\/2026\/02\/01\/terroristas-matam-25-cristaos-em-ataque-a-vila-na-republica-democratica-do-congo\/#breadcrumb"},"inLanguage":"pt-BR","potentialAction":[{"@type":"ReadAction","target":["https:\/\/radioportoseguro.com.br\/site\/2026\/02\/01\/terroristas-matam-25-cristaos-em-ataque-a-vila-na-republica-democratica-do-congo\/"]}]},{"@type":"ImageObject","inLanguage":"pt-BR","@id":"https:\/\/radioportoseguro.com.br\/site\/2026\/02\/01\/terroristas-matam-25-cristaos-em-ataque-a-vila-na-republica-democratica-do-congo\/#primaryimage","url":"https:\/\/radioportoseguro.com.br\/site\/wp-content\/uploads\/2026\/02\/3952669398-comunidade-crista-apos-o-ataque.jpeg","contentUrl":"https:\/\/radioportoseguro.com.br\/site\/wp-content\/uploads\/2026\/02\/3952669398-comunidade-crista-apos-o-ataque.jpeg","width":1200,"height":600},{"@type":"BreadcrumbList","@id":"https:\/\/radioportoseguro.com.br\/site\/2026\/02\/01\/terroristas-matam-25-cristaos-em-ataque-a-vila-na-republica-democratica-do-congo\/#breadcrumb","itemListElement":[{"@type":"ListItem","position":1,"name":"In\u00edcio","item":"https:\/\/radioportoseguro.com.br\/site\/"},{"@type":"ListItem","position":2,"name":"Terroristas matam 25 crist\u00e3os em ataque a vila na Rep\u00fablica Democr\u00e1tica do Congo"}]},{"@type":"WebSite","@id":"https:\/\/radioportoseguro.com.br\/site\/#website","url":"https:\/\/radioportoseguro.com.br\/site\/","name":"R\u00e1dio Porto Seguro","description":"","potentialAction":[{"@type":"SearchAction","target":{"@type":"EntryPoint","urlTemplate":"https:\/\/radioportoseguro.com.br\/site\/?s={search_term_string}"},"query-input":{"@type":"PropertyValueSpecification","valueRequired":true,"valueName":"search_term_string"}}],"inLanguage":"pt-BR"},{"@type":"Person","@id":"https:\/\/radioportoseguro.com.br\/site\/#\/schema\/person\/7630acdc320186f13639d3c067ec089b","name":"admin","image":{"@type":"ImageObject","inLanguage":"pt-BR","@id":"https:\/\/radioportoseguro.com.br\/site\/#\/schema\/person\/image\/","url":"https:\/\/secure.gravatar.com\/avatar\/caacf4dc1eedb68fab0df8e1ed46c448e578b2466351bbcb61e47d2ac0caaef0?s=96&d=mm&r=g","contentUrl":"https:\/\/secure.gravatar.com\/avatar\/caacf4dc1eedb68fab0df8e1ed46c448e578b2466351bbcb61e47d2ac0caaef0?s=96&d=mm&r=g","caption":"admin"},"sameAs":["https:\/\/radioportoseguro.com.br\/site"],"url":"https:\/\/radioportoseguro.com.br\/site\/author\/hezio\/"}]}},"_links":{"self":[{"href":"https:\/\/radioportoseguro.com.br\/site\/wp-json\/wp\/v2\/posts\/3659","targetHints":{"allow":["GET"]}}],"collection":[{"href":"https:\/\/radioportoseguro.com.br\/site\/wp-json\/wp\/v2\/posts"}],"about":[{"href":"https:\/\/radioportoseguro.com.br\/site\/wp-json\/wp\/v2\/types\/post"}],"author":[{"embeddable":true,"href":"https:\/\/radioportoseguro.com.br\/site\/wp-json\/wp\/v2\/users\/1"}],"replies":[{"embeddable":true,"href":"https:\/\/radioportoseguro.com.br\/site\/wp-json\/wp\/v2\/comments?post=3659"}],"version-history":[{"count":0,"href":"https:\/\/radioportoseguro.com.br\/site\/wp-json\/wp\/v2\/posts\/3659\/revisions"}],"wp:featuredmedia":[{"embeddable":true,"href":"https:\/\/radioportoseguro.com.br\/site\/wp-json\/wp\/v2\/media\/3660"}],"wp:attachment":[{"href":"https:\/\/radioportoseguro.com.br\/site\/wp-json\/wp\/v2\/media?parent=3659"}],"wp:term":[{"taxonomy":"category","embeddable":true,"href":"https:\/\/radioportoseguro.com.br\/site\/wp-json\/wp\/v2\/categories?post=3659"},{"taxonomy":"post_tag","embeddable":true,"href":"https:\/\/radioportoseguro.com.br\/site\/wp-json\/wp\/v2\/tags?post=3659"}],"curies":[{"name":"wp","href":"https:\/\/api.w.org\/{rel}","templated":true}]}}