{"id":3669,"date":"2026-02-01T23:22:55","date_gmt":"2026-02-02T02:22:55","guid":{"rendered":"https:\/\/radioportoseguro.com.br\/site\/2026\/02\/01\/quando-paramos-de-ir-as-nacoes-ficamos-confortaveis-demais-diz-francis-chan-no-the-send\/"},"modified":"2026-02-01T23:22:55","modified_gmt":"2026-02-02T02:22:55","slug":"quando-paramos-de-ir-as-nacoes-ficamos-confortaveis-demais-diz-francis-chan-no-the-send","status":"publish","type":"post","link":"https:\/\/radioportoseguro.com.br\/site\/2026\/02\/01\/quando-paramos-de-ir-as-nacoes-ficamos-confortaveis-demais-diz-francis-chan-no-the-send\/","title":{"rendered":"\u2018Quando paramos de ir \u00e0s na\u00e7\u00f5es, ficamos confort\u00e1veis demais\u2019, diz Francis Chan no The Send"},"content":{"rendered":"<p><br \/>\n<br \/><\/p>\n<div>\n<p>O pastor e escritor <span style=\"color: #800000;\"><strong>Francis Chan<\/strong><\/span>, do minist\u00e9rio Crazy Love (Louco Amor), foi um dos l\u00edderes que ministraram na segunda edi\u00e7\u00e3o do <span style=\"color: #800000;\"><strong>The Send Brasil<\/strong><\/span>, realizada neste s\u00e1bado (31).<\/p>\n<p>O encontro, com dura\u00e7\u00e3o de 12 horas, aconteceu simultaneamente em cinco est\u00e1dios brasileiros e reuniu milhares de crist\u00e3os com o prop\u00f3sito de mobiliza\u00e7\u00e3o mission\u00e1ria, ora\u00e7\u00e3o e envio.<\/p>\n<p>Em uma mensagem profunda sobre o <span style=\"color: #800000;\"><strong>chamado mission\u00e1rio<\/strong><\/span>, marcada por alertas sobre riscos e perigos, mas principalmente sobre compromisso, Chan deixou claro desde o in\u00edcio que n\u00e3o se tratava de um apelo emocional.<\/p>\n<p>\u201cAlguns de voc\u00eas v\u00e3o dizer \u2018sim\u2019 para esse chamado, e isso pode custar a sua vida\u201d, afirmou, ressaltando que a decis\u00e3o pelo envio mission\u00e1rio n\u00e3o nasce da empolga\u00e7\u00e3o, mas de uma convic\u00e7\u00e3o gerada pelo Esp\u00edrito Santo.<\/p>\n<p><strong>Bilh\u00f5es n\u00e3o conhecem Jesus<\/strong><\/p>\n<p>Durante sua fala, Chan destacou um dado alarmante: 3,4 bilh\u00f5es de pessoas no mundo ainda n\u00e3o t\u00eam acesso ao Evangelho, o que evidencia a extrema necessidade de envio mission\u00e1rio.<\/p>\n<p>Ele explicou que eventos como o The Send n\u00e3o se tratam de um ajuntamento, mas de um prop\u00f3sito, no qual aqueles que aceitam o envio precisam assumir um compromisso real.<\/p>\n<p>Em seguida, Chan alertou sobre os riscos de movimentos que deixam de enviar pessoas \u00e0s na\u00e7\u00f5es\u201d<\/p>\n<p>\u201cEu j\u00e1 vi isso acontecer nos Estados Unidos, onde a gente tem momentos assim, ajuntamentos muito grandes. Mas, quando a gente para de enviar as pessoas para as na\u00e7\u00f5es e come\u00e7a a ficar seguro demais, a gente come\u00e7a a perder a presen\u00e7a de Deus\u201d.<\/p>\n<p>Segundo ele, enquanto multid\u00f5es celebram em grandes eventos crist\u00e3os, bilh\u00f5es de pessoas jamais ouviram sequer o nome de Jesus, e hoje h\u00e1 apenas cerca de 12 mil mission\u00e1rios dedicados a povos n\u00e3o alcan\u00e7ados.<\/p>\n<p>\u201c\u00c9 uma alegria ver voc\u00eas aqui gritando e louvando. Mas esses 3,4 bilh\u00f5es de pessoas n\u00e3o ouviram nem falar de Jesus. Eles n\u00e3o t\u00eam ningu\u00e9m compartilhando com eles quem Jesus \u00e9\u201d, afirmou.<\/p>\n<p>O l\u00edder enfatizou que o mover que a igreja ora para ver no Brasil precisa resultar em envio concreto, e n\u00e3o apenas em encontros marcados pela empolga\u00e7\u00e3o.<\/p>\n<p>\u201cMas hoje n\u00f3s cremos que haver\u00e1 um mover de Deus no Brasil. N\u00f3s estamos orando para que milhares de brasileiros venham dizer \u2018sim\u2019 a esse chamado\u201d, declarou.<\/p>\n<p><strong>Compromisso de quatro anos<\/strong><\/p>\n<p>Chan apresentou o compromisso proposto pelo movimento: quatro anos de dedica\u00e7\u00e3o mission\u00e1ria, sendo um ano de treinamento e tr\u00eas anos vivendo entre um povo n\u00e3o alcan\u00e7ado \u2014 aprendendo a l\u00edngua, a cultura e compartilhando o amor de Cristo de forma encarnada.<\/p>\n<p>Ele fez quest\u00e3o de alertar que esse chamado envolve riscos reais e poss\u00edveis perdas, inclusive da pr\u00f3pria vida.<\/p>\n<p>\u201cN\u00e3o queremos que voc\u00ea fa\u00e7a isso por hype. Se for por empolga\u00e7\u00e3o, voc\u00ea vai desistir quando ficar dif\u00edcil\u201d, alertou.<\/p>\n<p>Para Chan, somente um chamado leg\u00edtimo, confirmado pelo Esp\u00edrito Santo, sustenta algu\u00e9m diante da persegui\u00e7\u00e3o, do sofrimento e da rejei\u00e7\u00e3o.<\/p>\n<p>Ao abrir as Escrituras em Mateus 28, Chan lembrou que a promessa da presen\u00e7a constante de Jesus est\u00e1 diretamente ligada ao mandamento de ir \u00e0s na\u00e7\u00f5es.<\/p>\n<p>\u201cSe voc\u00ea quer experimentar a presen\u00e7a de Deus, precisa ir\u201d, afirmou.<\/p>\n<p>Ele advertiu que igrejas e movimentos que deixam de enviar pessoas \u00e0s na\u00e7\u00f5es e passam a buscar apenas seguran\u00e7a e conforto acabam perdendo sensibilidade espiritual.<\/p>\n<p>\u201cSe voc\u00ea quer experimentar a presen\u00e7a de Deus, precisa ir\u201d, afirmou. Segundo ele, a disposi\u00e7\u00e3o para o envio \u00e9 parte essencial da f\u00e9 crist\u00e3: \u201cPrimeiramente, todos n\u00f3s devemos estar dispostos a ir. \u00c9 isso que significa ter Jesus como Senhor sobre as nossas vidas\u201d.<\/p>\n<p>\u201cPor isso, eu quero que voc\u00ea escute a voz de Deus hoje, porque talvez Ele esteja te chamando a se comprometer com algo s\u00e9rio\u201d, alertou.<\/p>\n<p><strong>Sem aplausos<\/strong><\/p>\n<p>Ele lembrou que alguns ser\u00e3o enviados e n\u00e3o ver\u00e3o avivamento, nem convers\u00f5es, mas ainda assim glorificar\u00e3o a Deus por meio da fidelidade.<\/p>\n<p>\u201cTalvez voc\u00ea apenas seja fiel. E, no fim da sua vida, Deus diga: \u2018Muito bem, servo bom e fiel\u2019\u201d, declarou.<\/p>\n<p>Para o pastor, essa aprova\u00e7\u00e3o de Deus precisa ser suficiente, mesmo quando n\u00e3o h\u00e1 reconhecimento humano, n\u00fameros ou aplausos.<\/p>\n<p>Encerrando sua mensagem, Chan confrontou os sonhos de popularidade e influ\u00eancia que marcam a cultura atual.<\/p>\n<p>Ele desafiou os jovens a pensar no prop\u00f3sito real da vida e no tipo de reconhecimento que realmente importa:<\/p>\n<p>\u201cQual \u00e9 o seu objetivo de vida? \u00c9 terminar esta vida e ouvir Deus dizer: \u2018Muito bem\u2019?\u201d<\/p>\n<p>Chan relembrou o peso espiritual daquele momento no The Send:<\/p>\n<p>\u201cEu falei com voc\u00ea no The Send, e eu te disse diretamente: isso seria dif\u00edcil. E, ainda assim, voc\u00ea levantou a sua m\u00e3o e seguiu em frente.\u201d<\/p>\n<p><strong>Chamado nasce do Esp\u00edrito Santo<\/strong><\/p>\n<p>Ele advertiu que decis\u00f5es tomadas apenas pela emo\u00e7\u00e3o n\u00e3o permanecem:<\/p>\n<p>\u201cN\u00f3s n\u00e3o queremos que voc\u00ea fa\u00e7a isso por empolga\u00e7\u00e3o, porque isso n\u00e3o vai durar. Assim que ficar dif\u00edcil, voc\u00ea vai abandonar.\u201d<\/p>\n<p>Por isso, enfatizou que n\u00e3o desejava persuadir ningu\u00e9m humanamente:<\/p>\n<p>\u201c\u00c9 por isso que eu n\u00e3o quero te convencer a fazer algo. Porque, se eu te convencer, algu\u00e9m pode te convencer do contr\u00e1rio. O inimigo pode te convencer do contr\u00e1rio.\u201d<\/p>\n<p>Chan concluiu apontando para a origem verdadeira de um chamado aut\u00eantico:<\/p>\n<p>\u201cMas, quando isso \u00e9 um chamado que nasce do <span style=\"color: #800000;\"><strong>Esp\u00edrito Santo<\/strong><\/span>, h\u00e1 um fogo, uma confian\u00e7a, uma convic\u00e7\u00e3o dentro de voc\u00ea, em que voc\u00ea sabe: \u2018Esse \u00e9 o meu chamado.\u2019\u201d<\/p>\n<p style=\"text-align: left;\"><em>Assista a transmiss\u00e3o do The Send Brasil 2026 na \u00edntegra:<\/em><\/p>\n<p><em><div class=\"ose-youtube ose-uid-0c8a83371323c19c9ef5ce8fce0ead39 ose-embedpress-responsive\" style=\"width:600px; height:600px; max-height:600px; max-width:100%; display:inline-block;\" data-embed-type=\"Youtube\"><iframe allowFullScreen=\"true\" title=\"The Send Brasil 2026 - AO VIVO dos 5 Est\u00e1dios\" width=\"600\" height=\"600\" src=\"https:\/\/www.youtube.com\/embed\/MVeWz-Qaras?feature=oembed&color=red&rel=0&controls=1&start=&end=&fs=0&iv_load_policy=0&autoplay=0&mute=0&modestbranding=0&cc_load_policy=1&playsinline=1\" frameborder=\"0\" allow=\"accelerometer; encrypted-media;accelerometer;autoplay;clipboard-write;gyroscope;picture-in-picture clipboard-write; encrypted-media; gyroscope; picture-in-picture; web-share\" referrerpolicy=\"strict-origin-when-cross-origin\" allowfullscreen><\/iframe><\/div><\/em><\/p>\n<\/div>\n<p><br \/>\n<br \/>Fonte: Guiame <\/p>\n","protected":false},"excerpt":{"rendered":"<p>O pastor e escritor Francis Chan, do minist\u00e9rio Crazy Love (Louco Amor), foi um dos l\u00edderes que ministraram na segunda edi\u00e7\u00e3o do The Send Brasil, realizada neste s\u00e1bado (31). O encontro, com dura\u00e7\u00e3o de 12 horas, aconteceu simultaneamente em cinco est\u00e1dios brasileiros e reuniu milhares de crist\u00e3os com o prop\u00f3sito de mobiliza\u00e7\u00e3o mission\u00e1ria, ora\u00e7\u00e3o e [&hellip;]<\/p>\n","protected":false},"author":1,"featured_media":3670,"comment_status":"","ping_status":"open","sticky":false,"template":"","format":"standard","meta":{"footnotes":""},"categories":[43],"tags":[],"class_list":["post-3669","post","type-post","status-publish","format-standard","has-post-thumbnail","hentry","category-destaques"],"yoast_head":"<!-- This site is optimized with the Yoast SEO plugin v26.8 - https:\/\/yoast.com\/product\/yoast-seo-wordpress\/ -->\n<title>\u2018Quando paramos de ir \u00e0s na\u00e7\u00f5es, ficamos confort\u00e1veis demais\u2019, diz Francis Chan no The Send - R\u00e1dio Porto Seguro<\/title>\n<meta name=\"robots\" content=\"index, follow, max-snippet:-1, max-image-preview:large, max-video-preview:-1\" \/>\n<link rel=\"canonical\" href=\"https:\/\/radioportoseguro.com.br\/site\/2026\/02\/01\/quando-paramos-de-ir-as-nacoes-ficamos-confortaveis-demais-diz-francis-chan-no-the-send\/\" \/>\n<meta property=\"og:locale\" content=\"pt_BR\" \/>\n<meta property=\"og:type\" content=\"article\" \/>\n<meta property=\"og:title\" content=\"\u2018Quando paramos de ir \u00e0s na\u00e7\u00f5es, ficamos confort\u00e1veis demais\u2019, diz Francis Chan no The Send - R\u00e1dio Porto Seguro\" \/>\n<meta property=\"og:description\" content=\"O pastor e escritor Francis Chan, do minist\u00e9rio Crazy Love (Louco Amor), foi um dos l\u00edderes que ministraram na segunda edi\u00e7\u00e3o do The Send Brasil, realizada neste s\u00e1bado (31). O encontro, com dura\u00e7\u00e3o de 12 horas, aconteceu simultaneamente em cinco est\u00e1dios brasileiros e reuniu milhares de crist\u00e3os com o prop\u00f3sito de mobiliza\u00e7\u00e3o mission\u00e1ria, ora\u00e7\u00e3o e [&hellip;]\" \/>\n<meta property=\"og:url\" content=\"https:\/\/radioportoseguro.com.br\/site\/2026\/02\/01\/quando-paramos-de-ir-as-nacoes-ficamos-confortaveis-demais-diz-francis-chan-no-the-send\/\" \/>\n<meta property=\"og:site_name\" content=\"R\u00e1dio Porto Seguro\" \/>\n<meta property=\"article:published_time\" content=\"2026-02-02T02:22:55+00:00\" \/>\n<meta property=\"og:image\" content=\"https:\/\/media.guiame.com.br\/archives\/2026\/01\/31\/4180207770-francis-chan.jpg\" \/>\n<meta name=\"author\" content=\"admin\" \/>\n<meta name=\"twitter:card\" content=\"summary_large_image\" \/>\n<meta name=\"twitter:label1\" content=\"Escrito por\" \/>\n\t<meta name=\"twitter:data1\" content=\"admin\" \/>\n\t<meta name=\"twitter:label2\" content=\"Est. tempo de leitura\" \/>\n\t<meta name=\"twitter:data2\" content=\"5 minutos\" \/>\n<script type=\"application\/ld+json\" class=\"yoast-schema-graph\">{\"@context\":\"https:\/\/schema.org\",\"@graph\":[{\"@type\":\"Article\",\"@id\":\"https:\/\/radioportoseguro.com.br\/site\/2026\/02\/01\/quando-paramos-de-ir-as-nacoes-ficamos-confortaveis-demais-diz-francis-chan-no-the-send\/#article\",\"isPartOf\":{\"@id\":\"https:\/\/radioportoseguro.com.br\/site\/2026\/02\/01\/quando-paramos-de-ir-as-nacoes-ficamos-confortaveis-demais-diz-francis-chan-no-the-send\/\"},\"author\":{\"name\":\"admin\",\"@id\":\"https:\/\/radioportoseguro.com.br\/site\/#\/schema\/person\/7630acdc320186f13639d3c067ec089b\"},\"headline\":\"\u2018Quando paramos de ir \u00e0s na\u00e7\u00f5es, ficamos confort\u00e1veis demais\u2019, diz Francis Chan no The Send\",\"datePublished\":\"2026-02-02T02:22:55+00:00\",\"mainEntityOfPage\":{\"@id\":\"https:\/\/radioportoseguro.com.br\/site\/2026\/02\/01\/quando-paramos-de-ir-as-nacoes-ficamos-confortaveis-demais-diz-francis-chan-no-the-send\/\"},\"wordCount\":1003,\"image\":{\"@id\":\"https:\/\/radioportoseguro.com.br\/site\/2026\/02\/01\/quando-paramos-de-ir-as-nacoes-ficamos-confortaveis-demais-diz-francis-chan-no-the-send\/#primaryimage\"},\"thumbnailUrl\":\"https:\/\/radioportoseguro.com.br\/site\/wp-content\/uploads\/2026\/02\/4180207770-francis-chan.jpg\",\"articleSection\":[\"Destaques\"],\"inLanguage\":\"pt-BR\"},{\"@type\":\"WebPage\",\"@id\":\"https:\/\/radioportoseguro.com.br\/site\/2026\/02\/01\/quando-paramos-de-ir-as-nacoes-ficamos-confortaveis-demais-diz-francis-chan-no-the-send\/\",\"url\":\"https:\/\/radioportoseguro.com.br\/site\/2026\/02\/01\/quando-paramos-de-ir-as-nacoes-ficamos-confortaveis-demais-diz-francis-chan-no-the-send\/\",\"name\":\"\u2018Quando paramos de ir \u00e0s na\u00e7\u00f5es, ficamos confort\u00e1veis demais\u2019, diz Francis Chan no The Send - R\u00e1dio Porto Seguro\",\"isPartOf\":{\"@id\":\"https:\/\/radioportoseguro.com.br\/site\/#website\"},\"primaryImageOfPage\":{\"@id\":\"https:\/\/radioportoseguro.com.br\/site\/2026\/02\/01\/quando-paramos-de-ir-as-nacoes-ficamos-confortaveis-demais-diz-francis-chan-no-the-send\/#primaryimage\"},\"image\":{\"@id\":\"https:\/\/radioportoseguro.com.br\/site\/2026\/02\/01\/quando-paramos-de-ir-as-nacoes-ficamos-confortaveis-demais-diz-francis-chan-no-the-send\/#primaryimage\"},\"thumbnailUrl\":\"https:\/\/radioportoseguro.com.br\/site\/wp-content\/uploads\/2026\/02\/4180207770-francis-chan.jpg\",\"datePublished\":\"2026-02-02T02:22:55+00:00\",\"author\":{\"@id\":\"https:\/\/radioportoseguro.com.br\/site\/#\/schema\/person\/7630acdc320186f13639d3c067ec089b\"},\"breadcrumb\":{\"@id\":\"https:\/\/radioportoseguro.com.br\/site\/2026\/02\/01\/quando-paramos-de-ir-as-nacoes-ficamos-confortaveis-demais-diz-francis-chan-no-the-send\/#breadcrumb\"},\"inLanguage\":\"pt-BR\",\"potentialAction\":[{\"@type\":\"ReadAction\",\"target\":[\"https:\/\/radioportoseguro.com.br\/site\/2026\/02\/01\/quando-paramos-de-ir-as-nacoes-ficamos-confortaveis-demais-diz-francis-chan-no-the-send\/\"]}]},{\"@type\":\"ImageObject\",\"inLanguage\":\"pt-BR\",\"@id\":\"https:\/\/radioportoseguro.com.br\/site\/2026\/02\/01\/quando-paramos-de-ir-as-nacoes-ficamos-confortaveis-demais-diz-francis-chan-no-the-send\/#primaryimage\",\"url\":\"https:\/\/radioportoseguro.com.br\/site\/wp-content\/uploads\/2026\/02\/4180207770-francis-chan.jpg\",\"contentUrl\":\"https:\/\/radioportoseguro.com.br\/site\/wp-content\/uploads\/2026\/02\/4180207770-francis-chan.jpg\",\"width\":1200,\"height\":600},{\"@type\":\"BreadcrumbList\",\"@id\":\"https:\/\/radioportoseguro.com.br\/site\/2026\/02\/01\/quando-paramos-de-ir-as-nacoes-ficamos-confortaveis-demais-diz-francis-chan-no-the-send\/#breadcrumb\",\"itemListElement\":[{\"@type\":\"ListItem\",\"position\":1,\"name\":\"In\u00edcio\",\"item\":\"https:\/\/radioportoseguro.com.br\/site\/\"},{\"@type\":\"ListItem\",\"position\":2,\"name\":\"\u2018Quando paramos de ir \u00e0s na\u00e7\u00f5es, ficamos confort\u00e1veis demais\u2019, diz Francis Chan no The Send\"}]},{\"@type\":\"WebSite\",\"@id\":\"https:\/\/radioportoseguro.com.br\/site\/#website\",\"url\":\"https:\/\/radioportoseguro.com.br\/site\/\",\"name\":\"R\u00e1dio Porto Seguro\",\"description\":\"\",\"potentialAction\":[{\"@type\":\"SearchAction\",\"target\":{\"@type\":\"EntryPoint\",\"urlTemplate\":\"https:\/\/radioportoseguro.com.br\/site\/?s={search_term_string}\"},\"query-input\":{\"@type\":\"PropertyValueSpecification\",\"valueRequired\":true,\"valueName\":\"search_term_string\"}}],\"inLanguage\":\"pt-BR\"},{\"@type\":\"Person\",\"@id\":\"https:\/\/radioportoseguro.com.br\/site\/#\/schema\/person\/7630acdc320186f13639d3c067ec089b\",\"name\":\"admin\",\"image\":{\"@type\":\"ImageObject\",\"inLanguage\":\"pt-BR\",\"@id\":\"https:\/\/radioportoseguro.com.br\/site\/#\/schema\/person\/image\/\",\"url\":\"https:\/\/secure.gravatar.com\/avatar\/caacf4dc1eedb68fab0df8e1ed46c448e578b2466351bbcb61e47d2ac0caaef0?s=96&d=mm&r=g\",\"contentUrl\":\"https:\/\/secure.gravatar.com\/avatar\/caacf4dc1eedb68fab0df8e1ed46c448e578b2466351bbcb61e47d2ac0caaef0?s=96&d=mm&r=g\",\"caption\":\"admin\"},\"sameAs\":[\"https:\/\/radioportoseguro.com.br\/site\"],\"url\":\"https:\/\/radioportoseguro.com.br\/site\/author\/hezio\/\"}]}<\/script>\n<!-- \/ Yoast SEO plugin. -->","yoast_head_json":{"title":"\u2018Quando paramos de ir \u00e0s na\u00e7\u00f5es, ficamos confort\u00e1veis demais\u2019, diz Francis Chan no The Send - R\u00e1dio Porto Seguro","robots":{"index":"index","follow":"follow","max-snippet":"max-snippet:-1","max-image-preview":"max-image-preview:large","max-video-preview":"max-video-preview:-1"},"canonical":"https:\/\/radioportoseguro.com.br\/site\/2026\/02\/01\/quando-paramos-de-ir-as-nacoes-ficamos-confortaveis-demais-diz-francis-chan-no-the-send\/","og_locale":"pt_BR","og_type":"article","og_title":"\u2018Quando paramos de ir \u00e0s na\u00e7\u00f5es, ficamos confort\u00e1veis demais\u2019, diz Francis Chan no The Send - R\u00e1dio Porto Seguro","og_description":"O pastor e escritor Francis Chan, do minist\u00e9rio Crazy Love (Louco Amor), foi um dos l\u00edderes que ministraram na segunda edi\u00e7\u00e3o do The Send Brasil, realizada neste s\u00e1bado (31). O encontro, com dura\u00e7\u00e3o de 12 horas, aconteceu simultaneamente em cinco est\u00e1dios brasileiros e reuniu milhares de crist\u00e3os com o prop\u00f3sito de mobiliza\u00e7\u00e3o mission\u00e1ria, ora\u00e7\u00e3o e [&hellip;]","og_url":"https:\/\/radioportoseguro.com.br\/site\/2026\/02\/01\/quando-paramos-de-ir-as-nacoes-ficamos-confortaveis-demais-diz-francis-chan-no-the-send\/","og_site_name":"R\u00e1dio Porto Seguro","article_published_time":"2026-02-02T02:22:55+00:00","og_image":[{"url":"https:\/\/media.guiame.com.br\/archives\/2026\/01\/31\/4180207770-francis-chan.jpg","type":"","width":"","height":""}],"author":"admin","twitter_card":"summary_large_image","twitter_misc":{"Escrito por":"admin","Est. tempo de leitura":"5 minutos"},"schema":{"@context":"https:\/\/schema.org","@graph":[{"@type":"Article","@id":"https:\/\/radioportoseguro.com.br\/site\/2026\/02\/01\/quando-paramos-de-ir-as-nacoes-ficamos-confortaveis-demais-diz-francis-chan-no-the-send\/#article","isPartOf":{"@id":"https:\/\/radioportoseguro.com.br\/site\/2026\/02\/01\/quando-paramos-de-ir-as-nacoes-ficamos-confortaveis-demais-diz-francis-chan-no-the-send\/"},"author":{"name":"admin","@id":"https:\/\/radioportoseguro.com.br\/site\/#\/schema\/person\/7630acdc320186f13639d3c067ec089b"},"headline":"\u2018Quando paramos de ir \u00e0s na\u00e7\u00f5es, ficamos confort\u00e1veis demais\u2019, diz Francis Chan no The Send","datePublished":"2026-02-02T02:22:55+00:00","mainEntityOfPage":{"@id":"https:\/\/radioportoseguro.com.br\/site\/2026\/02\/01\/quando-paramos-de-ir-as-nacoes-ficamos-confortaveis-demais-diz-francis-chan-no-the-send\/"},"wordCount":1003,"image":{"@id":"https:\/\/radioportoseguro.com.br\/site\/2026\/02\/01\/quando-paramos-de-ir-as-nacoes-ficamos-confortaveis-demais-diz-francis-chan-no-the-send\/#primaryimage"},"thumbnailUrl":"https:\/\/radioportoseguro.com.br\/site\/wp-content\/uploads\/2026\/02\/4180207770-francis-chan.jpg","articleSection":["Destaques"],"inLanguage":"pt-BR"},{"@type":"WebPage","@id":"https:\/\/radioportoseguro.com.br\/site\/2026\/02\/01\/quando-paramos-de-ir-as-nacoes-ficamos-confortaveis-demais-diz-francis-chan-no-the-send\/","url":"https:\/\/radioportoseguro.com.br\/site\/2026\/02\/01\/quando-paramos-de-ir-as-nacoes-ficamos-confortaveis-demais-diz-francis-chan-no-the-send\/","name":"\u2018Quando paramos de ir \u00e0s na\u00e7\u00f5es, ficamos confort\u00e1veis demais\u2019, diz Francis Chan no The Send - R\u00e1dio Porto Seguro","isPartOf":{"@id":"https:\/\/radioportoseguro.com.br\/site\/#website"},"primaryImageOfPage":{"@id":"https:\/\/radioportoseguro.com.br\/site\/2026\/02\/01\/quando-paramos-de-ir-as-nacoes-ficamos-confortaveis-demais-diz-francis-chan-no-the-send\/#primaryimage"},"image":{"@id":"https:\/\/radioportoseguro.com.br\/site\/2026\/02\/01\/quando-paramos-de-ir-as-nacoes-ficamos-confortaveis-demais-diz-francis-chan-no-the-send\/#primaryimage"},"thumbnailUrl":"https:\/\/radioportoseguro.com.br\/site\/wp-content\/uploads\/2026\/02\/4180207770-francis-chan.jpg","datePublished":"2026-02-02T02:22:55+00:00","author":{"@id":"https:\/\/radioportoseguro.com.br\/site\/#\/schema\/person\/7630acdc320186f13639d3c067ec089b"},"breadcrumb":{"@id":"https:\/\/radioportoseguro.com.br\/site\/2026\/02\/01\/quando-paramos-de-ir-as-nacoes-ficamos-confortaveis-demais-diz-francis-chan-no-the-send\/#breadcrumb"},"inLanguage":"pt-BR","potentialAction":[{"@type":"ReadAction","target":["https:\/\/radioportoseguro.com.br\/site\/2026\/02\/01\/quando-paramos-de-ir-as-nacoes-ficamos-confortaveis-demais-diz-francis-chan-no-the-send\/"]}]},{"@type":"ImageObject","inLanguage":"pt-BR","@id":"https:\/\/radioportoseguro.com.br\/site\/2026\/02\/01\/quando-paramos-de-ir-as-nacoes-ficamos-confortaveis-demais-diz-francis-chan-no-the-send\/#primaryimage","url":"https:\/\/radioportoseguro.com.br\/site\/wp-content\/uploads\/2026\/02\/4180207770-francis-chan.jpg","contentUrl":"https:\/\/radioportoseguro.com.br\/site\/wp-content\/uploads\/2026\/02\/4180207770-francis-chan.jpg","width":1200,"height":600},{"@type":"BreadcrumbList","@id":"https:\/\/radioportoseguro.com.br\/site\/2026\/02\/01\/quando-paramos-de-ir-as-nacoes-ficamos-confortaveis-demais-diz-francis-chan-no-the-send\/#breadcrumb","itemListElement":[{"@type":"ListItem","position":1,"name":"In\u00edcio","item":"https:\/\/radioportoseguro.com.br\/site\/"},{"@type":"ListItem","position":2,"name":"\u2018Quando paramos de ir \u00e0s na\u00e7\u00f5es, ficamos confort\u00e1veis demais\u2019, diz Francis Chan no The Send"}]},{"@type":"WebSite","@id":"https:\/\/radioportoseguro.com.br\/site\/#website","url":"https:\/\/radioportoseguro.com.br\/site\/","name":"R\u00e1dio Porto Seguro","description":"","potentialAction":[{"@type":"SearchAction","target":{"@type":"EntryPoint","urlTemplate":"https:\/\/radioportoseguro.com.br\/site\/?s={search_term_string}"},"query-input":{"@type":"PropertyValueSpecification","valueRequired":true,"valueName":"search_term_string"}}],"inLanguage":"pt-BR"},{"@type":"Person","@id":"https:\/\/radioportoseguro.com.br\/site\/#\/schema\/person\/7630acdc320186f13639d3c067ec089b","name":"admin","image":{"@type":"ImageObject","inLanguage":"pt-BR","@id":"https:\/\/radioportoseguro.com.br\/site\/#\/schema\/person\/image\/","url":"https:\/\/secure.gravatar.com\/avatar\/caacf4dc1eedb68fab0df8e1ed46c448e578b2466351bbcb61e47d2ac0caaef0?s=96&d=mm&r=g","contentUrl":"https:\/\/secure.gravatar.com\/avatar\/caacf4dc1eedb68fab0df8e1ed46c448e578b2466351bbcb61e47d2ac0caaef0?s=96&d=mm&r=g","caption":"admin"},"sameAs":["https:\/\/radioportoseguro.com.br\/site"],"url":"https:\/\/radioportoseguro.com.br\/site\/author\/hezio\/"}]}},"_links":{"self":[{"href":"https:\/\/radioportoseguro.com.br\/site\/wp-json\/wp\/v2\/posts\/3669","targetHints":{"allow":["GET"]}}],"collection":[{"href":"https:\/\/radioportoseguro.com.br\/site\/wp-json\/wp\/v2\/posts"}],"about":[{"href":"https:\/\/radioportoseguro.com.br\/site\/wp-json\/wp\/v2\/types\/post"}],"author":[{"embeddable":true,"href":"https:\/\/radioportoseguro.com.br\/site\/wp-json\/wp\/v2\/users\/1"}],"replies":[{"embeddable":true,"href":"https:\/\/radioportoseguro.com.br\/site\/wp-json\/wp\/v2\/comments?post=3669"}],"version-history":[{"count":0,"href":"https:\/\/radioportoseguro.com.br\/site\/wp-json\/wp\/v2\/posts\/3669\/revisions"}],"wp:featuredmedia":[{"embeddable":true,"href":"https:\/\/radioportoseguro.com.br\/site\/wp-json\/wp\/v2\/media\/3670"}],"wp:attachment":[{"href":"https:\/\/radioportoseguro.com.br\/site\/wp-json\/wp\/v2\/media?parent=3669"}],"wp:term":[{"taxonomy":"category","embeddable":true,"href":"https:\/\/radioportoseguro.com.br\/site\/wp-json\/wp\/v2\/categories?post=3669"},{"taxonomy":"post_tag","embeddable":true,"href":"https:\/\/radioportoseguro.com.br\/site\/wp-json\/wp\/v2\/tags?post=3669"}],"curies":[{"name":"wp","href":"https:\/\/api.w.org\/{rel}","templated":true}]}}