{"id":3708,"date":"2026-02-03T01:55:39","date_gmt":"2026-02-03T04:55:39","guid":{"rendered":"https:\/\/radioportoseguro.com.br\/site\/2026\/02\/03\/the-send-reuniu-300-mil-pessoas-nos-estadios-e-mobilizou-milhares-de-igrejas-no-brasil\/"},"modified":"2026-02-03T01:55:39","modified_gmt":"2026-02-03T04:55:39","slug":"the-send-reuniu-300-mil-pessoas-nos-estadios-e-mobilizou-milhares-de-igrejas-no-brasil","status":"publish","type":"post","link":"https:\/\/radioportoseguro.com.br\/site\/2026\/02\/03\/the-send-reuniu-300-mil-pessoas-nos-estadios-e-mobilizou-milhares-de-igrejas-no-brasil\/","title":{"rendered":"The Send reuniu 300 mil pessoas nos est\u00e1dios e mobilizou milhares de igrejas no Brasil"},"content":{"rendered":"<p><br \/>\n<br \/><\/p>\n<div>\n<p><span style=\"font-weight: 400;\">O <\/span><strong><span style=\"color: #993300;\">The Send Brasil<\/span> <\/strong><span style=\"font-weight: 400;\">reuniu cerca de 300 mil pessoas no \u00faltimo s\u00e1bado (31) em cinco cidades brasileiras, consolidando-se como um dos maiores eventos crist\u00e3os j\u00e1 promovidos no pa\u00eds.\u00a0<\/span><\/p>\n<p><span style=\"font-weight: 400;\">Ao longo do evento, mais de 400 l\u00edderes subiram aos palcos, entre pastores, mission\u00e1rios, ministros e cantores. Diversas denomina\u00e7\u00f5es foram representadas, com membros de igrejas batistas, reformadas, episcopais, metodistas, pentecostais, carism\u00e1ticas, da Assembleia de Deus, da Quadrangular, entre outras.\u00a0<\/span><\/p>\n<p><span style=\"font-weight: 400;\">O The Send tem origem no The Call, iniciativa internacional liderada por Lou Engle, conhecida por grandes reuni\u00f5es de ora\u00e7\u00e3o em est\u00e1dios.\u00a0<\/span><\/p>\n<p><span style=\"font-weight: 400;\">Com o tempo, o foco foi ampliado \u2014 surgiu a convic\u00e7\u00e3o de que era necess\u00e1rio enviar pessoas para cumprir o \u201cide\u201d. A mudan\u00e7a deu origem ao The Send, que se traduz como \u201cO Envio\u201d.\u00a0<\/span><\/p>\n<p><strong>Uma programa\u00e7\u00e3o voltada \u00e0 ora\u00e7\u00e3o e \u00e0s miss\u00f5es\u00a0<\/strong><\/p>\n<p><span style=\"font-weight: 400;\">A programa\u00e7\u00e3o foi estruturada de forma a deixar claro que o encontro n\u00e3o tinha car\u00e1ter de entretenimento. Com dura\u00e7\u00e3o de 12 horas, houve momentos de ora\u00e7\u00e3o e mobiliza\u00e7\u00e3o, louvor e adora\u00e7\u00e3o, e prega\u00e7\u00e3o.\u00a0<\/span><\/p>\n<p><span style=\"font-weight: 400;\">O The Send Brasil promoveu pautas como arrependimento, incentivo ao engajamento b\u00edblico, mobiliza\u00e7\u00e3o para miss\u00f5es e cuidado com \u00f3rf\u00e3os e pessoas em situa\u00e7\u00e3o de vulnerabilidade. Al\u00e9m disso, foi marcado por ora\u00e7\u00f5es por cura, batismo no Esp\u00edrito Santo e confirma\u00e7\u00e3o de chamados.<\/span><\/p>\n<p><span style=\"font-weight: 400;\">Durante as ministra\u00e7\u00f5es, dados apresentados ajudaram a contextualizar o cen\u00e1rio global e nacional. Estima-se que mais de 3,4 bilh\u00f5es de pessoas ainda vivam em regi\u00f5es onde o Evangelho n\u00e3o chegou de forma acess\u00edvel, al\u00e9m da exist\u00eancia de mais de 7 mil grupos \u00e9tnicos que nunca ouviram a mensagem crist\u00e3.\u00a0<\/span><\/p>\n<p><span style=\"font-weight: 400;\">No Brasil, os n\u00fameros tamb\u00e9m chamam aten\u00e7\u00e3o: cerca de 47 mil crian\u00e7as e adolescentes vivem em abrigos, enquanto 32 milh\u00f5es de crian\u00e7as est\u00e3o em situa\u00e7\u00e3o de extrema pobreza.<\/span><\/p>\n<p><span style=\"font-weight: 400;\">Do ponto de vista financeiro, a organiza\u00e7\u00e3o afirma que o The Send n\u00e3o tem foco comercial. O valor dos ingressos n\u00e3o cobre nem metade dos custos de um evento desse porte, e n\u00e3o h\u00e1 margem de lucro baseada em bilheteria. A realiza\u00e7\u00e3o foi viabilizada principalmente por ofertas volunt\u00e1rias, incluindo recursos de organiza\u00e7\u00f5es mission\u00e1rias internacionais. Segundo os organizadores, nenhuma verba p\u00fablica foi utilizada.<\/span><\/p>\n<p><strong>Milhares de igrejas mobilizadas antes e depois do evento<\/strong><\/p>\n<p><span style=\"font-weight: 400;\">A mobiliza\u00e7\u00e3o come\u00e7ou meses antes do s\u00e1bado (31). Durante cerca de seis meses, equipes percorreram diferentes regi\u00f5es do pa\u00eds promovendo encontros com lideran\u00e7as, como caf\u00e9s de pastores, reuni\u00f5es de vis\u00e3o e cultos de mobiliza\u00e7\u00e3o. Mais de mil pastores participaram desse processo, envolvendo mais de mil igrejas.<\/span><\/p>\n<p><span style=\"font-weight: 400;\">De acordo com a organiza\u00e7\u00e3o, o objetivo nunca foi criar um movimento paralelo \u00e0 Igreja, mas fortalecer a atua\u00e7\u00e3o das igrejas locais, garantindo que aqueles que responderam ao chamado para o envio fossem acompanhados dentro de suas pr\u00f3prias comunidades.<\/span><\/p>\n<p><em><span style=\"font-weight: 400;\">Assista a transmiss\u00e3o do The Send Brasil 2026 na \u00edntegra:<\/span><\/em><\/p>\n<p style=\"text-align: center;\"><div class=\"ose-youtube ose-uid-0c8a83371323c19c9ef5ce8fce0ead39 ose-embedpress-responsive\" style=\"width:600px; height:600px; max-height:600px; max-width:100%; display:inline-block;\" data-embed-type=\"Youtube\"><iframe allowFullScreen=\"true\" title=\"The Send Brasil 2026 - AO VIVO dos 5 Est\u00e1dios\" width=\"600\" height=\"600\" src=\"https:\/\/www.youtube.com\/embed\/MVeWz-Qaras?feature=oembed&color=red&rel=0&controls=1&start=&end=&fs=0&iv_load_policy=0&autoplay=0&mute=0&modestbranding=0&cc_load_policy=1&playsinline=1\" frameborder=\"0\" allow=\"accelerometer; encrypted-media;accelerometer;autoplay;clipboard-write;gyroscope;picture-in-picture clipboard-write; encrypted-media; gyroscope; picture-in-picture; web-share\" referrerpolicy=\"strict-origin-when-cross-origin\" allowfullscreen><\/iframe><\/div><\/p>\n<\/div>\n<p><br \/>\n<br \/>Fonte: Guiame <\/p>\n","protected":false},"excerpt":{"rendered":"<p>O The Send Brasil reuniu cerca de 300 mil pessoas no \u00faltimo s\u00e1bado (31) em cinco cidades brasileiras, consolidando-se como um dos maiores eventos crist\u00e3os j\u00e1 promovidos no pa\u00eds.\u00a0 Ao longo do evento, mais de 400 l\u00edderes subiram aos palcos, entre pastores, mission\u00e1rios, ministros e cantores. Diversas denomina\u00e7\u00f5es foram representadas, com membros de igrejas batistas, [&hellip;]<\/p>\n","protected":false},"author":1,"featured_media":3709,"comment_status":"","ping_status":"open","sticky":false,"template":"","format":"standard","meta":{"footnotes":""},"categories":[43],"tags":[],"class_list":["post-3708","post","type-post","status-publish","format-standard","has-post-thumbnail","hentry","category-destaques"],"yoast_head":"<!-- This site is optimized with the Yoast SEO plugin v26.8 - https:\/\/yoast.com\/product\/yoast-seo-wordpress\/ -->\n<title>The Send reuniu 300 mil pessoas nos est\u00e1dios e mobilizou milhares de igrejas no Brasil - R\u00e1dio Porto Seguro<\/title>\n<meta name=\"robots\" content=\"index, follow, max-snippet:-1, max-image-preview:large, max-video-preview:-1\" \/>\n<link rel=\"canonical\" href=\"https:\/\/radioportoseguro.com.br\/site\/2026\/02\/03\/the-send-reuniu-300-mil-pessoas-nos-estadios-e-mobilizou-milhares-de-igrejas-no-brasil\/\" \/>\n<meta property=\"og:locale\" content=\"pt_BR\" \/>\n<meta property=\"og:type\" content=\"article\" \/>\n<meta property=\"og:title\" content=\"The Send reuniu 300 mil pessoas nos est\u00e1dios e mobilizou milhares de igrejas no Brasil - R\u00e1dio Porto Seguro\" \/>\n<meta property=\"og:description\" content=\"O The Send Brasil reuniu cerca de 300 mil pessoas no \u00faltimo s\u00e1bado (31) em cinco cidades brasileiras, consolidando-se como um dos maiores eventos crist\u00e3os j\u00e1 promovidos no pa\u00eds.\u00a0 Ao longo do evento, mais de 400 l\u00edderes subiram aos palcos, entre pastores, mission\u00e1rios, ministros e cantores. Diversas denomina\u00e7\u00f5es foram representadas, com membros de igrejas batistas, [&hellip;]\" \/>\n<meta property=\"og:url\" content=\"https:\/\/radioportoseguro.com.br\/site\/2026\/02\/03\/the-send-reuniu-300-mil-pessoas-nos-estadios-e-mobilizou-milhares-de-igrejas-no-brasil\/\" \/>\n<meta property=\"og:site_name\" content=\"R\u00e1dio Porto Seguro\" \/>\n<meta property=\"article:published_time\" content=\"2026-02-03T04:55:39+00:00\" \/>\n<meta property=\"og:image\" content=\"https:\/\/media.guiame.com.br\/archives\/2026\/02\/02\/562515243-send-2026.jpg\" \/>\n<meta name=\"author\" content=\"admin\" \/>\n<meta name=\"twitter:card\" content=\"summary_large_image\" \/>\n<meta name=\"twitter:label1\" content=\"Escrito por\" \/>\n\t<meta name=\"twitter:data1\" content=\"admin\" \/>\n\t<meta name=\"twitter:label2\" content=\"Est. tempo de leitura\" \/>\n\t<meta name=\"twitter:data2\" content=\"3 minutos\" \/>\n<script type=\"application\/ld+json\" class=\"yoast-schema-graph\">{\"@context\":\"https:\/\/schema.org\",\"@graph\":[{\"@type\":\"Article\",\"@id\":\"https:\/\/radioportoseguro.com.br\/site\/2026\/02\/03\/the-send-reuniu-300-mil-pessoas-nos-estadios-e-mobilizou-milhares-de-igrejas-no-brasil\/#article\",\"isPartOf\":{\"@id\":\"https:\/\/radioportoseguro.com.br\/site\/2026\/02\/03\/the-send-reuniu-300-mil-pessoas-nos-estadios-e-mobilizou-milhares-de-igrejas-no-brasil\/\"},\"author\":{\"name\":\"admin\",\"@id\":\"https:\/\/radioportoseguro.com.br\/site\/#\/schema\/person\/7630acdc320186f13639d3c067ec089b\"},\"headline\":\"The Send reuniu 300 mil pessoas nos est\u00e1dios e mobilizou milhares de igrejas no Brasil\",\"datePublished\":\"2026-02-03T04:55:39+00:00\",\"mainEntityOfPage\":{\"@id\":\"https:\/\/radioportoseguro.com.br\/site\/2026\/02\/03\/the-send-reuniu-300-mil-pessoas-nos-estadios-e-mobilizou-milhares-de-igrejas-no-brasil\/\"},\"wordCount\":536,\"image\":{\"@id\":\"https:\/\/radioportoseguro.com.br\/site\/2026\/02\/03\/the-send-reuniu-300-mil-pessoas-nos-estadios-e-mobilizou-milhares-de-igrejas-no-brasil\/#primaryimage\"},\"thumbnailUrl\":\"https:\/\/radioportoseguro.com.br\/site\/wp-content\/uploads\/2026\/02\/562515243-send-2026.jpg\",\"articleSection\":[\"Destaques\"],\"inLanguage\":\"pt-BR\"},{\"@type\":\"WebPage\",\"@id\":\"https:\/\/radioportoseguro.com.br\/site\/2026\/02\/03\/the-send-reuniu-300-mil-pessoas-nos-estadios-e-mobilizou-milhares-de-igrejas-no-brasil\/\",\"url\":\"https:\/\/radioportoseguro.com.br\/site\/2026\/02\/03\/the-send-reuniu-300-mil-pessoas-nos-estadios-e-mobilizou-milhares-de-igrejas-no-brasil\/\",\"name\":\"The Send reuniu 300 mil pessoas nos est\u00e1dios e mobilizou milhares de igrejas no Brasil - R\u00e1dio Porto Seguro\",\"isPartOf\":{\"@id\":\"https:\/\/radioportoseguro.com.br\/site\/#website\"},\"primaryImageOfPage\":{\"@id\":\"https:\/\/radioportoseguro.com.br\/site\/2026\/02\/03\/the-send-reuniu-300-mil-pessoas-nos-estadios-e-mobilizou-milhares-de-igrejas-no-brasil\/#primaryimage\"},\"image\":{\"@id\":\"https:\/\/radioportoseguro.com.br\/site\/2026\/02\/03\/the-send-reuniu-300-mil-pessoas-nos-estadios-e-mobilizou-milhares-de-igrejas-no-brasil\/#primaryimage\"},\"thumbnailUrl\":\"https:\/\/radioportoseguro.com.br\/site\/wp-content\/uploads\/2026\/02\/562515243-send-2026.jpg\",\"datePublished\":\"2026-02-03T04:55:39+00:00\",\"author\":{\"@id\":\"https:\/\/radioportoseguro.com.br\/site\/#\/schema\/person\/7630acdc320186f13639d3c067ec089b\"},\"breadcrumb\":{\"@id\":\"https:\/\/radioportoseguro.com.br\/site\/2026\/02\/03\/the-send-reuniu-300-mil-pessoas-nos-estadios-e-mobilizou-milhares-de-igrejas-no-brasil\/#breadcrumb\"},\"inLanguage\":\"pt-BR\",\"potentialAction\":[{\"@type\":\"ReadAction\",\"target\":[\"https:\/\/radioportoseguro.com.br\/site\/2026\/02\/03\/the-send-reuniu-300-mil-pessoas-nos-estadios-e-mobilizou-milhares-de-igrejas-no-brasil\/\"]}]},{\"@type\":\"ImageObject\",\"inLanguage\":\"pt-BR\",\"@id\":\"https:\/\/radioportoseguro.com.br\/site\/2026\/02\/03\/the-send-reuniu-300-mil-pessoas-nos-estadios-e-mobilizou-milhares-de-igrejas-no-brasil\/#primaryimage\",\"url\":\"https:\/\/radioportoseguro.com.br\/site\/wp-content\/uploads\/2026\/02\/562515243-send-2026.jpg\",\"contentUrl\":\"https:\/\/radioportoseguro.com.br\/site\/wp-content\/uploads\/2026\/02\/562515243-send-2026.jpg\",\"width\":1200,\"height\":600},{\"@type\":\"BreadcrumbList\",\"@id\":\"https:\/\/radioportoseguro.com.br\/site\/2026\/02\/03\/the-send-reuniu-300-mil-pessoas-nos-estadios-e-mobilizou-milhares-de-igrejas-no-brasil\/#breadcrumb\",\"itemListElement\":[{\"@type\":\"ListItem\",\"position\":1,\"name\":\"In\u00edcio\",\"item\":\"https:\/\/radioportoseguro.com.br\/site\/\"},{\"@type\":\"ListItem\",\"position\":2,\"name\":\"The Send reuniu 300 mil pessoas nos est\u00e1dios e mobilizou milhares de igrejas no Brasil\"}]},{\"@type\":\"WebSite\",\"@id\":\"https:\/\/radioportoseguro.com.br\/site\/#website\",\"url\":\"https:\/\/radioportoseguro.com.br\/site\/\",\"name\":\"R\u00e1dio Porto Seguro\",\"description\":\"\",\"potentialAction\":[{\"@type\":\"SearchAction\",\"target\":{\"@type\":\"EntryPoint\",\"urlTemplate\":\"https:\/\/radioportoseguro.com.br\/site\/?s={search_term_string}\"},\"query-input\":{\"@type\":\"PropertyValueSpecification\",\"valueRequired\":true,\"valueName\":\"search_term_string\"}}],\"inLanguage\":\"pt-BR\"},{\"@type\":\"Person\",\"@id\":\"https:\/\/radioportoseguro.com.br\/site\/#\/schema\/person\/7630acdc320186f13639d3c067ec089b\",\"name\":\"admin\",\"image\":{\"@type\":\"ImageObject\",\"inLanguage\":\"pt-BR\",\"@id\":\"https:\/\/radioportoseguro.com.br\/site\/#\/schema\/person\/image\/\",\"url\":\"https:\/\/secure.gravatar.com\/avatar\/caacf4dc1eedb68fab0df8e1ed46c448e578b2466351bbcb61e47d2ac0caaef0?s=96&d=mm&r=g\",\"contentUrl\":\"https:\/\/secure.gravatar.com\/avatar\/caacf4dc1eedb68fab0df8e1ed46c448e578b2466351bbcb61e47d2ac0caaef0?s=96&d=mm&r=g\",\"caption\":\"admin\"},\"sameAs\":[\"https:\/\/radioportoseguro.com.br\/site\"],\"url\":\"https:\/\/radioportoseguro.com.br\/site\/author\/hezio\/\"}]}<\/script>\n<!-- \/ Yoast SEO plugin. -->","yoast_head_json":{"title":"The Send reuniu 300 mil pessoas nos est\u00e1dios e mobilizou milhares de igrejas no Brasil - R\u00e1dio Porto Seguro","robots":{"index":"index","follow":"follow","max-snippet":"max-snippet:-1","max-image-preview":"max-image-preview:large","max-video-preview":"max-video-preview:-1"},"canonical":"https:\/\/radioportoseguro.com.br\/site\/2026\/02\/03\/the-send-reuniu-300-mil-pessoas-nos-estadios-e-mobilizou-milhares-de-igrejas-no-brasil\/","og_locale":"pt_BR","og_type":"article","og_title":"The Send reuniu 300 mil pessoas nos est\u00e1dios e mobilizou milhares de igrejas no Brasil - R\u00e1dio Porto Seguro","og_description":"O The Send Brasil reuniu cerca de 300 mil pessoas no \u00faltimo s\u00e1bado (31) em cinco cidades brasileiras, consolidando-se como um dos maiores eventos crist\u00e3os j\u00e1 promovidos no pa\u00eds.\u00a0 Ao longo do evento, mais de 400 l\u00edderes subiram aos palcos, entre pastores, mission\u00e1rios, ministros e cantores. Diversas denomina\u00e7\u00f5es foram representadas, com membros de igrejas batistas, [&hellip;]","og_url":"https:\/\/radioportoseguro.com.br\/site\/2026\/02\/03\/the-send-reuniu-300-mil-pessoas-nos-estadios-e-mobilizou-milhares-de-igrejas-no-brasil\/","og_site_name":"R\u00e1dio Porto Seguro","article_published_time":"2026-02-03T04:55:39+00:00","og_image":[{"url":"https:\/\/media.guiame.com.br\/archives\/2026\/02\/02\/562515243-send-2026.jpg","type":"","width":"","height":""}],"author":"admin","twitter_card":"summary_large_image","twitter_misc":{"Escrito por":"admin","Est. tempo de leitura":"3 minutos"},"schema":{"@context":"https:\/\/schema.org","@graph":[{"@type":"Article","@id":"https:\/\/radioportoseguro.com.br\/site\/2026\/02\/03\/the-send-reuniu-300-mil-pessoas-nos-estadios-e-mobilizou-milhares-de-igrejas-no-brasil\/#article","isPartOf":{"@id":"https:\/\/radioportoseguro.com.br\/site\/2026\/02\/03\/the-send-reuniu-300-mil-pessoas-nos-estadios-e-mobilizou-milhares-de-igrejas-no-brasil\/"},"author":{"name":"admin","@id":"https:\/\/radioportoseguro.com.br\/site\/#\/schema\/person\/7630acdc320186f13639d3c067ec089b"},"headline":"The Send reuniu 300 mil pessoas nos est\u00e1dios e mobilizou milhares de igrejas no Brasil","datePublished":"2026-02-03T04:55:39+00:00","mainEntityOfPage":{"@id":"https:\/\/radioportoseguro.com.br\/site\/2026\/02\/03\/the-send-reuniu-300-mil-pessoas-nos-estadios-e-mobilizou-milhares-de-igrejas-no-brasil\/"},"wordCount":536,"image":{"@id":"https:\/\/radioportoseguro.com.br\/site\/2026\/02\/03\/the-send-reuniu-300-mil-pessoas-nos-estadios-e-mobilizou-milhares-de-igrejas-no-brasil\/#primaryimage"},"thumbnailUrl":"https:\/\/radioportoseguro.com.br\/site\/wp-content\/uploads\/2026\/02\/562515243-send-2026.jpg","articleSection":["Destaques"],"inLanguage":"pt-BR"},{"@type":"WebPage","@id":"https:\/\/radioportoseguro.com.br\/site\/2026\/02\/03\/the-send-reuniu-300-mil-pessoas-nos-estadios-e-mobilizou-milhares-de-igrejas-no-brasil\/","url":"https:\/\/radioportoseguro.com.br\/site\/2026\/02\/03\/the-send-reuniu-300-mil-pessoas-nos-estadios-e-mobilizou-milhares-de-igrejas-no-brasil\/","name":"The Send reuniu 300 mil pessoas nos est\u00e1dios e mobilizou milhares de igrejas no Brasil - R\u00e1dio Porto Seguro","isPartOf":{"@id":"https:\/\/radioportoseguro.com.br\/site\/#website"},"primaryImageOfPage":{"@id":"https:\/\/radioportoseguro.com.br\/site\/2026\/02\/03\/the-send-reuniu-300-mil-pessoas-nos-estadios-e-mobilizou-milhares-de-igrejas-no-brasil\/#primaryimage"},"image":{"@id":"https:\/\/radioportoseguro.com.br\/site\/2026\/02\/03\/the-send-reuniu-300-mil-pessoas-nos-estadios-e-mobilizou-milhares-de-igrejas-no-brasil\/#primaryimage"},"thumbnailUrl":"https:\/\/radioportoseguro.com.br\/site\/wp-content\/uploads\/2026\/02\/562515243-send-2026.jpg","datePublished":"2026-02-03T04:55:39+00:00","author":{"@id":"https:\/\/radioportoseguro.com.br\/site\/#\/schema\/person\/7630acdc320186f13639d3c067ec089b"},"breadcrumb":{"@id":"https:\/\/radioportoseguro.com.br\/site\/2026\/02\/03\/the-send-reuniu-300-mil-pessoas-nos-estadios-e-mobilizou-milhares-de-igrejas-no-brasil\/#breadcrumb"},"inLanguage":"pt-BR","potentialAction":[{"@type":"ReadAction","target":["https:\/\/radioportoseguro.com.br\/site\/2026\/02\/03\/the-send-reuniu-300-mil-pessoas-nos-estadios-e-mobilizou-milhares-de-igrejas-no-brasil\/"]}]},{"@type":"ImageObject","inLanguage":"pt-BR","@id":"https:\/\/radioportoseguro.com.br\/site\/2026\/02\/03\/the-send-reuniu-300-mil-pessoas-nos-estadios-e-mobilizou-milhares-de-igrejas-no-brasil\/#primaryimage","url":"https:\/\/radioportoseguro.com.br\/site\/wp-content\/uploads\/2026\/02\/562515243-send-2026.jpg","contentUrl":"https:\/\/radioportoseguro.com.br\/site\/wp-content\/uploads\/2026\/02\/562515243-send-2026.jpg","width":1200,"height":600},{"@type":"BreadcrumbList","@id":"https:\/\/radioportoseguro.com.br\/site\/2026\/02\/03\/the-send-reuniu-300-mil-pessoas-nos-estadios-e-mobilizou-milhares-de-igrejas-no-brasil\/#breadcrumb","itemListElement":[{"@type":"ListItem","position":1,"name":"In\u00edcio","item":"https:\/\/radioportoseguro.com.br\/site\/"},{"@type":"ListItem","position":2,"name":"The Send reuniu 300 mil pessoas nos est\u00e1dios e mobilizou milhares de igrejas no Brasil"}]},{"@type":"WebSite","@id":"https:\/\/radioportoseguro.com.br\/site\/#website","url":"https:\/\/radioportoseguro.com.br\/site\/","name":"R\u00e1dio Porto Seguro","description":"","potentialAction":[{"@type":"SearchAction","target":{"@type":"EntryPoint","urlTemplate":"https:\/\/radioportoseguro.com.br\/site\/?s={search_term_string}"},"query-input":{"@type":"PropertyValueSpecification","valueRequired":true,"valueName":"search_term_string"}}],"inLanguage":"pt-BR"},{"@type":"Person","@id":"https:\/\/radioportoseguro.com.br\/site\/#\/schema\/person\/7630acdc320186f13639d3c067ec089b","name":"admin","image":{"@type":"ImageObject","inLanguage":"pt-BR","@id":"https:\/\/radioportoseguro.com.br\/site\/#\/schema\/person\/image\/","url":"https:\/\/secure.gravatar.com\/avatar\/caacf4dc1eedb68fab0df8e1ed46c448e578b2466351bbcb61e47d2ac0caaef0?s=96&d=mm&r=g","contentUrl":"https:\/\/secure.gravatar.com\/avatar\/caacf4dc1eedb68fab0df8e1ed46c448e578b2466351bbcb61e47d2ac0caaef0?s=96&d=mm&r=g","caption":"admin"},"sameAs":["https:\/\/radioportoseguro.com.br\/site"],"url":"https:\/\/radioportoseguro.com.br\/site\/author\/hezio\/"}]}},"_links":{"self":[{"href":"https:\/\/radioportoseguro.com.br\/site\/wp-json\/wp\/v2\/posts\/3708","targetHints":{"allow":["GET"]}}],"collection":[{"href":"https:\/\/radioportoseguro.com.br\/site\/wp-json\/wp\/v2\/posts"}],"about":[{"href":"https:\/\/radioportoseguro.com.br\/site\/wp-json\/wp\/v2\/types\/post"}],"author":[{"embeddable":true,"href":"https:\/\/radioportoseguro.com.br\/site\/wp-json\/wp\/v2\/users\/1"}],"replies":[{"embeddable":true,"href":"https:\/\/radioportoseguro.com.br\/site\/wp-json\/wp\/v2\/comments?post=3708"}],"version-history":[{"count":0,"href":"https:\/\/radioportoseguro.com.br\/site\/wp-json\/wp\/v2\/posts\/3708\/revisions"}],"wp:featuredmedia":[{"embeddable":true,"href":"https:\/\/radioportoseguro.com.br\/site\/wp-json\/wp\/v2\/media\/3709"}],"wp:attachment":[{"href":"https:\/\/radioportoseguro.com.br\/site\/wp-json\/wp\/v2\/media?parent=3708"}],"wp:term":[{"taxonomy":"category","embeddable":true,"href":"https:\/\/radioportoseguro.com.br\/site\/wp-json\/wp\/v2\/categories?post=3708"},{"taxonomy":"post_tag","embeddable":true,"href":"https:\/\/radioportoseguro.com.br\/site\/wp-json\/wp\/v2\/tags?post=3708"}],"curies":[{"name":"wp","href":"https:\/\/api.w.org\/{rel}","templated":true}]}}