{"id":3716,"date":"2026-02-03T08:06:44","date_gmt":"2026-02-03T11:06:44","guid":{"rendered":"https:\/\/radioportoseguro.com.br\/site\/2026\/02\/03\/missionaria-alerta-cristaos-no-the-send-as-nacoes-estao-prontas-mas-falta-uma-resposta\/"},"modified":"2026-02-03T08:06:44","modified_gmt":"2026-02-03T11:06:44","slug":"missionaria-alerta-cristaos-no-the-send-as-nacoes-estao-prontas-mas-falta-uma-resposta","status":"publish","type":"post","link":"https:\/\/radioportoseguro.com.br\/site\/2026\/02\/03\/missionaria-alerta-cristaos-no-the-send-as-nacoes-estao-prontas-mas-falta-uma-resposta\/","title":{"rendered":"Mission\u00e1ria alerta crist\u00e3os no The Send: \u201cAs na\u00e7\u00f5es est\u00e3o prontas, mas falta uma resposta\u201d"},"content":{"rendered":"<p><br \/>\n<br \/><\/p>\n<div>\n<p><span style=\"font-weight: 400;\">Durante o <\/span><span style=\"color: #993300;\"><strong>The Send Brasil 2026<\/strong><\/span><span style=\"font-weight: 400;\">, realizado no s\u00e1bado (31), a mission\u00e1ria Giane Brunetti fez um apelo \u00e0 Igreja brasileira ao compartilhar testemunhos do avan\u00e7o do Evangelho em Guin\u00e9-Bissau.\u00a0<\/span><\/p>\n<p><span style=\"font-weight: 400;\">\u201cEu acredito que n\u00f3s estamos vivendo uma \u00e9poca sem precedentes na hist\u00f3ria de miss\u00f5es\u201d, declarou. \u201cAs na\u00e7\u00f5es est\u00e3o prontas. N\u00e3o \u00e9 falta de chamado, \u00e9 falta de resposta\u201d.<\/span><\/p>\n<p><span style=\"font-weight: 400;\">Giane e seu marido, Jefferson Brunetti, s\u00e3o mission\u00e1rios da JOCUM (Jovens Com Uma Miss\u00e3o) em Guin\u00e9-Bissau, onde vivem com seus filhos, Jonathan e William.<\/span><\/p>\n<p><span style=\"font-weight: 400;\">A mission\u00e1ria conta que foi chamada por Deus aos 17 anos e recebeu uma palavra que parecia improv\u00e1vel: \u201cGuin\u00e9-Bissau vai ser o sinal da minha gl\u00f3ria\u201d.<\/span><\/p>\n<p><span style=\"font-weight: 400;\">A partir disso, nasceu uma estrat\u00e9gia ousada: levar uma B\u00edblia a cada casa \u2014 em um pa\u00eds majoritariamente mu\u00e7ulmano.<\/span><\/p>\n<p><span style=\"font-weight: 400;\">\u201c\u00c9 uma na\u00e7\u00e3o mu\u00e7ulmana. S\u00e3o 500 mil casas, 500 mil B\u00edblias\u201d, afirmou. Em apenas tr\u00eas anos, mais de 60 mil resid\u00eancias j\u00e1 foram alcan\u00e7adas. Temos tudo documentado num aplicativo, sabemos onde fomos, n\u00e3o duplicamos o trabalho\u201d, explicou.<\/span><\/p>\n<p><span style=\"font-weight: 400;\">Giane destacou que a distribui\u00e7\u00e3o de B\u00edblias de porta em porta tem produzido respostas inesperadas.\u00a0<\/span><\/p>\n<p><span style=\"font-weight: 400;\">\u201c\u00c0 medida que n\u00f3s fomos entregando a Palavra de Deus pela primeira vez, na l\u00edngua do cora\u00e7\u00e3o, sabe qual \u00e9 a resposta do povo? Eles abrem um sorriso e dizem: \u2018Eu n\u00e3o sabia que Deus falava a minha l\u00edngua\u2019\u201d.<\/span><\/p>\n<p><span style=\"font-weight: 400;\">Ela contou o testemunho recente de um homem da etnia Bijag\u00f3 que, ao receber a B\u00edblia em sua l\u00edngua materna, come\u00e7ou a chorar. \u201cEle disse: \u2018Isso \u00e9 t\u00e3o bom que eu vou ter que mostrar pra minha mulher, pros meus parentes, eu vou mostrar isso pra todo mundo\u2019\u201d, relatou.<\/span><\/p>\n<p><strong>Ide pelo mundo e os sinais te seguir\u00e3o\u00a0<\/strong><\/p>\n<p><span style=\"font-weight: 400;\">A mission\u00e1ria ressaltou que o avan\u00e7o do Evangelho tem sido acompanhado por milagres, mas lembrou: \u201cVoc\u00ea n\u00e3o vai ver os sinais de Deus se voc\u00ea n\u00e3o est\u00e1 em movimento\u201d.<\/span><\/p>\n<p>Entre os testemunhos, Giane relatou o caso de um mu\u00e7ulmano que abordou a equipe mission\u00e1ria na rua. \u201cEle gritou: \u2018S\u00e3o voc\u00eas que est\u00e3o orando pelos enfermos?\u2019\u201d, contou. Ao lev\u00e1-los at\u00e9 sua casa, pediu ora\u00e7\u00e3o por sua m\u00e3e, que n\u00e3o andava havia tr\u00eas meses. \u201cEles oraram, ela sentou. Oraram, ela ficou em p\u00e9. Oraram, ela andou\u201d, disse.<\/p>\n<p><span style=\"font-weight: 400;\">\u201cDeus disse que faria de Guin\u00e9 o sinal da sua gl\u00f3ria. E Guin\u00e9-Bissau foi a primeira na\u00e7\u00e3o da <\/span><span style=\"color: #993300;\"><strong>janela 10\/40<\/strong><\/span><span style=\"font-weight: 400;\"> completamente alcan\u00e7ada pelo evangelho do Senhor\u201d, celebrou a mission\u00e1ria.<\/span><\/p>\n<p><strong>Um chamado aos crist\u00e3os brasileiros<\/strong><\/p>\n<p><span style=\"font-weight: 400;\">Giane lembrou que ainda \u201ctr\u00eas bilh\u00f5es ainda n\u00e3o ouviram o Evangelho\u201d ao redor do mundo. Para ela, o problema n\u00e3o est\u00e1 na dificuldade do campo, mas na escassez de obreiros.\u00a0<\/span><\/p>\n<p><span style=\"font-weight: 400;\">\u201cDo lado de l\u00e1, n\u00f3s somos t\u00e3o poucos, mas Jesus est\u00e1 movendo tanto. Imagina quando n\u00f3s formos muitos\u201d.<\/span><\/p>\n<p><span style=\"font-weight: 400;\">Giane tamb\u00e9m afirmou que Deus est\u00e1 despertando um chamado espec\u00edfico no Brasil. \u201cDeus fez o Brasil para as na\u00e7\u00f5es e as na\u00e7\u00f5es para o Brasil. N\u00f3s nos parecemos com as na\u00e7\u00f5es e elas se parecem conosco\u201d.<\/span><\/p>\n<p><span style=\"font-weight: 400;\">Em um apelo \u00e0s fam\u00edlias crist\u00e3s, a mission\u00e1ria exortou: \u201cMainhas e painhos, n\u00e3o amem mais o status educacional e social do seu filho do que a obedi\u00eancia dele ao chamado do Senhor\u201d.<\/span><\/p>\n<p><span style=\"font-weight: 400;\">Ela tamb\u00e9m criticou o baixo investimento mission\u00e1rio da Igreja brasileira. \u201cJesus est\u00e1 nos chamando para ser o maior celeiro mission\u00e1rio do mundo, mas \u00e9 uma vergonha o que n\u00f3s contribu\u00edmos. N\u00f3s damos menos que o valor de uma Coca-Cola, por crist\u00e3o, para miss\u00f5es transculturais\u201d, afirmou.<\/span><\/p>\n<p><span style=\"font-weight: 400;\">Refor\u00e7ando o tema central de sua mensagem, declarou novamente: \u201cN\u00e3o \u00e9 falta de chamado, \u00e9 falta de resposta. Hoje n\u00f3s vamos mudar essa hist\u00f3ria\u201d.<\/span><\/p>\n<p><span style=\"font-weight: 400;\">Por fim, declarou: \u201cAs portas das na\u00e7\u00f5es est\u00e3o prontas. S\u00f3 basta voc\u00eas partirem\u201d.<\/span><\/p>\n<p><em><span style=\"font-weight: 400;\">Assista a transmiss\u00e3o do The Send Brasil 2026 na \u00edntegra:<\/span><\/em><\/p>\n<p style=\"text-align: center;\"><em><span style=\"font-weight: 400;\"><div class=\"ose-youtube ose-uid-0c8a83371323c19c9ef5ce8fce0ead39 ose-embedpress-responsive\" style=\"width:600px; height:600px; max-height:600px; max-width:100%; display:inline-block;\" data-embed-type=\"Youtube\"><iframe allowFullScreen=\"true\" title=\"The Send Brasil 2026 - AO VIVO dos 5 Est\u00e1dios\" width=\"600\" height=\"600\" src=\"https:\/\/www.youtube.com\/embed\/MVeWz-Qaras?feature=oembed&color=red&rel=0&controls=1&start=&end=&fs=0&iv_load_policy=0&autoplay=0&mute=0&modestbranding=0&cc_load_policy=1&playsinline=1\" frameborder=\"0\" allow=\"accelerometer; encrypted-media;accelerometer;autoplay;clipboard-write;gyroscope;picture-in-picture clipboard-write; encrypted-media; gyroscope; picture-in-picture; web-share\" referrerpolicy=\"strict-origin-when-cross-origin\" allowfullscreen><\/iframe><\/div><\/span><\/em><\/p>\n<\/div>\n<p><br \/>\n<br \/>Fonte: Guiame <\/p>\n","protected":false},"excerpt":{"rendered":"<p>Durante o The Send Brasil 2026, realizado no s\u00e1bado (31), a mission\u00e1ria Giane Brunetti fez um apelo \u00e0 Igreja brasileira ao compartilhar testemunhos do avan\u00e7o do Evangelho em Guin\u00e9-Bissau.\u00a0 \u201cEu acredito que n\u00f3s estamos vivendo uma \u00e9poca sem precedentes na hist\u00f3ria de miss\u00f5es\u201d, declarou. \u201cAs na\u00e7\u00f5es est\u00e3o prontas. N\u00e3o \u00e9 falta de chamado, \u00e9 falta [&hellip;]<\/p>\n","protected":false},"author":1,"featured_media":3717,"comment_status":"","ping_status":"open","sticky":false,"template":"","format":"standard","meta":{"footnotes":""},"categories":[43],"tags":[],"class_list":["post-3716","post","type-post","status-publish","format-standard","has-post-thumbnail","hentry","category-destaques"],"yoast_head":"<!-- This site is optimized with the Yoast SEO plugin v26.8 - https:\/\/yoast.com\/product\/yoast-seo-wordpress\/ -->\n<title>Mission\u00e1ria alerta crist\u00e3os no The Send: \u201cAs na\u00e7\u00f5es est\u00e3o prontas, mas falta uma resposta\u201d - R\u00e1dio Porto Seguro<\/title>\n<meta name=\"robots\" content=\"index, follow, max-snippet:-1, max-image-preview:large, max-video-preview:-1\" \/>\n<link rel=\"canonical\" href=\"https:\/\/radioportoseguro.com.br\/site\/2026\/02\/03\/missionaria-alerta-cristaos-no-the-send-as-nacoes-estao-prontas-mas-falta-uma-resposta\/\" \/>\n<meta property=\"og:locale\" content=\"pt_BR\" \/>\n<meta property=\"og:type\" content=\"article\" \/>\n<meta property=\"og:title\" content=\"Mission\u00e1ria alerta crist\u00e3os no The Send: \u201cAs na\u00e7\u00f5es est\u00e3o prontas, mas falta uma resposta\u201d - R\u00e1dio Porto Seguro\" \/>\n<meta property=\"og:description\" content=\"Durante o The Send Brasil 2026, realizado no s\u00e1bado (31), a mission\u00e1ria Giane Brunetti fez um apelo \u00e0 Igreja brasileira ao compartilhar testemunhos do avan\u00e7o do Evangelho em Guin\u00e9-Bissau.\u00a0 \u201cEu acredito que n\u00f3s estamos vivendo uma \u00e9poca sem precedentes na hist\u00f3ria de miss\u00f5es\u201d, declarou. \u201cAs na\u00e7\u00f5es est\u00e3o prontas. N\u00e3o \u00e9 falta de chamado, \u00e9 falta [&hellip;]\" \/>\n<meta property=\"og:url\" content=\"https:\/\/radioportoseguro.com.br\/site\/2026\/02\/03\/missionaria-alerta-cristaos-no-the-send-as-nacoes-estao-prontas-mas-falta-uma-resposta\/\" \/>\n<meta property=\"og:site_name\" content=\"R\u00e1dio Porto Seguro\" \/>\n<meta property=\"article:published_time\" content=\"2026-02-03T11:06:44+00:00\" \/>\n<meta property=\"og:image\" content=\"https:\/\/media.guiame.com.br\/archives\/2026\/02\/02\/6075317-giane-missionaria.jpg\" \/>\n<meta name=\"author\" content=\"admin\" \/>\n<meta name=\"twitter:card\" content=\"summary_large_image\" \/>\n<meta name=\"twitter:label1\" content=\"Escrito por\" \/>\n\t<meta name=\"twitter:data1\" content=\"admin\" \/>\n\t<meta name=\"twitter:label2\" content=\"Est. tempo de leitura\" \/>\n\t<meta name=\"twitter:data2\" content=\"3 minutos\" \/>\n<script type=\"application\/ld+json\" class=\"yoast-schema-graph\">{\"@context\":\"https:\/\/schema.org\",\"@graph\":[{\"@type\":\"Article\",\"@id\":\"https:\/\/radioportoseguro.com.br\/site\/2026\/02\/03\/missionaria-alerta-cristaos-no-the-send-as-nacoes-estao-prontas-mas-falta-uma-resposta\/#article\",\"isPartOf\":{\"@id\":\"https:\/\/radioportoseguro.com.br\/site\/2026\/02\/03\/missionaria-alerta-cristaos-no-the-send-as-nacoes-estao-prontas-mas-falta-uma-resposta\/\"},\"author\":{\"name\":\"admin\",\"@id\":\"https:\/\/radioportoseguro.com.br\/site\/#\/schema\/person\/7630acdc320186f13639d3c067ec089b\"},\"headline\":\"Mission\u00e1ria alerta crist\u00e3os no The Send: \u201cAs na\u00e7\u00f5es est\u00e3o prontas, mas falta uma resposta\u201d\",\"datePublished\":\"2026-02-03T11:06:44+00:00\",\"mainEntityOfPage\":{\"@id\":\"https:\/\/radioportoseguro.com.br\/site\/2026\/02\/03\/missionaria-alerta-cristaos-no-the-send-as-nacoes-estao-prontas-mas-falta-uma-resposta\/\"},\"wordCount\":709,\"image\":{\"@id\":\"https:\/\/radioportoseguro.com.br\/site\/2026\/02\/03\/missionaria-alerta-cristaos-no-the-send-as-nacoes-estao-prontas-mas-falta-uma-resposta\/#primaryimage\"},\"thumbnailUrl\":\"https:\/\/radioportoseguro.com.br\/site\/wp-content\/uploads\/2026\/02\/6075317-giane-missionaria.jpg\",\"articleSection\":[\"Destaques\"],\"inLanguage\":\"pt-BR\"},{\"@type\":\"WebPage\",\"@id\":\"https:\/\/radioportoseguro.com.br\/site\/2026\/02\/03\/missionaria-alerta-cristaos-no-the-send-as-nacoes-estao-prontas-mas-falta-uma-resposta\/\",\"url\":\"https:\/\/radioportoseguro.com.br\/site\/2026\/02\/03\/missionaria-alerta-cristaos-no-the-send-as-nacoes-estao-prontas-mas-falta-uma-resposta\/\",\"name\":\"Mission\u00e1ria alerta crist\u00e3os no The Send: \u201cAs na\u00e7\u00f5es est\u00e3o prontas, mas falta uma resposta\u201d - R\u00e1dio Porto Seguro\",\"isPartOf\":{\"@id\":\"https:\/\/radioportoseguro.com.br\/site\/#website\"},\"primaryImageOfPage\":{\"@id\":\"https:\/\/radioportoseguro.com.br\/site\/2026\/02\/03\/missionaria-alerta-cristaos-no-the-send-as-nacoes-estao-prontas-mas-falta-uma-resposta\/#primaryimage\"},\"image\":{\"@id\":\"https:\/\/radioportoseguro.com.br\/site\/2026\/02\/03\/missionaria-alerta-cristaos-no-the-send-as-nacoes-estao-prontas-mas-falta-uma-resposta\/#primaryimage\"},\"thumbnailUrl\":\"https:\/\/radioportoseguro.com.br\/site\/wp-content\/uploads\/2026\/02\/6075317-giane-missionaria.jpg\",\"datePublished\":\"2026-02-03T11:06:44+00:00\",\"author\":{\"@id\":\"https:\/\/radioportoseguro.com.br\/site\/#\/schema\/person\/7630acdc320186f13639d3c067ec089b\"},\"breadcrumb\":{\"@id\":\"https:\/\/radioportoseguro.com.br\/site\/2026\/02\/03\/missionaria-alerta-cristaos-no-the-send-as-nacoes-estao-prontas-mas-falta-uma-resposta\/#breadcrumb\"},\"inLanguage\":\"pt-BR\",\"potentialAction\":[{\"@type\":\"ReadAction\",\"target\":[\"https:\/\/radioportoseguro.com.br\/site\/2026\/02\/03\/missionaria-alerta-cristaos-no-the-send-as-nacoes-estao-prontas-mas-falta-uma-resposta\/\"]}]},{\"@type\":\"ImageObject\",\"inLanguage\":\"pt-BR\",\"@id\":\"https:\/\/radioportoseguro.com.br\/site\/2026\/02\/03\/missionaria-alerta-cristaos-no-the-send-as-nacoes-estao-prontas-mas-falta-uma-resposta\/#primaryimage\",\"url\":\"https:\/\/radioportoseguro.com.br\/site\/wp-content\/uploads\/2026\/02\/6075317-giane-missionaria.jpg\",\"contentUrl\":\"https:\/\/radioportoseguro.com.br\/site\/wp-content\/uploads\/2026\/02\/6075317-giane-missionaria.jpg\",\"width\":1200,\"height\":600},{\"@type\":\"BreadcrumbList\",\"@id\":\"https:\/\/radioportoseguro.com.br\/site\/2026\/02\/03\/missionaria-alerta-cristaos-no-the-send-as-nacoes-estao-prontas-mas-falta-uma-resposta\/#breadcrumb\",\"itemListElement\":[{\"@type\":\"ListItem\",\"position\":1,\"name\":\"In\u00edcio\",\"item\":\"https:\/\/radioportoseguro.com.br\/site\/\"},{\"@type\":\"ListItem\",\"position\":2,\"name\":\"Mission\u00e1ria alerta crist\u00e3os no The Send: \u201cAs na\u00e7\u00f5es est\u00e3o prontas, mas falta uma resposta\u201d\"}]},{\"@type\":\"WebSite\",\"@id\":\"https:\/\/radioportoseguro.com.br\/site\/#website\",\"url\":\"https:\/\/radioportoseguro.com.br\/site\/\",\"name\":\"R\u00e1dio Porto Seguro\",\"description\":\"\",\"potentialAction\":[{\"@type\":\"SearchAction\",\"target\":{\"@type\":\"EntryPoint\",\"urlTemplate\":\"https:\/\/radioportoseguro.com.br\/site\/?s={search_term_string}\"},\"query-input\":{\"@type\":\"PropertyValueSpecification\",\"valueRequired\":true,\"valueName\":\"search_term_string\"}}],\"inLanguage\":\"pt-BR\"},{\"@type\":\"Person\",\"@id\":\"https:\/\/radioportoseguro.com.br\/site\/#\/schema\/person\/7630acdc320186f13639d3c067ec089b\",\"name\":\"admin\",\"image\":{\"@type\":\"ImageObject\",\"inLanguage\":\"pt-BR\",\"@id\":\"https:\/\/radioportoseguro.com.br\/site\/#\/schema\/person\/image\/\",\"url\":\"https:\/\/secure.gravatar.com\/avatar\/caacf4dc1eedb68fab0df8e1ed46c448e578b2466351bbcb61e47d2ac0caaef0?s=96&d=mm&r=g\",\"contentUrl\":\"https:\/\/secure.gravatar.com\/avatar\/caacf4dc1eedb68fab0df8e1ed46c448e578b2466351bbcb61e47d2ac0caaef0?s=96&d=mm&r=g\",\"caption\":\"admin\"},\"sameAs\":[\"https:\/\/radioportoseguro.com.br\/site\"],\"url\":\"https:\/\/radioportoseguro.com.br\/site\/author\/hezio\/\"}]}<\/script>\n<!-- \/ Yoast SEO plugin. -->","yoast_head_json":{"title":"Mission\u00e1ria alerta crist\u00e3os no The Send: \u201cAs na\u00e7\u00f5es est\u00e3o prontas, mas falta uma resposta\u201d - R\u00e1dio Porto Seguro","robots":{"index":"index","follow":"follow","max-snippet":"max-snippet:-1","max-image-preview":"max-image-preview:large","max-video-preview":"max-video-preview:-1"},"canonical":"https:\/\/radioportoseguro.com.br\/site\/2026\/02\/03\/missionaria-alerta-cristaos-no-the-send-as-nacoes-estao-prontas-mas-falta-uma-resposta\/","og_locale":"pt_BR","og_type":"article","og_title":"Mission\u00e1ria alerta crist\u00e3os no The Send: \u201cAs na\u00e7\u00f5es est\u00e3o prontas, mas falta uma resposta\u201d - R\u00e1dio Porto Seguro","og_description":"Durante o The Send Brasil 2026, realizado no s\u00e1bado (31), a mission\u00e1ria Giane Brunetti fez um apelo \u00e0 Igreja brasileira ao compartilhar testemunhos do avan\u00e7o do Evangelho em Guin\u00e9-Bissau.\u00a0 \u201cEu acredito que n\u00f3s estamos vivendo uma \u00e9poca sem precedentes na hist\u00f3ria de miss\u00f5es\u201d, declarou. \u201cAs na\u00e7\u00f5es est\u00e3o prontas. N\u00e3o \u00e9 falta de chamado, \u00e9 falta [&hellip;]","og_url":"https:\/\/radioportoseguro.com.br\/site\/2026\/02\/03\/missionaria-alerta-cristaos-no-the-send-as-nacoes-estao-prontas-mas-falta-uma-resposta\/","og_site_name":"R\u00e1dio Porto Seguro","article_published_time":"2026-02-03T11:06:44+00:00","og_image":[{"url":"https:\/\/media.guiame.com.br\/archives\/2026\/02\/02\/6075317-giane-missionaria.jpg","type":"","width":"","height":""}],"author":"admin","twitter_card":"summary_large_image","twitter_misc":{"Escrito por":"admin","Est. tempo de leitura":"3 minutos"},"schema":{"@context":"https:\/\/schema.org","@graph":[{"@type":"Article","@id":"https:\/\/radioportoseguro.com.br\/site\/2026\/02\/03\/missionaria-alerta-cristaos-no-the-send-as-nacoes-estao-prontas-mas-falta-uma-resposta\/#article","isPartOf":{"@id":"https:\/\/radioportoseguro.com.br\/site\/2026\/02\/03\/missionaria-alerta-cristaos-no-the-send-as-nacoes-estao-prontas-mas-falta-uma-resposta\/"},"author":{"name":"admin","@id":"https:\/\/radioportoseguro.com.br\/site\/#\/schema\/person\/7630acdc320186f13639d3c067ec089b"},"headline":"Mission\u00e1ria alerta crist\u00e3os no The Send: \u201cAs na\u00e7\u00f5es est\u00e3o prontas, mas falta uma resposta\u201d","datePublished":"2026-02-03T11:06:44+00:00","mainEntityOfPage":{"@id":"https:\/\/radioportoseguro.com.br\/site\/2026\/02\/03\/missionaria-alerta-cristaos-no-the-send-as-nacoes-estao-prontas-mas-falta-uma-resposta\/"},"wordCount":709,"image":{"@id":"https:\/\/radioportoseguro.com.br\/site\/2026\/02\/03\/missionaria-alerta-cristaos-no-the-send-as-nacoes-estao-prontas-mas-falta-uma-resposta\/#primaryimage"},"thumbnailUrl":"https:\/\/radioportoseguro.com.br\/site\/wp-content\/uploads\/2026\/02\/6075317-giane-missionaria.jpg","articleSection":["Destaques"],"inLanguage":"pt-BR"},{"@type":"WebPage","@id":"https:\/\/radioportoseguro.com.br\/site\/2026\/02\/03\/missionaria-alerta-cristaos-no-the-send-as-nacoes-estao-prontas-mas-falta-uma-resposta\/","url":"https:\/\/radioportoseguro.com.br\/site\/2026\/02\/03\/missionaria-alerta-cristaos-no-the-send-as-nacoes-estao-prontas-mas-falta-uma-resposta\/","name":"Mission\u00e1ria alerta crist\u00e3os no The Send: \u201cAs na\u00e7\u00f5es est\u00e3o prontas, mas falta uma resposta\u201d - R\u00e1dio Porto Seguro","isPartOf":{"@id":"https:\/\/radioportoseguro.com.br\/site\/#website"},"primaryImageOfPage":{"@id":"https:\/\/radioportoseguro.com.br\/site\/2026\/02\/03\/missionaria-alerta-cristaos-no-the-send-as-nacoes-estao-prontas-mas-falta-uma-resposta\/#primaryimage"},"image":{"@id":"https:\/\/radioportoseguro.com.br\/site\/2026\/02\/03\/missionaria-alerta-cristaos-no-the-send-as-nacoes-estao-prontas-mas-falta-uma-resposta\/#primaryimage"},"thumbnailUrl":"https:\/\/radioportoseguro.com.br\/site\/wp-content\/uploads\/2026\/02\/6075317-giane-missionaria.jpg","datePublished":"2026-02-03T11:06:44+00:00","author":{"@id":"https:\/\/radioportoseguro.com.br\/site\/#\/schema\/person\/7630acdc320186f13639d3c067ec089b"},"breadcrumb":{"@id":"https:\/\/radioportoseguro.com.br\/site\/2026\/02\/03\/missionaria-alerta-cristaos-no-the-send-as-nacoes-estao-prontas-mas-falta-uma-resposta\/#breadcrumb"},"inLanguage":"pt-BR","potentialAction":[{"@type":"ReadAction","target":["https:\/\/radioportoseguro.com.br\/site\/2026\/02\/03\/missionaria-alerta-cristaos-no-the-send-as-nacoes-estao-prontas-mas-falta-uma-resposta\/"]}]},{"@type":"ImageObject","inLanguage":"pt-BR","@id":"https:\/\/radioportoseguro.com.br\/site\/2026\/02\/03\/missionaria-alerta-cristaos-no-the-send-as-nacoes-estao-prontas-mas-falta-uma-resposta\/#primaryimage","url":"https:\/\/radioportoseguro.com.br\/site\/wp-content\/uploads\/2026\/02\/6075317-giane-missionaria.jpg","contentUrl":"https:\/\/radioportoseguro.com.br\/site\/wp-content\/uploads\/2026\/02\/6075317-giane-missionaria.jpg","width":1200,"height":600},{"@type":"BreadcrumbList","@id":"https:\/\/radioportoseguro.com.br\/site\/2026\/02\/03\/missionaria-alerta-cristaos-no-the-send-as-nacoes-estao-prontas-mas-falta-uma-resposta\/#breadcrumb","itemListElement":[{"@type":"ListItem","position":1,"name":"In\u00edcio","item":"https:\/\/radioportoseguro.com.br\/site\/"},{"@type":"ListItem","position":2,"name":"Mission\u00e1ria alerta crist\u00e3os no The Send: \u201cAs na\u00e7\u00f5es est\u00e3o prontas, mas falta uma resposta\u201d"}]},{"@type":"WebSite","@id":"https:\/\/radioportoseguro.com.br\/site\/#website","url":"https:\/\/radioportoseguro.com.br\/site\/","name":"R\u00e1dio Porto Seguro","description":"","potentialAction":[{"@type":"SearchAction","target":{"@type":"EntryPoint","urlTemplate":"https:\/\/radioportoseguro.com.br\/site\/?s={search_term_string}"},"query-input":{"@type":"PropertyValueSpecification","valueRequired":true,"valueName":"search_term_string"}}],"inLanguage":"pt-BR"},{"@type":"Person","@id":"https:\/\/radioportoseguro.com.br\/site\/#\/schema\/person\/7630acdc320186f13639d3c067ec089b","name":"admin","image":{"@type":"ImageObject","inLanguage":"pt-BR","@id":"https:\/\/radioportoseguro.com.br\/site\/#\/schema\/person\/image\/","url":"https:\/\/secure.gravatar.com\/avatar\/caacf4dc1eedb68fab0df8e1ed46c448e578b2466351bbcb61e47d2ac0caaef0?s=96&d=mm&r=g","contentUrl":"https:\/\/secure.gravatar.com\/avatar\/caacf4dc1eedb68fab0df8e1ed46c448e578b2466351bbcb61e47d2ac0caaef0?s=96&d=mm&r=g","caption":"admin"},"sameAs":["https:\/\/radioportoseguro.com.br\/site"],"url":"https:\/\/radioportoseguro.com.br\/site\/author\/hezio\/"}]}},"_links":{"self":[{"href":"https:\/\/radioportoseguro.com.br\/site\/wp-json\/wp\/v2\/posts\/3716","targetHints":{"allow":["GET"]}}],"collection":[{"href":"https:\/\/radioportoseguro.com.br\/site\/wp-json\/wp\/v2\/posts"}],"about":[{"href":"https:\/\/radioportoseguro.com.br\/site\/wp-json\/wp\/v2\/types\/post"}],"author":[{"embeddable":true,"href":"https:\/\/radioportoseguro.com.br\/site\/wp-json\/wp\/v2\/users\/1"}],"replies":[{"embeddable":true,"href":"https:\/\/radioportoseguro.com.br\/site\/wp-json\/wp\/v2\/comments?post=3716"}],"version-history":[{"count":0,"href":"https:\/\/radioportoseguro.com.br\/site\/wp-json\/wp\/v2\/posts\/3716\/revisions"}],"wp:featuredmedia":[{"embeddable":true,"href":"https:\/\/radioportoseguro.com.br\/site\/wp-json\/wp\/v2\/media\/3717"}],"wp:attachment":[{"href":"https:\/\/radioportoseguro.com.br\/site\/wp-json\/wp\/v2\/media?parent=3716"}],"wp:term":[{"taxonomy":"category","embeddable":true,"href":"https:\/\/radioportoseguro.com.br\/site\/wp-json\/wp\/v2\/categories?post=3716"},{"taxonomy":"post_tag","embeddable":true,"href":"https:\/\/radioportoseguro.com.br\/site\/wp-json\/wp\/v2\/tags?post=3716"}],"curies":[{"name":"wp","href":"https:\/\/api.w.org\/{rel}","templated":true}]}}