{"id":3724,"date":"2026-02-03T12:19:04","date_gmt":"2026-02-03T15:19:04","guid":{"rendered":"https:\/\/radioportoseguro.com.br\/site\/2026\/02\/03\/familia-louva-a-deus-ao-encontrar-menina-de-4-anos-perdida-em-mg\/"},"modified":"2026-02-03T12:19:04","modified_gmt":"2026-02-03T15:19:04","slug":"familia-louva-a-deus-ao-encontrar-menina-de-4-anos-perdida-em-mg","status":"publish","type":"post","link":"https:\/\/radioportoseguro.com.br\/site\/2026\/02\/03\/familia-louva-a-deus-ao-encontrar-menina-de-4-anos-perdida-em-mg\/","title":{"rendered":"Fam\u00edlia louva a Deus ao encontrar menina de 4 anos perdida em MG"},"content":{"rendered":"<p><br \/>\n<br \/><\/p>\n<div>\n<p><span style=\"font-weight: 400;\">Ap\u00f3s cerca de 48 horas, a fam\u00edlia de uma menina, de 4 anos, louvou a Deus ao reencontr\u00e1-la com vida no \u00faltimo s\u00e1bado (31), em <\/span><span style=\"color: #993300;\"><strong>Minas Gerais<\/strong><\/span><span style=\"font-weight: 400;\">. Alice foi localizada em uma \u00e1rea rural ap\u00f3s uma for\u00e7a-tarefa que mobilizou bombeiros, policiais e volunt\u00e1rios na regi\u00e3o.<\/span><\/p>\n<p><span style=\"font-weight: 400;\">A crian\u00e7a havia desaparecido na \u00faltima quinta-feira (29), ap\u00f3s sair sozinha da casa da av\u00f3. Desde ent\u00e3o, a Pol\u00edcia Militar, o Corpo de Bombeiros e moradores se mobilizaram nas buscas, que contaram com 12 guarni\u00e7\u00f5es, 38 militares, dois c\u00e3es e apoio de recursos tecnol\u00f3gicos.<\/span><\/p>\n<p><span style=\"font-weight: 400;\">Ent\u00e3o, Alice foi localizada por volta das 14h de s\u00e1bado, inicialmente por volunt\u00e1rios que atuavam na \u00e1rea rural onde ela estava desde o in\u00edcio do desaparecimento. Em seguida, equipes do Corpo de Bombeiros realizaram o <\/span><strong><span style=\"color: #993300;\">resgate<\/span> <\/strong><span style=\"font-weight: 400;\">e a encaminharam para atendimento hospitalar.<\/span><\/p>\n<blockquote class=\"instagram-media\" style=\"background: #FFF; border: 0; border-radius: 3px; box-shadow: 0 0 1px 0 rgba(0,0,0,0.5),0 1px 10px 0 rgba(0,0,0,0.15); margin: 1px; max-width: 540px; min-width: 326px; padding: 0; width: calc(100% - 2px);\" data-instgrm-permalink=\"https:\/\/www.instagram.com\/reel\/DULzOOmAMMT\/?utm_source=ig_embed&amp;utm_campaign=loading\" data-instgrm-version=\"14\"><p>&#13;<br \/>\n&#13;\n<\/p><\/blockquote>\n<p><strong>Emo\u00e7\u00e3o durante o resgate<\/strong><\/p>\n<p><span style=\"font-weight: 400;\">No Instagram, o tio Felipe Maciel compartilhou um v\u00eddeo do momento em que Alice reencontra a fam\u00edlia. Nas imagens, a crian\u00e7a aparece no colo de um dos familiares, enquanto um homem declara:<\/span><\/p>\n<p><span style=\"font-weight: 400;\">\u201cObrigado, Senhor. Obrigado, Pai. O Senhor \u00e9 maior, Deus\u201d.<\/span><\/p>\n<p><span style=\"font-weight: 400;\">A cena emocionou milhares de pessoas nas redes sociais, que agradeceram a Deus e \u00e0s equipes envolvidas no resgate.<\/span><\/p>\n<p><span style=\"font-weight: 400;\">Segundo os bombeiros, Alice foi encontrada consciente, com sinais vitais preservados e em boas condi\u00e7\u00f5es de sa\u00fade, apresentando apenas algumas marcas de capim pelo corpo.<\/span><\/p>\n<p><span style=\"font-weight: 400;\">Felipe ainda agradeceu as mensagens de apoio recebidas desde o desaparecimento da sobrinha e informou que Alice est\u00e1 bem:<\/span><\/p>\n<p><span style=\"font-weight: 400;\">\u201cEla est\u00e1 bem, foi encaminhada para o hospital para fazer alguns exames e logo logo j\u00e1 estar\u00e1 em casa\u201d.<\/span><\/p>\n<p><span style=\"font-weight: 400;\">De acordo com a m\u00e3e, Karine Maciel, Alice \u00e9 diagnosticada com Transtorno do Espectro Autista (TEA).\u00a0<\/span><\/p>\n<p><span style=\"font-weight: 400;\">Nas redes sociais, milhares de pessoas agradeceram ao Senhor pelo desfecho da hist\u00f3ria: \u201cDeus sempre ser\u00e1 o Deus do imposs\u00edvel\u201d.<\/span><\/p>\n<p><span style=\"font-weight: 400;\">\u201cDeus cuidou dela o tempo todo\u201d, disse uma mulher.<\/span><\/p>\n<p><span style=\"font-weight: 400;\">E uma m\u00e3e declarou: \u201cJ\u00e1 gritei, pulei e chorei de alegria. Agradeci tanto, porque, quando olho para a minha de 2 anos, s\u00f3 pensava: \u2018Onde Alice est\u00e1?\u2019. E o Deus do imposs\u00edvel mostrou. Obrigada, Senhor\u201d.<\/span><\/p>\n<\/div>\n<p><script async src=\"\/\/www.instagram.com\/embed.js\"><\/script><br \/>\n<br \/><br \/>\n<br \/>Fonte: Guiame <\/p>\n","protected":false},"excerpt":{"rendered":"<p>Ap\u00f3s cerca de 48 horas, a fam\u00edlia de uma menina, de 4 anos, louvou a Deus ao reencontr\u00e1-la com vida no \u00faltimo s\u00e1bado (31), em Minas Gerais. Alice foi localizada em uma \u00e1rea rural ap\u00f3s uma for\u00e7a-tarefa que mobilizou bombeiros, policiais e volunt\u00e1rios na regi\u00e3o. A crian\u00e7a havia desaparecido na \u00faltima quinta-feira (29), ap\u00f3s sair [&hellip;]<\/p>\n","protected":false},"author":1,"featured_media":3725,"comment_status":"","ping_status":"open","sticky":false,"template":"","format":"standard","meta":{"footnotes":""},"categories":[43],"tags":[],"class_list":["post-3724","post","type-post","status-publish","format-standard","has-post-thumbnail","hentry","category-destaques"],"yoast_head":"<!-- This site is optimized with the Yoast SEO plugin v26.8 - https:\/\/yoast.com\/product\/yoast-seo-wordpress\/ -->\n<title>Fam\u00edlia louva a Deus ao encontrar menina de 4 anos perdida em MG - R\u00e1dio Porto Seguro<\/title>\n<meta name=\"robots\" content=\"index, follow, max-snippet:-1, max-image-preview:large, max-video-preview:-1\" \/>\n<link rel=\"canonical\" href=\"https:\/\/radioportoseguro.com.br\/site\/2026\/02\/03\/familia-louva-a-deus-ao-encontrar-menina-de-4-anos-perdida-em-mg\/\" \/>\n<meta property=\"og:locale\" content=\"pt_BR\" \/>\n<meta property=\"og:type\" content=\"article\" \/>\n<meta property=\"og:title\" content=\"Fam\u00edlia louva a Deus ao encontrar menina de 4 anos perdida em MG - R\u00e1dio Porto Seguro\" \/>\n<meta property=\"og:description\" content=\"Ap\u00f3s cerca de 48 horas, a fam\u00edlia de uma menina, de 4 anos, louvou a Deus ao reencontr\u00e1-la com vida no \u00faltimo s\u00e1bado (31), em Minas Gerais. Alice foi localizada em uma \u00e1rea rural ap\u00f3s uma for\u00e7a-tarefa que mobilizou bombeiros, policiais e volunt\u00e1rios na regi\u00e3o. A crian\u00e7a havia desaparecido na \u00faltima quinta-feira (29), ap\u00f3s sair [&hellip;]\" \/>\n<meta property=\"og:url\" content=\"https:\/\/radioportoseguro.com.br\/site\/2026\/02\/03\/familia-louva-a-deus-ao-encontrar-menina-de-4-anos-perdida-em-mg\/\" \/>\n<meta property=\"og:site_name\" content=\"R\u00e1dio Porto Seguro\" \/>\n<meta property=\"article:published_time\" content=\"2026-02-03T15:19:04+00:00\" \/>\n<meta property=\"og:image\" content=\"https:\/\/media.guiame.com.br\/archives\/2026\/02\/02\/4199870860-o-reencontro-da-familia-com-alice.jpeg\" \/>\n<meta name=\"author\" content=\"admin\" \/>\n<meta name=\"twitter:card\" content=\"summary_large_image\" \/>\n<meta name=\"twitter:label1\" content=\"Escrito por\" \/>\n\t<meta name=\"twitter:data1\" content=\"admin\" \/>\n\t<meta name=\"twitter:label2\" content=\"Est. tempo de leitura\" \/>\n\t<meta name=\"twitter:data2\" content=\"2 minutos\" \/>\n<script type=\"application\/ld+json\" class=\"yoast-schema-graph\">{\"@context\":\"https:\/\/schema.org\",\"@graph\":[{\"@type\":\"Article\",\"@id\":\"https:\/\/radioportoseguro.com.br\/site\/2026\/02\/03\/familia-louva-a-deus-ao-encontrar-menina-de-4-anos-perdida-em-mg\/#article\",\"isPartOf\":{\"@id\":\"https:\/\/radioportoseguro.com.br\/site\/2026\/02\/03\/familia-louva-a-deus-ao-encontrar-menina-de-4-anos-perdida-em-mg\/\"},\"author\":{\"name\":\"admin\",\"@id\":\"https:\/\/radioportoseguro.com.br\/site\/#\/schema\/person\/7630acdc320186f13639d3c067ec089b\"},\"headline\":\"Fam\u00edlia louva a Deus ao encontrar menina de 4 anos perdida em MG\",\"datePublished\":\"2026-02-03T15:19:04+00:00\",\"mainEntityOfPage\":{\"@id\":\"https:\/\/radioportoseguro.com.br\/site\/2026\/02\/03\/familia-louva-a-deus-ao-encontrar-menina-de-4-anos-perdida-em-mg\/\"},\"wordCount\":376,\"image\":{\"@id\":\"https:\/\/radioportoseguro.com.br\/site\/2026\/02\/03\/familia-louva-a-deus-ao-encontrar-menina-de-4-anos-perdida-em-mg\/#primaryimage\"},\"thumbnailUrl\":\"https:\/\/radioportoseguro.com.br\/site\/wp-content\/uploads\/2026\/02\/4199870860-o-reencontro-da-familia-com-alice.jpeg\",\"articleSection\":[\"Destaques\"],\"inLanguage\":\"pt-BR\"},{\"@type\":\"WebPage\",\"@id\":\"https:\/\/radioportoseguro.com.br\/site\/2026\/02\/03\/familia-louva-a-deus-ao-encontrar-menina-de-4-anos-perdida-em-mg\/\",\"url\":\"https:\/\/radioportoseguro.com.br\/site\/2026\/02\/03\/familia-louva-a-deus-ao-encontrar-menina-de-4-anos-perdida-em-mg\/\",\"name\":\"Fam\u00edlia louva a Deus ao encontrar menina de 4 anos perdida em MG - R\u00e1dio Porto Seguro\",\"isPartOf\":{\"@id\":\"https:\/\/radioportoseguro.com.br\/site\/#website\"},\"primaryImageOfPage\":{\"@id\":\"https:\/\/radioportoseguro.com.br\/site\/2026\/02\/03\/familia-louva-a-deus-ao-encontrar-menina-de-4-anos-perdida-em-mg\/#primaryimage\"},\"image\":{\"@id\":\"https:\/\/radioportoseguro.com.br\/site\/2026\/02\/03\/familia-louva-a-deus-ao-encontrar-menina-de-4-anos-perdida-em-mg\/#primaryimage\"},\"thumbnailUrl\":\"https:\/\/radioportoseguro.com.br\/site\/wp-content\/uploads\/2026\/02\/4199870860-o-reencontro-da-familia-com-alice.jpeg\",\"datePublished\":\"2026-02-03T15:19:04+00:00\",\"author\":{\"@id\":\"https:\/\/radioportoseguro.com.br\/site\/#\/schema\/person\/7630acdc320186f13639d3c067ec089b\"},\"breadcrumb\":{\"@id\":\"https:\/\/radioportoseguro.com.br\/site\/2026\/02\/03\/familia-louva-a-deus-ao-encontrar-menina-de-4-anos-perdida-em-mg\/#breadcrumb\"},\"inLanguage\":\"pt-BR\",\"potentialAction\":[{\"@type\":\"ReadAction\",\"target\":[\"https:\/\/radioportoseguro.com.br\/site\/2026\/02\/03\/familia-louva-a-deus-ao-encontrar-menina-de-4-anos-perdida-em-mg\/\"]}]},{\"@type\":\"ImageObject\",\"inLanguage\":\"pt-BR\",\"@id\":\"https:\/\/radioportoseguro.com.br\/site\/2026\/02\/03\/familia-louva-a-deus-ao-encontrar-menina-de-4-anos-perdida-em-mg\/#primaryimage\",\"url\":\"https:\/\/radioportoseguro.com.br\/site\/wp-content\/uploads\/2026\/02\/4199870860-o-reencontro-da-familia-com-alice.jpeg\",\"contentUrl\":\"https:\/\/radioportoseguro.com.br\/site\/wp-content\/uploads\/2026\/02\/4199870860-o-reencontro-da-familia-com-alice.jpeg\",\"width\":1200,\"height\":600},{\"@type\":\"BreadcrumbList\",\"@id\":\"https:\/\/radioportoseguro.com.br\/site\/2026\/02\/03\/familia-louva-a-deus-ao-encontrar-menina-de-4-anos-perdida-em-mg\/#breadcrumb\",\"itemListElement\":[{\"@type\":\"ListItem\",\"position\":1,\"name\":\"In\u00edcio\",\"item\":\"https:\/\/radioportoseguro.com.br\/site\/\"},{\"@type\":\"ListItem\",\"position\":2,\"name\":\"Fam\u00edlia louva a Deus ao encontrar menina de 4 anos perdida em MG\"}]},{\"@type\":\"WebSite\",\"@id\":\"https:\/\/radioportoseguro.com.br\/site\/#website\",\"url\":\"https:\/\/radioportoseguro.com.br\/site\/\",\"name\":\"R\u00e1dio Porto Seguro\",\"description\":\"\",\"potentialAction\":[{\"@type\":\"SearchAction\",\"target\":{\"@type\":\"EntryPoint\",\"urlTemplate\":\"https:\/\/radioportoseguro.com.br\/site\/?s={search_term_string}\"},\"query-input\":{\"@type\":\"PropertyValueSpecification\",\"valueRequired\":true,\"valueName\":\"search_term_string\"}}],\"inLanguage\":\"pt-BR\"},{\"@type\":\"Person\",\"@id\":\"https:\/\/radioportoseguro.com.br\/site\/#\/schema\/person\/7630acdc320186f13639d3c067ec089b\",\"name\":\"admin\",\"image\":{\"@type\":\"ImageObject\",\"inLanguage\":\"pt-BR\",\"@id\":\"https:\/\/radioportoseguro.com.br\/site\/#\/schema\/person\/image\/\",\"url\":\"https:\/\/secure.gravatar.com\/avatar\/caacf4dc1eedb68fab0df8e1ed46c448e578b2466351bbcb61e47d2ac0caaef0?s=96&d=mm&r=g\",\"contentUrl\":\"https:\/\/secure.gravatar.com\/avatar\/caacf4dc1eedb68fab0df8e1ed46c448e578b2466351bbcb61e47d2ac0caaef0?s=96&d=mm&r=g\",\"caption\":\"admin\"},\"sameAs\":[\"https:\/\/radioportoseguro.com.br\/site\"],\"url\":\"https:\/\/radioportoseguro.com.br\/site\/author\/hezio\/\"}]}<\/script>\n<!-- \/ Yoast SEO plugin. -->","yoast_head_json":{"title":"Fam\u00edlia louva a Deus ao encontrar menina de 4 anos perdida em MG - R\u00e1dio Porto Seguro","robots":{"index":"index","follow":"follow","max-snippet":"max-snippet:-1","max-image-preview":"max-image-preview:large","max-video-preview":"max-video-preview:-1"},"canonical":"https:\/\/radioportoseguro.com.br\/site\/2026\/02\/03\/familia-louva-a-deus-ao-encontrar-menina-de-4-anos-perdida-em-mg\/","og_locale":"pt_BR","og_type":"article","og_title":"Fam\u00edlia louva a Deus ao encontrar menina de 4 anos perdida em MG - R\u00e1dio Porto Seguro","og_description":"Ap\u00f3s cerca de 48 horas, a fam\u00edlia de uma menina, de 4 anos, louvou a Deus ao reencontr\u00e1-la com vida no \u00faltimo s\u00e1bado (31), em Minas Gerais. Alice foi localizada em uma \u00e1rea rural ap\u00f3s uma for\u00e7a-tarefa que mobilizou bombeiros, policiais e volunt\u00e1rios na regi\u00e3o. A crian\u00e7a havia desaparecido na \u00faltima quinta-feira (29), ap\u00f3s sair [&hellip;]","og_url":"https:\/\/radioportoseguro.com.br\/site\/2026\/02\/03\/familia-louva-a-deus-ao-encontrar-menina-de-4-anos-perdida-em-mg\/","og_site_name":"R\u00e1dio Porto Seguro","article_published_time":"2026-02-03T15:19:04+00:00","og_image":[{"url":"https:\/\/media.guiame.com.br\/archives\/2026\/02\/02\/4199870860-o-reencontro-da-familia-com-alice.jpeg","type":"","width":"","height":""}],"author":"admin","twitter_card":"summary_large_image","twitter_misc":{"Escrito por":"admin","Est. tempo de leitura":"2 minutos"},"schema":{"@context":"https:\/\/schema.org","@graph":[{"@type":"Article","@id":"https:\/\/radioportoseguro.com.br\/site\/2026\/02\/03\/familia-louva-a-deus-ao-encontrar-menina-de-4-anos-perdida-em-mg\/#article","isPartOf":{"@id":"https:\/\/radioportoseguro.com.br\/site\/2026\/02\/03\/familia-louva-a-deus-ao-encontrar-menina-de-4-anos-perdida-em-mg\/"},"author":{"name":"admin","@id":"https:\/\/radioportoseguro.com.br\/site\/#\/schema\/person\/7630acdc320186f13639d3c067ec089b"},"headline":"Fam\u00edlia louva a Deus ao encontrar menina de 4 anos perdida em MG","datePublished":"2026-02-03T15:19:04+00:00","mainEntityOfPage":{"@id":"https:\/\/radioportoseguro.com.br\/site\/2026\/02\/03\/familia-louva-a-deus-ao-encontrar-menina-de-4-anos-perdida-em-mg\/"},"wordCount":376,"image":{"@id":"https:\/\/radioportoseguro.com.br\/site\/2026\/02\/03\/familia-louva-a-deus-ao-encontrar-menina-de-4-anos-perdida-em-mg\/#primaryimage"},"thumbnailUrl":"https:\/\/radioportoseguro.com.br\/site\/wp-content\/uploads\/2026\/02\/4199870860-o-reencontro-da-familia-com-alice.jpeg","articleSection":["Destaques"],"inLanguage":"pt-BR"},{"@type":"WebPage","@id":"https:\/\/radioportoseguro.com.br\/site\/2026\/02\/03\/familia-louva-a-deus-ao-encontrar-menina-de-4-anos-perdida-em-mg\/","url":"https:\/\/radioportoseguro.com.br\/site\/2026\/02\/03\/familia-louva-a-deus-ao-encontrar-menina-de-4-anos-perdida-em-mg\/","name":"Fam\u00edlia louva a Deus ao encontrar menina de 4 anos perdida em MG - R\u00e1dio Porto Seguro","isPartOf":{"@id":"https:\/\/radioportoseguro.com.br\/site\/#website"},"primaryImageOfPage":{"@id":"https:\/\/radioportoseguro.com.br\/site\/2026\/02\/03\/familia-louva-a-deus-ao-encontrar-menina-de-4-anos-perdida-em-mg\/#primaryimage"},"image":{"@id":"https:\/\/radioportoseguro.com.br\/site\/2026\/02\/03\/familia-louva-a-deus-ao-encontrar-menina-de-4-anos-perdida-em-mg\/#primaryimage"},"thumbnailUrl":"https:\/\/radioportoseguro.com.br\/site\/wp-content\/uploads\/2026\/02\/4199870860-o-reencontro-da-familia-com-alice.jpeg","datePublished":"2026-02-03T15:19:04+00:00","author":{"@id":"https:\/\/radioportoseguro.com.br\/site\/#\/schema\/person\/7630acdc320186f13639d3c067ec089b"},"breadcrumb":{"@id":"https:\/\/radioportoseguro.com.br\/site\/2026\/02\/03\/familia-louva-a-deus-ao-encontrar-menina-de-4-anos-perdida-em-mg\/#breadcrumb"},"inLanguage":"pt-BR","potentialAction":[{"@type":"ReadAction","target":["https:\/\/radioportoseguro.com.br\/site\/2026\/02\/03\/familia-louva-a-deus-ao-encontrar-menina-de-4-anos-perdida-em-mg\/"]}]},{"@type":"ImageObject","inLanguage":"pt-BR","@id":"https:\/\/radioportoseguro.com.br\/site\/2026\/02\/03\/familia-louva-a-deus-ao-encontrar-menina-de-4-anos-perdida-em-mg\/#primaryimage","url":"https:\/\/radioportoseguro.com.br\/site\/wp-content\/uploads\/2026\/02\/4199870860-o-reencontro-da-familia-com-alice.jpeg","contentUrl":"https:\/\/radioportoseguro.com.br\/site\/wp-content\/uploads\/2026\/02\/4199870860-o-reencontro-da-familia-com-alice.jpeg","width":1200,"height":600},{"@type":"BreadcrumbList","@id":"https:\/\/radioportoseguro.com.br\/site\/2026\/02\/03\/familia-louva-a-deus-ao-encontrar-menina-de-4-anos-perdida-em-mg\/#breadcrumb","itemListElement":[{"@type":"ListItem","position":1,"name":"In\u00edcio","item":"https:\/\/radioportoseguro.com.br\/site\/"},{"@type":"ListItem","position":2,"name":"Fam\u00edlia louva a Deus ao encontrar menina de 4 anos perdida em MG"}]},{"@type":"WebSite","@id":"https:\/\/radioportoseguro.com.br\/site\/#website","url":"https:\/\/radioportoseguro.com.br\/site\/","name":"R\u00e1dio Porto Seguro","description":"","potentialAction":[{"@type":"SearchAction","target":{"@type":"EntryPoint","urlTemplate":"https:\/\/radioportoseguro.com.br\/site\/?s={search_term_string}"},"query-input":{"@type":"PropertyValueSpecification","valueRequired":true,"valueName":"search_term_string"}}],"inLanguage":"pt-BR"},{"@type":"Person","@id":"https:\/\/radioportoseguro.com.br\/site\/#\/schema\/person\/7630acdc320186f13639d3c067ec089b","name":"admin","image":{"@type":"ImageObject","inLanguage":"pt-BR","@id":"https:\/\/radioportoseguro.com.br\/site\/#\/schema\/person\/image\/","url":"https:\/\/secure.gravatar.com\/avatar\/caacf4dc1eedb68fab0df8e1ed46c448e578b2466351bbcb61e47d2ac0caaef0?s=96&d=mm&r=g","contentUrl":"https:\/\/secure.gravatar.com\/avatar\/caacf4dc1eedb68fab0df8e1ed46c448e578b2466351bbcb61e47d2ac0caaef0?s=96&d=mm&r=g","caption":"admin"},"sameAs":["https:\/\/radioportoseguro.com.br\/site"],"url":"https:\/\/radioportoseguro.com.br\/site\/author\/hezio\/"}]}},"_links":{"self":[{"href":"https:\/\/radioportoseguro.com.br\/site\/wp-json\/wp\/v2\/posts\/3724","targetHints":{"allow":["GET"]}}],"collection":[{"href":"https:\/\/radioportoseguro.com.br\/site\/wp-json\/wp\/v2\/posts"}],"about":[{"href":"https:\/\/radioportoseguro.com.br\/site\/wp-json\/wp\/v2\/types\/post"}],"author":[{"embeddable":true,"href":"https:\/\/radioportoseguro.com.br\/site\/wp-json\/wp\/v2\/users\/1"}],"replies":[{"embeddable":true,"href":"https:\/\/radioportoseguro.com.br\/site\/wp-json\/wp\/v2\/comments?post=3724"}],"version-history":[{"count":0,"href":"https:\/\/radioportoseguro.com.br\/site\/wp-json\/wp\/v2\/posts\/3724\/revisions"}],"wp:featuredmedia":[{"embeddable":true,"href":"https:\/\/radioportoseguro.com.br\/site\/wp-json\/wp\/v2\/media\/3725"}],"wp:attachment":[{"href":"https:\/\/radioportoseguro.com.br\/site\/wp-json\/wp\/v2\/media?parent=3724"}],"wp:term":[{"taxonomy":"category","embeddable":true,"href":"https:\/\/radioportoseguro.com.br\/site\/wp-json\/wp\/v2\/categories?post=3724"},{"taxonomy":"post_tag","embeddable":true,"href":"https:\/\/radioportoseguro.com.br\/site\/wp-json\/wp\/v2\/tags?post=3724"}],"curies":[{"name":"wp","href":"https:\/\/api.w.org\/{rel}","templated":true}]}}