{"id":3736,"date":"2026-02-03T18:39:26","date_gmt":"2026-02-03T21:39:26","guid":{"rendered":"https:\/\/radioportoseguro.com.br\/site\/2026\/02\/03\/2-timoteo-em-1-minuto\/"},"modified":"2026-02-03T18:39:26","modified_gmt":"2026-02-03T21:39:26","slug":"2-timoteo-em-1-minuto","status":"publish","type":"post","link":"https:\/\/radioportoseguro.com.br\/site\/2026\/02\/03\/2-timoteo-em-1-minuto\/","title":{"rendered":"2 Tim\u00f3teo em 1 minuto"},"content":{"rendered":"<p><br \/>\n<br \/><\/p>\n<div>\n<p><span style=\"font-weight: 400;\">Essa \u00e9 a \u00faltima e mais pessoal carta de Paulo, escrita da pris\u00e3o, pouco antes de seu mart\u00edrio. \u00c9 um testamento emocionante e uma passagem de bast\u00e3o para seu amado filho na f\u00e9, Tim\u00f3teo, que enfrentava tempos dif\u00edceis.\u00a0<\/span><\/p>\n<p><span style=\"font-weight: 400;\">Paulo o exorta a permanecer firme na f\u00e9, a n\u00e3o se envergonhar do Evangelho, a sofrer pelo Senhor e a pregar a Palavra com urg\u00eancia e fidelidade, &#8220;a tempo e fora de tempo&#8221;.\u00a0<\/span><\/p>\n<p><span style=\"font-weight: 400;\">Ele lembra Tim\u00f3teo do legado de f\u00e9 de sua av\u00f3 L\u00f3ide e sua m\u00e3e Eunice e o encoraja a usar seus dons. A carta tamb\u00e9m aborda a apostasia e a necessidade de se afastar dos falsos ensinos, mantendo a verdade a todo custo.\u00a0<\/span><\/p>\n<p><span style=\"font-weight: 400;\">Podemos dizer que \u00e9 um grito de guerra e um manual sobre como ser disc\u00edpulo fiel, resiliente e perseverante no minist\u00e9rio, mesmo diante da adversidade, passando a tocha da f\u00e9 adiante.<\/span><\/p>\n<blockquote class=\"instagram-media\" style=\"background: #FFF; border: 0; border-radius: 3px; box-shadow: 0 0 1px 0 rgba(0,0,0,0.5),0 1px 10px 0 rgba(0,0,0,0.15); margin: 1px; max-width: 540px; min-width: 326px; padding: 0; width: calc(100% - 2px);\" data-instgrm-captioned=\"\" data-instgrm-permalink=\"https:\/\/www.instagram.com\/reel\/DRkwUzdjnYr\/?utm_source=ig_embed&amp;utm_campaign=loading\" data-instgrm-version=\"14\"><p>&#13;<br \/>\n&#13;\n<\/p><\/blockquote>\n<p><strong>1 minutinho com Deus<\/strong><\/p>\n<p><span style=\"font-weight: 400;\">Bora <\/span><span style=\"color: #800000;\"><strong>aprender mais sobre a B\u00edblia<\/strong><\/span><span style=\"font-weight: 400;\"> de forma bem simples?<\/span><\/p>\n<p><span style=\"font-weight: 400;\">A gente sabe que a vida \u00e9 corrida, mas <\/span><span style=\"color: #800000;\"><strong>a palavra de Deus \u00e9 nossa prioridade<\/strong><\/span><span style=\"font-weight: 400;\">, por isso, temos que dedicar um tempo especial a ela.\u00a0<\/span><\/p>\n<p><span style=\"font-weight: 400;\">Pensando nisso, criamos este projeto que vai te ajudar a entender a <\/span><span style=\"color: #800000;\"><strong>ess\u00eancia das Escrituras<\/strong><\/span><span style=\"font-weight: 400;\"> de forma r\u00e1pida e em ordem cronol\u00f3gica.\u00a0<\/span><\/p>\n<p><span style=\"font-weight: 400;\">Em apenas 1 minuto voc\u00ea vai aprender o b\u00e1sico de cada livro. \u00c9 por isso que este trabalho se chama \u201c1 minutinho com Deus\u201d.<\/span><\/p>\n<p><strong>Como funciona?\u00a0<\/strong><\/p>\n<p><span style=\"font-weight: 400;\">Em cada dia, voc\u00ea s\u00f3 precisa dedicar 1 minuto para ouvir o resumo que preparamos de cada livro. Em pouco mais de 1 hora voc\u00ea ter\u00e1 ouvido <\/span><span style=\"color: #800000;\"><strong>sobre a B\u00edblia<\/strong><\/span><span style=\"font-weight: 400;\"> toda e ter\u00e1 uma ideia mais concreta da import\u00e2ncia da palavra de Deus em sua vida.\u00a0<\/span><\/p>\n<p><span style=\"font-weight: 400;\">Esse foi o \u201c1 minutinho com Deus\u201d de hoje. Espero ter tirado sua d\u00favida e tamb\u00e9m colaborado para seu <\/span><span style=\"color: #800000;\"><strong>crescimento espiritual<\/strong><\/span><span style=\"font-weight: 400;\">. Beijo no cora\u00e7\u00e3o e at\u00e9 a pr\u00f3xima, se Deus quiser!<\/span><\/p>\n<p>\u00a0<\/p>\n<p><span style=\"font-weight: 400;\">Por <\/span><span style=\"color: #800000;\"><strong>Cris Beloni<\/strong><\/span><span style=\"font-weight: 400;\">, jornalista crist\u00e3, pesquisadora e escritora. Lidera o <\/span><span style=\"color: #800000;\"><strong>movimento B\u00edblia Investigada<\/strong><\/span> <span style=\"font-weight: 400;\">e ajuda as pessoas no entendimento b\u00edblico, na organiza\u00e7\u00e3o de ideias e na <\/span><span style=\"color: #800000;\"><strong>ativa\u00e7\u00e3o de seus dons<\/strong><\/span><span style=\"font-weight: 400;\">.<\/span><span style=\"font-weight: 400;\"> Trabalha com miss\u00f5es transculturais, Igreja Perseguida, teorias cient\u00edficas, escatologia e an\u00e1lise de textos b\u00edblicos.<\/span><\/p>\n<p><em><span style=\"font-weight: 400;\">*O conte\u00fado do texto acima \u00e9 de colabora\u00e7\u00e3o volunt\u00e1ria, seu teor \u00e9 de total responsabilidade do autor e n\u00e3o reflete necessariamente a opini\u00e3o do Portal Guiame.<\/span><\/em><\/p>\n<p><span style=\"font-weight: 400;\">Leia o artigo anterior: <\/span><span style=\"color: #800000;\"><strong>1 Tim\u00f3teo em 1 minuto<\/strong><\/span><\/p>\n<\/div>\n<p><script async src=\"\/\/www.instagram.com\/embed.js\"><\/script><br \/>\n<br \/><br \/>\n<br \/>Fonte: Guiame <\/p>\n","protected":false},"excerpt":{"rendered":"<p>Essa \u00e9 a \u00faltima e mais pessoal carta de Paulo, escrita da pris\u00e3o, pouco antes de seu mart\u00edrio. \u00c9 um testamento emocionante e uma passagem de bast\u00e3o para seu amado filho na f\u00e9, Tim\u00f3teo, que enfrentava tempos dif\u00edceis.\u00a0 Paulo o exorta a permanecer firme na f\u00e9, a n\u00e3o se envergonhar do Evangelho, a sofrer pelo [&hellip;]<\/p>\n","protected":false},"author":1,"featured_media":3737,"comment_status":"","ping_status":"open","sticky":false,"template":"","format":"standard","meta":{"footnotes":""},"categories":[43],"tags":[],"class_list":["post-3736","post","type-post","status-publish","format-standard","has-post-thumbnail","hentry","category-destaques"],"yoast_head":"<!-- This site is optimized with the Yoast SEO plugin v26.8 - https:\/\/yoast.com\/product\/yoast-seo-wordpress\/ -->\n<title>2 Tim\u00f3teo em 1 minuto - R\u00e1dio Porto Seguro<\/title>\n<meta name=\"robots\" content=\"index, follow, max-snippet:-1, max-image-preview:large, max-video-preview:-1\" \/>\n<link rel=\"canonical\" href=\"https:\/\/radioportoseguro.com.br\/site\/2026\/02\/03\/2-timoteo-em-1-minuto\/\" \/>\n<meta property=\"og:locale\" content=\"pt_BR\" \/>\n<meta property=\"og:type\" content=\"article\" \/>\n<meta property=\"og:title\" content=\"2 Tim\u00f3teo em 1 minuto - R\u00e1dio Porto Seguro\" \/>\n<meta property=\"og:description\" content=\"Essa \u00e9 a \u00faltima e mais pessoal carta de Paulo, escrita da pris\u00e3o, pouco antes de seu mart\u00edrio. \u00c9 um testamento emocionante e uma passagem de bast\u00e3o para seu amado filho na f\u00e9, Tim\u00f3teo, que enfrentava tempos dif\u00edceis.\u00a0 Paulo o exorta a permanecer firme na f\u00e9, a n\u00e3o se envergonhar do Evangelho, a sofrer pelo [&hellip;]\" \/>\n<meta property=\"og:url\" content=\"https:\/\/radioportoseguro.com.br\/site\/2026\/02\/03\/2-timoteo-em-1-minuto\/\" \/>\n<meta property=\"og:site_name\" content=\"R\u00e1dio Porto Seguro\" \/>\n<meta property=\"article:published_time\" content=\"2026-02-03T21:39:26+00:00\" \/>\n<meta property=\"og:image\" content=\"https:\/\/media.guiame.com.br\/archives\/2026\/02\/02\/1434224637-timoteo.png\" \/>\n<meta name=\"author\" content=\"admin\" \/>\n<meta name=\"twitter:card\" content=\"summary_large_image\" \/>\n<meta name=\"twitter:label1\" content=\"Escrito por\" \/>\n\t<meta name=\"twitter:data1\" content=\"admin\" \/>\n\t<meta name=\"twitter:label2\" content=\"Est. tempo de leitura\" \/>\n\t<meta name=\"twitter:data2\" content=\"2 minutos\" \/>\n<script type=\"application\/ld+json\" class=\"yoast-schema-graph\">{\"@context\":\"https:\/\/schema.org\",\"@graph\":[{\"@type\":\"Article\",\"@id\":\"https:\/\/radioportoseguro.com.br\/site\/2026\/02\/03\/2-timoteo-em-1-minuto\/#article\",\"isPartOf\":{\"@id\":\"https:\/\/radioportoseguro.com.br\/site\/2026\/02\/03\/2-timoteo-em-1-minuto\/\"},\"author\":{\"name\":\"admin\",\"@id\":\"https:\/\/radioportoseguro.com.br\/site\/#\/schema\/person\/7630acdc320186f13639d3c067ec089b\"},\"headline\":\"2 Tim\u00f3teo em 1 minuto\",\"datePublished\":\"2026-02-03T21:39:26+00:00\",\"mainEntityOfPage\":{\"@id\":\"https:\/\/radioportoseguro.com.br\/site\/2026\/02\/03\/2-timoteo-em-1-minuto\/\"},\"wordCount\":419,\"image\":{\"@id\":\"https:\/\/radioportoseguro.com.br\/site\/2026\/02\/03\/2-timoteo-em-1-minuto\/#primaryimage\"},\"thumbnailUrl\":\"https:\/\/radioportoseguro.com.br\/site\/wp-content\/uploads\/2026\/02\/1434224637-timoteo.png\",\"articleSection\":[\"Destaques\"],\"inLanguage\":\"pt-BR\"},{\"@type\":\"WebPage\",\"@id\":\"https:\/\/radioportoseguro.com.br\/site\/2026\/02\/03\/2-timoteo-em-1-minuto\/\",\"url\":\"https:\/\/radioportoseguro.com.br\/site\/2026\/02\/03\/2-timoteo-em-1-minuto\/\",\"name\":\"2 Tim\u00f3teo em 1 minuto - R\u00e1dio Porto Seguro\",\"isPartOf\":{\"@id\":\"https:\/\/radioportoseguro.com.br\/site\/#website\"},\"primaryImageOfPage\":{\"@id\":\"https:\/\/radioportoseguro.com.br\/site\/2026\/02\/03\/2-timoteo-em-1-minuto\/#primaryimage\"},\"image\":{\"@id\":\"https:\/\/radioportoseguro.com.br\/site\/2026\/02\/03\/2-timoteo-em-1-minuto\/#primaryimage\"},\"thumbnailUrl\":\"https:\/\/radioportoseguro.com.br\/site\/wp-content\/uploads\/2026\/02\/1434224637-timoteo.png\",\"datePublished\":\"2026-02-03T21:39:26+00:00\",\"author\":{\"@id\":\"https:\/\/radioportoseguro.com.br\/site\/#\/schema\/person\/7630acdc320186f13639d3c067ec089b\"},\"breadcrumb\":{\"@id\":\"https:\/\/radioportoseguro.com.br\/site\/2026\/02\/03\/2-timoteo-em-1-minuto\/#breadcrumb\"},\"inLanguage\":\"pt-BR\",\"potentialAction\":[{\"@type\":\"ReadAction\",\"target\":[\"https:\/\/radioportoseguro.com.br\/site\/2026\/02\/03\/2-timoteo-em-1-minuto\/\"]}]},{\"@type\":\"ImageObject\",\"inLanguage\":\"pt-BR\",\"@id\":\"https:\/\/radioportoseguro.com.br\/site\/2026\/02\/03\/2-timoteo-em-1-minuto\/#primaryimage\",\"url\":\"https:\/\/radioportoseguro.com.br\/site\/wp-content\/uploads\/2026\/02\/1434224637-timoteo.png\",\"contentUrl\":\"https:\/\/radioportoseguro.com.br\/site\/wp-content\/uploads\/2026\/02\/1434224637-timoteo.png\",\"width\":1200,\"height\":600},{\"@type\":\"BreadcrumbList\",\"@id\":\"https:\/\/radioportoseguro.com.br\/site\/2026\/02\/03\/2-timoteo-em-1-minuto\/#breadcrumb\",\"itemListElement\":[{\"@type\":\"ListItem\",\"position\":1,\"name\":\"In\u00edcio\",\"item\":\"https:\/\/radioportoseguro.com.br\/site\/\"},{\"@type\":\"ListItem\",\"position\":2,\"name\":\"2 Tim\u00f3teo em 1 minuto\"}]},{\"@type\":\"WebSite\",\"@id\":\"https:\/\/radioportoseguro.com.br\/site\/#website\",\"url\":\"https:\/\/radioportoseguro.com.br\/site\/\",\"name\":\"R\u00e1dio Porto Seguro\",\"description\":\"\",\"potentialAction\":[{\"@type\":\"SearchAction\",\"target\":{\"@type\":\"EntryPoint\",\"urlTemplate\":\"https:\/\/radioportoseguro.com.br\/site\/?s={search_term_string}\"},\"query-input\":{\"@type\":\"PropertyValueSpecification\",\"valueRequired\":true,\"valueName\":\"search_term_string\"}}],\"inLanguage\":\"pt-BR\"},{\"@type\":\"Person\",\"@id\":\"https:\/\/radioportoseguro.com.br\/site\/#\/schema\/person\/7630acdc320186f13639d3c067ec089b\",\"name\":\"admin\",\"image\":{\"@type\":\"ImageObject\",\"inLanguage\":\"pt-BR\",\"@id\":\"https:\/\/radioportoseguro.com.br\/site\/#\/schema\/person\/image\/\",\"url\":\"https:\/\/secure.gravatar.com\/avatar\/caacf4dc1eedb68fab0df8e1ed46c448e578b2466351bbcb61e47d2ac0caaef0?s=96&d=mm&r=g\",\"contentUrl\":\"https:\/\/secure.gravatar.com\/avatar\/caacf4dc1eedb68fab0df8e1ed46c448e578b2466351bbcb61e47d2ac0caaef0?s=96&d=mm&r=g\",\"caption\":\"admin\"},\"sameAs\":[\"https:\/\/radioportoseguro.com.br\/site\"],\"url\":\"https:\/\/radioportoseguro.com.br\/site\/author\/hezio\/\"}]}<\/script>\n<!-- \/ Yoast SEO plugin. -->","yoast_head_json":{"title":"2 Tim\u00f3teo em 1 minuto - R\u00e1dio Porto Seguro","robots":{"index":"index","follow":"follow","max-snippet":"max-snippet:-1","max-image-preview":"max-image-preview:large","max-video-preview":"max-video-preview:-1"},"canonical":"https:\/\/radioportoseguro.com.br\/site\/2026\/02\/03\/2-timoteo-em-1-minuto\/","og_locale":"pt_BR","og_type":"article","og_title":"2 Tim\u00f3teo em 1 minuto - R\u00e1dio Porto Seguro","og_description":"Essa \u00e9 a \u00faltima e mais pessoal carta de Paulo, escrita da pris\u00e3o, pouco antes de seu mart\u00edrio. \u00c9 um testamento emocionante e uma passagem de bast\u00e3o para seu amado filho na f\u00e9, Tim\u00f3teo, que enfrentava tempos dif\u00edceis.\u00a0 Paulo o exorta a permanecer firme na f\u00e9, a n\u00e3o se envergonhar do Evangelho, a sofrer pelo [&hellip;]","og_url":"https:\/\/radioportoseguro.com.br\/site\/2026\/02\/03\/2-timoteo-em-1-minuto\/","og_site_name":"R\u00e1dio Porto Seguro","article_published_time":"2026-02-03T21:39:26+00:00","og_image":[{"url":"https:\/\/media.guiame.com.br\/archives\/2026\/02\/02\/1434224637-timoteo.png","type":"","width":"","height":""}],"author":"admin","twitter_card":"summary_large_image","twitter_misc":{"Escrito por":"admin","Est. tempo de leitura":"2 minutos"},"schema":{"@context":"https:\/\/schema.org","@graph":[{"@type":"Article","@id":"https:\/\/radioportoseguro.com.br\/site\/2026\/02\/03\/2-timoteo-em-1-minuto\/#article","isPartOf":{"@id":"https:\/\/radioportoseguro.com.br\/site\/2026\/02\/03\/2-timoteo-em-1-minuto\/"},"author":{"name":"admin","@id":"https:\/\/radioportoseguro.com.br\/site\/#\/schema\/person\/7630acdc320186f13639d3c067ec089b"},"headline":"2 Tim\u00f3teo em 1 minuto","datePublished":"2026-02-03T21:39:26+00:00","mainEntityOfPage":{"@id":"https:\/\/radioportoseguro.com.br\/site\/2026\/02\/03\/2-timoteo-em-1-minuto\/"},"wordCount":419,"image":{"@id":"https:\/\/radioportoseguro.com.br\/site\/2026\/02\/03\/2-timoteo-em-1-minuto\/#primaryimage"},"thumbnailUrl":"https:\/\/radioportoseguro.com.br\/site\/wp-content\/uploads\/2026\/02\/1434224637-timoteo.png","articleSection":["Destaques"],"inLanguage":"pt-BR"},{"@type":"WebPage","@id":"https:\/\/radioportoseguro.com.br\/site\/2026\/02\/03\/2-timoteo-em-1-minuto\/","url":"https:\/\/radioportoseguro.com.br\/site\/2026\/02\/03\/2-timoteo-em-1-minuto\/","name":"2 Tim\u00f3teo em 1 minuto - R\u00e1dio Porto Seguro","isPartOf":{"@id":"https:\/\/radioportoseguro.com.br\/site\/#website"},"primaryImageOfPage":{"@id":"https:\/\/radioportoseguro.com.br\/site\/2026\/02\/03\/2-timoteo-em-1-minuto\/#primaryimage"},"image":{"@id":"https:\/\/radioportoseguro.com.br\/site\/2026\/02\/03\/2-timoteo-em-1-minuto\/#primaryimage"},"thumbnailUrl":"https:\/\/radioportoseguro.com.br\/site\/wp-content\/uploads\/2026\/02\/1434224637-timoteo.png","datePublished":"2026-02-03T21:39:26+00:00","author":{"@id":"https:\/\/radioportoseguro.com.br\/site\/#\/schema\/person\/7630acdc320186f13639d3c067ec089b"},"breadcrumb":{"@id":"https:\/\/radioportoseguro.com.br\/site\/2026\/02\/03\/2-timoteo-em-1-minuto\/#breadcrumb"},"inLanguage":"pt-BR","potentialAction":[{"@type":"ReadAction","target":["https:\/\/radioportoseguro.com.br\/site\/2026\/02\/03\/2-timoteo-em-1-minuto\/"]}]},{"@type":"ImageObject","inLanguage":"pt-BR","@id":"https:\/\/radioportoseguro.com.br\/site\/2026\/02\/03\/2-timoteo-em-1-minuto\/#primaryimage","url":"https:\/\/radioportoseguro.com.br\/site\/wp-content\/uploads\/2026\/02\/1434224637-timoteo.png","contentUrl":"https:\/\/radioportoseguro.com.br\/site\/wp-content\/uploads\/2026\/02\/1434224637-timoteo.png","width":1200,"height":600},{"@type":"BreadcrumbList","@id":"https:\/\/radioportoseguro.com.br\/site\/2026\/02\/03\/2-timoteo-em-1-minuto\/#breadcrumb","itemListElement":[{"@type":"ListItem","position":1,"name":"In\u00edcio","item":"https:\/\/radioportoseguro.com.br\/site\/"},{"@type":"ListItem","position":2,"name":"2 Tim\u00f3teo em 1 minuto"}]},{"@type":"WebSite","@id":"https:\/\/radioportoseguro.com.br\/site\/#website","url":"https:\/\/radioportoseguro.com.br\/site\/","name":"R\u00e1dio Porto Seguro","description":"","potentialAction":[{"@type":"SearchAction","target":{"@type":"EntryPoint","urlTemplate":"https:\/\/radioportoseguro.com.br\/site\/?s={search_term_string}"},"query-input":{"@type":"PropertyValueSpecification","valueRequired":true,"valueName":"search_term_string"}}],"inLanguage":"pt-BR"},{"@type":"Person","@id":"https:\/\/radioportoseguro.com.br\/site\/#\/schema\/person\/7630acdc320186f13639d3c067ec089b","name":"admin","image":{"@type":"ImageObject","inLanguage":"pt-BR","@id":"https:\/\/radioportoseguro.com.br\/site\/#\/schema\/person\/image\/","url":"https:\/\/secure.gravatar.com\/avatar\/caacf4dc1eedb68fab0df8e1ed46c448e578b2466351bbcb61e47d2ac0caaef0?s=96&d=mm&r=g","contentUrl":"https:\/\/secure.gravatar.com\/avatar\/caacf4dc1eedb68fab0df8e1ed46c448e578b2466351bbcb61e47d2ac0caaef0?s=96&d=mm&r=g","caption":"admin"},"sameAs":["https:\/\/radioportoseguro.com.br\/site"],"url":"https:\/\/radioportoseguro.com.br\/site\/author\/hezio\/"}]}},"_links":{"self":[{"href":"https:\/\/radioportoseguro.com.br\/site\/wp-json\/wp\/v2\/posts\/3736","targetHints":{"allow":["GET"]}}],"collection":[{"href":"https:\/\/radioportoseguro.com.br\/site\/wp-json\/wp\/v2\/posts"}],"about":[{"href":"https:\/\/radioportoseguro.com.br\/site\/wp-json\/wp\/v2\/types\/post"}],"author":[{"embeddable":true,"href":"https:\/\/radioportoseguro.com.br\/site\/wp-json\/wp\/v2\/users\/1"}],"replies":[{"embeddable":true,"href":"https:\/\/radioportoseguro.com.br\/site\/wp-json\/wp\/v2\/comments?post=3736"}],"version-history":[{"count":0,"href":"https:\/\/radioportoseguro.com.br\/site\/wp-json\/wp\/v2\/posts\/3736\/revisions"}],"wp:featuredmedia":[{"embeddable":true,"href":"https:\/\/radioportoseguro.com.br\/site\/wp-json\/wp\/v2\/media\/3737"}],"wp:attachment":[{"href":"https:\/\/radioportoseguro.com.br\/site\/wp-json\/wp\/v2\/media?parent=3736"}],"wp:term":[{"taxonomy":"category","embeddable":true,"href":"https:\/\/radioportoseguro.com.br\/site\/wp-json\/wp\/v2\/categories?post=3736"},{"taxonomy":"post_tag","embeddable":true,"href":"https:\/\/radioportoseguro.com.br\/site\/wp-json\/wp\/v2\/tags?post=3736"}],"curies":[{"name":"wp","href":"https:\/\/api.w.org\/{rel}","templated":true}]}}