{"id":3762,"date":"2026-02-05T04:23:16","date_gmt":"2026-02-05T07:23:16","guid":{"rendered":"https:\/\/radioportoseguro.com.br\/site\/2026\/02\/05\/jovem-da-periferia-louva-deus-ao-passar-em-1-lugar-em-medicina-na-usp-agradeco-a-ele\/"},"modified":"2026-02-05T04:23:16","modified_gmt":"2026-02-05T07:23:16","slug":"jovem-da-periferia-louva-deus-ao-passar-em-1-lugar-em-medicina-na-usp-agradeco-a-ele","status":"publish","type":"post","link":"https:\/\/radioportoseguro.com.br\/site\/2026\/02\/05\/jovem-da-periferia-louva-deus-ao-passar-em-1-lugar-em-medicina-na-usp-agradeco-a-ele\/","title":{"rendered":"Jovem da periferia louva Deus ao passar em 1\u00b0 lugar em Medicina na USP: \u201cAgrade\u00e7o a Ele\u201d"},"content":{"rendered":"<p><br \/>\n<br \/><\/p>\n<div>\n<p><span style=\"font-weight: 400;\">Um <\/span><span style=\"color: #800000;\"><strong>jovem<\/strong><\/span><span style=\"font-weight: 400;\"> da periferia de Salvador (BA) deu gl\u00f3ria a Deus ap\u00f3s passar em 1\u00b0 lugar em <\/span><span style=\"color: #800000;\"><strong>Medicina<\/strong><\/span><span style=\"font-weight: 400;\"> na Universidade de S\u00e3o Paulo (<\/span><span style=\"color: #800000;\"><strong>USP<\/strong><\/span><span style=\"font-weight: 400;\">), atrav\u00e9s do Exame Nacional do Ensino M\u00e9dio (Enem).<\/span><\/p>\n<p><span style=\"font-weight: 400;\">Wesley de Jesus Batista, de 23 anos, conquistou a vaga dos sonhos em um dos cursos mais concorridos do pa\u00eds, estudando sozinho em casa em uma rotina de estudos que come\u00e7ava \u00e0s 5 horas da manh\u00e3.<\/span><\/p>\n<p><span style=\"font-weight: 400;\">Ele se formou no ensino m\u00e9dio em uma escola p\u00fablica em 2019 e passou a se preparar para o vestibular apenas com materiais gratuitos, livros do col\u00e9gio e um celular, pois n\u00e3o tinha condi\u00e7\u00f5es financeiras de pagar cursinho.<\/span><\/p>\n<p><strong>Estudando sozinho<\/strong><\/p>\n<p><span style=\"font-weight: 400;\">Sem computador em casa, o jovem ia \u00e0 escola para fazer simulados do Enem no computador da institui\u00e7\u00e3o.<\/span><\/p>\n<p><span style=\"font-weight: 400;\">&#8220;Vindo do ensino p\u00fablico eu sabia que havia muitas lacunas, ent\u00e3o comecei com organiza\u00e7\u00e3o mesmo. Organizei um cronograma com as tem\u00e1ticas que eu tinha que trabalhar. Eu estudava de cinco da manh\u00e3 at\u00e9 23 horas da noite, \u00e0s vezes entrava madrugada adentro e dormia com a cara no livro. Minha m\u00e3e me acordava no dia seguinte, eu estudava na mesa da cozinha nessa \u00e9poca&#8221;, contou Wesley, em entrevista ao G1.<\/span><\/p>\n<p><span style=\"font-weight: 400;\">\u201cUtilizava a sala de v\u00eddeo e inform\u00e1tica, e um notebook que o diretor oferecia para estudar l\u00e1. Esse foi o in\u00edcio da minha trajet\u00f3ria para contornar todos os problemas que eu tinha e j\u00e1 conseguia reconhecer&#8221;, acrescentou.<\/span><\/p>\n<p><span style=\"font-weight: 400;\">Filho de um pedreiro e uma empregada dom\u00e9stica, o jovem foi atra\u00eddo para a carreira na Medicina ao enfrentar asma cr\u00f4nica na inf\u00e2ncia.<\/span><\/p>\n<p><span style=\"font-weight: 400;\">\u201cNesse vai e vem para o hospital e no contato com essas pessoas de jaleco branco, eu comecei a internalizar a import\u00e2ncia dessa profiss\u00e3o. A partir dessa viv\u00eancia, eu comecei a vislumbrar a Medicina e me ver profissionalmente realizado [nela]&#8221;, revelou.<\/span><\/p>\n<p><strong>\u201cJesus n\u00e3o permitiu eu esmorecer\u201d<\/strong><\/p>\n<p><span style=\"font-weight: 400;\">Wesley gravou o momento em que soube da aprova\u00e7\u00e3o, ao lado dos pais. O v\u00eddeo viralizou nas redes sociais.<\/span><\/p>\n<blockquote class=\"instagram-media\" style=\"background: #FFF; border: 0; border-radius: 3px; box-shadow: 0 0 1px 0 rgba(0,0,0,0.5),0 1px 10px 0 rgba(0,0,0,0.15); margin: 1px; max-width: 540px; min-width: 326px; padding: 0; width: calc(100% - 2px);\" data-instgrm-captioned=\"\" data-instgrm-permalink=\"https:\/\/www.instagram.com\/reel\/DUJhAnUkZVj\/?utm_source=ig_embed&amp;utm_campaign=loading\" data-instgrm-version=\"14\"><p>&#13;<br \/>\n&#13;\n<\/p><\/blockquote>\n<p><span style=\"font-weight: 400;\">\u201cAs emo\u00e7\u00f5es est\u00e3o \u00e0 flor da pele. A incredulidade veio, ela bateu, mas depois que eu vi o resultado e vi que era realmente eu que estava na lista, fiquei em choque. N\u00e3o esperava que tivesse toda essa repercuss\u00e3o!&#8221;, disse.<\/span><\/p>\n<p><span style=\"font-weight: 400;\">Al\u00e9m de sua dedica\u00e7\u00e3o e esfor\u00e7o, ele creditou a Deus a conquista da vaga na USP. \u201cEu gostaria de deixar uma mensagem pros meus pais e para o p\u00fablico. Eu agrade\u00e7o muito a eles por ter chegado at\u00e9 aqui, sem o apoio deles n\u00e3o teria chegado aqui, seria mais um dentro das estat\u00edsticas ruins. Agrade\u00e7o sobretudo a Deus, que \u00e9 meu alicerce e minha base, sem Ele eu tenho certeza que n\u00e3o teria conseguido\u201d, declarou, ao UOL News.<\/span><\/p>\n<p><span style=\"font-weight: 400;\">Em postagem nas redes sociais, o jovem testemunhou como a f\u00e9 o ajudou a conquistar seu sonho.<\/span><\/p>\n<p><span style=\"font-weight: 400;\">\u201cAgrade\u00e7o a Deus por ter me permitido alcan\u00e7ar o que, muitas vezes, parecia ser inating\u00edvel. Batalha ap\u00f3s batalha sendo vencida, com bastante esfor\u00e7o e resili\u00eancia no meio do processo. Jesus Cristo, meu porto seguro, e a consist\u00eancia sempre estiveram lado a lado comigo de m\u00e3os dadas, me fazendo companhia e n\u00e3o me permitindo esmorecer no caminho \u00e1rduo que percorri. A Deus, sou eternamente grato por estar vivendo o extraordin\u00e1rio, fruto de muita luta e gana de vencer!\u201d, escreveu.<\/span><\/p>\n<blockquote class=\"instagram-media\" style=\"background: #FFF; border: 0; border-radius: 3px; box-shadow: 0 0 1px 0 rgba(0,0,0,0.5),0 1px 10px 0 rgba(0,0,0,0.15); margin: 1px; max-width: 540px; min-width: 326px; padding: 0; width: calc(100% - 2px);\" data-instgrm-captioned=\"\" data-instgrm-permalink=\"https:\/\/www.instagram.com\/p\/DUN8sJJEc-a\/?utm_source=ig_embed&amp;utm_campaign=loading\" data-instgrm-version=\"14\"><p>&#13;<br \/>\n&#13;\n<\/p><\/blockquote>\n<p><span style=\"font-weight: 400;\">Ap\u00f3s a aprova\u00e7\u00e3o, Wesley iniciou uma <\/span><span style=\"color: #800000;\"><strong>arrecada\u00e7\u00e3o online<\/strong><\/span><span style=\"font-weight: 400;\"> para arcar com os gastos durante os seis anos de estudo em S\u00e3o Paulo, incluindo aluguel, alimenta\u00e7\u00e3o, transporte, material did\u00e1tico e despesas b\u00e1sicas.<\/span><\/p>\n<\/div>\n<p><script async src=\"\/\/www.instagram.com\/embed.js\"><\/script><br \/>\n<br \/><br \/>\n<br \/>Fonte: Guiame <\/p>\n","protected":false},"excerpt":{"rendered":"<p>Um jovem da periferia de Salvador (BA) deu gl\u00f3ria a Deus ap\u00f3s passar em 1\u00b0 lugar em Medicina na Universidade de S\u00e3o Paulo (USP), atrav\u00e9s do Exame Nacional do Ensino M\u00e9dio (Enem). Wesley de Jesus Batista, de 23 anos, conquistou a vaga dos sonhos em um dos cursos mais concorridos do pa\u00eds, estudando sozinho em [&hellip;]<\/p>\n","protected":false},"author":1,"featured_media":3763,"comment_status":"","ping_status":"open","sticky":false,"template":"","format":"standard","meta":{"footnotes":""},"categories":[43],"tags":[],"class_list":["post-3762","post","type-post","status-publish","format-standard","has-post-thumbnail","hentry","category-destaques"],"yoast_head":"<!-- This site is optimized with the Yoast SEO plugin v26.8 - https:\/\/yoast.com\/product\/yoast-seo-wordpress\/ -->\n<title>Jovem da periferia louva Deus ao passar em 1\u00b0 lugar em Medicina na USP: \u201cAgrade\u00e7o a Ele\u201d - R\u00e1dio Porto Seguro<\/title>\n<meta name=\"robots\" content=\"index, follow, max-snippet:-1, max-image-preview:large, max-video-preview:-1\" \/>\n<link rel=\"canonical\" href=\"https:\/\/radioportoseguro.com.br\/site\/2026\/02\/05\/jovem-da-periferia-louva-deus-ao-passar-em-1-lugar-em-medicina-na-usp-agradeco-a-ele\/\" \/>\n<meta property=\"og:locale\" content=\"pt_BR\" \/>\n<meta property=\"og:type\" content=\"article\" \/>\n<meta property=\"og:title\" content=\"Jovem da periferia louva Deus ao passar em 1\u00b0 lugar em Medicina na USP: \u201cAgrade\u00e7o a Ele\u201d - R\u00e1dio Porto Seguro\" \/>\n<meta property=\"og:description\" content=\"Um jovem da periferia de Salvador (BA) deu gl\u00f3ria a Deus ap\u00f3s passar em 1\u00b0 lugar em Medicina na Universidade de S\u00e3o Paulo (USP), atrav\u00e9s do Exame Nacional do Ensino M\u00e9dio (Enem). Wesley de Jesus Batista, de 23 anos, conquistou a vaga dos sonhos em um dos cursos mais concorridos do pa\u00eds, estudando sozinho em [&hellip;]\" \/>\n<meta property=\"og:url\" content=\"https:\/\/radioportoseguro.com.br\/site\/2026\/02\/05\/jovem-da-periferia-louva-deus-ao-passar-em-1-lugar-em-medicina-na-usp-agradeco-a-ele\/\" \/>\n<meta property=\"og:site_name\" content=\"R\u00e1dio Porto Seguro\" \/>\n<meta property=\"article:published_time\" content=\"2026-02-05T07:23:16+00:00\" \/>\n<meta property=\"og:image\" content=\"https:\/\/media.guiame.com.br\/archives\/2026\/02\/04\/1839740823-wesley.jpeg\" \/>\n<meta name=\"author\" content=\"admin\" \/>\n<meta name=\"twitter:card\" content=\"summary_large_image\" \/>\n<meta name=\"twitter:label1\" content=\"Escrito por\" \/>\n\t<meta name=\"twitter:data1\" content=\"admin\" \/>\n\t<meta name=\"twitter:label2\" content=\"Est. tempo de leitura\" \/>\n\t<meta name=\"twitter:data2\" content=\"3 minutos\" \/>\n<script type=\"application\/ld+json\" class=\"yoast-schema-graph\">{\"@context\":\"https:\/\/schema.org\",\"@graph\":[{\"@type\":\"Article\",\"@id\":\"https:\/\/radioportoseguro.com.br\/site\/2026\/02\/05\/jovem-da-periferia-louva-deus-ao-passar-em-1-lugar-em-medicina-na-usp-agradeco-a-ele\/#article\",\"isPartOf\":{\"@id\":\"https:\/\/radioportoseguro.com.br\/site\/2026\/02\/05\/jovem-da-periferia-louva-deus-ao-passar-em-1-lugar-em-medicina-na-usp-agradeco-a-ele\/\"},\"author\":{\"name\":\"admin\",\"@id\":\"https:\/\/radioportoseguro.com.br\/site\/#\/schema\/person\/7630acdc320186f13639d3c067ec089b\"},\"headline\":\"Jovem da periferia louva Deus ao passar em 1\u00b0 lugar em Medicina na USP: \u201cAgrade\u00e7o a Ele\u201d\",\"datePublished\":\"2026-02-05T07:23:16+00:00\",\"mainEntityOfPage\":{\"@id\":\"https:\/\/radioportoseguro.com.br\/site\/2026\/02\/05\/jovem-da-periferia-louva-deus-ao-passar-em-1-lugar-em-medicina-na-usp-agradeco-a-ele\/\"},\"wordCount\":640,\"image\":{\"@id\":\"https:\/\/radioportoseguro.com.br\/site\/2026\/02\/05\/jovem-da-periferia-louva-deus-ao-passar-em-1-lugar-em-medicina-na-usp-agradeco-a-ele\/#primaryimage\"},\"thumbnailUrl\":\"https:\/\/radioportoseguro.com.br\/site\/wp-content\/uploads\/2026\/02\/1839740823-wesley.jpeg\",\"articleSection\":[\"Destaques\"],\"inLanguage\":\"pt-BR\"},{\"@type\":\"WebPage\",\"@id\":\"https:\/\/radioportoseguro.com.br\/site\/2026\/02\/05\/jovem-da-periferia-louva-deus-ao-passar-em-1-lugar-em-medicina-na-usp-agradeco-a-ele\/\",\"url\":\"https:\/\/radioportoseguro.com.br\/site\/2026\/02\/05\/jovem-da-periferia-louva-deus-ao-passar-em-1-lugar-em-medicina-na-usp-agradeco-a-ele\/\",\"name\":\"Jovem da periferia louva Deus ao passar em 1\u00b0 lugar em Medicina na USP: \u201cAgrade\u00e7o a Ele\u201d - R\u00e1dio Porto Seguro\",\"isPartOf\":{\"@id\":\"https:\/\/radioportoseguro.com.br\/site\/#website\"},\"primaryImageOfPage\":{\"@id\":\"https:\/\/radioportoseguro.com.br\/site\/2026\/02\/05\/jovem-da-periferia-louva-deus-ao-passar-em-1-lugar-em-medicina-na-usp-agradeco-a-ele\/#primaryimage\"},\"image\":{\"@id\":\"https:\/\/radioportoseguro.com.br\/site\/2026\/02\/05\/jovem-da-periferia-louva-deus-ao-passar-em-1-lugar-em-medicina-na-usp-agradeco-a-ele\/#primaryimage\"},\"thumbnailUrl\":\"https:\/\/radioportoseguro.com.br\/site\/wp-content\/uploads\/2026\/02\/1839740823-wesley.jpeg\",\"datePublished\":\"2026-02-05T07:23:16+00:00\",\"author\":{\"@id\":\"https:\/\/radioportoseguro.com.br\/site\/#\/schema\/person\/7630acdc320186f13639d3c067ec089b\"},\"breadcrumb\":{\"@id\":\"https:\/\/radioportoseguro.com.br\/site\/2026\/02\/05\/jovem-da-periferia-louva-deus-ao-passar-em-1-lugar-em-medicina-na-usp-agradeco-a-ele\/#breadcrumb\"},\"inLanguage\":\"pt-BR\",\"potentialAction\":[{\"@type\":\"ReadAction\",\"target\":[\"https:\/\/radioportoseguro.com.br\/site\/2026\/02\/05\/jovem-da-periferia-louva-deus-ao-passar-em-1-lugar-em-medicina-na-usp-agradeco-a-ele\/\"]}]},{\"@type\":\"ImageObject\",\"inLanguage\":\"pt-BR\",\"@id\":\"https:\/\/radioportoseguro.com.br\/site\/2026\/02\/05\/jovem-da-periferia-louva-deus-ao-passar-em-1-lugar-em-medicina-na-usp-agradeco-a-ele\/#primaryimage\",\"url\":\"https:\/\/radioportoseguro.com.br\/site\/wp-content\/uploads\/2026\/02\/1839740823-wesley.jpeg\",\"contentUrl\":\"https:\/\/radioportoseguro.com.br\/site\/wp-content\/uploads\/2026\/02\/1839740823-wesley.jpeg\",\"width\":1200,\"height\":600},{\"@type\":\"BreadcrumbList\",\"@id\":\"https:\/\/radioportoseguro.com.br\/site\/2026\/02\/05\/jovem-da-periferia-louva-deus-ao-passar-em-1-lugar-em-medicina-na-usp-agradeco-a-ele\/#breadcrumb\",\"itemListElement\":[{\"@type\":\"ListItem\",\"position\":1,\"name\":\"In\u00edcio\",\"item\":\"https:\/\/radioportoseguro.com.br\/site\/\"},{\"@type\":\"ListItem\",\"position\":2,\"name\":\"Jovem da periferia louva Deus ao passar em 1\u00b0 lugar em Medicina na USP: \u201cAgrade\u00e7o a Ele\u201d\"}]},{\"@type\":\"WebSite\",\"@id\":\"https:\/\/radioportoseguro.com.br\/site\/#website\",\"url\":\"https:\/\/radioportoseguro.com.br\/site\/\",\"name\":\"R\u00e1dio Porto Seguro\",\"description\":\"\",\"potentialAction\":[{\"@type\":\"SearchAction\",\"target\":{\"@type\":\"EntryPoint\",\"urlTemplate\":\"https:\/\/radioportoseguro.com.br\/site\/?s={search_term_string}\"},\"query-input\":{\"@type\":\"PropertyValueSpecification\",\"valueRequired\":true,\"valueName\":\"search_term_string\"}}],\"inLanguage\":\"pt-BR\"},{\"@type\":\"Person\",\"@id\":\"https:\/\/radioportoseguro.com.br\/site\/#\/schema\/person\/7630acdc320186f13639d3c067ec089b\",\"name\":\"admin\",\"image\":{\"@type\":\"ImageObject\",\"inLanguage\":\"pt-BR\",\"@id\":\"https:\/\/radioportoseguro.com.br\/site\/#\/schema\/person\/image\/\",\"url\":\"https:\/\/secure.gravatar.com\/avatar\/caacf4dc1eedb68fab0df8e1ed46c448e578b2466351bbcb61e47d2ac0caaef0?s=96&d=mm&r=g\",\"contentUrl\":\"https:\/\/secure.gravatar.com\/avatar\/caacf4dc1eedb68fab0df8e1ed46c448e578b2466351bbcb61e47d2ac0caaef0?s=96&d=mm&r=g\",\"caption\":\"admin\"},\"sameAs\":[\"https:\/\/radioportoseguro.com.br\/site\"],\"url\":\"https:\/\/radioportoseguro.com.br\/site\/author\/hezio\/\"}]}<\/script>\n<!-- \/ Yoast SEO plugin. -->","yoast_head_json":{"title":"Jovem da periferia louva Deus ao passar em 1\u00b0 lugar em Medicina na USP: \u201cAgrade\u00e7o a Ele\u201d - R\u00e1dio Porto Seguro","robots":{"index":"index","follow":"follow","max-snippet":"max-snippet:-1","max-image-preview":"max-image-preview:large","max-video-preview":"max-video-preview:-1"},"canonical":"https:\/\/radioportoseguro.com.br\/site\/2026\/02\/05\/jovem-da-periferia-louva-deus-ao-passar-em-1-lugar-em-medicina-na-usp-agradeco-a-ele\/","og_locale":"pt_BR","og_type":"article","og_title":"Jovem da periferia louva Deus ao passar em 1\u00b0 lugar em Medicina na USP: \u201cAgrade\u00e7o a Ele\u201d - R\u00e1dio Porto Seguro","og_description":"Um jovem da periferia de Salvador (BA) deu gl\u00f3ria a Deus ap\u00f3s passar em 1\u00b0 lugar em Medicina na Universidade de S\u00e3o Paulo (USP), atrav\u00e9s do Exame Nacional do Ensino M\u00e9dio (Enem). Wesley de Jesus Batista, de 23 anos, conquistou a vaga dos sonhos em um dos cursos mais concorridos do pa\u00eds, estudando sozinho em [&hellip;]","og_url":"https:\/\/radioportoseguro.com.br\/site\/2026\/02\/05\/jovem-da-periferia-louva-deus-ao-passar-em-1-lugar-em-medicina-na-usp-agradeco-a-ele\/","og_site_name":"R\u00e1dio Porto Seguro","article_published_time":"2026-02-05T07:23:16+00:00","og_image":[{"url":"https:\/\/media.guiame.com.br\/archives\/2026\/02\/04\/1839740823-wesley.jpeg","type":"","width":"","height":""}],"author":"admin","twitter_card":"summary_large_image","twitter_misc":{"Escrito por":"admin","Est. tempo de leitura":"3 minutos"},"schema":{"@context":"https:\/\/schema.org","@graph":[{"@type":"Article","@id":"https:\/\/radioportoseguro.com.br\/site\/2026\/02\/05\/jovem-da-periferia-louva-deus-ao-passar-em-1-lugar-em-medicina-na-usp-agradeco-a-ele\/#article","isPartOf":{"@id":"https:\/\/radioportoseguro.com.br\/site\/2026\/02\/05\/jovem-da-periferia-louva-deus-ao-passar-em-1-lugar-em-medicina-na-usp-agradeco-a-ele\/"},"author":{"name":"admin","@id":"https:\/\/radioportoseguro.com.br\/site\/#\/schema\/person\/7630acdc320186f13639d3c067ec089b"},"headline":"Jovem da periferia louva Deus ao passar em 1\u00b0 lugar em Medicina na USP: \u201cAgrade\u00e7o a Ele\u201d","datePublished":"2026-02-05T07:23:16+00:00","mainEntityOfPage":{"@id":"https:\/\/radioportoseguro.com.br\/site\/2026\/02\/05\/jovem-da-periferia-louva-deus-ao-passar-em-1-lugar-em-medicina-na-usp-agradeco-a-ele\/"},"wordCount":640,"image":{"@id":"https:\/\/radioportoseguro.com.br\/site\/2026\/02\/05\/jovem-da-periferia-louva-deus-ao-passar-em-1-lugar-em-medicina-na-usp-agradeco-a-ele\/#primaryimage"},"thumbnailUrl":"https:\/\/radioportoseguro.com.br\/site\/wp-content\/uploads\/2026\/02\/1839740823-wesley.jpeg","articleSection":["Destaques"],"inLanguage":"pt-BR"},{"@type":"WebPage","@id":"https:\/\/radioportoseguro.com.br\/site\/2026\/02\/05\/jovem-da-periferia-louva-deus-ao-passar-em-1-lugar-em-medicina-na-usp-agradeco-a-ele\/","url":"https:\/\/radioportoseguro.com.br\/site\/2026\/02\/05\/jovem-da-periferia-louva-deus-ao-passar-em-1-lugar-em-medicina-na-usp-agradeco-a-ele\/","name":"Jovem da periferia louva Deus ao passar em 1\u00b0 lugar em Medicina na USP: \u201cAgrade\u00e7o a Ele\u201d - R\u00e1dio Porto Seguro","isPartOf":{"@id":"https:\/\/radioportoseguro.com.br\/site\/#website"},"primaryImageOfPage":{"@id":"https:\/\/radioportoseguro.com.br\/site\/2026\/02\/05\/jovem-da-periferia-louva-deus-ao-passar-em-1-lugar-em-medicina-na-usp-agradeco-a-ele\/#primaryimage"},"image":{"@id":"https:\/\/radioportoseguro.com.br\/site\/2026\/02\/05\/jovem-da-periferia-louva-deus-ao-passar-em-1-lugar-em-medicina-na-usp-agradeco-a-ele\/#primaryimage"},"thumbnailUrl":"https:\/\/radioportoseguro.com.br\/site\/wp-content\/uploads\/2026\/02\/1839740823-wesley.jpeg","datePublished":"2026-02-05T07:23:16+00:00","author":{"@id":"https:\/\/radioportoseguro.com.br\/site\/#\/schema\/person\/7630acdc320186f13639d3c067ec089b"},"breadcrumb":{"@id":"https:\/\/radioportoseguro.com.br\/site\/2026\/02\/05\/jovem-da-periferia-louva-deus-ao-passar-em-1-lugar-em-medicina-na-usp-agradeco-a-ele\/#breadcrumb"},"inLanguage":"pt-BR","potentialAction":[{"@type":"ReadAction","target":["https:\/\/radioportoseguro.com.br\/site\/2026\/02\/05\/jovem-da-periferia-louva-deus-ao-passar-em-1-lugar-em-medicina-na-usp-agradeco-a-ele\/"]}]},{"@type":"ImageObject","inLanguage":"pt-BR","@id":"https:\/\/radioportoseguro.com.br\/site\/2026\/02\/05\/jovem-da-periferia-louva-deus-ao-passar-em-1-lugar-em-medicina-na-usp-agradeco-a-ele\/#primaryimage","url":"https:\/\/radioportoseguro.com.br\/site\/wp-content\/uploads\/2026\/02\/1839740823-wesley.jpeg","contentUrl":"https:\/\/radioportoseguro.com.br\/site\/wp-content\/uploads\/2026\/02\/1839740823-wesley.jpeg","width":1200,"height":600},{"@type":"BreadcrumbList","@id":"https:\/\/radioportoseguro.com.br\/site\/2026\/02\/05\/jovem-da-periferia-louva-deus-ao-passar-em-1-lugar-em-medicina-na-usp-agradeco-a-ele\/#breadcrumb","itemListElement":[{"@type":"ListItem","position":1,"name":"In\u00edcio","item":"https:\/\/radioportoseguro.com.br\/site\/"},{"@type":"ListItem","position":2,"name":"Jovem da periferia louva Deus ao passar em 1\u00b0 lugar em Medicina na USP: \u201cAgrade\u00e7o a Ele\u201d"}]},{"@type":"WebSite","@id":"https:\/\/radioportoseguro.com.br\/site\/#website","url":"https:\/\/radioportoseguro.com.br\/site\/","name":"R\u00e1dio Porto Seguro","description":"","potentialAction":[{"@type":"SearchAction","target":{"@type":"EntryPoint","urlTemplate":"https:\/\/radioportoseguro.com.br\/site\/?s={search_term_string}"},"query-input":{"@type":"PropertyValueSpecification","valueRequired":true,"valueName":"search_term_string"}}],"inLanguage":"pt-BR"},{"@type":"Person","@id":"https:\/\/radioportoseguro.com.br\/site\/#\/schema\/person\/7630acdc320186f13639d3c067ec089b","name":"admin","image":{"@type":"ImageObject","inLanguage":"pt-BR","@id":"https:\/\/radioportoseguro.com.br\/site\/#\/schema\/person\/image\/","url":"https:\/\/secure.gravatar.com\/avatar\/caacf4dc1eedb68fab0df8e1ed46c448e578b2466351bbcb61e47d2ac0caaef0?s=96&d=mm&r=g","contentUrl":"https:\/\/secure.gravatar.com\/avatar\/caacf4dc1eedb68fab0df8e1ed46c448e578b2466351bbcb61e47d2ac0caaef0?s=96&d=mm&r=g","caption":"admin"},"sameAs":["https:\/\/radioportoseguro.com.br\/site"],"url":"https:\/\/radioportoseguro.com.br\/site\/author\/hezio\/"}]}},"_links":{"self":[{"href":"https:\/\/radioportoseguro.com.br\/site\/wp-json\/wp\/v2\/posts\/3762","targetHints":{"allow":["GET"]}}],"collection":[{"href":"https:\/\/radioportoseguro.com.br\/site\/wp-json\/wp\/v2\/posts"}],"about":[{"href":"https:\/\/radioportoseguro.com.br\/site\/wp-json\/wp\/v2\/types\/post"}],"author":[{"embeddable":true,"href":"https:\/\/radioportoseguro.com.br\/site\/wp-json\/wp\/v2\/users\/1"}],"replies":[{"embeddable":true,"href":"https:\/\/radioportoseguro.com.br\/site\/wp-json\/wp\/v2\/comments?post=3762"}],"version-history":[{"count":0,"href":"https:\/\/radioportoseguro.com.br\/site\/wp-json\/wp\/v2\/posts\/3762\/revisions"}],"wp:featuredmedia":[{"embeddable":true,"href":"https:\/\/radioportoseguro.com.br\/site\/wp-json\/wp\/v2\/media\/3763"}],"wp:attachment":[{"href":"https:\/\/radioportoseguro.com.br\/site\/wp-json\/wp\/v2\/media?parent=3762"}],"wp:term":[{"taxonomy":"category","embeddable":true,"href":"https:\/\/radioportoseguro.com.br\/site\/wp-json\/wp\/v2\/categories?post=3762"},{"taxonomy":"post_tag","embeddable":true,"href":"https:\/\/radioportoseguro.com.br\/site\/wp-json\/wp\/v2\/tags?post=3762"}],"curies":[{"name":"wp","href":"https:\/\/api.w.org\/{rel}","templated":true}]}}