{"id":3788,"date":"2026-02-05T21:04:35","date_gmt":"2026-02-06T00:04:35","guid":{"rendered":"https:\/\/radioportoseguro.com.br\/site\/2026\/02\/05\/jovem-e-evangelizado-por-seu-treinador-de-boxe-e-se-torna-missionario-deus-me-salvou\/"},"modified":"2026-02-05T21:04:35","modified_gmt":"2026-02-06T00:04:35","slug":"jovem-e-evangelizado-por-seu-treinador-de-boxe-e-se-torna-missionario-deus-me-salvou","status":"publish","type":"post","link":"https:\/\/radioportoseguro.com.br\/site\/2026\/02\/05\/jovem-e-evangelizado-por-seu-treinador-de-boxe-e-se-torna-missionario-deus-me-salvou\/","title":{"rendered":"Jovem \u00e9 evangelizado por seu treinador de boxe e se torna mission\u00e1rio: \u201cDeus me salvou\u201d"},"content":{"rendered":"<p><br \/>\n<\/p>\n<div>\n<p><span style=\"font-weight: 400;\">Helberth Conde nasceu em um bairro pobre de Bogot\u00e1, na <span style=\"color: #800000;\"><strong>Col\u00f4mbia<\/strong><\/span>. Ele cresceu vendo sua comunidade ser afetada pelo tr\u00e1fico de drogas e por problemas sociais.<\/span><\/p>\n<p><span style=\"font-weight: 400;\">\u201cAo longo dos anos, fiz amizade com algumas influ\u00eancias ruins e comecei a seguir um caminho ruim\u201d, contou ele, ao site da HeartCry Missionary Society.<\/span><\/p>\n<p><span style=\"font-weight: 400;\">Aos 14 anos de idade, Helberth entrou para uma escola de boxe e iniciou sua carreira no esporte. \u201cAbandonei completamente meus estudos. Na verdade, eu j\u00e1 estava muito atrasado na escola, j\u00e1 que na \u00e9poca s\u00f3 tinha avan\u00e7ado para a 6\u00aa s\u00e9rie\u201d, lembrou.<\/span><\/p>\n<p><strong>Figura paterna<\/strong><\/p>\n<p><span style=\"font-weight: 400;\">Sem pai e com a m\u00e3e ocupada cuidando de quatro filhos, o treinador \u2013 que era um boxeador famoso \u2013 virou uma figura paterna para o adolescente.<\/span><\/p>\n<p><span style=\"font-weight: 400;\">Com ajuda do professor, Helberth se desenvolveu no boxe e competiu em campeonatos importantes.<\/span><\/p>\n<p><span style=\"font-weight: 400;\">O treinador, que era crist\u00e3o, passou a evangelizar o jovem e o levou \u00e0 igreja. \u201cEle tamb\u00e9m se encontrava com um grupo de atletas nas montanhas todo s\u00e1bado de manh\u00e3 \u00e0s 7h. Eu gostava de acompanh\u00e1-lo nessas reuni\u00f5es principalmente porque queria passar tempo com ele, e n\u00e3o tanto porque me interessava pela Palavra de Deus\u201d, comentou Helberth.<\/span><\/p>\n<p><span style=\"font-weight: 400;\">Com 18 anos, ele decidiu ir \u00e0 igreja com mais frequ\u00eancia, mas ainda n\u00e3o havia tido um encontro pessoal com Jesus.<\/span><\/p>\n<p><span style=\"font-weight: 400;\">\u201cEu ainda n\u00e3o entendia o que o cristianismo realmente era. Continuei pecando contra Deus, mesmo sem fazer muitas das coisas que meus amigos boxeadores ou amigos do bairro faziam. Me abstive dessas coisas principalmente porque meu treinador me ensinou a ser uma pessoa \u00e9tica e, por admira\u00e7\u00e3o por ele, eu queria fazer o que era certo\u201d, disse.<\/span><\/p>\n<p><span style=\"font-weight: 400;\">At\u00e9 que, o pecado se tornou um fardo muito pesado para o jovem e ele come\u00e7ou a buscar liberdade em Deus.<\/span><\/p>\n<p><span style=\"font-weight: 400;\">\u201cN\u00e3o senti paz e a dor interna s\u00f3 aumentava. Meu pecado me consumiu. Vi a gravidade do meu pecado e entendi que ele foi cometido contra o pr\u00f3prio Deus. Comecei a ler a B\u00edblia e a ouvir serm\u00f5es no r\u00e1dio\u201d, relatou.\u00a0<\/span><\/p>\n<p style=\"text-align: center;\"><span style=\"font-weight: 400;\"><br \/><\/span><span style=\"color: #808080;\"><sup><span style=\"font-weight: 400;\">Helberth Conde e sua fam\u00edlia. (Foto: HeartCry Missionary Society).<\/span><\/sup><\/span><\/p>\n<p><strong>\u201cDeus me libertou da lepra do pecado\u201d<\/strong><\/p>\n<p><span style=\"font-weight: 400;\">Ap\u00f3s entender o plano de Salva\u00e7\u00e3o e a gra\u00e7a de Deus, Helberth se rendeu a Cristo aos 21 anos.\u00a0<\/span><\/p>\n<p><span style=\"font-weight: 400;\">\u201cMe apaixonei pela Palavra de Deus e vi que n\u00e3o havia outro caminho na vida que eu pudesse seguir al\u00e9m de seguir o Senhor. Quando Deus me salvou, Ele me libertou da lepra do meu pecado\u201d, testemunhou.<\/span><\/p>\n<p><span style=\"font-weight: 400;\">Desejando compartilhar o Evangelho com outras pessoas, Helberth abandonou sua carreira no boxe e dedicou sua vida ao trabalho mission\u00e1rio.<\/span><\/p>\n<p><span style=\"font-weight: 400;\">Hoje, junto com sua fam\u00edlia, ele serve como mission\u00e1rio da HeartCry Missionary Society \u2013 miss\u00e3o fundada pelo pastor Paul Washer \u2013 na Col\u00f4mbia.<\/span><\/p>\n<p><span style=\"font-weight: 400;\">\u201cMeu desejo era que outras pessoas soubessem que h\u00e1 liberdade do pecado por meio de Cristo. Deus colocou um fardo mission\u00e1rio no meu cora\u00e7\u00e3o\u201d, finalizou ele.<\/span><\/p>\n<\/div>\n<p><br \/>\n<br \/>Fonte: Guiame <\/p>\n","protected":false},"excerpt":{"rendered":"<p>Helberth Conde nasceu em um bairro pobre de Bogot\u00e1, na Col\u00f4mbia. Ele cresceu vendo sua comunidade ser afetada pelo tr\u00e1fico de drogas e por problemas sociais. \u201cAo longo dos anos, fiz amizade com algumas influ\u00eancias ruins e comecei a seguir um caminho ruim\u201d, contou ele, ao site da HeartCry Missionary Society. Aos 14 anos de [&hellip;]<\/p>\n","protected":false},"author":1,"featured_media":3789,"comment_status":"","ping_status":"open","sticky":false,"template":"","format":"standard","meta":{"footnotes":""},"categories":[43],"tags":[],"class_list":["post-3788","post","type-post","status-publish","format-standard","has-post-thumbnail","hentry","category-destaques"],"yoast_head":"<!-- This site is optimized with the Yoast SEO plugin v26.8 - https:\/\/yoast.com\/product\/yoast-seo-wordpress\/ -->\n<title>Jovem \u00e9 evangelizado por seu treinador de boxe e se torna mission\u00e1rio: \u201cDeus me salvou\u201d - R\u00e1dio Porto Seguro<\/title>\n<meta name=\"robots\" content=\"index, follow, max-snippet:-1, max-image-preview:large, max-video-preview:-1\" \/>\n<link rel=\"canonical\" href=\"https:\/\/radioportoseguro.com.br\/site\/2026\/02\/05\/jovem-e-evangelizado-por-seu-treinador-de-boxe-e-se-torna-missionario-deus-me-salvou\/\" \/>\n<meta property=\"og:locale\" content=\"pt_BR\" \/>\n<meta property=\"og:type\" content=\"article\" \/>\n<meta property=\"og:title\" content=\"Jovem \u00e9 evangelizado por seu treinador de boxe e se torna mission\u00e1rio: \u201cDeus me salvou\u201d - R\u00e1dio Porto Seguro\" \/>\n<meta property=\"og:description\" content=\"Helberth Conde nasceu em um bairro pobre de Bogot\u00e1, na Col\u00f4mbia. Ele cresceu vendo sua comunidade ser afetada pelo tr\u00e1fico de drogas e por problemas sociais. \u201cAo longo dos anos, fiz amizade com algumas influ\u00eancias ruins e comecei a seguir um caminho ruim\u201d, contou ele, ao site da HeartCry Missionary Society. Aos 14 anos de [&hellip;]\" \/>\n<meta property=\"og:url\" content=\"https:\/\/radioportoseguro.com.br\/site\/2026\/02\/05\/jovem-e-evangelizado-por-seu-treinador-de-boxe-e-se-torna-missionario-deus-me-salvou\/\" \/>\n<meta property=\"og:site_name\" content=\"R\u00e1dio Porto Seguro\" \/>\n<meta property=\"article:published_time\" content=\"2026-02-06T00:04:35+00:00\" \/>\n<meta property=\"og:image\" content=\"https:\/\/thumbor.guiame.com.br\/unsafe\/smart\/https:\/\/media.guiame.com.br\/archives\/2026\/02\/05\/2534397788-.jpg\" \/>\n<meta name=\"author\" content=\"admin\" \/>\n<meta name=\"twitter:card\" content=\"summary_large_image\" \/>\n<meta name=\"twitter:label1\" content=\"Escrito por\" \/>\n\t<meta name=\"twitter:data1\" content=\"admin\" \/>\n\t<meta name=\"twitter:label2\" content=\"Est. tempo de leitura\" \/>\n\t<meta name=\"twitter:data2\" content=\"3 minutos\" \/>\n<script type=\"application\/ld+json\" class=\"yoast-schema-graph\">{\"@context\":\"https:\/\/schema.org\",\"@graph\":[{\"@type\":\"Article\",\"@id\":\"https:\/\/radioportoseguro.com.br\/site\/2026\/02\/05\/jovem-e-evangelizado-por-seu-treinador-de-boxe-e-se-torna-missionario-deus-me-salvou\/#article\",\"isPartOf\":{\"@id\":\"https:\/\/radioportoseguro.com.br\/site\/2026\/02\/05\/jovem-e-evangelizado-por-seu-treinador-de-boxe-e-se-torna-missionario-deus-me-salvou\/\"},\"author\":{\"name\":\"admin\",\"@id\":\"https:\/\/radioportoseguro.com.br\/site\/#\/schema\/person\/7630acdc320186f13639d3c067ec089b\"},\"headline\":\"Jovem \u00e9 evangelizado por seu treinador de boxe e se torna mission\u00e1rio: \u201cDeus me salvou\u201d\",\"datePublished\":\"2026-02-06T00:04:35+00:00\",\"mainEntityOfPage\":{\"@id\":\"https:\/\/radioportoseguro.com.br\/site\/2026\/02\/05\/jovem-e-evangelizado-por-seu-treinador-de-boxe-e-se-torna-missionario-deus-me-salvou\/\"},\"wordCount\":519,\"image\":{\"@id\":\"https:\/\/radioportoseguro.com.br\/site\/2026\/02\/05\/jovem-e-evangelizado-por-seu-treinador-de-boxe-e-se-torna-missionario-deus-me-salvou\/#primaryimage\"},\"thumbnailUrl\":\"https:\/\/radioportoseguro.com.br\/site\/wp-content\/uploads\/2026\/02\/1018727549-helberth.jpeg\",\"articleSection\":[\"Destaques\"],\"inLanguage\":\"pt-BR\"},{\"@type\":\"WebPage\",\"@id\":\"https:\/\/radioportoseguro.com.br\/site\/2026\/02\/05\/jovem-e-evangelizado-por-seu-treinador-de-boxe-e-se-torna-missionario-deus-me-salvou\/\",\"url\":\"https:\/\/radioportoseguro.com.br\/site\/2026\/02\/05\/jovem-e-evangelizado-por-seu-treinador-de-boxe-e-se-torna-missionario-deus-me-salvou\/\",\"name\":\"Jovem \u00e9 evangelizado por seu treinador de boxe e se torna mission\u00e1rio: \u201cDeus me salvou\u201d - R\u00e1dio Porto Seguro\",\"isPartOf\":{\"@id\":\"https:\/\/radioportoseguro.com.br\/site\/#website\"},\"primaryImageOfPage\":{\"@id\":\"https:\/\/radioportoseguro.com.br\/site\/2026\/02\/05\/jovem-e-evangelizado-por-seu-treinador-de-boxe-e-se-torna-missionario-deus-me-salvou\/#primaryimage\"},\"image\":{\"@id\":\"https:\/\/radioportoseguro.com.br\/site\/2026\/02\/05\/jovem-e-evangelizado-por-seu-treinador-de-boxe-e-se-torna-missionario-deus-me-salvou\/#primaryimage\"},\"thumbnailUrl\":\"https:\/\/radioportoseguro.com.br\/site\/wp-content\/uploads\/2026\/02\/1018727549-helberth.jpeg\",\"datePublished\":\"2026-02-06T00:04:35+00:00\",\"author\":{\"@id\":\"https:\/\/radioportoseguro.com.br\/site\/#\/schema\/person\/7630acdc320186f13639d3c067ec089b\"},\"breadcrumb\":{\"@id\":\"https:\/\/radioportoseguro.com.br\/site\/2026\/02\/05\/jovem-e-evangelizado-por-seu-treinador-de-boxe-e-se-torna-missionario-deus-me-salvou\/#breadcrumb\"},\"inLanguage\":\"pt-BR\",\"potentialAction\":[{\"@type\":\"ReadAction\",\"target\":[\"https:\/\/radioportoseguro.com.br\/site\/2026\/02\/05\/jovem-e-evangelizado-por-seu-treinador-de-boxe-e-se-torna-missionario-deus-me-salvou\/\"]}]},{\"@type\":\"ImageObject\",\"inLanguage\":\"pt-BR\",\"@id\":\"https:\/\/radioportoseguro.com.br\/site\/2026\/02\/05\/jovem-e-evangelizado-por-seu-treinador-de-boxe-e-se-torna-missionario-deus-me-salvou\/#primaryimage\",\"url\":\"https:\/\/radioportoseguro.com.br\/site\/wp-content\/uploads\/2026\/02\/1018727549-helberth.jpeg\",\"contentUrl\":\"https:\/\/radioportoseguro.com.br\/site\/wp-content\/uploads\/2026\/02\/1018727549-helberth.jpeg\",\"width\":1200,\"height\":600},{\"@type\":\"BreadcrumbList\",\"@id\":\"https:\/\/radioportoseguro.com.br\/site\/2026\/02\/05\/jovem-e-evangelizado-por-seu-treinador-de-boxe-e-se-torna-missionario-deus-me-salvou\/#breadcrumb\",\"itemListElement\":[{\"@type\":\"ListItem\",\"position\":1,\"name\":\"In\u00edcio\",\"item\":\"https:\/\/radioportoseguro.com.br\/site\/\"},{\"@type\":\"ListItem\",\"position\":2,\"name\":\"Jovem \u00e9 evangelizado por seu treinador de boxe e se torna mission\u00e1rio: \u201cDeus me salvou\u201d\"}]},{\"@type\":\"WebSite\",\"@id\":\"https:\/\/radioportoseguro.com.br\/site\/#website\",\"url\":\"https:\/\/radioportoseguro.com.br\/site\/\",\"name\":\"R\u00e1dio Porto Seguro\",\"description\":\"\",\"potentialAction\":[{\"@type\":\"SearchAction\",\"target\":{\"@type\":\"EntryPoint\",\"urlTemplate\":\"https:\/\/radioportoseguro.com.br\/site\/?s={search_term_string}\"},\"query-input\":{\"@type\":\"PropertyValueSpecification\",\"valueRequired\":true,\"valueName\":\"search_term_string\"}}],\"inLanguage\":\"pt-BR\"},{\"@type\":\"Person\",\"@id\":\"https:\/\/radioportoseguro.com.br\/site\/#\/schema\/person\/7630acdc320186f13639d3c067ec089b\",\"name\":\"admin\",\"image\":{\"@type\":\"ImageObject\",\"inLanguage\":\"pt-BR\",\"@id\":\"https:\/\/radioportoseguro.com.br\/site\/#\/schema\/person\/image\/\",\"url\":\"https:\/\/secure.gravatar.com\/avatar\/caacf4dc1eedb68fab0df8e1ed46c448e578b2466351bbcb61e47d2ac0caaef0?s=96&d=mm&r=g\",\"contentUrl\":\"https:\/\/secure.gravatar.com\/avatar\/caacf4dc1eedb68fab0df8e1ed46c448e578b2466351bbcb61e47d2ac0caaef0?s=96&d=mm&r=g\",\"caption\":\"admin\"},\"sameAs\":[\"https:\/\/radioportoseguro.com.br\/site\"],\"url\":\"https:\/\/radioportoseguro.com.br\/site\/author\/hezio\/\"}]}<\/script>\n<!-- \/ Yoast SEO plugin. -->","yoast_head_json":{"title":"Jovem \u00e9 evangelizado por seu treinador de boxe e se torna mission\u00e1rio: \u201cDeus me salvou\u201d - R\u00e1dio Porto Seguro","robots":{"index":"index","follow":"follow","max-snippet":"max-snippet:-1","max-image-preview":"max-image-preview:large","max-video-preview":"max-video-preview:-1"},"canonical":"https:\/\/radioportoseguro.com.br\/site\/2026\/02\/05\/jovem-e-evangelizado-por-seu-treinador-de-boxe-e-se-torna-missionario-deus-me-salvou\/","og_locale":"pt_BR","og_type":"article","og_title":"Jovem \u00e9 evangelizado por seu treinador de boxe e se torna mission\u00e1rio: \u201cDeus me salvou\u201d - R\u00e1dio Porto Seguro","og_description":"Helberth Conde nasceu em um bairro pobre de Bogot\u00e1, na Col\u00f4mbia. Ele cresceu vendo sua comunidade ser afetada pelo tr\u00e1fico de drogas e por problemas sociais. \u201cAo longo dos anos, fiz amizade com algumas influ\u00eancias ruins e comecei a seguir um caminho ruim\u201d, contou ele, ao site da HeartCry Missionary Society. Aos 14 anos de [&hellip;]","og_url":"https:\/\/radioportoseguro.com.br\/site\/2026\/02\/05\/jovem-e-evangelizado-por-seu-treinador-de-boxe-e-se-torna-missionario-deus-me-salvou\/","og_site_name":"R\u00e1dio Porto Seguro","article_published_time":"2026-02-06T00:04:35+00:00","og_image":[{"url":"https:\/\/thumbor.guiame.com.br\/unsafe\/smart\/https:\/\/media.guiame.com.br\/archives\/2026\/02\/05\/2534397788-.jpg","type":"","width":"","height":""}],"author":"admin","twitter_card":"summary_large_image","twitter_misc":{"Escrito por":"admin","Est. tempo de leitura":"3 minutos"},"schema":{"@context":"https:\/\/schema.org","@graph":[{"@type":"Article","@id":"https:\/\/radioportoseguro.com.br\/site\/2026\/02\/05\/jovem-e-evangelizado-por-seu-treinador-de-boxe-e-se-torna-missionario-deus-me-salvou\/#article","isPartOf":{"@id":"https:\/\/radioportoseguro.com.br\/site\/2026\/02\/05\/jovem-e-evangelizado-por-seu-treinador-de-boxe-e-se-torna-missionario-deus-me-salvou\/"},"author":{"name":"admin","@id":"https:\/\/radioportoseguro.com.br\/site\/#\/schema\/person\/7630acdc320186f13639d3c067ec089b"},"headline":"Jovem \u00e9 evangelizado por seu treinador de boxe e se torna mission\u00e1rio: \u201cDeus me salvou\u201d","datePublished":"2026-02-06T00:04:35+00:00","mainEntityOfPage":{"@id":"https:\/\/radioportoseguro.com.br\/site\/2026\/02\/05\/jovem-e-evangelizado-por-seu-treinador-de-boxe-e-se-torna-missionario-deus-me-salvou\/"},"wordCount":519,"image":{"@id":"https:\/\/radioportoseguro.com.br\/site\/2026\/02\/05\/jovem-e-evangelizado-por-seu-treinador-de-boxe-e-se-torna-missionario-deus-me-salvou\/#primaryimage"},"thumbnailUrl":"https:\/\/radioportoseguro.com.br\/site\/wp-content\/uploads\/2026\/02\/1018727549-helberth.jpeg","articleSection":["Destaques"],"inLanguage":"pt-BR"},{"@type":"WebPage","@id":"https:\/\/radioportoseguro.com.br\/site\/2026\/02\/05\/jovem-e-evangelizado-por-seu-treinador-de-boxe-e-se-torna-missionario-deus-me-salvou\/","url":"https:\/\/radioportoseguro.com.br\/site\/2026\/02\/05\/jovem-e-evangelizado-por-seu-treinador-de-boxe-e-se-torna-missionario-deus-me-salvou\/","name":"Jovem \u00e9 evangelizado por seu treinador de boxe e se torna mission\u00e1rio: \u201cDeus me salvou\u201d - R\u00e1dio Porto Seguro","isPartOf":{"@id":"https:\/\/radioportoseguro.com.br\/site\/#website"},"primaryImageOfPage":{"@id":"https:\/\/radioportoseguro.com.br\/site\/2026\/02\/05\/jovem-e-evangelizado-por-seu-treinador-de-boxe-e-se-torna-missionario-deus-me-salvou\/#primaryimage"},"image":{"@id":"https:\/\/radioportoseguro.com.br\/site\/2026\/02\/05\/jovem-e-evangelizado-por-seu-treinador-de-boxe-e-se-torna-missionario-deus-me-salvou\/#primaryimage"},"thumbnailUrl":"https:\/\/radioportoseguro.com.br\/site\/wp-content\/uploads\/2026\/02\/1018727549-helberth.jpeg","datePublished":"2026-02-06T00:04:35+00:00","author":{"@id":"https:\/\/radioportoseguro.com.br\/site\/#\/schema\/person\/7630acdc320186f13639d3c067ec089b"},"breadcrumb":{"@id":"https:\/\/radioportoseguro.com.br\/site\/2026\/02\/05\/jovem-e-evangelizado-por-seu-treinador-de-boxe-e-se-torna-missionario-deus-me-salvou\/#breadcrumb"},"inLanguage":"pt-BR","potentialAction":[{"@type":"ReadAction","target":["https:\/\/radioportoseguro.com.br\/site\/2026\/02\/05\/jovem-e-evangelizado-por-seu-treinador-de-boxe-e-se-torna-missionario-deus-me-salvou\/"]}]},{"@type":"ImageObject","inLanguage":"pt-BR","@id":"https:\/\/radioportoseguro.com.br\/site\/2026\/02\/05\/jovem-e-evangelizado-por-seu-treinador-de-boxe-e-se-torna-missionario-deus-me-salvou\/#primaryimage","url":"https:\/\/radioportoseguro.com.br\/site\/wp-content\/uploads\/2026\/02\/1018727549-helberth.jpeg","contentUrl":"https:\/\/radioportoseguro.com.br\/site\/wp-content\/uploads\/2026\/02\/1018727549-helberth.jpeg","width":1200,"height":600},{"@type":"BreadcrumbList","@id":"https:\/\/radioportoseguro.com.br\/site\/2026\/02\/05\/jovem-e-evangelizado-por-seu-treinador-de-boxe-e-se-torna-missionario-deus-me-salvou\/#breadcrumb","itemListElement":[{"@type":"ListItem","position":1,"name":"In\u00edcio","item":"https:\/\/radioportoseguro.com.br\/site\/"},{"@type":"ListItem","position":2,"name":"Jovem \u00e9 evangelizado por seu treinador de boxe e se torna mission\u00e1rio: \u201cDeus me salvou\u201d"}]},{"@type":"WebSite","@id":"https:\/\/radioportoseguro.com.br\/site\/#website","url":"https:\/\/radioportoseguro.com.br\/site\/","name":"R\u00e1dio Porto Seguro","description":"","potentialAction":[{"@type":"SearchAction","target":{"@type":"EntryPoint","urlTemplate":"https:\/\/radioportoseguro.com.br\/site\/?s={search_term_string}"},"query-input":{"@type":"PropertyValueSpecification","valueRequired":true,"valueName":"search_term_string"}}],"inLanguage":"pt-BR"},{"@type":"Person","@id":"https:\/\/radioportoseguro.com.br\/site\/#\/schema\/person\/7630acdc320186f13639d3c067ec089b","name":"admin","image":{"@type":"ImageObject","inLanguage":"pt-BR","@id":"https:\/\/radioportoseguro.com.br\/site\/#\/schema\/person\/image\/","url":"https:\/\/secure.gravatar.com\/avatar\/caacf4dc1eedb68fab0df8e1ed46c448e578b2466351bbcb61e47d2ac0caaef0?s=96&d=mm&r=g","contentUrl":"https:\/\/secure.gravatar.com\/avatar\/caacf4dc1eedb68fab0df8e1ed46c448e578b2466351bbcb61e47d2ac0caaef0?s=96&d=mm&r=g","caption":"admin"},"sameAs":["https:\/\/radioportoseguro.com.br\/site"],"url":"https:\/\/radioportoseguro.com.br\/site\/author\/hezio\/"}]}},"_links":{"self":[{"href":"https:\/\/radioportoseguro.com.br\/site\/wp-json\/wp\/v2\/posts\/3788","targetHints":{"allow":["GET"]}}],"collection":[{"href":"https:\/\/radioportoseguro.com.br\/site\/wp-json\/wp\/v2\/posts"}],"about":[{"href":"https:\/\/radioportoseguro.com.br\/site\/wp-json\/wp\/v2\/types\/post"}],"author":[{"embeddable":true,"href":"https:\/\/radioportoseguro.com.br\/site\/wp-json\/wp\/v2\/users\/1"}],"replies":[{"embeddable":true,"href":"https:\/\/radioportoseguro.com.br\/site\/wp-json\/wp\/v2\/comments?post=3788"}],"version-history":[{"count":0,"href":"https:\/\/radioportoseguro.com.br\/site\/wp-json\/wp\/v2\/posts\/3788\/revisions"}],"wp:featuredmedia":[{"embeddable":true,"href":"https:\/\/radioportoseguro.com.br\/site\/wp-json\/wp\/v2\/media\/3789"}],"wp:attachment":[{"href":"https:\/\/radioportoseguro.com.br\/site\/wp-json\/wp\/v2\/media?parent=3788"}],"wp:term":[{"taxonomy":"category","embeddable":true,"href":"https:\/\/radioportoseguro.com.br\/site\/wp-json\/wp\/v2\/categories?post=3788"},{"taxonomy":"post_tag","embeddable":true,"href":"https:\/\/radioportoseguro.com.br\/site\/wp-json\/wp\/v2\/tags?post=3788"}],"curies":[{"name":"wp","href":"https:\/\/api.w.org\/{rel}","templated":true}]}}