{"id":3807,"date":"2026-02-06T01:07:56","date_gmt":"2026-02-06T04:07:56","guid":{"rendered":"https:\/\/radioportoseguro.com.br\/site\/2026\/02\/06\/igreja-de-missao-de-paul-washer-e-vandalizada-por-ativistas-lgbt-na-colombia\/"},"modified":"2026-02-06T01:07:56","modified_gmt":"2026-02-06T04:07:56","slug":"igreja-de-missao-de-paul-washer-e-vandalizada-por-ativistas-lgbt-na-colombia","status":"publish","type":"post","link":"https:\/\/radioportoseguro.com.br\/site\/2026\/02\/06\/igreja-de-missao-de-paul-washer-e-vandalizada-por-ativistas-lgbt-na-colombia\/","title":{"rendered":"Igreja de miss\u00e3o de Paul Washer \u00e9 vandalizada por ativistas LGBT na Col\u00f4mbia"},"content":{"rendered":"<p><br \/>\n<br \/><\/p>\n<div>\n<p><span style=\"font-weight: 400;\">Uma igreja da miss\u00e3o do pastor <\/span><span style=\"color: #800000;\"><strong>Paul Washer<\/strong><\/span><span style=\"font-weight: 400;\"> foi vandalizada por ativistas do movimento LGBT, em Bogot\u00e1, capital da <\/span><span style=\"color: #800000;\"><strong>Col\u00f4mbia<\/strong><\/span><span style=\"font-weight: 400;\">.<\/span><\/p>\n<p><span style=\"font-weight: 400;\">A congrega\u00e7\u00e3o, plantada pela HeartCry Missionary Society, foi alvo de um grupo de jovens no dia 24 de janeiro.<\/span><\/p>\n<p><span style=\"font-weight: 400;\">Os v\u00e2ndalos fizeram picha\u00e7\u00f5es e fixaram faixas com mensagens amea\u00e7adoras no exterior do templo, conforme o mission\u00e1rio Helberth Conde, respons\u00e1vel pela igreja.<\/span><\/p>\n<p><span style=\"font-weight: 400;\">\u201cComo igreja, respondemos em ora\u00e7\u00e3o. Oramos ao Senhor por esses jovens, para que eles possam conhecer a Cristo e o poder transformador do seu Evangelho\u201d, relatou Helberth, em publica\u00e7\u00e3o compartilhada pela HeartCry no Instagram.<\/span><\/p>\n<p><span style=\"font-weight: 400;\">\u201cAo mesmo tempo, nos regozijamos em saber que nossa igreja, nesta regi\u00e3o, est\u00e1 testemunhando fielmente a verdade b\u00edblica, a ponto de a mensagem do Evangelho n\u00e3o passar despercebida. Pedimos suas ora\u00e7\u00f5es e somos sempre gratos pela sua comunh\u00e3o\u201d, acrescentou.<\/span><\/p>\n<p><span style=\"font-weight: 400;\">A HeartCry Missionary Society pediu ora\u00e7\u00e3o pelo mission\u00e1rio e sua igreja enquanto enfrentam a intoler\u00e2ncia religiosa.<\/span><\/p>\n<p><span style=\"font-weight: 400;\">\u201cPor favor, orem pelo mission\u00e1rio Helberth Conde, na Col\u00f4mbia, e pela congrega\u00e7\u00e3o\u201d, afirmou.<\/span><\/p>\n<blockquote class=\"instagram-media\" style=\"background: #FFF; border: 0; border-radius: 3px; box-shadow: 0 0 1px 0 rgba(0,0,0,0.5),0 1px 10px 0 rgba(0,0,0,0.15); margin: 1px; max-width: 540px; min-width: 326px; padding: 0; width: calc(100% - 2px);\" data-instgrm-captioned=\"\" data-instgrm-permalink=\"https:\/\/www.instagram.com\/p\/DUWTxGVj3Kx\/?utm_source=ig_embed&amp;utm_campaign=loading\" data-instgrm-version=\"14\"><p>&#13;<br \/>\n&#13;\n<\/p><\/blockquote>\n<p><strong>Miss\u00e3o na Col\u00f4mbia<\/strong><\/p>\n<p><span style=\"font-weight: 400;\">A miss\u00e3o fundada pelo pastor Paul Washer mant\u00e9m dez mission\u00e1rios na Col\u00f4mbia, que ocupa a 47<\/span><span style=\"font-weight: 400;\">\u00aa<\/span><span style=\"font-weight: 400;\"> posi\u00e7\u00e3o na Lista Mundial da Persegui\u00e7\u00e3o 2026 da Miss\u00e3o Portas Abertas.<\/span><\/p>\n<p><span style=\"font-weight: 400;\">\u201cA na\u00e7\u00e3o ainda \u00e9 a maior produtora mundial de coca\u00edna e uma grande fonte de hero\u00edna e maconha. Como resultado do tr\u00e1fico de drogas e do conflito interno, quase 7,6 milh\u00f5es de pessoas foram deslocadas nas \u00faltimas d\u00e9cadas\u201d, explicou a HeartCry em seu site.<\/span><\/p>\n<p><span style=\"font-weight: 400;\">E testemunhou: \u201cApesar desses desafios, a Igreja est\u00e1 sendo fortalecida e expandida. Deus levantou v\u00e1rios semin\u00e1rios b\u00edblicos saud\u00e1veis que est\u00e3o auxiliando igrejas locais no processo de capacitar pastores qualificados. Igrejas locais est\u00e3o sendo plantadas e reformadas em muitas cidades e vilarejos pelo pa\u00eds\u201d.<\/span><\/p>\n<\/div>\n<p><script async src=\"\/\/www.instagram.com\/embed.js\"><\/script><br \/>\n<br \/><br \/>\n<br \/>Fonte: Guiame <\/p>\n","protected":false},"excerpt":{"rendered":"<p>Uma igreja da miss\u00e3o do pastor Paul Washer foi vandalizada por ativistas do movimento LGBT, em Bogot\u00e1, capital da Col\u00f4mbia. A congrega\u00e7\u00e3o, plantada pela HeartCry Missionary Society, foi alvo de um grupo de jovens no dia 24 de janeiro. Os v\u00e2ndalos fizeram picha\u00e7\u00f5es e fixaram faixas com mensagens amea\u00e7adoras no exterior do templo, conforme o [&hellip;]<\/p>\n","protected":false},"author":1,"featured_media":3808,"comment_status":"","ping_status":"open","sticky":false,"template":"","format":"standard","meta":{"footnotes":""},"categories":[43],"tags":[],"class_list":["post-3807","post","type-post","status-publish","format-standard","has-post-thumbnail","hentry","category-destaques"],"yoast_head":"<!-- This site is optimized with the Yoast SEO plugin v26.8 - https:\/\/yoast.com\/product\/yoast-seo-wordpress\/ -->\n<title>Igreja de miss\u00e3o de Paul Washer \u00e9 vandalizada por ativistas LGBT na Col\u00f4mbia - R\u00e1dio Porto Seguro<\/title>\n<meta name=\"robots\" content=\"index, follow, max-snippet:-1, max-image-preview:large, max-video-preview:-1\" \/>\n<link rel=\"canonical\" href=\"https:\/\/radioportoseguro.com.br\/site\/2026\/02\/06\/igreja-de-missao-de-paul-washer-e-vandalizada-por-ativistas-lgbt-na-colombia\/\" \/>\n<meta property=\"og:locale\" content=\"pt_BR\" \/>\n<meta property=\"og:type\" content=\"article\" \/>\n<meta property=\"og:title\" content=\"Igreja de miss\u00e3o de Paul Washer \u00e9 vandalizada por ativistas LGBT na Col\u00f4mbia - R\u00e1dio Porto Seguro\" \/>\n<meta property=\"og:description\" content=\"Uma igreja da miss\u00e3o do pastor Paul Washer foi vandalizada por ativistas do movimento LGBT, em Bogot\u00e1, capital da Col\u00f4mbia. A congrega\u00e7\u00e3o, plantada pela HeartCry Missionary Society, foi alvo de um grupo de jovens no dia 24 de janeiro. Os v\u00e2ndalos fizeram picha\u00e7\u00f5es e fixaram faixas com mensagens amea\u00e7adoras no exterior do templo, conforme o [&hellip;]\" \/>\n<meta property=\"og:url\" content=\"https:\/\/radioportoseguro.com.br\/site\/2026\/02\/06\/igreja-de-missao-de-paul-washer-e-vandalizada-por-ativistas-lgbt-na-colombia\/\" \/>\n<meta property=\"og:site_name\" content=\"R\u00e1dio Porto Seguro\" \/>\n<meta property=\"article:published_time\" content=\"2026-02-06T04:07:56+00:00\" \/>\n<meta property=\"og:image\" content=\"https:\/\/media.guiame.com.br\/archives\/2026\/02\/05\/2344779069-colombia.jpeg\" \/>\n<meta name=\"author\" content=\"admin\" \/>\n<meta name=\"twitter:card\" content=\"summary_large_image\" \/>\n<meta name=\"twitter:label1\" content=\"Escrito por\" \/>\n\t<meta name=\"twitter:data1\" content=\"admin\" \/>\n\t<meta name=\"twitter:label2\" content=\"Est. tempo de leitura\" \/>\n\t<meta name=\"twitter:data2\" content=\"2 minutos\" \/>\n<script type=\"application\/ld+json\" class=\"yoast-schema-graph\">{\"@context\":\"https:\/\/schema.org\",\"@graph\":[{\"@type\":\"Article\",\"@id\":\"https:\/\/radioportoseguro.com.br\/site\/2026\/02\/06\/igreja-de-missao-de-paul-washer-e-vandalizada-por-ativistas-lgbt-na-colombia\/#article\",\"isPartOf\":{\"@id\":\"https:\/\/radioportoseguro.com.br\/site\/2026\/02\/06\/igreja-de-missao-de-paul-washer-e-vandalizada-por-ativistas-lgbt-na-colombia\/\"},\"author\":{\"name\":\"admin\",\"@id\":\"https:\/\/radioportoseguro.com.br\/site\/#\/schema\/person\/7630acdc320186f13639d3c067ec089b\"},\"headline\":\"Igreja de miss\u00e3o de Paul Washer \u00e9 vandalizada por ativistas LGBT na Col\u00f4mbia\",\"datePublished\":\"2026-02-06T04:07:56+00:00\",\"mainEntityOfPage\":{\"@id\":\"https:\/\/radioportoseguro.com.br\/site\/2026\/02\/06\/igreja-de-missao-de-paul-washer-e-vandalizada-por-ativistas-lgbt-na-colombia\/\"},\"wordCount\":336,\"image\":{\"@id\":\"https:\/\/radioportoseguro.com.br\/site\/2026\/02\/06\/igreja-de-missao-de-paul-washer-e-vandalizada-por-ativistas-lgbt-na-colombia\/#primaryimage\"},\"thumbnailUrl\":\"https:\/\/radioportoseguro.com.br\/site\/wp-content\/uploads\/2026\/02\/2344779069-colombia.jpeg\",\"articleSection\":[\"Destaques\"],\"inLanguage\":\"pt-BR\"},{\"@type\":\"WebPage\",\"@id\":\"https:\/\/radioportoseguro.com.br\/site\/2026\/02\/06\/igreja-de-missao-de-paul-washer-e-vandalizada-por-ativistas-lgbt-na-colombia\/\",\"url\":\"https:\/\/radioportoseguro.com.br\/site\/2026\/02\/06\/igreja-de-missao-de-paul-washer-e-vandalizada-por-ativistas-lgbt-na-colombia\/\",\"name\":\"Igreja de miss\u00e3o de Paul Washer \u00e9 vandalizada por ativistas LGBT na Col\u00f4mbia - R\u00e1dio Porto Seguro\",\"isPartOf\":{\"@id\":\"https:\/\/radioportoseguro.com.br\/site\/#website\"},\"primaryImageOfPage\":{\"@id\":\"https:\/\/radioportoseguro.com.br\/site\/2026\/02\/06\/igreja-de-missao-de-paul-washer-e-vandalizada-por-ativistas-lgbt-na-colombia\/#primaryimage\"},\"image\":{\"@id\":\"https:\/\/radioportoseguro.com.br\/site\/2026\/02\/06\/igreja-de-missao-de-paul-washer-e-vandalizada-por-ativistas-lgbt-na-colombia\/#primaryimage\"},\"thumbnailUrl\":\"https:\/\/radioportoseguro.com.br\/site\/wp-content\/uploads\/2026\/02\/2344779069-colombia.jpeg\",\"datePublished\":\"2026-02-06T04:07:56+00:00\",\"author\":{\"@id\":\"https:\/\/radioportoseguro.com.br\/site\/#\/schema\/person\/7630acdc320186f13639d3c067ec089b\"},\"breadcrumb\":{\"@id\":\"https:\/\/radioportoseguro.com.br\/site\/2026\/02\/06\/igreja-de-missao-de-paul-washer-e-vandalizada-por-ativistas-lgbt-na-colombia\/#breadcrumb\"},\"inLanguage\":\"pt-BR\",\"potentialAction\":[{\"@type\":\"ReadAction\",\"target\":[\"https:\/\/radioportoseguro.com.br\/site\/2026\/02\/06\/igreja-de-missao-de-paul-washer-e-vandalizada-por-ativistas-lgbt-na-colombia\/\"]}]},{\"@type\":\"ImageObject\",\"inLanguage\":\"pt-BR\",\"@id\":\"https:\/\/radioportoseguro.com.br\/site\/2026\/02\/06\/igreja-de-missao-de-paul-washer-e-vandalizada-por-ativistas-lgbt-na-colombia\/#primaryimage\",\"url\":\"https:\/\/radioportoseguro.com.br\/site\/wp-content\/uploads\/2026\/02\/2344779069-colombia.jpeg\",\"contentUrl\":\"https:\/\/radioportoseguro.com.br\/site\/wp-content\/uploads\/2026\/02\/2344779069-colombia.jpeg\",\"width\":1200,\"height\":600},{\"@type\":\"BreadcrumbList\",\"@id\":\"https:\/\/radioportoseguro.com.br\/site\/2026\/02\/06\/igreja-de-missao-de-paul-washer-e-vandalizada-por-ativistas-lgbt-na-colombia\/#breadcrumb\",\"itemListElement\":[{\"@type\":\"ListItem\",\"position\":1,\"name\":\"In\u00edcio\",\"item\":\"https:\/\/radioportoseguro.com.br\/site\/\"},{\"@type\":\"ListItem\",\"position\":2,\"name\":\"Igreja de miss\u00e3o de Paul Washer \u00e9 vandalizada por ativistas LGBT na Col\u00f4mbia\"}]},{\"@type\":\"WebSite\",\"@id\":\"https:\/\/radioportoseguro.com.br\/site\/#website\",\"url\":\"https:\/\/radioportoseguro.com.br\/site\/\",\"name\":\"R\u00e1dio Porto Seguro\",\"description\":\"\",\"potentialAction\":[{\"@type\":\"SearchAction\",\"target\":{\"@type\":\"EntryPoint\",\"urlTemplate\":\"https:\/\/radioportoseguro.com.br\/site\/?s={search_term_string}\"},\"query-input\":{\"@type\":\"PropertyValueSpecification\",\"valueRequired\":true,\"valueName\":\"search_term_string\"}}],\"inLanguage\":\"pt-BR\"},{\"@type\":\"Person\",\"@id\":\"https:\/\/radioportoseguro.com.br\/site\/#\/schema\/person\/7630acdc320186f13639d3c067ec089b\",\"name\":\"admin\",\"image\":{\"@type\":\"ImageObject\",\"inLanguage\":\"pt-BR\",\"@id\":\"https:\/\/radioportoseguro.com.br\/site\/#\/schema\/person\/image\/\",\"url\":\"https:\/\/secure.gravatar.com\/avatar\/caacf4dc1eedb68fab0df8e1ed46c448e578b2466351bbcb61e47d2ac0caaef0?s=96&d=mm&r=g\",\"contentUrl\":\"https:\/\/secure.gravatar.com\/avatar\/caacf4dc1eedb68fab0df8e1ed46c448e578b2466351bbcb61e47d2ac0caaef0?s=96&d=mm&r=g\",\"caption\":\"admin\"},\"sameAs\":[\"https:\/\/radioportoseguro.com.br\/site\"],\"url\":\"https:\/\/radioportoseguro.com.br\/site\/author\/hezio\/\"}]}<\/script>\n<!-- \/ Yoast SEO plugin. -->","yoast_head_json":{"title":"Igreja de miss\u00e3o de Paul Washer \u00e9 vandalizada por ativistas LGBT na Col\u00f4mbia - R\u00e1dio Porto Seguro","robots":{"index":"index","follow":"follow","max-snippet":"max-snippet:-1","max-image-preview":"max-image-preview:large","max-video-preview":"max-video-preview:-1"},"canonical":"https:\/\/radioportoseguro.com.br\/site\/2026\/02\/06\/igreja-de-missao-de-paul-washer-e-vandalizada-por-ativistas-lgbt-na-colombia\/","og_locale":"pt_BR","og_type":"article","og_title":"Igreja de miss\u00e3o de Paul Washer \u00e9 vandalizada por ativistas LGBT na Col\u00f4mbia - R\u00e1dio Porto Seguro","og_description":"Uma igreja da miss\u00e3o do pastor Paul Washer foi vandalizada por ativistas do movimento LGBT, em Bogot\u00e1, capital da Col\u00f4mbia. A congrega\u00e7\u00e3o, plantada pela HeartCry Missionary Society, foi alvo de um grupo de jovens no dia 24 de janeiro. Os v\u00e2ndalos fizeram picha\u00e7\u00f5es e fixaram faixas com mensagens amea\u00e7adoras no exterior do templo, conforme o [&hellip;]","og_url":"https:\/\/radioportoseguro.com.br\/site\/2026\/02\/06\/igreja-de-missao-de-paul-washer-e-vandalizada-por-ativistas-lgbt-na-colombia\/","og_site_name":"R\u00e1dio Porto Seguro","article_published_time":"2026-02-06T04:07:56+00:00","og_image":[{"url":"https:\/\/media.guiame.com.br\/archives\/2026\/02\/05\/2344779069-colombia.jpeg","type":"","width":"","height":""}],"author":"admin","twitter_card":"summary_large_image","twitter_misc":{"Escrito por":"admin","Est. tempo de leitura":"2 minutos"},"schema":{"@context":"https:\/\/schema.org","@graph":[{"@type":"Article","@id":"https:\/\/radioportoseguro.com.br\/site\/2026\/02\/06\/igreja-de-missao-de-paul-washer-e-vandalizada-por-ativistas-lgbt-na-colombia\/#article","isPartOf":{"@id":"https:\/\/radioportoseguro.com.br\/site\/2026\/02\/06\/igreja-de-missao-de-paul-washer-e-vandalizada-por-ativistas-lgbt-na-colombia\/"},"author":{"name":"admin","@id":"https:\/\/radioportoseguro.com.br\/site\/#\/schema\/person\/7630acdc320186f13639d3c067ec089b"},"headline":"Igreja de miss\u00e3o de Paul Washer \u00e9 vandalizada por ativistas LGBT na Col\u00f4mbia","datePublished":"2026-02-06T04:07:56+00:00","mainEntityOfPage":{"@id":"https:\/\/radioportoseguro.com.br\/site\/2026\/02\/06\/igreja-de-missao-de-paul-washer-e-vandalizada-por-ativistas-lgbt-na-colombia\/"},"wordCount":336,"image":{"@id":"https:\/\/radioportoseguro.com.br\/site\/2026\/02\/06\/igreja-de-missao-de-paul-washer-e-vandalizada-por-ativistas-lgbt-na-colombia\/#primaryimage"},"thumbnailUrl":"https:\/\/radioportoseguro.com.br\/site\/wp-content\/uploads\/2026\/02\/2344779069-colombia.jpeg","articleSection":["Destaques"],"inLanguage":"pt-BR"},{"@type":"WebPage","@id":"https:\/\/radioportoseguro.com.br\/site\/2026\/02\/06\/igreja-de-missao-de-paul-washer-e-vandalizada-por-ativistas-lgbt-na-colombia\/","url":"https:\/\/radioportoseguro.com.br\/site\/2026\/02\/06\/igreja-de-missao-de-paul-washer-e-vandalizada-por-ativistas-lgbt-na-colombia\/","name":"Igreja de miss\u00e3o de Paul Washer \u00e9 vandalizada por ativistas LGBT na Col\u00f4mbia - R\u00e1dio Porto Seguro","isPartOf":{"@id":"https:\/\/radioportoseguro.com.br\/site\/#website"},"primaryImageOfPage":{"@id":"https:\/\/radioportoseguro.com.br\/site\/2026\/02\/06\/igreja-de-missao-de-paul-washer-e-vandalizada-por-ativistas-lgbt-na-colombia\/#primaryimage"},"image":{"@id":"https:\/\/radioportoseguro.com.br\/site\/2026\/02\/06\/igreja-de-missao-de-paul-washer-e-vandalizada-por-ativistas-lgbt-na-colombia\/#primaryimage"},"thumbnailUrl":"https:\/\/radioportoseguro.com.br\/site\/wp-content\/uploads\/2026\/02\/2344779069-colombia.jpeg","datePublished":"2026-02-06T04:07:56+00:00","author":{"@id":"https:\/\/radioportoseguro.com.br\/site\/#\/schema\/person\/7630acdc320186f13639d3c067ec089b"},"breadcrumb":{"@id":"https:\/\/radioportoseguro.com.br\/site\/2026\/02\/06\/igreja-de-missao-de-paul-washer-e-vandalizada-por-ativistas-lgbt-na-colombia\/#breadcrumb"},"inLanguage":"pt-BR","potentialAction":[{"@type":"ReadAction","target":["https:\/\/radioportoseguro.com.br\/site\/2026\/02\/06\/igreja-de-missao-de-paul-washer-e-vandalizada-por-ativistas-lgbt-na-colombia\/"]}]},{"@type":"ImageObject","inLanguage":"pt-BR","@id":"https:\/\/radioportoseguro.com.br\/site\/2026\/02\/06\/igreja-de-missao-de-paul-washer-e-vandalizada-por-ativistas-lgbt-na-colombia\/#primaryimage","url":"https:\/\/radioportoseguro.com.br\/site\/wp-content\/uploads\/2026\/02\/2344779069-colombia.jpeg","contentUrl":"https:\/\/radioportoseguro.com.br\/site\/wp-content\/uploads\/2026\/02\/2344779069-colombia.jpeg","width":1200,"height":600},{"@type":"BreadcrumbList","@id":"https:\/\/radioportoseguro.com.br\/site\/2026\/02\/06\/igreja-de-missao-de-paul-washer-e-vandalizada-por-ativistas-lgbt-na-colombia\/#breadcrumb","itemListElement":[{"@type":"ListItem","position":1,"name":"In\u00edcio","item":"https:\/\/radioportoseguro.com.br\/site\/"},{"@type":"ListItem","position":2,"name":"Igreja de miss\u00e3o de Paul Washer \u00e9 vandalizada por ativistas LGBT na Col\u00f4mbia"}]},{"@type":"WebSite","@id":"https:\/\/radioportoseguro.com.br\/site\/#website","url":"https:\/\/radioportoseguro.com.br\/site\/","name":"R\u00e1dio Porto Seguro","description":"","potentialAction":[{"@type":"SearchAction","target":{"@type":"EntryPoint","urlTemplate":"https:\/\/radioportoseguro.com.br\/site\/?s={search_term_string}"},"query-input":{"@type":"PropertyValueSpecification","valueRequired":true,"valueName":"search_term_string"}}],"inLanguage":"pt-BR"},{"@type":"Person","@id":"https:\/\/radioportoseguro.com.br\/site\/#\/schema\/person\/7630acdc320186f13639d3c067ec089b","name":"admin","image":{"@type":"ImageObject","inLanguage":"pt-BR","@id":"https:\/\/radioportoseguro.com.br\/site\/#\/schema\/person\/image\/","url":"https:\/\/secure.gravatar.com\/avatar\/caacf4dc1eedb68fab0df8e1ed46c448e578b2466351bbcb61e47d2ac0caaef0?s=96&d=mm&r=g","contentUrl":"https:\/\/secure.gravatar.com\/avatar\/caacf4dc1eedb68fab0df8e1ed46c448e578b2466351bbcb61e47d2ac0caaef0?s=96&d=mm&r=g","caption":"admin"},"sameAs":["https:\/\/radioportoseguro.com.br\/site"],"url":"https:\/\/radioportoseguro.com.br\/site\/author\/hezio\/"}]}},"_links":{"self":[{"href":"https:\/\/radioportoseguro.com.br\/site\/wp-json\/wp\/v2\/posts\/3807","targetHints":{"allow":["GET"]}}],"collection":[{"href":"https:\/\/radioportoseguro.com.br\/site\/wp-json\/wp\/v2\/posts"}],"about":[{"href":"https:\/\/radioportoseguro.com.br\/site\/wp-json\/wp\/v2\/types\/post"}],"author":[{"embeddable":true,"href":"https:\/\/radioportoseguro.com.br\/site\/wp-json\/wp\/v2\/users\/1"}],"replies":[{"embeddable":true,"href":"https:\/\/radioportoseguro.com.br\/site\/wp-json\/wp\/v2\/comments?post=3807"}],"version-history":[{"count":0,"href":"https:\/\/radioportoseguro.com.br\/site\/wp-json\/wp\/v2\/posts\/3807\/revisions"}],"wp:featuredmedia":[{"embeddable":true,"href":"https:\/\/radioportoseguro.com.br\/site\/wp-json\/wp\/v2\/media\/3808"}],"wp:attachment":[{"href":"https:\/\/radioportoseguro.com.br\/site\/wp-json\/wp\/v2\/media?parent=3807"}],"wp:term":[{"taxonomy":"category","embeddable":true,"href":"https:\/\/radioportoseguro.com.br\/site\/wp-json\/wp\/v2\/categories?post=3807"},{"taxonomy":"post_tag","embeddable":true,"href":"https:\/\/radioportoseguro.com.br\/site\/wp-json\/wp\/v2\/tags?post=3807"}],"curies":[{"name":"wp","href":"https:\/\/api.w.org\/{rel}","templated":true}]}}