{"id":3820,"date":"2026-02-06T09:26:05","date_gmt":"2026-02-06T12:26:05","guid":{"rendered":"https:\/\/radioportoseguro.com.br\/site\/2026\/02\/06\/memorial-do-holocausto-expoe-fragilidade-da-memoria-historica-no-brasil\/"},"modified":"2026-02-06T09:26:05","modified_gmt":"2026-02-06T12:26:05","slug":"memorial-do-holocausto-expoe-fragilidade-da-memoria-historica-no-brasil","status":"publish","type":"post","link":"https:\/\/radioportoseguro.com.br\/site\/2026\/02\/06\/memorial-do-holocausto-expoe-fragilidade-da-memoria-historica-no-brasil\/","title":{"rendered":"Memorial do Holocausto exp\u00f5e fragilidade da mem\u00f3ria hist\u00f3rica no Brasil"},"content":{"rendered":"<p><br \/>\n<\/p>\n<div>\n<p>Estive em um evento com a comunidade judaica no Memorial da Imigra\u00e7\u00e3o Judaica em S\u00e3o Paulo, um espa\u00e7o belo que preserva a mem\u00f3ria do horror.<\/p>\n<p>A apresenta\u00e7\u00e3o do museu foi conduzida por Liane Zaidler, assessora da Confedera\u00e7\u00e3o Israelita. Estavam tamb\u00e9m presentes comigo Victor Grinbaum (jornalista e escritor) e o Pastor Romualdo dos Santos (Presidente do Instituto Tzadik BaEmunah).<\/p>\n<p>Enquanto caminhava pelo local, uma reflex\u00e3o me acompanhava: como a humanidade p\u00f4de chegar a esse ponto?<\/p>\n<p>Entre os organizadores do evento, estiveram Sergio Napchan (Diretor Executivo da Confedera\u00e7\u00e3o Israelita), Sabrina Abreu (Diretora de Comunica\u00e7\u00e3o e Cultura da StandWithUs), Sarita Sarue (Coordenadora de Educa\u00e7\u00e3o e Cultura do Memorial do Holocausto), Salus Loch (ISPO) e Carlos Reiss (Coordenador do Museu do Holocausto de Curitiba).<\/p>\n<p style=\"text-align: left;\">Ao conhecer Sarita Sarue, fui recebido por seu cumprimento carregado de emo\u00e7\u00e3o: os olhos marejados refletiam l\u00e1grimas de alegria e gratid\u00e3o pelo significado que aquele evento tinha para ela e para todo o povo judeu.<\/p>\n<p><\/p>\n<p>No encontro, foram apresentados os resultados da pesquisa \u201cConhecimento sobre o Holocausto no Brasil\u201d. A exposi\u00e7\u00e3o dos dados foi feita por Hana Nusbaum, gerente de Educa\u00e7\u00e3o da institui\u00e7\u00e3o, StandWithUs Brasil.<\/p>\n<p>Dois sobreviventes, Hannah Charlier e Gabriel Waldman, compartilharam breves testemunhos de suas vidas \u2014 momentos de profunda emo\u00e7\u00e3o.<\/p>\n<p>Em outro discurso, Sergio Napchan emocionou profundamente a todos ao recordar a hist\u00f3ria de seu av\u00f4, Majer Haker \u2014 o \u00fanico sobrevivente da fam\u00edlia Hacker, inteiramente dizimada pelos nazistas.<\/p>\n<p>Os n\u00fameros revelados s\u00e3o alarmantes: apenas 38,5% dos entrevistados identificaram corretamente Auschwitz-Birkenau como um campo de exterm\u00ednio, enquanto 51,6% declararam n\u00e3o saber responder.<\/p>\n<p style=\"text-align: left;\">Os judeus s\u00e3o um povo pequeno, uma na\u00e7\u00e3o de apenas 22.000 km\u00b2, mas que, pelo simples fato de existir, incomoda. O antissemitismo tem ra\u00edzes profundas \u2014 inclusive espirituais \u2014 e \u00e9 essencial que o leitor compreenda isso.<\/p>\n<p><img decoding=\"async\" style=\"display: block; margin-left: auto; margin-right: auto;\" src=\"https:\/\/thumbor.guiame.com.br\/unsafe\/smart\/https:\/\/media.guiame.com.br\/archives\/2026\/02\/05\/3365442304-museu-do-holocausto.jpeg\" alt=\"\" width=\"600\"\/><\/p>\n<p>No Brasil, h\u00e1 cerca de 120.000 judeus, que precisam do apoio dos crist\u00e3os diante do antissemitismo que se espalhou pelo mundo ap\u00f3s os acontecimentos de 7 de outubro. Em contraste, somos hoje 47 milh\u00f5es s\u00f3 de evang\u00e9licos no pa\u00eds, segundo dados informados pela CNN Brasil.<\/p>\n<p>\u00c9 importante lembrar: Jesus n\u00e3o era palestino, nem romano, n\u00e3o tinha olhos azuis nem cabelos longos. Ele era judeu. Como judeu, fez a Brit Mil\u00e1 (circuncis\u00e3o, conforme Lucas 2:21), foi chamado de Rabino (Jo\u00e3o 1:38), amou seu povo (Lucas 19:41-42), iniciou seu minist\u00e9rio nas sinagogas (Lucas 4:14-21) e tornou Israel e os judeus conhecidos em todo o planeta.<\/p>\n<p><strong>\u00a0<\/strong><\/p>\n<p><strong>Silas Anast\u00e1cio<\/strong> \u00e9 fundador do Minist\u00e9rio Davar, evangelista e expositor b\u00edblico com s\u00f3lida atua\u00e7\u00e3o h\u00e1 mais de uma d\u00e9cada em temas relacionados ao Estado de Israel e \u00e0 comunidade judaica. Tamb\u00e9m desempenha papel estrat\u00e9gico nos bastidores da m\u00eddia evang\u00e9lica, contribuindo para a articula\u00e7\u00e3o e divulga\u00e7\u00e3o de conte\u00fados que fortalecem os valores\u00a0da\u00a0f\u00e9\u00a0crist\u00e3.<\/p>\n<p><em>* O conte\u00fado do texto acima \u00e9 de colabora\u00e7\u00e3o volunt\u00e1ria, seu teor \u00e9 de total responsabilidade do autor e n\u00e3o reflete necessariamente a opini\u00e3o do Portal Guiame.<\/em><\/p>\n<p>Leia o artigo anterior: <span style=\"color: #800000;\"><strong>Pesquisa aponta baixo conhecimento sobre o Holocausto entre cat\u00f3licos no Brasil<\/strong><\/span><\/p>\n<p>\u00a0<\/p>\n<\/div>\n<p><br \/>\n<br \/>Fonte: Guiame <\/p>\n","protected":false},"excerpt":{"rendered":"<p>Estive em um evento com a comunidade judaica no Memorial da Imigra\u00e7\u00e3o Judaica em S\u00e3o Paulo, um espa\u00e7o belo que preserva a mem\u00f3ria do horror. A apresenta\u00e7\u00e3o do museu foi conduzida por Liane Zaidler, assessora da Confedera\u00e7\u00e3o Israelita. Estavam tamb\u00e9m presentes comigo Victor Grinbaum (jornalista e escritor) e o Pastor Romualdo dos Santos (Presidente do [&hellip;]<\/p>\n","protected":false},"author":1,"featured_media":3821,"comment_status":"","ping_status":"open","sticky":false,"template":"","format":"standard","meta":{"footnotes":""},"categories":[43],"tags":[],"class_list":["post-3820","post","type-post","status-publish","format-standard","has-post-thumbnail","hentry","category-destaques"],"yoast_head":"<!-- This site is optimized with the Yoast SEO plugin v26.8 - https:\/\/yoast.com\/product\/yoast-seo-wordpress\/ -->\n<title>Memorial do Holocausto exp\u00f5e fragilidade da mem\u00f3ria hist\u00f3rica no Brasil - R\u00e1dio Porto Seguro<\/title>\n<meta name=\"robots\" content=\"index, follow, max-snippet:-1, max-image-preview:large, max-video-preview:-1\" \/>\n<link rel=\"canonical\" href=\"https:\/\/radioportoseguro.com.br\/site\/2026\/02\/06\/memorial-do-holocausto-expoe-fragilidade-da-memoria-historica-no-brasil\/\" \/>\n<meta property=\"og:locale\" content=\"pt_BR\" \/>\n<meta property=\"og:type\" content=\"article\" \/>\n<meta property=\"og:title\" content=\"Memorial do Holocausto exp\u00f5e fragilidade da mem\u00f3ria hist\u00f3rica no Brasil - R\u00e1dio Porto Seguro\" \/>\n<meta property=\"og:description\" content=\"Estive em um evento com a comunidade judaica no Memorial da Imigra\u00e7\u00e3o Judaica em S\u00e3o Paulo, um espa\u00e7o belo que preserva a mem\u00f3ria do horror. A apresenta\u00e7\u00e3o do museu foi conduzida por Liane Zaidler, assessora da Confedera\u00e7\u00e3o Israelita. Estavam tamb\u00e9m presentes comigo Victor Grinbaum (jornalista e escritor) e o Pastor Romualdo dos Santos (Presidente do [&hellip;]\" \/>\n<meta property=\"og:url\" content=\"https:\/\/radioportoseguro.com.br\/site\/2026\/02\/06\/memorial-do-holocausto-expoe-fragilidade-da-memoria-historica-no-brasil\/\" \/>\n<meta property=\"og:site_name\" content=\"R\u00e1dio Porto Seguro\" \/>\n<meta property=\"article:published_time\" content=\"2026-02-06T12:26:05+00:00\" \/>\n<meta property=\"og:image\" content=\"https:\/\/thumbor.guiame.com.br\/unsafe\/smart\/https:\/\/media.guiame.com.br\/archives\/2026\/02\/05\/2434840294-museu-do-holocausto.jpeg\" \/>\n<meta name=\"author\" content=\"admin\" \/>\n<meta name=\"twitter:card\" content=\"summary_large_image\" \/>\n<meta name=\"twitter:label1\" content=\"Escrito por\" \/>\n\t<meta name=\"twitter:data1\" content=\"admin\" \/>\n\t<meta name=\"twitter:label2\" content=\"Est. tempo de leitura\" \/>\n\t<meta name=\"twitter:data2\" content=\"3 minutos\" \/>\n<script type=\"application\/ld+json\" class=\"yoast-schema-graph\">{\"@context\":\"https:\/\/schema.org\",\"@graph\":[{\"@type\":\"Article\",\"@id\":\"https:\/\/radioportoseguro.com.br\/site\/2026\/02\/06\/memorial-do-holocausto-expoe-fragilidade-da-memoria-historica-no-brasil\/#article\",\"isPartOf\":{\"@id\":\"https:\/\/radioportoseguro.com.br\/site\/2026\/02\/06\/memorial-do-holocausto-expoe-fragilidade-da-memoria-historica-no-brasil\/\"},\"author\":{\"name\":\"admin\",\"@id\":\"https:\/\/radioportoseguro.com.br\/site\/#\/schema\/person\/7630acdc320186f13639d3c067ec089b\"},\"headline\":\"Memorial do Holocausto exp\u00f5e fragilidade da mem\u00f3ria hist\u00f3rica no Brasil\",\"datePublished\":\"2026-02-06T12:26:05+00:00\",\"mainEntityOfPage\":{\"@id\":\"https:\/\/radioportoseguro.com.br\/site\/2026\/02\/06\/memorial-do-holocausto-expoe-fragilidade-da-memoria-historica-no-brasil\/\"},\"wordCount\":546,\"image\":{\"@id\":\"https:\/\/radioportoseguro.com.br\/site\/2026\/02\/06\/memorial-do-holocausto-expoe-fragilidade-da-memoria-historica-no-brasil\/#primaryimage\"},\"thumbnailUrl\":\"https:\/\/radioportoseguro.com.br\/site\/wp-content\/uploads\/2026\/02\/3236064247-sarita-sarue.jpeg\",\"articleSection\":[\"Destaques\"],\"inLanguage\":\"pt-BR\"},{\"@type\":\"WebPage\",\"@id\":\"https:\/\/radioportoseguro.com.br\/site\/2026\/02\/06\/memorial-do-holocausto-expoe-fragilidade-da-memoria-historica-no-brasil\/\",\"url\":\"https:\/\/radioportoseguro.com.br\/site\/2026\/02\/06\/memorial-do-holocausto-expoe-fragilidade-da-memoria-historica-no-brasil\/\",\"name\":\"Memorial do Holocausto exp\u00f5e fragilidade da mem\u00f3ria hist\u00f3rica no Brasil - R\u00e1dio Porto Seguro\",\"isPartOf\":{\"@id\":\"https:\/\/radioportoseguro.com.br\/site\/#website\"},\"primaryImageOfPage\":{\"@id\":\"https:\/\/radioportoseguro.com.br\/site\/2026\/02\/06\/memorial-do-holocausto-expoe-fragilidade-da-memoria-historica-no-brasil\/#primaryimage\"},\"image\":{\"@id\":\"https:\/\/radioportoseguro.com.br\/site\/2026\/02\/06\/memorial-do-holocausto-expoe-fragilidade-da-memoria-historica-no-brasil\/#primaryimage\"},\"thumbnailUrl\":\"https:\/\/radioportoseguro.com.br\/site\/wp-content\/uploads\/2026\/02\/3236064247-sarita-sarue.jpeg\",\"datePublished\":\"2026-02-06T12:26:05+00:00\",\"author\":{\"@id\":\"https:\/\/radioportoseguro.com.br\/site\/#\/schema\/person\/7630acdc320186f13639d3c067ec089b\"},\"breadcrumb\":{\"@id\":\"https:\/\/radioportoseguro.com.br\/site\/2026\/02\/06\/memorial-do-holocausto-expoe-fragilidade-da-memoria-historica-no-brasil\/#breadcrumb\"},\"inLanguage\":\"pt-BR\",\"potentialAction\":[{\"@type\":\"ReadAction\",\"target\":[\"https:\/\/radioportoseguro.com.br\/site\/2026\/02\/06\/memorial-do-holocausto-expoe-fragilidade-da-memoria-historica-no-brasil\/\"]}]},{\"@type\":\"ImageObject\",\"inLanguage\":\"pt-BR\",\"@id\":\"https:\/\/radioportoseguro.com.br\/site\/2026\/02\/06\/memorial-do-holocausto-expoe-fragilidade-da-memoria-historica-no-brasil\/#primaryimage\",\"url\":\"https:\/\/radioportoseguro.com.br\/site\/wp-content\/uploads\/2026\/02\/3236064247-sarita-sarue.jpeg\",\"contentUrl\":\"https:\/\/radioportoseguro.com.br\/site\/wp-content\/uploads\/2026\/02\/3236064247-sarita-sarue.jpeg\",\"width\":1200,\"height\":600},{\"@type\":\"BreadcrumbList\",\"@id\":\"https:\/\/radioportoseguro.com.br\/site\/2026\/02\/06\/memorial-do-holocausto-expoe-fragilidade-da-memoria-historica-no-brasil\/#breadcrumb\",\"itemListElement\":[{\"@type\":\"ListItem\",\"position\":1,\"name\":\"In\u00edcio\",\"item\":\"https:\/\/radioportoseguro.com.br\/site\/\"},{\"@type\":\"ListItem\",\"position\":2,\"name\":\"Memorial do Holocausto exp\u00f5e fragilidade da mem\u00f3ria hist\u00f3rica no Brasil\"}]},{\"@type\":\"WebSite\",\"@id\":\"https:\/\/radioportoseguro.com.br\/site\/#website\",\"url\":\"https:\/\/radioportoseguro.com.br\/site\/\",\"name\":\"R\u00e1dio Porto Seguro\",\"description\":\"\",\"potentialAction\":[{\"@type\":\"SearchAction\",\"target\":{\"@type\":\"EntryPoint\",\"urlTemplate\":\"https:\/\/radioportoseguro.com.br\/site\/?s={search_term_string}\"},\"query-input\":{\"@type\":\"PropertyValueSpecification\",\"valueRequired\":true,\"valueName\":\"search_term_string\"}}],\"inLanguage\":\"pt-BR\"},{\"@type\":\"Person\",\"@id\":\"https:\/\/radioportoseguro.com.br\/site\/#\/schema\/person\/7630acdc320186f13639d3c067ec089b\",\"name\":\"admin\",\"image\":{\"@type\":\"ImageObject\",\"inLanguage\":\"pt-BR\",\"@id\":\"https:\/\/radioportoseguro.com.br\/site\/#\/schema\/person\/image\/\",\"url\":\"https:\/\/secure.gravatar.com\/avatar\/caacf4dc1eedb68fab0df8e1ed46c448e578b2466351bbcb61e47d2ac0caaef0?s=96&d=mm&r=g\",\"contentUrl\":\"https:\/\/secure.gravatar.com\/avatar\/caacf4dc1eedb68fab0df8e1ed46c448e578b2466351bbcb61e47d2ac0caaef0?s=96&d=mm&r=g\",\"caption\":\"admin\"},\"sameAs\":[\"https:\/\/radioportoseguro.com.br\/site\"],\"url\":\"https:\/\/radioportoseguro.com.br\/site\/author\/hezio\/\"}]}<\/script>\n<!-- \/ Yoast SEO plugin. -->","yoast_head_json":{"title":"Memorial do Holocausto exp\u00f5e fragilidade da mem\u00f3ria hist\u00f3rica no Brasil - R\u00e1dio Porto Seguro","robots":{"index":"index","follow":"follow","max-snippet":"max-snippet:-1","max-image-preview":"max-image-preview:large","max-video-preview":"max-video-preview:-1"},"canonical":"https:\/\/radioportoseguro.com.br\/site\/2026\/02\/06\/memorial-do-holocausto-expoe-fragilidade-da-memoria-historica-no-brasil\/","og_locale":"pt_BR","og_type":"article","og_title":"Memorial do Holocausto exp\u00f5e fragilidade da mem\u00f3ria hist\u00f3rica no Brasil - R\u00e1dio Porto Seguro","og_description":"Estive em um evento com a comunidade judaica no Memorial da Imigra\u00e7\u00e3o Judaica em S\u00e3o Paulo, um espa\u00e7o belo que preserva a mem\u00f3ria do horror. A apresenta\u00e7\u00e3o do museu foi conduzida por Liane Zaidler, assessora da Confedera\u00e7\u00e3o Israelita. Estavam tamb\u00e9m presentes comigo Victor Grinbaum (jornalista e escritor) e o Pastor Romualdo dos Santos (Presidente do [&hellip;]","og_url":"https:\/\/radioportoseguro.com.br\/site\/2026\/02\/06\/memorial-do-holocausto-expoe-fragilidade-da-memoria-historica-no-brasil\/","og_site_name":"R\u00e1dio Porto Seguro","article_published_time":"2026-02-06T12:26:05+00:00","og_image":[{"url":"https:\/\/thumbor.guiame.com.br\/unsafe\/smart\/https:\/\/media.guiame.com.br\/archives\/2026\/02\/05\/2434840294-museu-do-holocausto.jpeg","type":"","width":"","height":""}],"author":"admin","twitter_card":"summary_large_image","twitter_misc":{"Escrito por":"admin","Est. tempo de leitura":"3 minutos"},"schema":{"@context":"https:\/\/schema.org","@graph":[{"@type":"Article","@id":"https:\/\/radioportoseguro.com.br\/site\/2026\/02\/06\/memorial-do-holocausto-expoe-fragilidade-da-memoria-historica-no-brasil\/#article","isPartOf":{"@id":"https:\/\/radioportoseguro.com.br\/site\/2026\/02\/06\/memorial-do-holocausto-expoe-fragilidade-da-memoria-historica-no-brasil\/"},"author":{"name":"admin","@id":"https:\/\/radioportoseguro.com.br\/site\/#\/schema\/person\/7630acdc320186f13639d3c067ec089b"},"headline":"Memorial do Holocausto exp\u00f5e fragilidade da mem\u00f3ria hist\u00f3rica no Brasil","datePublished":"2026-02-06T12:26:05+00:00","mainEntityOfPage":{"@id":"https:\/\/radioportoseguro.com.br\/site\/2026\/02\/06\/memorial-do-holocausto-expoe-fragilidade-da-memoria-historica-no-brasil\/"},"wordCount":546,"image":{"@id":"https:\/\/radioportoseguro.com.br\/site\/2026\/02\/06\/memorial-do-holocausto-expoe-fragilidade-da-memoria-historica-no-brasil\/#primaryimage"},"thumbnailUrl":"https:\/\/radioportoseguro.com.br\/site\/wp-content\/uploads\/2026\/02\/3236064247-sarita-sarue.jpeg","articleSection":["Destaques"],"inLanguage":"pt-BR"},{"@type":"WebPage","@id":"https:\/\/radioportoseguro.com.br\/site\/2026\/02\/06\/memorial-do-holocausto-expoe-fragilidade-da-memoria-historica-no-brasil\/","url":"https:\/\/radioportoseguro.com.br\/site\/2026\/02\/06\/memorial-do-holocausto-expoe-fragilidade-da-memoria-historica-no-brasil\/","name":"Memorial do Holocausto exp\u00f5e fragilidade da mem\u00f3ria hist\u00f3rica no Brasil - R\u00e1dio Porto Seguro","isPartOf":{"@id":"https:\/\/radioportoseguro.com.br\/site\/#website"},"primaryImageOfPage":{"@id":"https:\/\/radioportoseguro.com.br\/site\/2026\/02\/06\/memorial-do-holocausto-expoe-fragilidade-da-memoria-historica-no-brasil\/#primaryimage"},"image":{"@id":"https:\/\/radioportoseguro.com.br\/site\/2026\/02\/06\/memorial-do-holocausto-expoe-fragilidade-da-memoria-historica-no-brasil\/#primaryimage"},"thumbnailUrl":"https:\/\/radioportoseguro.com.br\/site\/wp-content\/uploads\/2026\/02\/3236064247-sarita-sarue.jpeg","datePublished":"2026-02-06T12:26:05+00:00","author":{"@id":"https:\/\/radioportoseguro.com.br\/site\/#\/schema\/person\/7630acdc320186f13639d3c067ec089b"},"breadcrumb":{"@id":"https:\/\/radioportoseguro.com.br\/site\/2026\/02\/06\/memorial-do-holocausto-expoe-fragilidade-da-memoria-historica-no-brasil\/#breadcrumb"},"inLanguage":"pt-BR","potentialAction":[{"@type":"ReadAction","target":["https:\/\/radioportoseguro.com.br\/site\/2026\/02\/06\/memorial-do-holocausto-expoe-fragilidade-da-memoria-historica-no-brasil\/"]}]},{"@type":"ImageObject","inLanguage":"pt-BR","@id":"https:\/\/radioportoseguro.com.br\/site\/2026\/02\/06\/memorial-do-holocausto-expoe-fragilidade-da-memoria-historica-no-brasil\/#primaryimage","url":"https:\/\/radioportoseguro.com.br\/site\/wp-content\/uploads\/2026\/02\/3236064247-sarita-sarue.jpeg","contentUrl":"https:\/\/radioportoseguro.com.br\/site\/wp-content\/uploads\/2026\/02\/3236064247-sarita-sarue.jpeg","width":1200,"height":600},{"@type":"BreadcrumbList","@id":"https:\/\/radioportoseguro.com.br\/site\/2026\/02\/06\/memorial-do-holocausto-expoe-fragilidade-da-memoria-historica-no-brasil\/#breadcrumb","itemListElement":[{"@type":"ListItem","position":1,"name":"In\u00edcio","item":"https:\/\/radioportoseguro.com.br\/site\/"},{"@type":"ListItem","position":2,"name":"Memorial do Holocausto exp\u00f5e fragilidade da mem\u00f3ria hist\u00f3rica no Brasil"}]},{"@type":"WebSite","@id":"https:\/\/radioportoseguro.com.br\/site\/#website","url":"https:\/\/radioportoseguro.com.br\/site\/","name":"R\u00e1dio Porto Seguro","description":"","potentialAction":[{"@type":"SearchAction","target":{"@type":"EntryPoint","urlTemplate":"https:\/\/radioportoseguro.com.br\/site\/?s={search_term_string}"},"query-input":{"@type":"PropertyValueSpecification","valueRequired":true,"valueName":"search_term_string"}}],"inLanguage":"pt-BR"},{"@type":"Person","@id":"https:\/\/radioportoseguro.com.br\/site\/#\/schema\/person\/7630acdc320186f13639d3c067ec089b","name":"admin","image":{"@type":"ImageObject","inLanguage":"pt-BR","@id":"https:\/\/radioportoseguro.com.br\/site\/#\/schema\/person\/image\/","url":"https:\/\/secure.gravatar.com\/avatar\/caacf4dc1eedb68fab0df8e1ed46c448e578b2466351bbcb61e47d2ac0caaef0?s=96&d=mm&r=g","contentUrl":"https:\/\/secure.gravatar.com\/avatar\/caacf4dc1eedb68fab0df8e1ed46c448e578b2466351bbcb61e47d2ac0caaef0?s=96&d=mm&r=g","caption":"admin"},"sameAs":["https:\/\/radioportoseguro.com.br\/site"],"url":"https:\/\/radioportoseguro.com.br\/site\/author\/hezio\/"}]}},"_links":{"self":[{"href":"https:\/\/radioportoseguro.com.br\/site\/wp-json\/wp\/v2\/posts\/3820","targetHints":{"allow":["GET"]}}],"collection":[{"href":"https:\/\/radioportoseguro.com.br\/site\/wp-json\/wp\/v2\/posts"}],"about":[{"href":"https:\/\/radioportoseguro.com.br\/site\/wp-json\/wp\/v2\/types\/post"}],"author":[{"embeddable":true,"href":"https:\/\/radioportoseguro.com.br\/site\/wp-json\/wp\/v2\/users\/1"}],"replies":[{"embeddable":true,"href":"https:\/\/radioportoseguro.com.br\/site\/wp-json\/wp\/v2\/comments?post=3820"}],"version-history":[{"count":0,"href":"https:\/\/radioportoseguro.com.br\/site\/wp-json\/wp\/v2\/posts\/3820\/revisions"}],"wp:featuredmedia":[{"embeddable":true,"href":"https:\/\/radioportoseguro.com.br\/site\/wp-json\/wp\/v2\/media\/3821"}],"wp:attachment":[{"href":"https:\/\/radioportoseguro.com.br\/site\/wp-json\/wp\/v2\/media?parent=3820"}],"wp:term":[{"taxonomy":"category","embeddable":true,"href":"https:\/\/radioportoseguro.com.br\/site\/wp-json\/wp\/v2\/categories?post=3820"},{"taxonomy":"post_tag","embeddable":true,"href":"https:\/\/radioportoseguro.com.br\/site\/wp-json\/wp\/v2\/tags?post=3820"}],"curies":[{"name":"wp","href":"https:\/\/api.w.org\/{rel}","templated":true}]}}