{"id":3824,"date":"2026-02-06T11:27:32","date_gmt":"2026-02-06T14:27:32","guid":{"rendered":"https:\/\/radioportoseguro.com.br\/site\/2026\/02\/06\/familia-louva-a-deus-apos-filha-passar-em-2o-lugar-em-medicina-o-senhor-deu-vitoria\/"},"modified":"2026-02-06T11:27:32","modified_gmt":"2026-02-06T14:27:32","slug":"familia-louva-a-deus-apos-filha-passar-em-2o-lugar-em-medicina-o-senhor-deu-vitoria","status":"publish","type":"post","link":"https:\/\/radioportoseguro.com.br\/site\/2026\/02\/06\/familia-louva-a-deus-apos-filha-passar-em-2o-lugar-em-medicina-o-senhor-deu-vitoria\/","title":{"rendered":"Fam\u00edlia louva a Deus ap\u00f3s filha passar em 2\u00ba lugar em Medicina: \u201cO Senhor deu vit\u00f3ria\u201d"},"content":{"rendered":"<p><br \/>\n<br \/><\/p>\n<div>\n<p><span style=\"font-weight: 400;\">Uma <\/span><span style=\"color: #800000;\"><strong>fam\u00edlia<\/strong><\/span><span style=\"font-weight: 400;\"> gerou como\u00e7\u00e3o nas redes sociais ao louvar a Deus ap\u00f3s a filha passar em 2<\/span><span style=\"font-weight: 400;\">\u00ba<\/span><span style=\"font-weight: 400;\"> lugar em <\/span><span style=\"color: #800000;\"><strong>Medicina<\/strong><\/span><span style=\"font-weight: 400;\">, em S\u00e3o Lu\u00eds, no Maranh\u00e3o.<\/span><\/p>\n<p><span style=\"font-weight: 400;\">Sara Paiva Castro, de 21 anos, foi <\/span><span style=\"color: #800000;\"><strong>aprovada<\/strong><\/span><span style=\"font-weight: 400;\"> no concorrido curso da Universidade Estadual do Maranh\u00e3o (Uema).<\/span><\/p>\n<p><span style=\"font-weight: 400;\">A lista dos aprovados no vestibular foi divulgada na \u00faltima segunda-feira (2) e a jovem gravou o momento em que verificou seu nome no list\u00e3o.<\/span><\/p>\n<p><span style=\"font-weight: 400;\">No v\u00eddeo, Sara se surpreendeu ao saber que passou em 2<\/span><span style=\"font-weight: 400;\">\u00ba<\/span><span style=\"font-weight: 400;\"> lugar, enquanto sua fam\u00edlia celebrou com gritos, abra\u00e7os, l\u00e1grimas e louvou ao Senhor.<\/span><\/p>\n<p><span style=\"font-weight: 400;\">\u201cGl\u00f3ria a Deus! Gl\u00f3ria a Deus! Obrigado, Pai\u201d, disse o pai da jovem, muito emocionado.<\/span><\/p>\n<p><span style=\"font-weight: 400;\">E a m\u00e3e declarou: \u201cDeus \u00e9 bom! Voc\u00ea lutou e o Senhor te deu vit\u00f3ria!\u201d. Abra\u00e7ados, a fam\u00edlia pulou de alegria, comemorando a conquista de Sara.<\/span><\/p>\n<blockquote class=\"instagram-media\" style=\"background: #FFF; border: 0; border-radius: 3px; box-shadow: 0 0 1px 0 rgba(0,0,0,0.5),0 1px 10px 0 rgba(0,0,0,0.15); margin: 1px; max-width: 540px; min-width: 326px; padding: 0; width: calc(100% - 2px);\" data-instgrm-captioned=\"\" data-instgrm-permalink=\"https:\/\/www.instagram.com\/reel\/DUYIxUljcmv\/?utm_source=ig_embed&amp;utm_campaign=loading\" data-instgrm-version=\"14\"><p>&#13;<br \/>\n&#13;\n<\/p><\/blockquote>\n<p><strong>Prepara\u00e7\u00e3o<\/strong><\/p>\n<p><span style=\"font-weight: 400;\">Sara, que obteve nota 10 na reda\u00e7\u00e3o, estudou durante tr\u00eas anos em um cursinho e mantinha uma rotina de 7 a 8 horas de estudo. Ela resolvia 100 quest\u00f5es de simulados por dia.<\/span><\/p>\n<p><span style=\"font-weight: 400;\">&#8220;Fiquei conhecida como a menina que mais imprimia prova. Era quase todo dia, especialmente na reta final&#8221;, contou ela, em entrevista ao portal Imirante.<\/span><\/p>\n<p><span style=\"font-weight: 400;\">A jovem j\u00e1 havia sido aprovada em outros cursos, mas persistiu no sonho de passar em Medicina.<\/span><\/p>\n<p><span style=\"font-weight: 400;\">Para lidar com a press\u00e3o e a rotina pesada de estudos, Sara recorreu ao exerc\u00edcio f\u00edsico e ao apoio da fam\u00edlia.<\/span><\/p>\n<p><span style=\"font-weight: 400;\">&#8220;Muitas pessoas se isolam nesse processo e, gra\u00e7as a Deus, eu n\u00e3o me isolei. Lia no tempo livre e gostava mais de conversar. Sempre que tinha algum tempo eu conversava com algu\u00e9m como lazer e o prazer de estar com a pessoa&#8221;, explicou.<\/span><\/p>\n<p><strong>Ajuda de Deus<\/strong><\/p>\n<p><span style=\"font-weight: 400;\">Al\u00e9m disso, a estudante se apoiou em sua f\u00e9 em Cristo. \u201cEu lidava com a ansiedade e a press\u00e3o entregando tudo nas m\u00e3os de Deus, sempre orei e fiz meu devocional. Sempre orava ao Senhor para Ele conduzir minha caminhada, especialmente neste ano de cursinho que era o meu 3\u00ba ano! Foi muito dif\u00edcil, mas o Senhor Jesus me sustentou\u201d, testemunhou.<\/span><\/p>\n<p><span style=\"font-weight: 400;\">Sara ainda relatou que recebeu o fortalecimento de Deus no dia do vestibular. &#8220;Orei muito. Naqueles 30 minutos de espera antes do in\u00edcio, senti Deus me lembrando de toda a minha trajet\u00f3ria. Sa\u00ed da prova com a sensa\u00e7\u00e3o de dever cumprido&#8221;, declarou.<\/span><\/p>\n<\/div>\n<p><script async src=\"\/\/www.instagram.com\/embed.js\"><\/script><br \/>\n<br \/><br \/>\n<br \/>Fonte: Guiame <\/p>\n","protected":false},"excerpt":{"rendered":"<p>Uma fam\u00edlia gerou como\u00e7\u00e3o nas redes sociais ao louvar a Deus ap\u00f3s a filha passar em 2\u00ba lugar em Medicina, em S\u00e3o Lu\u00eds, no Maranh\u00e3o. Sara Paiva Castro, de 21 anos, foi aprovada no concorrido curso da Universidade Estadual do Maranh\u00e3o (Uema). A lista dos aprovados no vestibular foi divulgada na \u00faltima segunda-feira (2) e [&hellip;]<\/p>\n","protected":false},"author":1,"featured_media":3825,"comment_status":"","ping_status":"open","sticky":false,"template":"","format":"standard","meta":{"footnotes":""},"categories":[43],"tags":[],"class_list":["post-3824","post","type-post","status-publish","format-standard","has-post-thumbnail","hentry","category-destaques"],"yoast_head":"<!-- This site is optimized with the Yoast SEO plugin v26.8 - https:\/\/yoast.com\/product\/yoast-seo-wordpress\/ -->\n<title>Fam\u00edlia louva a Deus ap\u00f3s filha passar em 2\u00ba lugar em Medicina: \u201cO Senhor deu vit\u00f3ria\u201d - R\u00e1dio Porto Seguro<\/title>\n<meta name=\"robots\" content=\"index, follow, max-snippet:-1, max-image-preview:large, max-video-preview:-1\" \/>\n<link rel=\"canonical\" href=\"https:\/\/radioportoseguro.com.br\/site\/2026\/02\/06\/familia-louva-a-deus-apos-filha-passar-em-2o-lugar-em-medicina-o-senhor-deu-vitoria\/\" \/>\n<meta property=\"og:locale\" content=\"pt_BR\" \/>\n<meta property=\"og:type\" content=\"article\" \/>\n<meta property=\"og:title\" content=\"Fam\u00edlia louva a Deus ap\u00f3s filha passar em 2\u00ba lugar em Medicina: \u201cO Senhor deu vit\u00f3ria\u201d - R\u00e1dio Porto Seguro\" \/>\n<meta property=\"og:description\" content=\"Uma fam\u00edlia gerou como\u00e7\u00e3o nas redes sociais ao louvar a Deus ap\u00f3s a filha passar em 2\u00ba lugar em Medicina, em S\u00e3o Lu\u00eds, no Maranh\u00e3o. Sara Paiva Castro, de 21 anos, foi aprovada no concorrido curso da Universidade Estadual do Maranh\u00e3o (Uema). A lista dos aprovados no vestibular foi divulgada na \u00faltima segunda-feira (2) e [&hellip;]\" \/>\n<meta property=\"og:url\" content=\"https:\/\/radioportoseguro.com.br\/site\/2026\/02\/06\/familia-louva-a-deus-apos-filha-passar-em-2o-lugar-em-medicina-o-senhor-deu-vitoria\/\" \/>\n<meta property=\"og:site_name\" content=\"R\u00e1dio Porto Seguro\" \/>\n<meta property=\"article:published_time\" content=\"2026-02-06T14:27:32+00:00\" \/>\n<meta property=\"og:image\" content=\"https:\/\/media.guiame.com.br\/archives\/2026\/02\/05\/1175799069-sara.jpeg\" \/>\n<meta name=\"author\" content=\"admin\" \/>\n<meta name=\"twitter:card\" content=\"summary_large_image\" \/>\n<meta name=\"twitter:label1\" content=\"Escrito por\" \/>\n\t<meta name=\"twitter:data1\" content=\"admin\" \/>\n\t<meta name=\"twitter:label2\" content=\"Est. tempo de leitura\" \/>\n\t<meta name=\"twitter:data2\" content=\"2 minutos\" \/>\n<script type=\"application\/ld+json\" class=\"yoast-schema-graph\">{\"@context\":\"https:\/\/schema.org\",\"@graph\":[{\"@type\":\"Article\",\"@id\":\"https:\/\/radioportoseguro.com.br\/site\/2026\/02\/06\/familia-louva-a-deus-apos-filha-passar-em-2o-lugar-em-medicina-o-senhor-deu-vitoria\/#article\",\"isPartOf\":{\"@id\":\"https:\/\/radioportoseguro.com.br\/site\/2026\/02\/06\/familia-louva-a-deus-apos-filha-passar-em-2o-lugar-em-medicina-o-senhor-deu-vitoria\/\"},\"author\":{\"name\":\"admin\",\"@id\":\"https:\/\/radioportoseguro.com.br\/site\/#\/schema\/person\/7630acdc320186f13639d3c067ec089b\"},\"headline\":\"Fam\u00edlia louva a Deus ap\u00f3s filha passar em 2\u00ba lugar em Medicina: \u201cO Senhor deu vit\u00f3ria\u201d\",\"datePublished\":\"2026-02-06T14:27:32+00:00\",\"mainEntityOfPage\":{\"@id\":\"https:\/\/radioportoseguro.com.br\/site\/2026\/02\/06\/familia-louva-a-deus-apos-filha-passar-em-2o-lugar-em-medicina-o-senhor-deu-vitoria\/\"},\"wordCount\":424,\"image\":{\"@id\":\"https:\/\/radioportoseguro.com.br\/site\/2026\/02\/06\/familia-louva-a-deus-apos-filha-passar-em-2o-lugar-em-medicina-o-senhor-deu-vitoria\/#primaryimage\"},\"thumbnailUrl\":\"https:\/\/radioportoseguro.com.br\/site\/wp-content\/uploads\/2026\/02\/1175799069-sara.jpeg\",\"articleSection\":[\"Destaques\"],\"inLanguage\":\"pt-BR\"},{\"@type\":\"WebPage\",\"@id\":\"https:\/\/radioportoseguro.com.br\/site\/2026\/02\/06\/familia-louva-a-deus-apos-filha-passar-em-2o-lugar-em-medicina-o-senhor-deu-vitoria\/\",\"url\":\"https:\/\/radioportoseguro.com.br\/site\/2026\/02\/06\/familia-louva-a-deus-apos-filha-passar-em-2o-lugar-em-medicina-o-senhor-deu-vitoria\/\",\"name\":\"Fam\u00edlia louva a Deus ap\u00f3s filha passar em 2\u00ba lugar em Medicina: \u201cO Senhor deu vit\u00f3ria\u201d - R\u00e1dio Porto Seguro\",\"isPartOf\":{\"@id\":\"https:\/\/radioportoseguro.com.br\/site\/#website\"},\"primaryImageOfPage\":{\"@id\":\"https:\/\/radioportoseguro.com.br\/site\/2026\/02\/06\/familia-louva-a-deus-apos-filha-passar-em-2o-lugar-em-medicina-o-senhor-deu-vitoria\/#primaryimage\"},\"image\":{\"@id\":\"https:\/\/radioportoseguro.com.br\/site\/2026\/02\/06\/familia-louva-a-deus-apos-filha-passar-em-2o-lugar-em-medicina-o-senhor-deu-vitoria\/#primaryimage\"},\"thumbnailUrl\":\"https:\/\/radioportoseguro.com.br\/site\/wp-content\/uploads\/2026\/02\/1175799069-sara.jpeg\",\"datePublished\":\"2026-02-06T14:27:32+00:00\",\"author\":{\"@id\":\"https:\/\/radioportoseguro.com.br\/site\/#\/schema\/person\/7630acdc320186f13639d3c067ec089b\"},\"breadcrumb\":{\"@id\":\"https:\/\/radioportoseguro.com.br\/site\/2026\/02\/06\/familia-louva-a-deus-apos-filha-passar-em-2o-lugar-em-medicina-o-senhor-deu-vitoria\/#breadcrumb\"},\"inLanguage\":\"pt-BR\",\"potentialAction\":[{\"@type\":\"ReadAction\",\"target\":[\"https:\/\/radioportoseguro.com.br\/site\/2026\/02\/06\/familia-louva-a-deus-apos-filha-passar-em-2o-lugar-em-medicina-o-senhor-deu-vitoria\/\"]}]},{\"@type\":\"ImageObject\",\"inLanguage\":\"pt-BR\",\"@id\":\"https:\/\/radioportoseguro.com.br\/site\/2026\/02\/06\/familia-louva-a-deus-apos-filha-passar-em-2o-lugar-em-medicina-o-senhor-deu-vitoria\/#primaryimage\",\"url\":\"https:\/\/radioportoseguro.com.br\/site\/wp-content\/uploads\/2026\/02\/1175799069-sara.jpeg\",\"contentUrl\":\"https:\/\/radioportoseguro.com.br\/site\/wp-content\/uploads\/2026\/02\/1175799069-sara.jpeg\",\"width\":1200,\"height\":600},{\"@type\":\"BreadcrumbList\",\"@id\":\"https:\/\/radioportoseguro.com.br\/site\/2026\/02\/06\/familia-louva-a-deus-apos-filha-passar-em-2o-lugar-em-medicina-o-senhor-deu-vitoria\/#breadcrumb\",\"itemListElement\":[{\"@type\":\"ListItem\",\"position\":1,\"name\":\"In\u00edcio\",\"item\":\"https:\/\/radioportoseguro.com.br\/site\/\"},{\"@type\":\"ListItem\",\"position\":2,\"name\":\"Fam\u00edlia louva a Deus ap\u00f3s filha passar em 2\u00ba lugar em Medicina: \u201cO Senhor deu vit\u00f3ria\u201d\"}]},{\"@type\":\"WebSite\",\"@id\":\"https:\/\/radioportoseguro.com.br\/site\/#website\",\"url\":\"https:\/\/radioportoseguro.com.br\/site\/\",\"name\":\"R\u00e1dio Porto Seguro\",\"description\":\"\",\"potentialAction\":[{\"@type\":\"SearchAction\",\"target\":{\"@type\":\"EntryPoint\",\"urlTemplate\":\"https:\/\/radioportoseguro.com.br\/site\/?s={search_term_string}\"},\"query-input\":{\"@type\":\"PropertyValueSpecification\",\"valueRequired\":true,\"valueName\":\"search_term_string\"}}],\"inLanguage\":\"pt-BR\"},{\"@type\":\"Person\",\"@id\":\"https:\/\/radioportoseguro.com.br\/site\/#\/schema\/person\/7630acdc320186f13639d3c067ec089b\",\"name\":\"admin\",\"image\":{\"@type\":\"ImageObject\",\"inLanguage\":\"pt-BR\",\"@id\":\"https:\/\/radioportoseguro.com.br\/site\/#\/schema\/person\/image\/\",\"url\":\"https:\/\/secure.gravatar.com\/avatar\/caacf4dc1eedb68fab0df8e1ed46c448e578b2466351bbcb61e47d2ac0caaef0?s=96&d=mm&r=g\",\"contentUrl\":\"https:\/\/secure.gravatar.com\/avatar\/caacf4dc1eedb68fab0df8e1ed46c448e578b2466351bbcb61e47d2ac0caaef0?s=96&d=mm&r=g\",\"caption\":\"admin\"},\"sameAs\":[\"https:\/\/radioportoseguro.com.br\/site\"],\"url\":\"https:\/\/radioportoseguro.com.br\/site\/author\/hezio\/\"}]}<\/script>\n<!-- \/ Yoast SEO plugin. -->","yoast_head_json":{"title":"Fam\u00edlia louva a Deus ap\u00f3s filha passar em 2\u00ba lugar em Medicina: \u201cO Senhor deu vit\u00f3ria\u201d - R\u00e1dio Porto Seguro","robots":{"index":"index","follow":"follow","max-snippet":"max-snippet:-1","max-image-preview":"max-image-preview:large","max-video-preview":"max-video-preview:-1"},"canonical":"https:\/\/radioportoseguro.com.br\/site\/2026\/02\/06\/familia-louva-a-deus-apos-filha-passar-em-2o-lugar-em-medicina-o-senhor-deu-vitoria\/","og_locale":"pt_BR","og_type":"article","og_title":"Fam\u00edlia louva a Deus ap\u00f3s filha passar em 2\u00ba lugar em Medicina: \u201cO Senhor deu vit\u00f3ria\u201d - R\u00e1dio Porto Seguro","og_description":"Uma fam\u00edlia gerou como\u00e7\u00e3o nas redes sociais ao louvar a Deus ap\u00f3s a filha passar em 2\u00ba lugar em Medicina, em S\u00e3o Lu\u00eds, no Maranh\u00e3o. Sara Paiva Castro, de 21 anos, foi aprovada no concorrido curso da Universidade Estadual do Maranh\u00e3o (Uema). A lista dos aprovados no vestibular foi divulgada na \u00faltima segunda-feira (2) e [&hellip;]","og_url":"https:\/\/radioportoseguro.com.br\/site\/2026\/02\/06\/familia-louva-a-deus-apos-filha-passar-em-2o-lugar-em-medicina-o-senhor-deu-vitoria\/","og_site_name":"R\u00e1dio Porto Seguro","article_published_time":"2026-02-06T14:27:32+00:00","og_image":[{"url":"https:\/\/media.guiame.com.br\/archives\/2026\/02\/05\/1175799069-sara.jpeg","type":"","width":"","height":""}],"author":"admin","twitter_card":"summary_large_image","twitter_misc":{"Escrito por":"admin","Est. tempo de leitura":"2 minutos"},"schema":{"@context":"https:\/\/schema.org","@graph":[{"@type":"Article","@id":"https:\/\/radioportoseguro.com.br\/site\/2026\/02\/06\/familia-louva-a-deus-apos-filha-passar-em-2o-lugar-em-medicina-o-senhor-deu-vitoria\/#article","isPartOf":{"@id":"https:\/\/radioportoseguro.com.br\/site\/2026\/02\/06\/familia-louva-a-deus-apos-filha-passar-em-2o-lugar-em-medicina-o-senhor-deu-vitoria\/"},"author":{"name":"admin","@id":"https:\/\/radioportoseguro.com.br\/site\/#\/schema\/person\/7630acdc320186f13639d3c067ec089b"},"headline":"Fam\u00edlia louva a Deus ap\u00f3s filha passar em 2\u00ba lugar em Medicina: \u201cO Senhor deu vit\u00f3ria\u201d","datePublished":"2026-02-06T14:27:32+00:00","mainEntityOfPage":{"@id":"https:\/\/radioportoseguro.com.br\/site\/2026\/02\/06\/familia-louva-a-deus-apos-filha-passar-em-2o-lugar-em-medicina-o-senhor-deu-vitoria\/"},"wordCount":424,"image":{"@id":"https:\/\/radioportoseguro.com.br\/site\/2026\/02\/06\/familia-louva-a-deus-apos-filha-passar-em-2o-lugar-em-medicina-o-senhor-deu-vitoria\/#primaryimage"},"thumbnailUrl":"https:\/\/radioportoseguro.com.br\/site\/wp-content\/uploads\/2026\/02\/1175799069-sara.jpeg","articleSection":["Destaques"],"inLanguage":"pt-BR"},{"@type":"WebPage","@id":"https:\/\/radioportoseguro.com.br\/site\/2026\/02\/06\/familia-louva-a-deus-apos-filha-passar-em-2o-lugar-em-medicina-o-senhor-deu-vitoria\/","url":"https:\/\/radioportoseguro.com.br\/site\/2026\/02\/06\/familia-louva-a-deus-apos-filha-passar-em-2o-lugar-em-medicina-o-senhor-deu-vitoria\/","name":"Fam\u00edlia louva a Deus ap\u00f3s filha passar em 2\u00ba lugar em Medicina: \u201cO Senhor deu vit\u00f3ria\u201d - R\u00e1dio Porto Seguro","isPartOf":{"@id":"https:\/\/radioportoseguro.com.br\/site\/#website"},"primaryImageOfPage":{"@id":"https:\/\/radioportoseguro.com.br\/site\/2026\/02\/06\/familia-louva-a-deus-apos-filha-passar-em-2o-lugar-em-medicina-o-senhor-deu-vitoria\/#primaryimage"},"image":{"@id":"https:\/\/radioportoseguro.com.br\/site\/2026\/02\/06\/familia-louva-a-deus-apos-filha-passar-em-2o-lugar-em-medicina-o-senhor-deu-vitoria\/#primaryimage"},"thumbnailUrl":"https:\/\/radioportoseguro.com.br\/site\/wp-content\/uploads\/2026\/02\/1175799069-sara.jpeg","datePublished":"2026-02-06T14:27:32+00:00","author":{"@id":"https:\/\/radioportoseguro.com.br\/site\/#\/schema\/person\/7630acdc320186f13639d3c067ec089b"},"breadcrumb":{"@id":"https:\/\/radioportoseguro.com.br\/site\/2026\/02\/06\/familia-louva-a-deus-apos-filha-passar-em-2o-lugar-em-medicina-o-senhor-deu-vitoria\/#breadcrumb"},"inLanguage":"pt-BR","potentialAction":[{"@type":"ReadAction","target":["https:\/\/radioportoseguro.com.br\/site\/2026\/02\/06\/familia-louva-a-deus-apos-filha-passar-em-2o-lugar-em-medicina-o-senhor-deu-vitoria\/"]}]},{"@type":"ImageObject","inLanguage":"pt-BR","@id":"https:\/\/radioportoseguro.com.br\/site\/2026\/02\/06\/familia-louva-a-deus-apos-filha-passar-em-2o-lugar-em-medicina-o-senhor-deu-vitoria\/#primaryimage","url":"https:\/\/radioportoseguro.com.br\/site\/wp-content\/uploads\/2026\/02\/1175799069-sara.jpeg","contentUrl":"https:\/\/radioportoseguro.com.br\/site\/wp-content\/uploads\/2026\/02\/1175799069-sara.jpeg","width":1200,"height":600},{"@type":"BreadcrumbList","@id":"https:\/\/radioportoseguro.com.br\/site\/2026\/02\/06\/familia-louva-a-deus-apos-filha-passar-em-2o-lugar-em-medicina-o-senhor-deu-vitoria\/#breadcrumb","itemListElement":[{"@type":"ListItem","position":1,"name":"In\u00edcio","item":"https:\/\/radioportoseguro.com.br\/site\/"},{"@type":"ListItem","position":2,"name":"Fam\u00edlia louva a Deus ap\u00f3s filha passar em 2\u00ba lugar em Medicina: \u201cO Senhor deu vit\u00f3ria\u201d"}]},{"@type":"WebSite","@id":"https:\/\/radioportoseguro.com.br\/site\/#website","url":"https:\/\/radioportoseguro.com.br\/site\/","name":"R\u00e1dio Porto Seguro","description":"","potentialAction":[{"@type":"SearchAction","target":{"@type":"EntryPoint","urlTemplate":"https:\/\/radioportoseguro.com.br\/site\/?s={search_term_string}"},"query-input":{"@type":"PropertyValueSpecification","valueRequired":true,"valueName":"search_term_string"}}],"inLanguage":"pt-BR"},{"@type":"Person","@id":"https:\/\/radioportoseguro.com.br\/site\/#\/schema\/person\/7630acdc320186f13639d3c067ec089b","name":"admin","image":{"@type":"ImageObject","inLanguage":"pt-BR","@id":"https:\/\/radioportoseguro.com.br\/site\/#\/schema\/person\/image\/","url":"https:\/\/secure.gravatar.com\/avatar\/caacf4dc1eedb68fab0df8e1ed46c448e578b2466351bbcb61e47d2ac0caaef0?s=96&d=mm&r=g","contentUrl":"https:\/\/secure.gravatar.com\/avatar\/caacf4dc1eedb68fab0df8e1ed46c448e578b2466351bbcb61e47d2ac0caaef0?s=96&d=mm&r=g","caption":"admin"},"sameAs":["https:\/\/radioportoseguro.com.br\/site"],"url":"https:\/\/radioportoseguro.com.br\/site\/author\/hezio\/"}]}},"_links":{"self":[{"href":"https:\/\/radioportoseguro.com.br\/site\/wp-json\/wp\/v2\/posts\/3824","targetHints":{"allow":["GET"]}}],"collection":[{"href":"https:\/\/radioportoseguro.com.br\/site\/wp-json\/wp\/v2\/posts"}],"about":[{"href":"https:\/\/radioportoseguro.com.br\/site\/wp-json\/wp\/v2\/types\/post"}],"author":[{"embeddable":true,"href":"https:\/\/radioportoseguro.com.br\/site\/wp-json\/wp\/v2\/users\/1"}],"replies":[{"embeddable":true,"href":"https:\/\/radioportoseguro.com.br\/site\/wp-json\/wp\/v2\/comments?post=3824"}],"version-history":[{"count":0,"href":"https:\/\/radioportoseguro.com.br\/site\/wp-json\/wp\/v2\/posts\/3824\/revisions"}],"wp:featuredmedia":[{"embeddable":true,"href":"https:\/\/radioportoseguro.com.br\/site\/wp-json\/wp\/v2\/media\/3825"}],"wp:attachment":[{"href":"https:\/\/radioportoseguro.com.br\/site\/wp-json\/wp\/v2\/media?parent=3824"}],"wp:term":[{"taxonomy":"category","embeddable":true,"href":"https:\/\/radioportoseguro.com.br\/site\/wp-json\/wp\/v2\/categories?post=3824"},{"taxonomy":"post_tag","embeddable":true,"href":"https:\/\/radioportoseguro.com.br\/site\/wp-json\/wp\/v2\/tags?post=3824"}],"curies":[{"name":"wp","href":"https:\/\/api.w.org\/{rel}","templated":true}]}}