{"id":3830,"date":"2026-02-06T15:29:38","date_gmt":"2026-02-06T18:29:38","guid":{"rendered":"https:\/\/radioportoseguro.com.br\/site\/2026\/02\/06\/pastor-ensina-como-a-semeadura-define-o-futuro-em-novo-livro\/"},"modified":"2026-02-06T15:29:38","modified_gmt":"2026-02-06T18:29:38","slug":"pastor-ensina-como-a-semeadura-define-o-futuro-em-novo-livro","status":"publish","type":"post","link":"https:\/\/radioportoseguro.com.br\/site\/2026\/02\/06\/pastor-ensina-como-a-semeadura-define-o-futuro-em-novo-livro\/","title":{"rendered":"Pastor ensina como a semeadura define o futuro em novo livro"},"content":{"rendered":"<p><br \/>\n<\/p>\n<div>\n<p><span style=\"font-weight: 400;\">Em um tempo marcado pela busca por resultados imediatos, o livro <\/span><em><span style=\"font-weight: 400;\">O Futuro Mora no Cora\u00e7\u00e3o de uma Semente \u2013 O Poder Extraordin\u00e1rio da Semente<\/span><\/em><span style=\"font-weight: 400;\">, do pastor e escritor Eli\u00e3 Marcos Caetano, traz uma mensagem clara: o futuro come\u00e7a nas pequenas atitudes do presente.<\/span><\/p>\n<p><span style=\"font-weight: 400;\">Publicado pela Editora Renovada, o livro usa o princ\u00edpio b\u00edblico da semeadura e da colheita para mostrar que decis\u00f5es simples, feitas com f\u00e9 e obedi\u00eancia, podem gerar grandes transforma\u00e7\u00f5es ao longo do tempo.<\/span><\/p>\n<p><span style=\"font-weight: 400;\">Com uma linguagem f\u00e1cil e direta, a obra fala sobre temas pr\u00e1ticos da vida crist\u00e3, como gratid\u00e3o, honra, generosidade, sacrif\u00edcio, integridade, prop\u00f3sito e fidelidade a Deus.<\/span><\/p>\n<p><span style=\"font-weight: 400;\">Ao longo dos cap\u00edtulos, o autor refor\u00e7a que Deus trabalha por meio de processos. Nada acontece por acaso. Cada atitude, palavra ou escolha \u00e9 apresentada como uma semente que, no tempo certo, produz frutos.<\/span><\/p>\n<p><span style=\"font-weight: 400;\">\u201cO \u00fanico controle que temos sobre o futuro \u00e9 a semente que plantamos hoje\u201d, destaca Eli\u00e3 Caetano no livro.<\/span><\/p>\n<p><span style=\"font-weight: 400;\">Dividido em dez cap\u00edtulos, o conte\u00fado n\u00e3o segue o formato de autoajuda. O foco est\u00e1 em princ\u00edpios b\u00edblicos aplicados ao dia a dia, mostrando que o Reino de Deus funciona por valores que n\u00e3o mudam.<\/span><\/p>\n<p><span style=\"font-weight: 400;\">O autor tamb\u00e9m chama a aten\u00e7\u00e3o para sementes que n\u00e3o d\u00e3o resultado imediato. Segundo ele, muitas atitudes s\u00e3o plantadas n\u00e3o apenas para benef\u00edcio pessoal, mas para impactar outras pessoas e at\u00e9 gera\u00e7\u00f5es futuras.<\/span><\/p>\n<p><span style=\"font-weight: 400;\">O livro conta com pref\u00e1cio do pastor Carlito Paes, l\u00edder da Igreja da Cidade (SP), al\u00e9m de mensagens de apoio de pastores que acompanham o minist\u00e9rio do autor.<\/span><\/p>\n<p><span style=\"font-weight: 400;\">Ao comparar a vida com uma lavoura, Eli\u00e3 Caetano convida o leitor a viver com mais consci\u00eancia espiritual \u2014 cada escolha importa.<\/span><\/p>\n<p><span style=\"font-weight: 400;\">O livro <\/span><em><span style=\"font-weight: 400;\">O Futuro Mora no Cora\u00e7\u00e3o de uma Semente<\/span><\/em><span style=\"font-weight: 400;\"> pode ser adquirido atrav\u00e9s do telefone (41) 99649-2212.<\/span><\/p>\n<p style=\"text-align: center;\"><span style=\"font-weight: 400;\"><\/span><\/p>\n<p><strong>Sobre o autor<\/strong><\/p>\n<p><span style=\"font-weight: 400;\">Eli\u00e3 Marcos Caetano \u00e9 pastor s\u00eanior da Comunidade Renovada de Pinhais \u2013 1\u00aa IPR, desde 1996. Bacharel em Teologia, foi consagrado ao minist\u00e9rio apost\u00f3lico em 2008 e atua como mentor de pastores e l\u00edderes no Brasil e no exterior. \u00c9 presidente do Presbit\u00e9rio das Arauc\u00e1rias do Sul (IPRB), palestrante internacional e diretor da miss\u00e3o M\u00e3os Estendidas \u00c1frica (MME \u00c1frica).<\/span><\/p>\n<p><span style=\"font-weight: 400;\">Autor do livro <\/span><em><span style=\"font-weight: 400;\">Sementes de Inspira\u00e7\u00e3o e Esperan\u00e7a<\/span><\/em><span style=\"font-weight: 400;\"> (2022), Eli\u00e3 Caetano tamb\u00e9m desenvolve materiais pedag\u00f3gicos para a Escola B\u00edblica Dominical e atua na forma\u00e7\u00e3o espiritual e lideran\u00e7a crist\u00e3 em diversas na\u00e7\u00f5es.<\/span><\/p>\n<\/div>\n<p><br \/>\n<br \/>Fonte: Guiame <\/p>\n","protected":false},"excerpt":{"rendered":"<p>Em um tempo marcado pela busca por resultados imediatos, o livro O Futuro Mora no Cora\u00e7\u00e3o de uma Semente \u2013 O Poder Extraordin\u00e1rio da Semente, do pastor e escritor Eli\u00e3 Marcos Caetano, traz uma mensagem clara: o futuro come\u00e7a nas pequenas atitudes do presente. Publicado pela Editora Renovada, o livro usa o princ\u00edpio b\u00edblico da [&hellip;]<\/p>\n","protected":false},"author":1,"featured_media":3831,"comment_status":"","ping_status":"open","sticky":false,"template":"","format":"standard","meta":{"footnotes":""},"categories":[43],"tags":[],"class_list":["post-3830","post","type-post","status-publish","format-standard","has-post-thumbnail","hentry","category-destaques"],"yoast_head":"<!-- This site is optimized with the Yoast SEO plugin v26.8 - https:\/\/yoast.com\/product\/yoast-seo-wordpress\/ -->\n<title>Pastor ensina como a semeadura define o futuro em novo livro - R\u00e1dio Porto Seguro<\/title>\n<meta name=\"robots\" content=\"index, follow, max-snippet:-1, max-image-preview:large, max-video-preview:-1\" \/>\n<link rel=\"canonical\" href=\"https:\/\/radioportoseguro.com.br\/site\/2026\/02\/06\/pastor-ensina-como-a-semeadura-define-o-futuro-em-novo-livro\/\" \/>\n<meta property=\"og:locale\" content=\"pt_BR\" \/>\n<meta property=\"og:type\" content=\"article\" \/>\n<meta property=\"og:title\" content=\"Pastor ensina como a semeadura define o futuro em novo livro - R\u00e1dio Porto Seguro\" \/>\n<meta property=\"og:description\" content=\"Em um tempo marcado pela busca por resultados imediatos, o livro O Futuro Mora no Cora\u00e7\u00e3o de uma Semente \u2013 O Poder Extraordin\u00e1rio da Semente, do pastor e escritor Eli\u00e3 Marcos Caetano, traz uma mensagem clara: o futuro come\u00e7a nas pequenas atitudes do presente. Publicado pela Editora Renovada, o livro usa o princ\u00edpio b\u00edblico da [&hellip;]\" \/>\n<meta property=\"og:url\" content=\"https:\/\/radioportoseguro.com.br\/site\/2026\/02\/06\/pastor-ensina-como-a-semeadura-define-o-futuro-em-novo-livro\/\" \/>\n<meta property=\"og:site_name\" content=\"R\u00e1dio Porto Seguro\" \/>\n<meta property=\"article:published_time\" content=\"2026-02-06T18:29:38+00:00\" \/>\n<meta property=\"og:image\" content=\"https:\/\/thumbor.guiame.com.br\/unsafe\/smart\/https:\/\/media.guiame.com.br\/archives\/2026\/02\/05\/3067391555-.jpeg\" \/>\n<meta name=\"author\" content=\"admin\" \/>\n<meta name=\"twitter:card\" content=\"summary_large_image\" \/>\n<meta name=\"twitter:label1\" content=\"Escrito por\" \/>\n\t<meta name=\"twitter:data1\" content=\"admin\" \/>\n\t<meta name=\"twitter:label2\" content=\"Est. tempo de leitura\" \/>\n\t<meta name=\"twitter:data2\" content=\"2 minutos\" \/>\n<script type=\"application\/ld+json\" class=\"yoast-schema-graph\">{\"@context\":\"https:\/\/schema.org\",\"@graph\":[{\"@type\":\"Article\",\"@id\":\"https:\/\/radioportoseguro.com.br\/site\/2026\/02\/06\/pastor-ensina-como-a-semeadura-define-o-futuro-em-novo-livro\/#article\",\"isPartOf\":{\"@id\":\"https:\/\/radioportoseguro.com.br\/site\/2026\/02\/06\/pastor-ensina-como-a-semeadura-define-o-futuro-em-novo-livro\/\"},\"author\":{\"name\":\"admin\",\"@id\":\"https:\/\/radioportoseguro.com.br\/site\/#\/schema\/person\/7630acdc320186f13639d3c067ec089b\"},\"headline\":\"Pastor ensina como a semeadura define o futuro em novo livro\",\"datePublished\":\"2026-02-06T18:29:38+00:00\",\"mainEntityOfPage\":{\"@id\":\"https:\/\/radioportoseguro.com.br\/site\/2026\/02\/06\/pastor-ensina-como-a-semeadura-define-o-futuro-em-novo-livro\/\"},\"wordCount\":440,\"image\":{\"@id\":\"https:\/\/radioportoseguro.com.br\/site\/2026\/02\/06\/pastor-ensina-como-a-semeadura-define-o-futuro-em-novo-livro\/#primaryimage\"},\"thumbnailUrl\":\"https:\/\/radioportoseguro.com.br\/site\/wp-content\/uploads\/2026\/02\/506909833-elia-marcos-caetano.jpg\",\"articleSection\":[\"Destaques\"],\"inLanguage\":\"pt-BR\"},{\"@type\":\"WebPage\",\"@id\":\"https:\/\/radioportoseguro.com.br\/site\/2026\/02\/06\/pastor-ensina-como-a-semeadura-define-o-futuro-em-novo-livro\/\",\"url\":\"https:\/\/radioportoseguro.com.br\/site\/2026\/02\/06\/pastor-ensina-como-a-semeadura-define-o-futuro-em-novo-livro\/\",\"name\":\"Pastor ensina como a semeadura define o futuro em novo livro - R\u00e1dio Porto Seguro\",\"isPartOf\":{\"@id\":\"https:\/\/radioportoseguro.com.br\/site\/#website\"},\"primaryImageOfPage\":{\"@id\":\"https:\/\/radioportoseguro.com.br\/site\/2026\/02\/06\/pastor-ensina-como-a-semeadura-define-o-futuro-em-novo-livro\/#primaryimage\"},\"image\":{\"@id\":\"https:\/\/radioportoseguro.com.br\/site\/2026\/02\/06\/pastor-ensina-como-a-semeadura-define-o-futuro-em-novo-livro\/#primaryimage\"},\"thumbnailUrl\":\"https:\/\/radioportoseguro.com.br\/site\/wp-content\/uploads\/2026\/02\/506909833-elia-marcos-caetano.jpg\",\"datePublished\":\"2026-02-06T18:29:38+00:00\",\"author\":{\"@id\":\"https:\/\/radioportoseguro.com.br\/site\/#\/schema\/person\/7630acdc320186f13639d3c067ec089b\"},\"breadcrumb\":{\"@id\":\"https:\/\/radioportoseguro.com.br\/site\/2026\/02\/06\/pastor-ensina-como-a-semeadura-define-o-futuro-em-novo-livro\/#breadcrumb\"},\"inLanguage\":\"pt-BR\",\"potentialAction\":[{\"@type\":\"ReadAction\",\"target\":[\"https:\/\/radioportoseguro.com.br\/site\/2026\/02\/06\/pastor-ensina-como-a-semeadura-define-o-futuro-em-novo-livro\/\"]}]},{\"@type\":\"ImageObject\",\"inLanguage\":\"pt-BR\",\"@id\":\"https:\/\/radioportoseguro.com.br\/site\/2026\/02\/06\/pastor-ensina-como-a-semeadura-define-o-futuro-em-novo-livro\/#primaryimage\",\"url\":\"https:\/\/radioportoseguro.com.br\/site\/wp-content\/uploads\/2026\/02\/506909833-elia-marcos-caetano.jpg\",\"contentUrl\":\"https:\/\/radioportoseguro.com.br\/site\/wp-content\/uploads\/2026\/02\/506909833-elia-marcos-caetano.jpg\",\"width\":1200,\"height\":600},{\"@type\":\"BreadcrumbList\",\"@id\":\"https:\/\/radioportoseguro.com.br\/site\/2026\/02\/06\/pastor-ensina-como-a-semeadura-define-o-futuro-em-novo-livro\/#breadcrumb\",\"itemListElement\":[{\"@type\":\"ListItem\",\"position\":1,\"name\":\"In\u00edcio\",\"item\":\"https:\/\/radioportoseguro.com.br\/site\/\"},{\"@type\":\"ListItem\",\"position\":2,\"name\":\"Pastor ensina como a semeadura define o futuro em novo livro\"}]},{\"@type\":\"WebSite\",\"@id\":\"https:\/\/radioportoseguro.com.br\/site\/#website\",\"url\":\"https:\/\/radioportoseguro.com.br\/site\/\",\"name\":\"R\u00e1dio Porto Seguro\",\"description\":\"\",\"potentialAction\":[{\"@type\":\"SearchAction\",\"target\":{\"@type\":\"EntryPoint\",\"urlTemplate\":\"https:\/\/radioportoseguro.com.br\/site\/?s={search_term_string}\"},\"query-input\":{\"@type\":\"PropertyValueSpecification\",\"valueRequired\":true,\"valueName\":\"search_term_string\"}}],\"inLanguage\":\"pt-BR\"},{\"@type\":\"Person\",\"@id\":\"https:\/\/radioportoseguro.com.br\/site\/#\/schema\/person\/7630acdc320186f13639d3c067ec089b\",\"name\":\"admin\",\"image\":{\"@type\":\"ImageObject\",\"inLanguage\":\"pt-BR\",\"@id\":\"https:\/\/radioportoseguro.com.br\/site\/#\/schema\/person\/image\/\",\"url\":\"https:\/\/secure.gravatar.com\/avatar\/caacf4dc1eedb68fab0df8e1ed46c448e578b2466351bbcb61e47d2ac0caaef0?s=96&d=mm&r=g\",\"contentUrl\":\"https:\/\/secure.gravatar.com\/avatar\/caacf4dc1eedb68fab0df8e1ed46c448e578b2466351bbcb61e47d2ac0caaef0?s=96&d=mm&r=g\",\"caption\":\"admin\"},\"sameAs\":[\"https:\/\/radioportoseguro.com.br\/site\"],\"url\":\"https:\/\/radioportoseguro.com.br\/site\/author\/hezio\/\"}]}<\/script>\n<!-- \/ Yoast SEO plugin. -->","yoast_head_json":{"title":"Pastor ensina como a semeadura define o futuro em novo livro - R\u00e1dio Porto Seguro","robots":{"index":"index","follow":"follow","max-snippet":"max-snippet:-1","max-image-preview":"max-image-preview:large","max-video-preview":"max-video-preview:-1"},"canonical":"https:\/\/radioportoseguro.com.br\/site\/2026\/02\/06\/pastor-ensina-como-a-semeadura-define-o-futuro-em-novo-livro\/","og_locale":"pt_BR","og_type":"article","og_title":"Pastor ensina como a semeadura define o futuro em novo livro - R\u00e1dio Porto Seguro","og_description":"Em um tempo marcado pela busca por resultados imediatos, o livro O Futuro Mora no Cora\u00e7\u00e3o de uma Semente \u2013 O Poder Extraordin\u00e1rio da Semente, do pastor e escritor Eli\u00e3 Marcos Caetano, traz uma mensagem clara: o futuro come\u00e7a nas pequenas atitudes do presente. Publicado pela Editora Renovada, o livro usa o princ\u00edpio b\u00edblico da [&hellip;]","og_url":"https:\/\/radioportoseguro.com.br\/site\/2026\/02\/06\/pastor-ensina-como-a-semeadura-define-o-futuro-em-novo-livro\/","og_site_name":"R\u00e1dio Porto Seguro","article_published_time":"2026-02-06T18:29:38+00:00","og_image":[{"url":"https:\/\/thumbor.guiame.com.br\/unsafe\/smart\/https:\/\/media.guiame.com.br\/archives\/2026\/02\/05\/3067391555-.jpeg","type":"","width":"","height":""}],"author":"admin","twitter_card":"summary_large_image","twitter_misc":{"Escrito por":"admin","Est. tempo de leitura":"2 minutos"},"schema":{"@context":"https:\/\/schema.org","@graph":[{"@type":"Article","@id":"https:\/\/radioportoseguro.com.br\/site\/2026\/02\/06\/pastor-ensina-como-a-semeadura-define-o-futuro-em-novo-livro\/#article","isPartOf":{"@id":"https:\/\/radioportoseguro.com.br\/site\/2026\/02\/06\/pastor-ensina-como-a-semeadura-define-o-futuro-em-novo-livro\/"},"author":{"name":"admin","@id":"https:\/\/radioportoseguro.com.br\/site\/#\/schema\/person\/7630acdc320186f13639d3c067ec089b"},"headline":"Pastor ensina como a semeadura define o futuro em novo livro","datePublished":"2026-02-06T18:29:38+00:00","mainEntityOfPage":{"@id":"https:\/\/radioportoseguro.com.br\/site\/2026\/02\/06\/pastor-ensina-como-a-semeadura-define-o-futuro-em-novo-livro\/"},"wordCount":440,"image":{"@id":"https:\/\/radioportoseguro.com.br\/site\/2026\/02\/06\/pastor-ensina-como-a-semeadura-define-o-futuro-em-novo-livro\/#primaryimage"},"thumbnailUrl":"https:\/\/radioportoseguro.com.br\/site\/wp-content\/uploads\/2026\/02\/506909833-elia-marcos-caetano.jpg","articleSection":["Destaques"],"inLanguage":"pt-BR"},{"@type":"WebPage","@id":"https:\/\/radioportoseguro.com.br\/site\/2026\/02\/06\/pastor-ensina-como-a-semeadura-define-o-futuro-em-novo-livro\/","url":"https:\/\/radioportoseguro.com.br\/site\/2026\/02\/06\/pastor-ensina-como-a-semeadura-define-o-futuro-em-novo-livro\/","name":"Pastor ensina como a semeadura define o futuro em novo livro - R\u00e1dio Porto Seguro","isPartOf":{"@id":"https:\/\/radioportoseguro.com.br\/site\/#website"},"primaryImageOfPage":{"@id":"https:\/\/radioportoseguro.com.br\/site\/2026\/02\/06\/pastor-ensina-como-a-semeadura-define-o-futuro-em-novo-livro\/#primaryimage"},"image":{"@id":"https:\/\/radioportoseguro.com.br\/site\/2026\/02\/06\/pastor-ensina-como-a-semeadura-define-o-futuro-em-novo-livro\/#primaryimage"},"thumbnailUrl":"https:\/\/radioportoseguro.com.br\/site\/wp-content\/uploads\/2026\/02\/506909833-elia-marcos-caetano.jpg","datePublished":"2026-02-06T18:29:38+00:00","author":{"@id":"https:\/\/radioportoseguro.com.br\/site\/#\/schema\/person\/7630acdc320186f13639d3c067ec089b"},"breadcrumb":{"@id":"https:\/\/radioportoseguro.com.br\/site\/2026\/02\/06\/pastor-ensina-como-a-semeadura-define-o-futuro-em-novo-livro\/#breadcrumb"},"inLanguage":"pt-BR","potentialAction":[{"@type":"ReadAction","target":["https:\/\/radioportoseguro.com.br\/site\/2026\/02\/06\/pastor-ensina-como-a-semeadura-define-o-futuro-em-novo-livro\/"]}]},{"@type":"ImageObject","inLanguage":"pt-BR","@id":"https:\/\/radioportoseguro.com.br\/site\/2026\/02\/06\/pastor-ensina-como-a-semeadura-define-o-futuro-em-novo-livro\/#primaryimage","url":"https:\/\/radioportoseguro.com.br\/site\/wp-content\/uploads\/2026\/02\/506909833-elia-marcos-caetano.jpg","contentUrl":"https:\/\/radioportoseguro.com.br\/site\/wp-content\/uploads\/2026\/02\/506909833-elia-marcos-caetano.jpg","width":1200,"height":600},{"@type":"BreadcrumbList","@id":"https:\/\/radioportoseguro.com.br\/site\/2026\/02\/06\/pastor-ensina-como-a-semeadura-define-o-futuro-em-novo-livro\/#breadcrumb","itemListElement":[{"@type":"ListItem","position":1,"name":"In\u00edcio","item":"https:\/\/radioportoseguro.com.br\/site\/"},{"@type":"ListItem","position":2,"name":"Pastor ensina como a semeadura define o futuro em novo livro"}]},{"@type":"WebSite","@id":"https:\/\/radioportoseguro.com.br\/site\/#website","url":"https:\/\/radioportoseguro.com.br\/site\/","name":"R\u00e1dio Porto Seguro","description":"","potentialAction":[{"@type":"SearchAction","target":{"@type":"EntryPoint","urlTemplate":"https:\/\/radioportoseguro.com.br\/site\/?s={search_term_string}"},"query-input":{"@type":"PropertyValueSpecification","valueRequired":true,"valueName":"search_term_string"}}],"inLanguage":"pt-BR"},{"@type":"Person","@id":"https:\/\/radioportoseguro.com.br\/site\/#\/schema\/person\/7630acdc320186f13639d3c067ec089b","name":"admin","image":{"@type":"ImageObject","inLanguage":"pt-BR","@id":"https:\/\/radioportoseguro.com.br\/site\/#\/schema\/person\/image\/","url":"https:\/\/secure.gravatar.com\/avatar\/caacf4dc1eedb68fab0df8e1ed46c448e578b2466351bbcb61e47d2ac0caaef0?s=96&d=mm&r=g","contentUrl":"https:\/\/secure.gravatar.com\/avatar\/caacf4dc1eedb68fab0df8e1ed46c448e578b2466351bbcb61e47d2ac0caaef0?s=96&d=mm&r=g","caption":"admin"},"sameAs":["https:\/\/radioportoseguro.com.br\/site"],"url":"https:\/\/radioportoseguro.com.br\/site\/author\/hezio\/"}]}},"_links":{"self":[{"href":"https:\/\/radioportoseguro.com.br\/site\/wp-json\/wp\/v2\/posts\/3830","targetHints":{"allow":["GET"]}}],"collection":[{"href":"https:\/\/radioportoseguro.com.br\/site\/wp-json\/wp\/v2\/posts"}],"about":[{"href":"https:\/\/radioportoseguro.com.br\/site\/wp-json\/wp\/v2\/types\/post"}],"author":[{"embeddable":true,"href":"https:\/\/radioportoseguro.com.br\/site\/wp-json\/wp\/v2\/users\/1"}],"replies":[{"embeddable":true,"href":"https:\/\/radioportoseguro.com.br\/site\/wp-json\/wp\/v2\/comments?post=3830"}],"version-history":[{"count":0,"href":"https:\/\/radioportoseguro.com.br\/site\/wp-json\/wp\/v2\/posts\/3830\/revisions"}],"wp:featuredmedia":[{"embeddable":true,"href":"https:\/\/radioportoseguro.com.br\/site\/wp-json\/wp\/v2\/media\/3831"}],"wp:attachment":[{"href":"https:\/\/radioportoseguro.com.br\/site\/wp-json\/wp\/v2\/media?parent=3830"}],"wp:term":[{"taxonomy":"category","embeddable":true,"href":"https:\/\/radioportoseguro.com.br\/site\/wp-json\/wp\/v2\/categories?post=3830"},{"taxonomy":"post_tag","embeddable":true,"href":"https:\/\/radioportoseguro.com.br\/site\/wp-json\/wp\/v2\/tags?post=3830"}],"curies":[{"name":"wp","href":"https:\/\/api.w.org\/{rel}","templated":true}]}}