{"id":3834,"date":"2026-02-06T17:30:58","date_gmt":"2026-02-06T20:30:58","guid":{"rendered":"https:\/\/radioportoseguro.com.br\/site\/2026\/02\/06\/adolescente-nada-por-4-horas-para-salvar-familia-no-mar-foi-deus-o-tempo-todo\/"},"modified":"2026-02-06T17:30:58","modified_gmt":"2026-02-06T20:30:58","slug":"adolescente-nada-por-4-horas-para-salvar-familia-no-mar-foi-deus-o-tempo-todo","status":"publish","type":"post","link":"https:\/\/radioportoseguro.com.br\/site\/2026\/02\/06\/adolescente-nada-por-4-horas-para-salvar-familia-no-mar-foi-deus-o-tempo-todo\/","title":{"rendered":"Adolescente nada por 4 horas para salvar fam\u00edlia no mar: \u201cFoi Deus o tempo todo\u201d"},"content":{"rendered":"<p><br \/>\n<br \/><\/p>\n<div>\n<p>Um adolescente australiano de 13 anos foi descrito como \u201csobre-humano\u201d ap\u00f3s realizar um feito raro de resist\u00eancia para salvar sua fam\u00edlia, que ficou \u00e0 deriva no mar.<\/p>\n<p>Austin Appelbee nadou cerca de 4 km at\u00e9 a costa e, em seguida, correu mais 2 km para conseguir ajuda e acionar os servi\u00e7os de emerg\u00eancia.<\/p>\n<p>Para ele, al\u00e9m da for\u00e7a f\u00edsica, a f\u00e9 teve papel central durante a travessia.<\/p>\n<p>Em relato emocionado, ele atribuiu o feito \u00e0 a\u00e7\u00e3o de Deus e disse que passou o tempo todo em <span style=\"color: #800000;\"><strong>ora\u00e7\u00e3o<\/strong><\/span>:<\/p>\n<p>\u201cAcho que foi Deus o tempo todo. Eu fiquei orando, fiquei orando. E eu disse para Deus: \u2018Eu vou me batizar, vou me batizar, tudo isso\u2019. E a\u00ed eu fui \u00e0 igreja no domingo.\u201d<\/p>\n<p>O caso aconteceu na tarde de sexta-feira (30\/01), durante f\u00e9rias da fam\u00edlia em Quindalup, cerca de 200 km ao sul de Perth, na <span style=\"color: #800000;\"><strong>Austr\u00e1lia<\/strong><\/span>.<\/p>\n<blockquote class=\"instagram-media\" style=\"background: #FFF; border: 0; border-radius: 3px; box-shadow: 0 0 1px 0 rgba(0,0,0,0.5),0 1px 10px 0 rgba(0,0,0,0.15); margin: 1px; max-width: 540px; min-width: 326px; padding: 0; width: calc(100% - 2px);\" data-instgrm-captioned=\"\" data-instgrm-permalink=\"https:\/\/www.instagram.com\/reel\/DUYAPVvjJH6\/?utm_source=ig_embed&amp;utm_campaign=loading\" data-instgrm-version=\"14\"><p>&#13;<br \/>\n&#13;\n<\/p><\/blockquote>\n<p>Ventos fortes empurraram para longe da costa os paddleboards infl\u00e1veis e um caiaque utilizados por Austin e seus familiares, que acabaram sendo levados mar adentro na regi\u00e3o de Geographe Bay.<\/p>\n<p><strong>Agradecimento a Deus<\/strong><\/p>\n<p>Segundo a m\u00e3e do garoto, Joanne Appelbee, a situa\u00e7\u00e3o se tornou rapidamente cr\u00edtica, e ela decidiu pedir ao filho que tentasse chegar \u00e0 costa para buscar socorro.<\/p>\n<p>Ela descreveu o momento como um dos mais dif\u00edceis de sua vida:<\/p>\n<p>\u201cUma das decis\u00f5es mais dif\u00edceis que eu j\u00e1 tive que tomar foi dizer ao Austin: tente chegar \u00e0 costa e buscar ajuda. Isso poderia ficar muito s\u00e9rio muito rapidamente. Eu pensei: vou transferir isso para ele \u2013 era tudo o que importava. Ent\u00e3o foi isso. E, gra\u00e7as a Deus, deu certo. Teve um bom desfecho.\u201d<\/p>\n<p>Austin chegou a tentar rebocar a fam\u00edlia \u2013 a m\u00e3e e os irm\u00e3os Beau, de 12 anos, e Grace, de 8 \u2013 usando o caiaque, mas a tentativa falhou devido \u00e0s condi\u00e7\u00f5es do mar agitado.<\/p>\n<p>O adolescente precisou abandonar a embarca\u00e7\u00e3o depois que ela assumiu muita \u00e1gua, e ent\u00e3o seguiu nadando por cerca de quatro horas em mar agitado, alternando estilos para economizar energia e resistir \u00e0s ondas.<\/p>\n<p><strong>Exaust\u00e3o<\/strong><\/p>\n<p>Ao alcan\u00e7ar a costa j\u00e1 com a luz do dia diminuindo, ele correu aproximadamente 2 km at\u00e9 o alojamento da fam\u00edlia e usou o celular da m\u00e3e para chamar os servi\u00e7os de emerg\u00eancia por volta das 18h.<\/p>\n<p>\u201cEu disse: \u2018Eu preciso de helic\u00f3pteros, eu preciso de avi\u00f5es, eu preciso de barcos, minha fam\u00edlia est\u00e1 no mar\u2019\u201d, relatou. \u201cEu estava muito calmo sobre isso. Acho que foi apenas um grande choque.\u201d<\/p>\n<p>Ap\u00f3s a liga\u00e7\u00e3o, Austin desmaiou de exaust\u00e3o e foi levado ao hospital. A fam\u00edlia foi resgatada posteriormente, j\u00e1 flutuando cerca de 14 km mar adentro.<\/p>\n<p>De acordo com informa\u00e7\u00f5es divulgadas pela ABC, o garoto precisou usar muletas para ajudar as pernas doloridas a suportarem o peso do corpo.<\/p>\n<\/div>\n<p><script async src=\"\/\/www.instagram.com\/embed.js\"><\/script><br \/>\n<br \/><br \/>\n<br \/>Fonte: Guiame <\/p>\n","protected":false},"excerpt":{"rendered":"<p>Um adolescente australiano de 13 anos foi descrito como \u201csobre-humano\u201d ap\u00f3s realizar um feito raro de resist\u00eancia para salvar sua fam\u00edlia, que ficou \u00e0 deriva no mar. Austin Appelbee nadou cerca de 4 km at\u00e9 a costa e, em seguida, correu mais 2 km para conseguir ajuda e acionar os servi\u00e7os de emerg\u00eancia. Para ele, [&hellip;]<\/p>\n","protected":false},"author":1,"featured_media":3835,"comment_status":"","ping_status":"open","sticky":false,"template":"","format":"standard","meta":{"footnotes":""},"categories":[43],"tags":[],"class_list":["post-3834","post","type-post","status-publish","format-standard","has-post-thumbnail","hentry","category-destaques"],"yoast_head":"<!-- This site is optimized with the Yoast SEO plugin v26.8 - https:\/\/yoast.com\/product\/yoast-seo-wordpress\/ -->\n<title>Adolescente nada por 4 horas para salvar fam\u00edlia no mar: \u201cFoi Deus o tempo todo\u201d - R\u00e1dio Porto Seguro<\/title>\n<meta name=\"robots\" content=\"index, follow, max-snippet:-1, max-image-preview:large, max-video-preview:-1\" \/>\n<link rel=\"canonical\" href=\"https:\/\/radioportoseguro.com.br\/site\/2026\/02\/06\/adolescente-nada-por-4-horas-para-salvar-familia-no-mar-foi-deus-o-tempo-todo\/\" \/>\n<meta property=\"og:locale\" content=\"pt_BR\" \/>\n<meta property=\"og:type\" content=\"article\" \/>\n<meta property=\"og:title\" content=\"Adolescente nada por 4 horas para salvar fam\u00edlia no mar: \u201cFoi Deus o tempo todo\u201d - R\u00e1dio Porto Seguro\" \/>\n<meta property=\"og:description\" content=\"Um adolescente australiano de 13 anos foi descrito como \u201csobre-humano\u201d ap\u00f3s realizar um feito raro de resist\u00eancia para salvar sua fam\u00edlia, que ficou \u00e0 deriva no mar. Austin Appelbee nadou cerca de 4 km at\u00e9 a costa e, em seguida, correu mais 2 km para conseguir ajuda e acionar os servi\u00e7os de emerg\u00eancia. Para ele, [&hellip;]\" \/>\n<meta property=\"og:url\" content=\"https:\/\/radioportoseguro.com.br\/site\/2026\/02\/06\/adolescente-nada-por-4-horas-para-salvar-familia-no-mar-foi-deus-o-tempo-todo\/\" \/>\n<meta property=\"og:site_name\" content=\"R\u00e1dio Porto Seguro\" \/>\n<meta property=\"article:published_time\" content=\"2026-02-06T20:30:58+00:00\" \/>\n<meta property=\"og:image\" content=\"https:\/\/media.guiame.com.br\/archives\/2026\/02\/05\/3155251351-austin-appelbee.png\" \/>\n<meta name=\"author\" content=\"admin\" \/>\n<meta name=\"twitter:card\" content=\"summary_large_image\" \/>\n<meta name=\"twitter:label1\" content=\"Escrito por\" \/>\n\t<meta name=\"twitter:data1\" content=\"admin\" \/>\n\t<meta name=\"twitter:label2\" content=\"Est. tempo de leitura\" \/>\n\t<meta name=\"twitter:data2\" content=\"2 minutos\" \/>\n<script type=\"application\/ld+json\" class=\"yoast-schema-graph\">{\"@context\":\"https:\/\/schema.org\",\"@graph\":[{\"@type\":\"Article\",\"@id\":\"https:\/\/radioportoseguro.com.br\/site\/2026\/02\/06\/adolescente-nada-por-4-horas-para-salvar-familia-no-mar-foi-deus-o-tempo-todo\/#article\",\"isPartOf\":{\"@id\":\"https:\/\/radioportoseguro.com.br\/site\/2026\/02\/06\/adolescente-nada-por-4-horas-para-salvar-familia-no-mar-foi-deus-o-tempo-todo\/\"},\"author\":{\"name\":\"admin\",\"@id\":\"https:\/\/radioportoseguro.com.br\/site\/#\/schema\/person\/7630acdc320186f13639d3c067ec089b\"},\"headline\":\"Adolescente nada por 4 horas para salvar fam\u00edlia no mar: \u201cFoi Deus o tempo todo\u201d\",\"datePublished\":\"2026-02-06T20:30:58+00:00\",\"mainEntityOfPage\":{\"@id\":\"https:\/\/radioportoseguro.com.br\/site\/2026\/02\/06\/adolescente-nada-por-4-horas-para-salvar-familia-no-mar-foi-deus-o-tempo-todo\/\"},\"wordCount\":505,\"image\":{\"@id\":\"https:\/\/radioportoseguro.com.br\/site\/2026\/02\/06\/adolescente-nada-por-4-horas-para-salvar-familia-no-mar-foi-deus-o-tempo-todo\/#primaryimage\"},\"thumbnailUrl\":\"https:\/\/radioportoseguro.com.br\/site\/wp-content\/uploads\/2026\/02\/3155251351-austin-appelbee.png\",\"articleSection\":[\"Destaques\"],\"inLanguage\":\"pt-BR\"},{\"@type\":\"WebPage\",\"@id\":\"https:\/\/radioportoseguro.com.br\/site\/2026\/02\/06\/adolescente-nada-por-4-horas-para-salvar-familia-no-mar-foi-deus-o-tempo-todo\/\",\"url\":\"https:\/\/radioportoseguro.com.br\/site\/2026\/02\/06\/adolescente-nada-por-4-horas-para-salvar-familia-no-mar-foi-deus-o-tempo-todo\/\",\"name\":\"Adolescente nada por 4 horas para salvar fam\u00edlia no mar: \u201cFoi Deus o tempo todo\u201d - R\u00e1dio Porto Seguro\",\"isPartOf\":{\"@id\":\"https:\/\/radioportoseguro.com.br\/site\/#website\"},\"primaryImageOfPage\":{\"@id\":\"https:\/\/radioportoseguro.com.br\/site\/2026\/02\/06\/adolescente-nada-por-4-horas-para-salvar-familia-no-mar-foi-deus-o-tempo-todo\/#primaryimage\"},\"image\":{\"@id\":\"https:\/\/radioportoseguro.com.br\/site\/2026\/02\/06\/adolescente-nada-por-4-horas-para-salvar-familia-no-mar-foi-deus-o-tempo-todo\/#primaryimage\"},\"thumbnailUrl\":\"https:\/\/radioportoseguro.com.br\/site\/wp-content\/uploads\/2026\/02\/3155251351-austin-appelbee.png\",\"datePublished\":\"2026-02-06T20:30:58+00:00\",\"author\":{\"@id\":\"https:\/\/radioportoseguro.com.br\/site\/#\/schema\/person\/7630acdc320186f13639d3c067ec089b\"},\"breadcrumb\":{\"@id\":\"https:\/\/radioportoseguro.com.br\/site\/2026\/02\/06\/adolescente-nada-por-4-horas-para-salvar-familia-no-mar-foi-deus-o-tempo-todo\/#breadcrumb\"},\"inLanguage\":\"pt-BR\",\"potentialAction\":[{\"@type\":\"ReadAction\",\"target\":[\"https:\/\/radioportoseguro.com.br\/site\/2026\/02\/06\/adolescente-nada-por-4-horas-para-salvar-familia-no-mar-foi-deus-o-tempo-todo\/\"]}]},{\"@type\":\"ImageObject\",\"inLanguage\":\"pt-BR\",\"@id\":\"https:\/\/radioportoseguro.com.br\/site\/2026\/02\/06\/adolescente-nada-por-4-horas-para-salvar-familia-no-mar-foi-deus-o-tempo-todo\/#primaryimage\",\"url\":\"https:\/\/radioportoseguro.com.br\/site\/wp-content\/uploads\/2026\/02\/3155251351-austin-appelbee.png\",\"contentUrl\":\"https:\/\/radioportoseguro.com.br\/site\/wp-content\/uploads\/2026\/02\/3155251351-austin-appelbee.png\",\"width\":1200,\"height\":600},{\"@type\":\"BreadcrumbList\",\"@id\":\"https:\/\/radioportoseguro.com.br\/site\/2026\/02\/06\/adolescente-nada-por-4-horas-para-salvar-familia-no-mar-foi-deus-o-tempo-todo\/#breadcrumb\",\"itemListElement\":[{\"@type\":\"ListItem\",\"position\":1,\"name\":\"In\u00edcio\",\"item\":\"https:\/\/radioportoseguro.com.br\/site\/\"},{\"@type\":\"ListItem\",\"position\":2,\"name\":\"Adolescente nada por 4 horas para salvar fam\u00edlia no mar: \u201cFoi Deus o tempo todo\u201d\"}]},{\"@type\":\"WebSite\",\"@id\":\"https:\/\/radioportoseguro.com.br\/site\/#website\",\"url\":\"https:\/\/radioportoseguro.com.br\/site\/\",\"name\":\"R\u00e1dio Porto Seguro\",\"description\":\"\",\"potentialAction\":[{\"@type\":\"SearchAction\",\"target\":{\"@type\":\"EntryPoint\",\"urlTemplate\":\"https:\/\/radioportoseguro.com.br\/site\/?s={search_term_string}\"},\"query-input\":{\"@type\":\"PropertyValueSpecification\",\"valueRequired\":true,\"valueName\":\"search_term_string\"}}],\"inLanguage\":\"pt-BR\"},{\"@type\":\"Person\",\"@id\":\"https:\/\/radioportoseguro.com.br\/site\/#\/schema\/person\/7630acdc320186f13639d3c067ec089b\",\"name\":\"admin\",\"image\":{\"@type\":\"ImageObject\",\"inLanguage\":\"pt-BR\",\"@id\":\"https:\/\/radioportoseguro.com.br\/site\/#\/schema\/person\/image\/\",\"url\":\"https:\/\/secure.gravatar.com\/avatar\/caacf4dc1eedb68fab0df8e1ed46c448e578b2466351bbcb61e47d2ac0caaef0?s=96&d=mm&r=g\",\"contentUrl\":\"https:\/\/secure.gravatar.com\/avatar\/caacf4dc1eedb68fab0df8e1ed46c448e578b2466351bbcb61e47d2ac0caaef0?s=96&d=mm&r=g\",\"caption\":\"admin\"},\"sameAs\":[\"https:\/\/radioportoseguro.com.br\/site\"],\"url\":\"https:\/\/radioportoseguro.com.br\/site\/author\/hezio\/\"}]}<\/script>\n<!-- \/ Yoast SEO plugin. -->","yoast_head_json":{"title":"Adolescente nada por 4 horas para salvar fam\u00edlia no mar: \u201cFoi Deus o tempo todo\u201d - R\u00e1dio Porto Seguro","robots":{"index":"index","follow":"follow","max-snippet":"max-snippet:-1","max-image-preview":"max-image-preview:large","max-video-preview":"max-video-preview:-1"},"canonical":"https:\/\/radioportoseguro.com.br\/site\/2026\/02\/06\/adolescente-nada-por-4-horas-para-salvar-familia-no-mar-foi-deus-o-tempo-todo\/","og_locale":"pt_BR","og_type":"article","og_title":"Adolescente nada por 4 horas para salvar fam\u00edlia no mar: \u201cFoi Deus o tempo todo\u201d - R\u00e1dio Porto Seguro","og_description":"Um adolescente australiano de 13 anos foi descrito como \u201csobre-humano\u201d ap\u00f3s realizar um feito raro de resist\u00eancia para salvar sua fam\u00edlia, que ficou \u00e0 deriva no mar. Austin Appelbee nadou cerca de 4 km at\u00e9 a costa e, em seguida, correu mais 2 km para conseguir ajuda e acionar os servi\u00e7os de emerg\u00eancia. Para ele, [&hellip;]","og_url":"https:\/\/radioportoseguro.com.br\/site\/2026\/02\/06\/adolescente-nada-por-4-horas-para-salvar-familia-no-mar-foi-deus-o-tempo-todo\/","og_site_name":"R\u00e1dio Porto Seguro","article_published_time":"2026-02-06T20:30:58+00:00","og_image":[{"url":"https:\/\/media.guiame.com.br\/archives\/2026\/02\/05\/3155251351-austin-appelbee.png","type":"","width":"","height":""}],"author":"admin","twitter_card":"summary_large_image","twitter_misc":{"Escrito por":"admin","Est. tempo de leitura":"2 minutos"},"schema":{"@context":"https:\/\/schema.org","@graph":[{"@type":"Article","@id":"https:\/\/radioportoseguro.com.br\/site\/2026\/02\/06\/adolescente-nada-por-4-horas-para-salvar-familia-no-mar-foi-deus-o-tempo-todo\/#article","isPartOf":{"@id":"https:\/\/radioportoseguro.com.br\/site\/2026\/02\/06\/adolescente-nada-por-4-horas-para-salvar-familia-no-mar-foi-deus-o-tempo-todo\/"},"author":{"name":"admin","@id":"https:\/\/radioportoseguro.com.br\/site\/#\/schema\/person\/7630acdc320186f13639d3c067ec089b"},"headline":"Adolescente nada por 4 horas para salvar fam\u00edlia no mar: \u201cFoi Deus o tempo todo\u201d","datePublished":"2026-02-06T20:30:58+00:00","mainEntityOfPage":{"@id":"https:\/\/radioportoseguro.com.br\/site\/2026\/02\/06\/adolescente-nada-por-4-horas-para-salvar-familia-no-mar-foi-deus-o-tempo-todo\/"},"wordCount":505,"image":{"@id":"https:\/\/radioportoseguro.com.br\/site\/2026\/02\/06\/adolescente-nada-por-4-horas-para-salvar-familia-no-mar-foi-deus-o-tempo-todo\/#primaryimage"},"thumbnailUrl":"https:\/\/radioportoseguro.com.br\/site\/wp-content\/uploads\/2026\/02\/3155251351-austin-appelbee.png","articleSection":["Destaques"],"inLanguage":"pt-BR"},{"@type":"WebPage","@id":"https:\/\/radioportoseguro.com.br\/site\/2026\/02\/06\/adolescente-nada-por-4-horas-para-salvar-familia-no-mar-foi-deus-o-tempo-todo\/","url":"https:\/\/radioportoseguro.com.br\/site\/2026\/02\/06\/adolescente-nada-por-4-horas-para-salvar-familia-no-mar-foi-deus-o-tempo-todo\/","name":"Adolescente nada por 4 horas para salvar fam\u00edlia no mar: \u201cFoi Deus o tempo todo\u201d - R\u00e1dio Porto Seguro","isPartOf":{"@id":"https:\/\/radioportoseguro.com.br\/site\/#website"},"primaryImageOfPage":{"@id":"https:\/\/radioportoseguro.com.br\/site\/2026\/02\/06\/adolescente-nada-por-4-horas-para-salvar-familia-no-mar-foi-deus-o-tempo-todo\/#primaryimage"},"image":{"@id":"https:\/\/radioportoseguro.com.br\/site\/2026\/02\/06\/adolescente-nada-por-4-horas-para-salvar-familia-no-mar-foi-deus-o-tempo-todo\/#primaryimage"},"thumbnailUrl":"https:\/\/radioportoseguro.com.br\/site\/wp-content\/uploads\/2026\/02\/3155251351-austin-appelbee.png","datePublished":"2026-02-06T20:30:58+00:00","author":{"@id":"https:\/\/radioportoseguro.com.br\/site\/#\/schema\/person\/7630acdc320186f13639d3c067ec089b"},"breadcrumb":{"@id":"https:\/\/radioportoseguro.com.br\/site\/2026\/02\/06\/adolescente-nada-por-4-horas-para-salvar-familia-no-mar-foi-deus-o-tempo-todo\/#breadcrumb"},"inLanguage":"pt-BR","potentialAction":[{"@type":"ReadAction","target":["https:\/\/radioportoseguro.com.br\/site\/2026\/02\/06\/adolescente-nada-por-4-horas-para-salvar-familia-no-mar-foi-deus-o-tempo-todo\/"]}]},{"@type":"ImageObject","inLanguage":"pt-BR","@id":"https:\/\/radioportoseguro.com.br\/site\/2026\/02\/06\/adolescente-nada-por-4-horas-para-salvar-familia-no-mar-foi-deus-o-tempo-todo\/#primaryimage","url":"https:\/\/radioportoseguro.com.br\/site\/wp-content\/uploads\/2026\/02\/3155251351-austin-appelbee.png","contentUrl":"https:\/\/radioportoseguro.com.br\/site\/wp-content\/uploads\/2026\/02\/3155251351-austin-appelbee.png","width":1200,"height":600},{"@type":"BreadcrumbList","@id":"https:\/\/radioportoseguro.com.br\/site\/2026\/02\/06\/adolescente-nada-por-4-horas-para-salvar-familia-no-mar-foi-deus-o-tempo-todo\/#breadcrumb","itemListElement":[{"@type":"ListItem","position":1,"name":"In\u00edcio","item":"https:\/\/radioportoseguro.com.br\/site\/"},{"@type":"ListItem","position":2,"name":"Adolescente nada por 4 horas para salvar fam\u00edlia no mar: \u201cFoi Deus o tempo todo\u201d"}]},{"@type":"WebSite","@id":"https:\/\/radioportoseguro.com.br\/site\/#website","url":"https:\/\/radioportoseguro.com.br\/site\/","name":"R\u00e1dio Porto Seguro","description":"","potentialAction":[{"@type":"SearchAction","target":{"@type":"EntryPoint","urlTemplate":"https:\/\/radioportoseguro.com.br\/site\/?s={search_term_string}"},"query-input":{"@type":"PropertyValueSpecification","valueRequired":true,"valueName":"search_term_string"}}],"inLanguage":"pt-BR"},{"@type":"Person","@id":"https:\/\/radioportoseguro.com.br\/site\/#\/schema\/person\/7630acdc320186f13639d3c067ec089b","name":"admin","image":{"@type":"ImageObject","inLanguage":"pt-BR","@id":"https:\/\/radioportoseguro.com.br\/site\/#\/schema\/person\/image\/","url":"https:\/\/secure.gravatar.com\/avatar\/caacf4dc1eedb68fab0df8e1ed46c448e578b2466351bbcb61e47d2ac0caaef0?s=96&d=mm&r=g","contentUrl":"https:\/\/secure.gravatar.com\/avatar\/caacf4dc1eedb68fab0df8e1ed46c448e578b2466351bbcb61e47d2ac0caaef0?s=96&d=mm&r=g","caption":"admin"},"sameAs":["https:\/\/radioportoseguro.com.br\/site"],"url":"https:\/\/radioportoseguro.com.br\/site\/author\/hezio\/"}]}},"_links":{"self":[{"href":"https:\/\/radioportoseguro.com.br\/site\/wp-json\/wp\/v2\/posts\/3834","targetHints":{"allow":["GET"]}}],"collection":[{"href":"https:\/\/radioportoseguro.com.br\/site\/wp-json\/wp\/v2\/posts"}],"about":[{"href":"https:\/\/radioportoseguro.com.br\/site\/wp-json\/wp\/v2\/types\/post"}],"author":[{"embeddable":true,"href":"https:\/\/radioportoseguro.com.br\/site\/wp-json\/wp\/v2\/users\/1"}],"replies":[{"embeddable":true,"href":"https:\/\/radioportoseguro.com.br\/site\/wp-json\/wp\/v2\/comments?post=3834"}],"version-history":[{"count":0,"href":"https:\/\/radioportoseguro.com.br\/site\/wp-json\/wp\/v2\/posts\/3834\/revisions"}],"wp:featuredmedia":[{"embeddable":true,"href":"https:\/\/radioportoseguro.com.br\/site\/wp-json\/wp\/v2\/media\/3835"}],"wp:attachment":[{"href":"https:\/\/radioportoseguro.com.br\/site\/wp-json\/wp\/v2\/media?parent=3834"}],"wp:term":[{"taxonomy":"category","embeddable":true,"href":"https:\/\/radioportoseguro.com.br\/site\/wp-json\/wp\/v2\/categories?post=3834"},{"taxonomy":"post_tag","embeddable":true,"href":"https:\/\/radioportoseguro.com.br\/site\/wp-json\/wp\/v2\/tags?post=3834"}],"curies":[{"name":"wp","href":"https:\/\/api.w.org\/{rel}","templated":true}]}}