{"id":3855,"date":"2026-02-07T08:12:24","date_gmt":"2026-02-07T11:12:24","guid":{"rendered":"https:\/\/radioportoseguro.com.br\/site\/2026\/02\/07\/familia-da-fe-comedia-crista-com-valores-familiares-chega-aos-cinemas\/"},"modified":"2026-02-07T08:12:24","modified_gmt":"2026-02-07T11:12:24","slug":"familia-da-fe-comedia-crista-com-valores-familiares-chega-aos-cinemas","status":"publish","type":"post","link":"https:\/\/radioportoseguro.com.br\/site\/2026\/02\/07\/familia-da-fe-comedia-crista-com-valores-familiares-chega-aos-cinemas\/","title":{"rendered":"&#8220;Fam\u00edlia da F\u00e9&#8221;: Com\u00e9dia crist\u00e3 com valores familiares chega aos cinemas"},"content":{"rendered":"<p><br \/>\n<br \/><\/p>\n<div>\n<p>O cinema brasileiro acaba de ganhar um t\u00edtulo que aposta em um territ\u00f3rio ainda pouco explorado nas telonas: a com\u00e9dia crist\u00e3. O filme &#8220;A Fam\u00edlia da F\u00e9&#8221; acaba de lan\u00e7ar seu p\u00f4ster e trailer oficiais, antecipando ao p\u00fablico uma produ\u00e7\u00e3o que une humor, f\u00e9 e valores familiares, sem estere\u00f3tipos ou ironias ofensivas.<\/p>\n<p>Com estreia marcada para 19 de fevereiro de 2026, &#8220;A Fam\u00edlia da F\u00e9<em>&#8220;<\/em> apresenta uma proposta diferenciada: fazer rir ao mesmo tempo em que promove respeito, di\u00e1logo e empatia entre pessoas com vis\u00f5es de mundo distintas.<\/p>\n<p>A produ\u00e7\u00e3o mostra que \u00e9 poss\u00edvel abordar a f\u00e9 crist\u00e3 de forma leve, contempor\u00e2nea e acess\u00edvel, dialogando tanto com o p\u00fablico crist\u00e3o quanto com espectadores que se identificam com boas hist\u00f3rias familiares.<\/p>\n<p>O trailer oficial revela o tom do filme: situa\u00e7\u00f5es cotidianas, conflitos geracionais e encontros inesperados entre uma fam\u00edlia crist\u00e3 e pessoas que n\u00e3o compartilham da mesma f\u00e9 \u2014 tudo conduzido com humor inteligente, sens\u00edvel e respeitoso. Em vez de confrontos agressivos, a narrativa aposta na conviv\u00eancia, no afeto e na transforma\u00e7\u00e3o que nasce do relacionamento humano.<\/p>\n<p>Dirigido por Julio Rom\u00e1n e estrelado por Pablo Alarson, Gian Franco Ap\u00f3stolo, Paloma Jim\u00e9nez e Juan Pablo Monterrubio, o filme se posiciona como uma alternativa dentro do cinema comercial: uma com\u00e9dia que valoriza a f\u00e9 sem ridiculariz\u00e1-la, e que acredita no poder do riso como ponte entre diferen\u00e7as.<\/p>\n<p style=\"text-align: center;\"><div class=\"ose-youtube ose-uid-8960139cce27d114c879fd1c0ea2bfe9 ose-embedpress-responsive\" style=\"width:600px; height:600px; max-height:600px; max-width:100%; display:inline-block;\" data-embed-type=\"Youtube\"><iframe allowFullScreen=\"true\" title=\"A Fam\u00edlia Da F\u00e9 - Trailer Oficial\" width=\"600\" height=\"600\" src=\"https:\/\/www.youtube.com\/embed\/bOUb11k2x24?feature=oembed&color=red&rel=0&controls=1&start=&end=&fs=0&iv_load_policy=0&autoplay=0&mute=0&modestbranding=0&cc_load_policy=1&playsinline=1\" frameborder=\"0\" allow=\"accelerometer; encrypted-media;accelerometer;autoplay;clipboard-write;gyroscope;picture-in-picture clipboard-write; encrypted-media; gyroscope; picture-in-picture; web-share\" referrerpolicy=\"strict-origin-when-cross-origin\" allowfullscreen><\/iframe><\/div><\/p>\n<h3>\u00a0<\/h3>\n<\/div>\n<p><br \/>\n<br \/>Fonte: Guiame <\/p>\n","protected":false},"excerpt":{"rendered":"<p>O cinema brasileiro acaba de ganhar um t\u00edtulo que aposta em um territ\u00f3rio ainda pouco explorado nas telonas: a com\u00e9dia crist\u00e3. O filme &#8220;A Fam\u00edlia da F\u00e9&#8221; acaba de lan\u00e7ar seu p\u00f4ster e trailer oficiais, antecipando ao p\u00fablico uma produ\u00e7\u00e3o que une humor, f\u00e9 e valores familiares, sem estere\u00f3tipos ou ironias ofensivas. Com estreia marcada [&hellip;]<\/p>\n","protected":false},"author":1,"featured_media":3856,"comment_status":"","ping_status":"open","sticky":false,"template":"","format":"standard","meta":{"footnotes":""},"categories":[43],"tags":[],"class_list":["post-3855","post","type-post","status-publish","format-standard","has-post-thumbnail","hentry","category-destaques"],"yoast_head":"<!-- This site is optimized with the Yoast SEO plugin v26.8 - https:\/\/yoast.com\/product\/yoast-seo-wordpress\/ -->\n<title>&quot;Fam\u00edlia da F\u00e9&quot;: Com\u00e9dia crist\u00e3 com valores familiares chega aos cinemas - R\u00e1dio Porto Seguro<\/title>\n<meta name=\"robots\" content=\"index, follow, max-snippet:-1, max-image-preview:large, max-video-preview:-1\" \/>\n<link rel=\"canonical\" href=\"https:\/\/radioportoseguro.com.br\/site\/2026\/02\/07\/familia-da-fe-comedia-crista-com-valores-familiares-chega-aos-cinemas\/\" \/>\n<meta property=\"og:locale\" content=\"pt_BR\" \/>\n<meta property=\"og:type\" content=\"article\" \/>\n<meta property=\"og:title\" content=\"&quot;Fam\u00edlia da F\u00e9&quot;: Com\u00e9dia crist\u00e3 com valores familiares chega aos cinemas - R\u00e1dio Porto Seguro\" \/>\n<meta property=\"og:description\" content=\"O cinema brasileiro acaba de ganhar um t\u00edtulo que aposta em um territ\u00f3rio ainda pouco explorado nas telonas: a com\u00e9dia crist\u00e3. O filme &#8220;A Fam\u00edlia da F\u00e9&#8221; acaba de lan\u00e7ar seu p\u00f4ster e trailer oficiais, antecipando ao p\u00fablico uma produ\u00e7\u00e3o que une humor, f\u00e9 e valores familiares, sem estere\u00f3tipos ou ironias ofensivas. Com estreia marcada [&hellip;]\" \/>\n<meta property=\"og:url\" content=\"https:\/\/radioportoseguro.com.br\/site\/2026\/02\/07\/familia-da-fe-comedia-crista-com-valores-familiares-chega-aos-cinemas\/\" \/>\n<meta property=\"og:site_name\" content=\"R\u00e1dio Porto Seguro\" \/>\n<meta property=\"article:published_time\" content=\"2026-02-07T11:12:24+00:00\" \/>\n<meta property=\"og:image\" content=\"https:\/\/media.guiame.com.br\/archives\/2026\/02\/04\/2968554668-familia-da-fe.JPG\" \/>\n<meta name=\"author\" content=\"admin\" \/>\n<meta name=\"twitter:card\" content=\"summary_large_image\" \/>\n<meta name=\"twitter:label1\" content=\"Escrito por\" \/>\n\t<meta name=\"twitter:data1\" content=\"admin\" \/>\n\t<meta name=\"twitter:label2\" content=\"Est. tempo de leitura\" \/>\n\t<meta name=\"twitter:data2\" content=\"1 minuto\" \/>\n<script type=\"application\/ld+json\" class=\"yoast-schema-graph\">{\"@context\":\"https:\/\/schema.org\",\"@graph\":[{\"@type\":\"Article\",\"@id\":\"https:\/\/radioportoseguro.com.br\/site\/2026\/02\/07\/familia-da-fe-comedia-crista-com-valores-familiares-chega-aos-cinemas\/#article\",\"isPartOf\":{\"@id\":\"https:\/\/radioportoseguro.com.br\/site\/2026\/02\/07\/familia-da-fe-comedia-crista-com-valores-familiares-chega-aos-cinemas\/\"},\"author\":{\"name\":\"admin\",\"@id\":\"https:\/\/radioportoseguro.com.br\/site\/#\/schema\/person\/7630acdc320186f13639d3c067ec089b\"},\"headline\":\"&#8220;Fam\u00edlia da F\u00e9&#8221;: Com\u00e9dia crist\u00e3 com valores familiares chega aos cinemas\",\"datePublished\":\"2026-02-07T11:12:24+00:00\",\"mainEntityOfPage\":{\"@id\":\"https:\/\/radioportoseguro.com.br\/site\/2026\/02\/07\/familia-da-fe-comedia-crista-com-valores-familiares-chega-aos-cinemas\/\"},\"wordCount\":279,\"image\":{\"@id\":\"https:\/\/radioportoseguro.com.br\/site\/2026\/02\/07\/familia-da-fe-comedia-crista-com-valores-familiares-chega-aos-cinemas\/#primaryimage\"},\"thumbnailUrl\":\"https:\/\/radioportoseguro.com.br\/site\/wp-content\/uploads\/2026\/02\/2968554668-familia-da-fe.JPG\",\"articleSection\":[\"Destaques\"],\"inLanguage\":\"pt-BR\"},{\"@type\":\"WebPage\",\"@id\":\"https:\/\/radioportoseguro.com.br\/site\/2026\/02\/07\/familia-da-fe-comedia-crista-com-valores-familiares-chega-aos-cinemas\/\",\"url\":\"https:\/\/radioportoseguro.com.br\/site\/2026\/02\/07\/familia-da-fe-comedia-crista-com-valores-familiares-chega-aos-cinemas\/\",\"name\":\"\\\"Fam\u00edlia da F\u00e9\\\": Com\u00e9dia crist\u00e3 com valores familiares chega aos cinemas - R\u00e1dio Porto Seguro\",\"isPartOf\":{\"@id\":\"https:\/\/radioportoseguro.com.br\/site\/#website\"},\"primaryImageOfPage\":{\"@id\":\"https:\/\/radioportoseguro.com.br\/site\/2026\/02\/07\/familia-da-fe-comedia-crista-com-valores-familiares-chega-aos-cinemas\/#primaryimage\"},\"image\":{\"@id\":\"https:\/\/radioportoseguro.com.br\/site\/2026\/02\/07\/familia-da-fe-comedia-crista-com-valores-familiares-chega-aos-cinemas\/#primaryimage\"},\"thumbnailUrl\":\"https:\/\/radioportoseguro.com.br\/site\/wp-content\/uploads\/2026\/02\/2968554668-familia-da-fe.JPG\",\"datePublished\":\"2026-02-07T11:12:24+00:00\",\"author\":{\"@id\":\"https:\/\/radioportoseguro.com.br\/site\/#\/schema\/person\/7630acdc320186f13639d3c067ec089b\"},\"breadcrumb\":{\"@id\":\"https:\/\/radioportoseguro.com.br\/site\/2026\/02\/07\/familia-da-fe-comedia-crista-com-valores-familiares-chega-aos-cinemas\/#breadcrumb\"},\"inLanguage\":\"pt-BR\",\"potentialAction\":[{\"@type\":\"ReadAction\",\"target\":[\"https:\/\/radioportoseguro.com.br\/site\/2026\/02\/07\/familia-da-fe-comedia-crista-com-valores-familiares-chega-aos-cinemas\/\"]}]},{\"@type\":\"ImageObject\",\"inLanguage\":\"pt-BR\",\"@id\":\"https:\/\/radioportoseguro.com.br\/site\/2026\/02\/07\/familia-da-fe-comedia-crista-com-valores-familiares-chega-aos-cinemas\/#primaryimage\",\"url\":\"https:\/\/radioportoseguro.com.br\/site\/wp-content\/uploads\/2026\/02\/2968554668-familia-da-fe.JPG\",\"contentUrl\":\"https:\/\/radioportoseguro.com.br\/site\/wp-content\/uploads\/2026\/02\/2968554668-familia-da-fe.JPG\",\"width\":1200,\"height\":600},{\"@type\":\"BreadcrumbList\",\"@id\":\"https:\/\/radioportoseguro.com.br\/site\/2026\/02\/07\/familia-da-fe-comedia-crista-com-valores-familiares-chega-aos-cinemas\/#breadcrumb\",\"itemListElement\":[{\"@type\":\"ListItem\",\"position\":1,\"name\":\"In\u00edcio\",\"item\":\"https:\/\/radioportoseguro.com.br\/site\/\"},{\"@type\":\"ListItem\",\"position\":2,\"name\":\"&#8220;Fam\u00edlia da F\u00e9&#8221;: Com\u00e9dia crist\u00e3 com valores familiares chega aos cinemas\"}]},{\"@type\":\"WebSite\",\"@id\":\"https:\/\/radioportoseguro.com.br\/site\/#website\",\"url\":\"https:\/\/radioportoseguro.com.br\/site\/\",\"name\":\"R\u00e1dio Porto Seguro\",\"description\":\"\",\"potentialAction\":[{\"@type\":\"SearchAction\",\"target\":{\"@type\":\"EntryPoint\",\"urlTemplate\":\"https:\/\/radioportoseguro.com.br\/site\/?s={search_term_string}\"},\"query-input\":{\"@type\":\"PropertyValueSpecification\",\"valueRequired\":true,\"valueName\":\"search_term_string\"}}],\"inLanguage\":\"pt-BR\"},{\"@type\":\"Person\",\"@id\":\"https:\/\/radioportoseguro.com.br\/site\/#\/schema\/person\/7630acdc320186f13639d3c067ec089b\",\"name\":\"admin\",\"image\":{\"@type\":\"ImageObject\",\"inLanguage\":\"pt-BR\",\"@id\":\"https:\/\/radioportoseguro.com.br\/site\/#\/schema\/person\/image\/\",\"url\":\"https:\/\/secure.gravatar.com\/avatar\/caacf4dc1eedb68fab0df8e1ed46c448e578b2466351bbcb61e47d2ac0caaef0?s=96&d=mm&r=g\",\"contentUrl\":\"https:\/\/secure.gravatar.com\/avatar\/caacf4dc1eedb68fab0df8e1ed46c448e578b2466351bbcb61e47d2ac0caaef0?s=96&d=mm&r=g\",\"caption\":\"admin\"},\"sameAs\":[\"https:\/\/radioportoseguro.com.br\/site\"],\"url\":\"https:\/\/radioportoseguro.com.br\/site\/author\/hezio\/\"}]}<\/script>\n<!-- \/ Yoast SEO plugin. -->","yoast_head_json":{"title":"\"Fam\u00edlia da F\u00e9\": Com\u00e9dia crist\u00e3 com valores familiares chega aos cinemas - R\u00e1dio Porto Seguro","robots":{"index":"index","follow":"follow","max-snippet":"max-snippet:-1","max-image-preview":"max-image-preview:large","max-video-preview":"max-video-preview:-1"},"canonical":"https:\/\/radioportoseguro.com.br\/site\/2026\/02\/07\/familia-da-fe-comedia-crista-com-valores-familiares-chega-aos-cinemas\/","og_locale":"pt_BR","og_type":"article","og_title":"\"Fam\u00edlia da F\u00e9\": Com\u00e9dia crist\u00e3 com valores familiares chega aos cinemas - R\u00e1dio Porto Seguro","og_description":"O cinema brasileiro acaba de ganhar um t\u00edtulo que aposta em um territ\u00f3rio ainda pouco explorado nas telonas: a com\u00e9dia crist\u00e3. O filme &#8220;A Fam\u00edlia da F\u00e9&#8221; acaba de lan\u00e7ar seu p\u00f4ster e trailer oficiais, antecipando ao p\u00fablico uma produ\u00e7\u00e3o que une humor, f\u00e9 e valores familiares, sem estere\u00f3tipos ou ironias ofensivas. Com estreia marcada [&hellip;]","og_url":"https:\/\/radioportoseguro.com.br\/site\/2026\/02\/07\/familia-da-fe-comedia-crista-com-valores-familiares-chega-aos-cinemas\/","og_site_name":"R\u00e1dio Porto Seguro","article_published_time":"2026-02-07T11:12:24+00:00","og_image":[{"url":"https:\/\/media.guiame.com.br\/archives\/2026\/02\/04\/2968554668-familia-da-fe.JPG","type":"","width":"","height":""}],"author":"admin","twitter_card":"summary_large_image","twitter_misc":{"Escrito por":"admin","Est. tempo de leitura":"1 minuto"},"schema":{"@context":"https:\/\/schema.org","@graph":[{"@type":"Article","@id":"https:\/\/radioportoseguro.com.br\/site\/2026\/02\/07\/familia-da-fe-comedia-crista-com-valores-familiares-chega-aos-cinemas\/#article","isPartOf":{"@id":"https:\/\/radioportoseguro.com.br\/site\/2026\/02\/07\/familia-da-fe-comedia-crista-com-valores-familiares-chega-aos-cinemas\/"},"author":{"name":"admin","@id":"https:\/\/radioportoseguro.com.br\/site\/#\/schema\/person\/7630acdc320186f13639d3c067ec089b"},"headline":"&#8220;Fam\u00edlia da F\u00e9&#8221;: Com\u00e9dia crist\u00e3 com valores familiares chega aos cinemas","datePublished":"2026-02-07T11:12:24+00:00","mainEntityOfPage":{"@id":"https:\/\/radioportoseguro.com.br\/site\/2026\/02\/07\/familia-da-fe-comedia-crista-com-valores-familiares-chega-aos-cinemas\/"},"wordCount":279,"image":{"@id":"https:\/\/radioportoseguro.com.br\/site\/2026\/02\/07\/familia-da-fe-comedia-crista-com-valores-familiares-chega-aos-cinemas\/#primaryimage"},"thumbnailUrl":"https:\/\/radioportoseguro.com.br\/site\/wp-content\/uploads\/2026\/02\/2968554668-familia-da-fe.JPG","articleSection":["Destaques"],"inLanguage":"pt-BR"},{"@type":"WebPage","@id":"https:\/\/radioportoseguro.com.br\/site\/2026\/02\/07\/familia-da-fe-comedia-crista-com-valores-familiares-chega-aos-cinemas\/","url":"https:\/\/radioportoseguro.com.br\/site\/2026\/02\/07\/familia-da-fe-comedia-crista-com-valores-familiares-chega-aos-cinemas\/","name":"\"Fam\u00edlia da F\u00e9\": Com\u00e9dia crist\u00e3 com valores familiares chega aos cinemas - R\u00e1dio Porto Seguro","isPartOf":{"@id":"https:\/\/radioportoseguro.com.br\/site\/#website"},"primaryImageOfPage":{"@id":"https:\/\/radioportoseguro.com.br\/site\/2026\/02\/07\/familia-da-fe-comedia-crista-com-valores-familiares-chega-aos-cinemas\/#primaryimage"},"image":{"@id":"https:\/\/radioportoseguro.com.br\/site\/2026\/02\/07\/familia-da-fe-comedia-crista-com-valores-familiares-chega-aos-cinemas\/#primaryimage"},"thumbnailUrl":"https:\/\/radioportoseguro.com.br\/site\/wp-content\/uploads\/2026\/02\/2968554668-familia-da-fe.JPG","datePublished":"2026-02-07T11:12:24+00:00","author":{"@id":"https:\/\/radioportoseguro.com.br\/site\/#\/schema\/person\/7630acdc320186f13639d3c067ec089b"},"breadcrumb":{"@id":"https:\/\/radioportoseguro.com.br\/site\/2026\/02\/07\/familia-da-fe-comedia-crista-com-valores-familiares-chega-aos-cinemas\/#breadcrumb"},"inLanguage":"pt-BR","potentialAction":[{"@type":"ReadAction","target":["https:\/\/radioportoseguro.com.br\/site\/2026\/02\/07\/familia-da-fe-comedia-crista-com-valores-familiares-chega-aos-cinemas\/"]}]},{"@type":"ImageObject","inLanguage":"pt-BR","@id":"https:\/\/radioportoseguro.com.br\/site\/2026\/02\/07\/familia-da-fe-comedia-crista-com-valores-familiares-chega-aos-cinemas\/#primaryimage","url":"https:\/\/radioportoseguro.com.br\/site\/wp-content\/uploads\/2026\/02\/2968554668-familia-da-fe.JPG","contentUrl":"https:\/\/radioportoseguro.com.br\/site\/wp-content\/uploads\/2026\/02\/2968554668-familia-da-fe.JPG","width":1200,"height":600},{"@type":"BreadcrumbList","@id":"https:\/\/radioportoseguro.com.br\/site\/2026\/02\/07\/familia-da-fe-comedia-crista-com-valores-familiares-chega-aos-cinemas\/#breadcrumb","itemListElement":[{"@type":"ListItem","position":1,"name":"In\u00edcio","item":"https:\/\/radioportoseguro.com.br\/site\/"},{"@type":"ListItem","position":2,"name":"&#8220;Fam\u00edlia da F\u00e9&#8221;: Com\u00e9dia crist\u00e3 com valores familiares chega aos cinemas"}]},{"@type":"WebSite","@id":"https:\/\/radioportoseguro.com.br\/site\/#website","url":"https:\/\/radioportoseguro.com.br\/site\/","name":"R\u00e1dio Porto Seguro","description":"","potentialAction":[{"@type":"SearchAction","target":{"@type":"EntryPoint","urlTemplate":"https:\/\/radioportoseguro.com.br\/site\/?s={search_term_string}"},"query-input":{"@type":"PropertyValueSpecification","valueRequired":true,"valueName":"search_term_string"}}],"inLanguage":"pt-BR"},{"@type":"Person","@id":"https:\/\/radioportoseguro.com.br\/site\/#\/schema\/person\/7630acdc320186f13639d3c067ec089b","name":"admin","image":{"@type":"ImageObject","inLanguage":"pt-BR","@id":"https:\/\/radioportoseguro.com.br\/site\/#\/schema\/person\/image\/","url":"https:\/\/secure.gravatar.com\/avatar\/caacf4dc1eedb68fab0df8e1ed46c448e578b2466351bbcb61e47d2ac0caaef0?s=96&d=mm&r=g","contentUrl":"https:\/\/secure.gravatar.com\/avatar\/caacf4dc1eedb68fab0df8e1ed46c448e578b2466351bbcb61e47d2ac0caaef0?s=96&d=mm&r=g","caption":"admin"},"sameAs":["https:\/\/radioportoseguro.com.br\/site"],"url":"https:\/\/radioportoseguro.com.br\/site\/author\/hezio\/"}]}},"_links":{"self":[{"href":"https:\/\/radioportoseguro.com.br\/site\/wp-json\/wp\/v2\/posts\/3855","targetHints":{"allow":["GET"]}}],"collection":[{"href":"https:\/\/radioportoseguro.com.br\/site\/wp-json\/wp\/v2\/posts"}],"about":[{"href":"https:\/\/radioportoseguro.com.br\/site\/wp-json\/wp\/v2\/types\/post"}],"author":[{"embeddable":true,"href":"https:\/\/radioportoseguro.com.br\/site\/wp-json\/wp\/v2\/users\/1"}],"replies":[{"embeddable":true,"href":"https:\/\/radioportoseguro.com.br\/site\/wp-json\/wp\/v2\/comments?post=3855"}],"version-history":[{"count":0,"href":"https:\/\/radioportoseguro.com.br\/site\/wp-json\/wp\/v2\/posts\/3855\/revisions"}],"wp:featuredmedia":[{"embeddable":true,"href":"https:\/\/radioportoseguro.com.br\/site\/wp-json\/wp\/v2\/media\/3856"}],"wp:attachment":[{"href":"https:\/\/radioportoseguro.com.br\/site\/wp-json\/wp\/v2\/media?parent=3855"}],"wp:term":[{"taxonomy":"category","embeddable":true,"href":"https:\/\/radioportoseguro.com.br\/site\/wp-json\/wp\/v2\/categories?post=3855"},{"taxonomy":"post_tag","embeddable":true,"href":"https:\/\/radioportoseguro.com.br\/site\/wp-json\/wp\/v2\/tags?post=3855"}],"curies":[{"name":"wp","href":"https:\/\/api.w.org\/{rel}","templated":true}]}}