{"id":3858,"date":"2026-02-07T10:22:52","date_gmt":"2026-02-07T13:22:52","guid":{"rendered":"https:\/\/radioportoseguro.com.br\/site\/2026\/02\/07\/cristao-foi-morto-em-protesto-no-ira-enquanto-tentava-recuperar-corpo-de-amigo\/"},"modified":"2026-02-07T10:22:52","modified_gmt":"2026-02-07T13:22:52","slug":"cristao-foi-morto-em-protesto-no-ira-enquanto-tentava-recuperar-corpo-de-amigo","status":"publish","type":"post","link":"https:\/\/radioportoseguro.com.br\/site\/2026\/02\/07\/cristao-foi-morto-em-protesto-no-ira-enquanto-tentava-recuperar-corpo-de-amigo\/","title":{"rendered":"Crist\u00e3o foi morto em protesto no Ir\u00e3 enquanto tentava recuperar corpo de amigo"},"content":{"rendered":"<p><br \/>\n<\/p>\n<div>\n<p><span style=\"font-weight: 400;\">Um <\/span><span style=\"color: #800000;\"><strong>crist\u00e3o<\/strong><\/span><span style=\"font-weight: 400;\"> de 42 anos foi identificado entre os milhares de manifestantes mortos durante os protestos contra o regime isl\u00e2mico no <\/span><span style=\"color: #800000;\"><strong>Ir\u00e3<\/strong><\/span><span style=\"font-weight: 400;\">.<\/span><\/p>\n<p><span style=\"font-weight: 400;\">De acordo com o Article 18, uma organiza\u00e7\u00e3o que apoia crist\u00e3os perseguidos, Mohsen Rashidi foi baleado pelas costas enquanto tentava recuperar o corpo de um amigo morto durante uma manifesta\u00e7\u00e3o na cidade de Baharest\u00e3o, prov\u00edncia de Isfahan, no dia 9 de janeiro.<\/span><\/p>\n<p><span style=\"font-weight: 400;\">Solmaz, a cunhada do crist\u00e3o, contou que o amigo chamado Shahram Maghsoudlou foi alvejado pelas for\u00e7as de seguran\u00e7a, que atiraram de metralhadora no peito do iraniano.<\/span><\/p>\n<p><span style=\"font-weight: 400;\">\u201cMohsen se aproximou do amigo para ajud\u00e1-lo, mas as for\u00e7as de seguran\u00e7a o espancam severamente\u201d, disse ela, ao Article 18.<\/span><\/p>\n<p><span style=\"font-weight: 400;\">Mais tarde, ap\u00f3s as for\u00e7as de seguran\u00e7a se dispersarem, Mohsen voltou ao local para tentar recuperar o corpo do amigo.<\/span><\/p>\n<p><span style=\"font-weight: 400;\">Por\u00e9m, os militares o balearam pelas costas. Sangrando muito, ele foi socorrido por outros manifestantes e levado ao hospital, mas agentes impediram que Mohsen entrasse no pronto-socorro.<\/span><\/p>\n<p><span style=\"font-weight: 400;\">\u201cNegaram o acesso a tratamento m\u00e9dico. Como resultado de um sangramento severo, Mohsen perdeu a vida\u201d, relatou Solmaz.<\/span><\/p>\n<p><span style=\"font-weight: 400;\">Segundo a cunhada, a fam\u00edlia do crist\u00e3o o procurou durante 5 dias, sem saber se ele estava vivo ou morto.<\/span><\/p>\n<p><span style=\"font-weight: 400;\">Os familiares acabaram encontrando o nome de Mohsen na lista de v\u00edtimas assassinadas nas manifesta\u00e7\u00f5es.<\/span><\/p>\n<p><span style=\"font-weight: 400;\">\u201cA fam\u00edlia foi ordenada a assinar um formul\u00e1rio falso, afirmando que ele era membro do grupo paramilitar Basij e que havia sido morto por manifestantes. A fam\u00edlia recusou esse pedido; consequentemente, seu corpo s\u00f3 foi devolvido a eles depois de pagarem um bilh\u00e3o de tomans (aproximadamente 8.000 d\u00f3lares)\u201d, denunciou Solmaz.<\/span><\/p>\n<p><span style=\"font-weight: 400;\">\u201cAs autoridades n\u00e3o permitiram que a fam\u00edlia de Mohsen realizasse um funeral ou cerim\u00f4nia de luto por ele, nem permitiram que colocassem uma l\u00e1pide em seu t\u00famulo\u201d.<\/span><\/p>\n<p><span style=\"font-weight: 400;\">Mohsen Rashidi deixa esposa, uma filha de quatro anos e duas enteadas adolescentes.\u00a0<\/span><\/p>\n<p><strong>Rosto desconfigurado<\/strong><\/p>\n<p style=\"text-align: center;\"><strong><br \/><span style=\"color: #808080;\"><sup><span style=\"font-weight: 400;\">Ehsan Afshari-Manesh. (Foto: Article 18).<\/span><\/sup><\/span><\/strong><\/p>\n<p><span style=\"font-weight: 400;\">Outro crist\u00e3o de 39 anos tamb\u00e9m foi confirmado entre as v\u00edtimas assassinadas durante os protestos no Ir\u00e3.<\/span><\/p>\n<p><span style=\"font-weight: 400;\">O iraniano Ehsan Afshari-Manesh morava na Su\u00e9cia e havia viajado ao pa\u00eds natal para visitar seus pais idosos, no ano passado.<\/span><\/p>\n<p><span style=\"font-weight: 400;\">Por\u00e9m, ele foi impedido de voltar \u00e0 Su\u00e9cia pelas autoridades e obrigado a completar o servi\u00e7o militar.<\/span><\/p>\n<p><span style=\"font-weight: 400;\">Quando os protestos iniciaram em 28 de dezembro, o crist\u00e3o participou das manifesta\u00e7\u00f5es. O pastor de Ehsan, Hossein Bahrami, relatou que ele foi baleado duas vezes no est\u00f4mago.<\/span><\/p>\n<p><span style=\"font-weight: 400;\">Depois que o crist\u00e3o n\u00e3o voltou para casa, sua fam\u00edlia o procurou por 11 dias at\u00e9 ser informada de sua morte.\u00a0<\/span><\/p>\n<p><span style=\"font-weight: 400;\">Conforme o jornal sueco Dagen, o rosto de Ehsan estava &#8220;irreconhec\u00edvel porque estava completamente despeda\u00e7ado&#8221; e ele s\u00f3 p\u00f4de ser identificado por suas tatuagens nas costas e ombros.<\/span><\/p>\n<p><span style=\"font-weight: 400;\">O crist\u00e3o foi sepultado em Teer\u00e3 no m\u00eas passado e sua igreja em V\u00e4ster\u00e5s, na Su\u00e9cia, realizou um culto em sua mem\u00f3ria.<\/span><\/p>\n<p><span style=\"font-weight: 400;\">&#8220;\u00c9 terr\u00edvel. N\u00f3s, como crist\u00e3os, n\u00e3o somos chamados a amaldi\u00e7oar ningu\u00e9m, mas a aben\u00e7oar todos, mas nessa situa\u00e7\u00e3o \u00e9 dif\u00edcil abrir a boca. As pessoas est\u00e3o de luto por ele tanto aqui na Su\u00e9cia quanto no Ir\u00e3\u201d, declarou o pastor Hossein, em entrevista ao jornal Dagen.<\/span><\/p>\n<p><span style=\"font-weight: 400;\">&#8220;H\u00e1 tantas pessoas morrendo no Ir\u00e3, incluindo muitos crist\u00e3os. Ehsan \u00e9 um deles\u201d, lamentou.<\/span><\/p>\n<p><strong>Milhares de manifestantes mortos<\/strong><\/p>\n<p><span style=\"font-weight: 400;\">Segundo o portal iraniano Iran International, <\/span><span style=\"color: #800000;\"><strong>mais de 36 mil pessoas foram mortas<\/strong><\/span><span style=\"font-weight: 400;\"> pelo regime aiatol\u00e1 durante o auge dos protestos no in\u00edcio de janeiro, n\u00fameros semelhantes aos divulgados pela revista Time.<\/span><\/p>\n<p><span style=\"font-weight: 400;\">Segundo o ve\u00edculo, a estimativa de mortos na violenta repress\u00e3o ocorrida em 8 e 9 de janeiro foi baseada em dados extensos obtidos a partir de \u201cdocumentos confidenciais, relat\u00f3rios de campo e relatos de profissionais de sa\u00fade, testemunhas e familiares das v\u00edtimas\u201d.<\/span><\/p>\n<p><span style=\"font-weight: 400;\">A publica\u00e7\u00e3o afirmou que os n\u00fameros tornam esses assassinatos \u201co massacre mais sangrento de civis durante protestos de rua, em um intervalo de dois dias, na hist\u00f3ria\u201d.<\/span><\/p>\n<p><span style=\"font-weight: 400;\">De acordo com o relat\u00f3rio, a maioria dos assassinatos foi cometida pelo Corpo da Guarda Revolucion\u00e1ria Isl\u00e2mica (IRGC) e pela mil\u00edcia aliada Basij, embora tamb\u00e9m tenham sido utilizados combatentes proxies vindos do Iraque e da S\u00edria.<\/span><\/p>\n<\/div>\n<p><br \/>\n<br \/>Fonte: Guiame <\/p>\n","protected":false},"excerpt":{"rendered":"<p>Um crist\u00e3o de 42 anos foi identificado entre os milhares de manifestantes mortos durante os protestos contra o regime isl\u00e2mico no Ir\u00e3. De acordo com o Article 18, uma organiza\u00e7\u00e3o que apoia crist\u00e3os perseguidos, Mohsen Rashidi foi baleado pelas costas enquanto tentava recuperar o corpo de um amigo morto durante uma manifesta\u00e7\u00e3o na cidade de [&hellip;]<\/p>\n","protected":false},"author":1,"featured_media":3859,"comment_status":"","ping_status":"open","sticky":false,"template":"","format":"standard","meta":{"footnotes":""},"categories":[43],"tags":[],"class_list":["post-3858","post","type-post","status-publish","format-standard","has-post-thumbnail","hentry","category-destaques"],"yoast_head":"<!-- This site is optimized with the Yoast SEO plugin v26.8 - https:\/\/yoast.com\/product\/yoast-seo-wordpress\/ -->\n<title>Crist\u00e3o foi morto em protesto no Ir\u00e3 enquanto tentava recuperar corpo de amigo - R\u00e1dio Porto Seguro<\/title>\n<meta name=\"robots\" content=\"index, follow, max-snippet:-1, max-image-preview:large, max-video-preview:-1\" \/>\n<link rel=\"canonical\" href=\"https:\/\/radioportoseguro.com.br\/site\/2026\/02\/07\/cristao-foi-morto-em-protesto-no-ira-enquanto-tentava-recuperar-corpo-de-amigo\/\" \/>\n<meta property=\"og:locale\" content=\"pt_BR\" \/>\n<meta property=\"og:type\" content=\"article\" \/>\n<meta property=\"og:title\" content=\"Crist\u00e3o foi morto em protesto no Ir\u00e3 enquanto tentava recuperar corpo de amigo - R\u00e1dio Porto Seguro\" \/>\n<meta property=\"og:description\" content=\"Um crist\u00e3o de 42 anos foi identificado entre os milhares de manifestantes mortos durante os protestos contra o regime isl\u00e2mico no Ir\u00e3. De acordo com o Article 18, uma organiza\u00e7\u00e3o que apoia crist\u00e3os perseguidos, Mohsen Rashidi foi baleado pelas costas enquanto tentava recuperar o corpo de um amigo morto durante uma manifesta\u00e7\u00e3o na cidade de [&hellip;]\" \/>\n<meta property=\"og:url\" content=\"https:\/\/radioportoseguro.com.br\/site\/2026\/02\/07\/cristao-foi-morto-em-protesto-no-ira-enquanto-tentava-recuperar-corpo-de-amigo\/\" \/>\n<meta property=\"og:site_name\" content=\"R\u00e1dio Porto Seguro\" \/>\n<meta property=\"article:published_time\" content=\"2026-02-07T13:22:52+00:00\" \/>\n<meta property=\"og:image\" content=\"https:\/\/thumbor.guiame.com.br\/unsafe\/smart\/https:\/\/media.guiame.com.br\/archives\/2026\/02\/04\/2978709897-.webp\" \/>\n<meta name=\"author\" content=\"admin\" \/>\n<meta name=\"twitter:card\" content=\"summary_large_image\" \/>\n<meta name=\"twitter:label1\" content=\"Escrito por\" \/>\n\t<meta name=\"twitter:data1\" content=\"admin\" \/>\n\t<meta name=\"twitter:label2\" content=\"Est. tempo de leitura\" \/>\n\t<meta name=\"twitter:data2\" content=\"4 minutos\" \/>\n<script type=\"application\/ld+json\" class=\"yoast-schema-graph\">{\"@context\":\"https:\/\/schema.org\",\"@graph\":[{\"@type\":\"Article\",\"@id\":\"https:\/\/radioportoseguro.com.br\/site\/2026\/02\/07\/cristao-foi-morto-em-protesto-no-ira-enquanto-tentava-recuperar-corpo-de-amigo\/#article\",\"isPartOf\":{\"@id\":\"https:\/\/radioportoseguro.com.br\/site\/2026\/02\/07\/cristao-foi-morto-em-protesto-no-ira-enquanto-tentava-recuperar-corpo-de-amigo\/\"},\"author\":{\"name\":\"admin\",\"@id\":\"https:\/\/radioportoseguro.com.br\/site\/#\/schema\/person\/7630acdc320186f13639d3c067ec089b\"},\"headline\":\"Crist\u00e3o foi morto em protesto no Ir\u00e3 enquanto tentava recuperar corpo de amigo\",\"datePublished\":\"2026-02-07T13:22:52+00:00\",\"mainEntityOfPage\":{\"@id\":\"https:\/\/radioportoseguro.com.br\/site\/2026\/02\/07\/cristao-foi-morto-em-protesto-no-ira-enquanto-tentava-recuperar-corpo-de-amigo\/\"},\"wordCount\":746,\"image\":{\"@id\":\"https:\/\/radioportoseguro.com.br\/site\/2026\/02\/07\/cristao-foi-morto-em-protesto-no-ira-enquanto-tentava-recuperar-corpo-de-amigo\/#primaryimage\"},\"thumbnailUrl\":\"https:\/\/radioportoseguro.com.br\/site\/wp-content\/uploads\/2026\/02\/2881486672-mohsen-rashidi.jpg\",\"articleSection\":[\"Destaques\"],\"inLanguage\":\"pt-BR\"},{\"@type\":\"WebPage\",\"@id\":\"https:\/\/radioportoseguro.com.br\/site\/2026\/02\/07\/cristao-foi-morto-em-protesto-no-ira-enquanto-tentava-recuperar-corpo-de-amigo\/\",\"url\":\"https:\/\/radioportoseguro.com.br\/site\/2026\/02\/07\/cristao-foi-morto-em-protesto-no-ira-enquanto-tentava-recuperar-corpo-de-amigo\/\",\"name\":\"Crist\u00e3o foi morto em protesto no Ir\u00e3 enquanto tentava recuperar corpo de amigo - R\u00e1dio Porto Seguro\",\"isPartOf\":{\"@id\":\"https:\/\/radioportoseguro.com.br\/site\/#website\"},\"primaryImageOfPage\":{\"@id\":\"https:\/\/radioportoseguro.com.br\/site\/2026\/02\/07\/cristao-foi-morto-em-protesto-no-ira-enquanto-tentava-recuperar-corpo-de-amigo\/#primaryimage\"},\"image\":{\"@id\":\"https:\/\/radioportoseguro.com.br\/site\/2026\/02\/07\/cristao-foi-morto-em-protesto-no-ira-enquanto-tentava-recuperar-corpo-de-amigo\/#primaryimage\"},\"thumbnailUrl\":\"https:\/\/radioportoseguro.com.br\/site\/wp-content\/uploads\/2026\/02\/2881486672-mohsen-rashidi.jpg\",\"datePublished\":\"2026-02-07T13:22:52+00:00\",\"author\":{\"@id\":\"https:\/\/radioportoseguro.com.br\/site\/#\/schema\/person\/7630acdc320186f13639d3c067ec089b\"},\"breadcrumb\":{\"@id\":\"https:\/\/radioportoseguro.com.br\/site\/2026\/02\/07\/cristao-foi-morto-em-protesto-no-ira-enquanto-tentava-recuperar-corpo-de-amigo\/#breadcrumb\"},\"inLanguage\":\"pt-BR\",\"potentialAction\":[{\"@type\":\"ReadAction\",\"target\":[\"https:\/\/radioportoseguro.com.br\/site\/2026\/02\/07\/cristao-foi-morto-em-protesto-no-ira-enquanto-tentava-recuperar-corpo-de-amigo\/\"]}]},{\"@type\":\"ImageObject\",\"inLanguage\":\"pt-BR\",\"@id\":\"https:\/\/radioportoseguro.com.br\/site\/2026\/02\/07\/cristao-foi-morto-em-protesto-no-ira-enquanto-tentava-recuperar-corpo-de-amigo\/#primaryimage\",\"url\":\"https:\/\/radioportoseguro.com.br\/site\/wp-content\/uploads\/2026\/02\/2881486672-mohsen-rashidi.jpg\",\"contentUrl\":\"https:\/\/radioportoseguro.com.br\/site\/wp-content\/uploads\/2026\/02\/2881486672-mohsen-rashidi.jpg\",\"width\":1200,\"height\":600},{\"@type\":\"BreadcrumbList\",\"@id\":\"https:\/\/radioportoseguro.com.br\/site\/2026\/02\/07\/cristao-foi-morto-em-protesto-no-ira-enquanto-tentava-recuperar-corpo-de-amigo\/#breadcrumb\",\"itemListElement\":[{\"@type\":\"ListItem\",\"position\":1,\"name\":\"In\u00edcio\",\"item\":\"https:\/\/radioportoseguro.com.br\/site\/\"},{\"@type\":\"ListItem\",\"position\":2,\"name\":\"Crist\u00e3o foi morto em protesto no Ir\u00e3 enquanto tentava recuperar corpo de amigo\"}]},{\"@type\":\"WebSite\",\"@id\":\"https:\/\/radioportoseguro.com.br\/site\/#website\",\"url\":\"https:\/\/radioportoseguro.com.br\/site\/\",\"name\":\"R\u00e1dio Porto Seguro\",\"description\":\"\",\"potentialAction\":[{\"@type\":\"SearchAction\",\"target\":{\"@type\":\"EntryPoint\",\"urlTemplate\":\"https:\/\/radioportoseguro.com.br\/site\/?s={search_term_string}\"},\"query-input\":{\"@type\":\"PropertyValueSpecification\",\"valueRequired\":true,\"valueName\":\"search_term_string\"}}],\"inLanguage\":\"pt-BR\"},{\"@type\":\"Person\",\"@id\":\"https:\/\/radioportoseguro.com.br\/site\/#\/schema\/person\/7630acdc320186f13639d3c067ec089b\",\"name\":\"admin\",\"image\":{\"@type\":\"ImageObject\",\"inLanguage\":\"pt-BR\",\"@id\":\"https:\/\/radioportoseguro.com.br\/site\/#\/schema\/person\/image\/\",\"url\":\"https:\/\/secure.gravatar.com\/avatar\/caacf4dc1eedb68fab0df8e1ed46c448e578b2466351bbcb61e47d2ac0caaef0?s=96&d=mm&r=g\",\"contentUrl\":\"https:\/\/secure.gravatar.com\/avatar\/caacf4dc1eedb68fab0df8e1ed46c448e578b2466351bbcb61e47d2ac0caaef0?s=96&d=mm&r=g\",\"caption\":\"admin\"},\"sameAs\":[\"https:\/\/radioportoseguro.com.br\/site\"],\"url\":\"https:\/\/radioportoseguro.com.br\/site\/author\/hezio\/\"}]}<\/script>\n<!-- \/ Yoast SEO plugin. -->","yoast_head_json":{"title":"Crist\u00e3o foi morto em protesto no Ir\u00e3 enquanto tentava recuperar corpo de amigo - R\u00e1dio Porto Seguro","robots":{"index":"index","follow":"follow","max-snippet":"max-snippet:-1","max-image-preview":"max-image-preview:large","max-video-preview":"max-video-preview:-1"},"canonical":"https:\/\/radioportoseguro.com.br\/site\/2026\/02\/07\/cristao-foi-morto-em-protesto-no-ira-enquanto-tentava-recuperar-corpo-de-amigo\/","og_locale":"pt_BR","og_type":"article","og_title":"Crist\u00e3o foi morto em protesto no Ir\u00e3 enquanto tentava recuperar corpo de amigo - R\u00e1dio Porto Seguro","og_description":"Um crist\u00e3o de 42 anos foi identificado entre os milhares de manifestantes mortos durante os protestos contra o regime isl\u00e2mico no Ir\u00e3. De acordo com o Article 18, uma organiza\u00e7\u00e3o que apoia crist\u00e3os perseguidos, Mohsen Rashidi foi baleado pelas costas enquanto tentava recuperar o corpo de um amigo morto durante uma manifesta\u00e7\u00e3o na cidade de [&hellip;]","og_url":"https:\/\/radioportoseguro.com.br\/site\/2026\/02\/07\/cristao-foi-morto-em-protesto-no-ira-enquanto-tentava-recuperar-corpo-de-amigo\/","og_site_name":"R\u00e1dio Porto Seguro","article_published_time":"2026-02-07T13:22:52+00:00","og_image":[{"url":"https:\/\/thumbor.guiame.com.br\/unsafe\/smart\/https:\/\/media.guiame.com.br\/archives\/2026\/02\/04\/2978709897-.webp","type":"","width":"","height":""}],"author":"admin","twitter_card":"summary_large_image","twitter_misc":{"Escrito por":"admin","Est. tempo de leitura":"4 minutos"},"schema":{"@context":"https:\/\/schema.org","@graph":[{"@type":"Article","@id":"https:\/\/radioportoseguro.com.br\/site\/2026\/02\/07\/cristao-foi-morto-em-protesto-no-ira-enquanto-tentava-recuperar-corpo-de-amigo\/#article","isPartOf":{"@id":"https:\/\/radioportoseguro.com.br\/site\/2026\/02\/07\/cristao-foi-morto-em-protesto-no-ira-enquanto-tentava-recuperar-corpo-de-amigo\/"},"author":{"name":"admin","@id":"https:\/\/radioportoseguro.com.br\/site\/#\/schema\/person\/7630acdc320186f13639d3c067ec089b"},"headline":"Crist\u00e3o foi morto em protesto no Ir\u00e3 enquanto tentava recuperar corpo de amigo","datePublished":"2026-02-07T13:22:52+00:00","mainEntityOfPage":{"@id":"https:\/\/radioportoseguro.com.br\/site\/2026\/02\/07\/cristao-foi-morto-em-protesto-no-ira-enquanto-tentava-recuperar-corpo-de-amigo\/"},"wordCount":746,"image":{"@id":"https:\/\/radioportoseguro.com.br\/site\/2026\/02\/07\/cristao-foi-morto-em-protesto-no-ira-enquanto-tentava-recuperar-corpo-de-amigo\/#primaryimage"},"thumbnailUrl":"https:\/\/radioportoseguro.com.br\/site\/wp-content\/uploads\/2026\/02\/2881486672-mohsen-rashidi.jpg","articleSection":["Destaques"],"inLanguage":"pt-BR"},{"@type":"WebPage","@id":"https:\/\/radioportoseguro.com.br\/site\/2026\/02\/07\/cristao-foi-morto-em-protesto-no-ira-enquanto-tentava-recuperar-corpo-de-amigo\/","url":"https:\/\/radioportoseguro.com.br\/site\/2026\/02\/07\/cristao-foi-morto-em-protesto-no-ira-enquanto-tentava-recuperar-corpo-de-amigo\/","name":"Crist\u00e3o foi morto em protesto no Ir\u00e3 enquanto tentava recuperar corpo de amigo - R\u00e1dio Porto Seguro","isPartOf":{"@id":"https:\/\/radioportoseguro.com.br\/site\/#website"},"primaryImageOfPage":{"@id":"https:\/\/radioportoseguro.com.br\/site\/2026\/02\/07\/cristao-foi-morto-em-protesto-no-ira-enquanto-tentava-recuperar-corpo-de-amigo\/#primaryimage"},"image":{"@id":"https:\/\/radioportoseguro.com.br\/site\/2026\/02\/07\/cristao-foi-morto-em-protesto-no-ira-enquanto-tentava-recuperar-corpo-de-amigo\/#primaryimage"},"thumbnailUrl":"https:\/\/radioportoseguro.com.br\/site\/wp-content\/uploads\/2026\/02\/2881486672-mohsen-rashidi.jpg","datePublished":"2026-02-07T13:22:52+00:00","author":{"@id":"https:\/\/radioportoseguro.com.br\/site\/#\/schema\/person\/7630acdc320186f13639d3c067ec089b"},"breadcrumb":{"@id":"https:\/\/radioportoseguro.com.br\/site\/2026\/02\/07\/cristao-foi-morto-em-protesto-no-ira-enquanto-tentava-recuperar-corpo-de-amigo\/#breadcrumb"},"inLanguage":"pt-BR","potentialAction":[{"@type":"ReadAction","target":["https:\/\/radioportoseguro.com.br\/site\/2026\/02\/07\/cristao-foi-morto-em-protesto-no-ira-enquanto-tentava-recuperar-corpo-de-amigo\/"]}]},{"@type":"ImageObject","inLanguage":"pt-BR","@id":"https:\/\/radioportoseguro.com.br\/site\/2026\/02\/07\/cristao-foi-morto-em-protesto-no-ira-enquanto-tentava-recuperar-corpo-de-amigo\/#primaryimage","url":"https:\/\/radioportoseguro.com.br\/site\/wp-content\/uploads\/2026\/02\/2881486672-mohsen-rashidi.jpg","contentUrl":"https:\/\/radioportoseguro.com.br\/site\/wp-content\/uploads\/2026\/02\/2881486672-mohsen-rashidi.jpg","width":1200,"height":600},{"@type":"BreadcrumbList","@id":"https:\/\/radioportoseguro.com.br\/site\/2026\/02\/07\/cristao-foi-morto-em-protesto-no-ira-enquanto-tentava-recuperar-corpo-de-amigo\/#breadcrumb","itemListElement":[{"@type":"ListItem","position":1,"name":"In\u00edcio","item":"https:\/\/radioportoseguro.com.br\/site\/"},{"@type":"ListItem","position":2,"name":"Crist\u00e3o foi morto em protesto no Ir\u00e3 enquanto tentava recuperar corpo de amigo"}]},{"@type":"WebSite","@id":"https:\/\/radioportoseguro.com.br\/site\/#website","url":"https:\/\/radioportoseguro.com.br\/site\/","name":"R\u00e1dio Porto Seguro","description":"","potentialAction":[{"@type":"SearchAction","target":{"@type":"EntryPoint","urlTemplate":"https:\/\/radioportoseguro.com.br\/site\/?s={search_term_string}"},"query-input":{"@type":"PropertyValueSpecification","valueRequired":true,"valueName":"search_term_string"}}],"inLanguage":"pt-BR"},{"@type":"Person","@id":"https:\/\/radioportoseguro.com.br\/site\/#\/schema\/person\/7630acdc320186f13639d3c067ec089b","name":"admin","image":{"@type":"ImageObject","inLanguage":"pt-BR","@id":"https:\/\/radioportoseguro.com.br\/site\/#\/schema\/person\/image\/","url":"https:\/\/secure.gravatar.com\/avatar\/caacf4dc1eedb68fab0df8e1ed46c448e578b2466351bbcb61e47d2ac0caaef0?s=96&d=mm&r=g","contentUrl":"https:\/\/secure.gravatar.com\/avatar\/caacf4dc1eedb68fab0df8e1ed46c448e578b2466351bbcb61e47d2ac0caaef0?s=96&d=mm&r=g","caption":"admin"},"sameAs":["https:\/\/radioportoseguro.com.br\/site"],"url":"https:\/\/radioportoseguro.com.br\/site\/author\/hezio\/"}]}},"_links":{"self":[{"href":"https:\/\/radioportoseguro.com.br\/site\/wp-json\/wp\/v2\/posts\/3858","targetHints":{"allow":["GET"]}}],"collection":[{"href":"https:\/\/radioportoseguro.com.br\/site\/wp-json\/wp\/v2\/posts"}],"about":[{"href":"https:\/\/radioportoseguro.com.br\/site\/wp-json\/wp\/v2\/types\/post"}],"author":[{"embeddable":true,"href":"https:\/\/radioportoseguro.com.br\/site\/wp-json\/wp\/v2\/users\/1"}],"replies":[{"embeddable":true,"href":"https:\/\/radioportoseguro.com.br\/site\/wp-json\/wp\/v2\/comments?post=3858"}],"version-history":[{"count":0,"href":"https:\/\/radioportoseguro.com.br\/site\/wp-json\/wp\/v2\/posts\/3858\/revisions"}],"wp:featuredmedia":[{"embeddable":true,"href":"https:\/\/radioportoseguro.com.br\/site\/wp-json\/wp\/v2\/media\/3859"}],"wp:attachment":[{"href":"https:\/\/radioportoseguro.com.br\/site\/wp-json\/wp\/v2\/media?parent=3858"}],"wp:term":[{"taxonomy":"category","embeddable":true,"href":"https:\/\/radioportoseguro.com.br\/site\/wp-json\/wp\/v2\/categories?post=3858"},{"taxonomy":"post_tag","embeddable":true,"href":"https:\/\/radioportoseguro.com.br\/site\/wp-json\/wp\/v2\/tags?post=3858"}],"curies":[{"name":"wp","href":"https:\/\/api.w.org\/{rel}","templated":true}]}}