{"id":3874,"date":"2026-02-07T19:49:36","date_gmt":"2026-02-07T22:49:36","guid":{"rendered":"https:\/\/radioportoseguro.com.br\/site\/2026\/02\/07\/eliane-silva-lanca-sua-nova-musica-o-grandao-da-galileia\/"},"modified":"2026-02-07T19:49:36","modified_gmt":"2026-02-07T22:49:36","slug":"eliane-silva-lanca-sua-nova-musica-o-grandao-da-galileia","status":"publish","type":"post","link":"https:\/\/radioportoseguro.com.br\/site\/2026\/02\/07\/eliane-silva-lanca-sua-nova-musica-o-grandao-da-galileia\/","title":{"rendered":"Eliane Silva lan\u00e7a sua nova m\u00fasica &#8220;O Grand\u00e3o da Galileia&#8221;"},"content":{"rendered":"<p><br \/>\n<\/p>\n<div id=\"post-body-884878255649163551\" itemprop=\"articleBody\">\n<meta content=\"A cantora Eliane Silva acaba de lan\u00e7ar sua nova can\u00e7\u00e3o, \u201cO Grand\u00e3o da Galileia\u201d, que j\u00e1 est\u00e1 dispon\u00edvel em todas as plataformas digitais pel...\" name=\"twitter:description\"\/><\/p>\n<p><!-- Postagens --><\/p>\n<div class=\"separator\" style=\"clear: both; text-align: center;\"><\/div>\n<p><span style=\"font-family: helvetica;\"><br \/>A cantora Eliane Silva acaba de lan\u00e7ar sua nova can\u00e7\u00e3o, \u201cO Grand\u00e3o da Galileia\u201d, que j\u00e1 est\u00e1 dispon\u00edvel em todas as plataformas digitais pela gravadora Louvor Eterno.<\/p>\n<p>Produzida pelo maestro Melk Carvalhedo, a m\u00fasica \u00e9 a primeira de cinco faixas in\u00e9ditas que a artista lan\u00e7ar\u00e1 sob o selo de sua nova gravadora e marca seu retorno com material in\u00e9dito ap\u00f3s dois anos.<\/p>\n<p><\/span><span style=\"font-family: helvetica;\">\u201cUma can\u00e7\u00e3o prof\u00e9tica, que traz \u00e0 nossa mem\u00f3ria os feitos de Jesus. Por onde Ele passava, tudo era restaurado, paral\u00edticos andavam. Hoje pode ser a sua vez de ser tocado. Ele cura alma, mente e cora\u00e7\u00e3o. Espalhe esta profecia, algu\u00e9m est\u00e1 precisando de um toque de Jesus! Seja um dos que levam a f\u00e9 e a esperan\u00e7a\u201d, declarou a cantora.<\/span><\/p>\n<div><span style=\"font-family: helvetica;\"><br \/>Com um minist\u00e9rio de quase quatro d\u00e9cadas, Eliane Silva se consolidou como um dos grandes nomes da m\u00fasica pentecostal brasileira. Sua trajet\u00f3ria \u00e9 marcada por can\u00e7\u00f5es que atravessaram gera\u00e7\u00f5es e se tornaram hinos em igrejas de todo o pa\u00eds, como \u201cDono da Festa\u201d, \u201cIsto \u00e9 Coisa Pra Deus\u201d e \u201cVai Explodir\u201d. <\/p>\n<p>Esse impacto tamb\u00e9m se refletiu em suas vendas: nos anos 2000, a cantora foi premiada com Disco de Platina por tr\u00eas \u00e1lbuns consecutivos \u2014 \u201cNa Un\u00e7\u00e3o\u201d, \u201cSobrenatural\u201d e \u201c\u00c9 Preciso Ter F\u00e9\u201d.<\/p>\n<p>Assista ao videoclipe de \u201cO Grand\u00e3o da Galileia\u201d e ou\u00e7a a can\u00e7\u00e3o na sua plataforma de m\u00fasica favorita.<\/p>\n<p><\/span><\/div>\n<div><span style=\"font-family: helvetica;\"><br \/><\/span><\/p>\n<div>\n<div class=\"ose-youtube ose-uid-aca0dee67eef40cc41f3ef1a6e172a2c ose-embedpress-responsive\" style=\"width:600px; height:600px; max-height:600px; max-width:100%; display:inline-block;\" data-embed-type=\"Youtube\"><iframe allowFullScreen=\"true\" title=\"Eliane Silva \u2013 O Grand\u00e3o da Galileia (V\u00eddeo Oficial)\" width=\"600\" height=\"600\" src=\"https:\/\/www.youtube.com\/embed\/0jW2AnIDECA?feature=oembed&color=red&rel=0&controls=1&start=&end=&fs=0&iv_load_policy=0&autoplay=0&mute=0&modestbranding=0&cc_load_policy=1&playsinline=1\" frameborder=\"0\" allow=\"accelerometer; encrypted-media;accelerometer;autoplay;clipboard-write;gyroscope;picture-in-picture clipboard-write; encrypted-media; gyroscope; picture-in-picture; web-share\" referrerpolicy=\"strict-origin-when-cross-origin\" allowfullscreen><\/iframe><\/div>\n<\/div>\n<\/div>\n<\/div>\n<p><script src=\"https:\/\/connect.facebook.net\/pt_BR\/all.js#xfbml=1\"><\/script><script>\n\/\/<![CDATA[\n(function(d, s, id) {\n  var js, fjs = d.getElementsByTagName(s)[0];\n  if (d.getElementById(id)) return;\n  js = d.createElement(s); js.id = id;\n  js.src = \"\/\/connect.facebook.net\/en_US\/sdk.js#xfbml=1&#038;version=v2.5\";\n  fjs.parentNode.insertBefore(js, fjs);\n}(document, 'script', 'facebook-jssdk'));\n\/\/]]>\ngoogle.com, pub-1504690508349431, DIRECT, f08c47fec0942fa0\n<\/script><br \/>\n<br \/><br \/>\n<br \/>Fonte: News Gospel<\/p>\n","protected":false},"excerpt":{"rendered":"<p>A cantora Eliane Silva acaba de lan\u00e7ar sua nova can\u00e7\u00e3o, \u201cO Grand\u00e3o da Galileia\u201d, que j\u00e1 est\u00e1 dispon\u00edvel em todas as plataformas digitais pela gravadora Louvor Eterno. Produzida pelo maestro Melk Carvalhedo, a m\u00fasica \u00e9 a primeira de cinco faixas in\u00e9ditas que a artista lan\u00e7ar\u00e1 sob o selo de sua nova gravadora e marca seu [&hellip;]<\/p>\n","protected":false},"author":1,"featured_media":3875,"comment_status":"","ping_status":"open","sticky":false,"template":"","format":"standard","meta":{"footnotes":""},"categories":[4],"tags":[],"class_list":["post-3874","post","type-post","status-publish","format-standard","has-post-thumbnail","hentry","category-musica"],"yoast_head":"<!-- This site is optimized with the Yoast SEO plugin v26.8 - https:\/\/yoast.com\/product\/yoast-seo-wordpress\/ -->\n<title>Eliane Silva lan\u00e7a sua nova m\u00fasica &quot;O Grand\u00e3o da Galileia&quot; - R\u00e1dio Porto Seguro<\/title>\n<meta name=\"robots\" content=\"index, follow, max-snippet:-1, max-image-preview:large, max-video-preview:-1\" \/>\n<link rel=\"canonical\" href=\"https:\/\/radioportoseguro.com.br\/site\/2026\/02\/07\/eliane-silva-lanca-sua-nova-musica-o-grandao-da-galileia\/\" \/>\n<meta property=\"og:locale\" content=\"pt_BR\" \/>\n<meta property=\"og:type\" content=\"article\" \/>\n<meta property=\"og:title\" content=\"Eliane Silva lan\u00e7a sua nova m\u00fasica &quot;O Grand\u00e3o da Galileia&quot; - R\u00e1dio Porto Seguro\" \/>\n<meta property=\"og:description\" content=\"A cantora Eliane Silva acaba de lan\u00e7ar sua nova can\u00e7\u00e3o, \u201cO Grand\u00e3o da Galileia\u201d, que j\u00e1 est\u00e1 dispon\u00edvel em todas as plataformas digitais pela gravadora Louvor Eterno. Produzida pelo maestro Melk Carvalhedo, a m\u00fasica \u00e9 a primeira de cinco faixas in\u00e9ditas que a artista lan\u00e7ar\u00e1 sob o selo de sua nova gravadora e marca seu [&hellip;]\" \/>\n<meta property=\"og:url\" content=\"https:\/\/radioportoseguro.com.br\/site\/2026\/02\/07\/eliane-silva-lanca-sua-nova-musica-o-grandao-da-galileia\/\" \/>\n<meta property=\"og:site_name\" content=\"R\u00e1dio Porto Seguro\" \/>\n<meta property=\"article:published_time\" content=\"2026-02-07T22:49:36+00:00\" \/>\n<meta property=\"og:image\" content=\"https:\/\/blogger.googleusercontent.com\/img\/b\/R29vZ2xl\/AVvXsEhpJgzUZx0N1fnO6FsnSuDt9afsMpTAQKNv8knmk4mYrYGlLg-jkuL9biHQCtIvz_br0vOCrNgOzwOMU0II-KyihGYTBNx9oPzHUZ6paokCVAEQFZ7VRRPj4i4JIVyAnTFNguiOwsJR-UVvS77ioax7I9uhJo4z3h-sH9mJkVE5CklLEqaET9uo_qf9IpJN\/s16000\/el.jpg\" \/>\n<meta name=\"author\" content=\"admin\" \/>\n<meta name=\"twitter:card\" content=\"summary_large_image\" \/>\n<meta name=\"twitter:label1\" content=\"Escrito por\" \/>\n\t<meta name=\"twitter:data1\" content=\"admin\" \/>\n\t<meta name=\"twitter:label2\" content=\"Est. tempo de leitura\" \/>\n\t<meta name=\"twitter:data2\" content=\"1 minuto\" \/>\n<script type=\"application\/ld+json\" class=\"yoast-schema-graph\">{\"@context\":\"https:\/\/schema.org\",\"@graph\":[{\"@type\":\"Article\",\"@id\":\"https:\/\/radioportoseguro.com.br\/site\/2026\/02\/07\/eliane-silva-lanca-sua-nova-musica-o-grandao-da-galileia\/#article\",\"isPartOf\":{\"@id\":\"https:\/\/radioportoseguro.com.br\/site\/2026\/02\/07\/eliane-silva-lanca-sua-nova-musica-o-grandao-da-galileia\/\"},\"author\":{\"name\":\"admin\",\"@id\":\"https:\/\/radioportoseguro.com.br\/site\/#\/schema\/person\/7630acdc320186f13639d3c067ec089b\"},\"headline\":\"Eliane Silva lan\u00e7a sua nova m\u00fasica &#8220;O Grand\u00e3o da Galileia&#8221;\",\"datePublished\":\"2026-02-07T22:49:36+00:00\",\"mainEntityOfPage\":{\"@id\":\"https:\/\/radioportoseguro.com.br\/site\/2026\/02\/07\/eliane-silva-lanca-sua-nova-musica-o-grandao-da-galileia\/\"},\"wordCount\":274,\"image\":{\"@id\":\"https:\/\/radioportoseguro.com.br\/site\/2026\/02\/07\/eliane-silva-lanca-sua-nova-musica-o-grandao-da-galileia\/#primaryimage\"},\"thumbnailUrl\":\"https:\/\/radioportoseguro.com.br\/site\/wp-content\/uploads\/2026\/02\/el.jpg\",\"articleSection\":[\"M\u00fasica\"],\"inLanguage\":\"pt-BR\"},{\"@type\":\"WebPage\",\"@id\":\"https:\/\/radioportoseguro.com.br\/site\/2026\/02\/07\/eliane-silva-lanca-sua-nova-musica-o-grandao-da-galileia\/\",\"url\":\"https:\/\/radioportoseguro.com.br\/site\/2026\/02\/07\/eliane-silva-lanca-sua-nova-musica-o-grandao-da-galileia\/\",\"name\":\"Eliane Silva lan\u00e7a sua nova m\u00fasica \\\"O Grand\u00e3o da Galileia\\\" - R\u00e1dio Porto Seguro\",\"isPartOf\":{\"@id\":\"https:\/\/radioportoseguro.com.br\/site\/#website\"},\"primaryImageOfPage\":{\"@id\":\"https:\/\/radioportoseguro.com.br\/site\/2026\/02\/07\/eliane-silva-lanca-sua-nova-musica-o-grandao-da-galileia\/#primaryimage\"},\"image\":{\"@id\":\"https:\/\/radioportoseguro.com.br\/site\/2026\/02\/07\/eliane-silva-lanca-sua-nova-musica-o-grandao-da-galileia\/#primaryimage\"},\"thumbnailUrl\":\"https:\/\/radioportoseguro.com.br\/site\/wp-content\/uploads\/2026\/02\/el.jpg\",\"datePublished\":\"2026-02-07T22:49:36+00:00\",\"author\":{\"@id\":\"https:\/\/radioportoseguro.com.br\/site\/#\/schema\/person\/7630acdc320186f13639d3c067ec089b\"},\"breadcrumb\":{\"@id\":\"https:\/\/radioportoseguro.com.br\/site\/2026\/02\/07\/eliane-silva-lanca-sua-nova-musica-o-grandao-da-galileia\/#breadcrumb\"},\"inLanguage\":\"pt-BR\",\"potentialAction\":[{\"@type\":\"ReadAction\",\"target\":[\"https:\/\/radioportoseguro.com.br\/site\/2026\/02\/07\/eliane-silva-lanca-sua-nova-musica-o-grandao-da-galileia\/\"]}]},{\"@type\":\"ImageObject\",\"inLanguage\":\"pt-BR\",\"@id\":\"https:\/\/radioportoseguro.com.br\/site\/2026\/02\/07\/eliane-silva-lanca-sua-nova-musica-o-grandao-da-galileia\/#primaryimage\",\"url\":\"https:\/\/radioportoseguro.com.br\/site\/wp-content\/uploads\/2026\/02\/el.jpg\",\"contentUrl\":\"https:\/\/radioportoseguro.com.br\/site\/wp-content\/uploads\/2026\/02\/el.jpg\",\"width\":1080,\"height\":630},{\"@type\":\"BreadcrumbList\",\"@id\":\"https:\/\/radioportoseguro.com.br\/site\/2026\/02\/07\/eliane-silva-lanca-sua-nova-musica-o-grandao-da-galileia\/#breadcrumb\",\"itemListElement\":[{\"@type\":\"ListItem\",\"position\":1,\"name\":\"In\u00edcio\",\"item\":\"https:\/\/radioportoseguro.com.br\/site\/\"},{\"@type\":\"ListItem\",\"position\":2,\"name\":\"Eliane Silva lan\u00e7a sua nova m\u00fasica &#8220;O Grand\u00e3o da Galileia&#8221;\"}]},{\"@type\":\"WebSite\",\"@id\":\"https:\/\/radioportoseguro.com.br\/site\/#website\",\"url\":\"https:\/\/radioportoseguro.com.br\/site\/\",\"name\":\"R\u00e1dio Porto Seguro\",\"description\":\"\",\"potentialAction\":[{\"@type\":\"SearchAction\",\"target\":{\"@type\":\"EntryPoint\",\"urlTemplate\":\"https:\/\/radioportoseguro.com.br\/site\/?s={search_term_string}\"},\"query-input\":{\"@type\":\"PropertyValueSpecification\",\"valueRequired\":true,\"valueName\":\"search_term_string\"}}],\"inLanguage\":\"pt-BR\"},{\"@type\":\"Person\",\"@id\":\"https:\/\/radioportoseguro.com.br\/site\/#\/schema\/person\/7630acdc320186f13639d3c067ec089b\",\"name\":\"admin\",\"image\":{\"@type\":\"ImageObject\",\"inLanguage\":\"pt-BR\",\"@id\":\"https:\/\/radioportoseguro.com.br\/site\/#\/schema\/person\/image\/\",\"url\":\"https:\/\/secure.gravatar.com\/avatar\/caacf4dc1eedb68fab0df8e1ed46c448e578b2466351bbcb61e47d2ac0caaef0?s=96&d=mm&r=g\",\"contentUrl\":\"https:\/\/secure.gravatar.com\/avatar\/caacf4dc1eedb68fab0df8e1ed46c448e578b2466351bbcb61e47d2ac0caaef0?s=96&d=mm&r=g\",\"caption\":\"admin\"},\"sameAs\":[\"https:\/\/radioportoseguro.com.br\/site\"],\"url\":\"https:\/\/radioportoseguro.com.br\/site\/author\/hezio\/\"}]}<\/script>\n<!-- \/ Yoast SEO plugin. -->","yoast_head_json":{"title":"Eliane Silva lan\u00e7a sua nova m\u00fasica \"O Grand\u00e3o da Galileia\" - R\u00e1dio Porto Seguro","robots":{"index":"index","follow":"follow","max-snippet":"max-snippet:-1","max-image-preview":"max-image-preview:large","max-video-preview":"max-video-preview:-1"},"canonical":"https:\/\/radioportoseguro.com.br\/site\/2026\/02\/07\/eliane-silva-lanca-sua-nova-musica-o-grandao-da-galileia\/","og_locale":"pt_BR","og_type":"article","og_title":"Eliane Silva lan\u00e7a sua nova m\u00fasica \"O Grand\u00e3o da Galileia\" - R\u00e1dio Porto Seguro","og_description":"A cantora Eliane Silva acaba de lan\u00e7ar sua nova can\u00e7\u00e3o, \u201cO Grand\u00e3o da Galileia\u201d, que j\u00e1 est\u00e1 dispon\u00edvel em todas as plataformas digitais pela gravadora Louvor Eterno. Produzida pelo maestro Melk Carvalhedo, a m\u00fasica \u00e9 a primeira de cinco faixas in\u00e9ditas que a artista lan\u00e7ar\u00e1 sob o selo de sua nova gravadora e marca seu [&hellip;]","og_url":"https:\/\/radioportoseguro.com.br\/site\/2026\/02\/07\/eliane-silva-lanca-sua-nova-musica-o-grandao-da-galileia\/","og_site_name":"R\u00e1dio Porto Seguro","article_published_time":"2026-02-07T22:49:36+00:00","og_image":[{"url":"https:\/\/blogger.googleusercontent.com\/img\/b\/R29vZ2xl\/AVvXsEhpJgzUZx0N1fnO6FsnSuDt9afsMpTAQKNv8knmk4mYrYGlLg-jkuL9biHQCtIvz_br0vOCrNgOzwOMU0II-KyihGYTBNx9oPzHUZ6paokCVAEQFZ7VRRPj4i4JIVyAnTFNguiOwsJR-UVvS77ioax7I9uhJo4z3h-sH9mJkVE5CklLEqaET9uo_qf9IpJN\/s16000\/el.jpg","type":"","width":"","height":""}],"author":"admin","twitter_card":"summary_large_image","twitter_misc":{"Escrito por":"admin","Est. tempo de leitura":"1 minuto"},"schema":{"@context":"https:\/\/schema.org","@graph":[{"@type":"Article","@id":"https:\/\/radioportoseguro.com.br\/site\/2026\/02\/07\/eliane-silva-lanca-sua-nova-musica-o-grandao-da-galileia\/#article","isPartOf":{"@id":"https:\/\/radioportoseguro.com.br\/site\/2026\/02\/07\/eliane-silva-lanca-sua-nova-musica-o-grandao-da-galileia\/"},"author":{"name":"admin","@id":"https:\/\/radioportoseguro.com.br\/site\/#\/schema\/person\/7630acdc320186f13639d3c067ec089b"},"headline":"Eliane Silva lan\u00e7a sua nova m\u00fasica &#8220;O Grand\u00e3o da Galileia&#8221;","datePublished":"2026-02-07T22:49:36+00:00","mainEntityOfPage":{"@id":"https:\/\/radioportoseguro.com.br\/site\/2026\/02\/07\/eliane-silva-lanca-sua-nova-musica-o-grandao-da-galileia\/"},"wordCount":274,"image":{"@id":"https:\/\/radioportoseguro.com.br\/site\/2026\/02\/07\/eliane-silva-lanca-sua-nova-musica-o-grandao-da-galileia\/#primaryimage"},"thumbnailUrl":"https:\/\/radioportoseguro.com.br\/site\/wp-content\/uploads\/2026\/02\/el.jpg","articleSection":["M\u00fasica"],"inLanguage":"pt-BR"},{"@type":"WebPage","@id":"https:\/\/radioportoseguro.com.br\/site\/2026\/02\/07\/eliane-silva-lanca-sua-nova-musica-o-grandao-da-galileia\/","url":"https:\/\/radioportoseguro.com.br\/site\/2026\/02\/07\/eliane-silva-lanca-sua-nova-musica-o-grandao-da-galileia\/","name":"Eliane Silva lan\u00e7a sua nova m\u00fasica \"O Grand\u00e3o da Galileia\" - R\u00e1dio Porto Seguro","isPartOf":{"@id":"https:\/\/radioportoseguro.com.br\/site\/#website"},"primaryImageOfPage":{"@id":"https:\/\/radioportoseguro.com.br\/site\/2026\/02\/07\/eliane-silva-lanca-sua-nova-musica-o-grandao-da-galileia\/#primaryimage"},"image":{"@id":"https:\/\/radioportoseguro.com.br\/site\/2026\/02\/07\/eliane-silva-lanca-sua-nova-musica-o-grandao-da-galileia\/#primaryimage"},"thumbnailUrl":"https:\/\/radioportoseguro.com.br\/site\/wp-content\/uploads\/2026\/02\/el.jpg","datePublished":"2026-02-07T22:49:36+00:00","author":{"@id":"https:\/\/radioportoseguro.com.br\/site\/#\/schema\/person\/7630acdc320186f13639d3c067ec089b"},"breadcrumb":{"@id":"https:\/\/radioportoseguro.com.br\/site\/2026\/02\/07\/eliane-silva-lanca-sua-nova-musica-o-grandao-da-galileia\/#breadcrumb"},"inLanguage":"pt-BR","potentialAction":[{"@type":"ReadAction","target":["https:\/\/radioportoseguro.com.br\/site\/2026\/02\/07\/eliane-silva-lanca-sua-nova-musica-o-grandao-da-galileia\/"]}]},{"@type":"ImageObject","inLanguage":"pt-BR","@id":"https:\/\/radioportoseguro.com.br\/site\/2026\/02\/07\/eliane-silva-lanca-sua-nova-musica-o-grandao-da-galileia\/#primaryimage","url":"https:\/\/radioportoseguro.com.br\/site\/wp-content\/uploads\/2026\/02\/el.jpg","contentUrl":"https:\/\/radioportoseguro.com.br\/site\/wp-content\/uploads\/2026\/02\/el.jpg","width":1080,"height":630},{"@type":"BreadcrumbList","@id":"https:\/\/radioportoseguro.com.br\/site\/2026\/02\/07\/eliane-silva-lanca-sua-nova-musica-o-grandao-da-galileia\/#breadcrumb","itemListElement":[{"@type":"ListItem","position":1,"name":"In\u00edcio","item":"https:\/\/radioportoseguro.com.br\/site\/"},{"@type":"ListItem","position":2,"name":"Eliane Silva lan\u00e7a sua nova m\u00fasica &#8220;O Grand\u00e3o da Galileia&#8221;"}]},{"@type":"WebSite","@id":"https:\/\/radioportoseguro.com.br\/site\/#website","url":"https:\/\/radioportoseguro.com.br\/site\/","name":"R\u00e1dio Porto Seguro","description":"","potentialAction":[{"@type":"SearchAction","target":{"@type":"EntryPoint","urlTemplate":"https:\/\/radioportoseguro.com.br\/site\/?s={search_term_string}"},"query-input":{"@type":"PropertyValueSpecification","valueRequired":true,"valueName":"search_term_string"}}],"inLanguage":"pt-BR"},{"@type":"Person","@id":"https:\/\/radioportoseguro.com.br\/site\/#\/schema\/person\/7630acdc320186f13639d3c067ec089b","name":"admin","image":{"@type":"ImageObject","inLanguage":"pt-BR","@id":"https:\/\/radioportoseguro.com.br\/site\/#\/schema\/person\/image\/","url":"https:\/\/secure.gravatar.com\/avatar\/caacf4dc1eedb68fab0df8e1ed46c448e578b2466351bbcb61e47d2ac0caaef0?s=96&d=mm&r=g","contentUrl":"https:\/\/secure.gravatar.com\/avatar\/caacf4dc1eedb68fab0df8e1ed46c448e578b2466351bbcb61e47d2ac0caaef0?s=96&d=mm&r=g","caption":"admin"},"sameAs":["https:\/\/radioportoseguro.com.br\/site"],"url":"https:\/\/radioportoseguro.com.br\/site\/author\/hezio\/"}]}},"_links":{"self":[{"href":"https:\/\/radioportoseguro.com.br\/site\/wp-json\/wp\/v2\/posts\/3874","targetHints":{"allow":["GET"]}}],"collection":[{"href":"https:\/\/radioportoseguro.com.br\/site\/wp-json\/wp\/v2\/posts"}],"about":[{"href":"https:\/\/radioportoseguro.com.br\/site\/wp-json\/wp\/v2\/types\/post"}],"author":[{"embeddable":true,"href":"https:\/\/radioportoseguro.com.br\/site\/wp-json\/wp\/v2\/users\/1"}],"replies":[{"embeddable":true,"href":"https:\/\/radioportoseguro.com.br\/site\/wp-json\/wp\/v2\/comments?post=3874"}],"version-history":[{"count":0,"href":"https:\/\/radioportoseguro.com.br\/site\/wp-json\/wp\/v2\/posts\/3874\/revisions"}],"wp:featuredmedia":[{"embeddable":true,"href":"https:\/\/radioportoseguro.com.br\/site\/wp-json\/wp\/v2\/media\/3875"}],"wp:attachment":[{"href":"https:\/\/radioportoseguro.com.br\/site\/wp-json\/wp\/v2\/media?parent=3874"}],"wp:term":[{"taxonomy":"category","embeddable":true,"href":"https:\/\/radioportoseguro.com.br\/site\/wp-json\/wp\/v2\/categories?post=3874"},{"taxonomy":"post_tag","embeddable":true,"href":"https:\/\/radioportoseguro.com.br\/site\/wp-json\/wp\/v2\/tags?post=3874"}],"curies":[{"name":"wp","href":"https:\/\/api.w.org\/{rel}","templated":true}]}}