{"id":3882,"date":"2026-02-08T00:38:29","date_gmt":"2026-02-08T03:38:29","guid":{"rendered":"https:\/\/radioportoseguro.com.br\/site\/2026\/02\/08\/pastor-e-familia-sao-assassinados-por-extremistas-a-caminho-de-missao-na-nigeria\/"},"modified":"2026-02-08T00:38:29","modified_gmt":"2026-02-08T03:38:29","slug":"pastor-e-familia-sao-assassinados-por-extremistas-a-caminho-de-missao-na-nigeria","status":"publish","type":"post","link":"https:\/\/radioportoseguro.com.br\/site\/2026\/02\/08\/pastor-e-familia-sao-assassinados-por-extremistas-a-caminho-de-missao-na-nigeria\/","title":{"rendered":"Pastor e fam\u00edlia s\u00e3o assassinados por extremistas a caminho de miss\u00e3o na Nig\u00e9ria"},"content":{"rendered":"<p><br \/>\n<br \/><\/p>\n<div>\n<p><span style=\"font-weight: 400;\">Extremistas Fulani emboscaram e assassinaram um pastor, sua filha e o genro enquanto o casal viajava com a filha beb\u00ea, de apenas tr\u00eas meses, que tamb\u00e9m foi atacada e ficou ferida, no estado de Plateau, na <\/span><span style=\"color: #993300;\"><strong>Nig\u00e9ria<\/strong><\/span><span style=\"font-weight: 400;\">.<\/span><\/p>\n<p><span style=\"font-weight: 400;\">A fam\u00edlia pastoral foi brutalmente assassinada no dia 16 janeiro, na rodovia Jos\u2013Barkin Ladi, quando a fam\u00edlia seguia para miss\u00e3o em uma vila no condado de Barkin Ladi. Segundo a Sociedade Mission\u00e1ria Evang\u00e9lica (EMS) da Igreja Evang\u00e9lica Vencedora de Todas as Na\u00e7\u00f5es (ECWA), os crist\u00e3os foram surpreendidos e atacados antes de chegarem ao destino.<\/span><\/p>\n<p><span style=\"font-weight: 400;\">As v\u00edtimas foram identificadas como o reverendo Bulus Madaki, que tamb\u00e9m atuava como param\u00e9dico, sua filha e o genro. A neta do pastor, uma beb\u00ea de tr\u00eas meses, sofreu um grave ferimento na cabe\u00e7a causado por fac\u00e3o. Apesar de ser dada como morta, ela sobreviveu.<\/span><\/p>\n<p><span style=\"font-weight: 400;\">\u201cNa Nig\u00e9ria, o Evangelho \u00e9 frequentemente pregado a custo de sangue e l\u00e1grimas, o sangue e as l\u00e1grimas de mission\u00e1rios que escolhem seguir a Cristo, n\u00e3o importa o pre\u00e7o\u201d, declararam os l\u00edderes da EMS.<\/span><\/p>\n<p><span style=\"font-weight: 400;\">\u201cEles estavam a caminho de sua nova miss\u00e3o. Nunca chegaram ao destino. Sua neta, uma beb\u00ea de 3 meses, sobreviveu ao ataque com um grave traumatismo craniano. Ela agora vive como \u00f3rf\u00e3, tendo perdido o pai, a m\u00e3e e o av\u00f4 em um \u00fanico e violento momento\u201d, acrescentaram.<\/span><\/p>\n<p><strong>\u2018Nada nos separar\u00e1 do amor de Cristo\u2019<\/strong><\/p>\n<p><span style=\"font-weight: 400;\">Apesar da viol\u00eancia, membros da ECWA afirmaram que a persegui\u00e7\u00e3o n\u00e3o ir\u00e1 interromper o trabalho missiom\u00e1rio no pa\u00eds:<\/span><\/p>\n<p><span style=\"font-weight: 400;\">\u201cAs miss\u00f5es na Nig\u00e9ria est\u00e3o crescendo, mas o perigo que as acompanha \u00e9 real, brutal e persistente. Apesar deste ataque, ele \u00e9 uma prova concreta de que estamos vencendo e que almas est\u00e3o sendo ganhas para Cristo em meio a um per\u00edodo turbulento\u201d.<\/span><\/p>\n<p><span style=\"font-weight: 400;\">Segundo eles, a persegui\u00e7\u00e3o aos crist\u00e3os continuar\u00e1 servindo como catalisador para a propaga\u00e7\u00e3o do Evangelho.<\/span><\/p>\n<p><span style=\"font-weight: 400;\">\u201cOramos para que possamos fazer mais, a persegui\u00e7\u00e3o nunca terminar\u00e1 e, portanto, a evangeliza\u00e7\u00e3o tamb\u00e9m nunca terminar\u00e1\u201d, disse Cletus Ali, membro da ECWA ao Morning Star News.\u00a0<\/span><\/p>\n<p><span style=\"font-weight: 400;\">Em seguida, declarou: \u201cOramos pelos terroristas e acreditamos que um dia receber\u00e3o a salva\u00e7\u00e3o e se tornar\u00e3o parte de n\u00f3s\u201d.<\/span><\/p>\n<p><span style=\"font-weight: 400;\">Ayoola Abejide, outro membro da ECWA, pediu a Deus que lhe desse gra\u00e7a para continuar pregando o Evangelho apesar da persegui\u00e7\u00e3o:<\/span><\/p>\n<p><span style=\"font-weight: 400;\">\u201cQue Deus intervenha e traga justi\u00e7a sobre os inimigos do Evangelho e nos d\u00ea descanso. Nenhum recuo, nenhuma rendi\u00e7\u00e3o. Nada nos separar\u00e1 do amor de Cristo. Que Deus console a igreja e toda a fam\u00edlia\u201d.<\/span><\/p>\n<p><span style=\"font-weight: 400;\">J\u00e1, Lydia Mark, concluiu encorajando a Igreja perseguida que \u201cDeus fala em todas as situa\u00e7\u00f5es\u201d:<\/span><\/p>\n<p><span style=\"font-weight: 400;\">\u201cEle est\u00e1 falando neste exato momento sobre esta situa\u00e7\u00e3o atual. Que Deus nos conceda a gra\u00e7a necess\u00e1ria para crer, mesmo quando n\u00e3o o ouvimos claramente enquanto fala em nome de Jesus. Pedimos consolo divino\u201d.<\/span><\/p>\n<p><span style=\"font-weight: 400;\">A Nig\u00e9ria ficou em 7\u00ba lugar na <\/span><span style=\"color: #993300;\"><strong>Lista Mundial de Vigil\u00e2ncia 2026 da Portas Abertas<\/strong><\/span><span style=\"font-weight: 400;\">, que avalia a persegui\u00e7\u00e3o enfrentada por crist\u00e3os em todo o mundo. <\/span><\/p>\n<\/div>\n<p><br \/>\n<br \/>Fonte: Guiame <\/p>\n","protected":false},"excerpt":{"rendered":"<p>Extremistas Fulani emboscaram e assassinaram um pastor, sua filha e o genro enquanto o casal viajava com a filha beb\u00ea, de apenas tr\u00eas meses, que tamb\u00e9m foi atacada e ficou ferida, no estado de Plateau, na Nig\u00e9ria. A fam\u00edlia pastoral foi brutalmente assassinada no dia 16 janeiro, na rodovia Jos\u2013Barkin Ladi, quando a fam\u00edlia seguia [&hellip;]<\/p>\n","protected":false},"author":1,"featured_media":3883,"comment_status":"","ping_status":"open","sticky":false,"template":"","format":"standard","meta":{"footnotes":""},"categories":[43],"tags":[],"class_list":["post-3882","post","type-post","status-publish","format-standard","has-post-thumbnail","hentry","category-destaques"],"yoast_head":"<!-- This site is optimized with the Yoast SEO plugin v26.8 - https:\/\/yoast.com\/product\/yoast-seo-wordpress\/ -->\n<title>Pastor e fam\u00edlia s\u00e3o assassinados por extremistas a caminho de miss\u00e3o na Nig\u00e9ria - R\u00e1dio Porto Seguro<\/title>\n<meta name=\"robots\" content=\"index, follow, max-snippet:-1, max-image-preview:large, max-video-preview:-1\" \/>\n<link rel=\"canonical\" href=\"https:\/\/radioportoseguro.com.br\/site\/2026\/02\/08\/pastor-e-familia-sao-assassinados-por-extremistas-a-caminho-de-missao-na-nigeria\/\" \/>\n<meta property=\"og:locale\" content=\"pt_BR\" \/>\n<meta property=\"og:type\" content=\"article\" \/>\n<meta property=\"og:title\" content=\"Pastor e fam\u00edlia s\u00e3o assassinados por extremistas a caminho de miss\u00e3o na Nig\u00e9ria - R\u00e1dio Porto Seguro\" \/>\n<meta property=\"og:description\" content=\"Extremistas Fulani emboscaram e assassinaram um pastor, sua filha e o genro enquanto o casal viajava com a filha beb\u00ea, de apenas tr\u00eas meses, que tamb\u00e9m foi atacada e ficou ferida, no estado de Plateau, na Nig\u00e9ria. A fam\u00edlia pastoral foi brutalmente assassinada no dia 16 janeiro, na rodovia Jos\u2013Barkin Ladi, quando a fam\u00edlia seguia [&hellip;]\" \/>\n<meta property=\"og:url\" content=\"https:\/\/radioportoseguro.com.br\/site\/2026\/02\/08\/pastor-e-familia-sao-assassinados-por-extremistas-a-caminho-de-missao-na-nigeria\/\" \/>\n<meta property=\"og:site_name\" content=\"R\u00e1dio Porto Seguro\" \/>\n<meta property=\"article:published_time\" content=\"2026-02-08T03:38:29+00:00\" \/>\n<meta property=\"og:image\" content=\"https:\/\/media.guiame.com.br\/archives\/2026\/02\/06\/3205231830-o-reverendo-bulus-madaki.jpeg\" \/>\n<meta name=\"author\" content=\"admin\" \/>\n<meta name=\"twitter:card\" content=\"summary_large_image\" \/>\n<meta name=\"twitter:label1\" content=\"Escrito por\" \/>\n\t<meta name=\"twitter:data1\" content=\"admin\" \/>\n\t<meta name=\"twitter:label2\" content=\"Est. tempo de leitura\" \/>\n\t<meta name=\"twitter:data2\" content=\"3 minutos\" \/>\n<script type=\"application\/ld+json\" class=\"yoast-schema-graph\">{\"@context\":\"https:\/\/schema.org\",\"@graph\":[{\"@type\":\"Article\",\"@id\":\"https:\/\/radioportoseguro.com.br\/site\/2026\/02\/08\/pastor-e-familia-sao-assassinados-por-extremistas-a-caminho-de-missao-na-nigeria\/#article\",\"isPartOf\":{\"@id\":\"https:\/\/radioportoseguro.com.br\/site\/2026\/02\/08\/pastor-e-familia-sao-assassinados-por-extremistas-a-caminho-de-missao-na-nigeria\/\"},\"author\":{\"name\":\"admin\",\"@id\":\"https:\/\/radioportoseguro.com.br\/site\/#\/schema\/person\/7630acdc320186f13639d3c067ec089b\"},\"headline\":\"Pastor e fam\u00edlia s\u00e3o assassinados por extremistas a caminho de miss\u00e3o na Nig\u00e9ria\",\"datePublished\":\"2026-02-08T03:38:29+00:00\",\"mainEntityOfPage\":{\"@id\":\"https:\/\/radioportoseguro.com.br\/site\/2026\/02\/08\/pastor-e-familia-sao-assassinados-por-extremistas-a-caminho-de-missao-na-nigeria\/\"},\"wordCount\":554,\"image\":{\"@id\":\"https:\/\/radioportoseguro.com.br\/site\/2026\/02\/08\/pastor-e-familia-sao-assassinados-por-extremistas-a-caminho-de-missao-na-nigeria\/#primaryimage\"},\"thumbnailUrl\":\"https:\/\/radioportoseguro.com.br\/site\/wp-content\/uploads\/2026\/02\/3205231830-o-reverendo-bulus-madaki.jpeg\",\"articleSection\":[\"Destaques\"],\"inLanguage\":\"pt-BR\"},{\"@type\":\"WebPage\",\"@id\":\"https:\/\/radioportoseguro.com.br\/site\/2026\/02\/08\/pastor-e-familia-sao-assassinados-por-extremistas-a-caminho-de-missao-na-nigeria\/\",\"url\":\"https:\/\/radioportoseguro.com.br\/site\/2026\/02\/08\/pastor-e-familia-sao-assassinados-por-extremistas-a-caminho-de-missao-na-nigeria\/\",\"name\":\"Pastor e fam\u00edlia s\u00e3o assassinados por extremistas a caminho de miss\u00e3o na Nig\u00e9ria - R\u00e1dio Porto Seguro\",\"isPartOf\":{\"@id\":\"https:\/\/radioportoseguro.com.br\/site\/#website\"},\"primaryImageOfPage\":{\"@id\":\"https:\/\/radioportoseguro.com.br\/site\/2026\/02\/08\/pastor-e-familia-sao-assassinados-por-extremistas-a-caminho-de-missao-na-nigeria\/#primaryimage\"},\"image\":{\"@id\":\"https:\/\/radioportoseguro.com.br\/site\/2026\/02\/08\/pastor-e-familia-sao-assassinados-por-extremistas-a-caminho-de-missao-na-nigeria\/#primaryimage\"},\"thumbnailUrl\":\"https:\/\/radioportoseguro.com.br\/site\/wp-content\/uploads\/2026\/02\/3205231830-o-reverendo-bulus-madaki.jpeg\",\"datePublished\":\"2026-02-08T03:38:29+00:00\",\"author\":{\"@id\":\"https:\/\/radioportoseguro.com.br\/site\/#\/schema\/person\/7630acdc320186f13639d3c067ec089b\"},\"breadcrumb\":{\"@id\":\"https:\/\/radioportoseguro.com.br\/site\/2026\/02\/08\/pastor-e-familia-sao-assassinados-por-extremistas-a-caminho-de-missao-na-nigeria\/#breadcrumb\"},\"inLanguage\":\"pt-BR\",\"potentialAction\":[{\"@type\":\"ReadAction\",\"target\":[\"https:\/\/radioportoseguro.com.br\/site\/2026\/02\/08\/pastor-e-familia-sao-assassinados-por-extremistas-a-caminho-de-missao-na-nigeria\/\"]}]},{\"@type\":\"ImageObject\",\"inLanguage\":\"pt-BR\",\"@id\":\"https:\/\/radioportoseguro.com.br\/site\/2026\/02\/08\/pastor-e-familia-sao-assassinados-por-extremistas-a-caminho-de-missao-na-nigeria\/#primaryimage\",\"url\":\"https:\/\/radioportoseguro.com.br\/site\/wp-content\/uploads\/2026\/02\/3205231830-o-reverendo-bulus-madaki.jpeg\",\"contentUrl\":\"https:\/\/radioportoseguro.com.br\/site\/wp-content\/uploads\/2026\/02\/3205231830-o-reverendo-bulus-madaki.jpeg\",\"width\":1200,\"height\":600},{\"@type\":\"BreadcrumbList\",\"@id\":\"https:\/\/radioportoseguro.com.br\/site\/2026\/02\/08\/pastor-e-familia-sao-assassinados-por-extremistas-a-caminho-de-missao-na-nigeria\/#breadcrumb\",\"itemListElement\":[{\"@type\":\"ListItem\",\"position\":1,\"name\":\"In\u00edcio\",\"item\":\"https:\/\/radioportoseguro.com.br\/site\/\"},{\"@type\":\"ListItem\",\"position\":2,\"name\":\"Pastor e fam\u00edlia s\u00e3o assassinados por extremistas a caminho de miss\u00e3o na Nig\u00e9ria\"}]},{\"@type\":\"WebSite\",\"@id\":\"https:\/\/radioportoseguro.com.br\/site\/#website\",\"url\":\"https:\/\/radioportoseguro.com.br\/site\/\",\"name\":\"R\u00e1dio Porto Seguro\",\"description\":\"\",\"potentialAction\":[{\"@type\":\"SearchAction\",\"target\":{\"@type\":\"EntryPoint\",\"urlTemplate\":\"https:\/\/radioportoseguro.com.br\/site\/?s={search_term_string}\"},\"query-input\":{\"@type\":\"PropertyValueSpecification\",\"valueRequired\":true,\"valueName\":\"search_term_string\"}}],\"inLanguage\":\"pt-BR\"},{\"@type\":\"Person\",\"@id\":\"https:\/\/radioportoseguro.com.br\/site\/#\/schema\/person\/7630acdc320186f13639d3c067ec089b\",\"name\":\"admin\",\"image\":{\"@type\":\"ImageObject\",\"inLanguage\":\"pt-BR\",\"@id\":\"https:\/\/radioportoseguro.com.br\/site\/#\/schema\/person\/image\/\",\"url\":\"https:\/\/secure.gravatar.com\/avatar\/caacf4dc1eedb68fab0df8e1ed46c448e578b2466351bbcb61e47d2ac0caaef0?s=96&d=mm&r=g\",\"contentUrl\":\"https:\/\/secure.gravatar.com\/avatar\/caacf4dc1eedb68fab0df8e1ed46c448e578b2466351bbcb61e47d2ac0caaef0?s=96&d=mm&r=g\",\"caption\":\"admin\"},\"sameAs\":[\"https:\/\/radioportoseguro.com.br\/site\"],\"url\":\"https:\/\/radioportoseguro.com.br\/site\/author\/hezio\/\"}]}<\/script>\n<!-- \/ Yoast SEO plugin. -->","yoast_head_json":{"title":"Pastor e fam\u00edlia s\u00e3o assassinados por extremistas a caminho de miss\u00e3o na Nig\u00e9ria - R\u00e1dio Porto Seguro","robots":{"index":"index","follow":"follow","max-snippet":"max-snippet:-1","max-image-preview":"max-image-preview:large","max-video-preview":"max-video-preview:-1"},"canonical":"https:\/\/radioportoseguro.com.br\/site\/2026\/02\/08\/pastor-e-familia-sao-assassinados-por-extremistas-a-caminho-de-missao-na-nigeria\/","og_locale":"pt_BR","og_type":"article","og_title":"Pastor e fam\u00edlia s\u00e3o assassinados por extremistas a caminho de miss\u00e3o na Nig\u00e9ria - R\u00e1dio Porto Seguro","og_description":"Extremistas Fulani emboscaram e assassinaram um pastor, sua filha e o genro enquanto o casal viajava com a filha beb\u00ea, de apenas tr\u00eas meses, que tamb\u00e9m foi atacada e ficou ferida, no estado de Plateau, na Nig\u00e9ria. A fam\u00edlia pastoral foi brutalmente assassinada no dia 16 janeiro, na rodovia Jos\u2013Barkin Ladi, quando a fam\u00edlia seguia [&hellip;]","og_url":"https:\/\/radioportoseguro.com.br\/site\/2026\/02\/08\/pastor-e-familia-sao-assassinados-por-extremistas-a-caminho-de-missao-na-nigeria\/","og_site_name":"R\u00e1dio Porto Seguro","article_published_time":"2026-02-08T03:38:29+00:00","og_image":[{"url":"https:\/\/media.guiame.com.br\/archives\/2026\/02\/06\/3205231830-o-reverendo-bulus-madaki.jpeg","type":"","width":"","height":""}],"author":"admin","twitter_card":"summary_large_image","twitter_misc":{"Escrito por":"admin","Est. tempo de leitura":"3 minutos"},"schema":{"@context":"https:\/\/schema.org","@graph":[{"@type":"Article","@id":"https:\/\/radioportoseguro.com.br\/site\/2026\/02\/08\/pastor-e-familia-sao-assassinados-por-extremistas-a-caminho-de-missao-na-nigeria\/#article","isPartOf":{"@id":"https:\/\/radioportoseguro.com.br\/site\/2026\/02\/08\/pastor-e-familia-sao-assassinados-por-extremistas-a-caminho-de-missao-na-nigeria\/"},"author":{"name":"admin","@id":"https:\/\/radioportoseguro.com.br\/site\/#\/schema\/person\/7630acdc320186f13639d3c067ec089b"},"headline":"Pastor e fam\u00edlia s\u00e3o assassinados por extremistas a caminho de miss\u00e3o na Nig\u00e9ria","datePublished":"2026-02-08T03:38:29+00:00","mainEntityOfPage":{"@id":"https:\/\/radioportoseguro.com.br\/site\/2026\/02\/08\/pastor-e-familia-sao-assassinados-por-extremistas-a-caminho-de-missao-na-nigeria\/"},"wordCount":554,"image":{"@id":"https:\/\/radioportoseguro.com.br\/site\/2026\/02\/08\/pastor-e-familia-sao-assassinados-por-extremistas-a-caminho-de-missao-na-nigeria\/#primaryimage"},"thumbnailUrl":"https:\/\/radioportoseguro.com.br\/site\/wp-content\/uploads\/2026\/02\/3205231830-o-reverendo-bulus-madaki.jpeg","articleSection":["Destaques"],"inLanguage":"pt-BR"},{"@type":"WebPage","@id":"https:\/\/radioportoseguro.com.br\/site\/2026\/02\/08\/pastor-e-familia-sao-assassinados-por-extremistas-a-caminho-de-missao-na-nigeria\/","url":"https:\/\/radioportoseguro.com.br\/site\/2026\/02\/08\/pastor-e-familia-sao-assassinados-por-extremistas-a-caminho-de-missao-na-nigeria\/","name":"Pastor e fam\u00edlia s\u00e3o assassinados por extremistas a caminho de miss\u00e3o na Nig\u00e9ria - R\u00e1dio Porto Seguro","isPartOf":{"@id":"https:\/\/radioportoseguro.com.br\/site\/#website"},"primaryImageOfPage":{"@id":"https:\/\/radioportoseguro.com.br\/site\/2026\/02\/08\/pastor-e-familia-sao-assassinados-por-extremistas-a-caminho-de-missao-na-nigeria\/#primaryimage"},"image":{"@id":"https:\/\/radioportoseguro.com.br\/site\/2026\/02\/08\/pastor-e-familia-sao-assassinados-por-extremistas-a-caminho-de-missao-na-nigeria\/#primaryimage"},"thumbnailUrl":"https:\/\/radioportoseguro.com.br\/site\/wp-content\/uploads\/2026\/02\/3205231830-o-reverendo-bulus-madaki.jpeg","datePublished":"2026-02-08T03:38:29+00:00","author":{"@id":"https:\/\/radioportoseguro.com.br\/site\/#\/schema\/person\/7630acdc320186f13639d3c067ec089b"},"breadcrumb":{"@id":"https:\/\/radioportoseguro.com.br\/site\/2026\/02\/08\/pastor-e-familia-sao-assassinados-por-extremistas-a-caminho-de-missao-na-nigeria\/#breadcrumb"},"inLanguage":"pt-BR","potentialAction":[{"@type":"ReadAction","target":["https:\/\/radioportoseguro.com.br\/site\/2026\/02\/08\/pastor-e-familia-sao-assassinados-por-extremistas-a-caminho-de-missao-na-nigeria\/"]}]},{"@type":"ImageObject","inLanguage":"pt-BR","@id":"https:\/\/radioportoseguro.com.br\/site\/2026\/02\/08\/pastor-e-familia-sao-assassinados-por-extremistas-a-caminho-de-missao-na-nigeria\/#primaryimage","url":"https:\/\/radioportoseguro.com.br\/site\/wp-content\/uploads\/2026\/02\/3205231830-o-reverendo-bulus-madaki.jpeg","contentUrl":"https:\/\/radioportoseguro.com.br\/site\/wp-content\/uploads\/2026\/02\/3205231830-o-reverendo-bulus-madaki.jpeg","width":1200,"height":600},{"@type":"BreadcrumbList","@id":"https:\/\/radioportoseguro.com.br\/site\/2026\/02\/08\/pastor-e-familia-sao-assassinados-por-extremistas-a-caminho-de-missao-na-nigeria\/#breadcrumb","itemListElement":[{"@type":"ListItem","position":1,"name":"In\u00edcio","item":"https:\/\/radioportoseguro.com.br\/site\/"},{"@type":"ListItem","position":2,"name":"Pastor e fam\u00edlia s\u00e3o assassinados por extremistas a caminho de miss\u00e3o na Nig\u00e9ria"}]},{"@type":"WebSite","@id":"https:\/\/radioportoseguro.com.br\/site\/#website","url":"https:\/\/radioportoseguro.com.br\/site\/","name":"R\u00e1dio Porto Seguro","description":"","potentialAction":[{"@type":"SearchAction","target":{"@type":"EntryPoint","urlTemplate":"https:\/\/radioportoseguro.com.br\/site\/?s={search_term_string}"},"query-input":{"@type":"PropertyValueSpecification","valueRequired":true,"valueName":"search_term_string"}}],"inLanguage":"pt-BR"},{"@type":"Person","@id":"https:\/\/radioportoseguro.com.br\/site\/#\/schema\/person\/7630acdc320186f13639d3c067ec089b","name":"admin","image":{"@type":"ImageObject","inLanguage":"pt-BR","@id":"https:\/\/radioportoseguro.com.br\/site\/#\/schema\/person\/image\/","url":"https:\/\/secure.gravatar.com\/avatar\/caacf4dc1eedb68fab0df8e1ed46c448e578b2466351bbcb61e47d2ac0caaef0?s=96&d=mm&r=g","contentUrl":"https:\/\/secure.gravatar.com\/avatar\/caacf4dc1eedb68fab0df8e1ed46c448e578b2466351bbcb61e47d2ac0caaef0?s=96&d=mm&r=g","caption":"admin"},"sameAs":["https:\/\/radioportoseguro.com.br\/site"],"url":"https:\/\/radioportoseguro.com.br\/site\/author\/hezio\/"}]}},"_links":{"self":[{"href":"https:\/\/radioportoseguro.com.br\/site\/wp-json\/wp\/v2\/posts\/3882","targetHints":{"allow":["GET"]}}],"collection":[{"href":"https:\/\/radioportoseguro.com.br\/site\/wp-json\/wp\/v2\/posts"}],"about":[{"href":"https:\/\/radioportoseguro.com.br\/site\/wp-json\/wp\/v2\/types\/post"}],"author":[{"embeddable":true,"href":"https:\/\/radioportoseguro.com.br\/site\/wp-json\/wp\/v2\/users\/1"}],"replies":[{"embeddable":true,"href":"https:\/\/radioportoseguro.com.br\/site\/wp-json\/wp\/v2\/comments?post=3882"}],"version-history":[{"count":0,"href":"https:\/\/radioportoseguro.com.br\/site\/wp-json\/wp\/v2\/posts\/3882\/revisions"}],"wp:featuredmedia":[{"embeddable":true,"href":"https:\/\/radioportoseguro.com.br\/site\/wp-json\/wp\/v2\/media\/3883"}],"wp:attachment":[{"href":"https:\/\/radioportoseguro.com.br\/site\/wp-json\/wp\/v2\/media?parent=3882"}],"wp:term":[{"taxonomy":"category","embeddable":true,"href":"https:\/\/radioportoseguro.com.br\/site\/wp-json\/wp\/v2\/categories?post=3882"},{"taxonomy":"post_tag","embeddable":true,"href":"https:\/\/radioportoseguro.com.br\/site\/wp-json\/wp\/v2\/tags?post=3882"}],"curies":[{"name":"wp","href":"https:\/\/api.w.org\/{rel}","templated":true}]}}