{"id":3981,"date":"2026-02-11T22:24:13","date_gmt":"2026-02-12T01:24:13","guid":{"rendered":"https:\/\/radioportoseguro.com.br\/site\/2026\/02\/11\/yudi-diz-que-se-afastou-do-mundo-gospel-sempre-tive-aplausos-e-isso-estava-se-repetindo\/"},"modified":"2026-02-11T22:24:13","modified_gmt":"2026-02-12T01:24:13","slug":"yudi-diz-que-se-afastou-do-mundo-gospel-sempre-tive-aplausos-e-isso-estava-se-repetindo","status":"publish","type":"post","link":"https:\/\/radioportoseguro.com.br\/site\/2026\/02\/11\/yudi-diz-que-se-afastou-do-mundo-gospel-sempre-tive-aplausos-e-isso-estava-se-repetindo\/","title":{"rendered":"Yudi diz que se afastou do mundo gospel: \u2018Sempre tive aplausos e isso estava se repetindo\u2019"},"content":{"rendered":"<p><br \/>\n<br \/><\/p>\n<div>\n<p><span style=\"font-weight: 400;\">Ap\u00f3s anos sob os holofotes, <\/span><span style=\"color: #993300;\"><strong>Yudi Tamashiro<\/strong><\/span><span style=\"font-weight: 400;\"> afirma que abriu m\u00e3o do reconhecimento na carreira gospel brasileira depois de reconhecer que sua trajet\u00f3ria como crist\u00e3o estava repetindo padr\u00f5es de uma vida art\u00edstica secular.<\/span><\/p>\n<p><span style=\"font-weight: 400;\">Vivendo no Jap\u00e3o com a fam\u00edlia, Yudi refletiu: \u201cEu j\u00e1 estava bem acostumado a viver o Evangelho no Brasil. A minha vida inteira sempre foi muito aplauso, flash, fama e dinheiro. E parecia que na minha vida estava se repetindo tudo isso, s\u00f3 que agora no mundo do gospel\u201d.<\/span><\/p>\n<p><span style=\"font-weight: 400;\">Falando sobre a carreira, ele destacou que tinha uma agenda cheia de grandes eventos, com shows, visibilidade e neg\u00f3cios, e reconheceu que o cen\u00e1rio gospel vive uma expans\u00e3o sem precedentes no pa\u00eds.\u00a0<\/span><\/p>\n<p><span style=\"font-weight: 400;\">\u201cO Brasil est\u00e1 vivendo uma fase no gospel como eu nunca vi e tamb\u00e9m n\u00e3o vi em nenhum lugar do mundo. Como prefeituras contratando cantores, esses megas eventos nos est\u00e1dios e tal. \u00c9 tudo em uma propor\u00e7\u00e3o muito grande\u201d, declarou ele.\u00a0<\/span><\/p>\n<p><span style=\"font-weight: 400;\">Nesse momento, Yudi reconheceu: \u201cEu estava vendo que estava indo no mesmo caminho que eu j\u00e1 tinha vivido h\u00e1 anos atr\u00e1s, quando eu era somente um artista e n\u00e3o um evangelista\u201d.<\/span><\/p>\n<p><span style=\"font-weight: 400;\">\u201cE a\u00ed me bateu uma ang\u00fastia e eu pensei: \u2018N\u00e3o quero viver isso de novo. Eu sei de onde o Senhor me tirou, eu sei o que Ele fez por mim. Ent\u00e3o, eu devo honr\u00e1-lo\u201d.<\/span><\/p>\n<blockquote class=\"instagram-media\" style=\"background: #FFF; border: 0; border-radius: 3px; box-shadow: 0 0 1px 0 rgba(0,0,0,0.5),0 1px 10px 0 rgba(0,0,0,0.15); margin: 1px; max-width: 540px; min-width: 326px; padding: 0; width: calc(100% - 2px);\" data-instgrm-permalink=\"https:\/\/www.instagram.com\/reel\/DUgQIoIiSPw\/?utm_source=ig_embed&amp;utm_campaign=loading\" data-instgrm-version=\"14\"><p>&#13;<br \/>\n&#13;\n<\/p><\/blockquote>\n<p><span style=\"font-weight: 400;\">Yudi explicou que a <\/span><span style=\"color: #993300;\"><strong>decis\u00e3o de ir para o Jap\u00e3o<\/strong><\/span><span style=\"font-weight: 400;\"> foi tomada em conjunto com a esposa, Mila Braga, que depois de abandonar a carreira art\u00edstica para seguir a Cristo, apoiou o desejo do marido em sair do Brasil.<\/span><\/p>\n<p><span style=\"font-weight: 400;\">\u201cEla falou: \u2018Amor, se for para o nosso bem, para o bem da nossa fam\u00edlia, para o nosso minist\u00e9rio, e a gente evoluir como ser humano e evoluir espiritualmente, vamos. Eu estou aqui, sou sua esposa, estou aqui para te apoiar\u2019\u201d.\u00a0<\/span><\/p>\n<p><span style=\"font-weight: 400;\">Longe dos palcos e holofotes, Yudi concluiu: \u201cEstou sentindo uma paz gigantesca\u201d.<\/span><\/p>\n<p><strong>\u2018N\u00e3o podemos sustentar nossa f\u00e9 em resultados\u2019<\/strong><\/p>\n<p><span style=\"font-weight: 400;\">Em seu perfil no Instagram, Yudi relatou que viveu um conflito interno ao perceber que, mesmo pregando o Evangelho, come\u00e7ava a reviver padr\u00f5es da antiga vida art\u00edstica.<\/span><\/p>\n<p><span style=\"font-weight: 400;\">\u201cO Evangelho me mostrou algo que d\u00f3i e liberta ao mesmo tempo: sou pior do que penso, por\u00e9m infinitamente mais amado do que jamais imaginei. Esse amor me fez enxergar que tudo o que vivi na fama, dinheiro, aplausos na TV eu estava vivendo novamente, s\u00f3 que agora rodando igrejas pelo Brasil. Cultos cheios, agendas lotadas, reconhecimento mesmo assim, nada disso foi capaz de sustentar minha paz\u201d, disse ele.<\/span><\/p>\n<p><span style=\"font-weight: 400;\">Yudi confessou que, com o tempo, at\u00e9 o carinho dos crist\u00e3os ele passou a receber de forma diferente: \u201cQuando voc\u00ea entende o qu\u00e3o falho \u00e9, percebe que a \u00fanica coisa realmente boa em voc\u00ea \u00e9 a presen\u00e7a Dele. No fundo, sempre parecia que faltava algo mais profundo\u201d.<\/span><\/p>\n<blockquote class=\"instagram-media\" style=\"background: #FFF; border: 0; border-radius: 3px; box-shadow: 0 0 1px 0 rgba(0,0,0,0.5),0 1px 10px 0 rgba(0,0,0,0.15); margin: 1px; max-width: 540px; min-width: 326px; padding: 0; width: calc(100% - 2px);\" data-instgrm-permalink=\"https:\/\/www.instagram.com\/p\/DUBIvKVFArb\/?utm_source=ig_embed&amp;utm_campaign=loading\" data-instgrm-version=\"14\"><p>&#13;<br \/>\n&#13;\n<\/p><\/blockquote>\n<p><span style=\"font-weight: 400;\">Em seguida, Yudi declarou: \u201cEscrevo isso com temor, porque sei de quem estou falando. Foi Ele [Deus] quem me tirou da escurid\u00e3o. E preciso dizer: n\u00e3o podemos sustentar nossa f\u00e9 em resultados\u201d.\u00a0<\/span><\/p>\n<p><span style=\"font-weight: 400;\">Ele alertou que cultos lotados, dinheiro e agenda cheia n\u00e3o podem ocupar o lugar de Deus:<\/span><\/p>\n<p><span style=\"font-weight: 400;\">\u201cSe n\u00e3o tomarmos cuidado, at\u00e9 o p\u00falpito vira vaidade. At\u00e9 a intelig\u00eancia vira vaidade. At\u00e9 fazer o bem vira vaidade. Eu percebi que estava entrando no mesmo caminho que j\u00e1 tinha vivido quando era apenas um artista. E esse caminho eu j\u00e1 conhe\u00e7o. Eu n\u00e3o suportaria me perder de novo\u201d.<\/span><\/p>\n<p><span style=\"font-weight: 400;\">\u201cEntendi que a profundidade que eu tanto buscava era simplesmente estar exatamente onde o Senhor quer que eu esteja. Liberdade de verdade \u00e9 ser chamado de louco. \u00c9 confiar no que Ele disse. \u00c9 olhar ao redor e perceber que nada te prende. \u00c9 sua vida caber numa mala e seu cora\u00e7\u00e3o transbordar vontade de viver mais com Deus\u201d, acrescentou.<\/span><\/p>\n<p><span style=\"font-weight: 400;\">\u00c0 caminho do Jap\u00e3o\u00a0 ele afirmou: \u201cEstamos indo para <\/span><span style=\"color: #993300;\"><strong>sermos instrumentos de evangeliza\u00e7\u00e3o<\/strong><\/span><span style=\"font-weight: 400;\">. Dessa vez, come\u00e7ando do zero. Sem interfer\u00eancias. Com a experi\u00eancia de um velho e o cora\u00e7\u00e3o rendido como nunca. E pra voc\u00ea que est\u00e1 lendo isso: creia. Deus \u00e9 poderoso e Ele supre cada necessidade. Nada fora do tempo de Deus falha\u201d.<\/span><\/p>\n<\/div>\n<p><script async src=\"\/\/www.instagram.com\/embed.js\"><\/script><br \/>\n<br \/><br \/>\n<br \/>Fonte: Guiame <\/p>\n","protected":false},"excerpt":{"rendered":"<p>Ap\u00f3s anos sob os holofotes, Yudi Tamashiro afirma que abriu m\u00e3o do reconhecimento na carreira gospel brasileira depois de reconhecer que sua trajet\u00f3ria como crist\u00e3o estava repetindo padr\u00f5es de uma vida art\u00edstica secular. Vivendo no Jap\u00e3o com a fam\u00edlia, Yudi refletiu: \u201cEu j\u00e1 estava bem acostumado a viver o Evangelho no Brasil. A minha vida [&hellip;]<\/p>\n","protected":false},"author":1,"featured_media":3982,"comment_status":"","ping_status":"open","sticky":false,"template":"","format":"standard","meta":{"footnotes":""},"categories":[43],"tags":[],"class_list":["post-3981","post","type-post","status-publish","format-standard","has-post-thumbnail","hentry","category-destaques"],"yoast_head":"<!-- This site is optimized with the Yoast SEO plugin v26.8 - https:\/\/yoast.com\/product\/yoast-seo-wordpress\/ -->\n<title>Yudi diz que se afastou do mundo gospel: \u2018Sempre tive aplausos e isso estava se repetindo\u2019 - R\u00e1dio Porto Seguro<\/title>\n<meta name=\"robots\" content=\"index, follow, max-snippet:-1, max-image-preview:large, max-video-preview:-1\" \/>\n<link rel=\"canonical\" href=\"https:\/\/radioportoseguro.com.br\/site\/2026\/02\/11\/yudi-diz-que-se-afastou-do-mundo-gospel-sempre-tive-aplausos-e-isso-estava-se-repetindo\/\" \/>\n<meta property=\"og:locale\" content=\"pt_BR\" \/>\n<meta property=\"og:type\" content=\"article\" \/>\n<meta property=\"og:title\" content=\"Yudi diz que se afastou do mundo gospel: \u2018Sempre tive aplausos e isso estava se repetindo\u2019 - R\u00e1dio Porto Seguro\" \/>\n<meta property=\"og:description\" content=\"Ap\u00f3s anos sob os holofotes, Yudi Tamashiro afirma que abriu m\u00e3o do reconhecimento na carreira gospel brasileira depois de reconhecer que sua trajet\u00f3ria como crist\u00e3o estava repetindo padr\u00f5es de uma vida art\u00edstica secular. Vivendo no Jap\u00e3o com a fam\u00edlia, Yudi refletiu: \u201cEu j\u00e1 estava bem acostumado a viver o Evangelho no Brasil. A minha vida [&hellip;]\" \/>\n<meta property=\"og:url\" content=\"https:\/\/radioportoseguro.com.br\/site\/2026\/02\/11\/yudi-diz-que-se-afastou-do-mundo-gospel-sempre-tive-aplausos-e-isso-estava-se-repetindo\/\" \/>\n<meta property=\"og:site_name\" content=\"R\u00e1dio Porto Seguro\" \/>\n<meta property=\"article:published_time\" content=\"2026-02-12T01:24:13+00:00\" \/>\n<meta property=\"og:image\" content=\"https:\/\/media.guiame.com.br\/archives\/2026\/02\/09\/535025272-yudi-tamashiro.jpeg\" \/>\n<meta name=\"author\" content=\"admin\" \/>\n<meta name=\"twitter:card\" content=\"summary_large_image\" \/>\n<meta name=\"twitter:label1\" content=\"Escrito por\" \/>\n\t<meta name=\"twitter:data1\" content=\"admin\" \/>\n\t<meta name=\"twitter:label2\" content=\"Est. tempo de leitura\" \/>\n\t<meta name=\"twitter:data2\" content=\"4 minutos\" \/>\n<script type=\"application\/ld+json\" class=\"yoast-schema-graph\">{\"@context\":\"https:\/\/schema.org\",\"@graph\":[{\"@type\":\"Article\",\"@id\":\"https:\/\/radioportoseguro.com.br\/site\/2026\/02\/11\/yudi-diz-que-se-afastou-do-mundo-gospel-sempre-tive-aplausos-e-isso-estava-se-repetindo\/#article\",\"isPartOf\":{\"@id\":\"https:\/\/radioportoseguro.com.br\/site\/2026\/02\/11\/yudi-diz-que-se-afastou-do-mundo-gospel-sempre-tive-aplausos-e-isso-estava-se-repetindo\/\"},\"author\":{\"name\":\"admin\",\"@id\":\"https:\/\/radioportoseguro.com.br\/site\/#\/schema\/person\/7630acdc320186f13639d3c067ec089b\"},\"headline\":\"Yudi diz que se afastou do mundo gospel: \u2018Sempre tive aplausos e isso estava se repetindo\u2019\",\"datePublished\":\"2026-02-12T01:24:13+00:00\",\"mainEntityOfPage\":{\"@id\":\"https:\/\/radioportoseguro.com.br\/site\/2026\/02\/11\/yudi-diz-que-se-afastou-do-mundo-gospel-sempre-tive-aplausos-e-isso-estava-se-repetindo\/\"},\"wordCount\":738,\"image\":{\"@id\":\"https:\/\/radioportoseguro.com.br\/site\/2026\/02\/11\/yudi-diz-que-se-afastou-do-mundo-gospel-sempre-tive-aplausos-e-isso-estava-se-repetindo\/#primaryimage\"},\"thumbnailUrl\":\"https:\/\/radioportoseguro.com.br\/site\/wp-content\/uploads\/2026\/02\/535025272-yudi-tamashiro.jpeg\",\"articleSection\":[\"Destaques\"],\"inLanguage\":\"pt-BR\"},{\"@type\":\"WebPage\",\"@id\":\"https:\/\/radioportoseguro.com.br\/site\/2026\/02\/11\/yudi-diz-que-se-afastou-do-mundo-gospel-sempre-tive-aplausos-e-isso-estava-se-repetindo\/\",\"url\":\"https:\/\/radioportoseguro.com.br\/site\/2026\/02\/11\/yudi-diz-que-se-afastou-do-mundo-gospel-sempre-tive-aplausos-e-isso-estava-se-repetindo\/\",\"name\":\"Yudi diz que se afastou do mundo gospel: \u2018Sempre tive aplausos e isso estava se repetindo\u2019 - R\u00e1dio Porto Seguro\",\"isPartOf\":{\"@id\":\"https:\/\/radioportoseguro.com.br\/site\/#website\"},\"primaryImageOfPage\":{\"@id\":\"https:\/\/radioportoseguro.com.br\/site\/2026\/02\/11\/yudi-diz-que-se-afastou-do-mundo-gospel-sempre-tive-aplausos-e-isso-estava-se-repetindo\/#primaryimage\"},\"image\":{\"@id\":\"https:\/\/radioportoseguro.com.br\/site\/2026\/02\/11\/yudi-diz-que-se-afastou-do-mundo-gospel-sempre-tive-aplausos-e-isso-estava-se-repetindo\/#primaryimage\"},\"thumbnailUrl\":\"https:\/\/radioportoseguro.com.br\/site\/wp-content\/uploads\/2026\/02\/535025272-yudi-tamashiro.jpeg\",\"datePublished\":\"2026-02-12T01:24:13+00:00\",\"author\":{\"@id\":\"https:\/\/radioportoseguro.com.br\/site\/#\/schema\/person\/7630acdc320186f13639d3c067ec089b\"},\"breadcrumb\":{\"@id\":\"https:\/\/radioportoseguro.com.br\/site\/2026\/02\/11\/yudi-diz-que-se-afastou-do-mundo-gospel-sempre-tive-aplausos-e-isso-estava-se-repetindo\/#breadcrumb\"},\"inLanguage\":\"pt-BR\",\"potentialAction\":[{\"@type\":\"ReadAction\",\"target\":[\"https:\/\/radioportoseguro.com.br\/site\/2026\/02\/11\/yudi-diz-que-se-afastou-do-mundo-gospel-sempre-tive-aplausos-e-isso-estava-se-repetindo\/\"]}]},{\"@type\":\"ImageObject\",\"inLanguage\":\"pt-BR\",\"@id\":\"https:\/\/radioportoseguro.com.br\/site\/2026\/02\/11\/yudi-diz-que-se-afastou-do-mundo-gospel-sempre-tive-aplausos-e-isso-estava-se-repetindo\/#primaryimage\",\"url\":\"https:\/\/radioportoseguro.com.br\/site\/wp-content\/uploads\/2026\/02\/535025272-yudi-tamashiro.jpeg\",\"contentUrl\":\"https:\/\/radioportoseguro.com.br\/site\/wp-content\/uploads\/2026\/02\/535025272-yudi-tamashiro.jpeg\",\"width\":1200,\"height\":600},{\"@type\":\"BreadcrumbList\",\"@id\":\"https:\/\/radioportoseguro.com.br\/site\/2026\/02\/11\/yudi-diz-que-se-afastou-do-mundo-gospel-sempre-tive-aplausos-e-isso-estava-se-repetindo\/#breadcrumb\",\"itemListElement\":[{\"@type\":\"ListItem\",\"position\":1,\"name\":\"In\u00edcio\",\"item\":\"https:\/\/radioportoseguro.com.br\/site\/\"},{\"@type\":\"ListItem\",\"position\":2,\"name\":\"Yudi diz que se afastou do mundo gospel: \u2018Sempre tive aplausos e isso estava se repetindo\u2019\"}]},{\"@type\":\"WebSite\",\"@id\":\"https:\/\/radioportoseguro.com.br\/site\/#website\",\"url\":\"https:\/\/radioportoseguro.com.br\/site\/\",\"name\":\"R\u00e1dio Porto Seguro\",\"description\":\"\",\"potentialAction\":[{\"@type\":\"SearchAction\",\"target\":{\"@type\":\"EntryPoint\",\"urlTemplate\":\"https:\/\/radioportoseguro.com.br\/site\/?s={search_term_string}\"},\"query-input\":{\"@type\":\"PropertyValueSpecification\",\"valueRequired\":true,\"valueName\":\"search_term_string\"}}],\"inLanguage\":\"pt-BR\"},{\"@type\":\"Person\",\"@id\":\"https:\/\/radioportoseguro.com.br\/site\/#\/schema\/person\/7630acdc320186f13639d3c067ec089b\",\"name\":\"admin\",\"image\":{\"@type\":\"ImageObject\",\"inLanguage\":\"pt-BR\",\"@id\":\"https:\/\/radioportoseguro.com.br\/site\/#\/schema\/person\/image\/\",\"url\":\"https:\/\/secure.gravatar.com\/avatar\/caacf4dc1eedb68fab0df8e1ed46c448e578b2466351bbcb61e47d2ac0caaef0?s=96&d=mm&r=g\",\"contentUrl\":\"https:\/\/secure.gravatar.com\/avatar\/caacf4dc1eedb68fab0df8e1ed46c448e578b2466351bbcb61e47d2ac0caaef0?s=96&d=mm&r=g\",\"caption\":\"admin\"},\"sameAs\":[\"https:\/\/radioportoseguro.com.br\/site\"],\"url\":\"https:\/\/radioportoseguro.com.br\/site\/author\/hezio\/\"}]}<\/script>\n<!-- \/ Yoast SEO plugin. -->","yoast_head_json":{"title":"Yudi diz que se afastou do mundo gospel: \u2018Sempre tive aplausos e isso estava se repetindo\u2019 - R\u00e1dio Porto Seguro","robots":{"index":"index","follow":"follow","max-snippet":"max-snippet:-1","max-image-preview":"max-image-preview:large","max-video-preview":"max-video-preview:-1"},"canonical":"https:\/\/radioportoseguro.com.br\/site\/2026\/02\/11\/yudi-diz-que-se-afastou-do-mundo-gospel-sempre-tive-aplausos-e-isso-estava-se-repetindo\/","og_locale":"pt_BR","og_type":"article","og_title":"Yudi diz que se afastou do mundo gospel: \u2018Sempre tive aplausos e isso estava se repetindo\u2019 - R\u00e1dio Porto Seguro","og_description":"Ap\u00f3s anos sob os holofotes, Yudi Tamashiro afirma que abriu m\u00e3o do reconhecimento na carreira gospel brasileira depois de reconhecer que sua trajet\u00f3ria como crist\u00e3o estava repetindo padr\u00f5es de uma vida art\u00edstica secular. Vivendo no Jap\u00e3o com a fam\u00edlia, Yudi refletiu: \u201cEu j\u00e1 estava bem acostumado a viver o Evangelho no Brasil. A minha vida [&hellip;]","og_url":"https:\/\/radioportoseguro.com.br\/site\/2026\/02\/11\/yudi-diz-que-se-afastou-do-mundo-gospel-sempre-tive-aplausos-e-isso-estava-se-repetindo\/","og_site_name":"R\u00e1dio Porto Seguro","article_published_time":"2026-02-12T01:24:13+00:00","og_image":[{"url":"https:\/\/media.guiame.com.br\/archives\/2026\/02\/09\/535025272-yudi-tamashiro.jpeg","type":"","width":"","height":""}],"author":"admin","twitter_card":"summary_large_image","twitter_misc":{"Escrito por":"admin","Est. tempo de leitura":"4 minutos"},"schema":{"@context":"https:\/\/schema.org","@graph":[{"@type":"Article","@id":"https:\/\/radioportoseguro.com.br\/site\/2026\/02\/11\/yudi-diz-que-se-afastou-do-mundo-gospel-sempre-tive-aplausos-e-isso-estava-se-repetindo\/#article","isPartOf":{"@id":"https:\/\/radioportoseguro.com.br\/site\/2026\/02\/11\/yudi-diz-que-se-afastou-do-mundo-gospel-sempre-tive-aplausos-e-isso-estava-se-repetindo\/"},"author":{"name":"admin","@id":"https:\/\/radioportoseguro.com.br\/site\/#\/schema\/person\/7630acdc320186f13639d3c067ec089b"},"headline":"Yudi diz que se afastou do mundo gospel: \u2018Sempre tive aplausos e isso estava se repetindo\u2019","datePublished":"2026-02-12T01:24:13+00:00","mainEntityOfPage":{"@id":"https:\/\/radioportoseguro.com.br\/site\/2026\/02\/11\/yudi-diz-que-se-afastou-do-mundo-gospel-sempre-tive-aplausos-e-isso-estava-se-repetindo\/"},"wordCount":738,"image":{"@id":"https:\/\/radioportoseguro.com.br\/site\/2026\/02\/11\/yudi-diz-que-se-afastou-do-mundo-gospel-sempre-tive-aplausos-e-isso-estava-se-repetindo\/#primaryimage"},"thumbnailUrl":"https:\/\/radioportoseguro.com.br\/site\/wp-content\/uploads\/2026\/02\/535025272-yudi-tamashiro.jpeg","articleSection":["Destaques"],"inLanguage":"pt-BR"},{"@type":"WebPage","@id":"https:\/\/radioportoseguro.com.br\/site\/2026\/02\/11\/yudi-diz-que-se-afastou-do-mundo-gospel-sempre-tive-aplausos-e-isso-estava-se-repetindo\/","url":"https:\/\/radioportoseguro.com.br\/site\/2026\/02\/11\/yudi-diz-que-se-afastou-do-mundo-gospel-sempre-tive-aplausos-e-isso-estava-se-repetindo\/","name":"Yudi diz que se afastou do mundo gospel: \u2018Sempre tive aplausos e isso estava se repetindo\u2019 - R\u00e1dio Porto Seguro","isPartOf":{"@id":"https:\/\/radioportoseguro.com.br\/site\/#website"},"primaryImageOfPage":{"@id":"https:\/\/radioportoseguro.com.br\/site\/2026\/02\/11\/yudi-diz-que-se-afastou-do-mundo-gospel-sempre-tive-aplausos-e-isso-estava-se-repetindo\/#primaryimage"},"image":{"@id":"https:\/\/radioportoseguro.com.br\/site\/2026\/02\/11\/yudi-diz-que-se-afastou-do-mundo-gospel-sempre-tive-aplausos-e-isso-estava-se-repetindo\/#primaryimage"},"thumbnailUrl":"https:\/\/radioportoseguro.com.br\/site\/wp-content\/uploads\/2026\/02\/535025272-yudi-tamashiro.jpeg","datePublished":"2026-02-12T01:24:13+00:00","author":{"@id":"https:\/\/radioportoseguro.com.br\/site\/#\/schema\/person\/7630acdc320186f13639d3c067ec089b"},"breadcrumb":{"@id":"https:\/\/radioportoseguro.com.br\/site\/2026\/02\/11\/yudi-diz-que-se-afastou-do-mundo-gospel-sempre-tive-aplausos-e-isso-estava-se-repetindo\/#breadcrumb"},"inLanguage":"pt-BR","potentialAction":[{"@type":"ReadAction","target":["https:\/\/radioportoseguro.com.br\/site\/2026\/02\/11\/yudi-diz-que-se-afastou-do-mundo-gospel-sempre-tive-aplausos-e-isso-estava-se-repetindo\/"]}]},{"@type":"ImageObject","inLanguage":"pt-BR","@id":"https:\/\/radioportoseguro.com.br\/site\/2026\/02\/11\/yudi-diz-que-se-afastou-do-mundo-gospel-sempre-tive-aplausos-e-isso-estava-se-repetindo\/#primaryimage","url":"https:\/\/radioportoseguro.com.br\/site\/wp-content\/uploads\/2026\/02\/535025272-yudi-tamashiro.jpeg","contentUrl":"https:\/\/radioportoseguro.com.br\/site\/wp-content\/uploads\/2026\/02\/535025272-yudi-tamashiro.jpeg","width":1200,"height":600},{"@type":"BreadcrumbList","@id":"https:\/\/radioportoseguro.com.br\/site\/2026\/02\/11\/yudi-diz-que-se-afastou-do-mundo-gospel-sempre-tive-aplausos-e-isso-estava-se-repetindo\/#breadcrumb","itemListElement":[{"@type":"ListItem","position":1,"name":"In\u00edcio","item":"https:\/\/radioportoseguro.com.br\/site\/"},{"@type":"ListItem","position":2,"name":"Yudi diz que se afastou do mundo gospel: \u2018Sempre tive aplausos e isso estava se repetindo\u2019"}]},{"@type":"WebSite","@id":"https:\/\/radioportoseguro.com.br\/site\/#website","url":"https:\/\/radioportoseguro.com.br\/site\/","name":"R\u00e1dio Porto Seguro","description":"","potentialAction":[{"@type":"SearchAction","target":{"@type":"EntryPoint","urlTemplate":"https:\/\/radioportoseguro.com.br\/site\/?s={search_term_string}"},"query-input":{"@type":"PropertyValueSpecification","valueRequired":true,"valueName":"search_term_string"}}],"inLanguage":"pt-BR"},{"@type":"Person","@id":"https:\/\/radioportoseguro.com.br\/site\/#\/schema\/person\/7630acdc320186f13639d3c067ec089b","name":"admin","image":{"@type":"ImageObject","inLanguage":"pt-BR","@id":"https:\/\/radioportoseguro.com.br\/site\/#\/schema\/person\/image\/","url":"https:\/\/secure.gravatar.com\/avatar\/caacf4dc1eedb68fab0df8e1ed46c448e578b2466351bbcb61e47d2ac0caaef0?s=96&d=mm&r=g","contentUrl":"https:\/\/secure.gravatar.com\/avatar\/caacf4dc1eedb68fab0df8e1ed46c448e578b2466351bbcb61e47d2ac0caaef0?s=96&d=mm&r=g","caption":"admin"},"sameAs":["https:\/\/radioportoseguro.com.br\/site"],"url":"https:\/\/radioportoseguro.com.br\/site\/author\/hezio\/"}]}},"_links":{"self":[{"href":"https:\/\/radioportoseguro.com.br\/site\/wp-json\/wp\/v2\/posts\/3981","targetHints":{"allow":["GET"]}}],"collection":[{"href":"https:\/\/radioportoseguro.com.br\/site\/wp-json\/wp\/v2\/posts"}],"about":[{"href":"https:\/\/radioportoseguro.com.br\/site\/wp-json\/wp\/v2\/types\/post"}],"author":[{"embeddable":true,"href":"https:\/\/radioportoseguro.com.br\/site\/wp-json\/wp\/v2\/users\/1"}],"replies":[{"embeddable":true,"href":"https:\/\/radioportoseguro.com.br\/site\/wp-json\/wp\/v2\/comments?post=3981"}],"version-history":[{"count":0,"href":"https:\/\/radioportoseguro.com.br\/site\/wp-json\/wp\/v2\/posts\/3981\/revisions"}],"wp:featuredmedia":[{"embeddable":true,"href":"https:\/\/radioportoseguro.com.br\/site\/wp-json\/wp\/v2\/media\/3982"}],"wp:attachment":[{"href":"https:\/\/radioportoseguro.com.br\/site\/wp-json\/wp\/v2\/media?parent=3981"}],"wp:term":[{"taxonomy":"category","embeddable":true,"href":"https:\/\/radioportoseguro.com.br\/site\/wp-json\/wp\/v2\/categories?post=3981"},{"taxonomy":"post_tag","embeddable":true,"href":"https:\/\/radioportoseguro.com.br\/site\/wp-json\/wp\/v2\/tags?post=3981"}],"curies":[{"name":"wp","href":"https:\/\/api.w.org\/{rel}","templated":true}]}}