{"id":4003,"date":"2026-02-12T12:58:52","date_gmt":"2026-02-12T15:58:52","guid":{"rendered":"https:\/\/radioportoseguro.com.br\/site\/2026\/02\/12\/menino-de-5-anos-e-agredido-na-escola-por-ser-filho-de-cristaos-no-norte-da-africa\/"},"modified":"2026-02-12T12:58:52","modified_gmt":"2026-02-12T15:58:52","slug":"menino-de-5-anos-e-agredido-na-escola-por-ser-filho-de-cristaos-no-norte-da-africa","status":"publish","type":"post","link":"https:\/\/radioportoseguro.com.br\/site\/2026\/02\/12\/menino-de-5-anos-e-agredido-na-escola-por-ser-filho-de-cristaos-no-norte-da-africa\/","title":{"rendered":"Menino de 5 anos \u00e9 agredido na escola por ser filho de crist\u00e3os no Norte da \u00c1frica"},"content":{"rendered":"<p><br \/>\n<br \/><\/p>\n<div>\n<p><span style=\"font-weight: 400;\">Um menino de 5 anos passou a ser agredido na escola ap\u00f3s os pais crist\u00e3os pedirem para que ele fosse dispensado de celebra\u00e7\u00f5es de um feriado isl\u00e2mico, no Norte da \u00c1frica.<\/span><\/p>\n<p><span style=\"font-weight: 400;\">A viol\u00eancia contra Salim* come\u00e7ou depois que seus pais explicaram que eram crist\u00e3os e n\u00e3o gostariam que o filho participasse das festividades isl\u00e2micas, pois criavam o menino \u00e0 luz da B\u00edblia.\u00a0<\/span><\/p>\n<p><span style=\"font-weight: 400;\">\u201c\u00c0s vezes, ao chegarmos em casa, o encontr\u00e1vamos com hematomas e marcas vermelhas pelo corpo. Muitas vezes, suas roupas estavam rasgadas. Ele era maltratado e agredido repetidamente\u201d, testemunha Maarouf*, pai se Salim \u00e0 miss\u00e3o <\/span><span style=\"color: #993300;\"><strong>Portas Abertas<\/strong><\/span><span style=\"font-weight: 400;\">.<\/span><\/p>\n<p><span style=\"font-weight: 400;\">Quando o pai questionou os funcion\u00e1rios da escola, eles alegaram que Salim poderia ter ca\u00eddo enquanto brincava com as outras crian\u00e7as. Al\u00e9m disso, as reclama\u00e7\u00f5es \u00e0 dire\u00e7\u00e3o n\u00e3o mudaram a situa\u00e7\u00e3o.\u00a0<\/span><\/p>\n<p><span style=\"font-weight: 400;\">\u201cCom os maus-tratos constantes, minha esposa e eu decidimos matricular Salim em uma escola diferente, na esperan\u00e7a de que ele fosse bem tratado, independentemente de sua religi\u00e3o\u201d, contou o pai.<\/span><\/p>\n<p><strong>O menino passou a ter ataques de p\u00e2nico<\/strong><\/p>\n<p><span style=\"font-weight: 400;\">Na nova escola, os pais tamb\u00e9m informaram a diretora sobre a f\u00e9 da fam\u00edlia e ela afirmou que n\u00e3o haveria problema.\u00a0<\/span><\/p>\n<p><span style=\"font-weight: 400;\">\u201cEla me garantiu que, para ela, todas as crian\u00e7as s\u00e3o iguais, independentemente de suas cren\u00e7as religiosas ou das de seus pais. Fiquei muito feliz em ouvir isso\u201d, relembrou Maarouf.<\/span><\/p>\n<p><span style=\"font-weight: 400;\">No entanto, tempos depois, o pai voltou a notar sinais de viol\u00eancia no corpo do filho:<\/span><\/p>\n<p><span style=\"font-weight: 400;\">\u201cComecei a notar hematomas no corpo do meu filho novamente, e duas vezes ele chegou em casa com a camisa rasgada\u201d.\u00a0<\/span><\/p>\n<p><span style=\"font-weight: 400;\">E continuou: \u201cPior ainda, ele ficou traumatizado com essas experi\u00eancias; todos os dias, sabendo que tinha que ir para a escola, ele tinha ataques de p\u00e2nico\u201d.\u00a0<\/span><\/p>\n<p><span style=\"font-weight: 400;\">Ao relatar as agress\u00f5es \u00e0 diretora, ela declarou que \u201cisso poderia acontecer quando as crian\u00e7as est\u00e3o ativas e brincam juntas\u201d. Ent\u00e3o, Maarouf e sua esposa tiraram Salim da segunda escola.<\/span><\/p>\n<p><strong>\u2018O sil\u00eancio \u00e9 a \u00fanica op\u00e7\u00e3o\u2019\u00a0<\/strong><\/p>\n<p><span style=\"font-weight: 400;\">Durante esse per\u00edodo de trauma, um parceiro local da Portas Abertas acompanhou a fam\u00edlia, que foi aconselhada a matricular Salim em outra escola.\u00a0<\/span><\/p>\n<p><span style=\"font-weight: 400;\">\u201cEle sugeriu que o coloc\u00e1ssemos em outra escola, mas sem demonstrar abertamente nossa cren\u00e7a em Jesus Cristo. Por enquanto, \u00e9 a \u00fanica op\u00e7\u00e3o para proteger nosso filho\u201d, explicou Maarouf.\u00a0<\/span><\/p>\n<p><span style=\"font-weight: 400;\">A miss\u00e3o destacou que, embora ser for\u00e7ado a esconder a f\u00e9 possa ser frustrante para os pais e confuso para a crian\u00e7a, continua sendo uma escolha necess\u00e1ria nesta situa\u00e7\u00e3o.\u00a0<\/span><\/p>\n<p><span style=\"font-weight: 400;\">\u201cOs pais de Salim sabem que, \u00e0s vezes, podem se sentir em conflito entre as pr\u00e1ticas que o filho encontra na escola e as cren\u00e7as da fam\u00edlia. Mas, por enquanto, essa \u00e9 a \u00fanica maneira de evitar que o filho seja prejudicado e tenha uma inf\u00e2ncia normal\u201d, informou a Portas Abertas.\u00a0<\/span><\/p>\n<p><span style=\"font-weight: 400;\">Salim n\u00e3o \u00e9 o \u00fanico que precisa esconder a pr\u00f3pria f\u00e9 para conseguir estudar em paz. No Norte da \u00c1frica, muitas crian\u00e7as crist\u00e3s enfrentam situa\u00e7\u00f5es semelhantes e acabam traumatizadas pela persegui\u00e7\u00e3o crist\u00e3 nas escolas.<\/span><\/p>\n<p><span style=\"font-weight: 400;\">Al\u00e9m das tarefas e da rotina de estudos, elas precisam lidar com um ambiente hostil. Em muitos casos, s\u00e3o obrigadas a aprender ensinamentos isl\u00e2micos e a memorizar trechos do Alcor\u00e3o, mesmo sabendo que essa n\u00e3o \u00e9 sua f\u00e9.<\/span><\/p>\n<p><em><span style=\"font-weight: 400;\">*Nomes alterados por seguran\u00e7a.<\/span><\/em><\/p>\n<\/div>\n<p><br \/>\n<br \/>Fonte: Guiame <\/p>\n","protected":false},"excerpt":{"rendered":"<p>Um menino de 5 anos passou a ser agredido na escola ap\u00f3s os pais crist\u00e3os pedirem para que ele fosse dispensado de celebra\u00e7\u00f5es de um feriado isl\u00e2mico, no Norte da \u00c1frica. A viol\u00eancia contra Salim* come\u00e7ou depois que seus pais explicaram que eram crist\u00e3os e n\u00e3o gostariam que o filho participasse das festividades isl\u00e2micas, pois [&hellip;]<\/p>\n","protected":false},"author":1,"featured_media":4004,"comment_status":"","ping_status":"open","sticky":false,"template":"","format":"standard","meta":{"footnotes":""},"categories":[43],"tags":[],"class_list":["post-4003","post","type-post","status-publish","format-standard","has-post-thumbnail","hentry","category-destaques"],"yoast_head":"<!-- This site is optimized with the Yoast SEO plugin v26.8 - https:\/\/yoast.com\/product\/yoast-seo-wordpress\/ -->\n<title>Menino de 5 anos \u00e9 agredido na escola por ser filho de crist\u00e3os no Norte da \u00c1frica - R\u00e1dio Porto Seguro<\/title>\n<meta name=\"robots\" content=\"index, follow, max-snippet:-1, max-image-preview:large, max-video-preview:-1\" \/>\n<link rel=\"canonical\" href=\"https:\/\/radioportoseguro.com.br\/site\/2026\/02\/12\/menino-de-5-anos-e-agredido-na-escola-por-ser-filho-de-cristaos-no-norte-da-africa\/\" \/>\n<meta property=\"og:locale\" content=\"pt_BR\" \/>\n<meta property=\"og:type\" content=\"article\" \/>\n<meta property=\"og:title\" content=\"Menino de 5 anos \u00e9 agredido na escola por ser filho de crist\u00e3os no Norte da \u00c1frica - R\u00e1dio Porto Seguro\" \/>\n<meta property=\"og:description\" content=\"Um menino de 5 anos passou a ser agredido na escola ap\u00f3s os pais crist\u00e3os pedirem para que ele fosse dispensado de celebra\u00e7\u00f5es de um feriado isl\u00e2mico, no Norte da \u00c1frica. A viol\u00eancia contra Salim* come\u00e7ou depois que seus pais explicaram que eram crist\u00e3os e n\u00e3o gostariam que o filho participasse das festividades isl\u00e2micas, pois [&hellip;]\" \/>\n<meta property=\"og:url\" content=\"https:\/\/radioportoseguro.com.br\/site\/2026\/02\/12\/menino-de-5-anos-e-agredido-na-escola-por-ser-filho-de-cristaos-no-norte-da-africa\/\" \/>\n<meta property=\"og:site_name\" content=\"R\u00e1dio Porto Seguro\" \/>\n<meta property=\"article:published_time\" content=\"2026-02-12T15:58:52+00:00\" \/>\n<meta property=\"og:image\" content=\"https:\/\/media.guiame.com.br\/archives\/2026\/02\/11\/418988338-o-menino-ficou-traumatizado-e-passou-ter-ataques-de-panico.jpeg\" \/>\n<meta name=\"author\" content=\"admin\" \/>\n<meta name=\"twitter:card\" content=\"summary_large_image\" \/>\n<meta name=\"twitter:label1\" content=\"Escrito por\" \/>\n\t<meta name=\"twitter:data1\" content=\"admin\" \/>\n\t<meta name=\"twitter:label2\" content=\"Est. tempo de leitura\" \/>\n\t<meta name=\"twitter:data2\" content=\"3 minutos\" \/>\n<script type=\"application\/ld+json\" class=\"yoast-schema-graph\">{\"@context\":\"https:\/\/schema.org\",\"@graph\":[{\"@type\":\"Article\",\"@id\":\"https:\/\/radioportoseguro.com.br\/site\/2026\/02\/12\/menino-de-5-anos-e-agredido-na-escola-por-ser-filho-de-cristaos-no-norte-da-africa\/#article\",\"isPartOf\":{\"@id\":\"https:\/\/radioportoseguro.com.br\/site\/2026\/02\/12\/menino-de-5-anos-e-agredido-na-escola-por-ser-filho-de-cristaos-no-norte-da-africa\/\"},\"author\":{\"name\":\"admin\",\"@id\":\"https:\/\/radioportoseguro.com.br\/site\/#\/schema\/person\/7630acdc320186f13639d3c067ec089b\"},\"headline\":\"Menino de 5 anos \u00e9 agredido na escola por ser filho de crist\u00e3os no Norte da \u00c1frica\",\"datePublished\":\"2026-02-12T15:58:52+00:00\",\"mainEntityOfPage\":{\"@id\":\"https:\/\/radioportoseguro.com.br\/site\/2026\/02\/12\/menino-de-5-anos-e-agredido-na-escola-por-ser-filho-de-cristaos-no-norte-da-africa\/\"},\"wordCount\":598,\"image\":{\"@id\":\"https:\/\/radioportoseguro.com.br\/site\/2026\/02\/12\/menino-de-5-anos-e-agredido-na-escola-por-ser-filho-de-cristaos-no-norte-da-africa\/#primaryimage\"},\"thumbnailUrl\":\"https:\/\/radioportoseguro.com.br\/site\/wp-content\/uploads\/2026\/02\/418988338-o-menino-ficou-traumatizado-e-passou-ter-ataques-de-panico.jpeg\",\"articleSection\":[\"Destaques\"],\"inLanguage\":\"pt-BR\"},{\"@type\":\"WebPage\",\"@id\":\"https:\/\/radioportoseguro.com.br\/site\/2026\/02\/12\/menino-de-5-anos-e-agredido-na-escola-por-ser-filho-de-cristaos-no-norte-da-africa\/\",\"url\":\"https:\/\/radioportoseguro.com.br\/site\/2026\/02\/12\/menino-de-5-anos-e-agredido-na-escola-por-ser-filho-de-cristaos-no-norte-da-africa\/\",\"name\":\"Menino de 5 anos \u00e9 agredido na escola por ser filho de crist\u00e3os no Norte da \u00c1frica - R\u00e1dio Porto Seguro\",\"isPartOf\":{\"@id\":\"https:\/\/radioportoseguro.com.br\/site\/#website\"},\"primaryImageOfPage\":{\"@id\":\"https:\/\/radioportoseguro.com.br\/site\/2026\/02\/12\/menino-de-5-anos-e-agredido-na-escola-por-ser-filho-de-cristaos-no-norte-da-africa\/#primaryimage\"},\"image\":{\"@id\":\"https:\/\/radioportoseguro.com.br\/site\/2026\/02\/12\/menino-de-5-anos-e-agredido-na-escola-por-ser-filho-de-cristaos-no-norte-da-africa\/#primaryimage\"},\"thumbnailUrl\":\"https:\/\/radioportoseguro.com.br\/site\/wp-content\/uploads\/2026\/02\/418988338-o-menino-ficou-traumatizado-e-passou-ter-ataques-de-panico.jpeg\",\"datePublished\":\"2026-02-12T15:58:52+00:00\",\"author\":{\"@id\":\"https:\/\/radioportoseguro.com.br\/site\/#\/schema\/person\/7630acdc320186f13639d3c067ec089b\"},\"breadcrumb\":{\"@id\":\"https:\/\/radioportoseguro.com.br\/site\/2026\/02\/12\/menino-de-5-anos-e-agredido-na-escola-por-ser-filho-de-cristaos-no-norte-da-africa\/#breadcrumb\"},\"inLanguage\":\"pt-BR\",\"potentialAction\":[{\"@type\":\"ReadAction\",\"target\":[\"https:\/\/radioportoseguro.com.br\/site\/2026\/02\/12\/menino-de-5-anos-e-agredido-na-escola-por-ser-filho-de-cristaos-no-norte-da-africa\/\"]}]},{\"@type\":\"ImageObject\",\"inLanguage\":\"pt-BR\",\"@id\":\"https:\/\/radioportoseguro.com.br\/site\/2026\/02\/12\/menino-de-5-anos-e-agredido-na-escola-por-ser-filho-de-cristaos-no-norte-da-africa\/#primaryimage\",\"url\":\"https:\/\/radioportoseguro.com.br\/site\/wp-content\/uploads\/2026\/02\/418988338-o-menino-ficou-traumatizado-e-passou-ter-ataques-de-panico.jpeg\",\"contentUrl\":\"https:\/\/radioportoseguro.com.br\/site\/wp-content\/uploads\/2026\/02\/418988338-o-menino-ficou-traumatizado-e-passou-ter-ataques-de-panico.jpeg\",\"width\":1200,\"height\":600},{\"@type\":\"BreadcrumbList\",\"@id\":\"https:\/\/radioportoseguro.com.br\/site\/2026\/02\/12\/menino-de-5-anos-e-agredido-na-escola-por-ser-filho-de-cristaos-no-norte-da-africa\/#breadcrumb\",\"itemListElement\":[{\"@type\":\"ListItem\",\"position\":1,\"name\":\"In\u00edcio\",\"item\":\"https:\/\/radioportoseguro.com.br\/site\/\"},{\"@type\":\"ListItem\",\"position\":2,\"name\":\"Menino de 5 anos \u00e9 agredido na escola por ser filho de crist\u00e3os no Norte da \u00c1frica\"}]},{\"@type\":\"WebSite\",\"@id\":\"https:\/\/radioportoseguro.com.br\/site\/#website\",\"url\":\"https:\/\/radioportoseguro.com.br\/site\/\",\"name\":\"R\u00e1dio Porto Seguro\",\"description\":\"\",\"potentialAction\":[{\"@type\":\"SearchAction\",\"target\":{\"@type\":\"EntryPoint\",\"urlTemplate\":\"https:\/\/radioportoseguro.com.br\/site\/?s={search_term_string}\"},\"query-input\":{\"@type\":\"PropertyValueSpecification\",\"valueRequired\":true,\"valueName\":\"search_term_string\"}}],\"inLanguage\":\"pt-BR\"},{\"@type\":\"Person\",\"@id\":\"https:\/\/radioportoseguro.com.br\/site\/#\/schema\/person\/7630acdc320186f13639d3c067ec089b\",\"name\":\"admin\",\"image\":{\"@type\":\"ImageObject\",\"inLanguage\":\"pt-BR\",\"@id\":\"https:\/\/radioportoseguro.com.br\/site\/#\/schema\/person\/image\/\",\"url\":\"https:\/\/secure.gravatar.com\/avatar\/caacf4dc1eedb68fab0df8e1ed46c448e578b2466351bbcb61e47d2ac0caaef0?s=96&d=mm&r=g\",\"contentUrl\":\"https:\/\/secure.gravatar.com\/avatar\/caacf4dc1eedb68fab0df8e1ed46c448e578b2466351bbcb61e47d2ac0caaef0?s=96&d=mm&r=g\",\"caption\":\"admin\"},\"sameAs\":[\"https:\/\/radioportoseguro.com.br\/site\"],\"url\":\"https:\/\/radioportoseguro.com.br\/site\/author\/hezio\/\"}]}<\/script>\n<!-- \/ Yoast SEO plugin. -->","yoast_head_json":{"title":"Menino de 5 anos \u00e9 agredido na escola por ser filho de crist\u00e3os no Norte da \u00c1frica - R\u00e1dio Porto Seguro","robots":{"index":"index","follow":"follow","max-snippet":"max-snippet:-1","max-image-preview":"max-image-preview:large","max-video-preview":"max-video-preview:-1"},"canonical":"https:\/\/radioportoseguro.com.br\/site\/2026\/02\/12\/menino-de-5-anos-e-agredido-na-escola-por-ser-filho-de-cristaos-no-norte-da-africa\/","og_locale":"pt_BR","og_type":"article","og_title":"Menino de 5 anos \u00e9 agredido na escola por ser filho de crist\u00e3os no Norte da \u00c1frica - R\u00e1dio Porto Seguro","og_description":"Um menino de 5 anos passou a ser agredido na escola ap\u00f3s os pais crist\u00e3os pedirem para que ele fosse dispensado de celebra\u00e7\u00f5es de um feriado isl\u00e2mico, no Norte da \u00c1frica. A viol\u00eancia contra Salim* come\u00e7ou depois que seus pais explicaram que eram crist\u00e3os e n\u00e3o gostariam que o filho participasse das festividades isl\u00e2micas, pois [&hellip;]","og_url":"https:\/\/radioportoseguro.com.br\/site\/2026\/02\/12\/menino-de-5-anos-e-agredido-na-escola-por-ser-filho-de-cristaos-no-norte-da-africa\/","og_site_name":"R\u00e1dio Porto Seguro","article_published_time":"2026-02-12T15:58:52+00:00","og_image":[{"url":"https:\/\/media.guiame.com.br\/archives\/2026\/02\/11\/418988338-o-menino-ficou-traumatizado-e-passou-ter-ataques-de-panico.jpeg","type":"","width":"","height":""}],"author":"admin","twitter_card":"summary_large_image","twitter_misc":{"Escrito por":"admin","Est. tempo de leitura":"3 minutos"},"schema":{"@context":"https:\/\/schema.org","@graph":[{"@type":"Article","@id":"https:\/\/radioportoseguro.com.br\/site\/2026\/02\/12\/menino-de-5-anos-e-agredido-na-escola-por-ser-filho-de-cristaos-no-norte-da-africa\/#article","isPartOf":{"@id":"https:\/\/radioportoseguro.com.br\/site\/2026\/02\/12\/menino-de-5-anos-e-agredido-na-escola-por-ser-filho-de-cristaos-no-norte-da-africa\/"},"author":{"name":"admin","@id":"https:\/\/radioportoseguro.com.br\/site\/#\/schema\/person\/7630acdc320186f13639d3c067ec089b"},"headline":"Menino de 5 anos \u00e9 agredido na escola por ser filho de crist\u00e3os no Norte da \u00c1frica","datePublished":"2026-02-12T15:58:52+00:00","mainEntityOfPage":{"@id":"https:\/\/radioportoseguro.com.br\/site\/2026\/02\/12\/menino-de-5-anos-e-agredido-na-escola-por-ser-filho-de-cristaos-no-norte-da-africa\/"},"wordCount":598,"image":{"@id":"https:\/\/radioportoseguro.com.br\/site\/2026\/02\/12\/menino-de-5-anos-e-agredido-na-escola-por-ser-filho-de-cristaos-no-norte-da-africa\/#primaryimage"},"thumbnailUrl":"https:\/\/radioportoseguro.com.br\/site\/wp-content\/uploads\/2026\/02\/418988338-o-menino-ficou-traumatizado-e-passou-ter-ataques-de-panico.jpeg","articleSection":["Destaques"],"inLanguage":"pt-BR"},{"@type":"WebPage","@id":"https:\/\/radioportoseguro.com.br\/site\/2026\/02\/12\/menino-de-5-anos-e-agredido-na-escola-por-ser-filho-de-cristaos-no-norte-da-africa\/","url":"https:\/\/radioportoseguro.com.br\/site\/2026\/02\/12\/menino-de-5-anos-e-agredido-na-escola-por-ser-filho-de-cristaos-no-norte-da-africa\/","name":"Menino de 5 anos \u00e9 agredido na escola por ser filho de crist\u00e3os no Norte da \u00c1frica - R\u00e1dio Porto Seguro","isPartOf":{"@id":"https:\/\/radioportoseguro.com.br\/site\/#website"},"primaryImageOfPage":{"@id":"https:\/\/radioportoseguro.com.br\/site\/2026\/02\/12\/menino-de-5-anos-e-agredido-na-escola-por-ser-filho-de-cristaos-no-norte-da-africa\/#primaryimage"},"image":{"@id":"https:\/\/radioportoseguro.com.br\/site\/2026\/02\/12\/menino-de-5-anos-e-agredido-na-escola-por-ser-filho-de-cristaos-no-norte-da-africa\/#primaryimage"},"thumbnailUrl":"https:\/\/radioportoseguro.com.br\/site\/wp-content\/uploads\/2026\/02\/418988338-o-menino-ficou-traumatizado-e-passou-ter-ataques-de-panico.jpeg","datePublished":"2026-02-12T15:58:52+00:00","author":{"@id":"https:\/\/radioportoseguro.com.br\/site\/#\/schema\/person\/7630acdc320186f13639d3c067ec089b"},"breadcrumb":{"@id":"https:\/\/radioportoseguro.com.br\/site\/2026\/02\/12\/menino-de-5-anos-e-agredido-na-escola-por-ser-filho-de-cristaos-no-norte-da-africa\/#breadcrumb"},"inLanguage":"pt-BR","potentialAction":[{"@type":"ReadAction","target":["https:\/\/radioportoseguro.com.br\/site\/2026\/02\/12\/menino-de-5-anos-e-agredido-na-escola-por-ser-filho-de-cristaos-no-norte-da-africa\/"]}]},{"@type":"ImageObject","inLanguage":"pt-BR","@id":"https:\/\/radioportoseguro.com.br\/site\/2026\/02\/12\/menino-de-5-anos-e-agredido-na-escola-por-ser-filho-de-cristaos-no-norte-da-africa\/#primaryimage","url":"https:\/\/radioportoseguro.com.br\/site\/wp-content\/uploads\/2026\/02\/418988338-o-menino-ficou-traumatizado-e-passou-ter-ataques-de-panico.jpeg","contentUrl":"https:\/\/radioportoseguro.com.br\/site\/wp-content\/uploads\/2026\/02\/418988338-o-menino-ficou-traumatizado-e-passou-ter-ataques-de-panico.jpeg","width":1200,"height":600},{"@type":"BreadcrumbList","@id":"https:\/\/radioportoseguro.com.br\/site\/2026\/02\/12\/menino-de-5-anos-e-agredido-na-escola-por-ser-filho-de-cristaos-no-norte-da-africa\/#breadcrumb","itemListElement":[{"@type":"ListItem","position":1,"name":"In\u00edcio","item":"https:\/\/radioportoseguro.com.br\/site\/"},{"@type":"ListItem","position":2,"name":"Menino de 5 anos \u00e9 agredido na escola por ser filho de crist\u00e3os no Norte da \u00c1frica"}]},{"@type":"WebSite","@id":"https:\/\/radioportoseguro.com.br\/site\/#website","url":"https:\/\/radioportoseguro.com.br\/site\/","name":"R\u00e1dio Porto Seguro","description":"","potentialAction":[{"@type":"SearchAction","target":{"@type":"EntryPoint","urlTemplate":"https:\/\/radioportoseguro.com.br\/site\/?s={search_term_string}"},"query-input":{"@type":"PropertyValueSpecification","valueRequired":true,"valueName":"search_term_string"}}],"inLanguage":"pt-BR"},{"@type":"Person","@id":"https:\/\/radioportoseguro.com.br\/site\/#\/schema\/person\/7630acdc320186f13639d3c067ec089b","name":"admin","image":{"@type":"ImageObject","inLanguage":"pt-BR","@id":"https:\/\/radioportoseguro.com.br\/site\/#\/schema\/person\/image\/","url":"https:\/\/secure.gravatar.com\/avatar\/caacf4dc1eedb68fab0df8e1ed46c448e578b2466351bbcb61e47d2ac0caaef0?s=96&d=mm&r=g","contentUrl":"https:\/\/secure.gravatar.com\/avatar\/caacf4dc1eedb68fab0df8e1ed46c448e578b2466351bbcb61e47d2ac0caaef0?s=96&d=mm&r=g","caption":"admin"},"sameAs":["https:\/\/radioportoseguro.com.br\/site"],"url":"https:\/\/radioportoseguro.com.br\/site\/author\/hezio\/"}]}},"_links":{"self":[{"href":"https:\/\/radioportoseguro.com.br\/site\/wp-json\/wp\/v2\/posts\/4003","targetHints":{"allow":["GET"]}}],"collection":[{"href":"https:\/\/radioportoseguro.com.br\/site\/wp-json\/wp\/v2\/posts"}],"about":[{"href":"https:\/\/radioportoseguro.com.br\/site\/wp-json\/wp\/v2\/types\/post"}],"author":[{"embeddable":true,"href":"https:\/\/radioportoseguro.com.br\/site\/wp-json\/wp\/v2\/users\/1"}],"replies":[{"embeddable":true,"href":"https:\/\/radioportoseguro.com.br\/site\/wp-json\/wp\/v2\/comments?post=4003"}],"version-history":[{"count":0,"href":"https:\/\/radioportoseguro.com.br\/site\/wp-json\/wp\/v2\/posts\/4003\/revisions"}],"wp:featuredmedia":[{"embeddable":true,"href":"https:\/\/radioportoseguro.com.br\/site\/wp-json\/wp\/v2\/media\/4004"}],"wp:attachment":[{"href":"https:\/\/radioportoseguro.com.br\/site\/wp-json\/wp\/v2\/media?parent=4003"}],"wp:term":[{"taxonomy":"category","embeddable":true,"href":"https:\/\/radioportoseguro.com.br\/site\/wp-json\/wp\/v2\/categories?post=4003"},{"taxonomy":"post_tag","embeddable":true,"href":"https:\/\/radioportoseguro.com.br\/site\/wp-json\/wp\/v2\/tags?post=4003"}],"curies":[{"name":"wp","href":"https:\/\/api.w.org\/{rel}","templated":true}]}}