{"id":4035,"date":"2026-02-13T10:55:07","date_gmt":"2026-02-13T13:55:07","guid":{"rendered":"https:\/\/radioportoseguro.com.br\/site\/2026\/02\/13\/ex-muculmano-vira-pastor-apos-estudar-a-biblia-no-ira-o-espirito-santo-abriu-minha-mente\/"},"modified":"2026-02-13T10:55:07","modified_gmt":"2026-02-13T13:55:07","slug":"ex-muculmano-vira-pastor-apos-estudar-a-biblia-no-ira-o-espirito-santo-abriu-minha-mente","status":"publish","type":"post","link":"https:\/\/radioportoseguro.com.br\/site\/2026\/02\/13\/ex-muculmano-vira-pastor-apos-estudar-a-biblia-no-ira-o-espirito-santo-abriu-minha-mente\/","title":{"rendered":"Ex-mu\u00e7ulmano vira pastor ap\u00f3s estudar a B\u00edblia no Ir\u00e3: \u201cO Esp\u00edrito Santo abriu minha mente\u201d"},"content":{"rendered":"<p><br \/>\n<\/p>\n<div>\n<p><span style=\"font-weight: 400;\">Um ex-mu\u00e7ulmano que se tornou pastor ap\u00f3s estudar a B\u00edblia no <\/span><strong><span style=\"color: #993300;\">Chade<\/span> <\/strong><span style=\"font-weight: 400;\">relembrou sua convers\u00e3o e pediu ora\u00e7\u00f5es para os crist\u00e3os perseguidos em sua na\u00e7\u00e3o.<\/span><\/p>\n<p><span style=\"font-weight: 400;\">Ibrahim Hassan cresceu em um lar isl\u00e2mico e desde crian\u00e7a estudava o Alcor\u00e3o: \u201cEu tinha em mente que me tornaria um grande l\u00edder isl\u00e2mico&#8221;, disse ele ao Global Christian Relief.<\/span><\/p>\n<p><span style=\"font-weight: 400;\">No entanto, depois que seu pai se casou com uma segunda mulher e se divorciou de sua m\u00e3e, Ibrahim decidiu continuar seus estudos em outra aldeia. Precisando de moradia, ele foi conduzido a uma organiza\u00e7\u00e3o mission\u00e1ria que oferecia alojamento para estudantes que n\u00e3o tinham onde ficar.<\/span><\/p>\n<p><span style=\"font-weight: 400;\">&#8220;A regra era que todas as manh\u00e3s voc\u00ea tinha que ir \u00e0 igreja por 20 minutos para ouvir o Evangelho antes de ir para a escola&#8221;, explicou ele.\u00a0<\/span><\/p>\n<p><span style=\"font-weight: 400;\">Inicialmente, ele passou a frequentar o culto apenas porque precisava do abrigo:<\/span><\/p>\n<p><span style=\"font-weight: 400;\">&#8220;No in\u00edcio, eu n\u00e3o queria, mas como muitos meninos iam, eu fui tamb\u00e9m. Eu queria estudar e precisava fazer isso para garantir uma vaga&#8221;.<\/span><\/p>\n<p><strong>\u2018Decidi seguir Jesus\u2019<\/strong><\/p>\n<p><span style=\"font-weight: 400;\">\u00c0 medida que ouvia o Evangelho, Ibrahim passou a questionar o Isl\u00e3 e come\u00e7ou a ser atra\u00eddo pela Palavra de Deus.\u00a0<\/span><\/p>\n<p><span style=\"font-weight: 400;\">&#8220;Certa manh\u00e3, o Esp\u00edrito Santo abriu minha mente. Descobri que para ir para o C\u00e9u n\u00e3o \u00e9 por meio de boas obras, mas pela f\u00e9&#8221;, afirmou ele.<\/span><\/p>\n<p><span style=\"font-weight: 400;\">E continuou: &#8220;No Isl\u00e3, voc\u00ea reza, jejua, faz tudo, mas depende de Al\u00e1 se ele o enviar\u00e1 para o para\u00edso ou para o inferno. \u00c9 ele que decide o que fazer com voc\u00ea\u201d.<\/span><\/p>\n<p><span style=\"font-weight: 400;\">&#8220;Mas na B\u00edblia estava escrito que Deus amou tanto o mundo que deu o seu Filho unig\u00eanito, para que todo aquele que nele cr\u00ea n\u00e3o pere\u00e7a, mas tenha a vida eterna. Vi que o problema estava resolvido&#8221;, acrescentou.<\/span><\/p>\n<p style=\"text-align: center;\"><span style=\"font-weight: 400;\"><br \/><\/span><sup><span style=\"font-weight: 400; color: #808080;\">Ibrahim aceitou Jesus aos 14 anos e, apesar da persegui\u00e7\u00e3o, mant\u00e9m sua f\u00e9 firme. (Foto: Reprodu\u00e7\u00e3o\/Global Christian Relief)<\/span><\/sup><\/p>\n<p><span style=\"font-weight: 400;\">Aos 14 anos, durante um estudo b\u00edblico sobre o chamado de Deus a Samuel, Ibrahim se rendeu ao Senhor.<\/span><\/p>\n<p><span style=\"font-weight: 400;\">&#8220;Eu disse: &#8216;Deus, se o Senhor me ama, me chame como chamou Samuel, e eu o servirei\u2019. N\u00e3o sei o que aconteceu comigo, mas meu cora\u00e7\u00e3o parecia estar em chamas&#8221;, testemunhou ele.<\/span><\/p>\n<p><span style=\"font-weight: 400;\">E continuou: &#8220;Levantei e disse \u00e0 congrega\u00e7\u00e3o que havia recebido Jesus Cristo como meu Salvador e que decidi servi-Lo por toda a minha vida&#8221;.<\/span><\/p>\n<p><strong>A igreja perseguida no Chade<\/strong><\/p>\n<p><span style=\"font-weight: 400;\">Depois que se tornou um seguidor de Cristo, seu maior desafio era compartilhar o Evangelho com outras pessoas.<\/span><\/p>\n<p><span style=\"font-weight: 400;\">\u201cEu n\u00e3o conseguia fazer isso, sofria persegui\u00e7\u00e3o regularmente. Em nosso pa\u00eds, em nossa cidade, quando eu passava, as pessoas me chamavam de &#8216;crist\u00e3o perverso\u2019 e cuspiam em mim\u201d, relembrou ele.<\/span><\/p>\n<p><span style=\"font-weight: 400;\">No entanto, Ibrahim respondeu com amor, conquistando a amizade de muitos. Hoje, com 65 anos e pai de nove filhos, ele lidera um dos minist\u00e9rios mais perigosos do mundo mu\u00e7ulmano: o de pastorear crist\u00e3os que abandonaram o Isl\u00e3 para seguir a Cristo.\u00a0<\/span><\/p>\n<p><span style=\"font-weight: 400;\">O Chade representa um dos ambientes mais desafiadores do mundo para mu\u00e7ulmanos de origem crist\u00e3. Contudo, um n\u00famero sem precedentes de pessoas est\u00e1 encontrando Jesus, apesar dos riscos.\u00a0<\/span><\/p>\n<p><span style=\"font-weight: 400;\">&#8220;Muitas vezes acontece por meio de sonhos. Temos muitos crist\u00e3os que vieram do islamismo e dizem: &#8216;<\/span><span style=\"color: #993300;\"><strong>Eu tive um sonho<\/strong><\/span><span style=\"font-weight: 400;\">&#8216;&#8221;, contou Ibrahim.<\/span><\/p>\n<p style=\"text-align: center;\"><span style=\"font-weight: 400;\"><img decoding=\"async\" src=\"https:\/\/thumbor.guiame.com.br\/unsafe\/smart\/https:\/\/media.guiame.com.br\/archives\/2026\/02\/10\/1311667741-.png\" alt=\"\" width=\"600\"\/><br \/><\/span><sup><span style=\"font-weight: 400; color: #808080;\">Ibrahim lidera ex-mu\u00e7ulmanos e os ajuda a crescer no entendimento das Escrituras. (Foto: Reprodu\u00e7\u00e3o\/Global Christian Relief)<\/span><\/sup><\/p>\n<p><span style=\"font-weight: 400;\">Ele citou a hist\u00f3ria de um professor islamico que tinha sonhos recorrentes com Jesus e acabou viajando 25 quil\u00f4metros para encontrar uma igreja e se rendeu ao Senhor.<\/span><\/p>\n<p><span style=\"font-weight: 400;\">&#8220;Muitas outras vezes, \u00e9 atrav\u00e9s do testemunho de crist\u00e3os. Alguns mu\u00e7ulmanos veem os crist\u00e3os \u2013 essas pessoas a quem dissemos que eram m\u00e1s \u2013 mas observam como eles vivem e o que fazem. \u00c9 bom. Eles pensam: &#8216;Certamente h\u00e1 verdade nisso&#8217;. Eles descobrem que n\u00e3o se pode ir para o C\u00e9u sem Jesus Cristo&#8221;, destacou Ibrahim.<\/span><\/p>\n<p><span style=\"font-weight: 400;\">Para pastores como Ibrahim, o minist\u00e9rio vai al\u00e9m da lideran\u00e7a da igreja. Eles servem crist\u00e3os que enfrentam rejei\u00e7\u00e3o familiar, persegui\u00e7\u00e3o da comunidade e amea\u00e7as constantes \u00e0 sua seguran\u00e7a. Esses crentes secretos muitas vezes perdem tudo \u2014 c\u00f4njuges, filhos, heran\u00e7a e posi\u00e7\u00e3o social \u2014 quando escolhem seguir a Cristo.\u00a0<\/span><\/p>\n<p><span style=\"font-weight: 400;\">\u201cEle quer, antes de tudo, ser acolhido, ter sua vida segura e receber os ensinamentos do Senhor \u2014 a Palavra \u2014 para que possa crescer espiritualmente e alcan\u00e7ar a maturidade em Cristo&#8221;, explicou o pastor.<\/span><\/p>\n<p style=\"text-align: center;\"><img decoding=\"async\" src=\"https:\/\/thumbor.guiame.com.br\/unsafe\/smart\/https:\/\/media.guiame.com.br\/archives\/2026\/02\/10\/1685733827-.png\" alt=\"\" width=\"600\"\/><br \/><sup><span style=\"font-weight: 400; color: #808080;\">Ibrahim pediu ora\u00e7\u00f5es pelos crist\u00e3os perseguidos no Chade. (Foto: Reprodu\u00e7\u00e3o\/Global Christian Relief)<\/span><\/sup><\/p>\n<p><span style=\"font-weight: 400;\">De acordo com Ibrahim, a chave est\u00e1 no discipulado, que permite aos novos convertidos fortalecerem sua f\u00e9 antes de enfrentarem os desafios de frequentarem \u00e0 igreja publicamente.\u00a0<\/span><\/p>\n<p><span style=\"font-weight: 400;\">&#8220;Orem para que tenhamos uma f\u00e9 forte e para que o Esp\u00edrito Santo realize milagres, porque os mu\u00e7ulmanos precisam ver milagres. Quando veem milagres, sabem que isso \u00e9 bom&#8221;, afirmou o pastor.<\/span><\/p>\n<p><span style=\"font-weight: 400;\">&#8220;Orem para que Deus d\u00ea \u00e0 igreja os meios para construir centros onde possamos acolher crentes de origem isl\u00e2mica e oferecer-lhes forma\u00e7\u00e3o b\u00edblica. Precisamos capacit\u00e1-los e garantir seu sustento&#8221;, concluiu.<\/span><\/p>\n<\/div>\n<p><br \/>\n<br \/>Fonte: Guiame <\/p>\n","protected":false},"excerpt":{"rendered":"<p>Um ex-mu\u00e7ulmano que se tornou pastor ap\u00f3s estudar a B\u00edblia no Chade relembrou sua convers\u00e3o e pediu ora\u00e7\u00f5es para os crist\u00e3os perseguidos em sua na\u00e7\u00e3o. Ibrahim Hassan cresceu em um lar isl\u00e2mico e desde crian\u00e7a estudava o Alcor\u00e3o: \u201cEu tinha em mente que me tornaria um grande l\u00edder isl\u00e2mico&#8221;, disse ele ao Global Christian Relief. [&hellip;]<\/p>\n","protected":false},"author":1,"featured_media":4036,"comment_status":"","ping_status":"open","sticky":false,"template":"","format":"standard","meta":{"footnotes":""},"categories":[43],"tags":[],"class_list":["post-4035","post","type-post","status-publish","format-standard","has-post-thumbnail","hentry","category-destaques"],"yoast_head":"<!-- This site is optimized with the Yoast SEO plugin v26.8 - https:\/\/yoast.com\/product\/yoast-seo-wordpress\/ -->\n<title>Ex-mu\u00e7ulmano vira pastor ap\u00f3s estudar a B\u00edblia no Ir\u00e3: \u201cO Esp\u00edrito Santo abriu minha mente\u201d - R\u00e1dio Porto Seguro<\/title>\n<meta name=\"robots\" content=\"index, follow, max-snippet:-1, max-image-preview:large, max-video-preview:-1\" \/>\n<link rel=\"canonical\" href=\"https:\/\/radioportoseguro.com.br\/site\/2026\/02\/13\/ex-muculmano-vira-pastor-apos-estudar-a-biblia-no-ira-o-espirito-santo-abriu-minha-mente\/\" \/>\n<meta property=\"og:locale\" content=\"pt_BR\" \/>\n<meta property=\"og:type\" content=\"article\" \/>\n<meta property=\"og:title\" content=\"Ex-mu\u00e7ulmano vira pastor ap\u00f3s estudar a B\u00edblia no Ir\u00e3: \u201cO Esp\u00edrito Santo abriu minha mente\u201d - R\u00e1dio Porto Seguro\" \/>\n<meta property=\"og:description\" content=\"Um ex-mu\u00e7ulmano que se tornou pastor ap\u00f3s estudar a B\u00edblia no Chade relembrou sua convers\u00e3o e pediu ora\u00e7\u00f5es para os crist\u00e3os perseguidos em sua na\u00e7\u00e3o. Ibrahim Hassan cresceu em um lar isl\u00e2mico e desde crian\u00e7a estudava o Alcor\u00e3o: \u201cEu tinha em mente que me tornaria um grande l\u00edder isl\u00e2mico&#8221;, disse ele ao Global Christian Relief. [&hellip;]\" \/>\n<meta property=\"og:url\" content=\"https:\/\/radioportoseguro.com.br\/site\/2026\/02\/13\/ex-muculmano-vira-pastor-apos-estudar-a-biblia-no-ira-o-espirito-santo-abriu-minha-mente\/\" \/>\n<meta property=\"og:site_name\" content=\"R\u00e1dio Porto Seguro\" \/>\n<meta property=\"article:published_time\" content=\"2026-02-13T13:55:07+00:00\" \/>\n<meta property=\"og:image\" content=\"https:\/\/thumbor.guiame.com.br\/unsafe\/smart\/https:\/\/media.guiame.com.br\/archives\/2026\/02\/10\/3093325728-.png\" \/>\n<meta name=\"author\" content=\"admin\" \/>\n<meta name=\"twitter:card\" content=\"summary_large_image\" \/>\n<meta name=\"twitter:label1\" content=\"Escrito por\" \/>\n\t<meta name=\"twitter:data1\" content=\"admin\" \/>\n\t<meta name=\"twitter:label2\" content=\"Est. tempo de leitura\" \/>\n\t<meta name=\"twitter:data2\" content=\"4 minutos\" \/>\n<script type=\"application\/ld+json\" class=\"yoast-schema-graph\">{\"@context\":\"https:\/\/schema.org\",\"@graph\":[{\"@type\":\"Article\",\"@id\":\"https:\/\/radioportoseguro.com.br\/site\/2026\/02\/13\/ex-muculmano-vira-pastor-apos-estudar-a-biblia-no-ira-o-espirito-santo-abriu-minha-mente\/#article\",\"isPartOf\":{\"@id\":\"https:\/\/radioportoseguro.com.br\/site\/2026\/02\/13\/ex-muculmano-vira-pastor-apos-estudar-a-biblia-no-ira-o-espirito-santo-abriu-minha-mente\/\"},\"author\":{\"name\":\"admin\",\"@id\":\"https:\/\/radioportoseguro.com.br\/site\/#\/schema\/person\/7630acdc320186f13639d3c067ec089b\"},\"headline\":\"Ex-mu\u00e7ulmano vira pastor ap\u00f3s estudar a B\u00edblia no Ir\u00e3: \u201cO Esp\u00edrito Santo abriu minha mente\u201d\",\"datePublished\":\"2026-02-13T13:55:07+00:00\",\"mainEntityOfPage\":{\"@id\":\"https:\/\/radioportoseguro.com.br\/site\/2026\/02\/13\/ex-muculmano-vira-pastor-apos-estudar-a-biblia-no-ira-o-espirito-santo-abriu-minha-mente\/\"},\"wordCount\":892,\"image\":{\"@id\":\"https:\/\/radioportoseguro.com.br\/site\/2026\/02\/13\/ex-muculmano-vira-pastor-apos-estudar-a-biblia-no-ira-o-espirito-santo-abriu-minha-mente\/#primaryimage\"},\"thumbnailUrl\":\"https:\/\/radioportoseguro.com.br\/site\/wp-content\/uploads\/2026\/02\/1319134954-o-pastor-ibrahim-hassan.jpeg\",\"articleSection\":[\"Destaques\"],\"inLanguage\":\"pt-BR\"},{\"@type\":\"WebPage\",\"@id\":\"https:\/\/radioportoseguro.com.br\/site\/2026\/02\/13\/ex-muculmano-vira-pastor-apos-estudar-a-biblia-no-ira-o-espirito-santo-abriu-minha-mente\/\",\"url\":\"https:\/\/radioportoseguro.com.br\/site\/2026\/02\/13\/ex-muculmano-vira-pastor-apos-estudar-a-biblia-no-ira-o-espirito-santo-abriu-minha-mente\/\",\"name\":\"Ex-mu\u00e7ulmano vira pastor ap\u00f3s estudar a B\u00edblia no Ir\u00e3: \u201cO Esp\u00edrito Santo abriu minha mente\u201d - R\u00e1dio Porto Seguro\",\"isPartOf\":{\"@id\":\"https:\/\/radioportoseguro.com.br\/site\/#website\"},\"primaryImageOfPage\":{\"@id\":\"https:\/\/radioportoseguro.com.br\/site\/2026\/02\/13\/ex-muculmano-vira-pastor-apos-estudar-a-biblia-no-ira-o-espirito-santo-abriu-minha-mente\/#primaryimage\"},\"image\":{\"@id\":\"https:\/\/radioportoseguro.com.br\/site\/2026\/02\/13\/ex-muculmano-vira-pastor-apos-estudar-a-biblia-no-ira-o-espirito-santo-abriu-minha-mente\/#primaryimage\"},\"thumbnailUrl\":\"https:\/\/radioportoseguro.com.br\/site\/wp-content\/uploads\/2026\/02\/1319134954-o-pastor-ibrahim-hassan.jpeg\",\"datePublished\":\"2026-02-13T13:55:07+00:00\",\"author\":{\"@id\":\"https:\/\/radioportoseguro.com.br\/site\/#\/schema\/person\/7630acdc320186f13639d3c067ec089b\"},\"breadcrumb\":{\"@id\":\"https:\/\/radioportoseguro.com.br\/site\/2026\/02\/13\/ex-muculmano-vira-pastor-apos-estudar-a-biblia-no-ira-o-espirito-santo-abriu-minha-mente\/#breadcrumb\"},\"inLanguage\":\"pt-BR\",\"potentialAction\":[{\"@type\":\"ReadAction\",\"target\":[\"https:\/\/radioportoseguro.com.br\/site\/2026\/02\/13\/ex-muculmano-vira-pastor-apos-estudar-a-biblia-no-ira-o-espirito-santo-abriu-minha-mente\/\"]}]},{\"@type\":\"ImageObject\",\"inLanguage\":\"pt-BR\",\"@id\":\"https:\/\/radioportoseguro.com.br\/site\/2026\/02\/13\/ex-muculmano-vira-pastor-apos-estudar-a-biblia-no-ira-o-espirito-santo-abriu-minha-mente\/#primaryimage\",\"url\":\"https:\/\/radioportoseguro.com.br\/site\/wp-content\/uploads\/2026\/02\/1319134954-o-pastor-ibrahim-hassan.jpeg\",\"contentUrl\":\"https:\/\/radioportoseguro.com.br\/site\/wp-content\/uploads\/2026\/02\/1319134954-o-pastor-ibrahim-hassan.jpeg\",\"width\":1200,\"height\":600},{\"@type\":\"BreadcrumbList\",\"@id\":\"https:\/\/radioportoseguro.com.br\/site\/2026\/02\/13\/ex-muculmano-vira-pastor-apos-estudar-a-biblia-no-ira-o-espirito-santo-abriu-minha-mente\/#breadcrumb\",\"itemListElement\":[{\"@type\":\"ListItem\",\"position\":1,\"name\":\"In\u00edcio\",\"item\":\"https:\/\/radioportoseguro.com.br\/site\/\"},{\"@type\":\"ListItem\",\"position\":2,\"name\":\"Ex-mu\u00e7ulmano vira pastor ap\u00f3s estudar a B\u00edblia no Ir\u00e3: \u201cO Esp\u00edrito Santo abriu minha mente\u201d\"}]},{\"@type\":\"WebSite\",\"@id\":\"https:\/\/radioportoseguro.com.br\/site\/#website\",\"url\":\"https:\/\/radioportoseguro.com.br\/site\/\",\"name\":\"R\u00e1dio Porto Seguro\",\"description\":\"\",\"potentialAction\":[{\"@type\":\"SearchAction\",\"target\":{\"@type\":\"EntryPoint\",\"urlTemplate\":\"https:\/\/radioportoseguro.com.br\/site\/?s={search_term_string}\"},\"query-input\":{\"@type\":\"PropertyValueSpecification\",\"valueRequired\":true,\"valueName\":\"search_term_string\"}}],\"inLanguage\":\"pt-BR\"},{\"@type\":\"Person\",\"@id\":\"https:\/\/radioportoseguro.com.br\/site\/#\/schema\/person\/7630acdc320186f13639d3c067ec089b\",\"name\":\"admin\",\"image\":{\"@type\":\"ImageObject\",\"inLanguage\":\"pt-BR\",\"@id\":\"https:\/\/radioportoseguro.com.br\/site\/#\/schema\/person\/image\/\",\"url\":\"https:\/\/secure.gravatar.com\/avatar\/caacf4dc1eedb68fab0df8e1ed46c448e578b2466351bbcb61e47d2ac0caaef0?s=96&d=mm&r=g\",\"contentUrl\":\"https:\/\/secure.gravatar.com\/avatar\/caacf4dc1eedb68fab0df8e1ed46c448e578b2466351bbcb61e47d2ac0caaef0?s=96&d=mm&r=g\",\"caption\":\"admin\"},\"sameAs\":[\"https:\/\/radioportoseguro.com.br\/site\"],\"url\":\"https:\/\/radioportoseguro.com.br\/site\/author\/hezio\/\"}]}<\/script>\n<!-- \/ Yoast SEO plugin. -->","yoast_head_json":{"title":"Ex-mu\u00e7ulmano vira pastor ap\u00f3s estudar a B\u00edblia no Ir\u00e3: \u201cO Esp\u00edrito Santo abriu minha mente\u201d - R\u00e1dio Porto Seguro","robots":{"index":"index","follow":"follow","max-snippet":"max-snippet:-1","max-image-preview":"max-image-preview:large","max-video-preview":"max-video-preview:-1"},"canonical":"https:\/\/radioportoseguro.com.br\/site\/2026\/02\/13\/ex-muculmano-vira-pastor-apos-estudar-a-biblia-no-ira-o-espirito-santo-abriu-minha-mente\/","og_locale":"pt_BR","og_type":"article","og_title":"Ex-mu\u00e7ulmano vira pastor ap\u00f3s estudar a B\u00edblia no Ir\u00e3: \u201cO Esp\u00edrito Santo abriu minha mente\u201d - R\u00e1dio Porto Seguro","og_description":"Um ex-mu\u00e7ulmano que se tornou pastor ap\u00f3s estudar a B\u00edblia no Chade relembrou sua convers\u00e3o e pediu ora\u00e7\u00f5es para os crist\u00e3os perseguidos em sua na\u00e7\u00e3o. Ibrahim Hassan cresceu em um lar isl\u00e2mico e desde crian\u00e7a estudava o Alcor\u00e3o: \u201cEu tinha em mente que me tornaria um grande l\u00edder isl\u00e2mico&#8221;, disse ele ao Global Christian Relief. [&hellip;]","og_url":"https:\/\/radioportoseguro.com.br\/site\/2026\/02\/13\/ex-muculmano-vira-pastor-apos-estudar-a-biblia-no-ira-o-espirito-santo-abriu-minha-mente\/","og_site_name":"R\u00e1dio Porto Seguro","article_published_time":"2026-02-13T13:55:07+00:00","og_image":[{"url":"https:\/\/thumbor.guiame.com.br\/unsafe\/smart\/https:\/\/media.guiame.com.br\/archives\/2026\/02\/10\/3093325728-.png","type":"","width":"","height":""}],"author":"admin","twitter_card":"summary_large_image","twitter_misc":{"Escrito por":"admin","Est. tempo de leitura":"4 minutos"},"schema":{"@context":"https:\/\/schema.org","@graph":[{"@type":"Article","@id":"https:\/\/radioportoseguro.com.br\/site\/2026\/02\/13\/ex-muculmano-vira-pastor-apos-estudar-a-biblia-no-ira-o-espirito-santo-abriu-minha-mente\/#article","isPartOf":{"@id":"https:\/\/radioportoseguro.com.br\/site\/2026\/02\/13\/ex-muculmano-vira-pastor-apos-estudar-a-biblia-no-ira-o-espirito-santo-abriu-minha-mente\/"},"author":{"name":"admin","@id":"https:\/\/radioportoseguro.com.br\/site\/#\/schema\/person\/7630acdc320186f13639d3c067ec089b"},"headline":"Ex-mu\u00e7ulmano vira pastor ap\u00f3s estudar a B\u00edblia no Ir\u00e3: \u201cO Esp\u00edrito Santo abriu minha mente\u201d","datePublished":"2026-02-13T13:55:07+00:00","mainEntityOfPage":{"@id":"https:\/\/radioportoseguro.com.br\/site\/2026\/02\/13\/ex-muculmano-vira-pastor-apos-estudar-a-biblia-no-ira-o-espirito-santo-abriu-minha-mente\/"},"wordCount":892,"image":{"@id":"https:\/\/radioportoseguro.com.br\/site\/2026\/02\/13\/ex-muculmano-vira-pastor-apos-estudar-a-biblia-no-ira-o-espirito-santo-abriu-minha-mente\/#primaryimage"},"thumbnailUrl":"https:\/\/radioportoseguro.com.br\/site\/wp-content\/uploads\/2026\/02\/1319134954-o-pastor-ibrahim-hassan.jpeg","articleSection":["Destaques"],"inLanguage":"pt-BR"},{"@type":"WebPage","@id":"https:\/\/radioportoseguro.com.br\/site\/2026\/02\/13\/ex-muculmano-vira-pastor-apos-estudar-a-biblia-no-ira-o-espirito-santo-abriu-minha-mente\/","url":"https:\/\/radioportoseguro.com.br\/site\/2026\/02\/13\/ex-muculmano-vira-pastor-apos-estudar-a-biblia-no-ira-o-espirito-santo-abriu-minha-mente\/","name":"Ex-mu\u00e7ulmano vira pastor ap\u00f3s estudar a B\u00edblia no Ir\u00e3: \u201cO Esp\u00edrito Santo abriu minha mente\u201d - R\u00e1dio Porto Seguro","isPartOf":{"@id":"https:\/\/radioportoseguro.com.br\/site\/#website"},"primaryImageOfPage":{"@id":"https:\/\/radioportoseguro.com.br\/site\/2026\/02\/13\/ex-muculmano-vira-pastor-apos-estudar-a-biblia-no-ira-o-espirito-santo-abriu-minha-mente\/#primaryimage"},"image":{"@id":"https:\/\/radioportoseguro.com.br\/site\/2026\/02\/13\/ex-muculmano-vira-pastor-apos-estudar-a-biblia-no-ira-o-espirito-santo-abriu-minha-mente\/#primaryimage"},"thumbnailUrl":"https:\/\/radioportoseguro.com.br\/site\/wp-content\/uploads\/2026\/02\/1319134954-o-pastor-ibrahim-hassan.jpeg","datePublished":"2026-02-13T13:55:07+00:00","author":{"@id":"https:\/\/radioportoseguro.com.br\/site\/#\/schema\/person\/7630acdc320186f13639d3c067ec089b"},"breadcrumb":{"@id":"https:\/\/radioportoseguro.com.br\/site\/2026\/02\/13\/ex-muculmano-vira-pastor-apos-estudar-a-biblia-no-ira-o-espirito-santo-abriu-minha-mente\/#breadcrumb"},"inLanguage":"pt-BR","potentialAction":[{"@type":"ReadAction","target":["https:\/\/radioportoseguro.com.br\/site\/2026\/02\/13\/ex-muculmano-vira-pastor-apos-estudar-a-biblia-no-ira-o-espirito-santo-abriu-minha-mente\/"]}]},{"@type":"ImageObject","inLanguage":"pt-BR","@id":"https:\/\/radioportoseguro.com.br\/site\/2026\/02\/13\/ex-muculmano-vira-pastor-apos-estudar-a-biblia-no-ira-o-espirito-santo-abriu-minha-mente\/#primaryimage","url":"https:\/\/radioportoseguro.com.br\/site\/wp-content\/uploads\/2026\/02\/1319134954-o-pastor-ibrahim-hassan.jpeg","contentUrl":"https:\/\/radioportoseguro.com.br\/site\/wp-content\/uploads\/2026\/02\/1319134954-o-pastor-ibrahim-hassan.jpeg","width":1200,"height":600},{"@type":"BreadcrumbList","@id":"https:\/\/radioportoseguro.com.br\/site\/2026\/02\/13\/ex-muculmano-vira-pastor-apos-estudar-a-biblia-no-ira-o-espirito-santo-abriu-minha-mente\/#breadcrumb","itemListElement":[{"@type":"ListItem","position":1,"name":"In\u00edcio","item":"https:\/\/radioportoseguro.com.br\/site\/"},{"@type":"ListItem","position":2,"name":"Ex-mu\u00e7ulmano vira pastor ap\u00f3s estudar a B\u00edblia no Ir\u00e3: \u201cO Esp\u00edrito Santo abriu minha mente\u201d"}]},{"@type":"WebSite","@id":"https:\/\/radioportoseguro.com.br\/site\/#website","url":"https:\/\/radioportoseguro.com.br\/site\/","name":"R\u00e1dio Porto Seguro","description":"","potentialAction":[{"@type":"SearchAction","target":{"@type":"EntryPoint","urlTemplate":"https:\/\/radioportoseguro.com.br\/site\/?s={search_term_string}"},"query-input":{"@type":"PropertyValueSpecification","valueRequired":true,"valueName":"search_term_string"}}],"inLanguage":"pt-BR"},{"@type":"Person","@id":"https:\/\/radioportoseguro.com.br\/site\/#\/schema\/person\/7630acdc320186f13639d3c067ec089b","name":"admin","image":{"@type":"ImageObject","inLanguage":"pt-BR","@id":"https:\/\/radioportoseguro.com.br\/site\/#\/schema\/person\/image\/","url":"https:\/\/secure.gravatar.com\/avatar\/caacf4dc1eedb68fab0df8e1ed46c448e578b2466351bbcb61e47d2ac0caaef0?s=96&d=mm&r=g","contentUrl":"https:\/\/secure.gravatar.com\/avatar\/caacf4dc1eedb68fab0df8e1ed46c448e578b2466351bbcb61e47d2ac0caaef0?s=96&d=mm&r=g","caption":"admin"},"sameAs":["https:\/\/radioportoseguro.com.br\/site"],"url":"https:\/\/radioportoseguro.com.br\/site\/author\/hezio\/"}]}},"_links":{"self":[{"href":"https:\/\/radioportoseguro.com.br\/site\/wp-json\/wp\/v2\/posts\/4035","targetHints":{"allow":["GET"]}}],"collection":[{"href":"https:\/\/radioportoseguro.com.br\/site\/wp-json\/wp\/v2\/posts"}],"about":[{"href":"https:\/\/radioportoseguro.com.br\/site\/wp-json\/wp\/v2\/types\/post"}],"author":[{"embeddable":true,"href":"https:\/\/radioportoseguro.com.br\/site\/wp-json\/wp\/v2\/users\/1"}],"replies":[{"embeddable":true,"href":"https:\/\/radioportoseguro.com.br\/site\/wp-json\/wp\/v2\/comments?post=4035"}],"version-history":[{"count":0,"href":"https:\/\/radioportoseguro.com.br\/site\/wp-json\/wp\/v2\/posts\/4035\/revisions"}],"wp:featuredmedia":[{"embeddable":true,"href":"https:\/\/radioportoseguro.com.br\/site\/wp-json\/wp\/v2\/media\/4036"}],"wp:attachment":[{"href":"https:\/\/radioportoseguro.com.br\/site\/wp-json\/wp\/v2\/media?parent=4035"}],"wp:term":[{"taxonomy":"category","embeddable":true,"href":"https:\/\/radioportoseguro.com.br\/site\/wp-json\/wp\/v2\/categories?post=4035"},{"taxonomy":"post_tag","embeddable":true,"href":"https:\/\/radioportoseguro.com.br\/site\/wp-json\/wp\/v2\/tags?post=4035"}],"curies":[{"name":"wp","href":"https:\/\/api.w.org\/{rel}","templated":true}]}}