{"id":4045,"date":"2026-02-13T17:17:16","date_gmt":"2026-02-13T20:17:16","guid":{"rendered":"https:\/\/radioportoseguro.com.br\/site\/2026\/02\/13\/teologo-ensina-como-viver-o-cristianismo-sem-fardos-em-novo-livro\/"},"modified":"2026-02-13T17:17:16","modified_gmt":"2026-02-13T20:17:16","slug":"teologo-ensina-como-viver-o-cristianismo-sem-fardos-em-novo-livro","status":"publish","type":"post","link":"https:\/\/radioportoseguro.com.br\/site\/2026\/02\/13\/teologo-ensina-como-viver-o-cristianismo-sem-fardos-em-novo-livro\/","title":{"rendered":"Te\u00f3logo ensina como viver o cristianismo sem fardos em novo livro"},"content":{"rendered":"<p><br \/>\n<\/p>\n<div>\n<p>Em pleno s\u00e9culo 21, ainda existem comunidades crist\u00e3s que adotam normas r\u00edgidas que n\u00e3o est\u00e3o presentes nas Escrituras, mas que acabam moldando a vida religiosa dos fi\u00e9is.<\/p>\n<p>Proibi\u00e7\u00f5es ligadas ao consumo de bebida alco\u00f3lica, uso de tatuagens, vestu\u00e1rio e participa\u00e7\u00e3o em atividades como praia, piscina, cinema, shows seculares ou eventos esportivos. Tamb\u00e9m surgem restri\u00e7\u00f5es a pr\u00e1ticas cotidianas, como assistir partidas de futebol ou realizar atividades aos domingos \u2013 al\u00e9m do descanso e do culto.<\/p>\n<p>&#8220;Cristianismo leve&#8221;, novo livro do te\u00f3logo Pedro Pamplona, parte dessas situa\u00e7\u00f5es para rebater tais exig\u00eancias e como o leitor pode conduzir a vida espiritual com base no que est\u00e1 efetivamente registrado na B\u00edblia.<\/p>\n<p>Pamplona, que \u00e9 pastor da Igreja Batista Filad\u00e9lfia, em Fortaleza, professor e apresentador do podcast <em>Biblioteca Pamplona<\/em>, define o legalismo como a ideia de que a aceita\u00e7\u00e3o divina depende do cumprimento de regras adicionais ao texto b\u00edblico.<\/p>\n<p>Ele descreve como isso se manifesta tanto na rela\u00e7\u00e3o pessoal com Deus quanto no conv\u00edvio comunit\u00e1rio, quando crit\u00e9rios individuais passam a ser utilizados para validar a f\u00e9 do outros. Nesse contexto, o livro tamb\u00e9m aborda press\u00f5es relacionadas \u00e0 vida conjugal, como cobran\u00e7as para que solteiros se casem ou para que casais tenham filhos, al\u00e9m da imposi\u00e7\u00e3o de alinhamento pol\u00edtico espec\u00edfico como sinal de pertencimento espiritual.<\/p>\n<p>Este lan\u00e7amento da Editora Mundo Crist\u00e3o oferece instrumentos para que o leitor avalie quais orienta\u00e7\u00f5es derivam das Escrituras e quais resultam de tradi\u00e7\u00f5es humanas, permitindo reorganizar a pr\u00e1tica da f\u00e9 de acordo com princ\u00edpios presentes nos textos b\u00edblicos. A obra \u00e9 indicada para quem deseja revisar suas pr\u00e1ticas religiosas, l\u00edderes envolvidos em forma\u00e7\u00e3o espiritual e pessoas interessadas em compreender como determinadas exig\u00eancias se consolidam na vida comunit\u00e1ria.<\/p>\n<p style=\"text-align: center;\"><\/p>\n<p><strong>Sobre o autor<\/strong><\/p>\n<p>Pedro Pamplona possui especializa\u00e7\u00e3o em Estudos Teol\u00f3gicos pelo Centro Presbiteriano Andrew Jumper e \u00e9 mestre em Teologia Sistem\u00e1tica pelo Instituto Aubrey Clark. \u00c9 pastor da Igreja Batista Filad\u00e9lfia, em Fortaleza, apresentador do podcast Biblioteca Pamplona e professor do curso Teologia e Leitura Inteligente. \u00c9 casado com Laryssa e pai de Davi, Ester e Isabel.<\/p>\n<\/div>\n<p><br \/>\n<br \/>Fonte: Guiame <\/p>\n","protected":false},"excerpt":{"rendered":"<p>Em pleno s\u00e9culo 21, ainda existem comunidades crist\u00e3s que adotam normas r\u00edgidas que n\u00e3o est\u00e3o presentes nas Escrituras, mas que acabam moldando a vida religiosa dos fi\u00e9is. Proibi\u00e7\u00f5es ligadas ao consumo de bebida alco\u00f3lica, uso de tatuagens, vestu\u00e1rio e participa\u00e7\u00e3o em atividades como praia, piscina, cinema, shows seculares ou eventos esportivos. Tamb\u00e9m surgem restri\u00e7\u00f5es a [&hellip;]<\/p>\n","protected":false},"author":1,"featured_media":4046,"comment_status":"","ping_status":"open","sticky":false,"template":"","format":"standard","meta":{"footnotes":""},"categories":[43],"tags":[],"class_list":["post-4045","post","type-post","status-publish","format-standard","has-post-thumbnail","hentry","category-destaques"],"yoast_head":"<!-- This site is optimized with the Yoast SEO plugin v26.8 - https:\/\/yoast.com\/product\/yoast-seo-wordpress\/ -->\n<title>Te\u00f3logo ensina como viver o cristianismo sem fardos em novo livro - R\u00e1dio Porto Seguro<\/title>\n<meta name=\"robots\" content=\"index, follow, max-snippet:-1, max-image-preview:large, max-video-preview:-1\" \/>\n<link rel=\"canonical\" href=\"https:\/\/radioportoseguro.com.br\/site\/2026\/02\/13\/teologo-ensina-como-viver-o-cristianismo-sem-fardos-em-novo-livro\/\" \/>\n<meta property=\"og:locale\" content=\"pt_BR\" \/>\n<meta property=\"og:type\" content=\"article\" \/>\n<meta property=\"og:title\" content=\"Te\u00f3logo ensina como viver o cristianismo sem fardos em novo livro - R\u00e1dio Porto Seguro\" \/>\n<meta property=\"og:description\" content=\"Em pleno s\u00e9culo 21, ainda existem comunidades crist\u00e3s que adotam normas r\u00edgidas que n\u00e3o est\u00e3o presentes nas Escrituras, mas que acabam moldando a vida religiosa dos fi\u00e9is. Proibi\u00e7\u00f5es ligadas ao consumo de bebida alco\u00f3lica, uso de tatuagens, vestu\u00e1rio e participa\u00e7\u00e3o em atividades como praia, piscina, cinema, shows seculares ou eventos esportivos. Tamb\u00e9m surgem restri\u00e7\u00f5es a [&hellip;]\" \/>\n<meta property=\"og:url\" content=\"https:\/\/radioportoseguro.com.br\/site\/2026\/02\/13\/teologo-ensina-como-viver-o-cristianismo-sem-fardos-em-novo-livro\/\" \/>\n<meta property=\"og:site_name\" content=\"R\u00e1dio Porto Seguro\" \/>\n<meta property=\"article:published_time\" content=\"2026-02-13T20:17:16+00:00\" \/>\n<meta property=\"og:image\" content=\"https:\/\/thumbor.guiame.com.br\/unsafe\/smart\/https:\/\/media.guiame.com.br\/archives\/2026\/02\/10\/1070656411-.jpeg\" \/>\n<meta name=\"author\" content=\"admin\" \/>\n<meta name=\"twitter:card\" content=\"summary_large_image\" \/>\n<meta name=\"twitter:label1\" content=\"Escrito por\" \/>\n\t<meta name=\"twitter:data1\" content=\"admin\" \/>\n\t<meta name=\"twitter:label2\" content=\"Est. tempo de leitura\" \/>\n\t<meta name=\"twitter:data2\" content=\"2 minutos\" \/>\n<script type=\"application\/ld+json\" class=\"yoast-schema-graph\">{\"@context\":\"https:\/\/schema.org\",\"@graph\":[{\"@type\":\"Article\",\"@id\":\"https:\/\/radioportoseguro.com.br\/site\/2026\/02\/13\/teologo-ensina-como-viver-o-cristianismo-sem-fardos-em-novo-livro\/#article\",\"isPartOf\":{\"@id\":\"https:\/\/radioportoseguro.com.br\/site\/2026\/02\/13\/teologo-ensina-como-viver-o-cristianismo-sem-fardos-em-novo-livro\/\"},\"author\":{\"name\":\"admin\",\"@id\":\"https:\/\/radioportoseguro.com.br\/site\/#\/schema\/person\/7630acdc320186f13639d3c067ec089b\"},\"headline\":\"Te\u00f3logo ensina como viver o cristianismo sem fardos em novo livro\",\"datePublished\":\"2026-02-13T20:17:16+00:00\",\"mainEntityOfPage\":{\"@id\":\"https:\/\/radioportoseguro.com.br\/site\/2026\/02\/13\/teologo-ensina-como-viver-o-cristianismo-sem-fardos-em-novo-livro\/\"},\"wordCount\":389,\"image\":{\"@id\":\"https:\/\/radioportoseguro.com.br\/site\/2026\/02\/13\/teologo-ensina-como-viver-o-cristianismo-sem-fardos-em-novo-livro\/#primaryimage\"},\"thumbnailUrl\":\"https:\/\/radioportoseguro.com.br\/site\/wp-content\/uploads\/2026\/02\/3189620177-pedro.jpeg\",\"articleSection\":[\"Destaques\"],\"inLanguage\":\"pt-BR\"},{\"@type\":\"WebPage\",\"@id\":\"https:\/\/radioportoseguro.com.br\/site\/2026\/02\/13\/teologo-ensina-como-viver-o-cristianismo-sem-fardos-em-novo-livro\/\",\"url\":\"https:\/\/radioportoseguro.com.br\/site\/2026\/02\/13\/teologo-ensina-como-viver-o-cristianismo-sem-fardos-em-novo-livro\/\",\"name\":\"Te\u00f3logo ensina como viver o cristianismo sem fardos em novo livro - R\u00e1dio Porto Seguro\",\"isPartOf\":{\"@id\":\"https:\/\/radioportoseguro.com.br\/site\/#website\"},\"primaryImageOfPage\":{\"@id\":\"https:\/\/radioportoseguro.com.br\/site\/2026\/02\/13\/teologo-ensina-como-viver-o-cristianismo-sem-fardos-em-novo-livro\/#primaryimage\"},\"image\":{\"@id\":\"https:\/\/radioportoseguro.com.br\/site\/2026\/02\/13\/teologo-ensina-como-viver-o-cristianismo-sem-fardos-em-novo-livro\/#primaryimage\"},\"thumbnailUrl\":\"https:\/\/radioportoseguro.com.br\/site\/wp-content\/uploads\/2026\/02\/3189620177-pedro.jpeg\",\"datePublished\":\"2026-02-13T20:17:16+00:00\",\"author\":{\"@id\":\"https:\/\/radioportoseguro.com.br\/site\/#\/schema\/person\/7630acdc320186f13639d3c067ec089b\"},\"breadcrumb\":{\"@id\":\"https:\/\/radioportoseguro.com.br\/site\/2026\/02\/13\/teologo-ensina-como-viver-o-cristianismo-sem-fardos-em-novo-livro\/#breadcrumb\"},\"inLanguage\":\"pt-BR\",\"potentialAction\":[{\"@type\":\"ReadAction\",\"target\":[\"https:\/\/radioportoseguro.com.br\/site\/2026\/02\/13\/teologo-ensina-como-viver-o-cristianismo-sem-fardos-em-novo-livro\/\"]}]},{\"@type\":\"ImageObject\",\"inLanguage\":\"pt-BR\",\"@id\":\"https:\/\/radioportoseguro.com.br\/site\/2026\/02\/13\/teologo-ensina-como-viver-o-cristianismo-sem-fardos-em-novo-livro\/#primaryimage\",\"url\":\"https:\/\/radioportoseguro.com.br\/site\/wp-content\/uploads\/2026\/02\/3189620177-pedro.jpeg\",\"contentUrl\":\"https:\/\/radioportoseguro.com.br\/site\/wp-content\/uploads\/2026\/02\/3189620177-pedro.jpeg\",\"width\":1200,\"height\":600},{\"@type\":\"BreadcrumbList\",\"@id\":\"https:\/\/radioportoseguro.com.br\/site\/2026\/02\/13\/teologo-ensina-como-viver-o-cristianismo-sem-fardos-em-novo-livro\/#breadcrumb\",\"itemListElement\":[{\"@type\":\"ListItem\",\"position\":1,\"name\":\"In\u00edcio\",\"item\":\"https:\/\/radioportoseguro.com.br\/site\/\"},{\"@type\":\"ListItem\",\"position\":2,\"name\":\"Te\u00f3logo ensina como viver o cristianismo sem fardos em novo livro\"}]},{\"@type\":\"WebSite\",\"@id\":\"https:\/\/radioportoseguro.com.br\/site\/#website\",\"url\":\"https:\/\/radioportoseguro.com.br\/site\/\",\"name\":\"R\u00e1dio Porto Seguro\",\"description\":\"\",\"potentialAction\":[{\"@type\":\"SearchAction\",\"target\":{\"@type\":\"EntryPoint\",\"urlTemplate\":\"https:\/\/radioportoseguro.com.br\/site\/?s={search_term_string}\"},\"query-input\":{\"@type\":\"PropertyValueSpecification\",\"valueRequired\":true,\"valueName\":\"search_term_string\"}}],\"inLanguage\":\"pt-BR\"},{\"@type\":\"Person\",\"@id\":\"https:\/\/radioportoseguro.com.br\/site\/#\/schema\/person\/7630acdc320186f13639d3c067ec089b\",\"name\":\"admin\",\"image\":{\"@type\":\"ImageObject\",\"inLanguage\":\"pt-BR\",\"@id\":\"https:\/\/radioportoseguro.com.br\/site\/#\/schema\/person\/image\/\",\"url\":\"https:\/\/secure.gravatar.com\/avatar\/caacf4dc1eedb68fab0df8e1ed46c448e578b2466351bbcb61e47d2ac0caaef0?s=96&d=mm&r=g\",\"contentUrl\":\"https:\/\/secure.gravatar.com\/avatar\/caacf4dc1eedb68fab0df8e1ed46c448e578b2466351bbcb61e47d2ac0caaef0?s=96&d=mm&r=g\",\"caption\":\"admin\"},\"sameAs\":[\"https:\/\/radioportoseguro.com.br\/site\"],\"url\":\"https:\/\/radioportoseguro.com.br\/site\/author\/hezio\/\"}]}<\/script>\n<!-- \/ Yoast SEO plugin. -->","yoast_head_json":{"title":"Te\u00f3logo ensina como viver o cristianismo sem fardos em novo livro - R\u00e1dio Porto Seguro","robots":{"index":"index","follow":"follow","max-snippet":"max-snippet:-1","max-image-preview":"max-image-preview:large","max-video-preview":"max-video-preview:-1"},"canonical":"https:\/\/radioportoseguro.com.br\/site\/2026\/02\/13\/teologo-ensina-como-viver-o-cristianismo-sem-fardos-em-novo-livro\/","og_locale":"pt_BR","og_type":"article","og_title":"Te\u00f3logo ensina como viver o cristianismo sem fardos em novo livro - R\u00e1dio Porto Seguro","og_description":"Em pleno s\u00e9culo 21, ainda existem comunidades crist\u00e3s que adotam normas r\u00edgidas que n\u00e3o est\u00e3o presentes nas Escrituras, mas que acabam moldando a vida religiosa dos fi\u00e9is. Proibi\u00e7\u00f5es ligadas ao consumo de bebida alco\u00f3lica, uso de tatuagens, vestu\u00e1rio e participa\u00e7\u00e3o em atividades como praia, piscina, cinema, shows seculares ou eventos esportivos. Tamb\u00e9m surgem restri\u00e7\u00f5es a [&hellip;]","og_url":"https:\/\/radioportoseguro.com.br\/site\/2026\/02\/13\/teologo-ensina-como-viver-o-cristianismo-sem-fardos-em-novo-livro\/","og_site_name":"R\u00e1dio Porto Seguro","article_published_time":"2026-02-13T20:17:16+00:00","og_image":[{"url":"https:\/\/thumbor.guiame.com.br\/unsafe\/smart\/https:\/\/media.guiame.com.br\/archives\/2026\/02\/10\/1070656411-.jpeg","type":"","width":"","height":""}],"author":"admin","twitter_card":"summary_large_image","twitter_misc":{"Escrito por":"admin","Est. tempo de leitura":"2 minutos"},"schema":{"@context":"https:\/\/schema.org","@graph":[{"@type":"Article","@id":"https:\/\/radioportoseguro.com.br\/site\/2026\/02\/13\/teologo-ensina-como-viver-o-cristianismo-sem-fardos-em-novo-livro\/#article","isPartOf":{"@id":"https:\/\/radioportoseguro.com.br\/site\/2026\/02\/13\/teologo-ensina-como-viver-o-cristianismo-sem-fardos-em-novo-livro\/"},"author":{"name":"admin","@id":"https:\/\/radioportoseguro.com.br\/site\/#\/schema\/person\/7630acdc320186f13639d3c067ec089b"},"headline":"Te\u00f3logo ensina como viver o cristianismo sem fardos em novo livro","datePublished":"2026-02-13T20:17:16+00:00","mainEntityOfPage":{"@id":"https:\/\/radioportoseguro.com.br\/site\/2026\/02\/13\/teologo-ensina-como-viver-o-cristianismo-sem-fardos-em-novo-livro\/"},"wordCount":389,"image":{"@id":"https:\/\/radioportoseguro.com.br\/site\/2026\/02\/13\/teologo-ensina-como-viver-o-cristianismo-sem-fardos-em-novo-livro\/#primaryimage"},"thumbnailUrl":"https:\/\/radioportoseguro.com.br\/site\/wp-content\/uploads\/2026\/02\/3189620177-pedro.jpeg","articleSection":["Destaques"],"inLanguage":"pt-BR"},{"@type":"WebPage","@id":"https:\/\/radioportoseguro.com.br\/site\/2026\/02\/13\/teologo-ensina-como-viver-o-cristianismo-sem-fardos-em-novo-livro\/","url":"https:\/\/radioportoseguro.com.br\/site\/2026\/02\/13\/teologo-ensina-como-viver-o-cristianismo-sem-fardos-em-novo-livro\/","name":"Te\u00f3logo ensina como viver o cristianismo sem fardos em novo livro - R\u00e1dio Porto Seguro","isPartOf":{"@id":"https:\/\/radioportoseguro.com.br\/site\/#website"},"primaryImageOfPage":{"@id":"https:\/\/radioportoseguro.com.br\/site\/2026\/02\/13\/teologo-ensina-como-viver-o-cristianismo-sem-fardos-em-novo-livro\/#primaryimage"},"image":{"@id":"https:\/\/radioportoseguro.com.br\/site\/2026\/02\/13\/teologo-ensina-como-viver-o-cristianismo-sem-fardos-em-novo-livro\/#primaryimage"},"thumbnailUrl":"https:\/\/radioportoseguro.com.br\/site\/wp-content\/uploads\/2026\/02\/3189620177-pedro.jpeg","datePublished":"2026-02-13T20:17:16+00:00","author":{"@id":"https:\/\/radioportoseguro.com.br\/site\/#\/schema\/person\/7630acdc320186f13639d3c067ec089b"},"breadcrumb":{"@id":"https:\/\/radioportoseguro.com.br\/site\/2026\/02\/13\/teologo-ensina-como-viver-o-cristianismo-sem-fardos-em-novo-livro\/#breadcrumb"},"inLanguage":"pt-BR","potentialAction":[{"@type":"ReadAction","target":["https:\/\/radioportoseguro.com.br\/site\/2026\/02\/13\/teologo-ensina-como-viver-o-cristianismo-sem-fardos-em-novo-livro\/"]}]},{"@type":"ImageObject","inLanguage":"pt-BR","@id":"https:\/\/radioportoseguro.com.br\/site\/2026\/02\/13\/teologo-ensina-como-viver-o-cristianismo-sem-fardos-em-novo-livro\/#primaryimage","url":"https:\/\/radioportoseguro.com.br\/site\/wp-content\/uploads\/2026\/02\/3189620177-pedro.jpeg","contentUrl":"https:\/\/radioportoseguro.com.br\/site\/wp-content\/uploads\/2026\/02\/3189620177-pedro.jpeg","width":1200,"height":600},{"@type":"BreadcrumbList","@id":"https:\/\/radioportoseguro.com.br\/site\/2026\/02\/13\/teologo-ensina-como-viver-o-cristianismo-sem-fardos-em-novo-livro\/#breadcrumb","itemListElement":[{"@type":"ListItem","position":1,"name":"In\u00edcio","item":"https:\/\/radioportoseguro.com.br\/site\/"},{"@type":"ListItem","position":2,"name":"Te\u00f3logo ensina como viver o cristianismo sem fardos em novo livro"}]},{"@type":"WebSite","@id":"https:\/\/radioportoseguro.com.br\/site\/#website","url":"https:\/\/radioportoseguro.com.br\/site\/","name":"R\u00e1dio Porto Seguro","description":"","potentialAction":[{"@type":"SearchAction","target":{"@type":"EntryPoint","urlTemplate":"https:\/\/radioportoseguro.com.br\/site\/?s={search_term_string}"},"query-input":{"@type":"PropertyValueSpecification","valueRequired":true,"valueName":"search_term_string"}}],"inLanguage":"pt-BR"},{"@type":"Person","@id":"https:\/\/radioportoseguro.com.br\/site\/#\/schema\/person\/7630acdc320186f13639d3c067ec089b","name":"admin","image":{"@type":"ImageObject","inLanguage":"pt-BR","@id":"https:\/\/radioportoseguro.com.br\/site\/#\/schema\/person\/image\/","url":"https:\/\/secure.gravatar.com\/avatar\/caacf4dc1eedb68fab0df8e1ed46c448e578b2466351bbcb61e47d2ac0caaef0?s=96&d=mm&r=g","contentUrl":"https:\/\/secure.gravatar.com\/avatar\/caacf4dc1eedb68fab0df8e1ed46c448e578b2466351bbcb61e47d2ac0caaef0?s=96&d=mm&r=g","caption":"admin"},"sameAs":["https:\/\/radioportoseguro.com.br\/site"],"url":"https:\/\/radioportoseguro.com.br\/site\/author\/hezio\/"}]}},"_links":{"self":[{"href":"https:\/\/radioportoseguro.com.br\/site\/wp-json\/wp\/v2\/posts\/4045","targetHints":{"allow":["GET"]}}],"collection":[{"href":"https:\/\/radioportoseguro.com.br\/site\/wp-json\/wp\/v2\/posts"}],"about":[{"href":"https:\/\/radioportoseguro.com.br\/site\/wp-json\/wp\/v2\/types\/post"}],"author":[{"embeddable":true,"href":"https:\/\/radioportoseguro.com.br\/site\/wp-json\/wp\/v2\/users\/1"}],"replies":[{"embeddable":true,"href":"https:\/\/radioportoseguro.com.br\/site\/wp-json\/wp\/v2\/comments?post=4045"}],"version-history":[{"count":0,"href":"https:\/\/radioportoseguro.com.br\/site\/wp-json\/wp\/v2\/posts\/4045\/revisions"}],"wp:featuredmedia":[{"embeddable":true,"href":"https:\/\/radioportoseguro.com.br\/site\/wp-json\/wp\/v2\/media\/4046"}],"wp:attachment":[{"href":"https:\/\/radioportoseguro.com.br\/site\/wp-json\/wp\/v2\/media?parent=4045"}],"wp:term":[{"taxonomy":"category","embeddable":true,"href":"https:\/\/radioportoseguro.com.br\/site\/wp-json\/wp\/v2\/categories?post=4045"},{"taxonomy":"post_tag","embeddable":true,"href":"https:\/\/radioportoseguro.com.br\/site\/wp-json\/wp\/v2\/tags?post=4045"}],"curies":[{"name":"wp","href":"https:\/\/api.w.org\/{rel}","templated":true}]}}