{"id":4053,"date":"2026-02-13T21:28:32","date_gmt":"2026-02-14T00:28:32","guid":{"rendered":"https:\/\/radioportoseguro.com.br\/site\/2026\/02\/13\/a-vida-e-feita-de-ciclos\/"},"modified":"2026-02-13T21:28:32","modified_gmt":"2026-02-14T00:28:32","slug":"a-vida-e-feita-de-ciclos","status":"publish","type":"post","link":"https:\/\/radioportoseguro.com.br\/site\/2026\/02\/13\/a-vida-e-feita-de-ciclos\/","title":{"rendered":"A vida \u00e9 feita de ciclos"},"content":{"rendered":"<p><br \/>\n<br \/><\/p>\n<div>\n<p><span style=\"font-weight: 400;\">Quando me mudei do Brasil para Roma com a minha fam\u00edlia em 2010, eu n\u00e3o podia prever todos os momentos que meu <\/span><span style=\"color: #993300;\"><strong>sonho de iniciar uma nova igreja<\/strong> <\/span><span style=\"font-weight: 400;\">ali traria. Quase 16 anos depois, posso recordar in\u00fameras mem\u00f3rias de adora\u00e7\u00e3o, ora\u00e7\u00e3o, amizades, batismos, casamentos, retiros, evangelismo, estudos b\u00edblicos e tanto amor fraterno e alegria.\u00a0<\/span><\/p>\n<p><span style=\"font-weight: 400;\">Mas a vida \u00e9 feita de ciclos, n\u00e3o \u00e9 mesmo? Nos \u00faltimos dois anos, entendi que havia chegado a hora de preparar nossa igreja para um novo cap\u00edtulo. Servirei \u00e0 Igreja Hopera at\u00e9 o final de junho, continuando a preparar a igreja para seu novo cap\u00edtulo e contribuindo para nossa busca pelo pr\u00f3ximo pastor s\u00eanior. Em maio, terei a honra de passar o bast\u00e3o para Mila Palozzi, que tem servido \u00e0 igreja com maturidade e responsabilidade desde 2018 e que liderar\u00e1 a Hopera at\u00e9 que nosso pr\u00f3ximo Pastor S\u00eanior seja identificado. (Esta <\/span><span style=\"color: #993300;\"><strong>p\u00e1gina<\/strong><\/span><span style=\"font-weight: 400;\"> explica mais detalhes.)<\/span><\/p>\n<p><span style=\"font-weight: 400;\">Quando compartilhei a not\u00edcia com a igreja, v\u00e1rias pessoas choraram e expressaram as suas emo\u00e7\u00f5es, naturalmente. Mas fiquei muito feliz ao ver que nossa congrega\u00e7\u00e3o estava pronta para a transi\u00e7\u00e3o. Ap\u00f3s o culto, tivemos um almo\u00e7o comunit\u00e1rio para processar a not\u00edcia, e a atmosfera era de gratid\u00e3o pelo que nossa igreja havia vivenciado at\u00e9 ent\u00e3o e responsabilidade e esperan\u00e7a pelo futuro. Como pastor, fiquei muito orgulhoso de todos!<\/span><\/p>\n<p><span style=\"font-weight: 400;\">Meu pr\u00f3ximo cap\u00edtulo ministerial ainda est\u00e1 sendo constru\u00eddo. Enquanto cuido de algumas quest\u00f5es familiares e de sa\u00fade, continuarei a servir ao Senhor como mission\u00e1rio, mentoreando l\u00edderes, escrevendo, pregando e ensinando de forma mais ampla. Estou trabalhando em edi\u00e7\u00f5es do livro <\/span><span style=\"color: #993300;\"><strong><em>Stadi di maturit\u00e0<\/em><\/strong><\/span><span style=\"font-weight: 400;\"> para o espanhol, ingl\u00eas e portugu\u00eas. Tamb\u00e9m estou trabalhando em uma jornada expositiva pelo livro do Apocalipse que ajudar\u00e1 as pessoas a compreend\u00ea-lo em seu contexto b\u00edblico e hist\u00f3rico, usando insights que acumulei vivendo em Roma e estudando o antigo culto imperial que Jo\u00e3o denuncia no \u00faltimo livro da B\u00edblia.<\/span><\/p>\n<p><span style=\"font-weight: 400;\">O Senhor \u00e9 sempre fiel e bondoso, mas tendemos a perceber isso mais claramente quando nos encontramos em fases de transi\u00e7\u00e3o, n\u00e3o \u00e9 verdade? Para mim, tem sido especial descansar no nosso Bom Pastor e receber o seu cuidado tanto por mim quanto pela nossa igreja. Como o ap\u00f3stolo Paulo, posso dizer que \u201cestou<\/span><span style=\"font-weight: 400;\"> convencido de que aquele que come<\/span><span style=\"font-weight: 400;\">\u00e7<\/span><span style=\"font-weight: 400;\">ou boa obra em voc<\/span><span style=\"font-weight: 400;\">\u00ea<\/span><span style=\"font-weight: 400;\">s, vai complet<\/span><span style=\"font-weight: 400;\">\u00e1<\/span><span style=\"font-weight: 400;\">-la at<\/span><span style=\"font-weight: 400;\">\u00e9<\/span><span style=\"font-weight: 400;\"> o dia de Cristo Jesus\u201d (<\/span><span style=\"font-weight: 400;\">Filipenses 1:6).<\/span><\/p>\n<p>\u00a0<\/p>\n<p><strong>Ren\u00e9 Breuel<\/strong>\u00a0\u00e9 um pastor brasileiro que mora em Roma, na It\u00e1lia. Autor das obras O Paradoxo da Felicidade e N\u00e3o \u00c9 f\u00e1cil Ser Pai, possui mestrado em Escrita Criativa pela Universidade de Oxford, no Reino Unido, e em Teologia pelo Regent College, no Canad\u00e1. \u00c9 casado com Sarah e pai de dois meninos, Pietro e Matteo.<\/p>\n<p><em>* O conte\u00fado do texto acima \u00e9 uma colabora\u00e7\u00e3o volunt\u00e1ria, de total responsabilidade do autor e n\u00e3o reflete necessariamente a opini\u00e3o do Portal Guiame.<\/em><\/p>\n<p>Leia o artigo anterior: <span style=\"color: #993300;\"><strong>Mission\u00e1rio evang\u00e9lico em Roma: sou grato pelo respeito do Papa Francisco aos protestantes<\/strong><\/span><\/p>\n<\/div>\n<p><br \/>\n<br \/>Fonte: Guiame <\/p>\n","protected":false},"excerpt":{"rendered":"<p>Quando me mudei do Brasil para Roma com a minha fam\u00edlia em 2010, eu n\u00e3o podia prever todos os momentos que meu sonho de iniciar uma nova igreja ali traria. Quase 16 anos depois, posso recordar in\u00fameras mem\u00f3rias de adora\u00e7\u00e3o, ora\u00e7\u00e3o, amizades, batismos, casamentos, retiros, evangelismo, estudos b\u00edblicos e tanto amor fraterno e alegria.\u00a0 Mas [&hellip;]<\/p>\n","protected":false},"author":1,"featured_media":4054,"comment_status":"","ping_status":"open","sticky":false,"template":"","format":"standard","meta":{"footnotes":""},"categories":[43],"tags":[],"class_list":["post-4053","post","type-post","status-publish","format-standard","has-post-thumbnail","hentry","category-destaques"],"yoast_head":"<!-- This site is optimized with the Yoast SEO plugin v26.8 - https:\/\/yoast.com\/product\/yoast-seo-wordpress\/ -->\n<title>A vida \u00e9 feita de ciclos - R\u00e1dio Porto Seguro<\/title>\n<meta name=\"robots\" content=\"index, follow, max-snippet:-1, max-image-preview:large, max-video-preview:-1\" \/>\n<link rel=\"canonical\" href=\"https:\/\/radioportoseguro.com.br\/site\/2026\/02\/13\/a-vida-e-feita-de-ciclos\/\" \/>\n<meta property=\"og:locale\" content=\"pt_BR\" \/>\n<meta property=\"og:type\" content=\"article\" \/>\n<meta property=\"og:title\" content=\"A vida \u00e9 feita de ciclos - R\u00e1dio Porto Seguro\" \/>\n<meta property=\"og:description\" content=\"Quando me mudei do Brasil para Roma com a minha fam\u00edlia em 2010, eu n\u00e3o podia prever todos os momentos que meu sonho de iniciar uma nova igreja ali traria. Quase 16 anos depois, posso recordar in\u00fameras mem\u00f3rias de adora\u00e7\u00e3o, ora\u00e7\u00e3o, amizades, batismos, casamentos, retiros, evangelismo, estudos b\u00edblicos e tanto amor fraterno e alegria.\u00a0 Mas [&hellip;]\" \/>\n<meta property=\"og:url\" content=\"https:\/\/radioportoseguro.com.br\/site\/2026\/02\/13\/a-vida-e-feita-de-ciclos\/\" \/>\n<meta property=\"og:site_name\" content=\"R\u00e1dio Porto Seguro\" \/>\n<meta property=\"article:published_time\" content=\"2026-02-14T00:28:32+00:00\" \/>\n<meta property=\"og:image\" content=\"https:\/\/media.guiame.com.br\/archives\/2026\/02\/10\/486208021-folha-seca.jpg\" \/>\n<meta name=\"author\" content=\"admin\" \/>\n<meta name=\"twitter:card\" content=\"summary_large_image\" \/>\n<meta name=\"twitter:label1\" content=\"Escrito por\" \/>\n\t<meta name=\"twitter:data1\" content=\"admin\" \/>\n\t<meta name=\"twitter:label2\" content=\"Est. tempo de leitura\" \/>\n\t<meta name=\"twitter:data2\" content=\"3 minutos\" \/>\n<script type=\"application\/ld+json\" class=\"yoast-schema-graph\">{\"@context\":\"https:\/\/schema.org\",\"@graph\":[{\"@type\":\"Article\",\"@id\":\"https:\/\/radioportoseguro.com.br\/site\/2026\/02\/13\/a-vida-e-feita-de-ciclos\/#article\",\"isPartOf\":{\"@id\":\"https:\/\/radioportoseguro.com.br\/site\/2026\/02\/13\/a-vida-e-feita-de-ciclos\/\"},\"author\":{\"name\":\"admin\",\"@id\":\"https:\/\/radioportoseguro.com.br\/site\/#\/schema\/person\/7630acdc320186f13639d3c067ec089b\"},\"headline\":\"A vida \u00e9 feita de ciclos\",\"datePublished\":\"2026-02-14T00:28:32+00:00\",\"mainEntityOfPage\":{\"@id\":\"https:\/\/radioportoseguro.com.br\/site\/2026\/02\/13\/a-vida-e-feita-de-ciclos\/\"},\"wordCount\":537,\"image\":{\"@id\":\"https:\/\/radioportoseguro.com.br\/site\/2026\/02\/13\/a-vida-e-feita-de-ciclos\/#primaryimage\"},\"thumbnailUrl\":\"https:\/\/radioportoseguro.com.br\/site\/wp-content\/uploads\/2026\/02\/486208021-folha-seca.jpg\",\"articleSection\":[\"Destaques\"],\"inLanguage\":\"pt-BR\"},{\"@type\":\"WebPage\",\"@id\":\"https:\/\/radioportoseguro.com.br\/site\/2026\/02\/13\/a-vida-e-feita-de-ciclos\/\",\"url\":\"https:\/\/radioportoseguro.com.br\/site\/2026\/02\/13\/a-vida-e-feita-de-ciclos\/\",\"name\":\"A vida \u00e9 feita de ciclos - R\u00e1dio Porto Seguro\",\"isPartOf\":{\"@id\":\"https:\/\/radioportoseguro.com.br\/site\/#website\"},\"primaryImageOfPage\":{\"@id\":\"https:\/\/radioportoseguro.com.br\/site\/2026\/02\/13\/a-vida-e-feita-de-ciclos\/#primaryimage\"},\"image\":{\"@id\":\"https:\/\/radioportoseguro.com.br\/site\/2026\/02\/13\/a-vida-e-feita-de-ciclos\/#primaryimage\"},\"thumbnailUrl\":\"https:\/\/radioportoseguro.com.br\/site\/wp-content\/uploads\/2026\/02\/486208021-folha-seca.jpg\",\"datePublished\":\"2026-02-14T00:28:32+00:00\",\"author\":{\"@id\":\"https:\/\/radioportoseguro.com.br\/site\/#\/schema\/person\/7630acdc320186f13639d3c067ec089b\"},\"breadcrumb\":{\"@id\":\"https:\/\/radioportoseguro.com.br\/site\/2026\/02\/13\/a-vida-e-feita-de-ciclos\/#breadcrumb\"},\"inLanguage\":\"pt-BR\",\"potentialAction\":[{\"@type\":\"ReadAction\",\"target\":[\"https:\/\/radioportoseguro.com.br\/site\/2026\/02\/13\/a-vida-e-feita-de-ciclos\/\"]}]},{\"@type\":\"ImageObject\",\"inLanguage\":\"pt-BR\",\"@id\":\"https:\/\/radioportoseguro.com.br\/site\/2026\/02\/13\/a-vida-e-feita-de-ciclos\/#primaryimage\",\"url\":\"https:\/\/radioportoseguro.com.br\/site\/wp-content\/uploads\/2026\/02\/486208021-folha-seca.jpg\",\"contentUrl\":\"https:\/\/radioportoseguro.com.br\/site\/wp-content\/uploads\/2026\/02\/486208021-folha-seca.jpg\",\"width\":1200,\"height\":600},{\"@type\":\"BreadcrumbList\",\"@id\":\"https:\/\/radioportoseguro.com.br\/site\/2026\/02\/13\/a-vida-e-feita-de-ciclos\/#breadcrumb\",\"itemListElement\":[{\"@type\":\"ListItem\",\"position\":1,\"name\":\"In\u00edcio\",\"item\":\"https:\/\/radioportoseguro.com.br\/site\/\"},{\"@type\":\"ListItem\",\"position\":2,\"name\":\"A vida \u00e9 feita de ciclos\"}]},{\"@type\":\"WebSite\",\"@id\":\"https:\/\/radioportoseguro.com.br\/site\/#website\",\"url\":\"https:\/\/radioportoseguro.com.br\/site\/\",\"name\":\"R\u00e1dio Porto Seguro\",\"description\":\"\",\"potentialAction\":[{\"@type\":\"SearchAction\",\"target\":{\"@type\":\"EntryPoint\",\"urlTemplate\":\"https:\/\/radioportoseguro.com.br\/site\/?s={search_term_string}\"},\"query-input\":{\"@type\":\"PropertyValueSpecification\",\"valueRequired\":true,\"valueName\":\"search_term_string\"}}],\"inLanguage\":\"pt-BR\"},{\"@type\":\"Person\",\"@id\":\"https:\/\/radioportoseguro.com.br\/site\/#\/schema\/person\/7630acdc320186f13639d3c067ec089b\",\"name\":\"admin\",\"image\":{\"@type\":\"ImageObject\",\"inLanguage\":\"pt-BR\",\"@id\":\"https:\/\/radioportoseguro.com.br\/site\/#\/schema\/person\/image\/\",\"url\":\"https:\/\/secure.gravatar.com\/avatar\/caacf4dc1eedb68fab0df8e1ed46c448e578b2466351bbcb61e47d2ac0caaef0?s=96&d=mm&r=g\",\"contentUrl\":\"https:\/\/secure.gravatar.com\/avatar\/caacf4dc1eedb68fab0df8e1ed46c448e578b2466351bbcb61e47d2ac0caaef0?s=96&d=mm&r=g\",\"caption\":\"admin\"},\"sameAs\":[\"https:\/\/radioportoseguro.com.br\/site\"],\"url\":\"https:\/\/radioportoseguro.com.br\/site\/author\/hezio\/\"}]}<\/script>\n<!-- \/ Yoast SEO plugin. -->","yoast_head_json":{"title":"A vida \u00e9 feita de ciclos - R\u00e1dio Porto Seguro","robots":{"index":"index","follow":"follow","max-snippet":"max-snippet:-1","max-image-preview":"max-image-preview:large","max-video-preview":"max-video-preview:-1"},"canonical":"https:\/\/radioportoseguro.com.br\/site\/2026\/02\/13\/a-vida-e-feita-de-ciclos\/","og_locale":"pt_BR","og_type":"article","og_title":"A vida \u00e9 feita de ciclos - R\u00e1dio Porto Seguro","og_description":"Quando me mudei do Brasil para Roma com a minha fam\u00edlia em 2010, eu n\u00e3o podia prever todos os momentos que meu sonho de iniciar uma nova igreja ali traria. Quase 16 anos depois, posso recordar in\u00fameras mem\u00f3rias de adora\u00e7\u00e3o, ora\u00e7\u00e3o, amizades, batismos, casamentos, retiros, evangelismo, estudos b\u00edblicos e tanto amor fraterno e alegria.\u00a0 Mas [&hellip;]","og_url":"https:\/\/radioportoseguro.com.br\/site\/2026\/02\/13\/a-vida-e-feita-de-ciclos\/","og_site_name":"R\u00e1dio Porto Seguro","article_published_time":"2026-02-14T00:28:32+00:00","og_image":[{"url":"https:\/\/media.guiame.com.br\/archives\/2026\/02\/10\/486208021-folha-seca.jpg","type":"","width":"","height":""}],"author":"admin","twitter_card":"summary_large_image","twitter_misc":{"Escrito por":"admin","Est. tempo de leitura":"3 minutos"},"schema":{"@context":"https:\/\/schema.org","@graph":[{"@type":"Article","@id":"https:\/\/radioportoseguro.com.br\/site\/2026\/02\/13\/a-vida-e-feita-de-ciclos\/#article","isPartOf":{"@id":"https:\/\/radioportoseguro.com.br\/site\/2026\/02\/13\/a-vida-e-feita-de-ciclos\/"},"author":{"name":"admin","@id":"https:\/\/radioportoseguro.com.br\/site\/#\/schema\/person\/7630acdc320186f13639d3c067ec089b"},"headline":"A vida \u00e9 feita de ciclos","datePublished":"2026-02-14T00:28:32+00:00","mainEntityOfPage":{"@id":"https:\/\/radioportoseguro.com.br\/site\/2026\/02\/13\/a-vida-e-feita-de-ciclos\/"},"wordCount":537,"image":{"@id":"https:\/\/radioportoseguro.com.br\/site\/2026\/02\/13\/a-vida-e-feita-de-ciclos\/#primaryimage"},"thumbnailUrl":"https:\/\/radioportoseguro.com.br\/site\/wp-content\/uploads\/2026\/02\/486208021-folha-seca.jpg","articleSection":["Destaques"],"inLanguage":"pt-BR"},{"@type":"WebPage","@id":"https:\/\/radioportoseguro.com.br\/site\/2026\/02\/13\/a-vida-e-feita-de-ciclos\/","url":"https:\/\/radioportoseguro.com.br\/site\/2026\/02\/13\/a-vida-e-feita-de-ciclos\/","name":"A vida \u00e9 feita de ciclos - R\u00e1dio Porto Seguro","isPartOf":{"@id":"https:\/\/radioportoseguro.com.br\/site\/#website"},"primaryImageOfPage":{"@id":"https:\/\/radioportoseguro.com.br\/site\/2026\/02\/13\/a-vida-e-feita-de-ciclos\/#primaryimage"},"image":{"@id":"https:\/\/radioportoseguro.com.br\/site\/2026\/02\/13\/a-vida-e-feita-de-ciclos\/#primaryimage"},"thumbnailUrl":"https:\/\/radioportoseguro.com.br\/site\/wp-content\/uploads\/2026\/02\/486208021-folha-seca.jpg","datePublished":"2026-02-14T00:28:32+00:00","author":{"@id":"https:\/\/radioportoseguro.com.br\/site\/#\/schema\/person\/7630acdc320186f13639d3c067ec089b"},"breadcrumb":{"@id":"https:\/\/radioportoseguro.com.br\/site\/2026\/02\/13\/a-vida-e-feita-de-ciclos\/#breadcrumb"},"inLanguage":"pt-BR","potentialAction":[{"@type":"ReadAction","target":["https:\/\/radioportoseguro.com.br\/site\/2026\/02\/13\/a-vida-e-feita-de-ciclos\/"]}]},{"@type":"ImageObject","inLanguage":"pt-BR","@id":"https:\/\/radioportoseguro.com.br\/site\/2026\/02\/13\/a-vida-e-feita-de-ciclos\/#primaryimage","url":"https:\/\/radioportoseguro.com.br\/site\/wp-content\/uploads\/2026\/02\/486208021-folha-seca.jpg","contentUrl":"https:\/\/radioportoseguro.com.br\/site\/wp-content\/uploads\/2026\/02\/486208021-folha-seca.jpg","width":1200,"height":600},{"@type":"BreadcrumbList","@id":"https:\/\/radioportoseguro.com.br\/site\/2026\/02\/13\/a-vida-e-feita-de-ciclos\/#breadcrumb","itemListElement":[{"@type":"ListItem","position":1,"name":"In\u00edcio","item":"https:\/\/radioportoseguro.com.br\/site\/"},{"@type":"ListItem","position":2,"name":"A vida \u00e9 feita de ciclos"}]},{"@type":"WebSite","@id":"https:\/\/radioportoseguro.com.br\/site\/#website","url":"https:\/\/radioportoseguro.com.br\/site\/","name":"R\u00e1dio Porto Seguro","description":"","potentialAction":[{"@type":"SearchAction","target":{"@type":"EntryPoint","urlTemplate":"https:\/\/radioportoseguro.com.br\/site\/?s={search_term_string}"},"query-input":{"@type":"PropertyValueSpecification","valueRequired":true,"valueName":"search_term_string"}}],"inLanguage":"pt-BR"},{"@type":"Person","@id":"https:\/\/radioportoseguro.com.br\/site\/#\/schema\/person\/7630acdc320186f13639d3c067ec089b","name":"admin","image":{"@type":"ImageObject","inLanguage":"pt-BR","@id":"https:\/\/radioportoseguro.com.br\/site\/#\/schema\/person\/image\/","url":"https:\/\/secure.gravatar.com\/avatar\/caacf4dc1eedb68fab0df8e1ed46c448e578b2466351bbcb61e47d2ac0caaef0?s=96&d=mm&r=g","contentUrl":"https:\/\/secure.gravatar.com\/avatar\/caacf4dc1eedb68fab0df8e1ed46c448e578b2466351bbcb61e47d2ac0caaef0?s=96&d=mm&r=g","caption":"admin"},"sameAs":["https:\/\/radioportoseguro.com.br\/site"],"url":"https:\/\/radioportoseguro.com.br\/site\/author\/hezio\/"}]}},"_links":{"self":[{"href":"https:\/\/radioportoseguro.com.br\/site\/wp-json\/wp\/v2\/posts\/4053","targetHints":{"allow":["GET"]}}],"collection":[{"href":"https:\/\/radioportoseguro.com.br\/site\/wp-json\/wp\/v2\/posts"}],"about":[{"href":"https:\/\/radioportoseguro.com.br\/site\/wp-json\/wp\/v2\/types\/post"}],"author":[{"embeddable":true,"href":"https:\/\/radioportoseguro.com.br\/site\/wp-json\/wp\/v2\/users\/1"}],"replies":[{"embeddable":true,"href":"https:\/\/radioportoseguro.com.br\/site\/wp-json\/wp\/v2\/comments?post=4053"}],"version-history":[{"count":0,"href":"https:\/\/radioportoseguro.com.br\/site\/wp-json\/wp\/v2\/posts\/4053\/revisions"}],"wp:featuredmedia":[{"embeddable":true,"href":"https:\/\/radioportoseguro.com.br\/site\/wp-json\/wp\/v2\/media\/4054"}],"wp:attachment":[{"href":"https:\/\/radioportoseguro.com.br\/site\/wp-json\/wp\/v2\/media?parent=4053"}],"wp:term":[{"taxonomy":"category","embeddable":true,"href":"https:\/\/radioportoseguro.com.br\/site\/wp-json\/wp\/v2\/categories?post=4053"},{"taxonomy":"post_tag","embeddable":true,"href":"https:\/\/radioportoseguro.com.br\/site\/wp-json\/wp\/v2\/tags?post=4053"}],"curies":[{"name":"wp","href":"https:\/\/api.w.org\/{rel}","templated":true}]}}