{"id":4071,"date":"2026-02-14T12:15:28","date_gmt":"2026-02-14T15:15:28","guid":{"rendered":"https:\/\/radioportoseguro.com.br\/site\/2026\/02\/14\/mae-nao-autoriza-filha-a-ir-ao-carnaval-na-escola-e-encoraja-nao-negligencie-a-palavra\/"},"modified":"2026-02-14T12:15:28","modified_gmt":"2026-02-14T15:15:28","slug":"mae-nao-autoriza-filha-a-ir-ao-carnaval-na-escola-e-encoraja-nao-negligencie-a-palavra","status":"publish","type":"post","link":"https:\/\/radioportoseguro.com.br\/site\/2026\/02\/14\/mae-nao-autoriza-filha-a-ir-ao-carnaval-na-escola-e-encoraja-nao-negligencie-a-palavra\/","title":{"rendered":"M\u00e3e n\u00e3o autoriza filha a ir ao carnaval na escola e encoraja: \u201cN\u00e3o negligencie a Palavra\u201d"},"content":{"rendered":"<p><br \/>\n<br \/><\/p>\n<div>\n<p><span style=\"font-weight: 400;\">Uma m\u00e3e crist\u00e3 que n\u00e3o permitiu a filha participar de uma festa de <\/span><strong><span style=\"color: #993300;\">carnaval<\/span> <\/strong><span style=\"font-weight: 400;\">na escola, encorajou milhares de pais a n\u00e3o negligenciar os princ\u00edpios b\u00edblicos na cria\u00e7\u00e3o dos filhos.<\/span><\/p>\n<p><span style=\"font-weight: 400;\">Carine Peters compartilhou um v\u00eddeo no Instagram onde relatou que n\u00e3o deixou sua filha Cloe ir para a escola durante uma festa de carnaval.<\/span><\/p>\n<p><span style=\"font-weight: 400;\">Segundo Carine, a filha chegou em casa animada ao saber que a professora havia orientado os alunos a irem fantasiados para a comemora\u00e7\u00e3o.\u00a0<\/span><\/p>\n<p><span style=\"font-weight: 400;\">\u201cEu entendo que \u00e9 algo cultural, ela precisa aprender, ter acesso, at\u00e9 porque faz parte da hist\u00f3ria. Por\u00e9m, a partir do momento que pedem para ir fantasiada, eu sei que vai ter algum tipo de celebra\u00e7\u00e3o a ser ensinada na escola\u201d, disse Carine.<\/span><\/p>\n<blockquote class=\"instagram-media\" style=\"background: #FFF; border: 0; border-radius: 3px; box-shadow: 0 0 1px 0 rgba(0,0,0,0.5),0 1px 10px 0 rgba(0,0,0,0.15); margin: 1px; max-width: 540px; min-width: 326px; padding: 0; width: calc(100% - 2px);\" data-instgrm-permalink=\"https:\/\/www.instagram.com\/reel\/DUl3qT8kQB1\/?utm_source=ig_embed&amp;utm_campaign=loading\" data-instgrm-version=\"14\"><p>&#13;<br \/>\n&#13;\n<\/p><\/blockquote>\n<p><span style=\"font-weight: 400;\">A m\u00e3e contou que decidiu orar antes de tomar qualquer decis\u00e3o: \u201cEu falei: \u2018Senhor, n\u00e3o estou me sentindo em paz com rela\u00e7\u00e3o a isso. Eu preciso do seu direcionamento para poder ensinar a minha filha sobre o porqu\u00ea que eu estou dizendo n\u00e3o\u2019\u201d.<\/span><\/p>\n<p><span style=\"font-weight: 400;\">Carine afirmou que, ap\u00f3s buscar a orienta\u00e7\u00e3o de Deus e conversar com o esposo, Denison Coelho, o casal decidiu <\/span><span style=\"color: #993300;\"><strong>n\u00e3o enviar a filha \u00e0 escola no dia da festa<\/strong><\/span><span style=\"font-weight: 400;\">.\u00a0<\/span><\/p>\n<p><span style=\"font-weight: 400;\">\u201cEu entendo que a autoridade sobre a vida da Cloe e do Dom \u00e9 minha e do Denison. Eu n\u00e3o posso negligenciar o que foi dado a mim como miss\u00e3o. A maternidade, o Senhor me deu como miss\u00e3o\u201d, declarou Carine.<\/span><\/p>\n<p><span style=\"font-weight: 400;\">E continuou: \u201cEu n\u00e3o posso falhar, embora eu seja humana, por\u00e9m, se eu tenho conhecimento a um tipo de informa\u00e7\u00e3o e negligencio isso, eu estou falhando\u201d.<\/span><\/p>\n<p><strong>\u2018N\u00e3o faz parte daquilo que n\u00f3s acreditamos\u2019<\/strong><\/p>\n<p><span style=\"font-weight: 400;\">Ao justificar sua decis\u00e3o, Carine ressaltou que a escolha foi motivada por cuidado e zelo, por entender que a celebra\u00e7\u00e3o do carnaval n\u00e3o condiz com a Palavra de Deus:<\/span><\/p>\n<p><span style=\"font-weight: 400;\">\u201cHoje, a nossa decis\u00e3o foi proibir. Por cuidado, por zelo e por entender que esse tipo de celebra\u00e7\u00e3o n\u00e3o faz parte daquilo que n\u00f3s acreditamos\u201d.\u00a0<\/span><\/p>\n<p><span style=\"font-weight: 400;\">Em seguida, ela citou a passagem b\u00edblica de Mateus 26:39, onde Jesus ora no Gets\u00eamani e pede a Deus que, se poss\u00edvel, o livre do sacrif\u00edcio. Destacando que o Senhor disse \u2018n\u00e3o\u2019 ao seu Filho unig\u00eanito, Carine explicou:<\/span><\/p>\n<p><span style=\"font-weight: 400;\">\u201cJesus obedeceu. Mesmo amando, mesmo doendo, Deus precisou dizer n\u00e3o. Mesmo amando a minha filha, mesmo doendo, por amor a ela, eu precisei proibir essa celebra\u00e7\u00e3o, esse acesso\u201d.<\/span><\/p>\n<p><span style=\"font-weight: 400;\">Nesse momento, ela incentivou outros pais a buscarem dire\u00e7\u00e3o espiritual diante de decis\u00f5es semelhantes.\u00a0<\/span><\/p>\n<p><span style=\"font-weight: 400;\">\u201cEu quero dizer pra voc\u00eas que amar tamb\u00e9m \u00e9 dizer n\u00e3o. E a autoridade ainda \u00e9 sua. Fa\u00e7a com excel\u00eancia. Qualquer d\u00favida, dobre o teu joelho, pe\u00e7a ao Esp\u00edrito Santo sabedoria, que eu sei que Ele vai te dar\u201d, afirmou a m\u00e3e.<\/span><\/p>\n<blockquote class=\"instagram-media\" style=\"background: #FFF; border: 0; border-radius: 3px; box-shadow: 0 0 1px 0 rgba(0,0,0,0.5),0 1px 10px 0 rgba(0,0,0,0.15); margin: 1px; max-width: 540px; min-width: 326px; padding: 0; width: calc(100% - 2px);\" data-instgrm-permalink=\"https:\/\/www.instagram.com\/p\/DUeWU3FAA8H\/?utm_source=ig_embed&amp;utm_campaign=loading\" data-instgrm-version=\"14\"><p>&#13;<br \/>\n&#13;\n<\/p><\/blockquote>\n<p><span style=\"font-weight: 400;\">Por fim, ela refletiu sobre o que realmente marca a forma\u00e7\u00e3o saud\u00e1vel de uma crian\u00e7a:<\/span><\/p>\n<p><span style=\"font-weight: 400;\">\u201cO que vai marcar a minha filha, um lar estruturado ou uma festa de carnaval?\u201d.<\/span><\/p>\n<p><span style=\"font-weight: 400;\">\u201cUm lar estruturado que tem pais que se amam, uma fam\u00edlia consolidada, a presen\u00e7a de Deus, onde tem o que comer, o que se vestir. Ent\u00e3o, eu n\u00e3o me preocupo em proibir minha filha de ir para certos tipos de coisas porque eu sei que dentro da minha casa ela tem tudo o que ela precisa\u201d, concluiu Carine.<\/span><\/p>\n<p><span style=\"font-weight: 400;\">Nos coment\u00e1rios, muitas m\u00e3es elogiaram o posicionamento de Carine e tamb\u00e9m compartilharam como tem criado seus filhos para seguirem os princ\u00edpios da Palavra de Deus em meio \u00e0s festas de carnaval nas escolas.<\/span><\/p>\n<p><span style=\"font-weight: 400;\">A pastora Raquel Lima alertou: \u201c\u00c9 isso! O mundo espiritual \u00e9 mais vivo do que imaginam. E quando o tempo passa, os pais choram e reclamam, pedindo ora\u00e7\u00e3o sobre uma legalidade que eles mesmo deram\u201d.<\/span><\/p>\n<p><span style=\"font-weight: 400;\">A cantora e pastora Cassiane comentou: \u201cParab\u00e9ns pelo posicionamento! Deus aben\u00e7oe a sua fam\u00edlia\u201d.<\/span><\/p>\n<\/div>\n<p><script async src=\"\/\/www.instagram.com\/embed.js\"><\/script><br \/>\n<br \/><br \/>\n<br \/>Fonte: Guiame <\/p>\n","protected":false},"excerpt":{"rendered":"<p>Uma m\u00e3e crist\u00e3 que n\u00e3o permitiu a filha participar de uma festa de carnaval na escola, encorajou milhares de pais a n\u00e3o negligenciar os princ\u00edpios b\u00edblicos na cria\u00e7\u00e3o dos filhos. Carine Peters compartilhou um v\u00eddeo no Instagram onde relatou que n\u00e3o deixou sua filha Cloe ir para a escola durante uma festa de carnaval. Segundo [&hellip;]<\/p>\n","protected":false},"author":1,"featured_media":4072,"comment_status":"","ping_status":"open","sticky":false,"template":"","format":"standard","meta":{"footnotes":""},"categories":[43],"tags":[],"class_list":["post-4071","post","type-post","status-publish","format-standard","has-post-thumbnail","hentry","category-destaques"],"yoast_head":"<!-- This site is optimized with the Yoast SEO plugin v26.8 - https:\/\/yoast.com\/product\/yoast-seo-wordpress\/ -->\n<title>M\u00e3e n\u00e3o autoriza filha a ir ao carnaval na escola e encoraja: \u201cN\u00e3o negligencie a Palavra\u201d - R\u00e1dio Porto Seguro<\/title>\n<meta name=\"robots\" content=\"index, follow, max-snippet:-1, max-image-preview:large, max-video-preview:-1\" \/>\n<link rel=\"canonical\" href=\"https:\/\/radioportoseguro.com.br\/site\/2026\/02\/14\/mae-nao-autoriza-filha-a-ir-ao-carnaval-na-escola-e-encoraja-nao-negligencie-a-palavra\/\" \/>\n<meta property=\"og:locale\" content=\"pt_BR\" \/>\n<meta property=\"og:type\" content=\"article\" \/>\n<meta property=\"og:title\" content=\"M\u00e3e n\u00e3o autoriza filha a ir ao carnaval na escola e encoraja: \u201cN\u00e3o negligencie a Palavra\u201d - R\u00e1dio Porto Seguro\" \/>\n<meta property=\"og:description\" content=\"Uma m\u00e3e crist\u00e3 que n\u00e3o permitiu a filha participar de uma festa de carnaval na escola, encorajou milhares de pais a n\u00e3o negligenciar os princ\u00edpios b\u00edblicos na cria\u00e7\u00e3o dos filhos. Carine Peters compartilhou um v\u00eddeo no Instagram onde relatou que n\u00e3o deixou sua filha Cloe ir para a escola durante uma festa de carnaval. Segundo [&hellip;]\" \/>\n<meta property=\"og:url\" content=\"https:\/\/radioportoseguro.com.br\/site\/2026\/02\/14\/mae-nao-autoriza-filha-a-ir-ao-carnaval-na-escola-e-encoraja-nao-negligencie-a-palavra\/\" \/>\n<meta property=\"og:site_name\" content=\"R\u00e1dio Porto Seguro\" \/>\n<meta property=\"article:published_time\" content=\"2026-02-14T15:15:28+00:00\" \/>\n<meta property=\"og:image\" content=\"https:\/\/media.guiame.com.br\/archives\/2026\/02\/12\/452124863-carine-peters.jpeg\" \/>\n<meta name=\"author\" content=\"admin\" \/>\n<meta name=\"twitter:card\" content=\"summary_large_image\" \/>\n<meta name=\"twitter:label1\" content=\"Escrito por\" \/>\n\t<meta name=\"twitter:data1\" content=\"admin\" \/>\n\t<meta name=\"twitter:label2\" content=\"Est. tempo de leitura\" \/>\n\t<meta name=\"twitter:data2\" content=\"3 minutos\" \/>\n<script type=\"application\/ld+json\" class=\"yoast-schema-graph\">{\"@context\":\"https:\/\/schema.org\",\"@graph\":[{\"@type\":\"Article\",\"@id\":\"https:\/\/radioportoseguro.com.br\/site\/2026\/02\/14\/mae-nao-autoriza-filha-a-ir-ao-carnaval-na-escola-e-encoraja-nao-negligencie-a-palavra\/#article\",\"isPartOf\":{\"@id\":\"https:\/\/radioportoseguro.com.br\/site\/2026\/02\/14\/mae-nao-autoriza-filha-a-ir-ao-carnaval-na-escola-e-encoraja-nao-negligencie-a-palavra\/\"},\"author\":{\"name\":\"admin\",\"@id\":\"https:\/\/radioportoseguro.com.br\/site\/#\/schema\/person\/7630acdc320186f13639d3c067ec089b\"},\"headline\":\"M\u00e3e n\u00e3o autoriza filha a ir ao carnaval na escola e encoraja: \u201cN\u00e3o negligencie a Palavra\u201d\",\"datePublished\":\"2026-02-14T15:15:28+00:00\",\"mainEntityOfPage\":{\"@id\":\"https:\/\/radioportoseguro.com.br\/site\/2026\/02\/14\/mae-nao-autoriza-filha-a-ir-ao-carnaval-na-escola-e-encoraja-nao-negligencie-a-palavra\/\"},\"wordCount\":695,\"image\":{\"@id\":\"https:\/\/radioportoseguro.com.br\/site\/2026\/02\/14\/mae-nao-autoriza-filha-a-ir-ao-carnaval-na-escola-e-encoraja-nao-negligencie-a-palavra\/#primaryimage\"},\"thumbnailUrl\":\"https:\/\/radioportoseguro.com.br\/site\/wp-content\/uploads\/2026\/02\/452124863-carine-peters.jpeg\",\"articleSection\":[\"Destaques\"],\"inLanguage\":\"pt-BR\"},{\"@type\":\"WebPage\",\"@id\":\"https:\/\/radioportoseguro.com.br\/site\/2026\/02\/14\/mae-nao-autoriza-filha-a-ir-ao-carnaval-na-escola-e-encoraja-nao-negligencie-a-palavra\/\",\"url\":\"https:\/\/radioportoseguro.com.br\/site\/2026\/02\/14\/mae-nao-autoriza-filha-a-ir-ao-carnaval-na-escola-e-encoraja-nao-negligencie-a-palavra\/\",\"name\":\"M\u00e3e n\u00e3o autoriza filha a ir ao carnaval na escola e encoraja: \u201cN\u00e3o negligencie a Palavra\u201d - R\u00e1dio Porto Seguro\",\"isPartOf\":{\"@id\":\"https:\/\/radioportoseguro.com.br\/site\/#website\"},\"primaryImageOfPage\":{\"@id\":\"https:\/\/radioportoseguro.com.br\/site\/2026\/02\/14\/mae-nao-autoriza-filha-a-ir-ao-carnaval-na-escola-e-encoraja-nao-negligencie-a-palavra\/#primaryimage\"},\"image\":{\"@id\":\"https:\/\/radioportoseguro.com.br\/site\/2026\/02\/14\/mae-nao-autoriza-filha-a-ir-ao-carnaval-na-escola-e-encoraja-nao-negligencie-a-palavra\/#primaryimage\"},\"thumbnailUrl\":\"https:\/\/radioportoseguro.com.br\/site\/wp-content\/uploads\/2026\/02\/452124863-carine-peters.jpeg\",\"datePublished\":\"2026-02-14T15:15:28+00:00\",\"author\":{\"@id\":\"https:\/\/radioportoseguro.com.br\/site\/#\/schema\/person\/7630acdc320186f13639d3c067ec089b\"},\"breadcrumb\":{\"@id\":\"https:\/\/radioportoseguro.com.br\/site\/2026\/02\/14\/mae-nao-autoriza-filha-a-ir-ao-carnaval-na-escola-e-encoraja-nao-negligencie-a-palavra\/#breadcrumb\"},\"inLanguage\":\"pt-BR\",\"potentialAction\":[{\"@type\":\"ReadAction\",\"target\":[\"https:\/\/radioportoseguro.com.br\/site\/2026\/02\/14\/mae-nao-autoriza-filha-a-ir-ao-carnaval-na-escola-e-encoraja-nao-negligencie-a-palavra\/\"]}]},{\"@type\":\"ImageObject\",\"inLanguage\":\"pt-BR\",\"@id\":\"https:\/\/radioportoseguro.com.br\/site\/2026\/02\/14\/mae-nao-autoriza-filha-a-ir-ao-carnaval-na-escola-e-encoraja-nao-negligencie-a-palavra\/#primaryimage\",\"url\":\"https:\/\/radioportoseguro.com.br\/site\/wp-content\/uploads\/2026\/02\/452124863-carine-peters.jpeg\",\"contentUrl\":\"https:\/\/radioportoseguro.com.br\/site\/wp-content\/uploads\/2026\/02\/452124863-carine-peters.jpeg\",\"width\":1200,\"height\":600},{\"@type\":\"BreadcrumbList\",\"@id\":\"https:\/\/radioportoseguro.com.br\/site\/2026\/02\/14\/mae-nao-autoriza-filha-a-ir-ao-carnaval-na-escola-e-encoraja-nao-negligencie-a-palavra\/#breadcrumb\",\"itemListElement\":[{\"@type\":\"ListItem\",\"position\":1,\"name\":\"In\u00edcio\",\"item\":\"https:\/\/radioportoseguro.com.br\/site\/\"},{\"@type\":\"ListItem\",\"position\":2,\"name\":\"M\u00e3e n\u00e3o autoriza filha a ir ao carnaval na escola e encoraja: \u201cN\u00e3o negligencie a Palavra\u201d\"}]},{\"@type\":\"WebSite\",\"@id\":\"https:\/\/radioportoseguro.com.br\/site\/#website\",\"url\":\"https:\/\/radioportoseguro.com.br\/site\/\",\"name\":\"R\u00e1dio Porto Seguro\",\"description\":\"\",\"potentialAction\":[{\"@type\":\"SearchAction\",\"target\":{\"@type\":\"EntryPoint\",\"urlTemplate\":\"https:\/\/radioportoseguro.com.br\/site\/?s={search_term_string}\"},\"query-input\":{\"@type\":\"PropertyValueSpecification\",\"valueRequired\":true,\"valueName\":\"search_term_string\"}}],\"inLanguage\":\"pt-BR\"},{\"@type\":\"Person\",\"@id\":\"https:\/\/radioportoseguro.com.br\/site\/#\/schema\/person\/7630acdc320186f13639d3c067ec089b\",\"name\":\"admin\",\"image\":{\"@type\":\"ImageObject\",\"inLanguage\":\"pt-BR\",\"@id\":\"https:\/\/radioportoseguro.com.br\/site\/#\/schema\/person\/image\/\",\"url\":\"https:\/\/secure.gravatar.com\/avatar\/caacf4dc1eedb68fab0df8e1ed46c448e578b2466351bbcb61e47d2ac0caaef0?s=96&d=mm&r=g\",\"contentUrl\":\"https:\/\/secure.gravatar.com\/avatar\/caacf4dc1eedb68fab0df8e1ed46c448e578b2466351bbcb61e47d2ac0caaef0?s=96&d=mm&r=g\",\"caption\":\"admin\"},\"sameAs\":[\"https:\/\/radioportoseguro.com.br\/site\"],\"url\":\"https:\/\/radioportoseguro.com.br\/site\/author\/hezio\/\"}]}<\/script>\n<!-- \/ Yoast SEO plugin. -->","yoast_head_json":{"title":"M\u00e3e n\u00e3o autoriza filha a ir ao carnaval na escola e encoraja: \u201cN\u00e3o negligencie a Palavra\u201d - R\u00e1dio Porto Seguro","robots":{"index":"index","follow":"follow","max-snippet":"max-snippet:-1","max-image-preview":"max-image-preview:large","max-video-preview":"max-video-preview:-1"},"canonical":"https:\/\/radioportoseguro.com.br\/site\/2026\/02\/14\/mae-nao-autoriza-filha-a-ir-ao-carnaval-na-escola-e-encoraja-nao-negligencie-a-palavra\/","og_locale":"pt_BR","og_type":"article","og_title":"M\u00e3e n\u00e3o autoriza filha a ir ao carnaval na escola e encoraja: \u201cN\u00e3o negligencie a Palavra\u201d - R\u00e1dio Porto Seguro","og_description":"Uma m\u00e3e crist\u00e3 que n\u00e3o permitiu a filha participar de uma festa de carnaval na escola, encorajou milhares de pais a n\u00e3o negligenciar os princ\u00edpios b\u00edblicos na cria\u00e7\u00e3o dos filhos. Carine Peters compartilhou um v\u00eddeo no Instagram onde relatou que n\u00e3o deixou sua filha Cloe ir para a escola durante uma festa de carnaval. Segundo [&hellip;]","og_url":"https:\/\/radioportoseguro.com.br\/site\/2026\/02\/14\/mae-nao-autoriza-filha-a-ir-ao-carnaval-na-escola-e-encoraja-nao-negligencie-a-palavra\/","og_site_name":"R\u00e1dio Porto Seguro","article_published_time":"2026-02-14T15:15:28+00:00","og_image":[{"url":"https:\/\/media.guiame.com.br\/archives\/2026\/02\/12\/452124863-carine-peters.jpeg","type":"","width":"","height":""}],"author":"admin","twitter_card":"summary_large_image","twitter_misc":{"Escrito por":"admin","Est. tempo de leitura":"3 minutos"},"schema":{"@context":"https:\/\/schema.org","@graph":[{"@type":"Article","@id":"https:\/\/radioportoseguro.com.br\/site\/2026\/02\/14\/mae-nao-autoriza-filha-a-ir-ao-carnaval-na-escola-e-encoraja-nao-negligencie-a-palavra\/#article","isPartOf":{"@id":"https:\/\/radioportoseguro.com.br\/site\/2026\/02\/14\/mae-nao-autoriza-filha-a-ir-ao-carnaval-na-escola-e-encoraja-nao-negligencie-a-palavra\/"},"author":{"name":"admin","@id":"https:\/\/radioportoseguro.com.br\/site\/#\/schema\/person\/7630acdc320186f13639d3c067ec089b"},"headline":"M\u00e3e n\u00e3o autoriza filha a ir ao carnaval na escola e encoraja: \u201cN\u00e3o negligencie a Palavra\u201d","datePublished":"2026-02-14T15:15:28+00:00","mainEntityOfPage":{"@id":"https:\/\/radioportoseguro.com.br\/site\/2026\/02\/14\/mae-nao-autoriza-filha-a-ir-ao-carnaval-na-escola-e-encoraja-nao-negligencie-a-palavra\/"},"wordCount":695,"image":{"@id":"https:\/\/radioportoseguro.com.br\/site\/2026\/02\/14\/mae-nao-autoriza-filha-a-ir-ao-carnaval-na-escola-e-encoraja-nao-negligencie-a-palavra\/#primaryimage"},"thumbnailUrl":"https:\/\/radioportoseguro.com.br\/site\/wp-content\/uploads\/2026\/02\/452124863-carine-peters.jpeg","articleSection":["Destaques"],"inLanguage":"pt-BR"},{"@type":"WebPage","@id":"https:\/\/radioportoseguro.com.br\/site\/2026\/02\/14\/mae-nao-autoriza-filha-a-ir-ao-carnaval-na-escola-e-encoraja-nao-negligencie-a-palavra\/","url":"https:\/\/radioportoseguro.com.br\/site\/2026\/02\/14\/mae-nao-autoriza-filha-a-ir-ao-carnaval-na-escola-e-encoraja-nao-negligencie-a-palavra\/","name":"M\u00e3e n\u00e3o autoriza filha a ir ao carnaval na escola e encoraja: \u201cN\u00e3o negligencie a Palavra\u201d - R\u00e1dio Porto Seguro","isPartOf":{"@id":"https:\/\/radioportoseguro.com.br\/site\/#website"},"primaryImageOfPage":{"@id":"https:\/\/radioportoseguro.com.br\/site\/2026\/02\/14\/mae-nao-autoriza-filha-a-ir-ao-carnaval-na-escola-e-encoraja-nao-negligencie-a-palavra\/#primaryimage"},"image":{"@id":"https:\/\/radioportoseguro.com.br\/site\/2026\/02\/14\/mae-nao-autoriza-filha-a-ir-ao-carnaval-na-escola-e-encoraja-nao-negligencie-a-palavra\/#primaryimage"},"thumbnailUrl":"https:\/\/radioportoseguro.com.br\/site\/wp-content\/uploads\/2026\/02\/452124863-carine-peters.jpeg","datePublished":"2026-02-14T15:15:28+00:00","author":{"@id":"https:\/\/radioportoseguro.com.br\/site\/#\/schema\/person\/7630acdc320186f13639d3c067ec089b"},"breadcrumb":{"@id":"https:\/\/radioportoseguro.com.br\/site\/2026\/02\/14\/mae-nao-autoriza-filha-a-ir-ao-carnaval-na-escola-e-encoraja-nao-negligencie-a-palavra\/#breadcrumb"},"inLanguage":"pt-BR","potentialAction":[{"@type":"ReadAction","target":["https:\/\/radioportoseguro.com.br\/site\/2026\/02\/14\/mae-nao-autoriza-filha-a-ir-ao-carnaval-na-escola-e-encoraja-nao-negligencie-a-palavra\/"]}]},{"@type":"ImageObject","inLanguage":"pt-BR","@id":"https:\/\/radioportoseguro.com.br\/site\/2026\/02\/14\/mae-nao-autoriza-filha-a-ir-ao-carnaval-na-escola-e-encoraja-nao-negligencie-a-palavra\/#primaryimage","url":"https:\/\/radioportoseguro.com.br\/site\/wp-content\/uploads\/2026\/02\/452124863-carine-peters.jpeg","contentUrl":"https:\/\/radioportoseguro.com.br\/site\/wp-content\/uploads\/2026\/02\/452124863-carine-peters.jpeg","width":1200,"height":600},{"@type":"BreadcrumbList","@id":"https:\/\/radioportoseguro.com.br\/site\/2026\/02\/14\/mae-nao-autoriza-filha-a-ir-ao-carnaval-na-escola-e-encoraja-nao-negligencie-a-palavra\/#breadcrumb","itemListElement":[{"@type":"ListItem","position":1,"name":"In\u00edcio","item":"https:\/\/radioportoseguro.com.br\/site\/"},{"@type":"ListItem","position":2,"name":"M\u00e3e n\u00e3o autoriza filha a ir ao carnaval na escola e encoraja: \u201cN\u00e3o negligencie a Palavra\u201d"}]},{"@type":"WebSite","@id":"https:\/\/radioportoseguro.com.br\/site\/#website","url":"https:\/\/radioportoseguro.com.br\/site\/","name":"R\u00e1dio Porto Seguro","description":"","potentialAction":[{"@type":"SearchAction","target":{"@type":"EntryPoint","urlTemplate":"https:\/\/radioportoseguro.com.br\/site\/?s={search_term_string}"},"query-input":{"@type":"PropertyValueSpecification","valueRequired":true,"valueName":"search_term_string"}}],"inLanguage":"pt-BR"},{"@type":"Person","@id":"https:\/\/radioportoseguro.com.br\/site\/#\/schema\/person\/7630acdc320186f13639d3c067ec089b","name":"admin","image":{"@type":"ImageObject","inLanguage":"pt-BR","@id":"https:\/\/radioportoseguro.com.br\/site\/#\/schema\/person\/image\/","url":"https:\/\/secure.gravatar.com\/avatar\/caacf4dc1eedb68fab0df8e1ed46c448e578b2466351bbcb61e47d2ac0caaef0?s=96&d=mm&r=g","contentUrl":"https:\/\/secure.gravatar.com\/avatar\/caacf4dc1eedb68fab0df8e1ed46c448e578b2466351bbcb61e47d2ac0caaef0?s=96&d=mm&r=g","caption":"admin"},"sameAs":["https:\/\/radioportoseguro.com.br\/site"],"url":"https:\/\/radioportoseguro.com.br\/site\/author\/hezio\/"}]}},"_links":{"self":[{"href":"https:\/\/radioportoseguro.com.br\/site\/wp-json\/wp\/v2\/posts\/4071","targetHints":{"allow":["GET"]}}],"collection":[{"href":"https:\/\/radioportoseguro.com.br\/site\/wp-json\/wp\/v2\/posts"}],"about":[{"href":"https:\/\/radioportoseguro.com.br\/site\/wp-json\/wp\/v2\/types\/post"}],"author":[{"embeddable":true,"href":"https:\/\/radioportoseguro.com.br\/site\/wp-json\/wp\/v2\/users\/1"}],"replies":[{"embeddable":true,"href":"https:\/\/radioportoseguro.com.br\/site\/wp-json\/wp\/v2\/comments?post=4071"}],"version-history":[{"count":0,"href":"https:\/\/radioportoseguro.com.br\/site\/wp-json\/wp\/v2\/posts\/4071\/revisions"}],"wp:featuredmedia":[{"embeddable":true,"href":"https:\/\/radioportoseguro.com.br\/site\/wp-json\/wp\/v2\/media\/4072"}],"wp:attachment":[{"href":"https:\/\/radioportoseguro.com.br\/site\/wp-json\/wp\/v2\/media?parent=4071"}],"wp:term":[{"taxonomy":"category","embeddable":true,"href":"https:\/\/radioportoseguro.com.br\/site\/wp-json\/wp\/v2\/categories?post=4071"},{"taxonomy":"post_tag","embeddable":true,"href":"https:\/\/radioportoseguro.com.br\/site\/wp-json\/wp\/v2\/tags?post=4071"}],"curies":[{"name":"wp","href":"https:\/\/api.w.org\/{rel}","templated":true}]}}