{"id":4075,"date":"2026-02-14T14:29:34","date_gmt":"2026-02-14T17:29:34","guid":{"rendered":"https:\/\/radioportoseguro.com.br\/site\/2026\/02\/14\/presos-convertidos-participam-de-culto-e-formam-coral-em-igreja-no-para\/"},"modified":"2026-02-14T14:29:34","modified_gmt":"2026-02-14T17:29:34","slug":"presos-convertidos-participam-de-culto-e-formam-coral-em-igreja-no-para","status":"publish","type":"post","link":"https:\/\/radioportoseguro.com.br\/site\/2026\/02\/14\/presos-convertidos-participam-de-culto-e-formam-coral-em-igreja-no-para\/","title":{"rendered":"Presos convertidos participam de culto e formam coral em igreja no Par\u00e1"},"content":{"rendered":"<p><br \/>\n<br \/><\/p>\n<div>\n<p><span style=\"font-weight: 400;\">Um grupo de <\/span><span style=\"color: #800000;\"><strong>presos<\/strong><\/span><span style=\"font-weight: 400;\"> do regime fechado participou de um culto em uma igreja na cidade de Ananindeua, no Par\u00e1.<\/span><\/p>\n<p><span style=\"font-weight: 400;\">Os detentos, que <\/span><span style=\"color: #800000;\"><strong>aceitaram Jesus<\/strong><\/span><span style=\"font-weight: 400;\"> anteriormente, sa\u00edram da <\/span><span style=\"color: #800000;\"><strong>penitenci\u00e1ria<\/strong><\/span><span style=\"font-weight: 400;\"> e foram escoltados por policiais at\u00e9 a Igreja Assembleia de Deus Minist\u00e9rio Arca da Alian\u00e7a, no dia 24 de janeiro.<\/span><\/p>\n<p><span style=\"font-weight: 400;\">Os presos chegaram com a roupa da pris\u00e3o e algemados uns aos outros, e entraram no templo, vigiados pelos agentes, para participar do Congresso de Miss\u00e3o Prisional 2026.<\/span><\/p>\n<p><span style=\"font-weight: 400;\">Eles foram recebidos no refeit\u00f3rio da igreja, onde receberam roupa social e gravata para vestir durante o culto.<\/span><\/p>\n<p><span style=\"font-weight: 400;\">Logo depois, o grupo entrou na igreja declarando um brado de vit\u00f3ria. \u201cO Arca da Alian\u00e7a o que \u00e9 que voc\u00ea faz? Adoro a Jesus Cristo em Esp\u00edrito e em verdade. O Arca da Alian\u00e7a qual \u00e9 sua miss\u00e3o? Cuidar da minha fam\u00edlia, anunciar a Salva\u00e7\u00e3o. Gl\u00f3ria, gl\u00f3ria!\u201d, entoaram eles.<\/span><\/p>\n<p><span style=\"font-weight: 400;\">Al\u00e9m disso, os detentos formaram um coral e cantaram louvores no evento, como a m\u00fasica \u201cEf\u00e9sios 6\u201d do cantor Anderson Freire.\u00a0<\/span><\/p>\n<p><span style=\"font-weight: 400;\">Ap\u00f3s o final do culto, eles colocaram a roupa da pris\u00e3o novamente, sa\u00edram algemados e foram levados de volta \u00e0 penitenci\u00e1ria.<\/span><\/p>\n<p><span style=\"font-weight: 400;\">Na sa\u00edda, os membros da igreja se despediram com falas de encorajamento, enquanto os presos agradeceram o carinho e a recep\u00e7\u00e3o.<\/span><\/p>\n<blockquote class=\"instagram-media\" style=\"background: #FFF; border: 0; border-radius: 3px; box-shadow: 0 0 1px 0 rgba(0,0,0,0.5),0 1px 10px 0 rgba(0,0,0,0.15); margin: 1px; max-width: 540px; min-width: 326px; padding: 0; width: calc(100% - 2px);\" data-instgrm-captioned=\"\" data-instgrm-permalink=\"https:\/\/www.instagram.com\/reel\/DT6rpJODB7O\/?utm_source=ig_embed&amp;utm_campaign=loading\" data-instgrm-version=\"14\"><p>&#13;<br \/>\n&#13;\n<\/p><\/blockquote>\n<\/div>\n<p><script async src=\"\/\/www.instagram.com\/embed.js\"><\/script><br \/>\n<br \/><br \/>\n<br \/>Fonte: Guiame <\/p>\n","protected":false},"excerpt":{"rendered":"<p>Um grupo de presos do regime fechado participou de um culto em uma igreja na cidade de Ananindeua, no Par\u00e1. Os detentos, que aceitaram Jesus anteriormente, sa\u00edram da penitenci\u00e1ria e foram escoltados por policiais at\u00e9 a Igreja Assembleia de Deus Minist\u00e9rio Arca da Alian\u00e7a, no dia 24 de janeiro. Os presos chegaram com a roupa [&hellip;]<\/p>\n","protected":false},"author":1,"featured_media":4076,"comment_status":"","ping_status":"open","sticky":false,"template":"","format":"standard","meta":{"footnotes":""},"categories":[43],"tags":[],"class_list":["post-4075","post","type-post","status-publish","format-standard","has-post-thumbnail","hentry","category-destaques"],"yoast_head":"<!-- This site is optimized with the Yoast SEO plugin v26.8 - https:\/\/yoast.com\/product\/yoast-seo-wordpress\/ -->\n<title>Presos convertidos participam de culto e formam coral em igreja no Par\u00e1 - R\u00e1dio Porto Seguro<\/title>\n<meta name=\"robots\" content=\"index, follow, max-snippet:-1, max-image-preview:large, max-video-preview:-1\" \/>\n<link rel=\"canonical\" href=\"https:\/\/radioportoseguro.com.br\/site\/2026\/02\/14\/presos-convertidos-participam-de-culto-e-formam-coral-em-igreja-no-para\/\" \/>\n<meta property=\"og:locale\" content=\"pt_BR\" \/>\n<meta property=\"og:type\" content=\"article\" \/>\n<meta property=\"og:title\" content=\"Presos convertidos participam de culto e formam coral em igreja no Par\u00e1 - R\u00e1dio Porto Seguro\" \/>\n<meta property=\"og:description\" content=\"Um grupo de presos do regime fechado participou de um culto em uma igreja na cidade de Ananindeua, no Par\u00e1. Os detentos, que aceitaram Jesus anteriormente, sa\u00edram da penitenci\u00e1ria e foram escoltados por policiais at\u00e9 a Igreja Assembleia de Deus Minist\u00e9rio Arca da Alian\u00e7a, no dia 24 de janeiro. Os presos chegaram com a roupa [&hellip;]\" \/>\n<meta property=\"og:url\" content=\"https:\/\/radioportoseguro.com.br\/site\/2026\/02\/14\/presos-convertidos-participam-de-culto-e-formam-coral-em-igreja-no-para\/\" \/>\n<meta property=\"og:site_name\" content=\"R\u00e1dio Porto Seguro\" \/>\n<meta property=\"article:published_time\" content=\"2026-02-14T17:29:34+00:00\" \/>\n<meta property=\"og:image\" content=\"https:\/\/media.guiame.com.br\/archives\/2026\/02\/12\/2043269215-presos.jpeg\" \/>\n<meta name=\"author\" content=\"admin\" \/>\n<meta name=\"twitter:card\" content=\"summary_large_image\" \/>\n<meta name=\"twitter:label1\" content=\"Escrito por\" \/>\n\t<meta name=\"twitter:data1\" content=\"admin\" \/>\n\t<meta name=\"twitter:label2\" content=\"Est. tempo de leitura\" \/>\n\t<meta name=\"twitter:data2\" content=\"1 minuto\" \/>\n<script type=\"application\/ld+json\" class=\"yoast-schema-graph\">{\"@context\":\"https:\/\/schema.org\",\"@graph\":[{\"@type\":\"Article\",\"@id\":\"https:\/\/radioportoseguro.com.br\/site\/2026\/02\/14\/presos-convertidos-participam-de-culto-e-formam-coral-em-igreja-no-para\/#article\",\"isPartOf\":{\"@id\":\"https:\/\/radioportoseguro.com.br\/site\/2026\/02\/14\/presos-convertidos-participam-de-culto-e-formam-coral-em-igreja-no-para\/\"},\"author\":{\"name\":\"admin\",\"@id\":\"https:\/\/radioportoseguro.com.br\/site\/#\/schema\/person\/7630acdc320186f13639d3c067ec089b\"},\"headline\":\"Presos convertidos participam de culto e formam coral em igreja no Par\u00e1\",\"datePublished\":\"2026-02-14T17:29:34+00:00\",\"mainEntityOfPage\":{\"@id\":\"https:\/\/radioportoseguro.com.br\/site\/2026\/02\/14\/presos-convertidos-participam-de-culto-e-formam-coral-em-igreja-no-para\/\"},\"wordCount\":243,\"image\":{\"@id\":\"https:\/\/radioportoseguro.com.br\/site\/2026\/02\/14\/presos-convertidos-participam-de-culto-e-formam-coral-em-igreja-no-para\/#primaryimage\"},\"thumbnailUrl\":\"https:\/\/radioportoseguro.com.br\/site\/wp-content\/uploads\/2026\/02\/2043269215-presos.jpeg\",\"articleSection\":[\"Destaques\"],\"inLanguage\":\"pt-BR\"},{\"@type\":\"WebPage\",\"@id\":\"https:\/\/radioportoseguro.com.br\/site\/2026\/02\/14\/presos-convertidos-participam-de-culto-e-formam-coral-em-igreja-no-para\/\",\"url\":\"https:\/\/radioportoseguro.com.br\/site\/2026\/02\/14\/presos-convertidos-participam-de-culto-e-formam-coral-em-igreja-no-para\/\",\"name\":\"Presos convertidos participam de culto e formam coral em igreja no Par\u00e1 - R\u00e1dio Porto Seguro\",\"isPartOf\":{\"@id\":\"https:\/\/radioportoseguro.com.br\/site\/#website\"},\"primaryImageOfPage\":{\"@id\":\"https:\/\/radioportoseguro.com.br\/site\/2026\/02\/14\/presos-convertidos-participam-de-culto-e-formam-coral-em-igreja-no-para\/#primaryimage\"},\"image\":{\"@id\":\"https:\/\/radioportoseguro.com.br\/site\/2026\/02\/14\/presos-convertidos-participam-de-culto-e-formam-coral-em-igreja-no-para\/#primaryimage\"},\"thumbnailUrl\":\"https:\/\/radioportoseguro.com.br\/site\/wp-content\/uploads\/2026\/02\/2043269215-presos.jpeg\",\"datePublished\":\"2026-02-14T17:29:34+00:00\",\"author\":{\"@id\":\"https:\/\/radioportoseguro.com.br\/site\/#\/schema\/person\/7630acdc320186f13639d3c067ec089b\"},\"breadcrumb\":{\"@id\":\"https:\/\/radioportoseguro.com.br\/site\/2026\/02\/14\/presos-convertidos-participam-de-culto-e-formam-coral-em-igreja-no-para\/#breadcrumb\"},\"inLanguage\":\"pt-BR\",\"potentialAction\":[{\"@type\":\"ReadAction\",\"target\":[\"https:\/\/radioportoseguro.com.br\/site\/2026\/02\/14\/presos-convertidos-participam-de-culto-e-formam-coral-em-igreja-no-para\/\"]}]},{\"@type\":\"ImageObject\",\"inLanguage\":\"pt-BR\",\"@id\":\"https:\/\/radioportoseguro.com.br\/site\/2026\/02\/14\/presos-convertidos-participam-de-culto-e-formam-coral-em-igreja-no-para\/#primaryimage\",\"url\":\"https:\/\/radioportoseguro.com.br\/site\/wp-content\/uploads\/2026\/02\/2043269215-presos.jpeg\",\"contentUrl\":\"https:\/\/radioportoseguro.com.br\/site\/wp-content\/uploads\/2026\/02\/2043269215-presos.jpeg\",\"width\":1200,\"height\":600},{\"@type\":\"BreadcrumbList\",\"@id\":\"https:\/\/radioportoseguro.com.br\/site\/2026\/02\/14\/presos-convertidos-participam-de-culto-e-formam-coral-em-igreja-no-para\/#breadcrumb\",\"itemListElement\":[{\"@type\":\"ListItem\",\"position\":1,\"name\":\"In\u00edcio\",\"item\":\"https:\/\/radioportoseguro.com.br\/site\/\"},{\"@type\":\"ListItem\",\"position\":2,\"name\":\"Presos convertidos participam de culto e formam coral em igreja no Par\u00e1\"}]},{\"@type\":\"WebSite\",\"@id\":\"https:\/\/radioportoseguro.com.br\/site\/#website\",\"url\":\"https:\/\/radioportoseguro.com.br\/site\/\",\"name\":\"R\u00e1dio Porto Seguro\",\"description\":\"\",\"potentialAction\":[{\"@type\":\"SearchAction\",\"target\":{\"@type\":\"EntryPoint\",\"urlTemplate\":\"https:\/\/radioportoseguro.com.br\/site\/?s={search_term_string}\"},\"query-input\":{\"@type\":\"PropertyValueSpecification\",\"valueRequired\":true,\"valueName\":\"search_term_string\"}}],\"inLanguage\":\"pt-BR\"},{\"@type\":\"Person\",\"@id\":\"https:\/\/radioportoseguro.com.br\/site\/#\/schema\/person\/7630acdc320186f13639d3c067ec089b\",\"name\":\"admin\",\"image\":{\"@type\":\"ImageObject\",\"inLanguage\":\"pt-BR\",\"@id\":\"https:\/\/radioportoseguro.com.br\/site\/#\/schema\/person\/image\/\",\"url\":\"https:\/\/secure.gravatar.com\/avatar\/caacf4dc1eedb68fab0df8e1ed46c448e578b2466351bbcb61e47d2ac0caaef0?s=96&d=mm&r=g\",\"contentUrl\":\"https:\/\/secure.gravatar.com\/avatar\/caacf4dc1eedb68fab0df8e1ed46c448e578b2466351bbcb61e47d2ac0caaef0?s=96&d=mm&r=g\",\"caption\":\"admin\"},\"sameAs\":[\"https:\/\/radioportoseguro.com.br\/site\"],\"url\":\"https:\/\/radioportoseguro.com.br\/site\/author\/hezio\/\"}]}<\/script>\n<!-- \/ Yoast SEO plugin. -->","yoast_head_json":{"title":"Presos convertidos participam de culto e formam coral em igreja no Par\u00e1 - R\u00e1dio Porto Seguro","robots":{"index":"index","follow":"follow","max-snippet":"max-snippet:-1","max-image-preview":"max-image-preview:large","max-video-preview":"max-video-preview:-1"},"canonical":"https:\/\/radioportoseguro.com.br\/site\/2026\/02\/14\/presos-convertidos-participam-de-culto-e-formam-coral-em-igreja-no-para\/","og_locale":"pt_BR","og_type":"article","og_title":"Presos convertidos participam de culto e formam coral em igreja no Par\u00e1 - R\u00e1dio Porto Seguro","og_description":"Um grupo de presos do regime fechado participou de um culto em uma igreja na cidade de Ananindeua, no Par\u00e1. Os detentos, que aceitaram Jesus anteriormente, sa\u00edram da penitenci\u00e1ria e foram escoltados por policiais at\u00e9 a Igreja Assembleia de Deus Minist\u00e9rio Arca da Alian\u00e7a, no dia 24 de janeiro. Os presos chegaram com a roupa [&hellip;]","og_url":"https:\/\/radioportoseguro.com.br\/site\/2026\/02\/14\/presos-convertidos-participam-de-culto-e-formam-coral-em-igreja-no-para\/","og_site_name":"R\u00e1dio Porto Seguro","article_published_time":"2026-02-14T17:29:34+00:00","og_image":[{"url":"https:\/\/media.guiame.com.br\/archives\/2026\/02\/12\/2043269215-presos.jpeg","type":"","width":"","height":""}],"author":"admin","twitter_card":"summary_large_image","twitter_misc":{"Escrito por":"admin","Est. tempo de leitura":"1 minuto"},"schema":{"@context":"https:\/\/schema.org","@graph":[{"@type":"Article","@id":"https:\/\/radioportoseguro.com.br\/site\/2026\/02\/14\/presos-convertidos-participam-de-culto-e-formam-coral-em-igreja-no-para\/#article","isPartOf":{"@id":"https:\/\/radioportoseguro.com.br\/site\/2026\/02\/14\/presos-convertidos-participam-de-culto-e-formam-coral-em-igreja-no-para\/"},"author":{"name":"admin","@id":"https:\/\/radioportoseguro.com.br\/site\/#\/schema\/person\/7630acdc320186f13639d3c067ec089b"},"headline":"Presos convertidos participam de culto e formam coral em igreja no Par\u00e1","datePublished":"2026-02-14T17:29:34+00:00","mainEntityOfPage":{"@id":"https:\/\/radioportoseguro.com.br\/site\/2026\/02\/14\/presos-convertidos-participam-de-culto-e-formam-coral-em-igreja-no-para\/"},"wordCount":243,"image":{"@id":"https:\/\/radioportoseguro.com.br\/site\/2026\/02\/14\/presos-convertidos-participam-de-culto-e-formam-coral-em-igreja-no-para\/#primaryimage"},"thumbnailUrl":"https:\/\/radioportoseguro.com.br\/site\/wp-content\/uploads\/2026\/02\/2043269215-presos.jpeg","articleSection":["Destaques"],"inLanguage":"pt-BR"},{"@type":"WebPage","@id":"https:\/\/radioportoseguro.com.br\/site\/2026\/02\/14\/presos-convertidos-participam-de-culto-e-formam-coral-em-igreja-no-para\/","url":"https:\/\/radioportoseguro.com.br\/site\/2026\/02\/14\/presos-convertidos-participam-de-culto-e-formam-coral-em-igreja-no-para\/","name":"Presos convertidos participam de culto e formam coral em igreja no Par\u00e1 - R\u00e1dio Porto Seguro","isPartOf":{"@id":"https:\/\/radioportoseguro.com.br\/site\/#website"},"primaryImageOfPage":{"@id":"https:\/\/radioportoseguro.com.br\/site\/2026\/02\/14\/presos-convertidos-participam-de-culto-e-formam-coral-em-igreja-no-para\/#primaryimage"},"image":{"@id":"https:\/\/radioportoseguro.com.br\/site\/2026\/02\/14\/presos-convertidos-participam-de-culto-e-formam-coral-em-igreja-no-para\/#primaryimage"},"thumbnailUrl":"https:\/\/radioportoseguro.com.br\/site\/wp-content\/uploads\/2026\/02\/2043269215-presos.jpeg","datePublished":"2026-02-14T17:29:34+00:00","author":{"@id":"https:\/\/radioportoseguro.com.br\/site\/#\/schema\/person\/7630acdc320186f13639d3c067ec089b"},"breadcrumb":{"@id":"https:\/\/radioportoseguro.com.br\/site\/2026\/02\/14\/presos-convertidos-participam-de-culto-e-formam-coral-em-igreja-no-para\/#breadcrumb"},"inLanguage":"pt-BR","potentialAction":[{"@type":"ReadAction","target":["https:\/\/radioportoseguro.com.br\/site\/2026\/02\/14\/presos-convertidos-participam-de-culto-e-formam-coral-em-igreja-no-para\/"]}]},{"@type":"ImageObject","inLanguage":"pt-BR","@id":"https:\/\/radioportoseguro.com.br\/site\/2026\/02\/14\/presos-convertidos-participam-de-culto-e-formam-coral-em-igreja-no-para\/#primaryimage","url":"https:\/\/radioportoseguro.com.br\/site\/wp-content\/uploads\/2026\/02\/2043269215-presos.jpeg","contentUrl":"https:\/\/radioportoseguro.com.br\/site\/wp-content\/uploads\/2026\/02\/2043269215-presos.jpeg","width":1200,"height":600},{"@type":"BreadcrumbList","@id":"https:\/\/radioportoseguro.com.br\/site\/2026\/02\/14\/presos-convertidos-participam-de-culto-e-formam-coral-em-igreja-no-para\/#breadcrumb","itemListElement":[{"@type":"ListItem","position":1,"name":"In\u00edcio","item":"https:\/\/radioportoseguro.com.br\/site\/"},{"@type":"ListItem","position":2,"name":"Presos convertidos participam de culto e formam coral em igreja no Par\u00e1"}]},{"@type":"WebSite","@id":"https:\/\/radioportoseguro.com.br\/site\/#website","url":"https:\/\/radioportoseguro.com.br\/site\/","name":"R\u00e1dio Porto Seguro","description":"","potentialAction":[{"@type":"SearchAction","target":{"@type":"EntryPoint","urlTemplate":"https:\/\/radioportoseguro.com.br\/site\/?s={search_term_string}"},"query-input":{"@type":"PropertyValueSpecification","valueRequired":true,"valueName":"search_term_string"}}],"inLanguage":"pt-BR"},{"@type":"Person","@id":"https:\/\/radioportoseguro.com.br\/site\/#\/schema\/person\/7630acdc320186f13639d3c067ec089b","name":"admin","image":{"@type":"ImageObject","inLanguage":"pt-BR","@id":"https:\/\/radioportoseguro.com.br\/site\/#\/schema\/person\/image\/","url":"https:\/\/secure.gravatar.com\/avatar\/caacf4dc1eedb68fab0df8e1ed46c448e578b2466351bbcb61e47d2ac0caaef0?s=96&d=mm&r=g","contentUrl":"https:\/\/secure.gravatar.com\/avatar\/caacf4dc1eedb68fab0df8e1ed46c448e578b2466351bbcb61e47d2ac0caaef0?s=96&d=mm&r=g","caption":"admin"},"sameAs":["https:\/\/radioportoseguro.com.br\/site"],"url":"https:\/\/radioportoseguro.com.br\/site\/author\/hezio\/"}]}},"_links":{"self":[{"href":"https:\/\/radioportoseguro.com.br\/site\/wp-json\/wp\/v2\/posts\/4075","targetHints":{"allow":["GET"]}}],"collection":[{"href":"https:\/\/radioportoseguro.com.br\/site\/wp-json\/wp\/v2\/posts"}],"about":[{"href":"https:\/\/radioportoseguro.com.br\/site\/wp-json\/wp\/v2\/types\/post"}],"author":[{"embeddable":true,"href":"https:\/\/radioportoseguro.com.br\/site\/wp-json\/wp\/v2\/users\/1"}],"replies":[{"embeddable":true,"href":"https:\/\/radioportoseguro.com.br\/site\/wp-json\/wp\/v2\/comments?post=4075"}],"version-history":[{"count":0,"href":"https:\/\/radioportoseguro.com.br\/site\/wp-json\/wp\/v2\/posts\/4075\/revisions"}],"wp:featuredmedia":[{"embeddable":true,"href":"https:\/\/radioportoseguro.com.br\/site\/wp-json\/wp\/v2\/media\/4076"}],"wp:attachment":[{"href":"https:\/\/radioportoseguro.com.br\/site\/wp-json\/wp\/v2\/media?parent=4075"}],"wp:term":[{"taxonomy":"category","embeddable":true,"href":"https:\/\/radioportoseguro.com.br\/site\/wp-json\/wp\/v2\/categories?post=4075"},{"taxonomy":"post_tag","embeddable":true,"href":"https:\/\/radioportoseguro.com.br\/site\/wp-json\/wp\/v2\/tags?post=4075"}],"curies":[{"name":"wp","href":"https:\/\/api.w.org\/{rel}","templated":true}]}}