{"id":4077,"date":"2026-02-14T16:39:44","date_gmt":"2026-02-14T19:39:44","guid":{"rendered":"https:\/\/radioportoseguro.com.br\/site\/2026\/02\/14\/as-indulgencias-da-igreja-na-pos-modernidade\/"},"modified":"2026-02-14T16:39:44","modified_gmt":"2026-02-14T19:39:44","slug":"as-indulgencias-da-igreja-na-pos-modernidade","status":"publish","type":"post","link":"https:\/\/radioportoseguro.com.br\/site\/2026\/02\/14\/as-indulgencias-da-igreja-na-pos-modernidade\/","title":{"rendered":"As indulg\u00eancias da igreja na p\u00f3s-modernidade"},"content":{"rendered":"<p><br \/>\n<br \/><\/p>\n<div>\n<p><strong><em>1. Introdu\u00e7\u00e3o\u00a0<\/em><\/strong><\/p>\n<p><span style=\"font-weight: 400;\">A p\u00f3s-modernidade, dentre tantos outros desafios, estabelece um novo ambiente para a viv\u00eancia religiosa. Caracterizada pela dissolu\u00e7\u00e3o das certezas, pelo individualismo e pela &#8220;incredulidade em rela\u00e7\u00e3o \u00e0s metanarrativas&#8221; (LYOTARD, 1998, p. 12), ela altera profundamente a compreens\u00e3o dos mecanismos de media\u00e7\u00e3o espiritual.\u00a0<\/span><\/p>\n<p><span style=\"font-weight: 400;\">Tradicionalmente, os fundamentos apost\u00f3licos estruturam a rela\u00e7\u00e3o entre comunidade e transcend\u00eancia. Por\u00e9m, observa-se uma mudan\u00e7a: tais of\u00edcios v\u00eam sendo progressivamente substitu\u00eddos por pr\u00e1ticas m\u00edsticas aut\u00f4nomas, l\u00edderes carism\u00e1ticos independentes, espiritualidades terap\u00eauticas e experi\u00eancias digitais.\u00a0<\/span><\/p>\n<p><span style=\"font-weight: 400;\">Neste cen\u00e1rio, ressurgem, embora em forma simb\u00f3lica, as \u201cindulg\u00eancias\u201d como respostas r\u00e1pidas ao sofrimento e \u00e0s ang\u00fastias existenciais. Trata-se de uma indulg\u00eancia n\u00e3o sacramental, mas emocional, terap\u00eautica e perform\u00e1tica. Como afirma Charles Taylor, a modernidade tardia produz &#8220;uma espiritualidade do imediato&#8221; (TAYLOR, 2010, p. 487), na qual cada indiv\u00edduo cria sua pr\u00f3pria gram\u00e1tica do sagrado.\u00a0<\/span><\/p>\n<p><strong><em>2. A P\u00f3s-Modernidade e o Novo Panorama Religioso\u00a0<\/em><\/strong><\/p>\n<p><span style=\"font-weight: 400;\">A p\u00f3s-modernidade, segundo Lyotard, marca o fim da legitimidade dos grandes discursos totalizantes. A religi\u00e3o, que historicamente ofereceu uma narrativa unificadora sobre a exist\u00eancia, sofre com a fragmenta\u00e7\u00e3o e com a pluraliza\u00e7\u00e3o das fontes de verdade. Nas palavras do autor: \u201co saber \u00e9 substitu\u00eddo por um fluxo de informa\u00e7\u00f5es <\/span><em><span style=\"font-weight: 400;\">deshierarquizadas<\/span><\/em><span style=\"font-weight: 400;\">\u201d (LYOTARD, 1998, p. 23). Com isso, o fiel deixa de ser membro de uma tradi\u00e7\u00e3o para se transformar em consumidor espiritual. Fato \u00e9, que a fragmenta\u00e7\u00e3o da autoridade religiosa n\u00e3o implica necessariamente sua destrui\u00e7\u00e3o, mas sua reconfigura\u00e7\u00e3o em novas plataformas de legitima\u00e7\u00e3o, como redes sociais, comunidades virtuais e lideran\u00e7as autoproclamadas.\u00a0<\/span><\/p>\n<p><span style=\"font-weight: 400;\">Bauman argumenta que, na modernidade l\u00edquida, as rela\u00e7\u00f5es humanas e institucionais tornam-se fr\u00e1geis, vol\u00e1teis e utilit\u00e1rias. Segundo ele, \u201ca religiosidade contempor\u00e2nea tende ao formato de mercadoria\u201d (BAUMAN, 2013, p. 76). Assim, a espiritualidade passa a funcionar como um produto: r\u00e1pida, personaliz\u00e1vel e descart\u00e1vel.\u00a0<\/span><\/p>\n<p><span style=\"font-weight: 400;\">Na l\u00f3gica do consumo, surgem \u201cbens espirituais imediatos\u201d, que funcionam como verdadeiras indulg\u00eancias p\u00f3s-modernas: campanhas de prosperidade, objetos ungidos,<\/span><\/p>\n<p><span style=\"font-weight: 400;\">ora\u00e7\u00f5es instant\u00e2neas, f\u00f3rmulas de cura emocional e b\u00ean\u00e7\u00e3os digitalizadas. Logo, isso implica em um marketing agressivo para sensibilizar o \u201ccontribuinte\u201d. Da\u00ed o perigo de uma religi\u00e3o mantenedora dos caprichos de sua lideran\u00e7a vaidosa, que v\u00ea o cristianisno como investimento, n\u00e3o como experi\u00eancia de Deus na pessoa de Jesus Cristo.\u00a0<\/span><\/p>\n<p><strong><em>3. O Retorno das \u201cIndulg\u00eancias\u201d: uma Leitura Contempor\u00e2nea\u00a0<\/em><\/strong><\/p>\n<p><span style=\"font-weight: 400;\">Historicamente, as indulg\u00eancias eram pr\u00e1ticas penitenciais ligadas \u00e0 remiss\u00e3o das penas temporais. Hoje, renascem na forma de promessas r\u00e1pidas de cura espiritual ou emocional. Exemplo disso s\u00e3o discursos religiosos que asseguram: a) \u201cquebra instant\u00e2nea de maldi\u00e7\u00f5es\u201d, b) \u201cprosperidade imediata\u201d, c) \u201ccura emocional plena em um \u00fanico encontro\u201d. Tais pr\u00e1ticas funcionam como \u201catalhos misticistas\u201d, oferecendo resolu\u00e7\u00e3o simb\u00f3lica de conflitos internos sem media\u00e7\u00e3o apost\u00f3lica.\u00a0<\/span><\/p>\n<p><span style=\"font-weight: 400;\">Com o avan\u00e7o tecnol\u00f3gico, surgem b\u00ean\u00e7\u00e3os transmitidas ao vivo, ora\u00e7\u00f5es automatizadas, aconselhamentos por <\/span><em><span style=\"font-weight: 400;\">chat <\/span><\/em><span style=\"font-weight: 400;\">e \u201cora\u00e7\u00f5es programadas\u201d em plataformas digitais. Trata-se de uma indulg\u00eancia virtual: imediata, port\u00e1til e personalizada. Essa virtualiza\u00e7\u00e3o tamb\u00e9m cria a ilus\u00e3o de que a gra\u00e7a pode ser reduzida a um fluxo de dados, independentemente da comunh\u00e3o presencial.\u00a0<\/span><\/p>\n<p><span style=\"font-weight: 400;\">Na liturgia da igreja, por exemplo, \u00e9 bizarro o que vem fazendo com o uso do \u00f3leo. Como se fosse um fetiche, o uso excessivo do \u00f3leo nas igrejas vem fazendo enriquecer quem vende tais utens\u00edlios, a exemplo das grandes lojas que vendiam b\u00edblias e materiais de estudo teol\u00f3gicos, agora, parte delas \u00e9 dedicada as parafern\u00e1lias do misticismo. Na porta da igreja, tem \u00f3leo para a \u201cun\u00e7\u00e3o\u201d das m\u00e3os, na hora das ofertas, tamb\u00e9m se unge as m\u00e3os novamente. A vulgariza\u00e7\u00e3o dos elementos esvaziando seu sentido e objetivo.\u00a0<\/span><\/p>\n<p><span style=\"font-weight: 400;\">Na igreja dos tempos apost\u00f3licos, a orienta\u00e7\u00e3o da Escritura \u00e9 clara na Carta de Tiago 5:14-16 somente aos enfermos, que \u00e9 mencionada o uso do \u00f3leo. Nas outras coisas, basta somente o uso da \u201cimposi\u00e7\u00e3o de m\u00e3os\u201d. Nada mais!\u00a0<\/span><\/p>\n<p><span style=\"font-weight: 400;\">At\u00e9 mesmo, os prop\u00f3sitos de ora\u00e7\u00e3o vem sendo ressignificados nos estranhos tempos da p\u00f3s-modernidade, de onde antes, os crentes sabiam o caminho da intimidade com Deus atrav\u00e9s dos joelhos dobrados, l\u00e1grimas, gemidos. Tudo isso, na intimidade das portas fechadas, dentro do quarto, no secreto (cf. Mateus 6:6). Mas para alguns, \u201cDeus mandou fazer um prop\u00f3sito de pano de saco\u201d. E ao inv\u00e9s de se dobrar diante de Deus no secreto, v\u00e3o pelas ruas afora, vestidos de \u201cpano de saco\u201d, vilipendiado a Noiva do Cordeiro, uma exposi\u00e7\u00e3o que ridiculariza a Igreja do Senhor. Nenhum dos ap\u00f3stolos fizeram o uso do \u201cpano de saco\u201d. Portanto, n\u00e3o tem utilidade para a Igreja, uma vez que a nossa f\u00e9 tem origem nos santos ap\u00f3stolos.\u00a0<\/span><\/p>\n<p><strong><em>4. A Substitui\u00e7\u00e3o dos Of\u00edcios Apost\u00f3licos pelo Misticismo P\u00f3s-Moderno\u00a0<\/em><\/strong><\/p>\n<p><span style=\"font-weight: 400;\">A est\u00e9tica do espet\u00e1culo religioso \u2014 fuma\u00e7a, luzes, m\u00fasica intensa, dan\u00e7as lit\u00fargicas \u2014 cria ambientes de \u00eaxtase emocional. A figura do \u201cpastor\u201d \u00e9 substitu\u00edda pelo \u201capresentador\u201d, cuja autoridade vem da performance e n\u00e3o da vontade divina. N\u00e3o se trata de algu\u00e9m direcionado por Deus para presidir o culto, mas de algu\u00e9m com linguagem, <\/span><em><span style=\"font-weight: 400;\">performance<\/span><\/em><span style=\"font-weight: 400;\">, orat\u00f3ria, musicalidade que chama a aten\u00e7\u00e3o do povo. A pr\u00e1tica da \u201cexcel\u00eancia\u201d substituindo a gra\u00e7a devocional. A ben\u00e7\u00e3o de comungar a presen\u00e7a de Deus com os irm\u00e3os, colocando no escanteio a simplicidade.\u00a0<\/span><\/p>\n<p><span style=\"font-weight: 400;\">Movimentos contempor\u00e2neos oferecem \u201ccura interior\u201d, \u201ccura da mem\u00f3ria\u201d, \u201cauto-cura espiritual\u201d, combinando psicologia popular, autoajuda e elementos crist\u00e3os. Funcionam como indulg\u00eancia terap\u00eautica, pois aliviam culpas e tens\u00f5es sem exigir mudan\u00e7a \u00e9tica profunda. A est\u00e9tica m\u00e1gica dos cultos s\u00e3o sin\u00f4nimos do \u201cagir do Senhor\u201d, fraudando o sutil agir progressivo do Esp\u00edrito Santo.\u00a0<\/span><\/p>\n<p><span style=\"font-weight: 400;\">Taylor ainda afirma que o indiv\u00edduo p\u00f3s-moderno \u201ctorna-se o \u00e1rbitro final de sua pr\u00f3pria experi\u00eancia espiritual\u201d (TAYLOR, 2010, p. 549). Assim, o fiel cria sua pr\u00f3pria teologia, selecionando elementos que lhe conv\u00eam. E o pior de tudo isso, \u00e9 quando essa \u201cteologia particular\u201d sempre vem sustentada pelo dizer \u201cfoi Deus que mandou\u201d. Mas, uma teologia que contradiz a Escritura n\u00e3o vem de Deus. De novo, as pessoas que insistem em converter o cristianismo a sua pr\u00f3pria vaidade.\u00a0<\/span><\/p>\n<p><strong><em>5. Consequ\u00eancias Teol\u00f3gicas e Pastorais\u00a0<\/em><\/strong><\/p>\n<p><span style=\"font-weight: 400;\">Ao dissolver a \u201capostolicidade da f\u00e9\u201d, a f\u00e9 torna-se privatizada. A Igreja deixa de ser \u201ccorpo\u201d para se tornar \u201cplataforma\u201d. Cada um no seu pr\u00f3prio pensamento, sendo guiados por seus pr\u00f3prios cora\u00e7\u00f5es, muitas vezes, obstinados. Da\u00ed a subjetiva\u00e7\u00e3o da hermen\u00eautica crist\u00e3o, multifacetada em \u201cteorias reduzidas ao pessoal, o particular; distanciado da tradi\u00e7\u00e3o\u201d. Basta apenas uma diverg\u00eancia substancial, para haver divis\u00e3o para abertura de mais \u201cuma portinha\u201d, tudo isso fundamentado no: \u201ceu senti de Deus\u2026\u201d\u00a0<\/span><\/p>\n<p><span style=\"font-weight: 400;\">Quando a religi\u00e3o \u00e9 reduzida a sensa\u00e7\u00f5es emocionais, perde-se sua profundidade \u00e9tica, doutrinal e espiritual. N\u00e3o h\u00e1 continuidade de um discipulado, nem mesmo um acompanhamento pastoral para a verifica\u00e7\u00e3o e direcionamento espiritual. S\u00e3o ovelhas sem pastor, situa\u00e7\u00e3o lamentada pelo pr\u00f3prio Senhor Jesus em Mateus 9:36-38. Nada pode ser mais desastroso para a f\u00e9 crist\u00e3, do que a subjetiva\u00e7\u00e3o do pensamento doutrin\u00e1rio, terra f\u00e9rtil para misturas her\u00e9ticas, tendenciosas e distante da mesma comunh\u00e3o dos ap\u00f3stolos (cf. G\u00e1latas 1.8-19).\u00a0<\/span><\/p>\n<p><span style=\"font-weight: 400;\">Por isso, o desafio atual n\u00e3o est\u00e1 em rejeitar a modernidade, mas dialogar com ela. A Igreja precisa reconhecer as demandas espirituais do homem p\u00f3s-moderno sem abdicar de seus elementos constitutivos da f\u00e9 apost\u00f3lica. Os santos irm\u00e3os da igreja apost\u00f3lica eram firmes na doutrina, na comunh\u00e3o e no partir do p\u00e3o (cf. Atos 2:42-47).\u00a0<\/span><\/p>\n<p><span style=\"font-weight: 400;\">Car\u00edssimo, a p\u00f3s-modernidade produz uma espiritualidade fluida, imediatista e sensorial. Nesse contexto, a \u201cf\u00e9 apost\u00f3lica\u201d perde espa\u00e7o para misticismos individualizados e pr\u00e1ticas que funcionam como indulg\u00eancias emocionais ou digitais. N\u00e3o se trata de um fen\u00f4meno marginal, mas estrutural. A Igreja \u00e9 chamada a repensar sua linguagem, presen\u00e7a e media\u00e7\u00e3o, mantendo fidelidade \u00e0 tradi\u00e7\u00e3o enquanto dialoga com novos modelos de subjetividade espiritual.\u00a0<\/span><\/p>\n<p><strong>Refer\u00eancias:<\/strong><\/p>\n<p><span style=\"font-weight: 400;\">BAUMAN, Zygmunt. <\/span><strong>Vida para consumo. <\/strong><span style=\"font-weight: 400;\">Rio de Janeiro: Zahar, 2013. BAUMAN, Zygmunt. <\/span><strong>Modernidade l\u00edquida. <\/strong><span style=\"font-weight: 400;\">Rio de Janeiro: Zahar, 2001. HEELAS, Paul; WOODHEAD, Linda. <\/span><strong>The Spiritual Revolution. <\/strong><span style=\"font-weight: 400;\">Oxford: Blackwell, 2005. HALL, Stuart. <\/span><strong>A identidade cultural na p\u00f3s-modernidade. <\/strong><span style=\"font-weight: 400;\">Rio de Janeiro: DP&amp;A, 2006. LYOTARD, Jean-Fran\u00e7ois. <\/span><strong>A condi\u00e7\u00e3o p\u00f3s-moderna. <\/strong><span style=\"font-weight: 400;\">S\u00e3o Paulo: Jos\u00e9 Olympio, 1998. TAYLOR, Charles. <\/span><strong>A Era Secular. <\/strong><span style=\"font-weight: 400;\">S\u00e3o Paulo: UNESP, 2010. VATTIMO, Gianni. <\/span><strong>O <\/strong><span style=\"font-weight: 400;\">fi<\/span><strong>m da modernidade. <\/strong><span style=\"font-weight: 400;\">S\u00e3o Paulo: Martins Fontes, 2002.\u00a0<\/span><\/p>\n<p><span style=\"font-weight: 400;\">Acesse mais sobre o assunto no podcast:\u00a0<\/span><\/p>\n<p style=\"text-align: center;\"><span style=\"font-weight: 400;\"><div class=\"ose-youtube ose-uid-e265106831817662d1cb45bc9af4234b ose-embedpress-responsive\" style=\"width:600px; height:600px; max-height:600px; max-width:100%; display:inline-block;\" data-embed-type=\"Youtube\"><iframe allowFullScreen=\"true\" title=\"\ud83d\udce2#56 As Indulg\u00eancias da Igreja P\u00f3s-Moderna: A Substitui\u00e7\u00e3o da F\u00e9 Apost\u00f3lica por Misticismo Fluido\" width=\"600\" height=\"600\" src=\"https:\/\/www.youtube.com\/embed\/XbeSWotQjdY?feature=oembed&color=red&rel=0&controls=1&start=&end=&fs=0&iv_load_policy=0&autoplay=0&mute=0&modestbranding=0&cc_load_policy=1&playsinline=1\" frameborder=\"0\" allow=\"accelerometer; encrypted-media;accelerometer;autoplay;clipboard-write;gyroscope;picture-in-picture clipboard-write; encrypted-media; gyroscope; picture-in-picture; web-share\" referrerpolicy=\"strict-origin-when-cross-origin\" allowfullscreen><\/iframe><\/div><\/span><\/p>\n<p>\u00a0<\/p>\n<p><strong>Daniel Santos Ramos<\/strong><span style=\"font-weight: 400;\"> (@profdanielramos) \u00e9 professor (Portugu\u00eas\/Ingl\u00eas &#8211; SEE-MG, EJA\/EM\/EFII), colunista do Guia-me e professor de Teologia em diversos semin\u00e1rios. Possui Licenciatura em Letras (2024), Bacharelado\/Mestrado em Teologia (2013\/2015) e p\u00f3s-gradua\u00e7\u00e3o em Doc\u00eancia. Autor de 2 livros de Teologia, tem mais de 20 anos de experi\u00eancia ministerial e \u00e9 membro da Assembleia\u00a0de\u00a0Deus\u00a0em\u00a0BH.<\/span><\/p>\n<p><em><span style=\"font-weight: 400;\">* O conte\u00fado do texto acima \u00e9 uma colabora\u00e7\u00e3o volunt\u00e1ria, de total responsabilidade do autor e n\u00e3o reflete necessariamente a opini\u00e3o do Portal Guiame.<\/span><\/em><\/p>\n<p><span style=\"font-weight: 400;\">Leia o artigo anterior: <span style=\"color: #993300;\"><strong>As cinco mentiras contadas nas Igrejas confrontadas na Palavra\u00a0<\/strong><\/span><\/span><\/p>\n<p>\u00a0<\/p>\n<\/div>\n<p><br \/>\n<br \/>Fonte: Guiame <\/p>\n","protected":false},"excerpt":{"rendered":"<p>1. Introdu\u00e7\u00e3o\u00a0 A p\u00f3s-modernidade, dentre tantos outros desafios, estabelece um novo ambiente para a viv\u00eancia religiosa. Caracterizada pela dissolu\u00e7\u00e3o das certezas, pelo individualismo e pela &#8220;incredulidade em rela\u00e7\u00e3o \u00e0s metanarrativas&#8221; (LYOTARD, 1998, p. 12), ela altera profundamente a compreens\u00e3o dos mecanismos de media\u00e7\u00e3o espiritual.\u00a0 Tradicionalmente, os fundamentos apost\u00f3licos estruturam a rela\u00e7\u00e3o entre comunidade e transcend\u00eancia. [&hellip;]<\/p>\n","protected":false},"author":1,"featured_media":4078,"comment_status":"","ping_status":"open","sticky":false,"template":"","format":"standard","meta":{"footnotes":""},"categories":[43],"tags":[],"class_list":["post-4077","post","type-post","status-publish","format-standard","has-post-thumbnail","hentry","category-destaques"],"yoast_head":"<!-- This site is optimized with the Yoast SEO plugin v26.8 - https:\/\/yoast.com\/product\/yoast-seo-wordpress\/ -->\n<title>As indulg\u00eancias da igreja na p\u00f3s-modernidade - R\u00e1dio Porto Seguro<\/title>\n<meta name=\"robots\" content=\"index, follow, max-snippet:-1, max-image-preview:large, max-video-preview:-1\" \/>\n<link rel=\"canonical\" href=\"https:\/\/radioportoseguro.com.br\/site\/2026\/02\/14\/as-indulgencias-da-igreja-na-pos-modernidade\/\" \/>\n<meta property=\"og:locale\" content=\"pt_BR\" \/>\n<meta property=\"og:type\" content=\"article\" \/>\n<meta property=\"og:title\" content=\"As indulg\u00eancias da igreja na p\u00f3s-modernidade - R\u00e1dio Porto Seguro\" \/>\n<meta property=\"og:description\" content=\"1. Introdu\u00e7\u00e3o\u00a0 A p\u00f3s-modernidade, dentre tantos outros desafios, estabelece um novo ambiente para a viv\u00eancia religiosa. Caracterizada pela dissolu\u00e7\u00e3o das certezas, pelo individualismo e pela &#8220;incredulidade em rela\u00e7\u00e3o \u00e0s metanarrativas&#8221; (LYOTARD, 1998, p. 12), ela altera profundamente a compreens\u00e3o dos mecanismos de media\u00e7\u00e3o espiritual.\u00a0 Tradicionalmente, os fundamentos apost\u00f3licos estruturam a rela\u00e7\u00e3o entre comunidade e transcend\u00eancia. [&hellip;]\" \/>\n<meta property=\"og:url\" content=\"https:\/\/radioportoseguro.com.br\/site\/2026\/02\/14\/as-indulgencias-da-igreja-na-pos-modernidade\/\" \/>\n<meta property=\"og:site_name\" content=\"R\u00e1dio Porto Seguro\" \/>\n<meta property=\"article:published_time\" content=\"2026-02-14T19:39:44+00:00\" \/>\n<meta property=\"og:image\" content=\"https:\/\/media.guiame.com.br\/archives\/2026\/02\/12\/1357421321-igreja.jpg\" \/>\n<meta name=\"author\" content=\"admin\" \/>\n<meta name=\"twitter:card\" content=\"summary_large_image\" \/>\n<meta name=\"twitter:label1\" content=\"Escrito por\" \/>\n\t<meta name=\"twitter:data1\" content=\"admin\" \/>\n\t<meta name=\"twitter:label2\" content=\"Est. tempo de leitura\" \/>\n\t<meta name=\"twitter:data2\" content=\"8 minutos\" \/>\n<script type=\"application\/ld+json\" class=\"yoast-schema-graph\">{\"@context\":\"https:\/\/schema.org\",\"@graph\":[{\"@type\":\"Article\",\"@id\":\"https:\/\/radioportoseguro.com.br\/site\/2026\/02\/14\/as-indulgencias-da-igreja-na-pos-modernidade\/#article\",\"isPartOf\":{\"@id\":\"https:\/\/radioportoseguro.com.br\/site\/2026\/02\/14\/as-indulgencias-da-igreja-na-pos-modernidade\/\"},\"author\":{\"name\":\"admin\",\"@id\":\"https:\/\/radioportoseguro.com.br\/site\/#\/schema\/person\/7630acdc320186f13639d3c067ec089b\"},\"headline\":\"As indulg\u00eancias da igreja na p\u00f3s-modernidade\",\"datePublished\":\"2026-02-14T19:39:44+00:00\",\"mainEntityOfPage\":{\"@id\":\"https:\/\/radioportoseguro.com.br\/site\/2026\/02\/14\/as-indulgencias-da-igreja-na-pos-modernidade\/\"},\"wordCount\":1596,\"image\":{\"@id\":\"https:\/\/radioportoseguro.com.br\/site\/2026\/02\/14\/as-indulgencias-da-igreja-na-pos-modernidade\/#primaryimage\"},\"thumbnailUrl\":\"https:\/\/radioportoseguro.com.br\/site\/wp-content\/uploads\/2026\/02\/1357421321-igreja.jpg\",\"articleSection\":[\"Destaques\"],\"inLanguage\":\"pt-BR\"},{\"@type\":\"WebPage\",\"@id\":\"https:\/\/radioportoseguro.com.br\/site\/2026\/02\/14\/as-indulgencias-da-igreja-na-pos-modernidade\/\",\"url\":\"https:\/\/radioportoseguro.com.br\/site\/2026\/02\/14\/as-indulgencias-da-igreja-na-pos-modernidade\/\",\"name\":\"As indulg\u00eancias da igreja na p\u00f3s-modernidade - R\u00e1dio Porto Seguro\",\"isPartOf\":{\"@id\":\"https:\/\/radioportoseguro.com.br\/site\/#website\"},\"primaryImageOfPage\":{\"@id\":\"https:\/\/radioportoseguro.com.br\/site\/2026\/02\/14\/as-indulgencias-da-igreja-na-pos-modernidade\/#primaryimage\"},\"image\":{\"@id\":\"https:\/\/radioportoseguro.com.br\/site\/2026\/02\/14\/as-indulgencias-da-igreja-na-pos-modernidade\/#primaryimage\"},\"thumbnailUrl\":\"https:\/\/radioportoseguro.com.br\/site\/wp-content\/uploads\/2026\/02\/1357421321-igreja.jpg\",\"datePublished\":\"2026-02-14T19:39:44+00:00\",\"author\":{\"@id\":\"https:\/\/radioportoseguro.com.br\/site\/#\/schema\/person\/7630acdc320186f13639d3c067ec089b\"},\"breadcrumb\":{\"@id\":\"https:\/\/radioportoseguro.com.br\/site\/2026\/02\/14\/as-indulgencias-da-igreja-na-pos-modernidade\/#breadcrumb\"},\"inLanguage\":\"pt-BR\",\"potentialAction\":[{\"@type\":\"ReadAction\",\"target\":[\"https:\/\/radioportoseguro.com.br\/site\/2026\/02\/14\/as-indulgencias-da-igreja-na-pos-modernidade\/\"]}]},{\"@type\":\"ImageObject\",\"inLanguage\":\"pt-BR\",\"@id\":\"https:\/\/radioportoseguro.com.br\/site\/2026\/02\/14\/as-indulgencias-da-igreja-na-pos-modernidade\/#primaryimage\",\"url\":\"https:\/\/radioportoseguro.com.br\/site\/wp-content\/uploads\/2026\/02\/1357421321-igreja.jpg\",\"contentUrl\":\"https:\/\/radioportoseguro.com.br\/site\/wp-content\/uploads\/2026\/02\/1357421321-igreja.jpg\",\"width\":1200,\"height\":600},{\"@type\":\"BreadcrumbList\",\"@id\":\"https:\/\/radioportoseguro.com.br\/site\/2026\/02\/14\/as-indulgencias-da-igreja-na-pos-modernidade\/#breadcrumb\",\"itemListElement\":[{\"@type\":\"ListItem\",\"position\":1,\"name\":\"In\u00edcio\",\"item\":\"https:\/\/radioportoseguro.com.br\/site\/\"},{\"@type\":\"ListItem\",\"position\":2,\"name\":\"As indulg\u00eancias da igreja na p\u00f3s-modernidade\"}]},{\"@type\":\"WebSite\",\"@id\":\"https:\/\/radioportoseguro.com.br\/site\/#website\",\"url\":\"https:\/\/radioportoseguro.com.br\/site\/\",\"name\":\"R\u00e1dio Porto Seguro\",\"description\":\"\",\"potentialAction\":[{\"@type\":\"SearchAction\",\"target\":{\"@type\":\"EntryPoint\",\"urlTemplate\":\"https:\/\/radioportoseguro.com.br\/site\/?s={search_term_string}\"},\"query-input\":{\"@type\":\"PropertyValueSpecification\",\"valueRequired\":true,\"valueName\":\"search_term_string\"}}],\"inLanguage\":\"pt-BR\"},{\"@type\":\"Person\",\"@id\":\"https:\/\/radioportoseguro.com.br\/site\/#\/schema\/person\/7630acdc320186f13639d3c067ec089b\",\"name\":\"admin\",\"image\":{\"@type\":\"ImageObject\",\"inLanguage\":\"pt-BR\",\"@id\":\"https:\/\/radioportoseguro.com.br\/site\/#\/schema\/person\/image\/\",\"url\":\"https:\/\/secure.gravatar.com\/avatar\/caacf4dc1eedb68fab0df8e1ed46c448e578b2466351bbcb61e47d2ac0caaef0?s=96&d=mm&r=g\",\"contentUrl\":\"https:\/\/secure.gravatar.com\/avatar\/caacf4dc1eedb68fab0df8e1ed46c448e578b2466351bbcb61e47d2ac0caaef0?s=96&d=mm&r=g\",\"caption\":\"admin\"},\"sameAs\":[\"https:\/\/radioportoseguro.com.br\/site\"],\"url\":\"https:\/\/radioportoseguro.com.br\/site\/author\/hezio\/\"}]}<\/script>\n<!-- \/ Yoast SEO plugin. -->","yoast_head_json":{"title":"As indulg\u00eancias da igreja na p\u00f3s-modernidade - R\u00e1dio Porto Seguro","robots":{"index":"index","follow":"follow","max-snippet":"max-snippet:-1","max-image-preview":"max-image-preview:large","max-video-preview":"max-video-preview:-1"},"canonical":"https:\/\/radioportoseguro.com.br\/site\/2026\/02\/14\/as-indulgencias-da-igreja-na-pos-modernidade\/","og_locale":"pt_BR","og_type":"article","og_title":"As indulg\u00eancias da igreja na p\u00f3s-modernidade - R\u00e1dio Porto Seguro","og_description":"1. Introdu\u00e7\u00e3o\u00a0 A p\u00f3s-modernidade, dentre tantos outros desafios, estabelece um novo ambiente para a viv\u00eancia religiosa. Caracterizada pela dissolu\u00e7\u00e3o das certezas, pelo individualismo e pela &#8220;incredulidade em rela\u00e7\u00e3o \u00e0s metanarrativas&#8221; (LYOTARD, 1998, p. 12), ela altera profundamente a compreens\u00e3o dos mecanismos de media\u00e7\u00e3o espiritual.\u00a0 Tradicionalmente, os fundamentos apost\u00f3licos estruturam a rela\u00e7\u00e3o entre comunidade e transcend\u00eancia. [&hellip;]","og_url":"https:\/\/radioportoseguro.com.br\/site\/2026\/02\/14\/as-indulgencias-da-igreja-na-pos-modernidade\/","og_site_name":"R\u00e1dio Porto Seguro","article_published_time":"2026-02-14T19:39:44+00:00","og_image":[{"url":"https:\/\/media.guiame.com.br\/archives\/2026\/02\/12\/1357421321-igreja.jpg","type":"","width":"","height":""}],"author":"admin","twitter_card":"summary_large_image","twitter_misc":{"Escrito por":"admin","Est. tempo de leitura":"8 minutos"},"schema":{"@context":"https:\/\/schema.org","@graph":[{"@type":"Article","@id":"https:\/\/radioportoseguro.com.br\/site\/2026\/02\/14\/as-indulgencias-da-igreja-na-pos-modernidade\/#article","isPartOf":{"@id":"https:\/\/radioportoseguro.com.br\/site\/2026\/02\/14\/as-indulgencias-da-igreja-na-pos-modernidade\/"},"author":{"name":"admin","@id":"https:\/\/radioportoseguro.com.br\/site\/#\/schema\/person\/7630acdc320186f13639d3c067ec089b"},"headline":"As indulg\u00eancias da igreja na p\u00f3s-modernidade","datePublished":"2026-02-14T19:39:44+00:00","mainEntityOfPage":{"@id":"https:\/\/radioportoseguro.com.br\/site\/2026\/02\/14\/as-indulgencias-da-igreja-na-pos-modernidade\/"},"wordCount":1596,"image":{"@id":"https:\/\/radioportoseguro.com.br\/site\/2026\/02\/14\/as-indulgencias-da-igreja-na-pos-modernidade\/#primaryimage"},"thumbnailUrl":"https:\/\/radioportoseguro.com.br\/site\/wp-content\/uploads\/2026\/02\/1357421321-igreja.jpg","articleSection":["Destaques"],"inLanguage":"pt-BR"},{"@type":"WebPage","@id":"https:\/\/radioportoseguro.com.br\/site\/2026\/02\/14\/as-indulgencias-da-igreja-na-pos-modernidade\/","url":"https:\/\/radioportoseguro.com.br\/site\/2026\/02\/14\/as-indulgencias-da-igreja-na-pos-modernidade\/","name":"As indulg\u00eancias da igreja na p\u00f3s-modernidade - R\u00e1dio Porto Seguro","isPartOf":{"@id":"https:\/\/radioportoseguro.com.br\/site\/#website"},"primaryImageOfPage":{"@id":"https:\/\/radioportoseguro.com.br\/site\/2026\/02\/14\/as-indulgencias-da-igreja-na-pos-modernidade\/#primaryimage"},"image":{"@id":"https:\/\/radioportoseguro.com.br\/site\/2026\/02\/14\/as-indulgencias-da-igreja-na-pos-modernidade\/#primaryimage"},"thumbnailUrl":"https:\/\/radioportoseguro.com.br\/site\/wp-content\/uploads\/2026\/02\/1357421321-igreja.jpg","datePublished":"2026-02-14T19:39:44+00:00","author":{"@id":"https:\/\/radioportoseguro.com.br\/site\/#\/schema\/person\/7630acdc320186f13639d3c067ec089b"},"breadcrumb":{"@id":"https:\/\/radioportoseguro.com.br\/site\/2026\/02\/14\/as-indulgencias-da-igreja-na-pos-modernidade\/#breadcrumb"},"inLanguage":"pt-BR","potentialAction":[{"@type":"ReadAction","target":["https:\/\/radioportoseguro.com.br\/site\/2026\/02\/14\/as-indulgencias-da-igreja-na-pos-modernidade\/"]}]},{"@type":"ImageObject","inLanguage":"pt-BR","@id":"https:\/\/radioportoseguro.com.br\/site\/2026\/02\/14\/as-indulgencias-da-igreja-na-pos-modernidade\/#primaryimage","url":"https:\/\/radioportoseguro.com.br\/site\/wp-content\/uploads\/2026\/02\/1357421321-igreja.jpg","contentUrl":"https:\/\/radioportoseguro.com.br\/site\/wp-content\/uploads\/2026\/02\/1357421321-igreja.jpg","width":1200,"height":600},{"@type":"BreadcrumbList","@id":"https:\/\/radioportoseguro.com.br\/site\/2026\/02\/14\/as-indulgencias-da-igreja-na-pos-modernidade\/#breadcrumb","itemListElement":[{"@type":"ListItem","position":1,"name":"In\u00edcio","item":"https:\/\/radioportoseguro.com.br\/site\/"},{"@type":"ListItem","position":2,"name":"As indulg\u00eancias da igreja na p\u00f3s-modernidade"}]},{"@type":"WebSite","@id":"https:\/\/radioportoseguro.com.br\/site\/#website","url":"https:\/\/radioportoseguro.com.br\/site\/","name":"R\u00e1dio Porto Seguro","description":"","potentialAction":[{"@type":"SearchAction","target":{"@type":"EntryPoint","urlTemplate":"https:\/\/radioportoseguro.com.br\/site\/?s={search_term_string}"},"query-input":{"@type":"PropertyValueSpecification","valueRequired":true,"valueName":"search_term_string"}}],"inLanguage":"pt-BR"},{"@type":"Person","@id":"https:\/\/radioportoseguro.com.br\/site\/#\/schema\/person\/7630acdc320186f13639d3c067ec089b","name":"admin","image":{"@type":"ImageObject","inLanguage":"pt-BR","@id":"https:\/\/radioportoseguro.com.br\/site\/#\/schema\/person\/image\/","url":"https:\/\/secure.gravatar.com\/avatar\/caacf4dc1eedb68fab0df8e1ed46c448e578b2466351bbcb61e47d2ac0caaef0?s=96&d=mm&r=g","contentUrl":"https:\/\/secure.gravatar.com\/avatar\/caacf4dc1eedb68fab0df8e1ed46c448e578b2466351bbcb61e47d2ac0caaef0?s=96&d=mm&r=g","caption":"admin"},"sameAs":["https:\/\/radioportoseguro.com.br\/site"],"url":"https:\/\/radioportoseguro.com.br\/site\/author\/hezio\/"}]}},"_links":{"self":[{"href":"https:\/\/radioportoseguro.com.br\/site\/wp-json\/wp\/v2\/posts\/4077","targetHints":{"allow":["GET"]}}],"collection":[{"href":"https:\/\/radioportoseguro.com.br\/site\/wp-json\/wp\/v2\/posts"}],"about":[{"href":"https:\/\/radioportoseguro.com.br\/site\/wp-json\/wp\/v2\/types\/post"}],"author":[{"embeddable":true,"href":"https:\/\/radioportoseguro.com.br\/site\/wp-json\/wp\/v2\/users\/1"}],"replies":[{"embeddable":true,"href":"https:\/\/radioportoseguro.com.br\/site\/wp-json\/wp\/v2\/comments?post=4077"}],"version-history":[{"count":0,"href":"https:\/\/radioportoseguro.com.br\/site\/wp-json\/wp\/v2\/posts\/4077\/revisions"}],"wp:featuredmedia":[{"embeddable":true,"href":"https:\/\/radioportoseguro.com.br\/site\/wp-json\/wp\/v2\/media\/4078"}],"wp:attachment":[{"href":"https:\/\/radioportoseguro.com.br\/site\/wp-json\/wp\/v2\/media?parent=4077"}],"wp:term":[{"taxonomy":"category","embeddable":true,"href":"https:\/\/radioportoseguro.com.br\/site\/wp-json\/wp\/v2\/categories?post=4077"},{"taxonomy":"post_tag","embeddable":true,"href":"https:\/\/radioportoseguro.com.br\/site\/wp-json\/wp\/v2\/tags?post=4077"}],"curies":[{"name":"wp","href":"https:\/\/api.w.org\/{rel}","templated":true}]}}