{"id":4079,"date":"2026-02-14T18:40:45","date_gmt":"2026-02-14T21:40:45","guid":{"rendered":"https:\/\/radioportoseguro.com.br\/site\/2026\/02\/14\/sob-chuva-centenas-de-jovens-adoram-jesus-na-praca-da-se-o-evangelho-foi-pregado\/"},"modified":"2026-02-14T18:40:45","modified_gmt":"2026-02-14T21:40:45","slug":"sob-chuva-centenas-de-jovens-adoram-jesus-na-praca-da-se-o-evangelho-foi-pregado","status":"publish","type":"post","link":"https:\/\/radioportoseguro.com.br\/site\/2026\/02\/14\/sob-chuva-centenas-de-jovens-adoram-jesus-na-praca-da-se-o-evangelho-foi-pregado\/","title":{"rendered":"Sob chuva, centenas de jovens adoram Jesus na Pra\u00e7a da S\u00e9: \u2018O Evangelho foi pregado\u2019"},"content":{"rendered":"<p><br \/>\n<br \/><\/p>\n<div>\n<p><span style=\"font-weight: 400;\">Centenas de jovens se reuniram para adorar ao Senhor durante um evento evangel\u00edstico na Pra\u00e7a da S\u00e9, um dos principais pontos tur\u00edsticos de S\u00e3o Paulo, na \u00faltima ter\u00e7a-feira (10).\u00a0<\/span><\/p>\n<p><span style=\"font-weight: 400;\">O Segundo Andar \u00e9 um encontro mensal que tem como objetivo levar a Palavra de Deus a lugares p\u00fablicos e \u00e9 promovido pelo movimento Over Mission. A a\u00e7\u00e3o foi liderada pelo evangelista <\/span><span style=\"color: #993300;\"><strong>Luca Martini<\/strong><\/span><span style=\"font-weight: 400;\">, ao lado de Davide Grosso.<\/span><\/p>\n<p><span style=\"font-weight: 400;\">Os cantores <\/span><span style=\"color: #993300;\"><strong>Isaque Valad\u00e3o<\/strong><\/span><span style=\"font-weight: 400;\">, filho da cantora e pastora Ana Paula Valad\u00e3o, e Etto Santos conduziram o momento de adora\u00e7\u00e3o.<\/span><\/p>\n<blockquote class=\"instagram-media\" style=\"background: #FFF; border: 0; border-radius: 3px; box-shadow: 0 0 1px 0 rgba(0,0,0,0.5),0 1px 10px 0 rgba(0,0,0,0.15); margin: 1px; max-width: 540px; min-width: 326px; padding: 0; width: calc(100% - 2px);\" data-instgrm-permalink=\"https:\/\/www.instagram.com\/reel\/DUocRz7jWvT\/?utm_source=ig_embed&amp;utm_campaign=loading\" data-instgrm-version=\"14\"><p>&#13;<br \/>\n&#13;\n<\/p><\/blockquote>\n<p><span style=\"font-weight: 400;\">Nas redes sociais, os crist\u00e3os chamaram a aten\u00e7\u00e3o pela quantidade de jovens reunidos adorando a Jesus nas ruas da capital paulista.<\/span><\/p>\n<p><span style=\"font-weight: 400;\">\u201cIsso \u00e9 s\u00f3 o come\u00e7o. N\u00e3o foi s\u00f3 um ponto tur\u00edstico, foi o C\u00e9u tocando a terra\u201d, disse o movimento no Instagram.<\/span><\/p>\n<p><span style=\"font-weight: 400;\">E continuou: \u201cTeve cura, liberta\u00e7\u00e3o, salva\u00e7\u00e3o e o Evangelho sendo pregado com ousadia\u201d. Em um v\u00eddeo, uma jovem testemunhou que foi curada de uma les\u00e3o no ombro ap\u00f3s receber ora\u00e7\u00e3o.<\/span><\/p>\n<p><strong>\u2018Cora\u00e7\u00f5es foram restaurados\u2019<\/strong><\/p>\n<p><span style=\"font-weight: 400;\">Mesmo em meio \u00e0 chuva, os jovens n\u00e3o deixaram o local e continuaram adorando e orando uns pelos outros:\u00a0<\/span><\/p>\n<p><span style=\"font-weight: 400;\">\u201cNingu\u00e9m foi embora. Porque quando \u00e9 Jesus, a gente n\u00e3o recua. Quando \u00e9 presen\u00e7a, a gente permanece. Quando \u00e9 real, a gente fica. Debaixo da chuva, pessoas foram alcan\u00e7adas. Cora\u00e7\u00f5es foram restaurados no meio da pra\u00e7a\u201d.<\/span><\/p>\n<blockquote class=\"instagram-media\" style=\"background: #FFF; border: 0; border-radius: 3px; box-shadow: 0 0 1px 0 rgba(0,0,0,0.5),0 1px 10px 0 rgba(0,0,0,0.15); margin: 1px; max-width: 540px; min-width: 326px; padding: 0; width: calc(100% - 2px);\" data-instgrm-permalink=\"https:\/\/www.instagram.com\/reel\/DUmMVoCjdxN\/?utm_source=ig_embed&amp;utm_campaign=loading\" data-instgrm-version=\"14\"><p>&#13;<br \/>\n&#13;\n<\/p><\/blockquote>\n<p><span style=\"font-weight: 400;\">Luca tamb\u00e9m testemunhou: \u201cNem a chuva parou a galera de vir adorar ao Senhor. Cristo \u00e9 o amor da nossa vida, Ele nos salvou, Ele \u00e9 digno de tudo. O Senhor \u00e9 Deus, Jesus Cristo \u00e9 o nosso Senhor. Cristo vive\u201d.<\/span><\/p>\n<p><span style=\"font-weight: 400;\">Nos coment\u00e1rios das publica\u00e7\u00f5es, muitos glorificaram a Deus pelo movimento nas ruas. Um internauta relatou: \u201cPassei por l\u00e1, estava b\u00ean\u00e7\u00e3o de mais. Pessoas em situa\u00e7\u00e3o de rua sendo tocadas pela presen\u00e7a de Deus\u201d.<\/span><\/p>\n<p><span style=\"font-weight: 400;\">E uma mulher acrescentou: \u201cObrigado Igreja. Estava tendo um dia de muita afli\u00e7\u00e3o. Saindo do trabalho me deparo com voc\u00eas louvando, foi algo que transformou a minha ter\u00e7a-feira. Voc\u00eas foram a resposta de Deus\u201d.<\/span><\/p>\n<\/div>\n<p><script async src=\"\/\/www.instagram.com\/embed.js\"><\/script><br \/>\n<br \/><br \/>\n<br \/>Fonte: Guiame <\/p>\n","protected":false},"excerpt":{"rendered":"<p>Centenas de jovens se reuniram para adorar ao Senhor durante um evento evangel\u00edstico na Pra\u00e7a da S\u00e9, um dos principais pontos tur\u00edsticos de S\u00e3o Paulo, na \u00faltima ter\u00e7a-feira (10).\u00a0 O Segundo Andar \u00e9 um encontro mensal que tem como objetivo levar a Palavra de Deus a lugares p\u00fablicos e \u00e9 promovido pelo movimento Over Mission. [&hellip;]<\/p>\n","protected":false},"author":1,"featured_media":4080,"comment_status":"","ping_status":"open","sticky":false,"template":"","format":"standard","meta":{"footnotes":""},"categories":[43],"tags":[],"class_list":["post-4079","post","type-post","status-publish","format-standard","has-post-thumbnail","hentry","category-destaques"],"yoast_head":"<!-- This site is optimized with the Yoast SEO plugin v26.8 - https:\/\/yoast.com\/product\/yoast-seo-wordpress\/ -->\n<title>Sob chuva, centenas de jovens adoram Jesus na Pra\u00e7a da S\u00e9: \u2018O Evangelho foi pregado\u2019 - R\u00e1dio Porto Seguro<\/title>\n<meta name=\"robots\" content=\"index, follow, max-snippet:-1, max-image-preview:large, max-video-preview:-1\" \/>\n<link rel=\"canonical\" href=\"https:\/\/radioportoseguro.com.br\/site\/2026\/02\/14\/sob-chuva-centenas-de-jovens-adoram-jesus-na-praca-da-se-o-evangelho-foi-pregado\/\" \/>\n<meta property=\"og:locale\" content=\"pt_BR\" \/>\n<meta property=\"og:type\" content=\"article\" \/>\n<meta property=\"og:title\" content=\"Sob chuva, centenas de jovens adoram Jesus na Pra\u00e7a da S\u00e9: \u2018O Evangelho foi pregado\u2019 - R\u00e1dio Porto Seguro\" \/>\n<meta property=\"og:description\" content=\"Centenas de jovens se reuniram para adorar ao Senhor durante um evento evangel\u00edstico na Pra\u00e7a da S\u00e9, um dos principais pontos tur\u00edsticos de S\u00e3o Paulo, na \u00faltima ter\u00e7a-feira (10).\u00a0 O Segundo Andar \u00e9 um encontro mensal que tem como objetivo levar a Palavra de Deus a lugares p\u00fablicos e \u00e9 promovido pelo movimento Over Mission. [&hellip;]\" \/>\n<meta property=\"og:url\" content=\"https:\/\/radioportoseguro.com.br\/site\/2026\/02\/14\/sob-chuva-centenas-de-jovens-adoram-jesus-na-praca-da-se-o-evangelho-foi-pregado\/\" \/>\n<meta property=\"og:site_name\" content=\"R\u00e1dio Porto Seguro\" \/>\n<meta property=\"article:published_time\" content=\"2026-02-14T21:40:45+00:00\" \/>\n<meta property=\"og:image\" content=\"https:\/\/media.guiame.com.br\/archives\/2026\/02\/12\/3020168689-os-jovens-se-reuniram-na-praca-da-se.jpeg\" \/>\n<meta name=\"author\" content=\"admin\" \/>\n<meta name=\"twitter:card\" content=\"summary_large_image\" \/>\n<meta name=\"twitter:label1\" content=\"Escrito por\" \/>\n\t<meta name=\"twitter:data1\" content=\"admin\" \/>\n\t<meta name=\"twitter:label2\" content=\"Est. tempo de leitura\" \/>\n\t<meta name=\"twitter:data2\" content=\"2 minutos\" \/>\n<script type=\"application\/ld+json\" class=\"yoast-schema-graph\">{\"@context\":\"https:\/\/schema.org\",\"@graph\":[{\"@type\":\"Article\",\"@id\":\"https:\/\/radioportoseguro.com.br\/site\/2026\/02\/14\/sob-chuva-centenas-de-jovens-adoram-jesus-na-praca-da-se-o-evangelho-foi-pregado\/#article\",\"isPartOf\":{\"@id\":\"https:\/\/radioportoseguro.com.br\/site\/2026\/02\/14\/sob-chuva-centenas-de-jovens-adoram-jesus-na-praca-da-se-o-evangelho-foi-pregado\/\"},\"author\":{\"name\":\"admin\",\"@id\":\"https:\/\/radioportoseguro.com.br\/site\/#\/schema\/person\/7630acdc320186f13639d3c067ec089b\"},\"headline\":\"Sob chuva, centenas de jovens adoram Jesus na Pra\u00e7a da S\u00e9: \u2018O Evangelho foi pregado\u2019\",\"datePublished\":\"2026-02-14T21:40:45+00:00\",\"mainEntityOfPage\":{\"@id\":\"https:\/\/radioportoseguro.com.br\/site\/2026\/02\/14\/sob-chuva-centenas-de-jovens-adoram-jesus-na-praca-da-se-o-evangelho-foi-pregado\/\"},\"wordCount\":376,\"image\":{\"@id\":\"https:\/\/radioportoseguro.com.br\/site\/2026\/02\/14\/sob-chuva-centenas-de-jovens-adoram-jesus-na-praca-da-se-o-evangelho-foi-pregado\/#primaryimage\"},\"thumbnailUrl\":\"https:\/\/radioportoseguro.com.br\/site\/wp-content\/uploads\/2026\/02\/3020168689-os-jovens-se-reuniram-na-praca-da-se.jpeg\",\"articleSection\":[\"Destaques\"],\"inLanguage\":\"pt-BR\"},{\"@type\":\"WebPage\",\"@id\":\"https:\/\/radioportoseguro.com.br\/site\/2026\/02\/14\/sob-chuva-centenas-de-jovens-adoram-jesus-na-praca-da-se-o-evangelho-foi-pregado\/\",\"url\":\"https:\/\/radioportoseguro.com.br\/site\/2026\/02\/14\/sob-chuva-centenas-de-jovens-adoram-jesus-na-praca-da-se-o-evangelho-foi-pregado\/\",\"name\":\"Sob chuva, centenas de jovens adoram Jesus na Pra\u00e7a da S\u00e9: \u2018O Evangelho foi pregado\u2019 - R\u00e1dio Porto Seguro\",\"isPartOf\":{\"@id\":\"https:\/\/radioportoseguro.com.br\/site\/#website\"},\"primaryImageOfPage\":{\"@id\":\"https:\/\/radioportoseguro.com.br\/site\/2026\/02\/14\/sob-chuva-centenas-de-jovens-adoram-jesus-na-praca-da-se-o-evangelho-foi-pregado\/#primaryimage\"},\"image\":{\"@id\":\"https:\/\/radioportoseguro.com.br\/site\/2026\/02\/14\/sob-chuva-centenas-de-jovens-adoram-jesus-na-praca-da-se-o-evangelho-foi-pregado\/#primaryimage\"},\"thumbnailUrl\":\"https:\/\/radioportoseguro.com.br\/site\/wp-content\/uploads\/2026\/02\/3020168689-os-jovens-se-reuniram-na-praca-da-se.jpeg\",\"datePublished\":\"2026-02-14T21:40:45+00:00\",\"author\":{\"@id\":\"https:\/\/radioportoseguro.com.br\/site\/#\/schema\/person\/7630acdc320186f13639d3c067ec089b\"},\"breadcrumb\":{\"@id\":\"https:\/\/radioportoseguro.com.br\/site\/2026\/02\/14\/sob-chuva-centenas-de-jovens-adoram-jesus-na-praca-da-se-o-evangelho-foi-pregado\/#breadcrumb\"},\"inLanguage\":\"pt-BR\",\"potentialAction\":[{\"@type\":\"ReadAction\",\"target\":[\"https:\/\/radioportoseguro.com.br\/site\/2026\/02\/14\/sob-chuva-centenas-de-jovens-adoram-jesus-na-praca-da-se-o-evangelho-foi-pregado\/\"]}]},{\"@type\":\"ImageObject\",\"inLanguage\":\"pt-BR\",\"@id\":\"https:\/\/radioportoseguro.com.br\/site\/2026\/02\/14\/sob-chuva-centenas-de-jovens-adoram-jesus-na-praca-da-se-o-evangelho-foi-pregado\/#primaryimage\",\"url\":\"https:\/\/radioportoseguro.com.br\/site\/wp-content\/uploads\/2026\/02\/3020168689-os-jovens-se-reuniram-na-praca-da-se.jpeg\",\"contentUrl\":\"https:\/\/radioportoseguro.com.br\/site\/wp-content\/uploads\/2026\/02\/3020168689-os-jovens-se-reuniram-na-praca-da-se.jpeg\",\"width\":1200,\"height\":600},{\"@type\":\"BreadcrumbList\",\"@id\":\"https:\/\/radioportoseguro.com.br\/site\/2026\/02\/14\/sob-chuva-centenas-de-jovens-adoram-jesus-na-praca-da-se-o-evangelho-foi-pregado\/#breadcrumb\",\"itemListElement\":[{\"@type\":\"ListItem\",\"position\":1,\"name\":\"In\u00edcio\",\"item\":\"https:\/\/radioportoseguro.com.br\/site\/\"},{\"@type\":\"ListItem\",\"position\":2,\"name\":\"Sob chuva, centenas de jovens adoram Jesus na Pra\u00e7a da S\u00e9: \u2018O Evangelho foi pregado\u2019\"}]},{\"@type\":\"WebSite\",\"@id\":\"https:\/\/radioportoseguro.com.br\/site\/#website\",\"url\":\"https:\/\/radioportoseguro.com.br\/site\/\",\"name\":\"R\u00e1dio Porto Seguro\",\"description\":\"\",\"potentialAction\":[{\"@type\":\"SearchAction\",\"target\":{\"@type\":\"EntryPoint\",\"urlTemplate\":\"https:\/\/radioportoseguro.com.br\/site\/?s={search_term_string}\"},\"query-input\":{\"@type\":\"PropertyValueSpecification\",\"valueRequired\":true,\"valueName\":\"search_term_string\"}}],\"inLanguage\":\"pt-BR\"},{\"@type\":\"Person\",\"@id\":\"https:\/\/radioportoseguro.com.br\/site\/#\/schema\/person\/7630acdc320186f13639d3c067ec089b\",\"name\":\"admin\",\"image\":{\"@type\":\"ImageObject\",\"inLanguage\":\"pt-BR\",\"@id\":\"https:\/\/radioportoseguro.com.br\/site\/#\/schema\/person\/image\/\",\"url\":\"https:\/\/secure.gravatar.com\/avatar\/caacf4dc1eedb68fab0df8e1ed46c448e578b2466351bbcb61e47d2ac0caaef0?s=96&d=mm&r=g\",\"contentUrl\":\"https:\/\/secure.gravatar.com\/avatar\/caacf4dc1eedb68fab0df8e1ed46c448e578b2466351bbcb61e47d2ac0caaef0?s=96&d=mm&r=g\",\"caption\":\"admin\"},\"sameAs\":[\"https:\/\/radioportoseguro.com.br\/site\"],\"url\":\"https:\/\/radioportoseguro.com.br\/site\/author\/hezio\/\"}]}<\/script>\n<!-- \/ Yoast SEO plugin. -->","yoast_head_json":{"title":"Sob chuva, centenas de jovens adoram Jesus na Pra\u00e7a da S\u00e9: \u2018O Evangelho foi pregado\u2019 - R\u00e1dio Porto Seguro","robots":{"index":"index","follow":"follow","max-snippet":"max-snippet:-1","max-image-preview":"max-image-preview:large","max-video-preview":"max-video-preview:-1"},"canonical":"https:\/\/radioportoseguro.com.br\/site\/2026\/02\/14\/sob-chuva-centenas-de-jovens-adoram-jesus-na-praca-da-se-o-evangelho-foi-pregado\/","og_locale":"pt_BR","og_type":"article","og_title":"Sob chuva, centenas de jovens adoram Jesus na Pra\u00e7a da S\u00e9: \u2018O Evangelho foi pregado\u2019 - R\u00e1dio Porto Seguro","og_description":"Centenas de jovens se reuniram para adorar ao Senhor durante um evento evangel\u00edstico na Pra\u00e7a da S\u00e9, um dos principais pontos tur\u00edsticos de S\u00e3o Paulo, na \u00faltima ter\u00e7a-feira (10).\u00a0 O Segundo Andar \u00e9 um encontro mensal que tem como objetivo levar a Palavra de Deus a lugares p\u00fablicos e \u00e9 promovido pelo movimento Over Mission. [&hellip;]","og_url":"https:\/\/radioportoseguro.com.br\/site\/2026\/02\/14\/sob-chuva-centenas-de-jovens-adoram-jesus-na-praca-da-se-o-evangelho-foi-pregado\/","og_site_name":"R\u00e1dio Porto Seguro","article_published_time":"2026-02-14T21:40:45+00:00","og_image":[{"url":"https:\/\/media.guiame.com.br\/archives\/2026\/02\/12\/3020168689-os-jovens-se-reuniram-na-praca-da-se.jpeg","type":"","width":"","height":""}],"author":"admin","twitter_card":"summary_large_image","twitter_misc":{"Escrito por":"admin","Est. tempo de leitura":"2 minutos"},"schema":{"@context":"https:\/\/schema.org","@graph":[{"@type":"Article","@id":"https:\/\/radioportoseguro.com.br\/site\/2026\/02\/14\/sob-chuva-centenas-de-jovens-adoram-jesus-na-praca-da-se-o-evangelho-foi-pregado\/#article","isPartOf":{"@id":"https:\/\/radioportoseguro.com.br\/site\/2026\/02\/14\/sob-chuva-centenas-de-jovens-adoram-jesus-na-praca-da-se-o-evangelho-foi-pregado\/"},"author":{"name":"admin","@id":"https:\/\/radioportoseguro.com.br\/site\/#\/schema\/person\/7630acdc320186f13639d3c067ec089b"},"headline":"Sob chuva, centenas de jovens adoram Jesus na Pra\u00e7a da S\u00e9: \u2018O Evangelho foi pregado\u2019","datePublished":"2026-02-14T21:40:45+00:00","mainEntityOfPage":{"@id":"https:\/\/radioportoseguro.com.br\/site\/2026\/02\/14\/sob-chuva-centenas-de-jovens-adoram-jesus-na-praca-da-se-o-evangelho-foi-pregado\/"},"wordCount":376,"image":{"@id":"https:\/\/radioportoseguro.com.br\/site\/2026\/02\/14\/sob-chuva-centenas-de-jovens-adoram-jesus-na-praca-da-se-o-evangelho-foi-pregado\/#primaryimage"},"thumbnailUrl":"https:\/\/radioportoseguro.com.br\/site\/wp-content\/uploads\/2026\/02\/3020168689-os-jovens-se-reuniram-na-praca-da-se.jpeg","articleSection":["Destaques"],"inLanguage":"pt-BR"},{"@type":"WebPage","@id":"https:\/\/radioportoseguro.com.br\/site\/2026\/02\/14\/sob-chuva-centenas-de-jovens-adoram-jesus-na-praca-da-se-o-evangelho-foi-pregado\/","url":"https:\/\/radioportoseguro.com.br\/site\/2026\/02\/14\/sob-chuva-centenas-de-jovens-adoram-jesus-na-praca-da-se-o-evangelho-foi-pregado\/","name":"Sob chuva, centenas de jovens adoram Jesus na Pra\u00e7a da S\u00e9: \u2018O Evangelho foi pregado\u2019 - R\u00e1dio Porto Seguro","isPartOf":{"@id":"https:\/\/radioportoseguro.com.br\/site\/#website"},"primaryImageOfPage":{"@id":"https:\/\/radioportoseguro.com.br\/site\/2026\/02\/14\/sob-chuva-centenas-de-jovens-adoram-jesus-na-praca-da-se-o-evangelho-foi-pregado\/#primaryimage"},"image":{"@id":"https:\/\/radioportoseguro.com.br\/site\/2026\/02\/14\/sob-chuva-centenas-de-jovens-adoram-jesus-na-praca-da-se-o-evangelho-foi-pregado\/#primaryimage"},"thumbnailUrl":"https:\/\/radioportoseguro.com.br\/site\/wp-content\/uploads\/2026\/02\/3020168689-os-jovens-se-reuniram-na-praca-da-se.jpeg","datePublished":"2026-02-14T21:40:45+00:00","author":{"@id":"https:\/\/radioportoseguro.com.br\/site\/#\/schema\/person\/7630acdc320186f13639d3c067ec089b"},"breadcrumb":{"@id":"https:\/\/radioportoseguro.com.br\/site\/2026\/02\/14\/sob-chuva-centenas-de-jovens-adoram-jesus-na-praca-da-se-o-evangelho-foi-pregado\/#breadcrumb"},"inLanguage":"pt-BR","potentialAction":[{"@type":"ReadAction","target":["https:\/\/radioportoseguro.com.br\/site\/2026\/02\/14\/sob-chuva-centenas-de-jovens-adoram-jesus-na-praca-da-se-o-evangelho-foi-pregado\/"]}]},{"@type":"ImageObject","inLanguage":"pt-BR","@id":"https:\/\/radioportoseguro.com.br\/site\/2026\/02\/14\/sob-chuva-centenas-de-jovens-adoram-jesus-na-praca-da-se-o-evangelho-foi-pregado\/#primaryimage","url":"https:\/\/radioportoseguro.com.br\/site\/wp-content\/uploads\/2026\/02\/3020168689-os-jovens-se-reuniram-na-praca-da-se.jpeg","contentUrl":"https:\/\/radioportoseguro.com.br\/site\/wp-content\/uploads\/2026\/02\/3020168689-os-jovens-se-reuniram-na-praca-da-se.jpeg","width":1200,"height":600},{"@type":"BreadcrumbList","@id":"https:\/\/radioportoseguro.com.br\/site\/2026\/02\/14\/sob-chuva-centenas-de-jovens-adoram-jesus-na-praca-da-se-o-evangelho-foi-pregado\/#breadcrumb","itemListElement":[{"@type":"ListItem","position":1,"name":"In\u00edcio","item":"https:\/\/radioportoseguro.com.br\/site\/"},{"@type":"ListItem","position":2,"name":"Sob chuva, centenas de jovens adoram Jesus na Pra\u00e7a da S\u00e9: \u2018O Evangelho foi pregado\u2019"}]},{"@type":"WebSite","@id":"https:\/\/radioportoseguro.com.br\/site\/#website","url":"https:\/\/radioportoseguro.com.br\/site\/","name":"R\u00e1dio Porto Seguro","description":"","potentialAction":[{"@type":"SearchAction","target":{"@type":"EntryPoint","urlTemplate":"https:\/\/radioportoseguro.com.br\/site\/?s={search_term_string}"},"query-input":{"@type":"PropertyValueSpecification","valueRequired":true,"valueName":"search_term_string"}}],"inLanguage":"pt-BR"},{"@type":"Person","@id":"https:\/\/radioportoseguro.com.br\/site\/#\/schema\/person\/7630acdc320186f13639d3c067ec089b","name":"admin","image":{"@type":"ImageObject","inLanguage":"pt-BR","@id":"https:\/\/radioportoseguro.com.br\/site\/#\/schema\/person\/image\/","url":"https:\/\/secure.gravatar.com\/avatar\/caacf4dc1eedb68fab0df8e1ed46c448e578b2466351bbcb61e47d2ac0caaef0?s=96&d=mm&r=g","contentUrl":"https:\/\/secure.gravatar.com\/avatar\/caacf4dc1eedb68fab0df8e1ed46c448e578b2466351bbcb61e47d2ac0caaef0?s=96&d=mm&r=g","caption":"admin"},"sameAs":["https:\/\/radioportoseguro.com.br\/site"],"url":"https:\/\/radioportoseguro.com.br\/site\/author\/hezio\/"}]}},"_links":{"self":[{"href":"https:\/\/radioportoseguro.com.br\/site\/wp-json\/wp\/v2\/posts\/4079","targetHints":{"allow":["GET"]}}],"collection":[{"href":"https:\/\/radioportoseguro.com.br\/site\/wp-json\/wp\/v2\/posts"}],"about":[{"href":"https:\/\/radioportoseguro.com.br\/site\/wp-json\/wp\/v2\/types\/post"}],"author":[{"embeddable":true,"href":"https:\/\/radioportoseguro.com.br\/site\/wp-json\/wp\/v2\/users\/1"}],"replies":[{"embeddable":true,"href":"https:\/\/radioportoseguro.com.br\/site\/wp-json\/wp\/v2\/comments?post=4079"}],"version-history":[{"count":0,"href":"https:\/\/radioportoseguro.com.br\/site\/wp-json\/wp\/v2\/posts\/4079\/revisions"}],"wp:featuredmedia":[{"embeddable":true,"href":"https:\/\/radioportoseguro.com.br\/site\/wp-json\/wp\/v2\/media\/4080"}],"wp:attachment":[{"href":"https:\/\/radioportoseguro.com.br\/site\/wp-json\/wp\/v2\/media?parent=4079"}],"wp:term":[{"taxonomy":"category","embeddable":true,"href":"https:\/\/radioportoseguro.com.br\/site\/wp-json\/wp\/v2\/categories?post=4079"},{"taxonomy":"post_tag","embeddable":true,"href":"https:\/\/radioportoseguro.com.br\/site\/wp-json\/wp\/v2\/tags?post=4079"}],"curies":[{"name":"wp","href":"https:\/\/api.w.org\/{rel}","templated":true}]}}