{"id":4089,"date":"2026-02-15T00:44:19","date_gmt":"2026-02-15T03:44:19","guid":{"rendered":"https:\/\/radioportoseguro.com.br\/site\/2026\/02\/15\/apos-tiroteio-em-escola-no-canada-capelaes-oram-pelas-vitimas-jesus-consola\/"},"modified":"2026-02-15T00:44:19","modified_gmt":"2026-02-15T03:44:19","slug":"apos-tiroteio-em-escola-no-canada-capelaes-oram-pelas-vitimas-jesus-consola","status":"publish","type":"post","link":"https:\/\/radioportoseguro.com.br\/site\/2026\/02\/15\/apos-tiroteio-em-escola-no-canada-capelaes-oram-pelas-vitimas-jesus-consola\/","title":{"rendered":"Ap\u00f3s tiroteio em escola no Canad\u00e1, capel\u00e3es oram pelas v\u00edtimas: \u2018Jesus consola\u2019"},"content":{"rendered":"<p><br \/>\n<br \/><\/p>\n<div>\n<p><span style=\"font-weight: 400;\">Ap\u00f3s o tiroteio que deixou 10 mortos e 25 feridos na Tumbler Ridge Secondary School, na Col\u00fambia Brit\u00e2nica, no oeste do <\/span><span style=\"color: #993300;\"><strong>Canad\u00e1<\/strong><\/span><span style=\"font-weight: 400;\">, capel\u00e3es da Equipe de Resposta R\u00e1pida Billy Graham (BG-RRT) foram enviados para levar apoio e esperan\u00e7a \u00e0 comunidade.<\/span><\/p>\n<p><span style=\"font-weight: 400;\">O atentado ocorreu na \u00faltima ter\u00e7a-feira (10), quando o atirador, identificado como uma mulher trans chamada Jesse van Rootselaar, de 18 anos, abriu fogo na escola antes de cometer suic\u00eddio. Entre as v\u00edtimas est\u00e3o cinco adolescentes, que tinham entre 12 e 13 anos.<\/span><\/p>\n<p><span style=\"font-weight: 400;\">Segundo a pol\u00edcia, o crime teve in\u00edcio em uma resid\u00eancia pr\u00f3xima ao col\u00e9gio, onde moravam a m\u00e3e e o meio-irm\u00e3o do atirador. Eles foram mortos antes do ataque \u00e0 escola.\u00a0<\/span><\/p>\n<p><span style=\"font-weight: 400;\">Capel\u00e3es da Equipe de Resposta R\u00e1pida Billy Graham (BG-RRT) est\u00e3o sendo enviados para prestar assist\u00eancia \u00e0 comunidade.<\/span><\/p>\n<p><span style=\"font-weight: 400;\">\u201cNossos cora\u00e7\u00f5es est\u00e3o partidos por esta trag\u00e9dia indescrit\u00edvel\u201d, disse Tristan Klasson, l\u00edder da BG-RRT no Canad\u00e1.\u00a0<\/span><\/p>\n<p><span style=\"font-weight: 400;\">\u201cQueremos que as fam\u00edlias dos mortos e feridos, assim como a comunidade, saibam que n\u00e3o est\u00e3o sozinhas. Nossos <\/span><span style=\"color: #993300;\"><strong>capel\u00e3es<\/strong><\/span><span style=\"font-weight: 400;\">, treinados para lidar com crises, oferecer\u00e3o consolo e ora\u00e7\u00f5es a todos os afetados por este evento horr\u00edvel\u201d, acrescentou.<\/span><\/p>\n<p><strong>\u2018O Senhor oferece consolo\u2019<\/strong><\/p>\n<p><span style=\"font-weight: 400;\">Tumbler Ridge \u00e9 uma pequena comunidade de 2.400 habitantes no norte da Col\u00fambia Brit\u00e2nica. Os capel\u00e3es foram convidados por l\u00edderes religiosos locais e trabalhar\u00e3o em parceria com eles para oferecer apoio emocional e espiritual aos moradores.<\/span><\/p>\n<p><span style=\"font-weight: 400;\">\u201cEste incidente causou ondas de choque, horror e tristeza em todo o mundo\u201d, afirmou Josh Holland, vice-presidente da BG-RRT Global.\u00a0<\/span><\/p>\n<p><span style=\"font-weight: 400;\">E continuou: \u201cLamentamos profundamente a perda de cada pessoa afetada por esta trag\u00e9dia. A B\u00edblia nos lembra que o Senhor oferece compaix\u00e3o e consolo \u00e0queles que enfrentam dificuldades. Essa \u00e9 a mensagem que nossos capel\u00e3es, treinados para lidar com crises, transmitem ao ministrar e compartilhar a esperan\u00e7a de Jesus Cristo com uma comunidade de cora\u00e7\u00e3o partido\u201d.<\/span><\/p>\n<p><strong>Desdobramento do massacre\u00a0<\/strong><\/p>\n<p><span style=\"font-weight: 400;\">Em coletiva realizada na \u00faltima quarta-feira (11), o vice-comiss\u00e1rio da Pol\u00edcia Montada Real Canadense da Col\u00fambia Brit\u00e2nica, Dwayne McDonald, informou que Jesse havia iniciado o processo de transi\u00e7\u00e3o de g\u00eanero h\u00e1 seis anos.<\/span><\/p>\n<p><span style=\"font-weight: 400;\">A BBC News informou que nos \u00faltimos anos a pol\u00edcia foi acionada diversas vezes para atender ocorr\u00eancias na resid\u00eancia do jovem relacionadas a quest\u00f5es de sa\u00fade mental. Algumas dessas situa\u00e7\u00f5es envolveram o uso de arma.<\/span><\/p>\n<p><span style=\"font-weight: 400;\">Jesse foi encontrado morto na escola. O tiroteio levou as autoridades a emitirem uma ordem de confinamento em Tumbler Ridge, que durou v\u00e1rias horas. Ap\u00f3s a suspens\u00e3o da ordem e da verifica\u00e7\u00e3o de presen\u00e7a, os alunos foram liberados para suas fam\u00edlias em um centro recreativo pr\u00f3ximo.<\/span><\/p>\n<p><strong>Terceiro massacre a tiros mais letal da hist\u00f3ria do Canad\u00e1<\/strong><\/p>\n<p><span style=\"font-weight: 400;\">As escolas prim\u00e1rias e secund\u00e1rias da cidade permanecer\u00e3o fechadas pelo restante da semana. Uma faculdade local tamb\u00e9m suspendeu temporariamente suas atividades.<\/span><\/p>\n<p><span style=\"font-weight: 400;\">Durante o tiroteio, os alunos permaneceram dentro das salas de aula e oficinas enquanto a pol\u00edcia realizava a evacua\u00e7\u00e3o do pr\u00e9dio. Professores improvisaram barricadas com bancos de metal e bloquearam as portas para proteger os estudantes.<\/span><\/p>\n<p><span style=\"font-weight: 400;\">Um professor contou que sua turma foi escoltada para um local seguro mais de duas horas ap\u00f3s o in\u00edcio do confinamento. Segundo ele, os estudantes estavam visivelmente abalados.<\/span><\/p>\n<p><span style=\"font-weight: 400;\">O atentado \u00e9 considerado o terceiro massacre a tiros mais letal da hist\u00f3ria do Canad\u00e1 e o mais grave j\u00e1 registrado em uma escola no pa\u00eds. O caso sucedeu um ataque em 2020 na Nova Esc\u00f3cia, que matou 23 pessoas, e um tiroteio em uma universidade de Montreal em 1989, que deixou 14 mulheres mortas.<\/span><\/p>\n<p><span style=\"font-weight: 400;\">\u201cOre pelas fam\u00edlias afetadas por esta trag\u00e9dia e por todos que est\u00e3o sofrendo com a perda de algu\u00e9m. Por favor, ore tamb\u00e9m pelos socorristas que atuam na regi\u00e3o e pelos nossos capel\u00e3es, enquanto ministram em nome de Jesus\u201d, concluiu a miss\u00e3o.<\/span><\/p>\n<\/div>\n<p><br \/>\n<br \/>Fonte: Guiame <\/p>\n","protected":false},"excerpt":{"rendered":"<p>Ap\u00f3s o tiroteio que deixou 10 mortos e 25 feridos na Tumbler Ridge Secondary School, na Col\u00fambia Brit\u00e2nica, no oeste do Canad\u00e1, capel\u00e3es da Equipe de Resposta R\u00e1pida Billy Graham (BG-RRT) foram enviados para levar apoio e esperan\u00e7a \u00e0 comunidade. O atentado ocorreu na \u00faltima ter\u00e7a-feira (10), quando o atirador, identificado como uma mulher trans [&hellip;]<\/p>\n","protected":false},"author":1,"featured_media":4090,"comment_status":"","ping_status":"open","sticky":false,"template":"","format":"standard","meta":{"footnotes":""},"categories":[43],"tags":[],"class_list":["post-4089","post","type-post","status-publish","format-standard","has-post-thumbnail","hentry","category-destaques"],"yoast_head":"<!-- This site is optimized with the Yoast SEO plugin v26.8 - https:\/\/yoast.com\/product\/yoast-seo-wordpress\/ -->\n<title>Ap\u00f3s tiroteio em escola no Canad\u00e1, capel\u00e3es oram pelas v\u00edtimas: \u2018Jesus consola\u2019 - R\u00e1dio Porto Seguro<\/title>\n<meta name=\"robots\" content=\"index, follow, max-snippet:-1, max-image-preview:large, max-video-preview:-1\" \/>\n<link rel=\"canonical\" href=\"https:\/\/radioportoseguro.com.br\/site\/2026\/02\/15\/apos-tiroteio-em-escola-no-canada-capelaes-oram-pelas-vitimas-jesus-consola\/\" \/>\n<meta property=\"og:locale\" content=\"pt_BR\" \/>\n<meta property=\"og:type\" content=\"article\" \/>\n<meta property=\"og:title\" content=\"Ap\u00f3s tiroteio em escola no Canad\u00e1, capel\u00e3es oram pelas v\u00edtimas: \u2018Jesus consola\u2019 - R\u00e1dio Porto Seguro\" \/>\n<meta property=\"og:description\" content=\"Ap\u00f3s o tiroteio que deixou 10 mortos e 25 feridos na Tumbler Ridge Secondary School, na Col\u00fambia Brit\u00e2nica, no oeste do Canad\u00e1, capel\u00e3es da Equipe de Resposta R\u00e1pida Billy Graham (BG-RRT) foram enviados para levar apoio e esperan\u00e7a \u00e0 comunidade. O atentado ocorreu na \u00faltima ter\u00e7a-feira (10), quando o atirador, identificado como uma mulher trans [&hellip;]\" \/>\n<meta property=\"og:url\" content=\"https:\/\/radioportoseguro.com.br\/site\/2026\/02\/15\/apos-tiroteio-em-escola-no-canada-capelaes-oram-pelas-vitimas-jesus-consola\/\" \/>\n<meta property=\"og:site_name\" content=\"R\u00e1dio Porto Seguro\" \/>\n<meta property=\"article:published_time\" content=\"2026-02-15T03:44:19+00:00\" \/>\n<meta property=\"og:image\" content=\"https:\/\/media.guiame.com.br\/archives\/2026\/02\/12\/1951166940-tumbler-ridge-secondary-school.png\" \/>\n<meta name=\"author\" content=\"admin\" \/>\n<meta name=\"twitter:card\" content=\"summary_large_image\" \/>\n<meta name=\"twitter:label1\" content=\"Escrito por\" \/>\n\t<meta name=\"twitter:data1\" content=\"admin\" \/>\n\t<meta name=\"twitter:label2\" content=\"Est. tempo de leitura\" \/>\n\t<meta name=\"twitter:data2\" content=\"3 minutos\" \/>\n<script type=\"application\/ld+json\" class=\"yoast-schema-graph\">{\"@context\":\"https:\/\/schema.org\",\"@graph\":[{\"@type\":\"Article\",\"@id\":\"https:\/\/radioportoseguro.com.br\/site\/2026\/02\/15\/apos-tiroteio-em-escola-no-canada-capelaes-oram-pelas-vitimas-jesus-consola\/#article\",\"isPartOf\":{\"@id\":\"https:\/\/radioportoseguro.com.br\/site\/2026\/02\/15\/apos-tiroteio-em-escola-no-canada-capelaes-oram-pelas-vitimas-jesus-consola\/\"},\"author\":{\"name\":\"admin\",\"@id\":\"https:\/\/radioportoseguro.com.br\/site\/#\/schema\/person\/7630acdc320186f13639d3c067ec089b\"},\"headline\":\"Ap\u00f3s tiroteio em escola no Canad\u00e1, capel\u00e3es oram pelas v\u00edtimas: \u2018Jesus consola\u2019\",\"datePublished\":\"2026-02-15T03:44:19+00:00\",\"mainEntityOfPage\":{\"@id\":\"https:\/\/radioportoseguro.com.br\/site\/2026\/02\/15\/apos-tiroteio-em-escola-no-canada-capelaes-oram-pelas-vitimas-jesus-consola\/\"},\"wordCount\":692,\"image\":{\"@id\":\"https:\/\/radioportoseguro.com.br\/site\/2026\/02\/15\/apos-tiroteio-em-escola-no-canada-capelaes-oram-pelas-vitimas-jesus-consola\/#primaryimage\"},\"thumbnailUrl\":\"https:\/\/radioportoseguro.com.br\/site\/wp-content\/uploads\/2026\/02\/1951166940-tumbler-ridge-secondary-school.png\",\"articleSection\":[\"Destaques\"],\"inLanguage\":\"pt-BR\"},{\"@type\":\"WebPage\",\"@id\":\"https:\/\/radioportoseguro.com.br\/site\/2026\/02\/15\/apos-tiroteio-em-escola-no-canada-capelaes-oram-pelas-vitimas-jesus-consola\/\",\"url\":\"https:\/\/radioportoseguro.com.br\/site\/2026\/02\/15\/apos-tiroteio-em-escola-no-canada-capelaes-oram-pelas-vitimas-jesus-consola\/\",\"name\":\"Ap\u00f3s tiroteio em escola no Canad\u00e1, capel\u00e3es oram pelas v\u00edtimas: \u2018Jesus consola\u2019 - R\u00e1dio Porto Seguro\",\"isPartOf\":{\"@id\":\"https:\/\/radioportoseguro.com.br\/site\/#website\"},\"primaryImageOfPage\":{\"@id\":\"https:\/\/radioportoseguro.com.br\/site\/2026\/02\/15\/apos-tiroteio-em-escola-no-canada-capelaes-oram-pelas-vitimas-jesus-consola\/#primaryimage\"},\"image\":{\"@id\":\"https:\/\/radioportoseguro.com.br\/site\/2026\/02\/15\/apos-tiroteio-em-escola-no-canada-capelaes-oram-pelas-vitimas-jesus-consola\/#primaryimage\"},\"thumbnailUrl\":\"https:\/\/radioportoseguro.com.br\/site\/wp-content\/uploads\/2026\/02\/1951166940-tumbler-ridge-secondary-school.png\",\"datePublished\":\"2026-02-15T03:44:19+00:00\",\"author\":{\"@id\":\"https:\/\/radioportoseguro.com.br\/site\/#\/schema\/person\/7630acdc320186f13639d3c067ec089b\"},\"breadcrumb\":{\"@id\":\"https:\/\/radioportoseguro.com.br\/site\/2026\/02\/15\/apos-tiroteio-em-escola-no-canada-capelaes-oram-pelas-vitimas-jesus-consola\/#breadcrumb\"},\"inLanguage\":\"pt-BR\",\"potentialAction\":[{\"@type\":\"ReadAction\",\"target\":[\"https:\/\/radioportoseguro.com.br\/site\/2026\/02\/15\/apos-tiroteio-em-escola-no-canada-capelaes-oram-pelas-vitimas-jesus-consola\/\"]}]},{\"@type\":\"ImageObject\",\"inLanguage\":\"pt-BR\",\"@id\":\"https:\/\/radioportoseguro.com.br\/site\/2026\/02\/15\/apos-tiroteio-em-escola-no-canada-capelaes-oram-pelas-vitimas-jesus-consola\/#primaryimage\",\"url\":\"https:\/\/radioportoseguro.com.br\/site\/wp-content\/uploads\/2026\/02\/1951166940-tumbler-ridge-secondary-school.png\",\"contentUrl\":\"https:\/\/radioportoseguro.com.br\/site\/wp-content\/uploads\/2026\/02\/1951166940-tumbler-ridge-secondary-school.png\",\"width\":1200,\"height\":600},{\"@type\":\"BreadcrumbList\",\"@id\":\"https:\/\/radioportoseguro.com.br\/site\/2026\/02\/15\/apos-tiroteio-em-escola-no-canada-capelaes-oram-pelas-vitimas-jesus-consola\/#breadcrumb\",\"itemListElement\":[{\"@type\":\"ListItem\",\"position\":1,\"name\":\"In\u00edcio\",\"item\":\"https:\/\/radioportoseguro.com.br\/site\/\"},{\"@type\":\"ListItem\",\"position\":2,\"name\":\"Ap\u00f3s tiroteio em escola no Canad\u00e1, capel\u00e3es oram pelas v\u00edtimas: \u2018Jesus consola\u2019\"}]},{\"@type\":\"WebSite\",\"@id\":\"https:\/\/radioportoseguro.com.br\/site\/#website\",\"url\":\"https:\/\/radioportoseguro.com.br\/site\/\",\"name\":\"R\u00e1dio Porto Seguro\",\"description\":\"\",\"potentialAction\":[{\"@type\":\"SearchAction\",\"target\":{\"@type\":\"EntryPoint\",\"urlTemplate\":\"https:\/\/radioportoseguro.com.br\/site\/?s={search_term_string}\"},\"query-input\":{\"@type\":\"PropertyValueSpecification\",\"valueRequired\":true,\"valueName\":\"search_term_string\"}}],\"inLanguage\":\"pt-BR\"},{\"@type\":\"Person\",\"@id\":\"https:\/\/radioportoseguro.com.br\/site\/#\/schema\/person\/7630acdc320186f13639d3c067ec089b\",\"name\":\"admin\",\"image\":{\"@type\":\"ImageObject\",\"inLanguage\":\"pt-BR\",\"@id\":\"https:\/\/radioportoseguro.com.br\/site\/#\/schema\/person\/image\/\",\"url\":\"https:\/\/secure.gravatar.com\/avatar\/caacf4dc1eedb68fab0df8e1ed46c448e578b2466351bbcb61e47d2ac0caaef0?s=96&d=mm&r=g\",\"contentUrl\":\"https:\/\/secure.gravatar.com\/avatar\/caacf4dc1eedb68fab0df8e1ed46c448e578b2466351bbcb61e47d2ac0caaef0?s=96&d=mm&r=g\",\"caption\":\"admin\"},\"sameAs\":[\"https:\/\/radioportoseguro.com.br\/site\"],\"url\":\"https:\/\/radioportoseguro.com.br\/site\/author\/hezio\/\"}]}<\/script>\n<!-- \/ Yoast SEO plugin. -->","yoast_head_json":{"title":"Ap\u00f3s tiroteio em escola no Canad\u00e1, capel\u00e3es oram pelas v\u00edtimas: \u2018Jesus consola\u2019 - R\u00e1dio Porto Seguro","robots":{"index":"index","follow":"follow","max-snippet":"max-snippet:-1","max-image-preview":"max-image-preview:large","max-video-preview":"max-video-preview:-1"},"canonical":"https:\/\/radioportoseguro.com.br\/site\/2026\/02\/15\/apos-tiroteio-em-escola-no-canada-capelaes-oram-pelas-vitimas-jesus-consola\/","og_locale":"pt_BR","og_type":"article","og_title":"Ap\u00f3s tiroteio em escola no Canad\u00e1, capel\u00e3es oram pelas v\u00edtimas: \u2018Jesus consola\u2019 - R\u00e1dio Porto Seguro","og_description":"Ap\u00f3s o tiroteio que deixou 10 mortos e 25 feridos na Tumbler Ridge Secondary School, na Col\u00fambia Brit\u00e2nica, no oeste do Canad\u00e1, capel\u00e3es da Equipe de Resposta R\u00e1pida Billy Graham (BG-RRT) foram enviados para levar apoio e esperan\u00e7a \u00e0 comunidade. O atentado ocorreu na \u00faltima ter\u00e7a-feira (10), quando o atirador, identificado como uma mulher trans [&hellip;]","og_url":"https:\/\/radioportoseguro.com.br\/site\/2026\/02\/15\/apos-tiroteio-em-escola-no-canada-capelaes-oram-pelas-vitimas-jesus-consola\/","og_site_name":"R\u00e1dio Porto Seguro","article_published_time":"2026-02-15T03:44:19+00:00","og_image":[{"url":"https:\/\/media.guiame.com.br\/archives\/2026\/02\/12\/1951166940-tumbler-ridge-secondary-school.png","type":"","width":"","height":""}],"author":"admin","twitter_card":"summary_large_image","twitter_misc":{"Escrito por":"admin","Est. tempo de leitura":"3 minutos"},"schema":{"@context":"https:\/\/schema.org","@graph":[{"@type":"Article","@id":"https:\/\/radioportoseguro.com.br\/site\/2026\/02\/15\/apos-tiroteio-em-escola-no-canada-capelaes-oram-pelas-vitimas-jesus-consola\/#article","isPartOf":{"@id":"https:\/\/radioportoseguro.com.br\/site\/2026\/02\/15\/apos-tiroteio-em-escola-no-canada-capelaes-oram-pelas-vitimas-jesus-consola\/"},"author":{"name":"admin","@id":"https:\/\/radioportoseguro.com.br\/site\/#\/schema\/person\/7630acdc320186f13639d3c067ec089b"},"headline":"Ap\u00f3s tiroteio em escola no Canad\u00e1, capel\u00e3es oram pelas v\u00edtimas: \u2018Jesus consola\u2019","datePublished":"2026-02-15T03:44:19+00:00","mainEntityOfPage":{"@id":"https:\/\/radioportoseguro.com.br\/site\/2026\/02\/15\/apos-tiroteio-em-escola-no-canada-capelaes-oram-pelas-vitimas-jesus-consola\/"},"wordCount":692,"image":{"@id":"https:\/\/radioportoseguro.com.br\/site\/2026\/02\/15\/apos-tiroteio-em-escola-no-canada-capelaes-oram-pelas-vitimas-jesus-consola\/#primaryimage"},"thumbnailUrl":"https:\/\/radioportoseguro.com.br\/site\/wp-content\/uploads\/2026\/02\/1951166940-tumbler-ridge-secondary-school.png","articleSection":["Destaques"],"inLanguage":"pt-BR"},{"@type":"WebPage","@id":"https:\/\/radioportoseguro.com.br\/site\/2026\/02\/15\/apos-tiroteio-em-escola-no-canada-capelaes-oram-pelas-vitimas-jesus-consola\/","url":"https:\/\/radioportoseguro.com.br\/site\/2026\/02\/15\/apos-tiroteio-em-escola-no-canada-capelaes-oram-pelas-vitimas-jesus-consola\/","name":"Ap\u00f3s tiroteio em escola no Canad\u00e1, capel\u00e3es oram pelas v\u00edtimas: \u2018Jesus consola\u2019 - R\u00e1dio Porto Seguro","isPartOf":{"@id":"https:\/\/radioportoseguro.com.br\/site\/#website"},"primaryImageOfPage":{"@id":"https:\/\/radioportoseguro.com.br\/site\/2026\/02\/15\/apos-tiroteio-em-escola-no-canada-capelaes-oram-pelas-vitimas-jesus-consola\/#primaryimage"},"image":{"@id":"https:\/\/radioportoseguro.com.br\/site\/2026\/02\/15\/apos-tiroteio-em-escola-no-canada-capelaes-oram-pelas-vitimas-jesus-consola\/#primaryimage"},"thumbnailUrl":"https:\/\/radioportoseguro.com.br\/site\/wp-content\/uploads\/2026\/02\/1951166940-tumbler-ridge-secondary-school.png","datePublished":"2026-02-15T03:44:19+00:00","author":{"@id":"https:\/\/radioportoseguro.com.br\/site\/#\/schema\/person\/7630acdc320186f13639d3c067ec089b"},"breadcrumb":{"@id":"https:\/\/radioportoseguro.com.br\/site\/2026\/02\/15\/apos-tiroteio-em-escola-no-canada-capelaes-oram-pelas-vitimas-jesus-consola\/#breadcrumb"},"inLanguage":"pt-BR","potentialAction":[{"@type":"ReadAction","target":["https:\/\/radioportoseguro.com.br\/site\/2026\/02\/15\/apos-tiroteio-em-escola-no-canada-capelaes-oram-pelas-vitimas-jesus-consola\/"]}]},{"@type":"ImageObject","inLanguage":"pt-BR","@id":"https:\/\/radioportoseguro.com.br\/site\/2026\/02\/15\/apos-tiroteio-em-escola-no-canada-capelaes-oram-pelas-vitimas-jesus-consola\/#primaryimage","url":"https:\/\/radioportoseguro.com.br\/site\/wp-content\/uploads\/2026\/02\/1951166940-tumbler-ridge-secondary-school.png","contentUrl":"https:\/\/radioportoseguro.com.br\/site\/wp-content\/uploads\/2026\/02\/1951166940-tumbler-ridge-secondary-school.png","width":1200,"height":600},{"@type":"BreadcrumbList","@id":"https:\/\/radioportoseguro.com.br\/site\/2026\/02\/15\/apos-tiroteio-em-escola-no-canada-capelaes-oram-pelas-vitimas-jesus-consola\/#breadcrumb","itemListElement":[{"@type":"ListItem","position":1,"name":"In\u00edcio","item":"https:\/\/radioportoseguro.com.br\/site\/"},{"@type":"ListItem","position":2,"name":"Ap\u00f3s tiroteio em escola no Canad\u00e1, capel\u00e3es oram pelas v\u00edtimas: \u2018Jesus consola\u2019"}]},{"@type":"WebSite","@id":"https:\/\/radioportoseguro.com.br\/site\/#website","url":"https:\/\/radioportoseguro.com.br\/site\/","name":"R\u00e1dio Porto Seguro","description":"","potentialAction":[{"@type":"SearchAction","target":{"@type":"EntryPoint","urlTemplate":"https:\/\/radioportoseguro.com.br\/site\/?s={search_term_string}"},"query-input":{"@type":"PropertyValueSpecification","valueRequired":true,"valueName":"search_term_string"}}],"inLanguage":"pt-BR"},{"@type":"Person","@id":"https:\/\/radioportoseguro.com.br\/site\/#\/schema\/person\/7630acdc320186f13639d3c067ec089b","name":"admin","image":{"@type":"ImageObject","inLanguage":"pt-BR","@id":"https:\/\/radioportoseguro.com.br\/site\/#\/schema\/person\/image\/","url":"https:\/\/secure.gravatar.com\/avatar\/caacf4dc1eedb68fab0df8e1ed46c448e578b2466351bbcb61e47d2ac0caaef0?s=96&d=mm&r=g","contentUrl":"https:\/\/secure.gravatar.com\/avatar\/caacf4dc1eedb68fab0df8e1ed46c448e578b2466351bbcb61e47d2ac0caaef0?s=96&d=mm&r=g","caption":"admin"},"sameAs":["https:\/\/radioportoseguro.com.br\/site"],"url":"https:\/\/radioportoseguro.com.br\/site\/author\/hezio\/"}]}},"_links":{"self":[{"href":"https:\/\/radioportoseguro.com.br\/site\/wp-json\/wp\/v2\/posts\/4089","targetHints":{"allow":["GET"]}}],"collection":[{"href":"https:\/\/radioportoseguro.com.br\/site\/wp-json\/wp\/v2\/posts"}],"about":[{"href":"https:\/\/radioportoseguro.com.br\/site\/wp-json\/wp\/v2\/types\/post"}],"author":[{"embeddable":true,"href":"https:\/\/radioportoseguro.com.br\/site\/wp-json\/wp\/v2\/users\/1"}],"replies":[{"embeddable":true,"href":"https:\/\/radioportoseguro.com.br\/site\/wp-json\/wp\/v2\/comments?post=4089"}],"version-history":[{"count":0,"href":"https:\/\/radioportoseguro.com.br\/site\/wp-json\/wp\/v2\/posts\/4089\/revisions"}],"wp:featuredmedia":[{"embeddable":true,"href":"https:\/\/radioportoseguro.com.br\/site\/wp-json\/wp\/v2\/media\/4090"}],"wp:attachment":[{"href":"https:\/\/radioportoseguro.com.br\/site\/wp-json\/wp\/v2\/media?parent=4089"}],"wp:term":[{"taxonomy":"category","embeddable":true,"href":"https:\/\/radioportoseguro.com.br\/site\/wp-json\/wp\/v2\/categories?post=4089"},{"taxonomy":"post_tag","embeddable":true,"href":"https:\/\/radioportoseguro.com.br\/site\/wp-json\/wp\/v2\/tags?post=4089"}],"curies":[{"name":"wp","href":"https:\/\/api.w.org\/{rel}","templated":true}]}}