{"id":4093,"date":"2026-02-15T03:00:38","date_gmt":"2026-02-15T06:00:38","guid":{"rendered":"https:\/\/radioportoseguro.com.br\/site\/2026\/02\/15\/policia-abre-inquerito-apos-historiador-dizer-que-evangelico-nao-tem-que-votar\/"},"modified":"2026-02-15T03:00:38","modified_gmt":"2026-02-15T06:00:38","slug":"policia-abre-inquerito-apos-historiador-dizer-que-evangelico-nao-tem-que-votar","status":"publish","type":"post","link":"https:\/\/radioportoseguro.com.br\/site\/2026\/02\/15\/policia-abre-inquerito-apos-historiador-dizer-que-evangelico-nao-tem-que-votar\/","title":{"rendered":"Pol\u00edcia abre inqu\u00e9rito ap\u00f3s historiador dizer que \u2018evang\u00e9lico n\u00e3o tem que votar\u2019"},"content":{"rendered":"<p><br \/>\n<br \/><\/p>\n<div>\n<p><span style=\"font-weight: 400;\">A Pol\u00edcia Civil instaurou um inqu\u00e9rito para investigar o escritor e historiador Eduardo Bueno, conhecido como Peninha, ap\u00f3s ele afirmar que \u201c<\/span><span style=\"color: #800000;\"><strong>evang\u00e9lico<\/strong><\/span><span style=\"font-weight: 400;\"> n\u00e3o tem que votar\u201d.<\/span><\/p>\n<p><span style=\"font-weight: 400;\">A declara\u00e7\u00e3o foi feita por Eduardo em v\u00eddeo compartilhado em janeiro em seu canal no YouTube, onde zombava do incidente onde um raio caiu em uma manifesta\u00e7\u00e3o do deputado federal Nikolas Ferreira.\u00a0<\/span><\/p>\n<p><span style=\"font-weight: 400;\">No v\u00eddeo \u201cCom Mil Raios\u201d, publicado em 28 de fevereiro, Peninha disse que os evang\u00e9licos deveriam ser proibidos de votar nas elei\u00e7\u00f5es.<\/span><\/p>\n<p><span style=\"font-weight: 400;\">\u201cEvang\u00e9lico tem que ficar no culto, tem que ficar pastando junto com o pastor. Devia ser proibido evang\u00e9lico votar, porque eles n\u00e3o votam para pastor! Por que eles t\u00eam que votar para vereador, para deputado estadual, etc?\u201d, afirmou.<\/span><\/p>\n<p style=\"text-align: center;\"><div class=\"ose-youtube ose-uid-29c87fc75aa9269b9fca806539a8edef ose-embedpress-responsive\" style=\"width:600px; height:600px; max-height:600px; max-width:100%; display:inline-block;\" data-embed-type=\"Youtube\"><iframe allowFullScreen=\"true\" title=\"COM MIL RAIOS - Eduardo Bueno\" width=\"600\" height=\"600\" src=\"https:\/\/www.youtube.com\/embed\/B1JG3aG1bUU?feature=oembed&color=red&rel=0&controls=1&start=&end=&fs=0&iv_load_policy=0&autoplay=0&mute=0&modestbranding=0&cc_load_policy=1&playsinline=1\" frameborder=\"0\" allow=\"accelerometer; encrypted-media;accelerometer;autoplay;clipboard-write;gyroscope;picture-in-picture clipboard-write; encrypted-media; gyroscope; picture-in-picture; web-share\" referrerpolicy=\"strict-origin-when-cross-origin\" allowfullscreen><\/iframe><\/div><\/p>\n<p style=\"text-align: left;\"><span style=\"font-weight: 400;\">O inqu\u00e9rito est\u00e1 sendo conduzido pela Delegacia de Pol\u00edcia de Combate \u00e0 <\/span><span style=\"color: #800000;\"><strong>Intoler\u00e2ncia<\/strong><\/span><span style=\"font-weight: 400;\">, em Porto Alegre, no Rio Grande do Sul.<\/span><\/p>\n<p><span style=\"font-weight: 400;\">O delegado respons\u00e1vel pelo caso, Vinicius Naham, afirmou que as falas do escritor s\u00e3o classificadas como crime de discrimina\u00e7\u00e3o religiosa contra os evang\u00e9licos, conforme previsto no art. 20 da Lei Federal 7.716\/89.<\/span><\/p>\n<p><span style=\"font-weight: 400;\">A pol\u00edcia pretende realizar o interrogat\u00f3rio de Eduardo at\u00e9 mar\u00e7o, segundo o Correio do Povo.<\/span><\/p>\n<p><span style=\"font-weight: 400;\">Em resposta a fala de Peninha, o deputado estadual Leonardo Siqueira (NOVO) tamb\u00e9m protocolou uma representa\u00e7\u00e3o no Minist\u00e9rio P\u00fablico de S\u00e3o Paulo (MP-SP), pedindo uma investiga\u00e7\u00e3o por poss\u00edvel &#8220;discurso de \u00f3dio&#8221; e \u201cintoler\u00e2ncia religiosa\u201d.<\/span><\/p>\n<p><span style=\"font-weight: 400;\">Eduardo Bueno possui uma hist\u00f3rico de ataques contra personalidades de direita. Ele chegou a comemorar o assassinado do ativista conservador Charlie Kirk e desejou a morte de Olavo de Carvalho, do m\u00fasico Roger Moreira, do Ultraje a Rigor, e da deputada estadual Ana Campagnolo (PL).<\/span><\/p>\n<\/div>\n<p><br \/>\n<br \/>Fonte: Guiame <\/p>\n","protected":false},"excerpt":{"rendered":"<p>A Pol\u00edcia Civil instaurou um inqu\u00e9rito para investigar o escritor e historiador Eduardo Bueno, conhecido como Peninha, ap\u00f3s ele afirmar que \u201cevang\u00e9lico n\u00e3o tem que votar\u201d. A declara\u00e7\u00e3o foi feita por Eduardo em v\u00eddeo compartilhado em janeiro em seu canal no YouTube, onde zombava do incidente onde um raio caiu em uma manifesta\u00e7\u00e3o do deputado [&hellip;]<\/p>\n","protected":false},"author":1,"featured_media":4094,"comment_status":"","ping_status":"open","sticky":false,"template":"","format":"standard","meta":{"footnotes":""},"categories":[43],"tags":[],"class_list":["post-4093","post","type-post","status-publish","format-standard","has-post-thumbnail","hentry","category-destaques"],"yoast_head":"<!-- This site is optimized with the Yoast SEO plugin v26.8 - https:\/\/yoast.com\/product\/yoast-seo-wordpress\/ -->\n<title>Pol\u00edcia abre inqu\u00e9rito ap\u00f3s historiador dizer que \u2018evang\u00e9lico n\u00e3o tem que votar\u2019 - R\u00e1dio Porto Seguro<\/title>\n<meta name=\"robots\" content=\"index, follow, max-snippet:-1, max-image-preview:large, max-video-preview:-1\" \/>\n<link rel=\"canonical\" href=\"https:\/\/radioportoseguro.com.br\/site\/2026\/02\/15\/policia-abre-inquerito-apos-historiador-dizer-que-evangelico-nao-tem-que-votar\/\" \/>\n<meta property=\"og:locale\" content=\"pt_BR\" \/>\n<meta property=\"og:type\" content=\"article\" \/>\n<meta property=\"og:title\" content=\"Pol\u00edcia abre inqu\u00e9rito ap\u00f3s historiador dizer que \u2018evang\u00e9lico n\u00e3o tem que votar\u2019 - R\u00e1dio Porto Seguro\" \/>\n<meta property=\"og:description\" content=\"A Pol\u00edcia Civil instaurou um inqu\u00e9rito para investigar o escritor e historiador Eduardo Bueno, conhecido como Peninha, ap\u00f3s ele afirmar que \u201cevang\u00e9lico n\u00e3o tem que votar\u201d. A declara\u00e7\u00e3o foi feita por Eduardo em v\u00eddeo compartilhado em janeiro em seu canal no YouTube, onde zombava do incidente onde um raio caiu em uma manifesta\u00e7\u00e3o do deputado [&hellip;]\" \/>\n<meta property=\"og:url\" content=\"https:\/\/radioportoseguro.com.br\/site\/2026\/02\/15\/policia-abre-inquerito-apos-historiador-dizer-que-evangelico-nao-tem-que-votar\/\" \/>\n<meta property=\"og:site_name\" content=\"R\u00e1dio Porto Seguro\" \/>\n<meta property=\"article:published_time\" content=\"2026-02-15T06:00:38+00:00\" \/>\n<meta property=\"og:image\" content=\"https:\/\/media.guiame.com.br\/archives\/2026\/02\/12\/4229786780-eduardo-bueno.jpeg\" \/>\n<meta name=\"author\" content=\"admin\" \/>\n<meta name=\"twitter:card\" content=\"summary_large_image\" \/>\n<meta name=\"twitter:label1\" content=\"Escrito por\" \/>\n\t<meta name=\"twitter:data1\" content=\"admin\" \/>\n\t<meta name=\"twitter:label2\" content=\"Est. tempo de leitura\" \/>\n\t<meta name=\"twitter:data2\" content=\"2 minutos\" \/>\n<script type=\"application\/ld+json\" class=\"yoast-schema-graph\">{\"@context\":\"https:\/\/schema.org\",\"@graph\":[{\"@type\":\"Article\",\"@id\":\"https:\/\/radioportoseguro.com.br\/site\/2026\/02\/15\/policia-abre-inquerito-apos-historiador-dizer-que-evangelico-nao-tem-que-votar\/#article\",\"isPartOf\":{\"@id\":\"https:\/\/radioportoseguro.com.br\/site\/2026\/02\/15\/policia-abre-inquerito-apos-historiador-dizer-que-evangelico-nao-tem-que-votar\/\"},\"author\":{\"name\":\"admin\",\"@id\":\"https:\/\/radioportoseguro.com.br\/site\/#\/schema\/person\/7630acdc320186f13639d3c067ec089b\"},\"headline\":\"Pol\u00edcia abre inqu\u00e9rito ap\u00f3s historiador dizer que \u2018evang\u00e9lico n\u00e3o tem que votar\u2019\",\"datePublished\":\"2026-02-15T06:00:38+00:00\",\"mainEntityOfPage\":{\"@id\":\"https:\/\/radioportoseguro.com.br\/site\/2026\/02\/15\/policia-abre-inquerito-apos-historiador-dizer-que-evangelico-nao-tem-que-votar\/\"},\"wordCount\":329,\"image\":{\"@id\":\"https:\/\/radioportoseguro.com.br\/site\/2026\/02\/15\/policia-abre-inquerito-apos-historiador-dizer-que-evangelico-nao-tem-que-votar\/#primaryimage\"},\"thumbnailUrl\":\"https:\/\/radioportoseguro.com.br\/site\/wp-content\/uploads\/2026\/02\/4229786780-eduardo-bueno.jpeg\",\"articleSection\":[\"Destaques\"],\"inLanguage\":\"pt-BR\"},{\"@type\":\"WebPage\",\"@id\":\"https:\/\/radioportoseguro.com.br\/site\/2026\/02\/15\/policia-abre-inquerito-apos-historiador-dizer-que-evangelico-nao-tem-que-votar\/\",\"url\":\"https:\/\/radioportoseguro.com.br\/site\/2026\/02\/15\/policia-abre-inquerito-apos-historiador-dizer-que-evangelico-nao-tem-que-votar\/\",\"name\":\"Pol\u00edcia abre inqu\u00e9rito ap\u00f3s historiador dizer que \u2018evang\u00e9lico n\u00e3o tem que votar\u2019 - R\u00e1dio Porto Seguro\",\"isPartOf\":{\"@id\":\"https:\/\/radioportoseguro.com.br\/site\/#website\"},\"primaryImageOfPage\":{\"@id\":\"https:\/\/radioportoseguro.com.br\/site\/2026\/02\/15\/policia-abre-inquerito-apos-historiador-dizer-que-evangelico-nao-tem-que-votar\/#primaryimage\"},\"image\":{\"@id\":\"https:\/\/radioportoseguro.com.br\/site\/2026\/02\/15\/policia-abre-inquerito-apos-historiador-dizer-que-evangelico-nao-tem-que-votar\/#primaryimage\"},\"thumbnailUrl\":\"https:\/\/radioportoseguro.com.br\/site\/wp-content\/uploads\/2026\/02\/4229786780-eduardo-bueno.jpeg\",\"datePublished\":\"2026-02-15T06:00:38+00:00\",\"author\":{\"@id\":\"https:\/\/radioportoseguro.com.br\/site\/#\/schema\/person\/7630acdc320186f13639d3c067ec089b\"},\"breadcrumb\":{\"@id\":\"https:\/\/radioportoseguro.com.br\/site\/2026\/02\/15\/policia-abre-inquerito-apos-historiador-dizer-que-evangelico-nao-tem-que-votar\/#breadcrumb\"},\"inLanguage\":\"pt-BR\",\"potentialAction\":[{\"@type\":\"ReadAction\",\"target\":[\"https:\/\/radioportoseguro.com.br\/site\/2026\/02\/15\/policia-abre-inquerito-apos-historiador-dizer-que-evangelico-nao-tem-que-votar\/\"]}]},{\"@type\":\"ImageObject\",\"inLanguage\":\"pt-BR\",\"@id\":\"https:\/\/radioportoseguro.com.br\/site\/2026\/02\/15\/policia-abre-inquerito-apos-historiador-dizer-que-evangelico-nao-tem-que-votar\/#primaryimage\",\"url\":\"https:\/\/radioportoseguro.com.br\/site\/wp-content\/uploads\/2026\/02\/4229786780-eduardo-bueno.jpeg\",\"contentUrl\":\"https:\/\/radioportoseguro.com.br\/site\/wp-content\/uploads\/2026\/02\/4229786780-eduardo-bueno.jpeg\",\"width\":1200,\"height\":600},{\"@type\":\"BreadcrumbList\",\"@id\":\"https:\/\/radioportoseguro.com.br\/site\/2026\/02\/15\/policia-abre-inquerito-apos-historiador-dizer-que-evangelico-nao-tem-que-votar\/#breadcrumb\",\"itemListElement\":[{\"@type\":\"ListItem\",\"position\":1,\"name\":\"In\u00edcio\",\"item\":\"https:\/\/radioportoseguro.com.br\/site\/\"},{\"@type\":\"ListItem\",\"position\":2,\"name\":\"Pol\u00edcia abre inqu\u00e9rito ap\u00f3s historiador dizer que \u2018evang\u00e9lico n\u00e3o tem que votar\u2019\"}]},{\"@type\":\"WebSite\",\"@id\":\"https:\/\/radioportoseguro.com.br\/site\/#website\",\"url\":\"https:\/\/radioportoseguro.com.br\/site\/\",\"name\":\"R\u00e1dio Porto Seguro\",\"description\":\"\",\"potentialAction\":[{\"@type\":\"SearchAction\",\"target\":{\"@type\":\"EntryPoint\",\"urlTemplate\":\"https:\/\/radioportoseguro.com.br\/site\/?s={search_term_string}\"},\"query-input\":{\"@type\":\"PropertyValueSpecification\",\"valueRequired\":true,\"valueName\":\"search_term_string\"}}],\"inLanguage\":\"pt-BR\"},{\"@type\":\"Person\",\"@id\":\"https:\/\/radioportoseguro.com.br\/site\/#\/schema\/person\/7630acdc320186f13639d3c067ec089b\",\"name\":\"admin\",\"image\":{\"@type\":\"ImageObject\",\"inLanguage\":\"pt-BR\",\"@id\":\"https:\/\/radioportoseguro.com.br\/site\/#\/schema\/person\/image\/\",\"url\":\"https:\/\/secure.gravatar.com\/avatar\/caacf4dc1eedb68fab0df8e1ed46c448e578b2466351bbcb61e47d2ac0caaef0?s=96&d=mm&r=g\",\"contentUrl\":\"https:\/\/secure.gravatar.com\/avatar\/caacf4dc1eedb68fab0df8e1ed46c448e578b2466351bbcb61e47d2ac0caaef0?s=96&d=mm&r=g\",\"caption\":\"admin\"},\"sameAs\":[\"https:\/\/radioportoseguro.com.br\/site\"],\"url\":\"https:\/\/radioportoseguro.com.br\/site\/author\/hezio\/\"}]}<\/script>\n<!-- \/ Yoast SEO plugin. -->","yoast_head_json":{"title":"Pol\u00edcia abre inqu\u00e9rito ap\u00f3s historiador dizer que \u2018evang\u00e9lico n\u00e3o tem que votar\u2019 - R\u00e1dio Porto Seguro","robots":{"index":"index","follow":"follow","max-snippet":"max-snippet:-1","max-image-preview":"max-image-preview:large","max-video-preview":"max-video-preview:-1"},"canonical":"https:\/\/radioportoseguro.com.br\/site\/2026\/02\/15\/policia-abre-inquerito-apos-historiador-dizer-que-evangelico-nao-tem-que-votar\/","og_locale":"pt_BR","og_type":"article","og_title":"Pol\u00edcia abre inqu\u00e9rito ap\u00f3s historiador dizer que \u2018evang\u00e9lico n\u00e3o tem que votar\u2019 - R\u00e1dio Porto Seguro","og_description":"A Pol\u00edcia Civil instaurou um inqu\u00e9rito para investigar o escritor e historiador Eduardo Bueno, conhecido como Peninha, ap\u00f3s ele afirmar que \u201cevang\u00e9lico n\u00e3o tem que votar\u201d. A declara\u00e7\u00e3o foi feita por Eduardo em v\u00eddeo compartilhado em janeiro em seu canal no YouTube, onde zombava do incidente onde um raio caiu em uma manifesta\u00e7\u00e3o do deputado [&hellip;]","og_url":"https:\/\/radioportoseguro.com.br\/site\/2026\/02\/15\/policia-abre-inquerito-apos-historiador-dizer-que-evangelico-nao-tem-que-votar\/","og_site_name":"R\u00e1dio Porto Seguro","article_published_time":"2026-02-15T06:00:38+00:00","og_image":[{"url":"https:\/\/media.guiame.com.br\/archives\/2026\/02\/12\/4229786780-eduardo-bueno.jpeg","type":"","width":"","height":""}],"author":"admin","twitter_card":"summary_large_image","twitter_misc":{"Escrito por":"admin","Est. tempo de leitura":"2 minutos"},"schema":{"@context":"https:\/\/schema.org","@graph":[{"@type":"Article","@id":"https:\/\/radioportoseguro.com.br\/site\/2026\/02\/15\/policia-abre-inquerito-apos-historiador-dizer-que-evangelico-nao-tem-que-votar\/#article","isPartOf":{"@id":"https:\/\/radioportoseguro.com.br\/site\/2026\/02\/15\/policia-abre-inquerito-apos-historiador-dizer-que-evangelico-nao-tem-que-votar\/"},"author":{"name":"admin","@id":"https:\/\/radioportoseguro.com.br\/site\/#\/schema\/person\/7630acdc320186f13639d3c067ec089b"},"headline":"Pol\u00edcia abre inqu\u00e9rito ap\u00f3s historiador dizer que \u2018evang\u00e9lico n\u00e3o tem que votar\u2019","datePublished":"2026-02-15T06:00:38+00:00","mainEntityOfPage":{"@id":"https:\/\/radioportoseguro.com.br\/site\/2026\/02\/15\/policia-abre-inquerito-apos-historiador-dizer-que-evangelico-nao-tem-que-votar\/"},"wordCount":329,"image":{"@id":"https:\/\/radioportoseguro.com.br\/site\/2026\/02\/15\/policia-abre-inquerito-apos-historiador-dizer-que-evangelico-nao-tem-que-votar\/#primaryimage"},"thumbnailUrl":"https:\/\/radioportoseguro.com.br\/site\/wp-content\/uploads\/2026\/02\/4229786780-eduardo-bueno.jpeg","articleSection":["Destaques"],"inLanguage":"pt-BR"},{"@type":"WebPage","@id":"https:\/\/radioportoseguro.com.br\/site\/2026\/02\/15\/policia-abre-inquerito-apos-historiador-dizer-que-evangelico-nao-tem-que-votar\/","url":"https:\/\/radioportoseguro.com.br\/site\/2026\/02\/15\/policia-abre-inquerito-apos-historiador-dizer-que-evangelico-nao-tem-que-votar\/","name":"Pol\u00edcia abre inqu\u00e9rito ap\u00f3s historiador dizer que \u2018evang\u00e9lico n\u00e3o tem que votar\u2019 - R\u00e1dio Porto Seguro","isPartOf":{"@id":"https:\/\/radioportoseguro.com.br\/site\/#website"},"primaryImageOfPage":{"@id":"https:\/\/radioportoseguro.com.br\/site\/2026\/02\/15\/policia-abre-inquerito-apos-historiador-dizer-que-evangelico-nao-tem-que-votar\/#primaryimage"},"image":{"@id":"https:\/\/radioportoseguro.com.br\/site\/2026\/02\/15\/policia-abre-inquerito-apos-historiador-dizer-que-evangelico-nao-tem-que-votar\/#primaryimage"},"thumbnailUrl":"https:\/\/radioportoseguro.com.br\/site\/wp-content\/uploads\/2026\/02\/4229786780-eduardo-bueno.jpeg","datePublished":"2026-02-15T06:00:38+00:00","author":{"@id":"https:\/\/radioportoseguro.com.br\/site\/#\/schema\/person\/7630acdc320186f13639d3c067ec089b"},"breadcrumb":{"@id":"https:\/\/radioportoseguro.com.br\/site\/2026\/02\/15\/policia-abre-inquerito-apos-historiador-dizer-que-evangelico-nao-tem-que-votar\/#breadcrumb"},"inLanguage":"pt-BR","potentialAction":[{"@type":"ReadAction","target":["https:\/\/radioportoseguro.com.br\/site\/2026\/02\/15\/policia-abre-inquerito-apos-historiador-dizer-que-evangelico-nao-tem-que-votar\/"]}]},{"@type":"ImageObject","inLanguage":"pt-BR","@id":"https:\/\/radioportoseguro.com.br\/site\/2026\/02\/15\/policia-abre-inquerito-apos-historiador-dizer-que-evangelico-nao-tem-que-votar\/#primaryimage","url":"https:\/\/radioportoseguro.com.br\/site\/wp-content\/uploads\/2026\/02\/4229786780-eduardo-bueno.jpeg","contentUrl":"https:\/\/radioportoseguro.com.br\/site\/wp-content\/uploads\/2026\/02\/4229786780-eduardo-bueno.jpeg","width":1200,"height":600},{"@type":"BreadcrumbList","@id":"https:\/\/radioportoseguro.com.br\/site\/2026\/02\/15\/policia-abre-inquerito-apos-historiador-dizer-que-evangelico-nao-tem-que-votar\/#breadcrumb","itemListElement":[{"@type":"ListItem","position":1,"name":"In\u00edcio","item":"https:\/\/radioportoseguro.com.br\/site\/"},{"@type":"ListItem","position":2,"name":"Pol\u00edcia abre inqu\u00e9rito ap\u00f3s historiador dizer que \u2018evang\u00e9lico n\u00e3o tem que votar\u2019"}]},{"@type":"WebSite","@id":"https:\/\/radioportoseguro.com.br\/site\/#website","url":"https:\/\/radioportoseguro.com.br\/site\/","name":"R\u00e1dio Porto Seguro","description":"","potentialAction":[{"@type":"SearchAction","target":{"@type":"EntryPoint","urlTemplate":"https:\/\/radioportoseguro.com.br\/site\/?s={search_term_string}"},"query-input":{"@type":"PropertyValueSpecification","valueRequired":true,"valueName":"search_term_string"}}],"inLanguage":"pt-BR"},{"@type":"Person","@id":"https:\/\/radioportoseguro.com.br\/site\/#\/schema\/person\/7630acdc320186f13639d3c067ec089b","name":"admin","image":{"@type":"ImageObject","inLanguage":"pt-BR","@id":"https:\/\/radioportoseguro.com.br\/site\/#\/schema\/person\/image\/","url":"https:\/\/secure.gravatar.com\/avatar\/caacf4dc1eedb68fab0df8e1ed46c448e578b2466351bbcb61e47d2ac0caaef0?s=96&d=mm&r=g","contentUrl":"https:\/\/secure.gravatar.com\/avatar\/caacf4dc1eedb68fab0df8e1ed46c448e578b2466351bbcb61e47d2ac0caaef0?s=96&d=mm&r=g","caption":"admin"},"sameAs":["https:\/\/radioportoseguro.com.br\/site"],"url":"https:\/\/radioportoseguro.com.br\/site\/author\/hezio\/"}]}},"_links":{"self":[{"href":"https:\/\/radioportoseguro.com.br\/site\/wp-json\/wp\/v2\/posts\/4093","targetHints":{"allow":["GET"]}}],"collection":[{"href":"https:\/\/radioportoseguro.com.br\/site\/wp-json\/wp\/v2\/posts"}],"about":[{"href":"https:\/\/radioportoseguro.com.br\/site\/wp-json\/wp\/v2\/types\/post"}],"author":[{"embeddable":true,"href":"https:\/\/radioportoseguro.com.br\/site\/wp-json\/wp\/v2\/users\/1"}],"replies":[{"embeddable":true,"href":"https:\/\/radioportoseguro.com.br\/site\/wp-json\/wp\/v2\/comments?post=4093"}],"version-history":[{"count":0,"href":"https:\/\/radioportoseguro.com.br\/site\/wp-json\/wp\/v2\/posts\/4093\/revisions"}],"wp:featuredmedia":[{"embeddable":true,"href":"https:\/\/radioportoseguro.com.br\/site\/wp-json\/wp\/v2\/media\/4094"}],"wp:attachment":[{"href":"https:\/\/radioportoseguro.com.br\/site\/wp-json\/wp\/v2\/media?parent=4093"}],"wp:term":[{"taxonomy":"category","embeddable":true,"href":"https:\/\/radioportoseguro.com.br\/site\/wp-json\/wp\/v2\/categories?post=4093"},{"taxonomy":"post_tag","embeddable":true,"href":"https:\/\/radioportoseguro.com.br\/site\/wp-json\/wp\/v2\/tags?post=4093"}],"curies":[{"name":"wp","href":"https:\/\/api.w.org\/{rel}","templated":true}]}}