{"id":4095,"date":"2026-02-15T05:01:39","date_gmt":"2026-02-15T08:01:39","guid":{"rendered":"https:\/\/radioportoseguro.com.br\/site\/2026\/02\/15\/ex-mestre-sala-que-se-converteu-alerta-os-portais-do-inferno-se-abrem-no-carnaval\/"},"modified":"2026-02-15T05:01:39","modified_gmt":"2026-02-15T08:01:39","slug":"ex-mestre-sala-que-se-converteu-alerta-os-portais-do-inferno-se-abrem-no-carnaval","status":"publish","type":"post","link":"https:\/\/radioportoseguro.com.br\/site\/2026\/02\/15\/ex-mestre-sala-que-se-converteu-alerta-os-portais-do-inferno-se-abrem-no-carnaval\/","title":{"rendered":"Ex-mestre sala que se converteu alerta: &#8220;Os portais do inferno se abrem no Carnaval\u201d"},"content":{"rendered":"<p><br \/>\n<br \/><\/p>\n<div>\n<p><span style=\"font-weight: 400;\">O pastor William Louren\u00e7o Braga, ex-mestre sala da escola de samba Mangueira, testemunhou como foi resgatado por Jesus no meio da Sapuca\u00ed.<\/span><\/p>\n<p><span style=\"font-weight: 400;\">Durante participa\u00e7\u00e3o em uma livre da ex-cantora de ax\u00e9 Carla Wintor, ele contou que foi criado por uma fam\u00edlia envolvida na feiti\u00e7aria e foi consagrado a mais de 40 dem\u00f4nios, no Rio de Janeiro.<\/span><\/p>\n<p><span style=\"font-weight: 400;\">Na vida adulta, William se tornou um famoso mestre-sala da Mangueira e viajou para diversos pa\u00edses para se apresentar.<\/span><\/p>\n<p><strong>\u201cNegue a si mesmo\u201d<\/strong><\/p>\n<p><span style=\"font-weight: 400;\">Mas Deus come\u00e7ou a cham\u00e1-lo. Certa vez, enquanto recebia coca\u00edna de um amigo traficante em uma favela no Rio, a pol\u00edcia chegou e ele acabou se escondendo dentro da casa de um crist\u00e3o.<\/span><\/p>\n<p><span style=\"font-weight: 400;\">Na ocasi\u00e3o, ele se deparou com uma B\u00edblia aberta em Marcos 8:34, onde leu: \u201cSe algu\u00e9m quiser acompanhar-me, negue-se a si mesmo, tome a sua cruz e siga-me\u201d.<\/span><\/p>\n<p><span style=\"font-weight: 400;\">O carnavalesco foi impactado pela Palavra de Deus, mas n\u00e3o desejou largar sua vida mundana.\u00a0<\/span><\/p>\n<p><span style=\"font-weight: 400;\">\u201cNaquela hora, me passou um filme na minha mente, lembrei das viagens internacionais, h\u00f3teis cinco estrelas, do dinheiro, da fama. Minha mente ficava entre Jesus e o dinheiro\u201d, revelou.<\/span><\/p>\n<p><span style=\"font-weight: 400;\">William se tornou viciado e alco\u00f3latra, e ainda se envolveu com o tr\u00e1fico de drogas. Mais tarde, ele\u00a0 passou por v\u00e1rios livramentos de morte e decidiu sair das religi\u00f5es ocultistas que seguia.\u00a0<\/span><\/p>\n<p><span style=\"font-weight: 400;\">Um dem\u00f4nio que ele mantinha contato o amea\u00e7ou, afirmando que se ele quebrasse o pacto iria mat\u00e1-lo.<\/span><\/p>\n<p><strong>Encontro sobrenatural no desfile<\/strong><\/p>\n<p><span style=\"font-weight: 400;\">Na mesma \u00e9poca, em 1990, o mestre-sala participou de seu \u00faltimo Carnaval e, no meio do desfile na Marqu\u00eas de Sapuca\u00ed, ele teve um encontro com Jesus.<\/span><\/p>\n<p><span style=\"font-weight: 400;\">\u201cQuando eu entrei na concentra\u00e7\u00e3o da Mangueira, eu senti uma m\u00e3o que me abra\u00e7ava, olhei para o lado e n\u00e3o vi ningu\u00e9m. Uma m\u00e3o muito gelada, eu entendi que era a m\u00e3o da morte. Quando eu ia correr, eu senti uma outra m\u00e3o e ouvi uma voz: \u2018Meu servo, n\u00e3o temas que eu sou contigo\u2019\u201d, relatou.<\/span><\/p>\n<p><span style=\"font-weight: 400;\">Enquanto dan\u00e7ava durante o desfile, William teve a vis\u00e3o de um luz sobrenatural e ouviu um louvor.<\/span><\/p>\n<p><span style=\"font-weight: 400;\">\u201cN\u00e3o era a alegria do samba, do Carnaval, era a alegria de Deus que estava me invadindo. Senti a gra\u00e7a e o poder de Deus, era como se Ele dissesse: \u2018Voc\u00ea se acha o tal na Sapuca\u00ed, mas vou te mostrar o que \u00e9 alegria\u2019\u201d, testemunhou ele.<\/span><\/p>\n<p><span style=\"font-weight: 400;\">Ap\u00f3s a experi\u00eancia, o carnavalesco foi transformado e liberto por Cristo e, mais tarde, se tornou pastor.\u00a0<\/span><\/p>\n<p><strong>Fechando brechas<\/strong><\/p>\n<p><span style=\"font-weight: 400;\">Hoje, ele tamb\u00e9m atua como capel\u00e3o e te\u00f3logo, e tem alertado sobre a realidade espiritual do Carnaval.<\/span><\/p>\n<p><span style=\"font-weight: 400;\">\u201cSexta-feira come\u00e7a o carnaval e os portais do inferno se abrem\u201d, ressaltou o ex-mestre sala.<\/span><\/p>\n<p><span style=\"font-weight: 400;\">\u201cO advers\u00e1rio est\u00e1 ao redor, se a gente der brecha, ele vai entrar. Por isso, tem que fechar as brechas nesses dias de carnaval\u201d.<\/span><\/p>\n<p><span style=\"font-weight: 400;\">E criticou: \u201cTem crente que gosta de carnaval e vai ficar na frente da televis\u00e3o abrindo a sua casa para dem\u00f4nio\u201d.<\/span><\/p>\n<p><span style=\"font-weight: 400;\">O pastor garantiu que a verdadeira alegria s\u00f3 \u00e9 encontrada em Cristo. \u201cA verdade me libertou. Vivi uma falsa alegria. Carnaval \u00e9 o amor de tr\u00eas dias, passou tr\u00eas dias, a alegria passou\u201d, declarou.<\/span><\/p>\n<blockquote class=\"instagram-media\" style=\"background: #FFF; border: 0; border-radius: 3px; box-shadow: 0 0 1px 0 rgba(0,0,0,0.5),0 1px 10px 0 rgba(0,0,0,0.15); margin: 1px; max-width: 540px; min-width: 326px; padding: 0; width: calc(100% - 2px);\" data-instgrm-captioned=\"\" data-instgrm-permalink=\"https:\/\/www.instagram.com\/reel\/DUq0zmoEYXl\/?utm_source=ig_embed&amp;utm_campaign=loading\" data-instgrm-version=\"14\"><p>&#13;<br \/>\n&#13;\n<\/p><\/blockquote>\n<\/div>\n<p><script async src=\"\/\/www.instagram.com\/embed.js\"><\/script><br \/>\n<br \/><br \/>\n<br \/>Fonte: Guiame <\/p>\n","protected":false},"excerpt":{"rendered":"<p>O pastor William Louren\u00e7o Braga, ex-mestre sala da escola de samba Mangueira, testemunhou como foi resgatado por Jesus no meio da Sapuca\u00ed. Durante participa\u00e7\u00e3o em uma livre da ex-cantora de ax\u00e9 Carla Wintor, ele contou que foi criado por uma fam\u00edlia envolvida na feiti\u00e7aria e foi consagrado a mais de 40 dem\u00f4nios, no Rio de [&hellip;]<\/p>\n","protected":false},"author":1,"featured_media":4096,"comment_status":"","ping_status":"open","sticky":false,"template":"","format":"standard","meta":{"footnotes":""},"categories":[43],"tags":[],"class_list":["post-4095","post","type-post","status-publish","format-standard","has-post-thumbnail","hentry","category-destaques"],"yoast_head":"<!-- This site is optimized with the Yoast SEO plugin v26.8 - https:\/\/yoast.com\/product\/yoast-seo-wordpress\/ -->\n<title>Ex-mestre sala que se converteu alerta: &quot;Os portais do inferno se abrem no Carnaval\u201d - R\u00e1dio Porto Seguro<\/title>\n<meta name=\"robots\" content=\"index, follow, max-snippet:-1, max-image-preview:large, max-video-preview:-1\" \/>\n<link rel=\"canonical\" href=\"https:\/\/radioportoseguro.com.br\/site\/2026\/02\/15\/ex-mestre-sala-que-se-converteu-alerta-os-portais-do-inferno-se-abrem-no-carnaval\/\" \/>\n<meta property=\"og:locale\" content=\"pt_BR\" \/>\n<meta property=\"og:type\" content=\"article\" \/>\n<meta property=\"og:title\" content=\"Ex-mestre sala que se converteu alerta: &quot;Os portais do inferno se abrem no Carnaval\u201d - R\u00e1dio Porto Seguro\" \/>\n<meta property=\"og:description\" content=\"O pastor William Louren\u00e7o Braga, ex-mestre sala da escola de samba Mangueira, testemunhou como foi resgatado por Jesus no meio da Sapuca\u00ed. Durante participa\u00e7\u00e3o em uma livre da ex-cantora de ax\u00e9 Carla Wintor, ele contou que foi criado por uma fam\u00edlia envolvida na feiti\u00e7aria e foi consagrado a mais de 40 dem\u00f4nios, no Rio de [&hellip;]\" \/>\n<meta property=\"og:url\" content=\"https:\/\/radioportoseguro.com.br\/site\/2026\/02\/15\/ex-mestre-sala-que-se-converteu-alerta-os-portais-do-inferno-se-abrem-no-carnaval\/\" \/>\n<meta property=\"og:site_name\" content=\"R\u00e1dio Porto Seguro\" \/>\n<meta property=\"article:published_time\" content=\"2026-02-15T08:01:39+00:00\" \/>\n<meta property=\"og:image\" content=\"https:\/\/media.guiame.com.br\/archives\/2026\/02\/13\/3204577601-william-braga.JPG\" \/>\n<meta name=\"author\" content=\"admin\" \/>\n<meta name=\"twitter:card\" content=\"summary_large_image\" \/>\n<meta name=\"twitter:label1\" content=\"Escrito por\" \/>\n\t<meta name=\"twitter:data1\" content=\"admin\" \/>\n\t<meta name=\"twitter:label2\" content=\"Est. tempo de leitura\" \/>\n\t<meta name=\"twitter:data2\" content=\"3 minutos\" \/>\n<script type=\"application\/ld+json\" class=\"yoast-schema-graph\">{\"@context\":\"https:\/\/schema.org\",\"@graph\":[{\"@type\":\"Article\",\"@id\":\"https:\/\/radioportoseguro.com.br\/site\/2026\/02\/15\/ex-mestre-sala-que-se-converteu-alerta-os-portais-do-inferno-se-abrem-no-carnaval\/#article\",\"isPartOf\":{\"@id\":\"https:\/\/radioportoseguro.com.br\/site\/2026\/02\/15\/ex-mestre-sala-que-se-converteu-alerta-os-portais-do-inferno-se-abrem-no-carnaval\/\"},\"author\":{\"name\":\"admin\",\"@id\":\"https:\/\/radioportoseguro.com.br\/site\/#\/schema\/person\/7630acdc320186f13639d3c067ec089b\"},\"headline\":\"Ex-mestre sala que se converteu alerta: &#8220;Os portais do inferno se abrem no Carnaval\u201d\",\"datePublished\":\"2026-02-15T08:01:39+00:00\",\"mainEntityOfPage\":{\"@id\":\"https:\/\/radioportoseguro.com.br\/site\/2026\/02\/15\/ex-mestre-sala-que-se-converteu-alerta-os-portais-do-inferno-se-abrem-no-carnaval\/\"},\"wordCount\":574,\"image\":{\"@id\":\"https:\/\/radioportoseguro.com.br\/site\/2026\/02\/15\/ex-mestre-sala-que-se-converteu-alerta-os-portais-do-inferno-se-abrem-no-carnaval\/#primaryimage\"},\"thumbnailUrl\":\"https:\/\/radioportoseguro.com.br\/site\/wp-content\/uploads\/2026\/02\/3204577601-william-braga.JPG\",\"articleSection\":[\"Destaques\"],\"inLanguage\":\"pt-BR\"},{\"@type\":\"WebPage\",\"@id\":\"https:\/\/radioportoseguro.com.br\/site\/2026\/02\/15\/ex-mestre-sala-que-se-converteu-alerta-os-portais-do-inferno-se-abrem-no-carnaval\/\",\"url\":\"https:\/\/radioportoseguro.com.br\/site\/2026\/02\/15\/ex-mestre-sala-que-se-converteu-alerta-os-portais-do-inferno-se-abrem-no-carnaval\/\",\"name\":\"Ex-mestre sala que se converteu alerta: \\\"Os portais do inferno se abrem no Carnaval\u201d - R\u00e1dio Porto Seguro\",\"isPartOf\":{\"@id\":\"https:\/\/radioportoseguro.com.br\/site\/#website\"},\"primaryImageOfPage\":{\"@id\":\"https:\/\/radioportoseguro.com.br\/site\/2026\/02\/15\/ex-mestre-sala-que-se-converteu-alerta-os-portais-do-inferno-se-abrem-no-carnaval\/#primaryimage\"},\"image\":{\"@id\":\"https:\/\/radioportoseguro.com.br\/site\/2026\/02\/15\/ex-mestre-sala-que-se-converteu-alerta-os-portais-do-inferno-se-abrem-no-carnaval\/#primaryimage\"},\"thumbnailUrl\":\"https:\/\/radioportoseguro.com.br\/site\/wp-content\/uploads\/2026\/02\/3204577601-william-braga.JPG\",\"datePublished\":\"2026-02-15T08:01:39+00:00\",\"author\":{\"@id\":\"https:\/\/radioportoseguro.com.br\/site\/#\/schema\/person\/7630acdc320186f13639d3c067ec089b\"},\"breadcrumb\":{\"@id\":\"https:\/\/radioportoseguro.com.br\/site\/2026\/02\/15\/ex-mestre-sala-que-se-converteu-alerta-os-portais-do-inferno-se-abrem-no-carnaval\/#breadcrumb\"},\"inLanguage\":\"pt-BR\",\"potentialAction\":[{\"@type\":\"ReadAction\",\"target\":[\"https:\/\/radioportoseguro.com.br\/site\/2026\/02\/15\/ex-mestre-sala-que-se-converteu-alerta-os-portais-do-inferno-se-abrem-no-carnaval\/\"]}]},{\"@type\":\"ImageObject\",\"inLanguage\":\"pt-BR\",\"@id\":\"https:\/\/radioportoseguro.com.br\/site\/2026\/02\/15\/ex-mestre-sala-que-se-converteu-alerta-os-portais-do-inferno-se-abrem-no-carnaval\/#primaryimage\",\"url\":\"https:\/\/radioportoseguro.com.br\/site\/wp-content\/uploads\/2026\/02\/3204577601-william-braga.JPG\",\"contentUrl\":\"https:\/\/radioportoseguro.com.br\/site\/wp-content\/uploads\/2026\/02\/3204577601-william-braga.JPG\",\"width\":1200,\"height\":600},{\"@type\":\"BreadcrumbList\",\"@id\":\"https:\/\/radioportoseguro.com.br\/site\/2026\/02\/15\/ex-mestre-sala-que-se-converteu-alerta-os-portais-do-inferno-se-abrem-no-carnaval\/#breadcrumb\",\"itemListElement\":[{\"@type\":\"ListItem\",\"position\":1,\"name\":\"In\u00edcio\",\"item\":\"https:\/\/radioportoseguro.com.br\/site\/\"},{\"@type\":\"ListItem\",\"position\":2,\"name\":\"Ex-mestre sala que se converteu alerta: &#8220;Os portais do inferno se abrem no Carnaval\u201d\"}]},{\"@type\":\"WebSite\",\"@id\":\"https:\/\/radioportoseguro.com.br\/site\/#website\",\"url\":\"https:\/\/radioportoseguro.com.br\/site\/\",\"name\":\"R\u00e1dio Porto Seguro\",\"description\":\"\",\"potentialAction\":[{\"@type\":\"SearchAction\",\"target\":{\"@type\":\"EntryPoint\",\"urlTemplate\":\"https:\/\/radioportoseguro.com.br\/site\/?s={search_term_string}\"},\"query-input\":{\"@type\":\"PropertyValueSpecification\",\"valueRequired\":true,\"valueName\":\"search_term_string\"}}],\"inLanguage\":\"pt-BR\"},{\"@type\":\"Person\",\"@id\":\"https:\/\/radioportoseguro.com.br\/site\/#\/schema\/person\/7630acdc320186f13639d3c067ec089b\",\"name\":\"admin\",\"image\":{\"@type\":\"ImageObject\",\"inLanguage\":\"pt-BR\",\"@id\":\"https:\/\/radioportoseguro.com.br\/site\/#\/schema\/person\/image\/\",\"url\":\"https:\/\/secure.gravatar.com\/avatar\/caacf4dc1eedb68fab0df8e1ed46c448e578b2466351bbcb61e47d2ac0caaef0?s=96&d=mm&r=g\",\"contentUrl\":\"https:\/\/secure.gravatar.com\/avatar\/caacf4dc1eedb68fab0df8e1ed46c448e578b2466351bbcb61e47d2ac0caaef0?s=96&d=mm&r=g\",\"caption\":\"admin\"},\"sameAs\":[\"https:\/\/radioportoseguro.com.br\/site\"],\"url\":\"https:\/\/radioportoseguro.com.br\/site\/author\/hezio\/\"}]}<\/script>\n<!-- \/ Yoast SEO plugin. -->","yoast_head_json":{"title":"Ex-mestre sala que se converteu alerta: \"Os portais do inferno se abrem no Carnaval\u201d - R\u00e1dio Porto Seguro","robots":{"index":"index","follow":"follow","max-snippet":"max-snippet:-1","max-image-preview":"max-image-preview:large","max-video-preview":"max-video-preview:-1"},"canonical":"https:\/\/radioportoseguro.com.br\/site\/2026\/02\/15\/ex-mestre-sala-que-se-converteu-alerta-os-portais-do-inferno-se-abrem-no-carnaval\/","og_locale":"pt_BR","og_type":"article","og_title":"Ex-mestre sala que se converteu alerta: \"Os portais do inferno se abrem no Carnaval\u201d - R\u00e1dio Porto Seguro","og_description":"O pastor William Louren\u00e7o Braga, ex-mestre sala da escola de samba Mangueira, testemunhou como foi resgatado por Jesus no meio da Sapuca\u00ed. Durante participa\u00e7\u00e3o em uma livre da ex-cantora de ax\u00e9 Carla Wintor, ele contou que foi criado por uma fam\u00edlia envolvida na feiti\u00e7aria e foi consagrado a mais de 40 dem\u00f4nios, no Rio de [&hellip;]","og_url":"https:\/\/radioportoseguro.com.br\/site\/2026\/02\/15\/ex-mestre-sala-que-se-converteu-alerta-os-portais-do-inferno-se-abrem-no-carnaval\/","og_site_name":"R\u00e1dio Porto Seguro","article_published_time":"2026-02-15T08:01:39+00:00","og_image":[{"url":"https:\/\/media.guiame.com.br\/archives\/2026\/02\/13\/3204577601-william-braga.JPG","type":"","width":"","height":""}],"author":"admin","twitter_card":"summary_large_image","twitter_misc":{"Escrito por":"admin","Est. tempo de leitura":"3 minutos"},"schema":{"@context":"https:\/\/schema.org","@graph":[{"@type":"Article","@id":"https:\/\/radioportoseguro.com.br\/site\/2026\/02\/15\/ex-mestre-sala-que-se-converteu-alerta-os-portais-do-inferno-se-abrem-no-carnaval\/#article","isPartOf":{"@id":"https:\/\/radioportoseguro.com.br\/site\/2026\/02\/15\/ex-mestre-sala-que-se-converteu-alerta-os-portais-do-inferno-se-abrem-no-carnaval\/"},"author":{"name":"admin","@id":"https:\/\/radioportoseguro.com.br\/site\/#\/schema\/person\/7630acdc320186f13639d3c067ec089b"},"headline":"Ex-mestre sala que se converteu alerta: &#8220;Os portais do inferno se abrem no Carnaval\u201d","datePublished":"2026-02-15T08:01:39+00:00","mainEntityOfPage":{"@id":"https:\/\/radioportoseguro.com.br\/site\/2026\/02\/15\/ex-mestre-sala-que-se-converteu-alerta-os-portais-do-inferno-se-abrem-no-carnaval\/"},"wordCount":574,"image":{"@id":"https:\/\/radioportoseguro.com.br\/site\/2026\/02\/15\/ex-mestre-sala-que-se-converteu-alerta-os-portais-do-inferno-se-abrem-no-carnaval\/#primaryimage"},"thumbnailUrl":"https:\/\/radioportoseguro.com.br\/site\/wp-content\/uploads\/2026\/02\/3204577601-william-braga.JPG","articleSection":["Destaques"],"inLanguage":"pt-BR"},{"@type":"WebPage","@id":"https:\/\/radioportoseguro.com.br\/site\/2026\/02\/15\/ex-mestre-sala-que-se-converteu-alerta-os-portais-do-inferno-se-abrem-no-carnaval\/","url":"https:\/\/radioportoseguro.com.br\/site\/2026\/02\/15\/ex-mestre-sala-que-se-converteu-alerta-os-portais-do-inferno-se-abrem-no-carnaval\/","name":"Ex-mestre sala que se converteu alerta: \"Os portais do inferno se abrem no Carnaval\u201d - R\u00e1dio Porto Seguro","isPartOf":{"@id":"https:\/\/radioportoseguro.com.br\/site\/#website"},"primaryImageOfPage":{"@id":"https:\/\/radioportoseguro.com.br\/site\/2026\/02\/15\/ex-mestre-sala-que-se-converteu-alerta-os-portais-do-inferno-se-abrem-no-carnaval\/#primaryimage"},"image":{"@id":"https:\/\/radioportoseguro.com.br\/site\/2026\/02\/15\/ex-mestre-sala-que-se-converteu-alerta-os-portais-do-inferno-se-abrem-no-carnaval\/#primaryimage"},"thumbnailUrl":"https:\/\/radioportoseguro.com.br\/site\/wp-content\/uploads\/2026\/02\/3204577601-william-braga.JPG","datePublished":"2026-02-15T08:01:39+00:00","author":{"@id":"https:\/\/radioportoseguro.com.br\/site\/#\/schema\/person\/7630acdc320186f13639d3c067ec089b"},"breadcrumb":{"@id":"https:\/\/radioportoseguro.com.br\/site\/2026\/02\/15\/ex-mestre-sala-que-se-converteu-alerta-os-portais-do-inferno-se-abrem-no-carnaval\/#breadcrumb"},"inLanguage":"pt-BR","potentialAction":[{"@type":"ReadAction","target":["https:\/\/radioportoseguro.com.br\/site\/2026\/02\/15\/ex-mestre-sala-que-se-converteu-alerta-os-portais-do-inferno-se-abrem-no-carnaval\/"]}]},{"@type":"ImageObject","inLanguage":"pt-BR","@id":"https:\/\/radioportoseguro.com.br\/site\/2026\/02\/15\/ex-mestre-sala-que-se-converteu-alerta-os-portais-do-inferno-se-abrem-no-carnaval\/#primaryimage","url":"https:\/\/radioportoseguro.com.br\/site\/wp-content\/uploads\/2026\/02\/3204577601-william-braga.JPG","contentUrl":"https:\/\/radioportoseguro.com.br\/site\/wp-content\/uploads\/2026\/02\/3204577601-william-braga.JPG","width":1200,"height":600},{"@type":"BreadcrumbList","@id":"https:\/\/radioportoseguro.com.br\/site\/2026\/02\/15\/ex-mestre-sala-que-se-converteu-alerta-os-portais-do-inferno-se-abrem-no-carnaval\/#breadcrumb","itemListElement":[{"@type":"ListItem","position":1,"name":"In\u00edcio","item":"https:\/\/radioportoseguro.com.br\/site\/"},{"@type":"ListItem","position":2,"name":"Ex-mestre sala que se converteu alerta: &#8220;Os portais do inferno se abrem no Carnaval\u201d"}]},{"@type":"WebSite","@id":"https:\/\/radioportoseguro.com.br\/site\/#website","url":"https:\/\/radioportoseguro.com.br\/site\/","name":"R\u00e1dio Porto Seguro","description":"","potentialAction":[{"@type":"SearchAction","target":{"@type":"EntryPoint","urlTemplate":"https:\/\/radioportoseguro.com.br\/site\/?s={search_term_string}"},"query-input":{"@type":"PropertyValueSpecification","valueRequired":true,"valueName":"search_term_string"}}],"inLanguage":"pt-BR"},{"@type":"Person","@id":"https:\/\/radioportoseguro.com.br\/site\/#\/schema\/person\/7630acdc320186f13639d3c067ec089b","name":"admin","image":{"@type":"ImageObject","inLanguage":"pt-BR","@id":"https:\/\/radioportoseguro.com.br\/site\/#\/schema\/person\/image\/","url":"https:\/\/secure.gravatar.com\/avatar\/caacf4dc1eedb68fab0df8e1ed46c448e578b2466351bbcb61e47d2ac0caaef0?s=96&d=mm&r=g","contentUrl":"https:\/\/secure.gravatar.com\/avatar\/caacf4dc1eedb68fab0df8e1ed46c448e578b2466351bbcb61e47d2ac0caaef0?s=96&d=mm&r=g","caption":"admin"},"sameAs":["https:\/\/radioportoseguro.com.br\/site"],"url":"https:\/\/radioportoseguro.com.br\/site\/author\/hezio\/"}]}},"_links":{"self":[{"href":"https:\/\/radioportoseguro.com.br\/site\/wp-json\/wp\/v2\/posts\/4095","targetHints":{"allow":["GET"]}}],"collection":[{"href":"https:\/\/radioportoseguro.com.br\/site\/wp-json\/wp\/v2\/posts"}],"about":[{"href":"https:\/\/radioportoseguro.com.br\/site\/wp-json\/wp\/v2\/types\/post"}],"author":[{"embeddable":true,"href":"https:\/\/radioportoseguro.com.br\/site\/wp-json\/wp\/v2\/users\/1"}],"replies":[{"embeddable":true,"href":"https:\/\/radioportoseguro.com.br\/site\/wp-json\/wp\/v2\/comments?post=4095"}],"version-history":[{"count":0,"href":"https:\/\/radioportoseguro.com.br\/site\/wp-json\/wp\/v2\/posts\/4095\/revisions"}],"wp:featuredmedia":[{"embeddable":true,"href":"https:\/\/radioportoseguro.com.br\/site\/wp-json\/wp\/v2\/media\/4096"}],"wp:attachment":[{"href":"https:\/\/radioportoseguro.com.br\/site\/wp-json\/wp\/v2\/media?parent=4095"}],"wp:term":[{"taxonomy":"category","embeddable":true,"href":"https:\/\/radioportoseguro.com.br\/site\/wp-json\/wp\/v2\/categories?post=4095"},{"taxonomy":"post_tag","embeddable":true,"href":"https:\/\/radioportoseguro.com.br\/site\/wp-json\/wp\/v2\/tags?post=4095"}],"curies":[{"name":"wp","href":"https:\/\/api.w.org\/{rel}","templated":true}]}}